{"id":228167,"date":"2024-10-02T12:50:56","date_gmt":"2024-10-02T10:50:56","guid":{"rendered":"https:\/\/acninternational.org\/?p=228167"},"modified":"2025-08-12T10:29:40","modified_gmt":"2025-08-12T08:29:40","slug":"siria-mons-hanna-jallouf-un-pastor-cercano-a-su-rebano-diez-anos-despues-de-su-secuestro","status":"publish","type":"post","link":"https:\/\/acninternational.org\/es\/siria-mons-hanna-jallouf-un-pastor-cercano-a-su-rebano-diez-anos-despues-de-su-secuestro\/","title":{"rendered":"Siria: Mons. Hanna Jallouf, un pastor cercano a su reba\u00f1o, diez a\u00f1os despu\u00e9s de su secuestro"},"content":{"rendered":"<p><em>El franciscano Hanna Jallouf, obispo de los cat\u00f3licos latinos en Siria, conoce la situaci\u00f3n en la provincia de Idlib, el \u00faltimo basti\u00f3n de los rebeldes. Hasta su nombramiento como obispo en septiembre de 2023, trabaj\u00f3 all\u00ed como p\u00e1rroco durante 22 a\u00f1os. En un encuentro con una delegaci\u00f3n de ACN, nos habla de los retos que afrontan los cristianos que han permanecido all\u00ed.<\/em><\/p>\n<figure id=\"attachment_228119\" aria-describedby=\"caption-attachment-228119\" style=\"width: 720px\" class=\"wp-caption aligncenter\"><img loading=\"lazy\" decoding=\"async\" class=\"wp-image-228119 size-full\" src=\"https:\/\/media.acninternational.org\/wp-content\/uploads\/2024\/10\/ACN-20240311-161582.jpg\" alt=\"Obispo Hanna Jallouf\" width=\"720\" height=\"956\" srcset=\"https:\/\/media.acninternational.org\/wp-content\/uploads\/2024\/10\/ACN-20240311-161582.jpg 720w, https:\/\/media.acninternational.org\/wp-content\/uploads\/2024\/10\/ACN-20240311-161582-226x300.jpg 226w\" sizes=\"auto, (max-width: 720px) 100vw, 720px\" \/><figcaption id=\"caption-attachment-228119\" class=\"wp-caption-text\">Obispo Hanna Jallouf<\/figcaption><\/figure>\n<p>\u201cDe los aproximadamente 10.000 cristianos que viv\u00edan en la provincia de Idlib antes de la guerra, hoy s\u00f3lo quedan unos 650, principalmente personas mayores en zonas rurales\u201d, ha indicado Mons. Hanna Jallouf a una delegaci\u00f3n de ACN (Aid to the Church in Need) reunida con \u00e9l en Damasco. \u201cCuando los yihadistas tomaron el control de la zona en los primeros a\u00f1os de la guerra, la mayor\u00eda de los cristianos huyeron debido a las p\u00e9simas condiciones de vida\u201d.<\/p>\n<p>La provincia de Idlib, que hace frontera con Turqu\u00eda, estuvo habitada predominantemente por cristianos durante siglos, pero durante la guerra se convirti\u00f3 en un basti\u00f3n de los rebeldes antigubernamentales y sigue si\u00e9ndolo hasta hoy. Durante toda la guerra, que estall\u00f3 en 2011, el padre Jallouf permaneci\u00f3 junto a la poblaci\u00f3n. El 5 de octubre de 2014, este franciscano entonces p\u00e1rroco del pueblo sirio de Knayeh, provincia de Idlib, fue secuestrado junto a una veintena de feligreses<br \/>\nHoy, diez a\u00f1os despu\u00e9s, es vicario apost\u00f3lico de Alepo para los cat\u00f3licos latinos de toda Siria. \u201cProbablemente, el papa Francisco me nombr\u00f3 obispo porque conozco muy bien la situaci\u00f3n sobre el terreno\u201d, explica Mons. Jallouf, el primer nativo sirio nombrado para este cargo. \u201cComo p\u00e1rroco, estuve durante toda la guerra en contacto con los grupos rebeldes y negoci\u00e9 con ellos en repetidas ocasiones. Y sigo haci\u00e9ndolo\u201d.<\/p>\n<p>Ganarse el respeto de los rebeldes es de gran importancia en un pa\u00eds que sigue controlado por milicias islamistas en el noroeste. All\u00ed, la vida cristiana est\u00e1 fuertemente restringida. As\u00ed, seg\u00fan explica el obispo, est\u00e1 prohibido que los cristianos practiquen su religi\u00f3n fuera de las iglesias o que coloquen s\u00edmbolos cristianos como estatuas o cruces.<\/p>\n<figure id=\"attachment_228187\" aria-describedby=\"caption-attachment-228187\" style=\"width: 683px\" class=\"wp-caption aligncenter\"><img loading=\"lazy\" decoding=\"async\" class=\"wp-image-228187 size-large\" src=\"https:\/\/media.acninternational.org\/wp-content\/uploads\/2024\/10\/ACN-20190402-86272-683x1024.jpg\" alt=\"La vida cristiana en Idlib est\u00e1 gravemente restringida\" width=\"683\" height=\"1024\" srcset=\"https:\/\/media.acninternational.org\/wp-content\/uploads\/2024\/10\/ACN-20190402-86272-683x1024.jpg 683w, https:\/\/media.acninternational.org\/wp-content\/uploads\/2024\/10\/ACN-20190402-86272-200x300.jpg 200w, https:\/\/media.acninternational.org\/wp-content\/uploads\/2024\/10\/ACN-20190402-86272.jpg 720w\" sizes=\"auto, (max-width: 683px) 100vw, 683px\" \/><figcaption id=\"caption-attachment-228187\" class=\"wp-caption-text\">La vida cristiana en Idlib est\u00e1 gravemente restringida<\/figcaption><\/figure>\n<p>Con la escalada de la guerra, todos los maestros cristianos fueron apartados de sus puestos y, como consecuencia, muchas familias cristianas retiraron a sus hijos de las escuelas. \u201cAhora instruyen a sus hijos en casa, a fin de evitar toda apariencia de una asamblea escolar cristiana\u201d, explica el obispo a ACN. \u201cSin embargo, para presentarse a los ex\u00e1menes finales de acceso a la universidad, los j\u00f3venes tienen que desplazarse a otras gobernaciones, como Alepo o Hama, y el coste del transporte y el alojamiento son muy elevados, unos 3.000 d\u00f3lares por persona.\u201d<\/p>\n<p>Tambi\u00e9n en otras partes de Siria, la presencia cristiana se ve gravemente amenazada. Muchas las familias cristianas han abandonado el pa\u00eds en busca de una vida mejor en Europa, Canad\u00e1 o Australia. Trece a\u00f1os de guerra, la inflaci\u00f3n galopante y la pobreza extrema han consumido al pa\u00eds: se calcula que actualmente el 90% de la poblaci\u00f3n siria vive por debajo del umbral de la pobreza. En Alepo y Hasaka, la emigraci\u00f3n es tan masiva que, seg\u00fan una fuente local en 2050 ya no habr\u00e1 all\u00ed una comunidad cristiana que funcione como tal.<\/p>\n<p>El obispo Jallouf, en su d\u00eda un \u201csencillo p\u00e1rroco\u201d -as\u00ed se califica a s\u00ed mismo-, tambi\u00e9n quiere permanecer pr\u00f3ximo a su gente como obispo. Desde su nombramiento, una de sus prioridades consiste en visitar todas las parroquias, congregaciones e instituciones cat\u00f3licas de rito latino de todo el pa\u00eds para conocer de primera mano las necesidades locales. Mons. Jallouf est\u00e1 encantado de colaborar con ACN. Este verano, la fundaci\u00f3n pontificia internacional ha financiado campamentos de verano para m\u00e1s de 1.500 ni\u00f1os y j\u00f3venes cat\u00f3licos de rito latino y, tras el devastador terremoto de 2023 en el norte de Siria, contribuy\u00f3 a reconstruir una iglesia en Idlib y 50 casas de familias cristianas de la comunidad latina. Adem\u00e1s, ACN ha apoyado proyectos de ayuda de emergencia como el llamado \u2018Comida sobre ruedas\u2019 para personas mayores que viven solas.<\/p>\n<p><img loading=\"lazy\" decoding=\"async\" width=\"1024\" height=\"683\" class=\"wp-image-228131 size-large\" src=\"https:\/\/media.acninternational.org\/wp-content\/uploads\/2024\/10\/ACN-20240425-163579-1024x683.jpg\" alt=\"Muchas personas est\u00e1n muy agradecidas\n\u201cHan pasado diez a\u00f1os desde mi secuestro, y ahora esperamos no revivir lo que hemos vivido en los \u00faltimos a\u00f1os. \u201cPerdonamos, como nos ense\u00f1a Cristo, pero no olvidamos\u201d, explica el obispo. \u201cEn estos d\u00edas ruego a Dios por misericordia, perd\u00f3n y porque nos libere de la guerra. Tambi\u00e9n le pido que restablezca la paz, la armon\u00eda, la estabilidad y el bienestar en este pa\u00eds herido. Esperemos que, mediante la intercesi\u00f3n de la sant\u00edsima Virgen Mar\u00eda, nuestros fieles m\u00e1rtires y todos los santos, vuelva a ser una tierra de amor, respeto, perd\u00f3n y convivencia entre las diferentes comunidades y religiones\u201d.\n\n&nbsp;\n\n<\/p srcset=\"https:\/\/media.acninternational.org\/wp-content\/uploads\/2024\/10\/ACN-20240425-163579-1024x683.jpg 1024w, https:\/\/media.acninternational.org\/wp-content\/uploads\/2024\/10\/ACN-20240425-163579-300x200.jpg 300w, https:\/\/media.acninternational.org\/wp-content\/uploads\/2024\/10\/ACN-20240425-163579-768x512.jpg 768w, https:\/\/media.acninternational.org\/wp-content\/uploads\/2024\/10\/ACN-20240425-163579.jpg 1080w\" sizes=\"auto, (max-width: 1024px) 100vw, 1024px\" \/>\n","protected":false},"excerpt":{"rendered":"<p>El franciscano Hanna Jallouf, obispo de los cat\u00f3licos latinos en Siria, conoce la situaci\u00f3n en la provincia de Idlib, el<\/p>\n","protected":false},"author":4258341405,"featured_media":228118,"comment_status":"closed","ping_status":"closed","sticky":false,"template":"","format":"standard","meta":{"_acf_changed":false,"_acn_coauthor_ids":[],"footnotes":""},"categories":[760],"tags":[],"country":[390],"class_list":["post-228167","post","type-post","status-publish","format-standard","has-post-thumbnail","hentry","category-destacado","country-siria"],"acn_coauthors":[],"acf":[],"yoast_head":"<!-- This site is optimized with the Yoast SEO Premium plugin v27.3 (Yoast SEO v27.3) - https:\/\/yoast.com\/product\/yoast-seo-premium-wordpress\/ -->\n<title>Siria: Mons. Hanna Jallouf, un pastor cercano a su reba\u00f1o, diez a\u00f1os despu\u00e9s de su secuestro | ACN International<\/title>\n<meta name=\"robots\" content=\"index, follow, max-snippet:-1, max-image-preview:large, max-video-preview:-1\" \/>\n<link rel=\"canonical\" href=\"https:\/\/acninternational.org\/es\/siria-mons-hanna-jallouf-un-pastor-cercano-a-su-rebano-diez-anos-despues-de-su-secuestro\/\" \/>\n<meta property=\"og:locale\" content=\"es_ES\" \/>\n<meta property=\"og:type\" content=\"article\" \/>\n<meta property=\"og:title\" content=\"Siria: Mons. Hanna Jallouf, un pastor cercano a su reba\u00f1o, diez a\u00f1os despu\u00e9s de su secuestro\" \/>\n<meta property=\"og:description\" content=\"El franciscano Hanna Jallouf, obispo de los cat\u00f3licos latinos en Siria, conoce la situaci\u00f3n en la provincia de Idlib, el\" \/>\n<meta property=\"og:url\" content=\"https:\/\/acninternational.org\/es\/siria-mons-hanna-jallouf-un-pastor-cercano-a-su-rebano-diez-anos-despues-de-su-secuestro\/\" \/>\n<meta property=\"og:site_name\" content=\"ACN International\" \/>\n<meta property=\"article:publisher\" content=\"https:\/\/www.facebook.com\/acninternationalorg\" \/>\n<meta property=\"article:published_time\" content=\"2024-10-02T10:50:56+00:00\" \/>\n<meta property=\"article:modified_time\" content=\"2025-08-12T08:29:40+00:00\" \/>\n<meta property=\"og:image\" content=\"https:\/\/media.acninternational.org\/wp-content\/uploads\/2024\/10\/ACN-20240806-170181.jpg\" \/>\n\t<meta property=\"og:image:width\" content=\"1920\" \/>\n\t<meta property=\"og:image:height\" content=\"700\" \/>\n\t<meta property=\"og:image:type\" content=\"image\/jpeg\" \/>\n<meta name=\"author\" content=\"Sina Hartert\" \/>\n<meta name=\"twitter:card\" content=\"summary_large_image\" \/>\n<meta name=\"twitter:creator\" content=\"@acn_int\" \/>\n<meta name=\"twitter:site\" content=\"@acn_int\" \/>\n<meta name=\"twitter:label1\" content=\"Escrito por\" \/>\n\t<meta name=\"twitter:data1\" content=\"Sina Hartert\" \/>\n\t<meta name=\"twitter:label2\" content=\"Tiempo de lectura\" \/>\n\t<meta name=\"twitter:data2\" content=\"5 minutos\" \/>\n<script type=\"application\/ld+json\" class=\"yoast-schema-graph\">{\"@context\":\"https:\\\/\\\/schema.org\",\"@graph\":[{\"@type\":\"Article\",\"@id\":\"https:\\\/\\\/acninternational.org\\\/es\\\/siria-mons-hanna-jallouf-un-pastor-cercano-a-su-rebano-diez-anos-despues-de-su-secuestro\\\/#article\",\"isPartOf\":{\"@id\":\"https:\\\/\\\/acninternational.org\\\/es\\\/siria-mons-hanna-jallouf-un-pastor-cercano-a-su-rebano-diez-anos-despues-de-su-secuestro\\\/\"},\"author\":{\"name\":\"Sina Hartert\",\"@id\":\"https:\\\/\\\/acninternational.org\\\/es\\\/#\\\/schema\\\/person\\\/333738ed03abe11491094c5c30cf3133\"},\"headline\":\"Siria: Mons. Hanna Jallouf, un pastor cercano a su reba\u00f1o, diez a\u00f1os despu\u00e9s de su secuestro\",\"datePublished\":\"2024-10-02T10:50:56+00:00\",\"dateModified\":\"2025-08-12T08:29:40+00:00\",\"mainEntityOfPage\":{\"@id\":\"https:\\\/\\\/acninternational.org\\\/es\\\/siria-mons-hanna-jallouf-un-pastor-cercano-a-su-rebano-diez-anos-despues-de-su-secuestro\\\/\"},\"wordCount\":744,\"publisher\":{\"@id\":\"https:\\\/\\\/acninternational.org\\\/es\\\/#organization\"},\"image\":{\"@id\":\"https:\\\/\\\/acninternational.org\\\/es\\\/siria-mons-hanna-jallouf-un-pastor-cercano-a-su-rebano-diez-anos-despues-de-su-secuestro\\\/#primaryimage\"},\"thumbnailUrl\":\"https:\\\/\\\/media.acninternational.org\\\/wp-content\\\/uploads\\\/2024\\\/10\\\/ACN-20240806-170181.jpg\",\"articleSection\":[\"DESTACADO\"],\"inLanguage\":\"es\"},{\"@type\":\"WebPage\",\"@id\":\"https:\\\/\\\/acninternational.org\\\/es\\\/siria-mons-hanna-jallouf-un-pastor-cercano-a-su-rebano-diez-anos-despues-de-su-secuestro\\\/\",\"url\":\"https:\\\/\\\/acninternational.org\\\/es\\\/siria-mons-hanna-jallouf-un-pastor-cercano-a-su-rebano-diez-anos-despues-de-su-secuestro\\\/\",\"name\":\"Siria: Mons. Hanna Jallouf, un pastor cercano a su reba\u00f1o, diez a\u00f1os despu\u00e9s de su secuestro | ACN International\",\"isPartOf\":{\"@id\":\"https:\\\/\\\/acninternational.org\\\/es\\\/#website\"},\"primaryImageOfPage\":{\"@id\":\"https:\\\/\\\/acninternational.org\\\/es\\\/siria-mons-hanna-jallouf-un-pastor-cercano-a-su-rebano-diez-anos-despues-de-su-secuestro\\\/#primaryimage\"},\"image\":{\"@id\":\"https:\\\/\\\/acninternational.org\\\/es\\\/siria-mons-hanna-jallouf-un-pastor-cercano-a-su-rebano-diez-anos-despues-de-su-secuestro\\\/#primaryimage\"},\"thumbnailUrl\":\"https:\\\/\\\/media.acninternational.org\\\/wp-content\\\/uploads\\\/2024\\\/10\\\/ACN-20240806-170181.jpg\",\"datePublished\":\"2024-10-02T10:50:56+00:00\",\"dateModified\":\"2025-08-12T08:29:40+00:00\",\"breadcrumb\":{\"@id\":\"https:\\\/\\\/acninternational.org\\\/es\\\/siria-mons-hanna-jallouf-un-pastor-cercano-a-su-rebano-diez-anos-despues-de-su-secuestro\\\/#breadcrumb\"},\"inLanguage\":\"es\",\"potentialAction\":[{\"@type\":\"ReadAction\",\"target\":[\"https:\\\/\\\/acninternational.org\\\/es\\\/siria-mons-hanna-jallouf-un-pastor-cercano-a-su-rebano-diez-anos-despues-de-su-secuestro\\\/\"]}]},{\"@type\":\"ImageObject\",\"inLanguage\":\"es\",\"@id\":\"https:\\\/\\\/acninternational.org\\\/es\\\/siria-mons-hanna-jallouf-un-pastor-cercano-a-su-rebano-diez-anos-despues-de-su-secuestro\\\/#primaryimage\",\"url\":\"https:\\\/\\\/media.acninternational.org\\\/wp-content\\\/uploads\\\/2024\\\/10\\\/ACN-20240806-170181.jpg\",\"contentUrl\":\"https:\\\/\\\/media.acninternational.org\\\/wp-content\\\/uploads\\\/2024\\\/10\\\/ACN-20240806-170181.jpg\",\"width\":1920,\"height\":700},{\"@type\":\"BreadcrumbList\",\"@id\":\"https:\\\/\\\/acninternational.org\\\/es\\\/siria-mons-hanna-jallouf-un-pastor-cercano-a-su-rebano-diez-anos-despues-de-su-secuestro\\\/#breadcrumb\",\"itemListElement\":[{\"@type\":\"ListItem\",\"position\":1,\"name\":\"Home\",\"item\":\"https:\\\/\\\/acninternational.org\\\/es\\\/\"},{\"@type\":\"ListItem\",\"position\":2,\"name\":\"DESTACADO\",\"item\":\"https:\\\/\\\/acninternational.org\\\/es\\\/category\\\/destacado\\\/\"},{\"@type\":\"ListItem\",\"position\":3,\"name\":\"Siria: Mons. Hanna Jallouf, un pastor cercano a su reba\u00f1o, diez a\u00f1os despu\u00e9s de su secuestro\"}]},{\"@type\":\"WebSite\",\"@id\":\"https:\\\/\\\/acninternational.org\\\/es\\\/#website\",\"url\":\"https:\\\/\\\/acninternational.org\\\/es\\\/\",\"name\":\"ACN International\",\"description\":\"\",\"publisher\":{\"@id\":\"https:\\\/\\\/acninternational.org\\\/es\\\/#organization\"},\"potentialAction\":[{\"@type\":\"SearchAction\",\"target\":{\"@type\":\"EntryPoint\",\"urlTemplate\":\"https:\\\/\\\/acninternational.org\\\/es\\\/?s={search_term_string}\"},\"query-input\":{\"@type\":\"PropertyValueSpecification\",\"valueRequired\":true,\"valueName\":\"search_term_string\"}}],\"inLanguage\":\"es\"},{\"@type\":\"Organization\",\"@id\":\"https:\\\/\\\/acninternational.org\\\/es\\\/#organization\",\"name\":\"Aid to the Church in Need International\",\"url\":\"https:\\\/\\\/acninternational.org\\\/es\\\/\",\"logo\":{\"@type\":\"ImageObject\",\"inLanguage\":\"es\",\"@id\":\"https:\\\/\\\/acninternational.org\\\/es\\\/#\\\/schema\\\/logo\\\/image\\\/\",\"url\":\"https:\\\/\\\/media.acninternational.org\\\/wp-content\\\/uploads\\\/2019\\\/11\\\/acn_logo_blackvector.svg\",\"contentUrl\":\"https:\\\/\\\/media.acninternational.org\\\/wp-content\\\/uploads\\\/2019\\\/11\\\/acn_logo_blackvector.svg\",\"width\":232.6,\"height\":78,\"caption\":\"Aid to the Church in Need International\"},\"image\":{\"@id\":\"https:\\\/\\\/acninternational.org\\\/es\\\/#\\\/schema\\\/logo\\\/image\\\/\"},\"sameAs\":[\"https:\\\/\\\/www.facebook.com\\\/acninternationalorg\",\"https:\\\/\\\/x.com\\\/acn_int\",\"https:\\\/\\\/www.youtube.com\\\/channel\\\/UCQ-077gS0TnVzkhHmf1opZw\",\"https:\\\/\\\/www.instagram.com\\\/acn_international\\\/\"]},{\"@type\":\"Person\",\"@id\":\"https:\\\/\\\/acninternational.org\\\/es\\\/#\\\/schema\\\/person\\\/333738ed03abe11491094c5c30cf3133\",\"name\":\"Sina Hartert\",\"description\":\"Lorem ipsum dolor sit amet, consectetur adipiscing elit, sed do eiusmod tempor incididunt ut labore et dolore magna aliqua. Ut enim ad minim veniam, quis nostrud exercitation ullamco laboris nisi ut aliquip ex ea commodo consequat.\",\"url\":\"https:\\\/\\\/acninternational.org\\\/es\\\/author\\\/sina-hartert\\\/\"}]}<\/script>\n<!-- \/ Yoast SEO Premium plugin. -->","yoast_head_json":{"title":"Siria: Mons. Hanna Jallouf, un pastor cercano a su reba\u00f1o, diez a\u00f1os despu\u00e9s de su secuestro | ACN International","robots":{"index":"index","follow":"follow","max-snippet":"max-snippet:-1","max-image-preview":"max-image-preview:large","max-video-preview":"max-video-preview:-1"},"canonical":"https:\/\/acninternational.org\/es\/siria-mons-hanna-jallouf-un-pastor-cercano-a-su-rebano-diez-anos-despues-de-su-secuestro\/","og_locale":"es_ES","og_type":"article","og_title":"Siria: Mons. Hanna Jallouf, un pastor cercano a su reba\u00f1o, diez a\u00f1os despu\u00e9s de su secuestro","og_description":"El franciscano Hanna Jallouf, obispo de los cat\u00f3licos latinos en Siria, conoce la situaci\u00f3n en la provincia de Idlib, el","og_url":"https:\/\/acninternational.org\/es\/siria-mons-hanna-jallouf-un-pastor-cercano-a-su-rebano-diez-anos-despues-de-su-secuestro\/","og_site_name":"ACN International","article_publisher":"https:\/\/www.facebook.com\/acninternationalorg","article_published_time":"2024-10-02T10:50:56+00:00","article_modified_time":"2025-08-12T08:29:40+00:00","og_image":[{"width":1920,"height":700,"url":"https:\/\/media.acninternational.org\/wp-content\/uploads\/2024\/10\/ACN-20240806-170181.jpg","type":"image\/jpeg"}],"author":"Sina Hartert","twitter_card":"summary_large_image","twitter_creator":"@acn_int","twitter_site":"@acn_int","twitter_misc":{"Escrito por":"Sina Hartert","Tiempo de lectura":"5 minutos"},"schema":{"@context":"https:\/\/schema.org","@graph":[{"@type":"Article","@id":"https:\/\/acninternational.org\/es\/siria-mons-hanna-jallouf-un-pastor-cercano-a-su-rebano-diez-anos-despues-de-su-secuestro\/#article","isPartOf":{"@id":"https:\/\/acninternational.org\/es\/siria-mons-hanna-jallouf-un-pastor-cercano-a-su-rebano-diez-anos-despues-de-su-secuestro\/"},"author":{"name":"Sina Hartert","@id":"https:\/\/acninternational.org\/es\/#\/schema\/person\/333738ed03abe11491094c5c30cf3133"},"headline":"Siria: Mons. Hanna Jallouf, un pastor cercano a su reba\u00f1o, diez a\u00f1os despu\u00e9s de su secuestro","datePublished":"2024-10-02T10:50:56+00:00","dateModified":"2025-08-12T08:29:40+00:00","mainEntityOfPage":{"@id":"https:\/\/acninternational.org\/es\/siria-mons-hanna-jallouf-un-pastor-cercano-a-su-rebano-diez-anos-despues-de-su-secuestro\/"},"wordCount":744,"publisher":{"@id":"https:\/\/acninternational.org\/es\/#organization"},"image":{"@id":"https:\/\/acninternational.org\/es\/siria-mons-hanna-jallouf-un-pastor-cercano-a-su-rebano-diez-anos-despues-de-su-secuestro\/#primaryimage"},"thumbnailUrl":"https:\/\/media.acninternational.org\/wp-content\/uploads\/2024\/10\/ACN-20240806-170181.jpg","articleSection":["DESTACADO"],"inLanguage":"es"},{"@type":"WebPage","@id":"https:\/\/acninternational.org\/es\/siria-mons-hanna-jallouf-un-pastor-cercano-a-su-rebano-diez-anos-despues-de-su-secuestro\/","url":"https:\/\/acninternational.org\/es\/siria-mons-hanna-jallouf-un-pastor-cercano-a-su-rebano-diez-anos-despues-de-su-secuestro\/","name":"Siria: Mons. Hanna Jallouf, un pastor cercano a su reba\u00f1o, diez a\u00f1os despu\u00e9s de su secuestro | ACN International","isPartOf":{"@id":"https:\/\/acninternational.org\/es\/#website"},"primaryImageOfPage":{"@id":"https:\/\/acninternational.org\/es\/siria-mons-hanna-jallouf-un-pastor-cercano-a-su-rebano-diez-anos-despues-de-su-secuestro\/#primaryimage"},"image":{"@id":"https:\/\/acninternational.org\/es\/siria-mons-hanna-jallouf-un-pastor-cercano-a-su-rebano-diez-anos-despues-de-su-secuestro\/#primaryimage"},"thumbnailUrl":"https:\/\/media.acninternational.org\/wp-content\/uploads\/2024\/10\/ACN-20240806-170181.jpg","datePublished":"2024-10-02T10:50:56+00:00","dateModified":"2025-08-12T08:29:40+00:00","breadcrumb":{"@id":"https:\/\/acninternational.org\/es\/siria-mons-hanna-jallouf-un-pastor-cercano-a-su-rebano-diez-anos-despues-de-su-secuestro\/#breadcrumb"},"inLanguage":"es","potentialAction":[{"@type":"ReadAction","target":["https:\/\/acninternational.org\/es\/siria-mons-hanna-jallouf-un-pastor-cercano-a-su-rebano-diez-anos-despues-de-su-secuestro\/"]}]},{"@type":"ImageObject","inLanguage":"es","@id":"https:\/\/acninternational.org\/es\/siria-mons-hanna-jallouf-un-pastor-cercano-a-su-rebano-diez-anos-despues-de-su-secuestro\/#primaryimage","url":"https:\/\/media.acninternational.org\/wp-content\/uploads\/2024\/10\/ACN-20240806-170181.jpg","contentUrl":"https:\/\/media.acninternational.org\/wp-content\/uploads\/2024\/10\/ACN-20240806-170181.jpg","width":1920,"height":700},{"@type":"BreadcrumbList","@id":"https:\/\/acninternational.org\/es\/siria-mons-hanna-jallouf-un-pastor-cercano-a-su-rebano-diez-anos-despues-de-su-secuestro\/#breadcrumb","itemListElement":[{"@type":"ListItem","position":1,"name":"Home","item":"https:\/\/acninternational.org\/es\/"},{"@type":"ListItem","position":2,"name":"DESTACADO","item":"https:\/\/acninternational.org\/es\/category\/destacado\/"},{"@type":"ListItem","position":3,"name":"Siria: Mons. Hanna Jallouf, un pastor cercano a su reba\u00f1o, diez a\u00f1os despu\u00e9s de su secuestro"}]},{"@type":"WebSite","@id":"https:\/\/acninternational.org\/es\/#website","url":"https:\/\/acninternational.org\/es\/","name":"ACN International","description":"","publisher":{"@id":"https:\/\/acninternational.org\/es\/#organization"},"potentialAction":[{"@type":"SearchAction","target":{"@type":"EntryPoint","urlTemplate":"https:\/\/acninternational.org\/es\/?s={search_term_string}"},"query-input":{"@type":"PropertyValueSpecification","valueRequired":true,"valueName":"search_term_string"}}],"inLanguage":"es"},{"@type":"Organization","@id":"https:\/\/acninternational.org\/es\/#organization","name":"Aid to the Church in Need International","url":"https:\/\/acninternational.org\/es\/","logo":{"@type":"ImageObject","inLanguage":"es","@id":"https:\/\/acninternational.org\/es\/#\/schema\/logo\/image\/","url":"https:\/\/media.acninternational.org\/wp-content\/uploads\/2019\/11\/acn_logo_blackvector.svg","contentUrl":"https:\/\/media.acninternational.org\/wp-content\/uploads\/2019\/11\/acn_logo_blackvector.svg","width":232.6,"height":78,"caption":"Aid to the Church in Need International"},"image":{"@id":"https:\/\/acninternational.org\/es\/#\/schema\/logo\/image\/"},"sameAs":["https:\/\/www.facebook.com\/acninternationalorg","https:\/\/x.com\/acn_int","https:\/\/www.youtube.com\/channel\/UCQ-077gS0TnVzkhHmf1opZw","https:\/\/www.instagram.com\/acn_international\/"]},{"@type":"Person","@id":"https:\/\/acninternational.org\/es\/#\/schema\/person\/333738ed03abe11491094c5c30cf3133","name":"Sina Hartert","description":"Lorem ipsum dolor sit amet, consectetur adipiscing elit, sed do eiusmod tempor incididunt ut labore et dolore magna aliqua. Ut enim ad minim veniam, quis nostrud exercitation ullamco laboris nisi ut aliquip ex ea commodo consequat.","url":"https:\/\/acninternational.org\/es\/author\/sina-hartert\/"}]}},"_links":{"self":[{"href":"https:\/\/acninternational.org\/es\/wp-json\/wp\/v2\/posts\/228167","targetHints":{"allow":["GET"]}}],"collection":[{"href":"https:\/\/acninternational.org\/es\/wp-json\/wp\/v2\/posts"}],"about":[{"href":"https:\/\/acninternational.org\/es\/wp-json\/wp\/v2\/types\/post"}],"author":[{"embeddable":true,"href":"https:\/\/acninternational.org\/es\/wp-json\/wp\/v2\/users\/4258341405"}],"replies":[{"embeddable":true,"href":"https:\/\/acninternational.org\/es\/wp-json\/wp\/v2\/comments?post=228167"}],"version-history":[{"count":3,"href":"https:\/\/acninternational.org\/es\/wp-json\/wp\/v2\/posts\/228167\/revisions"}],"predecessor-version":[{"id":245425,"href":"https:\/\/acninternational.org\/es\/wp-json\/wp\/v2\/posts\/228167\/revisions\/245425"}],"wp:featuredmedia":[{"embeddable":true,"href":"https:\/\/acninternational.org\/es\/wp-json\/wp\/v2\/media\/228118"}],"wp:attachment":[{"href":"https:\/\/acninternational.org\/es\/wp-json\/wp\/v2\/media?parent=228167"}],"wp:term":[{"taxonomy":"category","embeddable":true,"href":"https:\/\/acninternational.org\/es\/wp-json\/wp\/v2\/categories?post=228167"},{"taxonomy":"post_tag","embeddable":true,"href":"https:\/\/acninternational.org\/es\/wp-json\/wp\/v2\/tags?post=228167"},{"taxonomy":"country","embeddable":true,"href":"https:\/\/acninternational.org\/es\/wp-json\/wp\/v2\/country?post=228167"}],"curies":[{"name":"wp","href":"https:\/\/api.w.org\/{rel}","templated":true}]}}