{"id":228012,"date":"2024-10-01T10:47:39","date_gmt":"2024-10-01T08:47:39","guid":{"rendered":"https:\/\/acninternational.org\/?p=228012"},"modified":"2025-08-12T10:34:25","modified_gmt":"2025-08-12T08:34:25","slug":"acn-se-une-a-la-convocatoria-del-patriarcado-latino-de-jerusalen-para-la-jornada-de-oracion-ayuno-y-penitencia-por-la-paz-en-tierra-santa-el-proximo-7-de-octubre","status":"publish","type":"post","link":"https:\/\/acninternational.org\/es\/acn-se-une-a-la-convocatoria-del-patriarcado-latino-de-jerusalen-para-la-jornada-de-oracion-ayuno-y-penitencia-por-la-paz-en-tierra-santa-el-proximo-7-de-octubre\/","title":{"rendered":"ACN se une a la convocatoria del Patriarcado Latino de Jerusal\u00e9n para la jornada de oraci\u00f3n, ayuno y penitencia por la paz en Tierra Santa el pr\u00f3ximo 7 de octubre"},"content":{"rendered":"<p><strong>K\u00f6nigstein im Taunus, 30 de Septiembre de 2024<\/strong><\/p>\n<p>La presidenta ejecutiva de Aid to the Church in Need (ACN) Internacional, Regina Lynch, ha lanzado el siguiente comunicado:<\/p>\n<p>\u00abComo presidenta ejecutiva de ACN, fundaci\u00f3n pontificia que apoya a los cristianos perseguidos y a la Iglesia que sufre en todo el mundo, me siento profundamente entristecida por la violencia indescriptible que ha sacudido Tierra Santa durante el \u00faltimo a\u00f1o.<\/p>\n<figure id=\"attachment_227966\" aria-describedby=\"caption-attachment-227966\" style=\"width: 800px\" class=\"wp-caption aligncenter\"><img loading=\"lazy\" decoding=\"async\" class=\"wp-image-227966 size-large\" src=\"https:\/\/media.acninternational.org\/wp-content\/uploads\/2024\/10\/ACN-20230821-151620-1024x683.jpg\" alt=\"Regina Lynch, Presidenta Ejecutiva de AIN Internacional\" width=\"800\" height=\"534\" srcset=\"https:\/\/media.acninternational.org\/wp-content\/uploads\/2024\/10\/ACN-20230821-151620-1024x683.jpg 1024w, https:\/\/media.acninternational.org\/wp-content\/uploads\/2024\/10\/ACN-20230821-151620-300x200.jpg 300w, https:\/\/media.acninternational.org\/wp-content\/uploads\/2024\/10\/ACN-20230821-151620-768x512.jpg 768w, https:\/\/media.acninternational.org\/wp-content\/uploads\/2024\/10\/ACN-20230821-151620.jpg 1080w\" sizes=\"auto, (max-width: 800px) 100vw, 800px\" \/><figcaption id=\"caption-attachment-227966\" class=\"wp-caption-text\">Regina Lynch, Presidenta Ejecutiva de AIN Internacional<\/figcaption><\/figure>\n<p>\u00abMe gustar\u00eda hacer un llamamiento a los amigos y benefactores de ACN de todo el mundo para que se unan a la jornada de oraci\u00f3n, ayuno y penitencia que el cardenal Pierbattista Pizzaballa, patriarca latino de Jerusal\u00e9n, ha convocado el pr\u00f3ximo lunes 7 de octubre de 2024 para conmemorar el primer aniversario de este desgarrador conflicto.<\/p>\n<p>\u00abACN comparte el inmenso dolor y la angustia de todos aquellos afectados por la guerra, en especial de quienes han perdido a sus seres m\u00e1s queridos. Rezamos para que Dios los consuele y les d\u00e9 esperanza, valor y fuerza para perseverar, a pesar de los inmensos desaf\u00edos que contin\u00faan enfrentando todos los d\u00edas.<\/p>\n<p>\u00abEl 7 de octubre es tambi\u00e9n la fiesta de Nuestra Se\u00f1ora del Rosario. La sant\u00edsima virgen Mar\u00eda no solo comparte el dolor de quienes lloran la muerte de sus seres queridos, porque ella misma vio a su hijo entregar su vida en la cruz, sino que tambi\u00e9n conoce el poder de la resurrecci\u00f3n, que ofrece esperanza a los que sufren la injusticia. Que ella una su intercesi\u00f3n a nuestras oraciones en el aniversario del sufrimiento de Tierra Santa y traiga la paz a trav\u00e9s de su intercesi\u00f3n.<\/p>\n<p><img loading=\"lazy\" decoding=\"async\" class=\"aligncenter size-full wp-image-227972\" src=\"https:\/\/media.acninternational.org\/wp-content\/uploads\/2024\/10\/20080327_008.jpg\" alt=\"\" width=\"720\" height=\"960\" srcset=\"https:\/\/media.acninternational.org\/wp-content\/uploads\/2024\/10\/20080327_008.jpg 720w, https:\/\/media.acninternational.org\/wp-content\/uploads\/2024\/10\/20080327_008-225x300.jpg 225w\" sizes=\"auto, (max-width: 720px) 100vw, 720px\" \/><\/p>\n<p>Con el santo padre, el papa Francisco, rezamos \u2018para que la b\u00fasqueda sincera de la paz extinga las luchas, el amor venza al odio y la venganza sea desarmada por el perd\u00f3n\u2019.<\/p>\n<p>\u00abPedimos al &#8216;Dios de todo consuelo&#8217; que escuche nuestras oraciones y permita que Su amor y compasi\u00f3n toquen los corazones de los involucrados en los combates, inspir\u00e1ndolos a buscar soluciones pac\u00edficas, para que la justicia y la reconciliaci\u00f3n pueda prevalecer en toda Tierra Santa y en todos los rincones del mundo\u00bb.<\/p>\n<p>\u00abPor favor, \u00fananse a nosotros en esta campa\u00f1a de oraciones por una paz duradera y la estabilidad en Tierra Santa y otras partes de Oriente Medio, sumidas en una espiral de guerra\u201d.<\/p>\n<p>&nbsp;<\/p>\n","protected":false},"excerpt":{"rendered":"<p>K\u00f6nigstein im Taunus, 30 de Septiembre de 2024 La presidenta ejecutiva de Aid to the Church in Need (ACN) Internacional,<\/p>\n","protected":false},"author":4258341378,"featured_media":227960,"comment_status":"closed","ping_status":"closed","sticky":false,"template":"","format":"standard","meta":{"_acf_changed":false,"_acn_coauthor_ids":[],"footnotes":""},"categories":[746,1254],"tags":[],"country":[388],"class_list":["post-228012","post","type-post","status-publish","format-standard","has-post-thumbnail","hentry","category-noticias","category-news-es","country-alemania"],"acn_coauthors":[],"acf":[],"yoast_head":"<!-- This site is optimized with the Yoast SEO Premium plugin v27.3 (Yoast SEO v27.3) - https:\/\/yoast.com\/product\/yoast-seo-premium-wordpress\/ -->\n<title>ACN se une a la convocatoria del Patriarcado Latino de Jerusal\u00e9n para la jornada de oraci\u00f3n, ayuno y penitencia por la paz en Tierra Santa el pr\u00f3ximo 7 de octubre | ACN International<\/title>\n<meta name=\"robots\" content=\"index, follow, max-snippet:-1, max-image-preview:large, max-video-preview:-1\" \/>\n<link rel=\"canonical\" href=\"https:\/\/acninternational.org\/es\/acn-se-une-a-la-convocatoria-del-patriarcado-latino-de-jerusalen-para-la-jornada-de-oracion-ayuno-y-penitencia-por-la-paz-en-tierra-santa-el-proximo-7-de-octubre\/\" \/>\n<meta property=\"og:locale\" content=\"es_ES\" \/>\n<meta property=\"og:type\" content=\"article\" \/>\n<meta property=\"og:title\" content=\"ACN se une a la convocatoria del Patriarcado Latino de Jerusal\u00e9n para la jornada de oraci\u00f3n, ayuno y penitencia por la paz en Tierra Santa el pr\u00f3ximo 7 de octubre\" \/>\n<meta property=\"og:description\" content=\"K\u00f6nigstein im Taunus, 30 de Septiembre de 2024 La presidenta ejecutiva de Aid to the Church in Need (ACN) Internacional,\" \/>\n<meta property=\"og:url\" content=\"https:\/\/acninternational.org\/es\/acn-se-une-a-la-convocatoria-del-patriarcado-latino-de-jerusalen-para-la-jornada-de-oracion-ayuno-y-penitencia-por-la-paz-en-tierra-santa-el-proximo-7-de-octubre\/\" \/>\n<meta property=\"og:site_name\" content=\"ACN International\" \/>\n<meta property=\"article:publisher\" content=\"https:\/\/www.facebook.com\/acninternationalorg\" \/>\n<meta property=\"article:published_time\" content=\"2024-10-01T08:47:39+00:00\" \/>\n<meta property=\"article:modified_time\" content=\"2025-08-12T08:34:25+00:00\" \/>\n<meta property=\"og:image\" content=\"https:\/\/media.acninternational.org\/wp-content\/uploads\/2024\/10\/ACN-20200217-97210.jpg\" \/>\n\t<meta property=\"og:image:width\" content=\"1920\" \/>\n\t<meta property=\"og:image:height\" content=\"700\" \/>\n\t<meta property=\"og:image:type\" content=\"image\/jpeg\" \/>\n<meta name=\"author\" content=\"Maria Lozano\" \/>\n<meta name=\"twitter:card\" content=\"summary_large_image\" \/>\n<meta name=\"twitter:creator\" content=\"@acn_int\" \/>\n<meta name=\"twitter:site\" content=\"@acn_int\" \/>\n<meta name=\"twitter:label1\" content=\"Escrito por\" \/>\n\t<meta name=\"twitter:data1\" content=\"Maria Lozano\" \/>\n\t<meta name=\"twitter:label2\" content=\"Tiempo de lectura\" \/>\n\t<meta name=\"twitter:data2\" content=\"3 minutos\" \/>\n<script type=\"application\/ld+json\" class=\"yoast-schema-graph\">{\"@context\":\"https:\\\/\\\/schema.org\",\"@graph\":[{\"@type\":\"Article\",\"@id\":\"https:\\\/\\\/acninternational.org\\\/es\\\/acn-se-une-a-la-convocatoria-del-patriarcado-latino-de-jerusalen-para-la-jornada-de-oracion-ayuno-y-penitencia-por-la-paz-en-tierra-santa-el-proximo-7-de-octubre\\\/#article\",\"isPartOf\":{\"@id\":\"https:\\\/\\\/acninternational.org\\\/es\\\/acn-se-une-a-la-convocatoria-del-patriarcado-latino-de-jerusalen-para-la-jornada-de-oracion-ayuno-y-penitencia-por-la-paz-en-tierra-santa-el-proximo-7-de-octubre\\\/\"},\"author\":{\"name\":\"Maria Lozano\",\"@id\":\"https:\\\/\\\/acninternational.org\\\/es\\\/#\\\/schema\\\/person\\\/91975fc8e2569591a0e2d868c7d5816c\"},\"headline\":\"ACN se une a la convocatoria del Patriarcado Latino de Jerusal\u00e9n para la jornada de oraci\u00f3n, ayuno y penitencia por la paz en Tierra Santa el pr\u00f3ximo 7 de octubre\",\"datePublished\":\"2024-10-01T08:47:39+00:00\",\"dateModified\":\"2025-08-12T08:34:25+00:00\",\"mainEntityOfPage\":{\"@id\":\"https:\\\/\\\/acninternational.org\\\/es\\\/acn-se-une-a-la-convocatoria-del-patriarcado-latino-de-jerusalen-para-la-jornada-de-oracion-ayuno-y-penitencia-por-la-paz-en-tierra-santa-el-proximo-7-de-octubre\\\/\"},\"wordCount\":447,\"publisher\":{\"@id\":\"https:\\\/\\\/acninternational.org\\\/es\\\/#organization\"},\"image\":{\"@id\":\"https:\\\/\\\/acninternational.org\\\/es\\\/acn-se-une-a-la-convocatoria-del-patriarcado-latino-de-jerusalen-para-la-jornada-de-oracion-ayuno-y-penitencia-por-la-paz-en-tierra-santa-el-proximo-7-de-octubre\\\/#primaryimage\"},\"thumbnailUrl\":\"https:\\\/\\\/media.acninternational.org\\\/wp-content\\\/uploads\\\/2024\\\/10\\\/ACN-20200217-97210.jpg\",\"articleSection\":[\"NOTICIAS\",\"NOTICIAS\"],\"inLanguage\":\"es\"},{\"@type\":\"WebPage\",\"@id\":\"https:\\\/\\\/acninternational.org\\\/es\\\/acn-se-une-a-la-convocatoria-del-patriarcado-latino-de-jerusalen-para-la-jornada-de-oracion-ayuno-y-penitencia-por-la-paz-en-tierra-santa-el-proximo-7-de-octubre\\\/\",\"url\":\"https:\\\/\\\/acninternational.org\\\/es\\\/acn-se-une-a-la-convocatoria-del-patriarcado-latino-de-jerusalen-para-la-jornada-de-oracion-ayuno-y-penitencia-por-la-paz-en-tierra-santa-el-proximo-7-de-octubre\\\/\",\"name\":\"ACN se une a la convocatoria del Patriarcado Latino de Jerusal\u00e9n para la jornada de oraci\u00f3n, ayuno y penitencia por la paz en Tierra Santa el pr\u00f3ximo 7 de octubre | ACN International\",\"isPartOf\":{\"@id\":\"https:\\\/\\\/acninternational.org\\\/es\\\/#website\"},\"primaryImageOfPage\":{\"@id\":\"https:\\\/\\\/acninternational.org\\\/es\\\/acn-se-une-a-la-convocatoria-del-patriarcado-latino-de-jerusalen-para-la-jornada-de-oracion-ayuno-y-penitencia-por-la-paz-en-tierra-santa-el-proximo-7-de-octubre\\\/#primaryimage\"},\"image\":{\"@id\":\"https:\\\/\\\/acninternational.org\\\/es\\\/acn-se-une-a-la-convocatoria-del-patriarcado-latino-de-jerusalen-para-la-jornada-de-oracion-ayuno-y-penitencia-por-la-paz-en-tierra-santa-el-proximo-7-de-octubre\\\/#primaryimage\"},\"thumbnailUrl\":\"https:\\\/\\\/media.acninternational.org\\\/wp-content\\\/uploads\\\/2024\\\/10\\\/ACN-20200217-97210.jpg\",\"datePublished\":\"2024-10-01T08:47:39+00:00\",\"dateModified\":\"2025-08-12T08:34:25+00:00\",\"breadcrumb\":{\"@id\":\"https:\\\/\\\/acninternational.org\\\/es\\\/acn-se-une-a-la-convocatoria-del-patriarcado-latino-de-jerusalen-para-la-jornada-de-oracion-ayuno-y-penitencia-por-la-paz-en-tierra-santa-el-proximo-7-de-octubre\\\/#breadcrumb\"},\"inLanguage\":\"es\",\"potentialAction\":[{\"@type\":\"ReadAction\",\"target\":[\"https:\\\/\\\/acninternational.org\\\/es\\\/acn-se-une-a-la-convocatoria-del-patriarcado-latino-de-jerusalen-para-la-jornada-de-oracion-ayuno-y-penitencia-por-la-paz-en-tierra-santa-el-proximo-7-de-octubre\\\/\"]}]},{\"@type\":\"ImageObject\",\"inLanguage\":\"es\",\"@id\":\"https:\\\/\\\/acninternational.org\\\/es\\\/acn-se-une-a-la-convocatoria-del-patriarcado-latino-de-jerusalen-para-la-jornada-de-oracion-ayuno-y-penitencia-por-la-paz-en-tierra-santa-el-proximo-7-de-octubre\\\/#primaryimage\",\"url\":\"https:\\\/\\\/media.acninternational.org\\\/wp-content\\\/uploads\\\/2024\\\/10\\\/ACN-20200217-97210.jpg\",\"contentUrl\":\"https:\\\/\\\/media.acninternational.org\\\/wp-content\\\/uploads\\\/2024\\\/10\\\/ACN-20200217-97210.jpg\",\"width\":1920,\"height\":700},{\"@type\":\"BreadcrumbList\",\"@id\":\"https:\\\/\\\/acninternational.org\\\/es\\\/acn-se-une-a-la-convocatoria-del-patriarcado-latino-de-jerusalen-para-la-jornada-de-oracion-ayuno-y-penitencia-por-la-paz-en-tierra-santa-el-proximo-7-de-octubre\\\/#breadcrumb\",\"itemListElement\":[{\"@type\":\"ListItem\",\"position\":1,\"name\":\"Home\",\"item\":\"https:\\\/\\\/acninternational.org\\\/es\\\/\"},{\"@type\":\"ListItem\",\"position\":2,\"name\":\"NOTICIAS\",\"item\":\"https:\\\/\\\/acninternational.org\\\/es\\\/category\\\/news-es\\\/\"},{\"@type\":\"ListItem\",\"position\":3,\"name\":\"ACN se une a la convocatoria del Patriarcado Latino de Jerusal\u00e9n para la jornada de oraci\u00f3n, ayuno y penitencia por la paz en Tierra Santa el pr\u00f3ximo 7 de octubre\"}]},{\"@type\":\"WebSite\",\"@id\":\"https:\\\/\\\/acninternational.org\\\/es\\\/#website\",\"url\":\"https:\\\/\\\/acninternational.org\\\/es\\\/\",\"name\":\"ACN International\",\"description\":\"\",\"publisher\":{\"@id\":\"https:\\\/\\\/acninternational.org\\\/es\\\/#organization\"},\"potentialAction\":[{\"@type\":\"SearchAction\",\"target\":{\"@type\":\"EntryPoint\",\"urlTemplate\":\"https:\\\/\\\/acninternational.org\\\/es\\\/?s={search_term_string}\"},\"query-input\":{\"@type\":\"PropertyValueSpecification\",\"valueRequired\":true,\"valueName\":\"search_term_string\"}}],\"inLanguage\":\"es\"},{\"@type\":\"Organization\",\"@id\":\"https:\\\/\\\/acninternational.org\\\/es\\\/#organization\",\"name\":\"Aid to the Church in Need International\",\"url\":\"https:\\\/\\\/acninternational.org\\\/es\\\/\",\"logo\":{\"@type\":\"ImageObject\",\"inLanguage\":\"es\",\"@id\":\"https:\\\/\\\/acninternational.org\\\/es\\\/#\\\/schema\\\/logo\\\/image\\\/\",\"url\":\"https:\\\/\\\/media.acninternational.org\\\/wp-content\\\/uploads\\\/2019\\\/11\\\/acn_logo_blackvector.svg\",\"contentUrl\":\"https:\\\/\\\/media.acninternational.org\\\/wp-content\\\/uploads\\\/2019\\\/11\\\/acn_logo_blackvector.svg\",\"width\":232.6,\"height\":78,\"caption\":\"Aid to the Church in Need International\"},\"image\":{\"@id\":\"https:\\\/\\\/acninternational.org\\\/es\\\/#\\\/schema\\\/logo\\\/image\\\/\"},\"sameAs\":[\"https:\\\/\\\/www.facebook.com\\\/acninternationalorg\",\"https:\\\/\\\/x.com\\\/acn_int\",\"https:\\\/\\\/www.youtube.com\\\/channel\\\/UCQ-077gS0TnVzkhHmf1opZw\",\"https:\\\/\\\/www.instagram.com\\\/acn_international\\\/\"]},{\"@type\":\"Person\",\"@id\":\"https:\\\/\\\/acninternational.org\\\/es\\\/#\\\/schema\\\/person\\\/91975fc8e2569591a0e2d868c7d5816c\",\"name\":\"Maria Lozano\",\"description\":\"Lorem ipsum dolor sit amet, consectetur adipiscing elit, sed do eiusmod tempor incididunt ut labore et dolore magna aliqua. Ut enim ad minim veniam, quis nostrud exercitation ullamco laboris nisi ut aliquip ex ea commodo consequat.\",\"url\":\"https:\\\/\\\/acninternational.org\\\/es\\\/author\\\/maria\\\/\"}]}<\/script>\n<!-- \/ Yoast SEO Premium plugin. -->","yoast_head_json":{"title":"ACN se une a la convocatoria del Patriarcado Latino de Jerusal\u00e9n para la jornada de oraci\u00f3n, ayuno y penitencia por la paz en Tierra Santa el pr\u00f3ximo 7 de octubre | ACN International","robots":{"index":"index","follow":"follow","max-snippet":"max-snippet:-1","max-image-preview":"max-image-preview:large","max-video-preview":"max-video-preview:-1"},"canonical":"https:\/\/acninternational.org\/es\/acn-se-une-a-la-convocatoria-del-patriarcado-latino-de-jerusalen-para-la-jornada-de-oracion-ayuno-y-penitencia-por-la-paz-en-tierra-santa-el-proximo-7-de-octubre\/","og_locale":"es_ES","og_type":"article","og_title":"ACN se une a la convocatoria del Patriarcado Latino de Jerusal\u00e9n para la jornada de oraci\u00f3n, ayuno y penitencia por la paz en Tierra Santa el pr\u00f3ximo 7 de octubre","og_description":"K\u00f6nigstein im Taunus, 30 de Septiembre de 2024 La presidenta ejecutiva de Aid to the Church in Need (ACN) Internacional,","og_url":"https:\/\/acninternational.org\/es\/acn-se-une-a-la-convocatoria-del-patriarcado-latino-de-jerusalen-para-la-jornada-de-oracion-ayuno-y-penitencia-por-la-paz-en-tierra-santa-el-proximo-7-de-octubre\/","og_site_name":"ACN International","article_publisher":"https:\/\/www.facebook.com\/acninternationalorg","article_published_time":"2024-10-01T08:47:39+00:00","article_modified_time":"2025-08-12T08:34:25+00:00","og_image":[{"width":1920,"height":700,"url":"https:\/\/media.acninternational.org\/wp-content\/uploads\/2024\/10\/ACN-20200217-97210.jpg","type":"image\/jpeg"}],"author":"Maria Lozano","twitter_card":"summary_large_image","twitter_creator":"@acn_int","twitter_site":"@acn_int","twitter_misc":{"Escrito por":"Maria Lozano","Tiempo de lectura":"3 minutos"},"schema":{"@context":"https:\/\/schema.org","@graph":[{"@type":"Article","@id":"https:\/\/acninternational.org\/es\/acn-se-une-a-la-convocatoria-del-patriarcado-latino-de-jerusalen-para-la-jornada-de-oracion-ayuno-y-penitencia-por-la-paz-en-tierra-santa-el-proximo-7-de-octubre\/#article","isPartOf":{"@id":"https:\/\/acninternational.org\/es\/acn-se-une-a-la-convocatoria-del-patriarcado-latino-de-jerusalen-para-la-jornada-de-oracion-ayuno-y-penitencia-por-la-paz-en-tierra-santa-el-proximo-7-de-octubre\/"},"author":{"name":"Maria Lozano","@id":"https:\/\/acninternational.org\/es\/#\/schema\/person\/91975fc8e2569591a0e2d868c7d5816c"},"headline":"ACN se une a la convocatoria del Patriarcado Latino de Jerusal\u00e9n para la jornada de oraci\u00f3n, ayuno y penitencia por la paz en Tierra Santa el pr\u00f3ximo 7 de octubre","datePublished":"2024-10-01T08:47:39+00:00","dateModified":"2025-08-12T08:34:25+00:00","mainEntityOfPage":{"@id":"https:\/\/acninternational.org\/es\/acn-se-une-a-la-convocatoria-del-patriarcado-latino-de-jerusalen-para-la-jornada-de-oracion-ayuno-y-penitencia-por-la-paz-en-tierra-santa-el-proximo-7-de-octubre\/"},"wordCount":447,"publisher":{"@id":"https:\/\/acninternational.org\/es\/#organization"},"image":{"@id":"https:\/\/acninternational.org\/es\/acn-se-une-a-la-convocatoria-del-patriarcado-latino-de-jerusalen-para-la-jornada-de-oracion-ayuno-y-penitencia-por-la-paz-en-tierra-santa-el-proximo-7-de-octubre\/#primaryimage"},"thumbnailUrl":"https:\/\/media.acninternational.org\/wp-content\/uploads\/2024\/10\/ACN-20200217-97210.jpg","articleSection":["NOTICIAS","NOTICIAS"],"inLanguage":"es"},{"@type":"WebPage","@id":"https:\/\/acninternational.org\/es\/acn-se-une-a-la-convocatoria-del-patriarcado-latino-de-jerusalen-para-la-jornada-de-oracion-ayuno-y-penitencia-por-la-paz-en-tierra-santa-el-proximo-7-de-octubre\/","url":"https:\/\/acninternational.org\/es\/acn-se-une-a-la-convocatoria-del-patriarcado-latino-de-jerusalen-para-la-jornada-de-oracion-ayuno-y-penitencia-por-la-paz-en-tierra-santa-el-proximo-7-de-octubre\/","name":"ACN se une a la convocatoria del Patriarcado Latino de Jerusal\u00e9n para la jornada de oraci\u00f3n, ayuno y penitencia por la paz en Tierra Santa el pr\u00f3ximo 7 de octubre | ACN International","isPartOf":{"@id":"https:\/\/acninternational.org\/es\/#website"},"primaryImageOfPage":{"@id":"https:\/\/acninternational.org\/es\/acn-se-une-a-la-convocatoria-del-patriarcado-latino-de-jerusalen-para-la-jornada-de-oracion-ayuno-y-penitencia-por-la-paz-en-tierra-santa-el-proximo-7-de-octubre\/#primaryimage"},"image":{"@id":"https:\/\/acninternational.org\/es\/acn-se-une-a-la-convocatoria-del-patriarcado-latino-de-jerusalen-para-la-jornada-de-oracion-ayuno-y-penitencia-por-la-paz-en-tierra-santa-el-proximo-7-de-octubre\/#primaryimage"},"thumbnailUrl":"https:\/\/media.acninternational.org\/wp-content\/uploads\/2024\/10\/ACN-20200217-97210.jpg","datePublished":"2024-10-01T08:47:39+00:00","dateModified":"2025-08-12T08:34:25+00:00","breadcrumb":{"@id":"https:\/\/acninternational.org\/es\/acn-se-une-a-la-convocatoria-del-patriarcado-latino-de-jerusalen-para-la-jornada-de-oracion-ayuno-y-penitencia-por-la-paz-en-tierra-santa-el-proximo-7-de-octubre\/#breadcrumb"},"inLanguage":"es","potentialAction":[{"@type":"ReadAction","target":["https:\/\/acninternational.org\/es\/acn-se-une-a-la-convocatoria-del-patriarcado-latino-de-jerusalen-para-la-jornada-de-oracion-ayuno-y-penitencia-por-la-paz-en-tierra-santa-el-proximo-7-de-octubre\/"]}]},{"@type":"ImageObject","inLanguage":"es","@id":"https:\/\/acninternational.org\/es\/acn-se-une-a-la-convocatoria-del-patriarcado-latino-de-jerusalen-para-la-jornada-de-oracion-ayuno-y-penitencia-por-la-paz-en-tierra-santa-el-proximo-7-de-octubre\/#primaryimage","url":"https:\/\/media.acninternational.org\/wp-content\/uploads\/2024\/10\/ACN-20200217-97210.jpg","contentUrl":"https:\/\/media.acninternational.org\/wp-content\/uploads\/2024\/10\/ACN-20200217-97210.jpg","width":1920,"height":700},{"@type":"BreadcrumbList","@id":"https:\/\/acninternational.org\/es\/acn-se-une-a-la-convocatoria-del-patriarcado-latino-de-jerusalen-para-la-jornada-de-oracion-ayuno-y-penitencia-por-la-paz-en-tierra-santa-el-proximo-7-de-octubre\/#breadcrumb","itemListElement":[{"@type":"ListItem","position":1,"name":"Home","item":"https:\/\/acninternational.org\/es\/"},{"@type":"ListItem","position":2,"name":"NOTICIAS","item":"https:\/\/acninternational.org\/es\/category\/news-es\/"},{"@type":"ListItem","position":3,"name":"ACN se une a la convocatoria del Patriarcado Latino de Jerusal\u00e9n para la jornada de oraci\u00f3n, ayuno y penitencia por la paz en Tierra Santa el pr\u00f3ximo 7 de octubre"}]},{"@type":"WebSite","@id":"https:\/\/acninternational.org\/es\/#website","url":"https:\/\/acninternational.org\/es\/","name":"ACN International","description":"","publisher":{"@id":"https:\/\/acninternational.org\/es\/#organization"},"potentialAction":[{"@type":"SearchAction","target":{"@type":"EntryPoint","urlTemplate":"https:\/\/acninternational.org\/es\/?s={search_term_string}"},"query-input":{"@type":"PropertyValueSpecification","valueRequired":true,"valueName":"search_term_string"}}],"inLanguage":"es"},{"@type":"Organization","@id":"https:\/\/acninternational.org\/es\/#organization","name":"Aid to the Church in Need International","url":"https:\/\/acninternational.org\/es\/","logo":{"@type":"ImageObject","inLanguage":"es","@id":"https:\/\/acninternational.org\/es\/#\/schema\/logo\/image\/","url":"https:\/\/media.acninternational.org\/wp-content\/uploads\/2019\/11\/acn_logo_blackvector.svg","contentUrl":"https:\/\/media.acninternational.org\/wp-content\/uploads\/2019\/11\/acn_logo_blackvector.svg","width":232.6,"height":78,"caption":"Aid to the Church in Need International"},"image":{"@id":"https:\/\/acninternational.org\/es\/#\/schema\/logo\/image\/"},"sameAs":["https:\/\/www.facebook.com\/acninternationalorg","https:\/\/x.com\/acn_int","https:\/\/www.youtube.com\/channel\/UCQ-077gS0TnVzkhHmf1opZw","https:\/\/www.instagram.com\/acn_international\/"]},{"@type":"Person","@id":"https:\/\/acninternational.org\/es\/#\/schema\/person\/91975fc8e2569591a0e2d868c7d5816c","name":"Maria Lozano","description":"Lorem ipsum dolor sit amet, consectetur adipiscing elit, sed do eiusmod tempor incididunt ut labore et dolore magna aliqua. Ut enim ad minim veniam, quis nostrud exercitation ullamco laboris nisi ut aliquip ex ea commodo consequat.","url":"https:\/\/acninternational.org\/es\/author\/maria\/"}]}},"_links":{"self":[{"href":"https:\/\/acninternational.org\/es\/wp-json\/wp\/v2\/posts\/228012","targetHints":{"allow":["GET"]}}],"collection":[{"href":"https:\/\/acninternational.org\/es\/wp-json\/wp\/v2\/posts"}],"about":[{"href":"https:\/\/acninternational.org\/es\/wp-json\/wp\/v2\/types\/post"}],"author":[{"embeddable":true,"href":"https:\/\/acninternational.org\/es\/wp-json\/wp\/v2\/users\/4258341378"}],"replies":[{"embeddable":true,"href":"https:\/\/acninternational.org\/es\/wp-json\/wp\/v2\/comments?post=228012"}],"version-history":[{"count":1,"href":"https:\/\/acninternational.org\/es\/wp-json\/wp\/v2\/posts\/228012\/revisions"}],"predecessor-version":[{"id":245429,"href":"https:\/\/acninternational.org\/es\/wp-json\/wp\/v2\/posts\/228012\/revisions\/245429"}],"wp:featuredmedia":[{"embeddable":true,"href":"https:\/\/acninternational.org\/es\/wp-json\/wp\/v2\/media\/227960"}],"wp:attachment":[{"href":"https:\/\/acninternational.org\/es\/wp-json\/wp\/v2\/media?parent=228012"}],"wp:term":[{"taxonomy":"category","embeddable":true,"href":"https:\/\/acninternational.org\/es\/wp-json\/wp\/v2\/categories?post=228012"},{"taxonomy":"post_tag","embeddable":true,"href":"https:\/\/acninternational.org\/es\/wp-json\/wp\/v2\/tags?post=228012"},{"taxonomy":"country","embeddable":true,"href":"https:\/\/acninternational.org\/es\/wp-json\/wp\/v2\/country?post=228012"}],"curies":[{"name":"wp","href":"https:\/\/api.w.org\/{rel}","templated":true}]}}