{"id":226069,"date":"2024-09-11T11:27:00","date_gmt":"2024-09-11T09:27:00","guid":{"rendered":"https:\/\/acninternational.org\/?p=226069"},"modified":"2025-08-12T10:35:20","modified_gmt":"2025-08-12T08:35:20","slug":"iraq-reavivando-la-fe-en-la-tierra-del-eden","status":"publish","type":"post","link":"https:\/\/acninternational.org\/es\/iraq-reavivando-la-fe-en-la-tierra-del-eden\/","title":{"rendered":"Iraq: Reavivando la fe en la \u201ctierra del Ed\u00e9n\u201d"},"content":{"rendered":"<p><em>A trav\u00e9s del apoyo a un proyecto de construcci\u00f3n en el Kurdist\u00e1n iraqu\u00ed, la fundaci\u00f3n Aid to the Church in Need (ACN) ayuda a una orden religiosa a fortalecer sus ra\u00edces en la regi\u00f3n, en beneficio de la poblaci\u00f3n cristiana circundante.<\/em><\/p>\n<p>Araden es un peque\u00f1o pueblo situado en el valle de Sapna, en el Kurdist\u00e1n iraqu\u00ed, rodeado por las hermosas monta\u00f1as de Gozaneh y regado por el r\u00edo Gran Zab. El paisaje ayuda a explicar el origen del nombre del pueblo, ya que Araden proviene de los t\u00e9rminos sir\u00edacos \u00abara\u00bb y \u00abAden\u00bb, que significan \u00abTierra del Ed\u00e9n\u00bb.<\/p>\n<p>Tradicionalmente, el pueblo ha sido habitado casi exclusivamente por cristianos de idioma arameo de la Iglesia cat\u00f3lica caldea. A pesar de su peque\u00f1o tama\u00f1o, el lugar cuenta con dos iglesias importantes y ha sido el hogar de tres obispos.<\/p>\n<figure id=\"attachment_226051\" aria-describedby=\"caption-attachment-226051\" style=\"width: 720px\" class=\"wp-caption aligncenter\"><img loading=\"lazy\" decoding=\"async\" class=\"wp-image-226051 size-full\" src=\"https:\/\/media.acninternational.org\/wp-content\/uploads\/2024\/09\/ACN-20231123-156362.jpg\" alt=\"La nueva casa de retiro, con un santuario al fundador, el P. Abdul Ahad Rayes, en Araden.\" width=\"720\" height=\"960\" srcset=\"https:\/\/media.acninternational.org\/wp-content\/uploads\/2024\/09\/ACN-20231123-156362.jpg 720w, https:\/\/media.acninternational.org\/wp-content\/uploads\/2024\/09\/ACN-20231123-156362-225x300.jpg 225w\" sizes=\"auto, (max-width: 720px) 100vw, 720px\" \/><figcaption id=\"caption-attachment-226051\" class=\"wp-caption-text\">La nueva casa de retiro, con un santuario al fundador, el P. Abdul Ahad Rayes, en Araden.<\/figcaption><\/figure>\n<p>Sin embargo, Araden tambi\u00e9n ha sido testigo de tragedias que han afectado a la poblaci\u00f3n cristiana de Irak a lo largo de los siglos. Su poblaci\u00f3n se ha visto atrapada en los sucesivos conflictos entre el Gobierno central de Bagdad y los militantes kurdos, y la aldea ha sido destruida m\u00e1s de una vez.<\/p>\n<p>La Congregaci\u00f3n de las Hijas del Sagrado Coraz\u00f3n de Jes\u00fas, una orden de religiosas caldeas, fue fundada en Araden por el sacerdote Abdul Ahad Rayes, cuya \u00abvisi\u00f3n era educar y proporcionar valores cristianos y humanos a los j\u00f3venes de la regi\u00f3n, al tiempo que ofrec\u00eda servicios esenciales en el \u00e1mbito social y de salud \u00ab, dice la madre Samar Mikha, actual superior de la orden.<\/p>\n<p>\u00abNuestra comunidad se ha enfrentado a numerosas dificultades, habiendo perdido a nuestra madre general tres veces debido a guerras y migraciones en Irak\u00bb, ha dicho la madre Samar a Aid to the Church in Need (ACN). \u00abEsta turbulenta historia ha llevado a una escasez de vocaciones en nuestra comunidad\u00bb.<\/p>\n<p>Durante a\u00f1os, las hermanas han so\u00f1ado con volver a Araden, a sus ra\u00edces, y gracias a la ayuda de ACN ese sue\u00f1o se ha hecho realidad con la construcci\u00f3n de un santuario dedicado al padre Abdul Ahad y un centro de retiros para que las hermanas puedan realizar sus ejercicios espirituales.<\/p>\n<p>\u201cA trav\u00e9s de su inquebrantable apoyo, no solo hemos cumplido nuestros objetivos, sino que hemos superado nuestras expectativas. El santuario y la casa de retiro de Abdul-Ahad se erigen ahora como un s\u00edmbolo de resiliencia y esperanza para nuestra comunidad\u00bb, explica la madre Samar a ACN. \u00abEste santuario proporciona un espacio para los retiros espirituales, tan necesarios, ofreciendo consuelo, tranquilidad y silencio a nuestras hermanas que sirven y se entregan a la comunidad y a la Iglesia sin descanso\u00bb.<\/p>\n<p>El nuevo edificio consta de una capilla con la tumba del fundador, dos plantas con siete dormitorios y una sala de reuniones. Seg\u00fan la madre Samar, \u00ablos frutos de este proyecto van m\u00e1s all\u00e1 de los muros del santuario. El espacio revitalizado continuar\u00e1 la misi\u00f3n del padre Rayes apoyando las necesidades educativas cristianas de la regi\u00f3n. Fue un defensor incansable de la educaci\u00f3n, la construcci\u00f3n de escuelas y el fomento de las mentes j\u00f3venes. Nos comprometemos a continuar con su legado centr\u00e1ndonos en iniciativas educativas en los pueblos que rodean Araden\u00bb.<\/p>\n<figure id=\"attachment_226057\" aria-describedby=\"caption-attachment-226057\" style=\"width: 800px\" class=\"wp-caption aligncenter\"><img loading=\"lazy\" decoding=\"async\" class=\"wp-image-226057 size-large\" src=\"https:\/\/media.acninternational.org\/wp-content\/uploads\/2024\/09\/ACN-20231123-156360-1024x683.jpg\" alt=\"El Patriarca Louis Raphael I Sako bendiciendo el altar del santuario reconstruido en Araden\" width=\"800\" height=\"534\" srcset=\"https:\/\/media.acninternational.org\/wp-content\/uploads\/2024\/09\/ACN-20231123-156360-1024x683.jpg 1024w, https:\/\/media.acninternational.org\/wp-content\/uploads\/2024\/09\/ACN-20231123-156360-300x200.jpg 300w, https:\/\/media.acninternational.org\/wp-content\/uploads\/2024\/09\/ACN-20231123-156360-768x512.jpg 768w, https:\/\/media.acninternational.org\/wp-content\/uploads\/2024\/09\/ACN-20231123-156360.jpg 1080w\" sizes=\"auto, (max-width: 800px) 100vw, 800px\" \/><figcaption id=\"caption-attachment-226057\" class=\"wp-caption-text\">El Patriarca Louis Raphael I Sako bendiciendo el altar del santuario reconstruido en Araden<\/figcaption><\/figure>\n<p>Este es, precisamente, el tipo de iniciativas que facilitan la permanencia de los cristianos en sus tierras ancestrales, un objetivo que ACN ha perseguido a trav\u00e9s de sus proyectos en Oriente Medio. \u00abNo podemos enfatizar lo suficiente la profunda gratitud que tenemos por ACN. Su apoyo ha reavivado el esp\u00edritu de nuestra congregaci\u00f3n\u00bb, concluye la madre superiora.<\/p>\n<p>&nbsp;<\/p>\n","protected":false},"excerpt":{"rendered":"<p>Tradicionalmente, el pueblo ha sido habitado casi exclusivamente por cristianos de idioma arameo de la Iglesia cat\u00f3lica caldea<\/p>\n","protected":false},"author":4258341377,"featured_media":226050,"comment_status":"closed","ping_status":"closed","sticky":false,"template":"","format":"standard","meta":{"_acf_changed":false,"_acn_coauthor_ids":[],"footnotes":""},"categories":[575,746],"tags":[],"country":[927],"class_list":["post-226069","post","type-post","status-publish","format-standard","has-post-thumbnail","hentry","category-news","category-noticias","country-iraq-2"],"acn_coauthors":[],"acf":[],"yoast_head":"<!-- This site is optimized with the Yoast SEO Premium plugin v27.3 (Yoast SEO v27.3) - https:\/\/yoast.com\/product\/yoast-seo-premium-wordpress\/ -->\n<title>Iraq: Reavivando la fe en la \u201ctierra del Ed\u00e9n\u201d | ACN International<\/title>\n<meta name=\"description\" content=\"Tradicionalmente, el pueblo ha sido habitado casi exclusivamente por cristianos de idioma arameo de la Iglesia cat\u00f3lica caldea\" \/>\n<meta name=\"robots\" content=\"index, follow, max-snippet:-1, max-image-preview:large, max-video-preview:-1\" \/>\n<link rel=\"canonical\" href=\"https:\/\/acninternational.org\/es\/iraq-reavivando-la-fe-en-la-tierra-del-eden\/\" \/>\n<meta property=\"og:locale\" content=\"es_ES\" \/>\n<meta property=\"og:type\" content=\"article\" \/>\n<meta property=\"og:title\" content=\"Iraq: Reavivando la fe en la \u201ctierra del Ed\u00e9n\u201d\" \/>\n<meta property=\"og:description\" content=\"Tradicionalmente, el pueblo ha sido habitado casi exclusivamente por cristianos de idioma arameo de la Iglesia cat\u00f3lica caldea\" \/>\n<meta property=\"og:url\" content=\"https:\/\/acninternational.org\/es\/iraq-reavivando-la-fe-en-la-tierra-del-eden\/\" \/>\n<meta property=\"og:site_name\" content=\"ACN International\" \/>\n<meta property=\"article:publisher\" content=\"https:\/\/www.facebook.com\/acninternationalorg\" \/>\n<meta property=\"article:published_time\" content=\"2024-09-11T09:27:00+00:00\" \/>\n<meta property=\"article:modified_time\" content=\"2025-08-12T08:35:20+00:00\" \/>\n<meta property=\"og:image\" content=\"https:\/\/media.acninternational.org\/wp-content\/uploads\/2024\/09\/ACN-20240910-171318.jpeg\" \/>\n\t<meta property=\"og:image:width\" content=\"1920\" \/>\n\t<meta property=\"og:image:height\" content=\"700\" \/>\n\t<meta property=\"og:image:type\" content=\"image\/jpeg\" \/>\n<meta name=\"author\" content=\"Filipe d\u2019Avillez\" \/>\n<meta name=\"twitter:card\" content=\"summary_large_image\" \/>\n<meta name=\"twitter:creator\" content=\"@acn_int\" \/>\n<meta name=\"twitter:site\" content=\"@acn_int\" \/>\n<meta name=\"twitter:label1\" content=\"Escrito por\" \/>\n\t<meta name=\"twitter:data1\" content=\"Filipe d\u2019Avillez\" \/>\n\t<meta name=\"twitter:label2\" content=\"Tiempo de lectura\" \/>\n\t<meta name=\"twitter:data2\" content=\"4 minutos\" \/>\n<script type=\"application\/ld+json\" class=\"yoast-schema-graph\">{\"@context\":\"https:\\\/\\\/schema.org\",\"@graph\":[{\"@type\":\"Article\",\"@id\":\"https:\\\/\\\/acninternational.org\\\/es\\\/iraq-reavivando-la-fe-en-la-tierra-del-eden\\\/#article\",\"isPartOf\":{\"@id\":\"https:\\\/\\\/acninternational.org\\\/es\\\/iraq-reavivando-la-fe-en-la-tierra-del-eden\\\/\"},\"author\":{\"name\":\"Filipe d\u2019Avillez\",\"@id\":\"https:\\\/\\\/acninternational.org\\\/es\\\/#\\\/schema\\\/person\\\/7489225627ad784c8faa0f4616c1cbdf\"},\"headline\":\"Iraq: Reavivando la fe en la \u201ctierra del Ed\u00e9n\u201d\",\"datePublished\":\"2024-09-11T09:27:00+00:00\",\"dateModified\":\"2025-08-12T08:35:20+00:00\",\"mainEntityOfPage\":{\"@id\":\"https:\\\/\\\/acninternational.org\\\/es\\\/iraq-reavivando-la-fe-en-la-tierra-del-eden\\\/\"},\"wordCount\":683,\"publisher\":{\"@id\":\"https:\\\/\\\/acninternational.org\\\/es\\\/#organization\"},\"image\":{\"@id\":\"https:\\\/\\\/acninternational.org\\\/es\\\/iraq-reavivando-la-fe-en-la-tierra-del-eden\\\/#primaryimage\"},\"thumbnailUrl\":\"https:\\\/\\\/media.acninternational.org\\\/wp-content\\\/uploads\\\/2024\\\/09\\\/ACN-20240910-171318.jpeg\",\"articleSection\":[\"News\",\"NOTICIAS\"],\"inLanguage\":\"es\"},{\"@type\":\"WebPage\",\"@id\":\"https:\\\/\\\/acninternational.org\\\/es\\\/iraq-reavivando-la-fe-en-la-tierra-del-eden\\\/\",\"url\":\"https:\\\/\\\/acninternational.org\\\/es\\\/iraq-reavivando-la-fe-en-la-tierra-del-eden\\\/\",\"name\":\"Iraq: Reavivando la fe en la \u201ctierra del Ed\u00e9n\u201d | ACN International\",\"isPartOf\":{\"@id\":\"https:\\\/\\\/acninternational.org\\\/es\\\/#website\"},\"primaryImageOfPage\":{\"@id\":\"https:\\\/\\\/acninternational.org\\\/es\\\/iraq-reavivando-la-fe-en-la-tierra-del-eden\\\/#primaryimage\"},\"image\":{\"@id\":\"https:\\\/\\\/acninternational.org\\\/es\\\/iraq-reavivando-la-fe-en-la-tierra-del-eden\\\/#primaryimage\"},\"thumbnailUrl\":\"https:\\\/\\\/media.acninternational.org\\\/wp-content\\\/uploads\\\/2024\\\/09\\\/ACN-20240910-171318.jpeg\",\"datePublished\":\"2024-09-11T09:27:00+00:00\",\"dateModified\":\"2025-08-12T08:35:20+00:00\",\"description\":\"Tradicionalmente, el pueblo ha sido habitado casi exclusivamente por cristianos de idioma arameo de la Iglesia cat\u00f3lica caldea\",\"breadcrumb\":{\"@id\":\"https:\\\/\\\/acninternational.org\\\/es\\\/iraq-reavivando-la-fe-en-la-tierra-del-eden\\\/#breadcrumb\"},\"inLanguage\":\"es\",\"potentialAction\":[{\"@type\":\"ReadAction\",\"target\":[\"https:\\\/\\\/acninternational.org\\\/es\\\/iraq-reavivando-la-fe-en-la-tierra-del-eden\\\/\"]}]},{\"@type\":\"ImageObject\",\"inLanguage\":\"es\",\"@id\":\"https:\\\/\\\/acninternational.org\\\/es\\\/iraq-reavivando-la-fe-en-la-tierra-del-eden\\\/#primaryimage\",\"url\":\"https:\\\/\\\/media.acninternational.org\\\/wp-content\\\/uploads\\\/2024\\\/09\\\/ACN-20240910-171318.jpeg\",\"contentUrl\":\"https:\\\/\\\/media.acninternational.org\\\/wp-content\\\/uploads\\\/2024\\\/09\\\/ACN-20240910-171318.jpeg\",\"width\":1920,\"height\":700},{\"@type\":\"BreadcrumbList\",\"@id\":\"https:\\\/\\\/acninternational.org\\\/es\\\/iraq-reavivando-la-fe-en-la-tierra-del-eden\\\/#breadcrumb\",\"itemListElement\":[{\"@type\":\"ListItem\",\"position\":1,\"name\":\"Home\",\"item\":\"https:\\\/\\\/acninternational.org\\\/es\\\/\"},{\"@type\":\"ListItem\",\"position\":2,\"name\":\"NOTICIAS\",\"item\":\"https:\\\/\\\/acninternational.org\\\/es\\\/category\\\/news-es\\\/\"},{\"@type\":\"ListItem\",\"position\":3,\"name\":\"Iraq: Reavivando la fe en la \u201ctierra del Ed\u00e9n\u201d\"}]},{\"@type\":\"WebSite\",\"@id\":\"https:\\\/\\\/acninternational.org\\\/es\\\/#website\",\"url\":\"https:\\\/\\\/acninternational.org\\\/es\\\/\",\"name\":\"ACN International\",\"description\":\"\",\"publisher\":{\"@id\":\"https:\\\/\\\/acninternational.org\\\/es\\\/#organization\"},\"potentialAction\":[{\"@type\":\"SearchAction\",\"target\":{\"@type\":\"EntryPoint\",\"urlTemplate\":\"https:\\\/\\\/acninternational.org\\\/es\\\/?s={search_term_string}\"},\"query-input\":{\"@type\":\"PropertyValueSpecification\",\"valueRequired\":true,\"valueName\":\"search_term_string\"}}],\"inLanguage\":\"es\"},{\"@type\":\"Organization\",\"@id\":\"https:\\\/\\\/acninternational.org\\\/es\\\/#organization\",\"name\":\"Aid to the Church in Need International\",\"url\":\"https:\\\/\\\/acninternational.org\\\/es\\\/\",\"logo\":{\"@type\":\"ImageObject\",\"inLanguage\":\"es\",\"@id\":\"https:\\\/\\\/acninternational.org\\\/es\\\/#\\\/schema\\\/logo\\\/image\\\/\",\"url\":\"https:\\\/\\\/media.acninternational.org\\\/wp-content\\\/uploads\\\/2019\\\/11\\\/acn_logo_blackvector.svg\",\"contentUrl\":\"https:\\\/\\\/media.acninternational.org\\\/wp-content\\\/uploads\\\/2019\\\/11\\\/acn_logo_blackvector.svg\",\"width\":232.6,\"height\":78,\"caption\":\"Aid to the Church in Need International\"},\"image\":{\"@id\":\"https:\\\/\\\/acninternational.org\\\/es\\\/#\\\/schema\\\/logo\\\/image\\\/\"},\"sameAs\":[\"https:\\\/\\\/www.facebook.com\\\/acninternationalorg\",\"https:\\\/\\\/x.com\\\/acn_int\",\"https:\\\/\\\/www.youtube.com\\\/channel\\\/UCQ-077gS0TnVzkhHmf1opZw\",\"https:\\\/\\\/www.instagram.com\\\/acn_international\\\/\"]},{\"@type\":\"Person\",\"@id\":\"https:\\\/\\\/acninternational.org\\\/es\\\/#\\\/schema\\\/person\\\/7489225627ad784c8faa0f4616c1cbdf\",\"name\":\"Filipe d\u2019Avillez\",\"url\":\"https:\\\/\\\/acninternational.org\\\/es\\\/author\\\/filipe\\\/\"}]}<\/script>\n<!-- \/ Yoast SEO Premium plugin. -->","yoast_head_json":{"title":"Iraq: Reavivando la fe en la \u201ctierra del Ed\u00e9n\u201d | ACN International","description":"Tradicionalmente, el pueblo ha sido habitado casi exclusivamente por cristianos de idioma arameo de la Iglesia cat\u00f3lica caldea","robots":{"index":"index","follow":"follow","max-snippet":"max-snippet:-1","max-image-preview":"max-image-preview:large","max-video-preview":"max-video-preview:-1"},"canonical":"https:\/\/acninternational.org\/es\/iraq-reavivando-la-fe-en-la-tierra-del-eden\/","og_locale":"es_ES","og_type":"article","og_title":"Iraq: Reavivando la fe en la \u201ctierra del Ed\u00e9n\u201d","og_description":"Tradicionalmente, el pueblo ha sido habitado casi exclusivamente por cristianos de idioma arameo de la Iglesia cat\u00f3lica caldea","og_url":"https:\/\/acninternational.org\/es\/iraq-reavivando-la-fe-en-la-tierra-del-eden\/","og_site_name":"ACN International","article_publisher":"https:\/\/www.facebook.com\/acninternationalorg","article_published_time":"2024-09-11T09:27:00+00:00","article_modified_time":"2025-08-12T08:35:20+00:00","og_image":[{"width":1920,"height":700,"url":"https:\/\/media.acninternational.org\/wp-content\/uploads\/2024\/09\/ACN-20240910-171318.jpeg","type":"image\/jpeg"}],"author":"Filipe d\u2019Avillez","twitter_card":"summary_large_image","twitter_creator":"@acn_int","twitter_site":"@acn_int","twitter_misc":{"Escrito por":"Filipe d\u2019Avillez","Tiempo de lectura":"4 minutos"},"schema":{"@context":"https:\/\/schema.org","@graph":[{"@type":"Article","@id":"https:\/\/acninternational.org\/es\/iraq-reavivando-la-fe-en-la-tierra-del-eden\/#article","isPartOf":{"@id":"https:\/\/acninternational.org\/es\/iraq-reavivando-la-fe-en-la-tierra-del-eden\/"},"author":{"name":"Filipe d\u2019Avillez","@id":"https:\/\/acninternational.org\/es\/#\/schema\/person\/7489225627ad784c8faa0f4616c1cbdf"},"headline":"Iraq: Reavivando la fe en la \u201ctierra del Ed\u00e9n\u201d","datePublished":"2024-09-11T09:27:00+00:00","dateModified":"2025-08-12T08:35:20+00:00","mainEntityOfPage":{"@id":"https:\/\/acninternational.org\/es\/iraq-reavivando-la-fe-en-la-tierra-del-eden\/"},"wordCount":683,"publisher":{"@id":"https:\/\/acninternational.org\/es\/#organization"},"image":{"@id":"https:\/\/acninternational.org\/es\/iraq-reavivando-la-fe-en-la-tierra-del-eden\/#primaryimage"},"thumbnailUrl":"https:\/\/media.acninternational.org\/wp-content\/uploads\/2024\/09\/ACN-20240910-171318.jpeg","articleSection":["News","NOTICIAS"],"inLanguage":"es"},{"@type":"WebPage","@id":"https:\/\/acninternational.org\/es\/iraq-reavivando-la-fe-en-la-tierra-del-eden\/","url":"https:\/\/acninternational.org\/es\/iraq-reavivando-la-fe-en-la-tierra-del-eden\/","name":"Iraq: Reavivando la fe en la \u201ctierra del Ed\u00e9n\u201d | ACN International","isPartOf":{"@id":"https:\/\/acninternational.org\/es\/#website"},"primaryImageOfPage":{"@id":"https:\/\/acninternational.org\/es\/iraq-reavivando-la-fe-en-la-tierra-del-eden\/#primaryimage"},"image":{"@id":"https:\/\/acninternational.org\/es\/iraq-reavivando-la-fe-en-la-tierra-del-eden\/#primaryimage"},"thumbnailUrl":"https:\/\/media.acninternational.org\/wp-content\/uploads\/2024\/09\/ACN-20240910-171318.jpeg","datePublished":"2024-09-11T09:27:00+00:00","dateModified":"2025-08-12T08:35:20+00:00","description":"Tradicionalmente, el pueblo ha sido habitado casi exclusivamente por cristianos de idioma arameo de la Iglesia cat\u00f3lica caldea","breadcrumb":{"@id":"https:\/\/acninternational.org\/es\/iraq-reavivando-la-fe-en-la-tierra-del-eden\/#breadcrumb"},"inLanguage":"es","potentialAction":[{"@type":"ReadAction","target":["https:\/\/acninternational.org\/es\/iraq-reavivando-la-fe-en-la-tierra-del-eden\/"]}]},{"@type":"ImageObject","inLanguage":"es","@id":"https:\/\/acninternational.org\/es\/iraq-reavivando-la-fe-en-la-tierra-del-eden\/#primaryimage","url":"https:\/\/media.acninternational.org\/wp-content\/uploads\/2024\/09\/ACN-20240910-171318.jpeg","contentUrl":"https:\/\/media.acninternational.org\/wp-content\/uploads\/2024\/09\/ACN-20240910-171318.jpeg","width":1920,"height":700},{"@type":"BreadcrumbList","@id":"https:\/\/acninternational.org\/es\/iraq-reavivando-la-fe-en-la-tierra-del-eden\/#breadcrumb","itemListElement":[{"@type":"ListItem","position":1,"name":"Home","item":"https:\/\/acninternational.org\/es\/"},{"@type":"ListItem","position":2,"name":"NOTICIAS","item":"https:\/\/acninternational.org\/es\/category\/news-es\/"},{"@type":"ListItem","position":3,"name":"Iraq: Reavivando la fe en la \u201ctierra del Ed\u00e9n\u201d"}]},{"@type":"WebSite","@id":"https:\/\/acninternational.org\/es\/#website","url":"https:\/\/acninternational.org\/es\/","name":"ACN International","description":"","publisher":{"@id":"https:\/\/acninternational.org\/es\/#organization"},"potentialAction":[{"@type":"SearchAction","target":{"@type":"EntryPoint","urlTemplate":"https:\/\/acninternational.org\/es\/?s={search_term_string}"},"query-input":{"@type":"PropertyValueSpecification","valueRequired":true,"valueName":"search_term_string"}}],"inLanguage":"es"},{"@type":"Organization","@id":"https:\/\/acninternational.org\/es\/#organization","name":"Aid to the Church in Need International","url":"https:\/\/acninternational.org\/es\/","logo":{"@type":"ImageObject","inLanguage":"es","@id":"https:\/\/acninternational.org\/es\/#\/schema\/logo\/image\/","url":"https:\/\/media.acninternational.org\/wp-content\/uploads\/2019\/11\/acn_logo_blackvector.svg","contentUrl":"https:\/\/media.acninternational.org\/wp-content\/uploads\/2019\/11\/acn_logo_blackvector.svg","width":232.6,"height":78,"caption":"Aid to the Church in Need International"},"image":{"@id":"https:\/\/acninternational.org\/es\/#\/schema\/logo\/image\/"},"sameAs":["https:\/\/www.facebook.com\/acninternationalorg","https:\/\/x.com\/acn_int","https:\/\/www.youtube.com\/channel\/UCQ-077gS0TnVzkhHmf1opZw","https:\/\/www.instagram.com\/acn_international\/"]},{"@type":"Person","@id":"https:\/\/acninternational.org\/es\/#\/schema\/person\/7489225627ad784c8faa0f4616c1cbdf","name":"Filipe d\u2019Avillez","url":"https:\/\/acninternational.org\/es\/author\/filipe\/"}]}},"_links":{"self":[{"href":"https:\/\/acninternational.org\/es\/wp-json\/wp\/v2\/posts\/226069","targetHints":{"allow":["GET"]}}],"collection":[{"href":"https:\/\/acninternational.org\/es\/wp-json\/wp\/v2\/posts"}],"about":[{"href":"https:\/\/acninternational.org\/es\/wp-json\/wp\/v2\/types\/post"}],"author":[{"embeddable":true,"href":"https:\/\/acninternational.org\/es\/wp-json\/wp\/v2\/users\/4258341377"}],"replies":[{"embeddable":true,"href":"https:\/\/acninternational.org\/es\/wp-json\/wp\/v2\/comments?post=226069"}],"version-history":[{"count":1,"href":"https:\/\/acninternational.org\/es\/wp-json\/wp\/v2\/posts\/226069\/revisions"}],"predecessor-version":[{"id":245475,"href":"https:\/\/acninternational.org\/es\/wp-json\/wp\/v2\/posts\/226069\/revisions\/245475"}],"wp:featuredmedia":[{"embeddable":true,"href":"https:\/\/acninternational.org\/es\/wp-json\/wp\/v2\/media\/226050"}],"wp:attachment":[{"href":"https:\/\/acninternational.org\/es\/wp-json\/wp\/v2\/media?parent=226069"}],"wp:term":[{"taxonomy":"category","embeddable":true,"href":"https:\/\/acninternational.org\/es\/wp-json\/wp\/v2\/categories?post=226069"},{"taxonomy":"post_tag","embeddable":true,"href":"https:\/\/acninternational.org\/es\/wp-json\/wp\/v2\/tags?post=226069"},{"taxonomy":"country","embeddable":true,"href":"https:\/\/acninternational.org\/es\/wp-json\/wp\/v2\/country?post=226069"}],"curies":[{"name":"wp","href":"https:\/\/api.w.org\/{rel}","templated":true}]}}