{"id":225653,"date":"2024-08-23T14:54:33","date_gmt":"2024-08-23T12:54:33","guid":{"rendered":"https:\/\/acninternational.org\/?p=225653"},"modified":"2025-08-12T10:36:06","modified_gmt":"2025-08-12T08:36:06","slug":"ocho-anos-encarcelada-injustamente-en-pakistan-dios-estuvo-conmigo-en-esa-lucha","status":"publish","type":"post","link":"https:\/\/acninternational.org\/es\/ocho-anos-encarcelada-injustamente-en-pakistan-dios-estuvo-conmigo-en-esa-lucha\/","title":{"rendered":"Ocho a\u00f1os encarcelada injustamente en Pakist\u00e1n: \u201cDios estuvo conmigo en esa lucha\u201d"},"content":{"rendered":"<p><em>Shagufta Kausar fue acusada falsamente de blasfemia. Durante casi ocho a\u00f1os permaneci\u00f3 separada de su familia, a su marido lo golpearon y torturaron, y a ambos los presionaron para que se convirtieran al islam. Ahora, una vez recuperada la libertad, Kausar cuenta a Aid to the Church in Need en una entrevista c\u00f3mo extrajo fuerzas de su fe.<\/em><\/p>\n<figure id=\"attachment_225630\" aria-describedby=\"caption-attachment-225630\" style=\"width: 720px\" class=\"wp-caption aligncenter\"><img loading=\"lazy\" decoding=\"async\" class=\"wp-image-225630 size-full\" src=\"https:\/\/media.acninternational.org\/wp-content\/uploads\/2024\/09\/ACN-20240823-170750.jpg\" alt=\"Shagufta Kausar\" width=\"720\" height=\"960\" srcset=\"https:\/\/media.acninternational.org\/wp-content\/uploads\/2024\/09\/ACN-20240823-170750.jpg 720w, https:\/\/media.acninternational.org\/wp-content\/uploads\/2024\/09\/ACN-20240823-170750-225x300.jpg 225w\" sizes=\"auto, (max-width: 720px) 100vw, 720px\" \/><figcaption id=\"caption-attachment-225630\" class=\"wp-caption-text\">Shagufta Kausar<\/figcaption><\/figure>\n<h4><strong>Sra. Kausar, usted fue acusada injustamente de blasfemia y, a pesar de ser inocente, pas\u00f3 casi ocho a\u00f1os en una c\u00e1rcel pakistan\u00ed. Finalmente, fue puesta en libertad. \u00bfC\u00f3mo es ser cristiano en Pakist\u00e1n?<\/strong><\/h4>\n<p>En Pakist\u00e1n hay persecuci\u00f3n contra los cristianos: muchos son acusados injustamente de blasfemia y encarcelados. Para nosotros, incluso las cosas sencillas de la vida cotidiana pueden complicarse, porque te puede acusar cualquier vecino o, como ocurri\u00f3 en el caso de <a href=\"https:\/\/acninternational.org\/es\/una-familia-cristiana-atacada-por-una-multitud-enfurecida-en-pakistan\/\" target=\"_blank\" rel=\"noopener\">Sarghoda<\/a>, donde un lechero puede acusar a una persona falsamente de haber quemado una p\u00e1gina del Cor\u00e1n.<\/p>\n<h4><strong>\u00bfDe d\u00f3nde extrajo fuerzas para soportar tantos a\u00f1os de encarcelamiento y separaci\u00f3n de sus seres queridos?<\/strong><\/h4>\n<p>A pesar de no tener tel\u00e9fono m\u00f3vil, fui acusada de haber enviado un mensaje de texto blasfemo a un im\u00e1n local, tras lo cual fui encarcelada en r\u00e9gimen de aislamiento. Tras ser condenada a muerte, sufr\u00ed a causa del calor, el hambre y la separaci\u00f3n de mi familia. Lo \u00fanico que me sustent\u00f3, convirti\u00e9ndose en una fuente de serenidad, fue mi fe en Jesucristo. Le\u00ed en Mateo 6:27: [\u00bfQui\u00e9n de vosotros, a fuerza de agobiarse, podr\u00e1 a\u00f1adir una hora al tiempo de su vida?] Medit\u00e9 y reflexion\u00e9 sobre mi fe y me sent\u00ed fortalecida interiormente. Ya no estaba sola; Dios estaba conmigo en la lucha entre la vida y la muerte.<\/p>\n<h4><strong>\u00bfQu\u00e9 impacto tuvo toda esa situaci\u00f3n en su familia y sus amigos?<\/strong><\/h4>\n<p>Cuando estaba en la c\u00e1rcel esperaba poder recibir visitas de mis hijos, pero durante tres a\u00f1os no me permitieron verlos. A los ni\u00f1os varones se los llevaron a un centro de protecci\u00f3n estatal. Estaban aterrorizados, porque al ser menores ve\u00edan en ellos a hijos de una persona que hab\u00eda cometido blasfemia, por lo que la gente ten\u00eda prejuicios frente a ellos y se les manten\u00eda aislados. Mi marido, que sufre una discapacidad, tambi\u00e9n fue detenido. En la c\u00e1rcel lo colgaron cabeza abajo y lo golpearon para obligarlo a admitir que hab\u00edamos cometido blasfemia.<\/p>\n<figure id=\"attachment_225636\" aria-describedby=\"caption-attachment-225636\" style=\"width: 800px\" class=\"wp-caption aligncenter\"><img loading=\"lazy\" decoding=\"async\" class=\"wp-image-225636 size-large\" src=\"https:\/\/media.acninternational.org\/wp-content\/uploads\/2024\/09\/ACN-20210604-113716-1024x501.jpg\" alt=\"Shagufta Kausar y su marido Shafqat Emmanuel Masih\" width=\"800\" height=\"391\" srcset=\"https:\/\/media.acninternational.org\/wp-content\/uploads\/2024\/09\/ACN-20210604-113716-1024x501.jpg 1024w, https:\/\/media.acninternational.org\/wp-content\/uploads\/2024\/09\/ACN-20210604-113716-300x147.jpg 300w, https:\/\/media.acninternational.org\/wp-content\/uploads\/2024\/09\/ACN-20210604-113716-768x375.jpg 768w, https:\/\/media.acninternational.org\/wp-content\/uploads\/2024\/09\/ACN-20210604-113716.jpg 1080w\" sizes=\"auto, (max-width: 800px) 100vw, 800px\" \/><figcaption id=\"caption-attachment-225636\" class=\"wp-caption-text\">Shagufta Kausar y su marido Shafqat Emmanuel Masih<\/figcaption><\/figure>\n<p>Sin embargo, \u00e9ramos inocentes y no pod\u00edamos confesar algo que no hab\u00edamos hecho. Nos presionaron para que nos convirti\u00e9ramos al islam, pero nos negamos porque apreciamos nuestra fe en Jesucristo. Mi hermano y mi cu\u00f1ada hicieron lo que pudieron para que yo recibiera asistencia jur\u00eddica, y tambi\u00e9n la Uni\u00f3n Europea se implic\u00f3 en demostrar mi inocencia. Yo tuve suerte, mientras que muchos otros siguen en prisi\u00f3n. Si Pakist\u00e1n no hace algo para impedir que se siga abusando de esta ley, habr\u00e1 muchas m\u00e1s Asia Bibis y Shagufta Kausers.<\/p>\n<h4><strong>Muchos de nuestros benefactores entregan generosos donativos para ayudar a los cristianos de Pakist\u00e1n. \u00bfTiene alg\u00fan mensaje para ellos?<\/strong><\/h4>\n<p>Pakist\u00e1n es un pa\u00eds muy pobre donde los cristianos son los m\u00e1s pobres de entre los pobres. Como profesan una fe diferente de la de la mayor\u00eda de la poblaci\u00f3n, acaban siendo discriminados y marginados. Si eres cristiano en Pakist\u00e1n y te acusan de blasfemia, ning\u00fan abogado de oficio querr\u00e1 llevar tu caso y ning\u00fan juez dictar\u00e1 de buen grado una sentencia justa, pues ya se han dado casos de abogados o incluso de jueces asesinados a manos de grupos radicales por declarar inocentes a cristianos. Esto significa que los cristianos necesitan ayuda econ\u00f3mica para contratar a un abogado. Por estas razones, a los cristianos nos resulta dif\u00edcil sobrevivir como ciudadanos y como cristianos. Grcias a los benefactores de Aid to the Church in Need y a tantos otros amigos del mundo entero que nos apoyan, logramos no s\u00f3lo sobrevivir, sino tambi\u00e9n profesar nuestra fe.<\/p>\n<p>&nbsp;<\/p>\n","protected":false},"excerpt":{"rendered":"<p>Shagufta Kausar fue acusada falsamente de blasfemia. Durante casi ocho a\u00f1os permaneci\u00f3 separada de su familia, a su marido lo<\/p>\n","protected":false},"author":4258341450,"featured_media":225629,"comment_status":"closed","ping_status":"closed","sticky":false,"template":"","format":"standard","meta":{"_acf_changed":false,"_acn_coauthor_ids":[],"footnotes":""},"categories":[745,798],"tags":[],"country":[407],"class_list":["post-225653","post","type-post","status-publish","format-standard","has-post-thumbnail","hentry","category-entrevistas","category-interviews-es","country-pakistan-es"],"acn_coauthors":[],"acf":[],"yoast_head":"<!-- This site is optimized with the Yoast SEO Premium plugin v27.3 (Yoast SEO v27.3) - https:\/\/yoast.com\/product\/yoast-seo-premium-wordpress\/ -->\n<title>Ocho a\u00f1os encarcelada injustamente en Pakist\u00e1n: \u201cDios estuvo conmigo en esa lucha\u201d | ACN International<\/title>\n<meta name=\"robots\" content=\"index, follow, max-snippet:-1, max-image-preview:large, max-video-preview:-1\" \/>\n<link rel=\"canonical\" href=\"https:\/\/acninternational.org\/es\/ocho-anos-encarcelada-injustamente-en-pakistan-dios-estuvo-conmigo-en-esa-lucha\/\" \/>\n<meta property=\"og:locale\" content=\"es_ES\" \/>\n<meta property=\"og:type\" content=\"article\" \/>\n<meta property=\"og:title\" content=\"Ocho a\u00f1os encarcelada injustamente en Pakist\u00e1n: \u201cDios estuvo conmigo en esa lucha\u201d\" \/>\n<meta property=\"og:description\" content=\"Shagufta Kausar fue acusada falsamente de blasfemia. Durante casi ocho a\u00f1os permaneci\u00f3 separada de su familia, a su marido lo\" \/>\n<meta property=\"og:url\" content=\"https:\/\/acninternational.org\/es\/ocho-anos-encarcelada-injustamente-en-pakistan-dios-estuvo-conmigo-en-esa-lucha\/\" \/>\n<meta property=\"og:site_name\" content=\"ACN International\" \/>\n<meta property=\"article:publisher\" content=\"https:\/\/www.facebook.com\/acninternationalorg\" \/>\n<meta property=\"article:published_time\" content=\"2024-08-23T12:54:33+00:00\" \/>\n<meta property=\"article:modified_time\" content=\"2025-08-12T08:36:06+00:00\" \/>\n<meta property=\"og:image\" content=\"https:\/\/media.acninternational.org\/wp-content\/uploads\/2024\/09\/ACN-20180816-75042.jpg\" \/>\n\t<meta property=\"og:image:width\" content=\"1920\" \/>\n\t<meta property=\"og:image:height\" content=\"700\" \/>\n\t<meta property=\"og:image:type\" content=\"image\/jpeg\" \/>\n<meta name=\"author\" content=\"Massimiliano Tubani\" \/>\n<meta name=\"twitter:card\" content=\"summary_large_image\" \/>\n<meta name=\"twitter:creator\" content=\"@acn_int\" \/>\n<meta name=\"twitter:site\" content=\"@acn_int\" \/>\n<meta name=\"twitter:label1\" content=\"Escrito por\" \/>\n\t<meta name=\"twitter:data1\" content=\"Massimiliano Tubani\" \/>\n\t<meta name=\"twitter:label2\" content=\"Tiempo de lectura\" \/>\n\t<meta name=\"twitter:data2\" content=\"4 minutos\" \/>\n<script type=\"application\/ld+json\" class=\"yoast-schema-graph\">{\"@context\":\"https:\\\/\\\/schema.org\",\"@graph\":[{\"@type\":\"Article\",\"@id\":\"https:\\\/\\\/acninternational.org\\\/es\\\/ocho-anos-encarcelada-injustamente-en-pakistan-dios-estuvo-conmigo-en-esa-lucha\\\/#article\",\"isPartOf\":{\"@id\":\"https:\\\/\\\/acninternational.org\\\/es\\\/ocho-anos-encarcelada-injustamente-en-pakistan-dios-estuvo-conmigo-en-esa-lucha\\\/\"},\"author\":{\"name\":\"Massimiliano Tubani\",\"@id\":\"https:\\\/\\\/acninternational.org\\\/es\\\/#\\\/schema\\\/person\\\/1290ef6370f510030e3b8d77b053a7ba\"},\"headline\":\"Ocho a\u00f1os encarcelada injustamente en Pakist\u00e1n: \u201cDios estuvo conmigo en esa lucha\u201d\",\"datePublished\":\"2024-08-23T12:54:33+00:00\",\"dateModified\":\"2025-08-12T08:36:06+00:00\",\"mainEntityOfPage\":{\"@id\":\"https:\\\/\\\/acninternational.org\\\/es\\\/ocho-anos-encarcelada-injustamente-en-pakistan-dios-estuvo-conmigo-en-esa-lucha\\\/\"},\"wordCount\":727,\"publisher\":{\"@id\":\"https:\\\/\\\/acninternational.org\\\/es\\\/#organization\"},\"image\":{\"@id\":\"https:\\\/\\\/acninternational.org\\\/es\\\/ocho-anos-encarcelada-injustamente-en-pakistan-dios-estuvo-conmigo-en-esa-lucha\\\/#primaryimage\"},\"thumbnailUrl\":\"https:\\\/\\\/media.acninternational.org\\\/wp-content\\\/uploads\\\/2024\\\/09\\\/ACN-20180816-75042.jpg\",\"articleSection\":[\"ENTREVISTAS\",\"INTERVIEWS\"],\"inLanguage\":\"es\"},{\"@type\":\"WebPage\",\"@id\":\"https:\\\/\\\/acninternational.org\\\/es\\\/ocho-anos-encarcelada-injustamente-en-pakistan-dios-estuvo-conmigo-en-esa-lucha\\\/\",\"url\":\"https:\\\/\\\/acninternational.org\\\/es\\\/ocho-anos-encarcelada-injustamente-en-pakistan-dios-estuvo-conmigo-en-esa-lucha\\\/\",\"name\":\"Ocho a\u00f1os encarcelada injustamente en Pakist\u00e1n: \u201cDios estuvo conmigo en esa lucha\u201d | ACN International\",\"isPartOf\":{\"@id\":\"https:\\\/\\\/acninternational.org\\\/es\\\/#website\"},\"primaryImageOfPage\":{\"@id\":\"https:\\\/\\\/acninternational.org\\\/es\\\/ocho-anos-encarcelada-injustamente-en-pakistan-dios-estuvo-conmigo-en-esa-lucha\\\/#primaryimage\"},\"image\":{\"@id\":\"https:\\\/\\\/acninternational.org\\\/es\\\/ocho-anos-encarcelada-injustamente-en-pakistan-dios-estuvo-conmigo-en-esa-lucha\\\/#primaryimage\"},\"thumbnailUrl\":\"https:\\\/\\\/media.acninternational.org\\\/wp-content\\\/uploads\\\/2024\\\/09\\\/ACN-20180816-75042.jpg\",\"datePublished\":\"2024-08-23T12:54:33+00:00\",\"dateModified\":\"2025-08-12T08:36:06+00:00\",\"breadcrumb\":{\"@id\":\"https:\\\/\\\/acninternational.org\\\/es\\\/ocho-anos-encarcelada-injustamente-en-pakistan-dios-estuvo-conmigo-en-esa-lucha\\\/#breadcrumb\"},\"inLanguage\":\"es\",\"potentialAction\":[{\"@type\":\"ReadAction\",\"target\":[\"https:\\\/\\\/acninternational.org\\\/es\\\/ocho-anos-encarcelada-injustamente-en-pakistan-dios-estuvo-conmigo-en-esa-lucha\\\/\"]}]},{\"@type\":\"ImageObject\",\"inLanguage\":\"es\",\"@id\":\"https:\\\/\\\/acninternational.org\\\/es\\\/ocho-anos-encarcelada-injustamente-en-pakistan-dios-estuvo-conmigo-en-esa-lucha\\\/#primaryimage\",\"url\":\"https:\\\/\\\/media.acninternational.org\\\/wp-content\\\/uploads\\\/2024\\\/09\\\/ACN-20180816-75042.jpg\",\"contentUrl\":\"https:\\\/\\\/media.acninternational.org\\\/wp-content\\\/uploads\\\/2024\\\/09\\\/ACN-20180816-75042.jpg\",\"width\":1920,\"height\":700},{\"@type\":\"BreadcrumbList\",\"@id\":\"https:\\\/\\\/acninternational.org\\\/es\\\/ocho-anos-encarcelada-injustamente-en-pakistan-dios-estuvo-conmigo-en-esa-lucha\\\/#breadcrumb\",\"itemListElement\":[{\"@type\":\"ListItem\",\"position\":1,\"name\":\"Home\",\"item\":\"https:\\\/\\\/acninternational.org\\\/es\\\/\"},{\"@type\":\"ListItem\",\"position\":2,\"name\":\"INTERVIEWS\",\"item\":\"https:\\\/\\\/acninternational.org\\\/es\\\/category\\\/interviews-es\\\/\"},{\"@type\":\"ListItem\",\"position\":3,\"name\":\"Ocho a\u00f1os encarcelada injustamente en Pakist\u00e1n: \u201cDios estuvo conmigo en esa lucha\u201d\"}]},{\"@type\":\"WebSite\",\"@id\":\"https:\\\/\\\/acninternational.org\\\/es\\\/#website\",\"url\":\"https:\\\/\\\/acninternational.org\\\/es\\\/\",\"name\":\"ACN International\",\"description\":\"\",\"publisher\":{\"@id\":\"https:\\\/\\\/acninternational.org\\\/es\\\/#organization\"},\"potentialAction\":[{\"@type\":\"SearchAction\",\"target\":{\"@type\":\"EntryPoint\",\"urlTemplate\":\"https:\\\/\\\/acninternational.org\\\/es\\\/?s={search_term_string}\"},\"query-input\":{\"@type\":\"PropertyValueSpecification\",\"valueRequired\":true,\"valueName\":\"search_term_string\"}}],\"inLanguage\":\"es\"},{\"@type\":\"Organization\",\"@id\":\"https:\\\/\\\/acninternational.org\\\/es\\\/#organization\",\"name\":\"Aid to the Church in Need International\",\"url\":\"https:\\\/\\\/acninternational.org\\\/es\\\/\",\"logo\":{\"@type\":\"ImageObject\",\"inLanguage\":\"es\",\"@id\":\"https:\\\/\\\/acninternational.org\\\/es\\\/#\\\/schema\\\/logo\\\/image\\\/\",\"url\":\"https:\\\/\\\/media.acninternational.org\\\/wp-content\\\/uploads\\\/2019\\\/11\\\/acn_logo_blackvector.svg\",\"contentUrl\":\"https:\\\/\\\/media.acninternational.org\\\/wp-content\\\/uploads\\\/2019\\\/11\\\/acn_logo_blackvector.svg\",\"width\":232.6,\"height\":78,\"caption\":\"Aid to the Church in Need International\"},\"image\":{\"@id\":\"https:\\\/\\\/acninternational.org\\\/es\\\/#\\\/schema\\\/logo\\\/image\\\/\"},\"sameAs\":[\"https:\\\/\\\/www.facebook.com\\\/acninternationalorg\",\"https:\\\/\\\/x.com\\\/acn_int\",\"https:\\\/\\\/www.youtube.com\\\/channel\\\/UCQ-077gS0TnVzkhHmf1opZw\",\"https:\\\/\\\/www.instagram.com\\\/acn_international\\\/\"]},{\"@type\":\"Person\",\"@id\":\"https:\\\/\\\/acninternational.org\\\/es\\\/#\\\/schema\\\/person\\\/1290ef6370f510030e3b8d77b053a7ba\",\"name\":\"Massimiliano Tubani\",\"description\":\"Lorem ipsum dolor sit amet, consectetur adipiscing elit, sed do eiusmod tempor incididunt ut labore et dolore magna aliqua. Ut enim ad minim veniam, quis nostrud exercitation ullamco laboris nisi ut aliquip ex ea commodo consequat.\",\"url\":\"https:\\\/\\\/acninternational.org\\\/es\\\/author\\\/massimiliano-tubani\\\/\"}]}<\/script>\n<!-- \/ Yoast SEO Premium plugin. -->","yoast_head_json":{"title":"Ocho a\u00f1os encarcelada injustamente en Pakist\u00e1n: \u201cDios estuvo conmigo en esa lucha\u201d | ACN International","robots":{"index":"index","follow":"follow","max-snippet":"max-snippet:-1","max-image-preview":"max-image-preview:large","max-video-preview":"max-video-preview:-1"},"canonical":"https:\/\/acninternational.org\/es\/ocho-anos-encarcelada-injustamente-en-pakistan-dios-estuvo-conmigo-en-esa-lucha\/","og_locale":"es_ES","og_type":"article","og_title":"Ocho a\u00f1os encarcelada injustamente en Pakist\u00e1n: \u201cDios estuvo conmigo en esa lucha\u201d","og_description":"Shagufta Kausar fue acusada falsamente de blasfemia. Durante casi ocho a\u00f1os permaneci\u00f3 separada de su familia, a su marido lo","og_url":"https:\/\/acninternational.org\/es\/ocho-anos-encarcelada-injustamente-en-pakistan-dios-estuvo-conmigo-en-esa-lucha\/","og_site_name":"ACN International","article_publisher":"https:\/\/www.facebook.com\/acninternationalorg","article_published_time":"2024-08-23T12:54:33+00:00","article_modified_time":"2025-08-12T08:36:06+00:00","og_image":[{"width":1920,"height":700,"url":"https:\/\/media.acninternational.org\/wp-content\/uploads\/2024\/09\/ACN-20180816-75042.jpg","type":"image\/jpeg"}],"author":"Massimiliano Tubani","twitter_card":"summary_large_image","twitter_creator":"@acn_int","twitter_site":"@acn_int","twitter_misc":{"Escrito por":"Massimiliano Tubani","Tiempo de lectura":"4 minutos"},"schema":{"@context":"https:\/\/schema.org","@graph":[{"@type":"Article","@id":"https:\/\/acninternational.org\/es\/ocho-anos-encarcelada-injustamente-en-pakistan-dios-estuvo-conmigo-en-esa-lucha\/#article","isPartOf":{"@id":"https:\/\/acninternational.org\/es\/ocho-anos-encarcelada-injustamente-en-pakistan-dios-estuvo-conmigo-en-esa-lucha\/"},"author":{"name":"Massimiliano Tubani","@id":"https:\/\/acninternational.org\/es\/#\/schema\/person\/1290ef6370f510030e3b8d77b053a7ba"},"headline":"Ocho a\u00f1os encarcelada injustamente en Pakist\u00e1n: \u201cDios estuvo conmigo en esa lucha\u201d","datePublished":"2024-08-23T12:54:33+00:00","dateModified":"2025-08-12T08:36:06+00:00","mainEntityOfPage":{"@id":"https:\/\/acninternational.org\/es\/ocho-anos-encarcelada-injustamente-en-pakistan-dios-estuvo-conmigo-en-esa-lucha\/"},"wordCount":727,"publisher":{"@id":"https:\/\/acninternational.org\/es\/#organization"},"image":{"@id":"https:\/\/acninternational.org\/es\/ocho-anos-encarcelada-injustamente-en-pakistan-dios-estuvo-conmigo-en-esa-lucha\/#primaryimage"},"thumbnailUrl":"https:\/\/media.acninternational.org\/wp-content\/uploads\/2024\/09\/ACN-20180816-75042.jpg","articleSection":["ENTREVISTAS","INTERVIEWS"],"inLanguage":"es"},{"@type":"WebPage","@id":"https:\/\/acninternational.org\/es\/ocho-anos-encarcelada-injustamente-en-pakistan-dios-estuvo-conmigo-en-esa-lucha\/","url":"https:\/\/acninternational.org\/es\/ocho-anos-encarcelada-injustamente-en-pakistan-dios-estuvo-conmigo-en-esa-lucha\/","name":"Ocho a\u00f1os encarcelada injustamente en Pakist\u00e1n: \u201cDios estuvo conmigo en esa lucha\u201d | ACN International","isPartOf":{"@id":"https:\/\/acninternational.org\/es\/#website"},"primaryImageOfPage":{"@id":"https:\/\/acninternational.org\/es\/ocho-anos-encarcelada-injustamente-en-pakistan-dios-estuvo-conmigo-en-esa-lucha\/#primaryimage"},"image":{"@id":"https:\/\/acninternational.org\/es\/ocho-anos-encarcelada-injustamente-en-pakistan-dios-estuvo-conmigo-en-esa-lucha\/#primaryimage"},"thumbnailUrl":"https:\/\/media.acninternational.org\/wp-content\/uploads\/2024\/09\/ACN-20180816-75042.jpg","datePublished":"2024-08-23T12:54:33+00:00","dateModified":"2025-08-12T08:36:06+00:00","breadcrumb":{"@id":"https:\/\/acninternational.org\/es\/ocho-anos-encarcelada-injustamente-en-pakistan-dios-estuvo-conmigo-en-esa-lucha\/#breadcrumb"},"inLanguage":"es","potentialAction":[{"@type":"ReadAction","target":["https:\/\/acninternational.org\/es\/ocho-anos-encarcelada-injustamente-en-pakistan-dios-estuvo-conmigo-en-esa-lucha\/"]}]},{"@type":"ImageObject","inLanguage":"es","@id":"https:\/\/acninternational.org\/es\/ocho-anos-encarcelada-injustamente-en-pakistan-dios-estuvo-conmigo-en-esa-lucha\/#primaryimage","url":"https:\/\/media.acninternational.org\/wp-content\/uploads\/2024\/09\/ACN-20180816-75042.jpg","contentUrl":"https:\/\/media.acninternational.org\/wp-content\/uploads\/2024\/09\/ACN-20180816-75042.jpg","width":1920,"height":700},{"@type":"BreadcrumbList","@id":"https:\/\/acninternational.org\/es\/ocho-anos-encarcelada-injustamente-en-pakistan-dios-estuvo-conmigo-en-esa-lucha\/#breadcrumb","itemListElement":[{"@type":"ListItem","position":1,"name":"Home","item":"https:\/\/acninternational.org\/es\/"},{"@type":"ListItem","position":2,"name":"INTERVIEWS","item":"https:\/\/acninternational.org\/es\/category\/interviews-es\/"},{"@type":"ListItem","position":3,"name":"Ocho a\u00f1os encarcelada injustamente en Pakist\u00e1n: \u201cDios estuvo conmigo en esa lucha\u201d"}]},{"@type":"WebSite","@id":"https:\/\/acninternational.org\/es\/#website","url":"https:\/\/acninternational.org\/es\/","name":"ACN International","description":"","publisher":{"@id":"https:\/\/acninternational.org\/es\/#organization"},"potentialAction":[{"@type":"SearchAction","target":{"@type":"EntryPoint","urlTemplate":"https:\/\/acninternational.org\/es\/?s={search_term_string}"},"query-input":{"@type":"PropertyValueSpecification","valueRequired":true,"valueName":"search_term_string"}}],"inLanguage":"es"},{"@type":"Organization","@id":"https:\/\/acninternational.org\/es\/#organization","name":"Aid to the Church in Need International","url":"https:\/\/acninternational.org\/es\/","logo":{"@type":"ImageObject","inLanguage":"es","@id":"https:\/\/acninternational.org\/es\/#\/schema\/logo\/image\/","url":"https:\/\/media.acninternational.org\/wp-content\/uploads\/2019\/11\/acn_logo_blackvector.svg","contentUrl":"https:\/\/media.acninternational.org\/wp-content\/uploads\/2019\/11\/acn_logo_blackvector.svg","width":232.6,"height":78,"caption":"Aid to the Church in Need International"},"image":{"@id":"https:\/\/acninternational.org\/es\/#\/schema\/logo\/image\/"},"sameAs":["https:\/\/www.facebook.com\/acninternationalorg","https:\/\/x.com\/acn_int","https:\/\/www.youtube.com\/channel\/UCQ-077gS0TnVzkhHmf1opZw","https:\/\/www.instagram.com\/acn_international\/"]},{"@type":"Person","@id":"https:\/\/acninternational.org\/es\/#\/schema\/person\/1290ef6370f510030e3b8d77b053a7ba","name":"Massimiliano Tubani","description":"Lorem ipsum dolor sit amet, consectetur adipiscing elit, sed do eiusmod tempor incididunt ut labore et dolore magna aliqua. Ut enim ad minim veniam, quis nostrud exercitation ullamco laboris nisi ut aliquip ex ea commodo consequat.","url":"https:\/\/acninternational.org\/es\/author\/massimiliano-tubani\/"}]}},"_links":{"self":[{"href":"https:\/\/acninternational.org\/es\/wp-json\/wp\/v2\/posts\/225653","targetHints":{"allow":["GET"]}}],"collection":[{"href":"https:\/\/acninternational.org\/es\/wp-json\/wp\/v2\/posts"}],"about":[{"href":"https:\/\/acninternational.org\/es\/wp-json\/wp\/v2\/types\/post"}],"author":[{"embeddable":true,"href":"https:\/\/acninternational.org\/es\/wp-json\/wp\/v2\/users\/4258341450"}],"replies":[{"embeddable":true,"href":"https:\/\/acninternational.org\/es\/wp-json\/wp\/v2\/comments?post=225653"}],"version-history":[{"count":1,"href":"https:\/\/acninternational.org\/es\/wp-json\/wp\/v2\/posts\/225653\/revisions"}],"predecessor-version":[{"id":245511,"href":"https:\/\/acninternational.org\/es\/wp-json\/wp\/v2\/posts\/225653\/revisions\/245511"}],"wp:featuredmedia":[{"embeddable":true,"href":"https:\/\/acninternational.org\/es\/wp-json\/wp\/v2\/media\/225629"}],"wp:attachment":[{"href":"https:\/\/acninternational.org\/es\/wp-json\/wp\/v2\/media?parent=225653"}],"wp:term":[{"taxonomy":"category","embeddable":true,"href":"https:\/\/acninternational.org\/es\/wp-json\/wp\/v2\/categories?post=225653"},{"taxonomy":"post_tag","embeddable":true,"href":"https:\/\/acninternational.org\/es\/wp-json\/wp\/v2\/tags?post=225653"},{"taxonomy":"country","embeddable":true,"href":"https:\/\/acninternational.org\/es\/wp-json\/wp\/v2\/country?post=225653"}],"curies":[{"name":"wp","href":"https:\/\/api.w.org\/{rel}","templated":true}]}}