{"id":225004,"date":"2024-09-03T15:41:44","date_gmt":"2024-09-03T13:41:44","guid":{"rendered":"https:\/\/acninternational.org\/?p=225004"},"modified":"2025-08-12T10:35:37","modified_gmt":"2025-08-12T08:35:37","slug":"el-papa-francisco-recibe-el-informe-sobre-libertad-religiosa-y-expresa-su-preocupacion-sobre-el-creciente-ataque-a-este-derecho","status":"publish","type":"post","link":"https:\/\/acninternational.org\/es\/el-papa-francisco-recibe-el-informe-sobre-libertad-religiosa-y-expresa-su-preocupacion-sobre-el-creciente-ataque-a-este-derecho\/","title":{"rendered":"El papa Francisco recibe el Informe sobre Libertad Religiosa y expresa su preocupaci\u00f3n sobre el creciente ataque a este derecho"},"content":{"rendered":"<p><em>El pont\u00edfice agradece a ACN el estudio realizado para denunciar la ca\u00edda de la libertad religiosa y asegura su oraci\u00f3n por los perseguidos por su fe<\/em><\/p>\n<p>El papa Francisco ha recibido un ejemplar del <a href=\"https:\/\/acninternational.org\/religiousfreedomreport\/es\" target=\"_blank\" rel=\"noopener\">Informe Libertad Religiosa en el mundo 2023<\/a>, editado por la fundaci\u00f3n pontificia Aid to the Church in Need (ACN),y expres\u00f3 gran preocupaci\u00f3n por el creciente ataque a la libertad religiosa en los cinco continentes. El santo padre tambi\u00e9n ha prometido seguir rezando por los perseguidos por su fe, que son miles de millones de personas seg\u00fan evidencia dicho informe.<\/p>\n<p>La jefa de International Advocacy de ACN, Marcela Szymanski, entreg\u00f3 el resumen del informe a Francisco\u00a0 el pasado 24 de agosto en el Palacio Apost\u00f3lico del Vaticano, Durante la entraga del mismo el Papa respondi\u00f3: \u201cesto es muy importante, muy importante\u201d. Fue en un breve encuentro en el marco de la conferencia anual de la <a href=\"https:\/\/icln.world\/\" target=\"_blank\" rel=\"noopener\">Red Internacional de Legisladores Cat\u00f3licos<\/a> (ICLN, por sus siglas en ingl\u00e9s). Esta conferencia ha reunido a m\u00e1s de 100 responsables pol\u00edticos de todo el mundo, que debatieron los puntos de vista cat\u00f3licos sobre las crecientes tensiones y conflictos armados que tienen lugar en la actualidad.<\/p>\n<figure id=\"attachment_224996\" aria-describedby=\"caption-attachment-224996\" style=\"width: 800px\" class=\"wp-caption aligncenter\"><img loading=\"lazy\" decoding=\"async\" class=\"wp-image-224996 size-large\" src=\"https:\/\/media.acninternational.org\/wp-content\/uploads\/2024\/09\/ACN-20240830-170919-1024x683.jpg\" alt=\"Encuentro del Papa con Marcela Szymanski, responsable internacional de ACN para la defensa de la libertad religiosa\" width=\"800\" height=\"534\" srcset=\"https:\/\/media.acninternational.org\/wp-content\/uploads\/2024\/09\/ACN-20240830-170919-1024x683.jpg 1024w, https:\/\/media.acninternational.org\/wp-content\/uploads\/2024\/09\/ACN-20240830-170919-300x200.jpg 300w, https:\/\/media.acninternational.org\/wp-content\/uploads\/2024\/09\/ACN-20240830-170919-768x512.jpg 768w, https:\/\/media.acninternational.org\/wp-content\/uploads\/2024\/09\/ACN-20240830-170919.jpg 1080w\" sizes=\"auto, (max-width: 800px) 100vw, 800px\" \/><figcaption id=\"caption-attachment-224996\" class=\"wp-caption-text\">Encuentro del Papa con Marcela Szymanski, responsable internacional de ACN para la defensa de la libertad religiosa<\/figcaption><\/figure>\n<p>Las principales conclusiones del Informe Libertad Religiosa en el mundo 2023 se\u00f1alan que la persecuci\u00f3n por motivos religiosos se ha recrudecido en los \u00faltimos a\u00f1os y cada vez hay m\u00e1s impunidad ante los ataques de esta \u00edndole. La libertad religiosa se viola en 61 pa\u00edses de los 196 que hay en el mundo, lo que afecta a m\u00e1s del 62% de la poblaci\u00f3n, casi 4.900 millones de personas. Donde m\u00e1s crecen los ataques a este derecho es \u00c1frica, donde casi la mitad de los pa\u00edses, el 40% sufren niveles altos de persecuci\u00f3n.<\/p>\n<p>La defensa de la libertad religiosa y los cristianos perseguidos est\u00e1 muy presente en los discursos del papa Francisco. El pasado 8 de enero de 2024, durante su encuentro anual con el cuerpo diplom\u00e1tico acreditado ante la Santa Sede, Francisco pidi\u00f3 el fin de violencia por motivos religiosos y declar\u00f3 que \u201cel camino hacia la paz pasa tambi\u00e9n por el di\u00e1logo interreligioso, que exige ante todo la protecci\u00f3n de la libertad religiosa y el respeto de las minor\u00edas\u201d. \u201cEs preocupante el aumento de la persecuci\u00f3n y discriminaci\u00f3n contra los cristianos,\u201d annadio.<\/p>\n<p>El Informe Libertad Religiosa en el mundo analiza la situaci\u00f3n de este derecho fundamental, recogido en el art\u00edculo 18 de la Declaraci\u00f3n Universal de los Derechos Humanos, en todos los pa\u00edses y para todas las religiones. Es el \u00fanico informe de sus caracter\u00edsticas redactado por una instituci\u00f3n no gubernamental.<\/p>\n<p><img loading=\"lazy\" decoding=\"async\" class=\"aligncenter size-large wp-image-225002\" src=\"https:\/\/media.acninternational.org\/wp-content\/uploads\/2024\/09\/ACN-20221121-136443-1024x771.jpg\" alt=\"\" width=\"800\" height=\"602\" srcset=\"https:\/\/media.acninternational.org\/wp-content\/uploads\/2024\/09\/ACN-20221121-136443-1024x771.jpg 1024w, https:\/\/media.acninternational.org\/wp-content\/uploads\/2024\/09\/ACN-20221121-136443-300x226.jpg 300w, https:\/\/media.acninternational.org\/wp-content\/uploads\/2024\/09\/ACN-20221121-136443-768x578.jpg 768w, https:\/\/media.acninternational.org\/wp-content\/uploads\/2024\/09\/ACN-20221121-136443.jpg 1080w\" sizes=\"auto, (max-width: 800px) 100vw, 800px\" \/><\/p>\n<p>ACN lo edita desde 1999, cada dos a\u00f1os, a trav\u00e9s de autores y expertos independientes, equipos de investigaci\u00f3n de universidades y\/o centros de estudios de distintos continentes. Consta de m\u00e1s de 700 p\u00e1ginas y est\u00e1 disponible en 6 idiomas: alem\u00e1n, espa\u00f1ol, franc\u00e9s, ingl\u00e9s, italiano y portugu\u00e9s. El equipo editorial del Informe Libertad Religiosa est\u00e1 ya preparando el lanzamiento de la pr\u00f3xima edici\u00f3n de este estudio, que ver\u00e1 la luz en 2025.<\/p>\n<p>&nbsp;<\/p>\n","protected":false},"excerpt":{"rendered":"<p>El pont\u00edfice agradece a ACN el estudio realizado para denunciar la ca\u00edda de la libertad religiosa y asegura su oraci\u00f3n<\/p>\n","protected":false},"author":4258341438,"featured_media":224990,"comment_status":"closed","ping_status":"closed","sticky":false,"template":"","format":"standard","meta":{"_acf_changed":false,"_acn_coauthor_ids":[],"_acn_featured_article":false,"footnotes":""},"categories":[746,1254],"tags":[],"country":[1293],"class_list":["post-225004","post","type-post","status-publish","format-standard","has-post-thumbnail","hentry","category-noticias","category-news-es","country-vaticano"],"acn_coauthors":[],"acf":[],"yoast_head":"<!-- This site is optimized with the Yoast SEO Premium plugin v27.5 (Yoast SEO v27.5) - https:\/\/yoast.com\/product\/yoast-seo-premium-wordpress\/ -->\n<title>El papa Francisco recibe el Informe sobre Libertad Religiosa y expresa su preocupaci\u00f3n sobre el creciente ataque a este derecho | ACN International<\/title>\n<meta name=\"description\" content=\"La responsable de Incidencia Internacional de ACN, Marcela Szymanski, present\u00f3 finalmente un resumen del informe al Papa Francisco\" \/>\n<meta name=\"robots\" content=\"index, follow, max-snippet:-1, max-image-preview:large, max-video-preview:-1\" \/>\n<link rel=\"canonical\" href=\"https:\/\/acninternational.org\/es\/el-papa-francisco-recibe-el-informe-sobre-libertad-religiosa-y-expresa-su-preocupacion-sobre-el-creciente-ataque-a-este-derecho\/\" \/>\n<meta property=\"og:locale\" content=\"es_ES\" \/>\n<meta property=\"og:type\" content=\"article\" \/>\n<meta property=\"og:title\" content=\"El papa Francisco recibe el Informe sobre Libertad Religiosa y expresa su preocupaci\u00f3n sobre el creciente ataque a este derecho\" \/>\n<meta property=\"og:description\" content=\"La responsable de Incidencia Internacional de ACN, Marcela Szymanski, present\u00f3 finalmente un resumen del informe al Papa Francisco\" \/>\n<meta property=\"og:url\" content=\"https:\/\/acninternational.org\/es\/el-papa-francisco-recibe-el-informe-sobre-libertad-religiosa-y-expresa-su-preocupacion-sobre-el-creciente-ataque-a-este-derecho\/\" \/>\n<meta property=\"og:site_name\" content=\"ACN International\" \/>\n<meta property=\"article:publisher\" content=\"https:\/\/www.facebook.com\/acninternationalorg\" \/>\n<meta property=\"article:published_time\" content=\"2024-09-03T13:41:44+00:00\" \/>\n<meta property=\"article:modified_time\" content=\"2025-08-12T08:35:37+00:00\" \/>\n<meta property=\"og:image\" content=\"https:\/\/media.acninternational.org\/wp-content\/uploads\/2024\/09\/ACN-20220714-131116.jpg\" \/>\n\t<meta property=\"og:image:width\" content=\"1920\" \/>\n\t<meta property=\"og:image:height\" content=\"700\" \/>\n\t<meta property=\"og:image:type\" content=\"image\/jpeg\" \/>\n<meta name=\"author\" content=\"Josu\u00e9 Villal\u00f3n\" \/>\n<meta name=\"twitter:card\" content=\"summary_large_image\" \/>\n<meta name=\"twitter:creator\" content=\"@acn_int\" \/>\n<meta name=\"twitter:site\" content=\"@acn_int\" \/>\n<meta name=\"twitter:label1\" content=\"Escrito por\" \/>\n\t<meta name=\"twitter:data1\" content=\"Josu\u00e9 Villal\u00f3n\" \/>\n\t<meta name=\"twitter:label2\" content=\"Tiempo de lectura\" \/>\n\t<meta name=\"twitter:data2\" content=\"3 minutos\" \/>\n<script type=\"application\/ld+json\" class=\"yoast-schema-graph\">{\"@context\":\"https:\\\/\\\/schema.org\",\"@graph\":[{\"@type\":\"Article\",\"@id\":\"https:\\\/\\\/acninternational.org\\\/es\\\/el-papa-francisco-recibe-el-informe-sobre-libertad-religiosa-y-expresa-su-preocupacion-sobre-el-creciente-ataque-a-este-derecho\\\/#article\",\"isPartOf\":{\"@id\":\"https:\\\/\\\/acninternational.org\\\/es\\\/el-papa-francisco-recibe-el-informe-sobre-libertad-religiosa-y-expresa-su-preocupacion-sobre-el-creciente-ataque-a-este-derecho\\\/\"},\"author\":{\"name\":\"Josu\u00e9 Villal\u00f3n\",\"@id\":\"https:\\\/\\\/acninternational.org\\\/es\\\/#\\\/schema\\\/person\\\/81729330989836cd775ce04417fc6505\"},\"headline\":\"El papa Francisco recibe el Informe sobre Libertad Religiosa y expresa su preocupaci\u00f3n sobre el creciente ataque a este derecho\",\"datePublished\":\"2024-09-03T13:41:44+00:00\",\"dateModified\":\"2025-08-12T08:35:37+00:00\",\"mainEntityOfPage\":{\"@id\":\"https:\\\/\\\/acninternational.org\\\/es\\\/el-papa-francisco-recibe-el-informe-sobre-libertad-religiosa-y-expresa-su-preocupacion-sobre-el-creciente-ataque-a-este-derecho\\\/\"},\"wordCount\":576,\"publisher\":{\"@id\":\"https:\\\/\\\/acninternational.org\\\/es\\\/#organization\"},\"image\":{\"@id\":\"https:\\\/\\\/acninternational.org\\\/es\\\/el-papa-francisco-recibe-el-informe-sobre-libertad-religiosa-y-expresa-su-preocupacion-sobre-el-creciente-ataque-a-este-derecho\\\/#primaryimage\"},\"thumbnailUrl\":\"https:\\\/\\\/media.acninternational.org\\\/wp-content\\\/uploads\\\/2024\\\/09\\\/ACN-20220714-131116.jpg\",\"articleSection\":[\"NOTICIAS\",\"NOTICIAS\"],\"inLanguage\":\"es\"},{\"@type\":\"WebPage\",\"@id\":\"https:\\\/\\\/acninternational.org\\\/es\\\/el-papa-francisco-recibe-el-informe-sobre-libertad-religiosa-y-expresa-su-preocupacion-sobre-el-creciente-ataque-a-este-derecho\\\/\",\"url\":\"https:\\\/\\\/acninternational.org\\\/es\\\/el-papa-francisco-recibe-el-informe-sobre-libertad-religiosa-y-expresa-su-preocupacion-sobre-el-creciente-ataque-a-este-derecho\\\/\",\"name\":\"El papa Francisco recibe el Informe sobre Libertad Religiosa y expresa su preocupaci\u00f3n sobre el creciente ataque a este derecho | ACN International\",\"isPartOf\":{\"@id\":\"https:\\\/\\\/acninternational.org\\\/es\\\/#website\"},\"primaryImageOfPage\":{\"@id\":\"https:\\\/\\\/acninternational.org\\\/es\\\/el-papa-francisco-recibe-el-informe-sobre-libertad-religiosa-y-expresa-su-preocupacion-sobre-el-creciente-ataque-a-este-derecho\\\/#primaryimage\"},\"image\":{\"@id\":\"https:\\\/\\\/acninternational.org\\\/es\\\/el-papa-francisco-recibe-el-informe-sobre-libertad-religiosa-y-expresa-su-preocupacion-sobre-el-creciente-ataque-a-este-derecho\\\/#primaryimage\"},\"thumbnailUrl\":\"https:\\\/\\\/media.acninternational.org\\\/wp-content\\\/uploads\\\/2024\\\/09\\\/ACN-20220714-131116.jpg\",\"datePublished\":\"2024-09-03T13:41:44+00:00\",\"dateModified\":\"2025-08-12T08:35:37+00:00\",\"description\":\"La responsable de Incidencia Internacional de ACN, Marcela Szymanski, present\u00f3 finalmente un resumen del informe al Papa Francisco\",\"breadcrumb\":{\"@id\":\"https:\\\/\\\/acninternational.org\\\/es\\\/el-papa-francisco-recibe-el-informe-sobre-libertad-religiosa-y-expresa-su-preocupacion-sobre-el-creciente-ataque-a-este-derecho\\\/#breadcrumb\"},\"inLanguage\":\"es\",\"potentialAction\":[{\"@type\":\"ReadAction\",\"target\":[\"https:\\\/\\\/acninternational.org\\\/es\\\/el-papa-francisco-recibe-el-informe-sobre-libertad-religiosa-y-expresa-su-preocupacion-sobre-el-creciente-ataque-a-este-derecho\\\/\"]}]},{\"@type\":\"ImageObject\",\"inLanguage\":\"es\",\"@id\":\"https:\\\/\\\/acninternational.org\\\/es\\\/el-papa-francisco-recibe-el-informe-sobre-libertad-religiosa-y-expresa-su-preocupacion-sobre-el-creciente-ataque-a-este-derecho\\\/#primaryimage\",\"url\":\"https:\\\/\\\/media.acninternational.org\\\/wp-content\\\/uploads\\\/2024\\\/09\\\/ACN-20220714-131116.jpg\",\"contentUrl\":\"https:\\\/\\\/media.acninternational.org\\\/wp-content\\\/uploads\\\/2024\\\/09\\\/ACN-20220714-131116.jpg\",\"width\":1920,\"height\":700},{\"@type\":\"BreadcrumbList\",\"@id\":\"https:\\\/\\\/acninternational.org\\\/es\\\/el-papa-francisco-recibe-el-informe-sobre-libertad-religiosa-y-expresa-su-preocupacion-sobre-el-creciente-ataque-a-este-derecho\\\/#breadcrumb\",\"itemListElement\":[{\"@type\":\"ListItem\",\"position\":1,\"name\":\"Home\",\"item\":\"https:\\\/\\\/acninternational.org\\\/es\\\/\"},{\"@type\":\"ListItem\",\"position\":2,\"name\":\"NOTICIAS\",\"item\":\"https:\\\/\\\/acninternational.org\\\/es\\\/category\\\/news-es\\\/\"},{\"@type\":\"ListItem\",\"position\":3,\"name\":\"El papa Francisco recibe el Informe sobre Libertad Religiosa y expresa su preocupaci\u00f3n sobre el creciente ataque a este derecho\"}]},{\"@type\":\"WebSite\",\"@id\":\"https:\\\/\\\/acninternational.org\\\/es\\\/#website\",\"url\":\"https:\\\/\\\/acninternational.org\\\/es\\\/\",\"name\":\"ACN International\",\"description\":\"\",\"publisher\":{\"@id\":\"https:\\\/\\\/acninternational.org\\\/es\\\/#organization\"},\"potentialAction\":[{\"@type\":\"SearchAction\",\"target\":{\"@type\":\"EntryPoint\",\"urlTemplate\":\"https:\\\/\\\/acninternational.org\\\/es\\\/?s={search_term_string}\"},\"query-input\":{\"@type\":\"PropertyValueSpecification\",\"valueRequired\":true,\"valueName\":\"search_term_string\"}}],\"inLanguage\":\"es\"},{\"@type\":\"Organization\",\"@id\":\"https:\\\/\\\/acninternational.org\\\/es\\\/#organization\",\"name\":\"Aid to the Church in Need International\",\"url\":\"https:\\\/\\\/acninternational.org\\\/es\\\/\",\"logo\":{\"@type\":\"ImageObject\",\"inLanguage\":\"es\",\"@id\":\"https:\\\/\\\/acninternational.org\\\/es\\\/#\\\/schema\\\/logo\\\/image\\\/\",\"url\":\"https:\\\/\\\/media.acninternational.org\\\/wp-content\\\/uploads\\\/2019\\\/11\\\/acn_logo_blackvector.svg\",\"contentUrl\":\"https:\\\/\\\/media.acninternational.org\\\/wp-content\\\/uploads\\\/2019\\\/11\\\/acn_logo_blackvector.svg\",\"width\":232.6,\"height\":78,\"caption\":\"Aid to the Church in Need International\"},\"image\":{\"@id\":\"https:\\\/\\\/acninternational.org\\\/es\\\/#\\\/schema\\\/logo\\\/image\\\/\"},\"sameAs\":[\"https:\\\/\\\/www.facebook.com\\\/acninternationalorg\",\"https:\\\/\\\/x.com\\\/acn_int\",\"https:\\\/\\\/www.youtube.com\\\/channel\\\/UCQ-077gS0TnVzkhHmf1opZw\",\"https:\\\/\\\/www.instagram.com\\\/acn_international\\\/\"]},{\"@type\":\"Person\",\"@id\":\"https:\\\/\\\/acninternational.org\\\/es\\\/#\\\/schema\\\/person\\\/81729330989836cd775ce04417fc6505\",\"name\":\"Josu\u00e9 Villal\u00f3n\",\"description\":\"Lorem ipsum dolor sit amet, consectetur adipiscing elit, sed do eiusmod tempor incididunt ut labore et dolore magna aliqua. Ut enim ad minim veniam, quis nostrud exercitation ullamco laboris nisi ut aliquip ex ea commodo consequat.\",\"url\":\"https:\\\/\\\/acninternational.org\\\/es\\\/author\\\/josue-villalon\\\/\"}]}<\/script>\n<!-- \/ Yoast SEO Premium plugin. -->","yoast_head_json":{"title":"El papa Francisco recibe el Informe sobre Libertad Religiosa y expresa su preocupaci\u00f3n sobre el creciente ataque a este derecho | ACN International","description":"La responsable de Incidencia Internacional de ACN, Marcela Szymanski, present\u00f3 finalmente un resumen del informe al Papa Francisco","robots":{"index":"index","follow":"follow","max-snippet":"max-snippet:-1","max-image-preview":"max-image-preview:large","max-video-preview":"max-video-preview:-1"},"canonical":"https:\/\/acninternational.org\/es\/el-papa-francisco-recibe-el-informe-sobre-libertad-religiosa-y-expresa-su-preocupacion-sobre-el-creciente-ataque-a-este-derecho\/","og_locale":"es_ES","og_type":"article","og_title":"El papa Francisco recibe el Informe sobre Libertad Religiosa y expresa su preocupaci\u00f3n sobre el creciente ataque a este derecho","og_description":"La responsable de Incidencia Internacional de ACN, Marcela Szymanski, present\u00f3 finalmente un resumen del informe al Papa Francisco","og_url":"https:\/\/acninternational.org\/es\/el-papa-francisco-recibe-el-informe-sobre-libertad-religiosa-y-expresa-su-preocupacion-sobre-el-creciente-ataque-a-este-derecho\/","og_site_name":"ACN International","article_publisher":"https:\/\/www.facebook.com\/acninternationalorg","article_published_time":"2024-09-03T13:41:44+00:00","article_modified_time":"2025-08-12T08:35:37+00:00","og_image":[{"width":1920,"height":700,"url":"https:\/\/media.acninternational.org\/wp-content\/uploads\/2024\/09\/ACN-20220714-131116.jpg","type":"image\/jpeg"}],"author":"Josu\u00e9 Villal\u00f3n","twitter_card":"summary_large_image","twitter_creator":"@acn_int","twitter_site":"@acn_int","twitter_misc":{"Escrito por":"Josu\u00e9 Villal\u00f3n","Tiempo de lectura":"3 minutos"},"schema":{"@context":"https:\/\/schema.org","@graph":[{"@type":"Article","@id":"https:\/\/acninternational.org\/es\/el-papa-francisco-recibe-el-informe-sobre-libertad-religiosa-y-expresa-su-preocupacion-sobre-el-creciente-ataque-a-este-derecho\/#article","isPartOf":{"@id":"https:\/\/acninternational.org\/es\/el-papa-francisco-recibe-el-informe-sobre-libertad-religiosa-y-expresa-su-preocupacion-sobre-el-creciente-ataque-a-este-derecho\/"},"author":{"name":"Josu\u00e9 Villal\u00f3n","@id":"https:\/\/acninternational.org\/es\/#\/schema\/person\/81729330989836cd775ce04417fc6505"},"headline":"El papa Francisco recibe el Informe sobre Libertad Religiosa y expresa su preocupaci\u00f3n sobre el creciente ataque a este derecho","datePublished":"2024-09-03T13:41:44+00:00","dateModified":"2025-08-12T08:35:37+00:00","mainEntityOfPage":{"@id":"https:\/\/acninternational.org\/es\/el-papa-francisco-recibe-el-informe-sobre-libertad-religiosa-y-expresa-su-preocupacion-sobre-el-creciente-ataque-a-este-derecho\/"},"wordCount":576,"publisher":{"@id":"https:\/\/acninternational.org\/es\/#organization"},"image":{"@id":"https:\/\/acninternational.org\/es\/el-papa-francisco-recibe-el-informe-sobre-libertad-religiosa-y-expresa-su-preocupacion-sobre-el-creciente-ataque-a-este-derecho\/#primaryimage"},"thumbnailUrl":"https:\/\/media.acninternational.org\/wp-content\/uploads\/2024\/09\/ACN-20220714-131116.jpg","articleSection":["NOTICIAS","NOTICIAS"],"inLanguage":"es"},{"@type":"WebPage","@id":"https:\/\/acninternational.org\/es\/el-papa-francisco-recibe-el-informe-sobre-libertad-religiosa-y-expresa-su-preocupacion-sobre-el-creciente-ataque-a-este-derecho\/","url":"https:\/\/acninternational.org\/es\/el-papa-francisco-recibe-el-informe-sobre-libertad-religiosa-y-expresa-su-preocupacion-sobre-el-creciente-ataque-a-este-derecho\/","name":"El papa Francisco recibe el Informe sobre Libertad Religiosa y expresa su preocupaci\u00f3n sobre el creciente ataque a este derecho | ACN International","isPartOf":{"@id":"https:\/\/acninternational.org\/es\/#website"},"primaryImageOfPage":{"@id":"https:\/\/acninternational.org\/es\/el-papa-francisco-recibe-el-informe-sobre-libertad-religiosa-y-expresa-su-preocupacion-sobre-el-creciente-ataque-a-este-derecho\/#primaryimage"},"image":{"@id":"https:\/\/acninternational.org\/es\/el-papa-francisco-recibe-el-informe-sobre-libertad-religiosa-y-expresa-su-preocupacion-sobre-el-creciente-ataque-a-este-derecho\/#primaryimage"},"thumbnailUrl":"https:\/\/media.acninternational.org\/wp-content\/uploads\/2024\/09\/ACN-20220714-131116.jpg","datePublished":"2024-09-03T13:41:44+00:00","dateModified":"2025-08-12T08:35:37+00:00","description":"La responsable de Incidencia Internacional de ACN, Marcela Szymanski, present\u00f3 finalmente un resumen del informe al Papa Francisco","breadcrumb":{"@id":"https:\/\/acninternational.org\/es\/el-papa-francisco-recibe-el-informe-sobre-libertad-religiosa-y-expresa-su-preocupacion-sobre-el-creciente-ataque-a-este-derecho\/#breadcrumb"},"inLanguage":"es","potentialAction":[{"@type":"ReadAction","target":["https:\/\/acninternational.org\/es\/el-papa-francisco-recibe-el-informe-sobre-libertad-religiosa-y-expresa-su-preocupacion-sobre-el-creciente-ataque-a-este-derecho\/"]}]},{"@type":"ImageObject","inLanguage":"es","@id":"https:\/\/acninternational.org\/es\/el-papa-francisco-recibe-el-informe-sobre-libertad-religiosa-y-expresa-su-preocupacion-sobre-el-creciente-ataque-a-este-derecho\/#primaryimage","url":"https:\/\/media.acninternational.org\/wp-content\/uploads\/2024\/09\/ACN-20220714-131116.jpg","contentUrl":"https:\/\/media.acninternational.org\/wp-content\/uploads\/2024\/09\/ACN-20220714-131116.jpg","width":1920,"height":700},{"@type":"BreadcrumbList","@id":"https:\/\/acninternational.org\/es\/el-papa-francisco-recibe-el-informe-sobre-libertad-religiosa-y-expresa-su-preocupacion-sobre-el-creciente-ataque-a-este-derecho\/#breadcrumb","itemListElement":[{"@type":"ListItem","position":1,"name":"Home","item":"https:\/\/acninternational.org\/es\/"},{"@type":"ListItem","position":2,"name":"NOTICIAS","item":"https:\/\/acninternational.org\/es\/category\/news-es\/"},{"@type":"ListItem","position":3,"name":"El papa Francisco recibe el Informe sobre Libertad Religiosa y expresa su preocupaci\u00f3n sobre el creciente ataque a este derecho"}]},{"@type":"WebSite","@id":"https:\/\/acninternational.org\/es\/#website","url":"https:\/\/acninternational.org\/es\/","name":"ACN International","description":"","publisher":{"@id":"https:\/\/acninternational.org\/es\/#organization"},"potentialAction":[{"@type":"SearchAction","target":{"@type":"EntryPoint","urlTemplate":"https:\/\/acninternational.org\/es\/?s={search_term_string}"},"query-input":{"@type":"PropertyValueSpecification","valueRequired":true,"valueName":"search_term_string"}}],"inLanguage":"es"},{"@type":"Organization","@id":"https:\/\/acninternational.org\/es\/#organization","name":"Aid to the Church in Need International","url":"https:\/\/acninternational.org\/es\/","logo":{"@type":"ImageObject","inLanguage":"es","@id":"https:\/\/acninternational.org\/es\/#\/schema\/logo\/image\/","url":"https:\/\/media.acninternational.org\/wp-content\/uploads\/2019\/11\/acn_logo_blackvector.svg","contentUrl":"https:\/\/media.acninternational.org\/wp-content\/uploads\/2019\/11\/acn_logo_blackvector.svg","width":232.6,"height":78,"caption":"Aid to the Church in Need International"},"image":{"@id":"https:\/\/acninternational.org\/es\/#\/schema\/logo\/image\/"},"sameAs":["https:\/\/www.facebook.com\/acninternationalorg","https:\/\/x.com\/acn_int","https:\/\/www.youtube.com\/channel\/UCQ-077gS0TnVzkhHmf1opZw","https:\/\/www.instagram.com\/acn_international\/"]},{"@type":"Person","@id":"https:\/\/acninternational.org\/es\/#\/schema\/person\/81729330989836cd775ce04417fc6505","name":"Josu\u00e9 Villal\u00f3n","description":"Lorem ipsum dolor sit amet, consectetur adipiscing elit, sed do eiusmod tempor incididunt ut labore et dolore magna aliqua. Ut enim ad minim veniam, quis nostrud exercitation ullamco laboris nisi ut aliquip ex ea commodo consequat.","url":"https:\/\/acninternational.org\/es\/author\/josue-villalon\/"}]}},"_links":{"self":[{"href":"https:\/\/acninternational.org\/es\/wp-json\/wp\/v2\/posts\/225004","targetHints":{"allow":["GET"]}}],"collection":[{"href":"https:\/\/acninternational.org\/es\/wp-json\/wp\/v2\/posts"}],"about":[{"href":"https:\/\/acninternational.org\/es\/wp-json\/wp\/v2\/types\/post"}],"author":[{"embeddable":true,"href":"https:\/\/acninternational.org\/es\/wp-json\/wp\/v2\/users\/4258341438"}],"replies":[{"embeddable":true,"href":"https:\/\/acninternational.org\/es\/wp-json\/wp\/v2\/comments?post=225004"}],"version-history":[{"count":1,"href":"https:\/\/acninternational.org\/es\/wp-json\/wp\/v2\/posts\/225004\/revisions"}],"predecessor-version":[{"id":245487,"href":"https:\/\/acninternational.org\/es\/wp-json\/wp\/v2\/posts\/225004\/revisions\/245487"}],"wp:featuredmedia":[{"embeddable":true,"href":"https:\/\/acninternational.org\/es\/wp-json\/wp\/v2\/media\/224990"}],"wp:attachment":[{"href":"https:\/\/acninternational.org\/es\/wp-json\/wp\/v2\/media?parent=225004"}],"wp:term":[{"taxonomy":"category","embeddable":true,"href":"https:\/\/acninternational.org\/es\/wp-json\/wp\/v2\/categories?post=225004"},{"taxonomy":"post_tag","embeddable":true,"href":"https:\/\/acninternational.org\/es\/wp-json\/wp\/v2\/tags?post=225004"},{"taxonomy":"country","embeddable":true,"href":"https:\/\/acninternational.org\/es\/wp-json\/wp\/v2\/country?post=225004"}],"curies":[{"name":"wp","href":"https:\/\/api.w.org\/{rel}","templated":true}]}}