{"id":212149,"date":"2024-06-25T14:13:25","date_gmt":"2024-06-25T12:13:25","guid":{"rendered":"https:\/\/acninternational.org\/?p=212149"},"modified":"2025-08-12T10:42:38","modified_gmt":"2025-08-12T08:42:38","slug":"como-se-vive-la-fe-en-los-bateyes-de-republica-dominicana","status":"publish","type":"post","link":"https:\/\/acninternational.org\/es\/como-se-vive-la-fe-en-los-bateyes-de-republica-dominicana\/","title":{"rendered":"C\u00f3mo se vive la fe en los bateyes de Rep\u00fablica Dominicana"},"content":{"rendered":"<p style=\"font-weight: 400;\"><em>En el Batey 5, una zona marginal en la di\u00f3cesis de Barahona -que hace frontera con Hait\u00ed- tres misioneras apoyadas por la fundaci\u00f3n pontificia Aid to the Church in Need, enfrentan pobreza y exclusi\u00f3n social en la parroquia m\u00e1s pobre de una de las di\u00f3cesis m\u00e1s necesitadas de la Rep\u00fablica Dominicana. <\/em><\/p>\n<p style=\"font-weight: 400;\">No muy lejos de lujosos resorts y hermosas playas caribe\u00f1as contin\u00faa existiendo una realidad dif\u00edcil de imaginar, donde numerosas familias viven en pueblos formados por barracones, muchas veces en condiciones deplorables: los \u201cbateyes\u201d, t\u00e9rmino proveniente del ta\u00edno para referirse a los asentamientos que se construyeron para los trabajadores de la ca\u00f1a de az\u00facar en las Antillas, debido al auge industrial en la primera mitad del siglo pasado.<\/p>\n<figure id=\"attachment_212129\" aria-describedby=\"caption-attachment-212129\" style=\"width: 800px\" class=\"wp-caption aligncenter\"><img loading=\"lazy\" decoding=\"async\" class=\"wp-image-212129 size-large\" src=\"https:\/\/media.acninternational.org\/wp-content\/uploads\/2024\/06\/ACN-20240328-162740-1024x472.jpg\" alt=\"Formaci\u00f3n del pueblo de la parroquia San Mart\u00edn de Porres, Rep\u00fablica Dominicana\" width=\"800\" height=\"369\" srcset=\"https:\/\/media.acninternational.org\/wp-content\/uploads\/2024\/06\/ACN-20240328-162740-1024x472.jpg 1024w, https:\/\/media.acninternational.org\/wp-content\/uploads\/2024\/06\/ACN-20240328-162740-300x138.jpg 300w, https:\/\/media.acninternational.org\/wp-content\/uploads\/2024\/06\/ACN-20240328-162740-768x354.jpg 768w, https:\/\/media.acninternational.org\/wp-content\/uploads\/2024\/06\/ACN-20240328-162740.jpg 1080w\" sizes=\"auto, (max-width: 800px) 100vw, 800px\" \/><figcaption id=\"caption-attachment-212129\" class=\"wp-caption-text\">Formaci\u00f3n del pueblo de la parroquia San Mart\u00edn de Porres, Rep\u00fablica Dominicana<\/figcaption><\/figure>\n<p style=\"font-weight: 400;\">Seg\u00fan el <a href=\"https:\/\/www.undp.org\/es\/dominican-republic\/publicaciones\/reporte-de-estudio-de-linea-base-bateyes\" target=\"_blank\" rel=\"noopener\">Programa de las Naciones Unidas para el Desarrollo<\/a>, todav\u00eda existen aproximadamente 200.000 personas viviendo en 425 bateyes en toda la Rep\u00fablica Dominicana, muchos de ellos descendientes de haitianos y tambi\u00e9n dominicanos, que viven sin agua potable y electricidad.<\/p>\n<p style=\"font-weight: 400;\">Uno de estos lugares es el Batey 5 de Barahona, en el suroeste del pa\u00eds, donde tres religiosas de la congregaci\u00f3n de las Misioneras de Mar\u00eda Inmaculada y Santa Catalina de Siena, conocidas como \u201cLauritas\u201d, apoyadas por ACN, atienden la parroquia de San Mart\u00edn de Porres, la m\u00e1s pobre de la di\u00f3cesis, desde 2017. \u00a0All\u00ed, muchos de los fieles trabajan en los ca\u00f1averales bajo dur\u00edsimas condiciones, soportando un agobiante calor de m\u00e1s de 30 grados y cobrando menos de 10 d\u00f3lares -unos 9,20 euros- al d\u00eda.<\/p>\n<p style=\"font-weight: 400;\">\u201cLas personas se afanan d\u00eda a d\u00eda por sobrevivir\u201d, explica la hermana Patricia \u00c1lvarez. \u201cAnte esta dura realidad, nosotras acompa\u00f1amos al pueblo en sus luchas y protestas reclamando sus derechos, para que tengan salarios justos y una vida digna, no ha sido f\u00e1cil pero ah\u00ed seguimos: en la lucha\u201d, cuenta la misionera.<\/p>\n<h4 style=\"font-weight: 400;\"><strong>\u00a0\u201cVale la pena seguir luchando por ellos\u201d<\/strong><\/h4>\n<p style=\"font-weight: 400;\">La presencia de las religiosas es muy querida y valorada en el Batey 5: \u201cLes reconforta nuestra cercan\u00eda y aprecian nuestras visitas\u201d, transmite la hermana Patricia. \u201cMuchas personas est\u00e1n ilegales en el pa\u00eds\u201d, contin\u00faa la religiosa, \u201cy por la situaci\u00f3n de Hait\u00ed se vienen a buscar una vida mejor a Rep\u00fablica Dominicana, pero a veces lo que reciben es discriminaci\u00f3n, y no pueden salir de los bateyes porque la polic\u00eda los llevar\u00eda de vuelta a la frontera.\u201d La hermana a\u00f1ade que a trav\u00e9s de la di\u00f3cesis se ha ayudado a legalizar los documentos de algunas personas.<\/p>\n<figure id=\"attachment_212135\" aria-describedby=\"caption-attachment-212135\" style=\"width: 800px\" class=\"wp-caption aligncenter\"><img loading=\"lazy\" decoding=\"async\" class=\"wp-image-212135 size-large\" src=\"https:\/\/media.acninternational.org\/wp-content\/uploads\/2024\/06\/ACN-20240328-162730-1024x768.jpg\" alt=\"El trabajo con ni\u00f1os y adolescentes es una parte muy importante de la misi\u00f3n de las &quot;Lauritas&quot;\" width=\"800\" height=\"600\" srcset=\"https:\/\/media.acninternational.org\/wp-content\/uploads\/2024\/06\/ACN-20240328-162730-1024x768.jpg 1024w, https:\/\/media.acninternational.org\/wp-content\/uploads\/2024\/06\/ACN-20240328-162730-300x225.jpg 300w, https:\/\/media.acninternational.org\/wp-content\/uploads\/2024\/06\/ACN-20240328-162730-768x576.jpg 768w, https:\/\/media.acninternational.org\/wp-content\/uploads\/2024\/06\/ACN-20240328-162730.jpg 1080w\" sizes=\"auto, (max-width: 800px) 100vw, 800px\" \/><figcaption id=\"caption-attachment-212135\" class=\"wp-caption-text\">El trabajo con ni\u00f1os y adolescentes es una parte muy importante de la misi\u00f3n de las \u00abLauritas\u00bb<\/figcaption><\/figure>\n<p style=\"font-weight: 400;\">Adem\u00e1s, en ocasiones las hermanas acompa\u00f1an a algunas personas a hacer diligencias m\u00e9dicas u otras gestiones en diversos municipios o en la capital, Santo Domingo. Otras veces, el sacerdote los lleva en el auto de la parroquia, financiado tambi\u00e9n por la fundaci\u00f3n ACN, para que puedan viajar sin problemas. \u201cCuando surgen necesidades, actuamos como intermediarias ante las autoridades locales para facilitar los tr\u00e1mites u ofrecerles ayuda\u201d, explica la misionera.<\/p>\n<p style=\"font-weight: 400;\">Uno de los lugares atendidos por las hermanas es un hogar diurno que acoge a veinte ancianos de la di\u00f3cesis. \u201cDe estos ancianos, cuatro est\u00e1n completamente solos y carecen de documentaci\u00f3n. Dejaron atr\u00e1s a sus familias en Hait\u00ed y han pasado su vida en Rep\u00fablica Dominicana\u201d, relata la hermana Patricia. \u201cA estas personas les brindamos apoyo: las acompa\u00f1amos al hospital, e incluso nos registramos en estos casos como familiares para asegurarles una mejor atenci\u00f3n.\u201d<\/p>\n<p style=\"font-weight: 400;\">\u201cEl Se\u00f1or y nuestra Madre Mar\u00eda han ido haciendo su obra, y no ha sido f\u00e1cil\u201d, confiesa la religiosa, \u201cpero Dios nos da la gracia y vale la pena seguir luchando por ellos y dando lo mejor, para que cada una de estas personas reflejen esa presencia de Dios en sus vidas.\u201d<\/p>\n<h4 style=\"font-weight: 400;\"><strong>La esperanza de los bateyes<\/strong><\/h4>\n<p style=\"font-weight: 400;\">A pesar de que la vida en los bateyes no es sencilla, la hermana Patricia afirma que \u201ces una alegr\u00eda muy grande para nosotras ver este crecimiento espiritual y personal en todos los grupos de la parroquia, que son la esperanza para estos bateyes\u201d.<\/p>\n<figure id=\"attachment_212141\" aria-describedby=\"caption-attachment-212141\" style=\"width: 800px\" class=\"wp-caption aligncenter\"><img loading=\"lazy\" decoding=\"async\" class=\"wp-image-212141 size-large\" src=\"https:\/\/media.acninternational.org\/wp-content\/uploads\/2024\/06\/ACN-20240328-162729-1024x768.jpg\" alt=\"Catequesis en la parroquia de San Mart\u00edn de Porres\" width=\"800\" height=\"600\" srcset=\"https:\/\/media.acninternational.org\/wp-content\/uploads\/2024\/06\/ACN-20240328-162729-1024x768.jpg 1024w, https:\/\/media.acninternational.org\/wp-content\/uploads\/2024\/06\/ACN-20240328-162729-300x225.jpg 300w, https:\/\/media.acninternational.org\/wp-content\/uploads\/2024\/06\/ACN-20240328-162729-768x576.jpg 768w, https:\/\/media.acninternational.org\/wp-content\/uploads\/2024\/06\/ACN-20240328-162729.jpg 1080w\" sizes=\"auto, (max-width: 800px) 100vw, 800px\" \/><figcaption id=\"caption-attachment-212141\" class=\"wp-caption-text\">Catequesis en la parroquia de San Mart\u00edn de Porres<\/figcaption><\/figure>\n<p style=\"font-weight: 400;\">Cuenta que el Batey 5 es un \u00e1rea donde hay mucha violencia y en la que numerosos j\u00f3venes pronto se involucran con las drogas. Por eso, la labor con ellos es una prioridad para las misioneras que ven c\u00f3mo los j\u00f3venes se comprometen cada vez m\u00e1s con la parroquia y la comunidad. \u201cLos ni\u00f1os y adolescentes son muy constantes en su asistencia a la formaci\u00f3n de los s\u00e1bados. Son muy pocos los que no participan, y cuando no lo hacen es porque est\u00e1n enfermos. Este buen h\u00e1bito ha tenido frutos: muestran m\u00e1s respeto entre ellos, son m\u00e1s tolerantes y han disminuido los casos de agresividad. Participan activamente en la eucarist\u00eda dominical, mostrando compromiso con la parroquia y un incre\u00edble esp\u00edritu solidario. Hacemos muchas excursiones con ellos y, en algunas ocasiones, los hemos llevado al mar. Para muchos, era la primera vez que lo visitaban.\u00bb<\/p>\n<p style=\"font-weight: 400;\">ACN apoya desde hace unos a\u00f1os estas actividades pastorales y encuentros de formaci\u00f3n de la parroquia. \u201cEstos encuentros han llevado a las personas al perd\u00f3n y a la reconciliaci\u00f3n, a aceptar sus diferencias, a quererse como son y a saber decirse las cosas sin herirse\u201d, cuenta la religiosa.<\/p>\n<p style=\"font-weight: 400;\">La hermana Patricia y las otras dos religiosas que la acompa\u00f1an expresan su gratitud hacia ACN y sus benefactores por financiar este proyecto: \u201cAgradecemos a cada una de las personas que han puesto su granito de arena para que esto sea una realidad: sin ustedes no hubiese sido posible recoger tantos frutos y hacer todo este trabajo maravilloso que hacemos con todos los movimientos de la parroquia\u201d, confiesa la hermana. \u201cDesde los bateyes les mandamos un fuerte abrazo y que el Dios de la vida contin\u00fae bendiciendo su trabajo en bien de tantas personas que lo necesitan\u201d.<\/p>\n<p>&nbsp;<\/p>\n","protected":false},"excerpt":{"rendered":"<p>En el Batey 5, una zona marginal en la di\u00f3cesis de Barahona -que hace frontera con Hait\u00ed- tres<\/p>\n","protected":false},"author":4258341381,"featured_media":212123,"comment_status":"closed","ping_status":"closed","sticky":false,"template":"","format":"standard","meta":{"_acf_changed":false,"_acn_coauthor_ids":[],"footnotes":""},"categories":[760],"tags":[],"country":[1357],"class_list":["post-212149","post","type-post","status-publish","format-standard","has-post-thumbnail","hentry","category-destacado","country-republica-dominicana"],"acn_coauthors":[],"acf":[],"yoast_head":"<!-- This site is optimized with the Yoast SEO Premium plugin v27.3 (Yoast SEO v27.3) - https:\/\/yoast.com\/product\/yoast-seo-premium-wordpress\/ -->\n<title>C\u00f3mo se vive la fe en los bateyes de Rep\u00fablica Dominicana | ACN International<\/title>\n<meta name=\"robots\" content=\"index, follow, max-snippet:-1, max-image-preview:large, max-video-preview:-1\" \/>\n<link rel=\"canonical\" href=\"https:\/\/acninternational.org\/es\/como-se-vive-la-fe-en-los-bateyes-de-republica-dominicana\/\" \/>\n<meta property=\"og:locale\" content=\"es_ES\" \/>\n<meta property=\"og:type\" content=\"article\" \/>\n<meta property=\"og:title\" content=\"C\u00f3mo se vive la fe en los bateyes de Rep\u00fablica Dominicana\" \/>\n<meta property=\"og:description\" content=\"En el Batey 5, una zona marginal en la di\u00f3cesis de Barahona -que hace frontera con Hait\u00ed- tres\" \/>\n<meta property=\"og:url\" content=\"https:\/\/acninternational.org\/es\/como-se-vive-la-fe-en-los-bateyes-de-republica-dominicana\/\" \/>\n<meta property=\"og:site_name\" content=\"ACN International\" \/>\n<meta property=\"article:publisher\" content=\"https:\/\/www.facebook.com\/acninternationalorg\" \/>\n<meta property=\"article:published_time\" content=\"2024-06-25T12:13:25+00:00\" \/>\n<meta property=\"article:modified_time\" content=\"2025-08-12T08:42:38+00:00\" \/>\n<meta property=\"og:image\" content=\"https:\/\/media.acninternational.org\/wp-content\/uploads\/2024\/06\/ACN-20240614-167026.jpg\" \/>\n\t<meta property=\"og:image:width\" content=\"1920\" \/>\n\t<meta property=\"og:image:height\" content=\"700\" \/>\n\t<meta property=\"og:image:type\" content=\"image\/jpeg\" \/>\n<meta name=\"author\" content=\"Luc\u00eda Ballester\" \/>\n<meta name=\"twitter:card\" content=\"summary_large_image\" \/>\n<meta name=\"twitter:creator\" content=\"@acn_int\" \/>\n<meta name=\"twitter:site\" content=\"@acn_int\" \/>\n<meta name=\"twitter:label1\" content=\"Escrito por\" \/>\n\t<meta name=\"twitter:data1\" content=\"Luc\u00eda Ballester\" \/>\n\t<meta name=\"twitter:label2\" content=\"Tiempo de lectura\" \/>\n\t<meta name=\"twitter:data2\" content=\"6 minutos\" \/>\n<script type=\"application\/ld+json\" class=\"yoast-schema-graph\">{\"@context\":\"https:\\\/\\\/schema.org\",\"@graph\":[{\"@type\":\"Article\",\"@id\":\"https:\\\/\\\/acninternational.org\\\/es\\\/como-se-vive-la-fe-en-los-bateyes-de-republica-dominicana\\\/#article\",\"isPartOf\":{\"@id\":\"https:\\\/\\\/acninternational.org\\\/es\\\/como-se-vive-la-fe-en-los-bateyes-de-republica-dominicana\\\/\"},\"author\":{\"name\":\"Luc\u00eda Ballester\",\"@id\":\"https:\\\/\\\/acninternational.org\\\/es\\\/#\\\/schema\\\/person\\\/ad46cf160e48fe3378c54b7abb5527a9\"},\"headline\":\"C\u00f3mo se vive la fe en los bateyes de Rep\u00fablica Dominicana\",\"datePublished\":\"2024-06-25T12:13:25+00:00\",\"dateModified\":\"2025-08-12T08:42:38+00:00\",\"mainEntityOfPage\":{\"@id\":\"https:\\\/\\\/acninternational.org\\\/es\\\/como-se-vive-la-fe-en-los-bateyes-de-republica-dominicana\\\/\"},\"wordCount\":1084,\"publisher\":{\"@id\":\"https:\\\/\\\/acninternational.org\\\/es\\\/#organization\"},\"image\":{\"@id\":\"https:\\\/\\\/acninternational.org\\\/es\\\/como-se-vive-la-fe-en-los-bateyes-de-republica-dominicana\\\/#primaryimage\"},\"thumbnailUrl\":\"https:\\\/\\\/media.acninternational.org\\\/wp-content\\\/uploads\\\/2024\\\/06\\\/ACN-20240614-167026.jpg\",\"articleSection\":[\"DESTACADO\"],\"inLanguage\":\"es\"},{\"@type\":\"WebPage\",\"@id\":\"https:\\\/\\\/acninternational.org\\\/es\\\/como-se-vive-la-fe-en-los-bateyes-de-republica-dominicana\\\/\",\"url\":\"https:\\\/\\\/acninternational.org\\\/es\\\/como-se-vive-la-fe-en-los-bateyes-de-republica-dominicana\\\/\",\"name\":\"C\u00f3mo se vive la fe en los bateyes de Rep\u00fablica Dominicana | ACN International\",\"isPartOf\":{\"@id\":\"https:\\\/\\\/acninternational.org\\\/es\\\/#website\"},\"primaryImageOfPage\":{\"@id\":\"https:\\\/\\\/acninternational.org\\\/es\\\/como-se-vive-la-fe-en-los-bateyes-de-republica-dominicana\\\/#primaryimage\"},\"image\":{\"@id\":\"https:\\\/\\\/acninternational.org\\\/es\\\/como-se-vive-la-fe-en-los-bateyes-de-republica-dominicana\\\/#primaryimage\"},\"thumbnailUrl\":\"https:\\\/\\\/media.acninternational.org\\\/wp-content\\\/uploads\\\/2024\\\/06\\\/ACN-20240614-167026.jpg\",\"datePublished\":\"2024-06-25T12:13:25+00:00\",\"dateModified\":\"2025-08-12T08:42:38+00:00\",\"breadcrumb\":{\"@id\":\"https:\\\/\\\/acninternational.org\\\/es\\\/como-se-vive-la-fe-en-los-bateyes-de-republica-dominicana\\\/#breadcrumb\"},\"inLanguage\":\"es\",\"potentialAction\":[{\"@type\":\"ReadAction\",\"target\":[\"https:\\\/\\\/acninternational.org\\\/es\\\/como-se-vive-la-fe-en-los-bateyes-de-republica-dominicana\\\/\"]}]},{\"@type\":\"ImageObject\",\"inLanguage\":\"es\",\"@id\":\"https:\\\/\\\/acninternational.org\\\/es\\\/como-se-vive-la-fe-en-los-bateyes-de-republica-dominicana\\\/#primaryimage\",\"url\":\"https:\\\/\\\/media.acninternational.org\\\/wp-content\\\/uploads\\\/2024\\\/06\\\/ACN-20240614-167026.jpg\",\"contentUrl\":\"https:\\\/\\\/media.acninternational.org\\\/wp-content\\\/uploads\\\/2024\\\/06\\\/ACN-20240614-167026.jpg\",\"width\":1920,\"height\":700},{\"@type\":\"BreadcrumbList\",\"@id\":\"https:\\\/\\\/acninternational.org\\\/es\\\/como-se-vive-la-fe-en-los-bateyes-de-republica-dominicana\\\/#breadcrumb\",\"itemListElement\":[{\"@type\":\"ListItem\",\"position\":1,\"name\":\"Home\",\"item\":\"https:\\\/\\\/acninternational.org\\\/es\\\/\"},{\"@type\":\"ListItem\",\"position\":2,\"name\":\"DESTACADO\",\"item\":\"https:\\\/\\\/acninternational.org\\\/es\\\/category\\\/destacado\\\/\"},{\"@type\":\"ListItem\",\"position\":3,\"name\":\"C\u00f3mo se vive la fe en los bateyes de Rep\u00fablica Dominicana\"}]},{\"@type\":\"WebSite\",\"@id\":\"https:\\\/\\\/acninternational.org\\\/es\\\/#website\",\"url\":\"https:\\\/\\\/acninternational.org\\\/es\\\/\",\"name\":\"ACN International\",\"description\":\"\",\"publisher\":{\"@id\":\"https:\\\/\\\/acninternational.org\\\/es\\\/#organization\"},\"potentialAction\":[{\"@type\":\"SearchAction\",\"target\":{\"@type\":\"EntryPoint\",\"urlTemplate\":\"https:\\\/\\\/acninternational.org\\\/es\\\/?s={search_term_string}\"},\"query-input\":{\"@type\":\"PropertyValueSpecification\",\"valueRequired\":true,\"valueName\":\"search_term_string\"}}],\"inLanguage\":\"es\"},{\"@type\":\"Organization\",\"@id\":\"https:\\\/\\\/acninternational.org\\\/es\\\/#organization\",\"name\":\"Aid to the Church in Need International\",\"url\":\"https:\\\/\\\/acninternational.org\\\/es\\\/\",\"logo\":{\"@type\":\"ImageObject\",\"inLanguage\":\"es\",\"@id\":\"https:\\\/\\\/acninternational.org\\\/es\\\/#\\\/schema\\\/logo\\\/image\\\/\",\"url\":\"https:\\\/\\\/media.acninternational.org\\\/wp-content\\\/uploads\\\/2019\\\/11\\\/acn_logo_blackvector.svg\",\"contentUrl\":\"https:\\\/\\\/media.acninternational.org\\\/wp-content\\\/uploads\\\/2019\\\/11\\\/acn_logo_blackvector.svg\",\"width\":232.6,\"height\":78,\"caption\":\"Aid to the Church in Need International\"},\"image\":{\"@id\":\"https:\\\/\\\/acninternational.org\\\/es\\\/#\\\/schema\\\/logo\\\/image\\\/\"},\"sameAs\":[\"https:\\\/\\\/www.facebook.com\\\/acninternationalorg\",\"https:\\\/\\\/x.com\\\/acn_int\",\"https:\\\/\\\/www.youtube.com\\\/channel\\\/UCQ-077gS0TnVzkhHmf1opZw\",\"https:\\\/\\\/www.instagram.com\\\/acn_international\\\/\"]},{\"@type\":\"Person\",\"@id\":\"https:\\\/\\\/acninternational.org\\\/es\\\/#\\\/schema\\\/person\\\/ad46cf160e48fe3378c54b7abb5527a9\",\"name\":\"Luc\u00eda Ballester\",\"description\":\"Lorem ipsum dolor sit amet, consectetur adipiscing elit, sed do eiusmod tempor incididunt ut labore et dolore magna aliqua. Ut enim ad minim veniam, quis nostrud exercitation ullamco laboris nisi ut aliquip ex ea commodo consequat.\",\"url\":\"https:\\\/\\\/acninternational.org\\\/es\\\/author\\\/lucia-ballester\\\/\"}]}<\/script>\n<!-- \/ Yoast SEO Premium plugin. -->","yoast_head_json":{"title":"C\u00f3mo se vive la fe en los bateyes de Rep\u00fablica Dominicana | ACN International","robots":{"index":"index","follow":"follow","max-snippet":"max-snippet:-1","max-image-preview":"max-image-preview:large","max-video-preview":"max-video-preview:-1"},"canonical":"https:\/\/acninternational.org\/es\/como-se-vive-la-fe-en-los-bateyes-de-republica-dominicana\/","og_locale":"es_ES","og_type":"article","og_title":"C\u00f3mo se vive la fe en los bateyes de Rep\u00fablica Dominicana","og_description":"En el Batey 5, una zona marginal en la di\u00f3cesis de Barahona -que hace frontera con Hait\u00ed- tres","og_url":"https:\/\/acninternational.org\/es\/como-se-vive-la-fe-en-los-bateyes-de-republica-dominicana\/","og_site_name":"ACN International","article_publisher":"https:\/\/www.facebook.com\/acninternationalorg","article_published_time":"2024-06-25T12:13:25+00:00","article_modified_time":"2025-08-12T08:42:38+00:00","og_image":[{"width":1920,"height":700,"url":"https:\/\/media.acninternational.org\/wp-content\/uploads\/2024\/06\/ACN-20240614-167026.jpg","type":"image\/jpeg"}],"author":"Luc\u00eda Ballester","twitter_card":"summary_large_image","twitter_creator":"@acn_int","twitter_site":"@acn_int","twitter_misc":{"Escrito por":"Luc\u00eda Ballester","Tiempo de lectura":"6 minutos"},"schema":{"@context":"https:\/\/schema.org","@graph":[{"@type":"Article","@id":"https:\/\/acninternational.org\/es\/como-se-vive-la-fe-en-los-bateyes-de-republica-dominicana\/#article","isPartOf":{"@id":"https:\/\/acninternational.org\/es\/como-se-vive-la-fe-en-los-bateyes-de-republica-dominicana\/"},"author":{"name":"Luc\u00eda Ballester","@id":"https:\/\/acninternational.org\/es\/#\/schema\/person\/ad46cf160e48fe3378c54b7abb5527a9"},"headline":"C\u00f3mo se vive la fe en los bateyes de Rep\u00fablica Dominicana","datePublished":"2024-06-25T12:13:25+00:00","dateModified":"2025-08-12T08:42:38+00:00","mainEntityOfPage":{"@id":"https:\/\/acninternational.org\/es\/como-se-vive-la-fe-en-los-bateyes-de-republica-dominicana\/"},"wordCount":1084,"publisher":{"@id":"https:\/\/acninternational.org\/es\/#organization"},"image":{"@id":"https:\/\/acninternational.org\/es\/como-se-vive-la-fe-en-los-bateyes-de-republica-dominicana\/#primaryimage"},"thumbnailUrl":"https:\/\/media.acninternational.org\/wp-content\/uploads\/2024\/06\/ACN-20240614-167026.jpg","articleSection":["DESTACADO"],"inLanguage":"es"},{"@type":"WebPage","@id":"https:\/\/acninternational.org\/es\/como-se-vive-la-fe-en-los-bateyes-de-republica-dominicana\/","url":"https:\/\/acninternational.org\/es\/como-se-vive-la-fe-en-los-bateyes-de-republica-dominicana\/","name":"C\u00f3mo se vive la fe en los bateyes de Rep\u00fablica Dominicana | ACN International","isPartOf":{"@id":"https:\/\/acninternational.org\/es\/#website"},"primaryImageOfPage":{"@id":"https:\/\/acninternational.org\/es\/como-se-vive-la-fe-en-los-bateyes-de-republica-dominicana\/#primaryimage"},"image":{"@id":"https:\/\/acninternational.org\/es\/como-se-vive-la-fe-en-los-bateyes-de-republica-dominicana\/#primaryimage"},"thumbnailUrl":"https:\/\/media.acninternational.org\/wp-content\/uploads\/2024\/06\/ACN-20240614-167026.jpg","datePublished":"2024-06-25T12:13:25+00:00","dateModified":"2025-08-12T08:42:38+00:00","breadcrumb":{"@id":"https:\/\/acninternational.org\/es\/como-se-vive-la-fe-en-los-bateyes-de-republica-dominicana\/#breadcrumb"},"inLanguage":"es","potentialAction":[{"@type":"ReadAction","target":["https:\/\/acninternational.org\/es\/como-se-vive-la-fe-en-los-bateyes-de-republica-dominicana\/"]}]},{"@type":"ImageObject","inLanguage":"es","@id":"https:\/\/acninternational.org\/es\/como-se-vive-la-fe-en-los-bateyes-de-republica-dominicana\/#primaryimage","url":"https:\/\/media.acninternational.org\/wp-content\/uploads\/2024\/06\/ACN-20240614-167026.jpg","contentUrl":"https:\/\/media.acninternational.org\/wp-content\/uploads\/2024\/06\/ACN-20240614-167026.jpg","width":1920,"height":700},{"@type":"BreadcrumbList","@id":"https:\/\/acninternational.org\/es\/como-se-vive-la-fe-en-los-bateyes-de-republica-dominicana\/#breadcrumb","itemListElement":[{"@type":"ListItem","position":1,"name":"Home","item":"https:\/\/acninternational.org\/es\/"},{"@type":"ListItem","position":2,"name":"DESTACADO","item":"https:\/\/acninternational.org\/es\/category\/destacado\/"},{"@type":"ListItem","position":3,"name":"C\u00f3mo se vive la fe en los bateyes de Rep\u00fablica Dominicana"}]},{"@type":"WebSite","@id":"https:\/\/acninternational.org\/es\/#website","url":"https:\/\/acninternational.org\/es\/","name":"ACN International","description":"","publisher":{"@id":"https:\/\/acninternational.org\/es\/#organization"},"potentialAction":[{"@type":"SearchAction","target":{"@type":"EntryPoint","urlTemplate":"https:\/\/acninternational.org\/es\/?s={search_term_string}"},"query-input":{"@type":"PropertyValueSpecification","valueRequired":true,"valueName":"search_term_string"}}],"inLanguage":"es"},{"@type":"Organization","@id":"https:\/\/acninternational.org\/es\/#organization","name":"Aid to the Church in Need International","url":"https:\/\/acninternational.org\/es\/","logo":{"@type":"ImageObject","inLanguage":"es","@id":"https:\/\/acninternational.org\/es\/#\/schema\/logo\/image\/","url":"https:\/\/media.acninternational.org\/wp-content\/uploads\/2019\/11\/acn_logo_blackvector.svg","contentUrl":"https:\/\/media.acninternational.org\/wp-content\/uploads\/2019\/11\/acn_logo_blackvector.svg","width":232.6,"height":78,"caption":"Aid to the Church in Need International"},"image":{"@id":"https:\/\/acninternational.org\/es\/#\/schema\/logo\/image\/"},"sameAs":["https:\/\/www.facebook.com\/acninternationalorg","https:\/\/x.com\/acn_int","https:\/\/www.youtube.com\/channel\/UCQ-077gS0TnVzkhHmf1opZw","https:\/\/www.instagram.com\/acn_international\/"]},{"@type":"Person","@id":"https:\/\/acninternational.org\/es\/#\/schema\/person\/ad46cf160e48fe3378c54b7abb5527a9","name":"Luc\u00eda Ballester","description":"Lorem ipsum dolor sit amet, consectetur adipiscing elit, sed do eiusmod tempor incididunt ut labore et dolore magna aliqua. Ut enim ad minim veniam, quis nostrud exercitation ullamco laboris nisi ut aliquip ex ea commodo consequat.","url":"https:\/\/acninternational.org\/es\/author\/lucia-ballester\/"}]}},"_links":{"self":[{"href":"https:\/\/acninternational.org\/es\/wp-json\/wp\/v2\/posts\/212149","targetHints":{"allow":["GET"]}}],"collection":[{"href":"https:\/\/acninternational.org\/es\/wp-json\/wp\/v2\/posts"}],"about":[{"href":"https:\/\/acninternational.org\/es\/wp-json\/wp\/v2\/types\/post"}],"author":[{"embeddable":true,"href":"https:\/\/acninternational.org\/es\/wp-json\/wp\/v2\/users\/4258341381"}],"replies":[{"embeddable":true,"href":"https:\/\/acninternational.org\/es\/wp-json\/wp\/v2\/comments?post=212149"}],"version-history":[{"count":1,"href":"https:\/\/acninternational.org\/es\/wp-json\/wp\/v2\/posts\/212149\/revisions"}],"predecessor-version":[{"id":245624,"href":"https:\/\/acninternational.org\/es\/wp-json\/wp\/v2\/posts\/212149\/revisions\/245624"}],"wp:featuredmedia":[{"embeddable":true,"href":"https:\/\/acninternational.org\/es\/wp-json\/wp\/v2\/media\/212123"}],"wp:attachment":[{"href":"https:\/\/acninternational.org\/es\/wp-json\/wp\/v2\/media?parent=212149"}],"wp:term":[{"taxonomy":"category","embeddable":true,"href":"https:\/\/acninternational.org\/es\/wp-json\/wp\/v2\/categories?post=212149"},{"taxonomy":"post_tag","embeddable":true,"href":"https:\/\/acninternational.org\/es\/wp-json\/wp\/v2\/tags?post=212149"},{"taxonomy":"country","embeddable":true,"href":"https:\/\/acninternational.org\/es\/wp-json\/wp\/v2\/country?post=212149"}],"curies":[{"name":"wp","href":"https:\/\/api.w.org\/{rel}","templated":true}]}}