{"id":208664,"date":"2024-06-03T17:14:57","date_gmt":"2024-06-03T15:14:57","guid":{"rendered":"https:\/\/acninternational.org\/?p=208664"},"modified":"2025-08-12T10:43:28","modified_gmt":"2025-08-12T08:43:28","slug":"pakistan-obispo-catolico-insta-a-la-comunidad-internacional-a-actuar-para-detener-el-abuso-de-las-leyes-de-blasfemia","status":"publish","type":"post","link":"https:\/\/acninternational.org\/es\/pakistan-obispo-catolico-insta-a-la-comunidad-internacional-a-actuar-para-detener-el-abuso-de-las-leyes-de-blasfemia\/","title":{"rendered":"Pakist\u00e1n: Obispo cat\u00f3lico insta a la comunidad internacional a actuar para detener el abuso de las leyes de blasfemia"},"content":{"rendered":"<p style=\"font-weight: 400;\"><em>El <\/em>p<em>residente de la Conferencia Episcopal Pakistan\u00ed ha lanzado un vehemente llamamiento a las potencias mundiales para que se unan y exijan a las autoridades pakistan\u00edes que act\u00faen para proteger las vidas de los grupos religiosos minoritarios, los cuales sufren persecuci\u00f3n y se ven cada vez m\u00e1s amenazados por el flagrante abuso de las tristemente c\u00e9lebres leyes de blasfemia.<\/em><\/p>\n<p style=\"font-weight: 400;\">El obispo Samson Shukardin, presidente de la Conferencia Episcopal Pakistan\u00ed, ha declarado que a menos que se aprueben leyes que tipifiquen como delito la invenci\u00f3n de acusaciones de blasfemia, los cristianos y dem\u00e1s minor\u00edas asediadas nunca se sentir\u00e1n seguros en su propio pa\u00eds. Su declaraci\u00f3n coincide con la noticia del lunes, 3 de junio, de la muerte de Nazir Gill Masih, un cristiano de Sargodha de unos 70 a\u00f1os, \u00a0que falleci\u00f3 en el hospital diez d\u00edas despu\u00e9s de ser atacado por una turba instigada por dudosas acusaciones de blasfemia contra \u00e9l.<\/p>\n<figure id=\"attachment_208574\" aria-describedby=\"caption-attachment-208574\" style=\"width: 800px\" class=\"wp-caption aligncenter\"><img loading=\"lazy\" decoding=\"async\" class=\"wp-image-208574 size-large\" src=\"https:\/\/media.acninternational.org\/wp-content\/uploads\/2024\/06\/ACN-20230814-151245-1024x1015.jpg\" alt=\"Obispo Samson Shukardin de Hyderabad, Pakist\u00e1n\" width=\"800\" height=\"793\" srcset=\"https:\/\/media.acninternational.org\/wp-content\/uploads\/2024\/06\/ACN-20230814-151245-1024x1015.jpg 1024w, https:\/\/media.acninternational.org\/wp-content\/uploads\/2024\/06\/ACN-20230814-151245-300x298.jpg 300w, https:\/\/media.acninternational.org\/wp-content\/uploads\/2024\/06\/ACN-20230814-151245-150x150.jpg 150w, https:\/\/media.acninternational.org\/wp-content\/uploads\/2024\/06\/ACN-20230814-151245-768x762.jpg 768w, https:\/\/media.acninternational.org\/wp-content\/uploads\/2024\/06\/ACN-20230814-151245.jpg 1080w\" sizes=\"auto, (max-width: 800px) 100vw, 800px\" \/><figcaption id=\"caption-attachment-208574\" class=\"wp-caption-text\">Obispo Samson Shukardin de Hyderabad, Pakist\u00e1n<\/figcaption><\/figure>\n<p style=\"font-weight: 400;\">Mons. Shukardin afirma que este tipo de incidentes no har\u00e1n m\u00e1s que aumentar a menos que las autoridades pakistan\u00edes tomen medidas severas contra quienes se inventan esas acusaciones e impidan que las turbas se tomen la justicia por su mano aterrorizando a las v\u00edctimas, sus familias y sus vecinos.<\/p>\n<p style=\"font-weight: 400;\">En una entrevista con la fundaci\u00f3n pontificia Aid to the Church in Need (ACN),\u00a0 Mons. Shukardin se\u00f1ala: \u00abEs muy importante que se introduzca una legislaci\u00f3n que imponga penas -incluso de c\u00e1rcel- a quienes hayan acusado falsamente a alguien de blasfemia\u00bb.<\/p>\n<p style=\"font-weight: 400;\">El prelado subraya que, dado el analfabetismo habitual entre los cristianos, es muy poco probable que esta minor\u00eda cometa una blasfemia intencionada, de acuerdo con el art\u00edculo 295B del C\u00f3digo Penal, que castiga con cadena perpetua la profanaci\u00f3n del Cor\u00e1n. El obispo de Hyderabad es tambi\u00e9n presidente de la Comisi\u00f3n Cat\u00f3lica Nacional Justicia y Paz, organizaci\u00f3n que act\u00faa endefensa de los oprimidos de la Iglesia. En la entrevista, el obispo acusa a las autoridades pakistan\u00edes de no hacer justicia a las v\u00edctimas de la ola de violencia contra los cristianos del pasado agosto en el distrito de Jaranwala, en Punjab, provocada tambi\u00e9n por una falsa acusaci\u00f3n de blasfemia.<\/p>\n<p style=\"font-weight: 400;\">Mons. Shukardin advierte de que ese y otros ejemplos de supuesta inacci\u00f3n gubernamental no han hecho sino envalentonar a m\u00e1s personas a utilizar las controvertidas leyes como arma contra minor\u00edas inocentes: \u00abNo se ha hecho nada para hacer justicia tras el incidente de Jaranwala. Eso es un desastre; no es bueno para las minor\u00edas. Hasta que el gobierno no se tome esto en serio y promulgue leyes que protejan a las minor\u00edas,\u00a0 especialmente a los cristianos -la principal minor\u00eda en Punjab-, la situaci\u00f3n relativa al uso indebido de las leyes de blasfemia no har\u00e1 m\u00e1s que empeorar. No pedimos nada que vaya en contra de Pakist\u00e1n; simplemente pedimos que se protejan nuestras vidas y las de nuestras familias\u00bb. Y a\u00f1ade: \u00abNecesitamos justicia y seguridad para nuestras minor\u00edas y para todos aquellos que son maltratados por su religi\u00f3n o en base a algo que no est\u00e9 de acuerdo con la dignidad humana\u00bb. El obispo asegura en su entrevista con ACN que s\u00f3lo la presi\u00f3n extranjera obligar\u00e1 a Pakist\u00e1n a actuar: \u00abEs preciso que la presi\u00f3n venga del exterior, de gobierno a gobierno\u00bb.<\/p>\n<p style=\"font-weight: 400;\">Mons. Shukardin ha declarado que \u00abla persecuci\u00f3n est\u00e1 empeorando. Se sabe de los incidentes especialmente graves, como el de Jaranwala en agosto y el de finales de mayo en Sargodha, pero hay much\u00edsimos m\u00e1s incidentes menores. La situaci\u00f3n es alarmante. Cuando ves cu\u00e1ntos incidentes se est\u00e1n produciendo, empiezas a darte cuenta de que est\u00e1n aumentando d\u00eda a d\u00eda\u00bb.<\/p>\n<p style=\"font-weight: 400;\">El obispo tambi\u00e9n ha hecho hincapi\u00e9 en que s\u00f3lo una minor\u00eda de los musulmanes de Pakist\u00e1n es hostil a las minor\u00edas, y ha a\u00f1adido que el enorme volumen de declaraciones de condena a los ataques anticristianos del 25 y 26 de mayo en Sargodha por YouTube y televisi\u00f3n no tiene precedentes.<\/p>\n<p>&nbsp;<\/p>\n","protected":false},"excerpt":{"rendered":"<p>El presidente de la Conferencia Episcopal Pakistan\u00ed ha lanzado un vehemente llamamiento a las potencias mundiales para que<\/p>\n","protected":false},"author":4258341389,"featured_media":208580,"comment_status":"closed","ping_status":"closed","sticky":false,"template":"","format":"standard","meta":{"_acf_changed":false,"_acn_coauthor_ids":[],"footnotes":""},"categories":[575,746],"tags":[],"country":[407],"class_list":["post-208664","post","type-post","status-publish","format-standard","has-post-thumbnail","hentry","category-news","category-noticias","country-pakistan-es"],"acn_coauthors":[],"acf":[],"yoast_head":"<!-- This site is optimized with the Yoast SEO Premium plugin v27.3 (Yoast SEO v27.3) - https:\/\/yoast.com\/product\/yoast-seo-premium-wordpress\/ -->\n<title>Pakist\u00e1n: Obispo cat\u00f3lico insta a la comunidad internacional a actuar para detener el abuso de las leyes de blasfemia | ACN International<\/title>\n<meta name=\"robots\" content=\"index, follow, max-snippet:-1, max-image-preview:large, max-video-preview:-1\" \/>\n<link rel=\"canonical\" href=\"https:\/\/acninternational.org\/es\/pakistan-obispo-catolico-insta-a-la-comunidad-internacional-a-actuar-para-detener-el-abuso-de-las-leyes-de-blasfemia\/\" \/>\n<meta property=\"og:locale\" content=\"es_ES\" \/>\n<meta property=\"og:type\" content=\"article\" \/>\n<meta property=\"og:title\" content=\"Pakist\u00e1n: Obispo cat\u00f3lico insta a la comunidad internacional a actuar para detener el abuso de las leyes de blasfemia\" \/>\n<meta property=\"og:description\" content=\"El presidente de la Conferencia Episcopal Pakistan\u00ed ha lanzado un vehemente llamamiento a las potencias mundiales para que\" \/>\n<meta property=\"og:url\" content=\"https:\/\/acninternational.org\/es\/pakistan-obispo-catolico-insta-a-la-comunidad-internacional-a-actuar-para-detener-el-abuso-de-las-leyes-de-blasfemia\/\" \/>\n<meta property=\"og:site_name\" content=\"ACN International\" \/>\n<meta property=\"article:publisher\" content=\"https:\/\/www.facebook.com\/acninternationalorg\" \/>\n<meta property=\"article:published_time\" content=\"2024-06-03T15:14:57+00:00\" \/>\n<meta property=\"article:modified_time\" content=\"2025-08-12T08:43:28+00:00\" \/>\n<meta property=\"og:image\" content=\"https:\/\/media.acninternational.org\/wp-content\/uploads\/2024\/06\/ACN-20230505-145500.jpg\" \/>\n\t<meta property=\"og:image:width\" content=\"1920\" \/>\n\t<meta property=\"og:image:height\" content=\"700\" \/>\n\t<meta property=\"og:image:type\" content=\"image\/jpeg\" \/>\n<meta name=\"author\" content=\"John Pontifex\" \/>\n<meta name=\"twitter:card\" content=\"summary_large_image\" \/>\n<meta name=\"twitter:creator\" content=\"@acn_int\" \/>\n<meta name=\"twitter:site\" content=\"@acn_int\" \/>\n<meta name=\"twitter:label1\" content=\"Escrito por\" \/>\n\t<meta name=\"twitter:data1\" content=\"John Pontifex\" \/>\n\t<meta name=\"twitter:label2\" content=\"Tiempo de lectura\" \/>\n\t<meta name=\"twitter:data2\" content=\"4 minutos\" \/>\n<script type=\"application\/ld+json\" class=\"yoast-schema-graph\">{\"@context\":\"https:\\\/\\\/schema.org\",\"@graph\":[{\"@type\":\"Article\",\"@id\":\"https:\\\/\\\/acninternational.org\\\/es\\\/pakistan-obispo-catolico-insta-a-la-comunidad-internacional-a-actuar-para-detener-el-abuso-de-las-leyes-de-blasfemia\\\/#article\",\"isPartOf\":{\"@id\":\"https:\\\/\\\/acninternational.org\\\/es\\\/pakistan-obispo-catolico-insta-a-la-comunidad-internacional-a-actuar-para-detener-el-abuso-de-las-leyes-de-blasfemia\\\/\"},\"author\":{\"name\":\"John Pontifex\",\"@id\":\"https:\\\/\\\/acninternational.org\\\/es\\\/#\\\/schema\\\/person\\\/1ea5fac944712be031870cc7267c325f\"},\"headline\":\"Pakist\u00e1n: Obispo cat\u00f3lico insta a la comunidad internacional a actuar para detener el abuso de las leyes de blasfemia\",\"datePublished\":\"2024-06-03T15:14:57+00:00\",\"dateModified\":\"2025-08-12T08:43:28+00:00\",\"mainEntityOfPage\":{\"@id\":\"https:\\\/\\\/acninternational.org\\\/es\\\/pakistan-obispo-catolico-insta-a-la-comunidad-internacional-a-actuar-para-detener-el-abuso-de-las-leyes-de-blasfemia\\\/\"},\"wordCount\":737,\"publisher\":{\"@id\":\"https:\\\/\\\/acninternational.org\\\/es\\\/#organization\"},\"image\":{\"@id\":\"https:\\\/\\\/acninternational.org\\\/es\\\/pakistan-obispo-catolico-insta-a-la-comunidad-internacional-a-actuar-para-detener-el-abuso-de-las-leyes-de-blasfemia\\\/#primaryimage\"},\"thumbnailUrl\":\"https:\\\/\\\/media.acninternational.org\\\/wp-content\\\/uploads\\\/2024\\\/06\\\/ACN-20230505-145500.jpg\",\"articleSection\":[\"News\",\"NOTICIAS\"],\"inLanguage\":\"es\"},{\"@type\":\"WebPage\",\"@id\":\"https:\\\/\\\/acninternational.org\\\/es\\\/pakistan-obispo-catolico-insta-a-la-comunidad-internacional-a-actuar-para-detener-el-abuso-de-las-leyes-de-blasfemia\\\/\",\"url\":\"https:\\\/\\\/acninternational.org\\\/es\\\/pakistan-obispo-catolico-insta-a-la-comunidad-internacional-a-actuar-para-detener-el-abuso-de-las-leyes-de-blasfemia\\\/\",\"name\":\"Pakist\u00e1n: Obispo cat\u00f3lico insta a la comunidad internacional a actuar para detener el abuso de las leyes de blasfemia | ACN International\",\"isPartOf\":{\"@id\":\"https:\\\/\\\/acninternational.org\\\/es\\\/#website\"},\"primaryImageOfPage\":{\"@id\":\"https:\\\/\\\/acninternational.org\\\/es\\\/pakistan-obispo-catolico-insta-a-la-comunidad-internacional-a-actuar-para-detener-el-abuso-de-las-leyes-de-blasfemia\\\/#primaryimage\"},\"image\":{\"@id\":\"https:\\\/\\\/acninternational.org\\\/es\\\/pakistan-obispo-catolico-insta-a-la-comunidad-internacional-a-actuar-para-detener-el-abuso-de-las-leyes-de-blasfemia\\\/#primaryimage\"},\"thumbnailUrl\":\"https:\\\/\\\/media.acninternational.org\\\/wp-content\\\/uploads\\\/2024\\\/06\\\/ACN-20230505-145500.jpg\",\"datePublished\":\"2024-06-03T15:14:57+00:00\",\"dateModified\":\"2025-08-12T08:43:28+00:00\",\"breadcrumb\":{\"@id\":\"https:\\\/\\\/acninternational.org\\\/es\\\/pakistan-obispo-catolico-insta-a-la-comunidad-internacional-a-actuar-para-detener-el-abuso-de-las-leyes-de-blasfemia\\\/#breadcrumb\"},\"inLanguage\":\"es\",\"potentialAction\":[{\"@type\":\"ReadAction\",\"target\":[\"https:\\\/\\\/acninternational.org\\\/es\\\/pakistan-obispo-catolico-insta-a-la-comunidad-internacional-a-actuar-para-detener-el-abuso-de-las-leyes-de-blasfemia\\\/\"]}]},{\"@type\":\"ImageObject\",\"inLanguage\":\"es\",\"@id\":\"https:\\\/\\\/acninternational.org\\\/es\\\/pakistan-obispo-catolico-insta-a-la-comunidad-internacional-a-actuar-para-detener-el-abuso-de-las-leyes-de-blasfemia\\\/#primaryimage\",\"url\":\"https:\\\/\\\/media.acninternational.org\\\/wp-content\\\/uploads\\\/2024\\\/06\\\/ACN-20230505-145500.jpg\",\"contentUrl\":\"https:\\\/\\\/media.acninternational.org\\\/wp-content\\\/uploads\\\/2024\\\/06\\\/ACN-20230505-145500.jpg\",\"width\":1920,\"height\":700},{\"@type\":\"BreadcrumbList\",\"@id\":\"https:\\\/\\\/acninternational.org\\\/es\\\/pakistan-obispo-catolico-insta-a-la-comunidad-internacional-a-actuar-para-detener-el-abuso-de-las-leyes-de-blasfemia\\\/#breadcrumb\",\"itemListElement\":[{\"@type\":\"ListItem\",\"position\":1,\"name\":\"Home\",\"item\":\"https:\\\/\\\/acninternational.org\\\/es\\\/\"},{\"@type\":\"ListItem\",\"position\":2,\"name\":\"NOTICIAS\",\"item\":\"https:\\\/\\\/acninternational.org\\\/es\\\/category\\\/news-es\\\/\"},{\"@type\":\"ListItem\",\"position\":3,\"name\":\"Pakist\u00e1n: Obispo cat\u00f3lico insta a la comunidad internacional a actuar para detener el abuso de las leyes de blasfemia\"}]},{\"@type\":\"WebSite\",\"@id\":\"https:\\\/\\\/acninternational.org\\\/es\\\/#website\",\"url\":\"https:\\\/\\\/acninternational.org\\\/es\\\/\",\"name\":\"ACN International\",\"description\":\"\",\"publisher\":{\"@id\":\"https:\\\/\\\/acninternational.org\\\/es\\\/#organization\"},\"potentialAction\":[{\"@type\":\"SearchAction\",\"target\":{\"@type\":\"EntryPoint\",\"urlTemplate\":\"https:\\\/\\\/acninternational.org\\\/es\\\/?s={search_term_string}\"},\"query-input\":{\"@type\":\"PropertyValueSpecification\",\"valueRequired\":true,\"valueName\":\"search_term_string\"}}],\"inLanguage\":\"es\"},{\"@type\":\"Organization\",\"@id\":\"https:\\\/\\\/acninternational.org\\\/es\\\/#organization\",\"name\":\"Aid to the Church in Need International\",\"url\":\"https:\\\/\\\/acninternational.org\\\/es\\\/\",\"logo\":{\"@type\":\"ImageObject\",\"inLanguage\":\"es\",\"@id\":\"https:\\\/\\\/acninternational.org\\\/es\\\/#\\\/schema\\\/logo\\\/image\\\/\",\"url\":\"https:\\\/\\\/media.acninternational.org\\\/wp-content\\\/uploads\\\/2019\\\/11\\\/acn_logo_blackvector.svg\",\"contentUrl\":\"https:\\\/\\\/media.acninternational.org\\\/wp-content\\\/uploads\\\/2019\\\/11\\\/acn_logo_blackvector.svg\",\"width\":232.6,\"height\":78,\"caption\":\"Aid to the Church in Need International\"},\"image\":{\"@id\":\"https:\\\/\\\/acninternational.org\\\/es\\\/#\\\/schema\\\/logo\\\/image\\\/\"},\"sameAs\":[\"https:\\\/\\\/www.facebook.com\\\/acninternationalorg\",\"https:\\\/\\\/x.com\\\/acn_int\",\"https:\\\/\\\/www.youtube.com\\\/channel\\\/UCQ-077gS0TnVzkhHmf1opZw\",\"https:\\\/\\\/www.instagram.com\\\/acn_international\\\/\"]},{\"@type\":\"Person\",\"@id\":\"https:\\\/\\\/acninternational.org\\\/es\\\/#\\\/schema\\\/person\\\/1ea5fac944712be031870cc7267c325f\",\"name\":\"John Pontifex\",\"description\":\"Lorem ipsum dolor sit amet, consectetur adipiscing elit, sed do eiusmod tempor incididunt ut labore et dolore magna aliqua. Ut enim ad minim veniam, quis nostrud exercitation ullamco laboris nisi ut aliquip ex ea commodo consequat.\",\"url\":\"https:\\\/\\\/acninternational.org\\\/es\\\/author\\\/john-pontifex\\\/\"}]}<\/script>\n<!-- \/ Yoast SEO Premium plugin. -->","yoast_head_json":{"title":"Pakist\u00e1n: Obispo cat\u00f3lico insta a la comunidad internacional a actuar para detener el abuso de las leyes de blasfemia | ACN International","robots":{"index":"index","follow":"follow","max-snippet":"max-snippet:-1","max-image-preview":"max-image-preview:large","max-video-preview":"max-video-preview:-1"},"canonical":"https:\/\/acninternational.org\/es\/pakistan-obispo-catolico-insta-a-la-comunidad-internacional-a-actuar-para-detener-el-abuso-de-las-leyes-de-blasfemia\/","og_locale":"es_ES","og_type":"article","og_title":"Pakist\u00e1n: Obispo cat\u00f3lico insta a la comunidad internacional a actuar para detener el abuso de las leyes de blasfemia","og_description":"El presidente de la Conferencia Episcopal Pakistan\u00ed ha lanzado un vehemente llamamiento a las potencias mundiales para que","og_url":"https:\/\/acninternational.org\/es\/pakistan-obispo-catolico-insta-a-la-comunidad-internacional-a-actuar-para-detener-el-abuso-de-las-leyes-de-blasfemia\/","og_site_name":"ACN International","article_publisher":"https:\/\/www.facebook.com\/acninternationalorg","article_published_time":"2024-06-03T15:14:57+00:00","article_modified_time":"2025-08-12T08:43:28+00:00","og_image":[{"width":1920,"height":700,"url":"https:\/\/media.acninternational.org\/wp-content\/uploads\/2024\/06\/ACN-20230505-145500.jpg","type":"image\/jpeg"}],"author":"John Pontifex","twitter_card":"summary_large_image","twitter_creator":"@acn_int","twitter_site":"@acn_int","twitter_misc":{"Escrito por":"John Pontifex","Tiempo de lectura":"4 minutos"},"schema":{"@context":"https:\/\/schema.org","@graph":[{"@type":"Article","@id":"https:\/\/acninternational.org\/es\/pakistan-obispo-catolico-insta-a-la-comunidad-internacional-a-actuar-para-detener-el-abuso-de-las-leyes-de-blasfemia\/#article","isPartOf":{"@id":"https:\/\/acninternational.org\/es\/pakistan-obispo-catolico-insta-a-la-comunidad-internacional-a-actuar-para-detener-el-abuso-de-las-leyes-de-blasfemia\/"},"author":{"name":"John Pontifex","@id":"https:\/\/acninternational.org\/es\/#\/schema\/person\/1ea5fac944712be031870cc7267c325f"},"headline":"Pakist\u00e1n: Obispo cat\u00f3lico insta a la comunidad internacional a actuar para detener el abuso de las leyes de blasfemia","datePublished":"2024-06-03T15:14:57+00:00","dateModified":"2025-08-12T08:43:28+00:00","mainEntityOfPage":{"@id":"https:\/\/acninternational.org\/es\/pakistan-obispo-catolico-insta-a-la-comunidad-internacional-a-actuar-para-detener-el-abuso-de-las-leyes-de-blasfemia\/"},"wordCount":737,"publisher":{"@id":"https:\/\/acninternational.org\/es\/#organization"},"image":{"@id":"https:\/\/acninternational.org\/es\/pakistan-obispo-catolico-insta-a-la-comunidad-internacional-a-actuar-para-detener-el-abuso-de-las-leyes-de-blasfemia\/#primaryimage"},"thumbnailUrl":"https:\/\/media.acninternational.org\/wp-content\/uploads\/2024\/06\/ACN-20230505-145500.jpg","articleSection":["News","NOTICIAS"],"inLanguage":"es"},{"@type":"WebPage","@id":"https:\/\/acninternational.org\/es\/pakistan-obispo-catolico-insta-a-la-comunidad-internacional-a-actuar-para-detener-el-abuso-de-las-leyes-de-blasfemia\/","url":"https:\/\/acninternational.org\/es\/pakistan-obispo-catolico-insta-a-la-comunidad-internacional-a-actuar-para-detener-el-abuso-de-las-leyes-de-blasfemia\/","name":"Pakist\u00e1n: Obispo cat\u00f3lico insta a la comunidad internacional a actuar para detener el abuso de las leyes de blasfemia | ACN International","isPartOf":{"@id":"https:\/\/acninternational.org\/es\/#website"},"primaryImageOfPage":{"@id":"https:\/\/acninternational.org\/es\/pakistan-obispo-catolico-insta-a-la-comunidad-internacional-a-actuar-para-detener-el-abuso-de-las-leyes-de-blasfemia\/#primaryimage"},"image":{"@id":"https:\/\/acninternational.org\/es\/pakistan-obispo-catolico-insta-a-la-comunidad-internacional-a-actuar-para-detener-el-abuso-de-las-leyes-de-blasfemia\/#primaryimage"},"thumbnailUrl":"https:\/\/media.acninternational.org\/wp-content\/uploads\/2024\/06\/ACN-20230505-145500.jpg","datePublished":"2024-06-03T15:14:57+00:00","dateModified":"2025-08-12T08:43:28+00:00","breadcrumb":{"@id":"https:\/\/acninternational.org\/es\/pakistan-obispo-catolico-insta-a-la-comunidad-internacional-a-actuar-para-detener-el-abuso-de-las-leyes-de-blasfemia\/#breadcrumb"},"inLanguage":"es","potentialAction":[{"@type":"ReadAction","target":["https:\/\/acninternational.org\/es\/pakistan-obispo-catolico-insta-a-la-comunidad-internacional-a-actuar-para-detener-el-abuso-de-las-leyes-de-blasfemia\/"]}]},{"@type":"ImageObject","inLanguage":"es","@id":"https:\/\/acninternational.org\/es\/pakistan-obispo-catolico-insta-a-la-comunidad-internacional-a-actuar-para-detener-el-abuso-de-las-leyes-de-blasfemia\/#primaryimage","url":"https:\/\/media.acninternational.org\/wp-content\/uploads\/2024\/06\/ACN-20230505-145500.jpg","contentUrl":"https:\/\/media.acninternational.org\/wp-content\/uploads\/2024\/06\/ACN-20230505-145500.jpg","width":1920,"height":700},{"@type":"BreadcrumbList","@id":"https:\/\/acninternational.org\/es\/pakistan-obispo-catolico-insta-a-la-comunidad-internacional-a-actuar-para-detener-el-abuso-de-las-leyes-de-blasfemia\/#breadcrumb","itemListElement":[{"@type":"ListItem","position":1,"name":"Home","item":"https:\/\/acninternational.org\/es\/"},{"@type":"ListItem","position":2,"name":"NOTICIAS","item":"https:\/\/acninternational.org\/es\/category\/news-es\/"},{"@type":"ListItem","position":3,"name":"Pakist\u00e1n: Obispo cat\u00f3lico insta a la comunidad internacional a actuar para detener el abuso de las leyes de blasfemia"}]},{"@type":"WebSite","@id":"https:\/\/acninternational.org\/es\/#website","url":"https:\/\/acninternational.org\/es\/","name":"ACN International","description":"","publisher":{"@id":"https:\/\/acninternational.org\/es\/#organization"},"potentialAction":[{"@type":"SearchAction","target":{"@type":"EntryPoint","urlTemplate":"https:\/\/acninternational.org\/es\/?s={search_term_string}"},"query-input":{"@type":"PropertyValueSpecification","valueRequired":true,"valueName":"search_term_string"}}],"inLanguage":"es"},{"@type":"Organization","@id":"https:\/\/acninternational.org\/es\/#organization","name":"Aid to the Church in Need International","url":"https:\/\/acninternational.org\/es\/","logo":{"@type":"ImageObject","inLanguage":"es","@id":"https:\/\/acninternational.org\/es\/#\/schema\/logo\/image\/","url":"https:\/\/media.acninternational.org\/wp-content\/uploads\/2019\/11\/acn_logo_blackvector.svg","contentUrl":"https:\/\/media.acninternational.org\/wp-content\/uploads\/2019\/11\/acn_logo_blackvector.svg","width":232.6,"height":78,"caption":"Aid to the Church in Need International"},"image":{"@id":"https:\/\/acninternational.org\/es\/#\/schema\/logo\/image\/"},"sameAs":["https:\/\/www.facebook.com\/acninternationalorg","https:\/\/x.com\/acn_int","https:\/\/www.youtube.com\/channel\/UCQ-077gS0TnVzkhHmf1opZw","https:\/\/www.instagram.com\/acn_international\/"]},{"@type":"Person","@id":"https:\/\/acninternational.org\/es\/#\/schema\/person\/1ea5fac944712be031870cc7267c325f","name":"John Pontifex","description":"Lorem ipsum dolor sit amet, consectetur adipiscing elit, sed do eiusmod tempor incididunt ut labore et dolore magna aliqua. Ut enim ad minim veniam, quis nostrud exercitation ullamco laboris nisi ut aliquip ex ea commodo consequat.","url":"https:\/\/acninternational.org\/es\/author\/john-pontifex\/"}]}},"_links":{"self":[{"href":"https:\/\/acninternational.org\/es\/wp-json\/wp\/v2\/posts\/208664","targetHints":{"allow":["GET"]}}],"collection":[{"href":"https:\/\/acninternational.org\/es\/wp-json\/wp\/v2\/posts"}],"about":[{"href":"https:\/\/acninternational.org\/es\/wp-json\/wp\/v2\/types\/post"}],"author":[{"embeddable":true,"href":"https:\/\/acninternational.org\/es\/wp-json\/wp\/v2\/users\/4258341389"}],"replies":[{"embeddable":true,"href":"https:\/\/acninternational.org\/es\/wp-json\/wp\/v2\/comments?post=208664"}],"version-history":[{"count":1,"href":"https:\/\/acninternational.org\/es\/wp-json\/wp\/v2\/posts\/208664\/revisions"}],"predecessor-version":[{"id":245667,"href":"https:\/\/acninternational.org\/es\/wp-json\/wp\/v2\/posts\/208664\/revisions\/245667"}],"wp:featuredmedia":[{"embeddable":true,"href":"https:\/\/acninternational.org\/es\/wp-json\/wp\/v2\/media\/208580"}],"wp:attachment":[{"href":"https:\/\/acninternational.org\/es\/wp-json\/wp\/v2\/media?parent=208664"}],"wp:term":[{"taxonomy":"category","embeddable":true,"href":"https:\/\/acninternational.org\/es\/wp-json\/wp\/v2\/categories?post=208664"},{"taxonomy":"post_tag","embeddable":true,"href":"https:\/\/acninternational.org\/es\/wp-json\/wp\/v2\/tags?post=208664"},{"taxonomy":"country","embeddable":true,"href":"https:\/\/acninternational.org\/es\/wp-json\/wp\/v2\/country?post=208664"}],"curies":[{"name":"wp","href":"https:\/\/api.w.org\/{rel}","templated":true}]}}