{"id":208041,"date":"2024-05-24T11:53:48","date_gmt":"2024-05-24T09:53:48","guid":{"rendered":"https:\/\/acninternational.org\/?p=208041"},"modified":"2025-08-12T10:43:58","modified_gmt":"2025-08-12T08:43:58","slug":"acn-se-solidariza-con-las-victimas-de-las-tragicas-inundaciones-en-brasil","status":"publish","type":"post","link":"https:\/\/acninternational.org\/es\/acn-se-solidariza-con-las-victimas-de-las-tragicas-inundaciones-en-brasil\/","title":{"rendered":"ACN se solidariza con las v\u00edctimas de las tr\u00e1gicas inundaciones en Brasil"},"content":{"rendered":"<p style=\"font-weight: 400;\"><em>La fundaci\u00f3n pontificia Aid to the Church in Need (ACN) permanece en estrecho contacto con sus socios locales en Rio Grande do Sul y Santa Catarina, las zonas m\u00e1s afectadas por las inundaciones, y se ha comprometido a colaborar en los esfuerzos de recuperaci\u00f3n.<\/em><\/p>\n<p style=\"font-weight: 400;\">Las lluvias torrenciales ya han provocado la muerte de unas 150 personas y afectado a m\u00e1s de dos millones de personas en los estados brasile\u00f1os de Rio Grande do Sul y Santa Catarina. Muchos de los afectados han perdido todo a causa de las inundaciones, las m\u00e1s grandes de la historia de Rio Grande do Sul, y necesitan ayuda inmediata pero tambi\u00e9n a largo plazo.<\/p>\n<figure id=\"attachment_208033\" aria-describedby=\"caption-attachment-208033\" style=\"width: 800px\" class=\"wp-caption aligncenter\"><img loading=\"lazy\" decoding=\"async\" class=\"wp-image-208033 size-large\" src=\"https:\/\/media.acninternational.org\/wp-content\/uploads\/2024\/05\/ACN-20230825-151828-1024x684.jpg\" alt=\"Regina Lynch (Presidenta Ejecutiva de AIN Internacional) durante su visita a AIN Colombia Agosto 2023\" width=\"800\" height=\"534\" srcset=\"https:\/\/media.acninternational.org\/wp-content\/uploads\/2024\/05\/ACN-20230825-151828-1024x684.jpg 1024w, https:\/\/media.acninternational.org\/wp-content\/uploads\/2024\/05\/ACN-20230825-151828-300x200.jpg 300w, https:\/\/media.acninternational.org\/wp-content\/uploads\/2024\/05\/ACN-20230825-151828-768x513.jpg 768w, https:\/\/media.acninternational.org\/wp-content\/uploads\/2024\/05\/ACN-20230825-151828.jpg 1080w\" sizes=\"auto, (max-width: 800px) 100vw, 800px\" \/><figcaption id=\"caption-attachment-208033\" class=\"wp-caption-text\">Regina Lynch (Presidenta Ejecutiva de AIN Internacional) durante su visita a AIN Colombia Agosto 2023<\/figcaption><\/figure>\n<p style=\"font-weight: 400;\">La presidenta ejecutiva de Aid to the Church in Need (ACN), Regina Lynch, ha mandado un mensaje de solidaridad a los socios locales para expresar su \u201ccercan\u00eda espiritual\u201d y su intenci\u00f3n de ayudar en este momento tan dif\u00edcil: \u00abComo miembros del mismo cuerpo m\u00edstico de Cristo, que es la Iglesia, ACN quiere apoyar a trav\u00e9s de la oraci\u00f3n y la asistencia material. Rezamos por todas las personas y estamos disponibles para ayudar a las iglesias locales con las necesidades que surjan, ya sean de emergencia o estructurales\u00bb.<\/p>\n<p style=\"font-weight: 400;\">Lynch expresa adem\u00e1s su esperanza de que la solidaridad mundial pueda \u00abdetener las consecuencias de la tragedia\u00bb, y a\u00f1ade: \u00abQue no falte el aliento para los pastores de este reba\u00f1o tan afectado. Recemos juntos por la intercesi\u00f3n de Nuestra Se\u00f1ora de Aparecida, patrona de Brasil\u201d.<\/p>\n<figure id=\"attachment_208039\" aria-describedby=\"caption-attachment-208039\" style=\"width: 800px\" class=\"wp-caption aligncenter\"><img loading=\"lazy\" decoding=\"async\" class=\"wp-image-208039 size-large\" src=\"https:\/\/media.acninternational.org\/wp-content\/uploads\/2024\/05\/ACN-20240523-165308-1024x576.jpg\" alt=\"Inundaciones en el sure\u00f1o estado brasile\u00f1o de Rio Grande do Sul\" width=\"800\" height=\"450\" srcset=\"https:\/\/media.acninternational.org\/wp-content\/uploads\/2024\/05\/ACN-20240523-165308-1024x576.jpg 1024w, https:\/\/media.acninternational.org\/wp-content\/uploads\/2024\/05\/ACN-20240523-165308-300x169.jpg 300w, https:\/\/media.acninternational.org\/wp-content\/uploads\/2024\/05\/ACN-20240523-165308-768x432.jpg 768w, https:\/\/media.acninternational.org\/wp-content\/uploads\/2024\/05\/ACN-20240523-165308.jpg 1080w\" sizes=\"auto, (max-width: 800px) 100vw, 800px\" \/><figcaption id=\"caption-attachment-208039\" class=\"wp-caption-text\">Inundaciones en el sure\u00f1o estado brasile\u00f1o de Rio Grande do Sul<\/figcaption><\/figure>\n<p style=\"font-weight: 400;\">Por su parte en una carta a la fundaci\u00f3n ACN, el obispo de Os\u00f3rio, en Rio Grande do Sul, explica que todas sus parroquias \u201cse han volcado en la donaci\u00f3n de alimentos, agua, productos de higiene, colchones, ropa y otros bienes esenciales\u201d. \u201cYa hemos conseguido enviar cientos de toneladas de art\u00edculos que nos han donado\u00bb, en lo que describe como un \u00abPentecost\u00e9s de caridad\u00bb.<\/p>\n<p style=\"font-weight: 400;\">El obispo tambi\u00e9n expres\u00f3 su gratitud a ACN por su constante apoyo a las instituciones eclesiales locales: \u00abEn medio de todo el sufrimiento y el dolor, brilla la solidaridad y la caridad de la comunidad local, del pueblo brasile\u00f1o y del mundo entero. \u00a1Gracias!\u00bb.<\/p>\n<p>&nbsp;<\/p>\n","protected":false},"excerpt":{"rendered":"<p>La fundaci\u00f3n pontificia Aid to the Church in Need (ACN) permanece en estrecho contacto con sus socios locales<\/p>\n","protected":false},"author":4258341377,"featured_media":208027,"comment_status":"closed","ping_status":"closed","sticky":false,"template":"","format":"standard","meta":{"_acf_changed":false,"_acn_coauthor_ids":[],"_acn_featured_article":false,"footnotes":""},"categories":[746,1254],"tags":[],"country":[376],"class_list":["post-208041","post","type-post","status-publish","format-standard","has-post-thumbnail","hentry","category-noticias","category-news-es","country-brasil"],"acn_coauthors":[],"acf":[],"yoast_head":"<!-- This site is optimized with the Yoast SEO Premium plugin v27.5 (Yoast SEO v27.5) - https:\/\/yoast.com\/product\/yoast-seo-premium-wordpress\/ -->\n<title>ACN se solidariza con las v\u00edctimas de las tr\u00e1gicas inundaciones en Brasil | ACN International<\/title>\n<meta name=\"robots\" content=\"index, follow, max-snippet:-1, max-image-preview:large, max-video-preview:-1\" \/>\n<link rel=\"canonical\" href=\"https:\/\/acninternational.org\/es\/acn-se-solidariza-con-las-victimas-de-las-tragicas-inundaciones-en-brasil\/\" \/>\n<meta property=\"og:locale\" content=\"es_ES\" \/>\n<meta property=\"og:type\" content=\"article\" \/>\n<meta property=\"og:title\" content=\"ACN se solidariza con las v\u00edctimas de las tr\u00e1gicas inundaciones en Brasil\" \/>\n<meta property=\"og:description\" content=\"La fundaci\u00f3n pontificia Aid to the Church in Need (ACN) permanece en estrecho contacto con sus socios locales\" \/>\n<meta property=\"og:url\" content=\"https:\/\/acninternational.org\/es\/acn-se-solidariza-con-las-victimas-de-las-tragicas-inundaciones-en-brasil\/\" \/>\n<meta property=\"og:site_name\" content=\"ACN International\" \/>\n<meta property=\"article:publisher\" content=\"https:\/\/www.facebook.com\/acninternationalorg\" \/>\n<meta property=\"article:published_time\" content=\"2024-05-24T09:53:48+00:00\" \/>\n<meta property=\"article:modified_time\" content=\"2025-08-12T08:43:58+00:00\" \/>\n<meta property=\"og:image\" content=\"https:\/\/media.acninternational.org\/wp-content\/uploads\/2024\/05\/ACN-20240523-165300.jpeg\" \/>\n\t<meta property=\"og:image:width\" content=\"1920\" \/>\n\t<meta property=\"og:image:height\" content=\"700\" \/>\n\t<meta property=\"og:image:type\" content=\"image\/jpeg\" \/>\n<meta name=\"author\" content=\"Filipe d\u2019Avillez\" \/>\n<meta name=\"twitter:card\" content=\"summary_large_image\" \/>\n<meta name=\"twitter:creator\" content=\"@acn_int\" \/>\n<meta name=\"twitter:site\" content=\"@acn_int\" \/>\n<meta name=\"twitter:label1\" content=\"Escrito por\" \/>\n\t<meta name=\"twitter:data1\" content=\"Filipe d\u2019Avillez\" \/>\n\t<meta name=\"twitter:label2\" content=\"Tiempo de lectura\" \/>\n\t<meta name=\"twitter:data2\" content=\"3 minutos\" \/>\n<script type=\"application\/ld+json\" class=\"yoast-schema-graph\">{\"@context\":\"https:\\\/\\\/schema.org\",\"@graph\":[{\"@type\":\"Article\",\"@id\":\"https:\\\/\\\/acninternational.org\\\/es\\\/acn-se-solidariza-con-las-victimas-de-las-tragicas-inundaciones-en-brasil\\\/#article\",\"isPartOf\":{\"@id\":\"https:\\\/\\\/acninternational.org\\\/es\\\/acn-se-solidariza-con-las-victimas-de-las-tragicas-inundaciones-en-brasil\\\/\"},\"author\":{\"name\":\"Filipe d\u2019Avillez\",\"@id\":\"https:\\\/\\\/acninternational.org\\\/es\\\/#\\\/schema\\\/person\\\/7489225627ad784c8faa0f4616c1cbdf\"},\"headline\":\"ACN se solidariza con las v\u00edctimas de las tr\u00e1gicas inundaciones en Brasil\",\"datePublished\":\"2024-05-24T09:53:48+00:00\",\"dateModified\":\"2025-08-12T08:43:58+00:00\",\"mainEntityOfPage\":{\"@id\":\"https:\\\/\\\/acninternational.org\\\/es\\\/acn-se-solidariza-con-las-victimas-de-las-tragicas-inundaciones-en-brasil\\\/\"},\"wordCount\":429,\"publisher\":{\"@id\":\"https:\\\/\\\/acninternational.org\\\/es\\\/#organization\"},\"image\":{\"@id\":\"https:\\\/\\\/acninternational.org\\\/es\\\/acn-se-solidariza-con-las-victimas-de-las-tragicas-inundaciones-en-brasil\\\/#primaryimage\"},\"thumbnailUrl\":\"https:\\\/\\\/media.acninternational.org\\\/wp-content\\\/uploads\\\/2024\\\/05\\\/ACN-20240523-165300.jpeg\",\"articleSection\":[\"NOTICIAS\",\"NOTICIAS\"],\"inLanguage\":\"es\"},{\"@type\":\"WebPage\",\"@id\":\"https:\\\/\\\/acninternational.org\\\/es\\\/acn-se-solidariza-con-las-victimas-de-las-tragicas-inundaciones-en-brasil\\\/\",\"url\":\"https:\\\/\\\/acninternational.org\\\/es\\\/acn-se-solidariza-con-las-victimas-de-las-tragicas-inundaciones-en-brasil\\\/\",\"name\":\"ACN se solidariza con las v\u00edctimas de las tr\u00e1gicas inundaciones en Brasil | ACN International\",\"isPartOf\":{\"@id\":\"https:\\\/\\\/acninternational.org\\\/es\\\/#website\"},\"primaryImageOfPage\":{\"@id\":\"https:\\\/\\\/acninternational.org\\\/es\\\/acn-se-solidariza-con-las-victimas-de-las-tragicas-inundaciones-en-brasil\\\/#primaryimage\"},\"image\":{\"@id\":\"https:\\\/\\\/acninternational.org\\\/es\\\/acn-se-solidariza-con-las-victimas-de-las-tragicas-inundaciones-en-brasil\\\/#primaryimage\"},\"thumbnailUrl\":\"https:\\\/\\\/media.acninternational.org\\\/wp-content\\\/uploads\\\/2024\\\/05\\\/ACN-20240523-165300.jpeg\",\"datePublished\":\"2024-05-24T09:53:48+00:00\",\"dateModified\":\"2025-08-12T08:43:58+00:00\",\"breadcrumb\":{\"@id\":\"https:\\\/\\\/acninternational.org\\\/es\\\/acn-se-solidariza-con-las-victimas-de-las-tragicas-inundaciones-en-brasil\\\/#breadcrumb\"},\"inLanguage\":\"es\",\"potentialAction\":[{\"@type\":\"ReadAction\",\"target\":[\"https:\\\/\\\/acninternational.org\\\/es\\\/acn-se-solidariza-con-las-victimas-de-las-tragicas-inundaciones-en-brasil\\\/\"]}]},{\"@type\":\"ImageObject\",\"inLanguage\":\"es\",\"@id\":\"https:\\\/\\\/acninternational.org\\\/es\\\/acn-se-solidariza-con-las-victimas-de-las-tragicas-inundaciones-en-brasil\\\/#primaryimage\",\"url\":\"https:\\\/\\\/media.acninternational.org\\\/wp-content\\\/uploads\\\/2024\\\/05\\\/ACN-20240523-165300.jpeg\",\"contentUrl\":\"https:\\\/\\\/media.acninternational.org\\\/wp-content\\\/uploads\\\/2024\\\/05\\\/ACN-20240523-165300.jpeg\",\"width\":1920,\"height\":700},{\"@type\":\"BreadcrumbList\",\"@id\":\"https:\\\/\\\/acninternational.org\\\/es\\\/acn-se-solidariza-con-las-victimas-de-las-tragicas-inundaciones-en-brasil\\\/#breadcrumb\",\"itemListElement\":[{\"@type\":\"ListItem\",\"position\":1,\"name\":\"Home\",\"item\":\"https:\\\/\\\/acninternational.org\\\/es\\\/\"},{\"@type\":\"ListItem\",\"position\":2,\"name\":\"NOTICIAS\",\"item\":\"https:\\\/\\\/acninternational.org\\\/es\\\/category\\\/news-es\\\/\"},{\"@type\":\"ListItem\",\"position\":3,\"name\":\"ACN se solidariza con las v\u00edctimas de las tr\u00e1gicas inundaciones en Brasil\"}]},{\"@type\":\"WebSite\",\"@id\":\"https:\\\/\\\/acninternational.org\\\/es\\\/#website\",\"url\":\"https:\\\/\\\/acninternational.org\\\/es\\\/\",\"name\":\"ACN International\",\"description\":\"\",\"publisher\":{\"@id\":\"https:\\\/\\\/acninternational.org\\\/es\\\/#organization\"},\"potentialAction\":[{\"@type\":\"SearchAction\",\"target\":{\"@type\":\"EntryPoint\",\"urlTemplate\":\"https:\\\/\\\/acninternational.org\\\/es\\\/?s={search_term_string}\"},\"query-input\":{\"@type\":\"PropertyValueSpecification\",\"valueRequired\":true,\"valueName\":\"search_term_string\"}}],\"inLanguage\":\"es\"},{\"@type\":\"Organization\",\"@id\":\"https:\\\/\\\/acninternational.org\\\/es\\\/#organization\",\"name\":\"Aid to the Church in Need International\",\"url\":\"https:\\\/\\\/acninternational.org\\\/es\\\/\",\"logo\":{\"@type\":\"ImageObject\",\"inLanguage\":\"es\",\"@id\":\"https:\\\/\\\/acninternational.org\\\/es\\\/#\\\/schema\\\/logo\\\/image\\\/\",\"url\":\"https:\\\/\\\/media.acninternational.org\\\/wp-content\\\/uploads\\\/2019\\\/11\\\/acn_logo_blackvector.svg\",\"contentUrl\":\"https:\\\/\\\/media.acninternational.org\\\/wp-content\\\/uploads\\\/2019\\\/11\\\/acn_logo_blackvector.svg\",\"width\":232.6,\"height\":78,\"caption\":\"Aid to the Church in Need International\"},\"image\":{\"@id\":\"https:\\\/\\\/acninternational.org\\\/es\\\/#\\\/schema\\\/logo\\\/image\\\/\"},\"sameAs\":[\"https:\\\/\\\/www.facebook.com\\\/acninternationalorg\",\"https:\\\/\\\/x.com\\\/acn_int\",\"https:\\\/\\\/www.youtube.com\\\/channel\\\/UCQ-077gS0TnVzkhHmf1opZw\",\"https:\\\/\\\/www.instagram.com\\\/acn_international\\\/\"]},{\"@type\":\"Person\",\"@id\":\"https:\\\/\\\/acninternational.org\\\/es\\\/#\\\/schema\\\/person\\\/7489225627ad784c8faa0f4616c1cbdf\",\"name\":\"Filipe d\u2019Avillez\",\"url\":\"https:\\\/\\\/acninternational.org\\\/es\\\/author\\\/filipe\\\/\"}]}<\/script>\n<!-- \/ Yoast SEO Premium plugin. -->","yoast_head_json":{"title":"ACN se solidariza con las v\u00edctimas de las tr\u00e1gicas inundaciones en Brasil | ACN International","robots":{"index":"index","follow":"follow","max-snippet":"max-snippet:-1","max-image-preview":"max-image-preview:large","max-video-preview":"max-video-preview:-1"},"canonical":"https:\/\/acninternational.org\/es\/acn-se-solidariza-con-las-victimas-de-las-tragicas-inundaciones-en-brasil\/","og_locale":"es_ES","og_type":"article","og_title":"ACN se solidariza con las v\u00edctimas de las tr\u00e1gicas inundaciones en Brasil","og_description":"La fundaci\u00f3n pontificia Aid to the Church in Need (ACN) permanece en estrecho contacto con sus socios locales","og_url":"https:\/\/acninternational.org\/es\/acn-se-solidariza-con-las-victimas-de-las-tragicas-inundaciones-en-brasil\/","og_site_name":"ACN International","article_publisher":"https:\/\/www.facebook.com\/acninternationalorg","article_published_time":"2024-05-24T09:53:48+00:00","article_modified_time":"2025-08-12T08:43:58+00:00","og_image":[{"width":1920,"height":700,"url":"https:\/\/media.acninternational.org\/wp-content\/uploads\/2024\/05\/ACN-20240523-165300.jpeg","type":"image\/jpeg"}],"author":"Filipe d\u2019Avillez","twitter_card":"summary_large_image","twitter_creator":"@acn_int","twitter_site":"@acn_int","twitter_misc":{"Escrito por":"Filipe d\u2019Avillez","Tiempo de lectura":"3 minutos"},"schema":{"@context":"https:\/\/schema.org","@graph":[{"@type":"Article","@id":"https:\/\/acninternational.org\/es\/acn-se-solidariza-con-las-victimas-de-las-tragicas-inundaciones-en-brasil\/#article","isPartOf":{"@id":"https:\/\/acninternational.org\/es\/acn-se-solidariza-con-las-victimas-de-las-tragicas-inundaciones-en-brasil\/"},"author":{"name":"Filipe d\u2019Avillez","@id":"https:\/\/acninternational.org\/es\/#\/schema\/person\/7489225627ad784c8faa0f4616c1cbdf"},"headline":"ACN se solidariza con las v\u00edctimas de las tr\u00e1gicas inundaciones en Brasil","datePublished":"2024-05-24T09:53:48+00:00","dateModified":"2025-08-12T08:43:58+00:00","mainEntityOfPage":{"@id":"https:\/\/acninternational.org\/es\/acn-se-solidariza-con-las-victimas-de-las-tragicas-inundaciones-en-brasil\/"},"wordCount":429,"publisher":{"@id":"https:\/\/acninternational.org\/es\/#organization"},"image":{"@id":"https:\/\/acninternational.org\/es\/acn-se-solidariza-con-las-victimas-de-las-tragicas-inundaciones-en-brasil\/#primaryimage"},"thumbnailUrl":"https:\/\/media.acninternational.org\/wp-content\/uploads\/2024\/05\/ACN-20240523-165300.jpeg","articleSection":["NOTICIAS","NOTICIAS"],"inLanguage":"es"},{"@type":"WebPage","@id":"https:\/\/acninternational.org\/es\/acn-se-solidariza-con-las-victimas-de-las-tragicas-inundaciones-en-brasil\/","url":"https:\/\/acninternational.org\/es\/acn-se-solidariza-con-las-victimas-de-las-tragicas-inundaciones-en-brasil\/","name":"ACN se solidariza con las v\u00edctimas de las tr\u00e1gicas inundaciones en Brasil | ACN International","isPartOf":{"@id":"https:\/\/acninternational.org\/es\/#website"},"primaryImageOfPage":{"@id":"https:\/\/acninternational.org\/es\/acn-se-solidariza-con-las-victimas-de-las-tragicas-inundaciones-en-brasil\/#primaryimage"},"image":{"@id":"https:\/\/acninternational.org\/es\/acn-se-solidariza-con-las-victimas-de-las-tragicas-inundaciones-en-brasil\/#primaryimage"},"thumbnailUrl":"https:\/\/media.acninternational.org\/wp-content\/uploads\/2024\/05\/ACN-20240523-165300.jpeg","datePublished":"2024-05-24T09:53:48+00:00","dateModified":"2025-08-12T08:43:58+00:00","breadcrumb":{"@id":"https:\/\/acninternational.org\/es\/acn-se-solidariza-con-las-victimas-de-las-tragicas-inundaciones-en-brasil\/#breadcrumb"},"inLanguage":"es","potentialAction":[{"@type":"ReadAction","target":["https:\/\/acninternational.org\/es\/acn-se-solidariza-con-las-victimas-de-las-tragicas-inundaciones-en-brasil\/"]}]},{"@type":"ImageObject","inLanguage":"es","@id":"https:\/\/acninternational.org\/es\/acn-se-solidariza-con-las-victimas-de-las-tragicas-inundaciones-en-brasil\/#primaryimage","url":"https:\/\/media.acninternational.org\/wp-content\/uploads\/2024\/05\/ACN-20240523-165300.jpeg","contentUrl":"https:\/\/media.acninternational.org\/wp-content\/uploads\/2024\/05\/ACN-20240523-165300.jpeg","width":1920,"height":700},{"@type":"BreadcrumbList","@id":"https:\/\/acninternational.org\/es\/acn-se-solidariza-con-las-victimas-de-las-tragicas-inundaciones-en-brasil\/#breadcrumb","itemListElement":[{"@type":"ListItem","position":1,"name":"Home","item":"https:\/\/acninternational.org\/es\/"},{"@type":"ListItem","position":2,"name":"NOTICIAS","item":"https:\/\/acninternational.org\/es\/category\/news-es\/"},{"@type":"ListItem","position":3,"name":"ACN se solidariza con las v\u00edctimas de las tr\u00e1gicas inundaciones en Brasil"}]},{"@type":"WebSite","@id":"https:\/\/acninternational.org\/es\/#website","url":"https:\/\/acninternational.org\/es\/","name":"ACN International","description":"","publisher":{"@id":"https:\/\/acninternational.org\/es\/#organization"},"potentialAction":[{"@type":"SearchAction","target":{"@type":"EntryPoint","urlTemplate":"https:\/\/acninternational.org\/es\/?s={search_term_string}"},"query-input":{"@type":"PropertyValueSpecification","valueRequired":true,"valueName":"search_term_string"}}],"inLanguage":"es"},{"@type":"Organization","@id":"https:\/\/acninternational.org\/es\/#organization","name":"Aid to the Church in Need International","url":"https:\/\/acninternational.org\/es\/","logo":{"@type":"ImageObject","inLanguage":"es","@id":"https:\/\/acninternational.org\/es\/#\/schema\/logo\/image\/","url":"https:\/\/media.acninternational.org\/wp-content\/uploads\/2019\/11\/acn_logo_blackvector.svg","contentUrl":"https:\/\/media.acninternational.org\/wp-content\/uploads\/2019\/11\/acn_logo_blackvector.svg","width":232.6,"height":78,"caption":"Aid to the Church in Need International"},"image":{"@id":"https:\/\/acninternational.org\/es\/#\/schema\/logo\/image\/"},"sameAs":["https:\/\/www.facebook.com\/acninternationalorg","https:\/\/x.com\/acn_int","https:\/\/www.youtube.com\/channel\/UCQ-077gS0TnVzkhHmf1opZw","https:\/\/www.instagram.com\/acn_international\/"]},{"@type":"Person","@id":"https:\/\/acninternational.org\/es\/#\/schema\/person\/7489225627ad784c8faa0f4616c1cbdf","name":"Filipe d\u2019Avillez","url":"https:\/\/acninternational.org\/es\/author\/filipe\/"}]}},"_links":{"self":[{"href":"https:\/\/acninternational.org\/es\/wp-json\/wp\/v2\/posts\/208041","targetHints":{"allow":["GET"]}}],"collection":[{"href":"https:\/\/acninternational.org\/es\/wp-json\/wp\/v2\/posts"}],"about":[{"href":"https:\/\/acninternational.org\/es\/wp-json\/wp\/v2\/types\/post"}],"author":[{"embeddable":true,"href":"https:\/\/acninternational.org\/es\/wp-json\/wp\/v2\/users\/4258341377"}],"replies":[{"embeddable":true,"href":"https:\/\/acninternational.org\/es\/wp-json\/wp\/v2\/comments?post=208041"}],"version-history":[{"count":1,"href":"https:\/\/acninternational.org\/es\/wp-json\/wp\/v2\/posts\/208041\/revisions"}],"predecessor-version":[{"id":245691,"href":"https:\/\/acninternational.org\/es\/wp-json\/wp\/v2\/posts\/208041\/revisions\/245691"}],"wp:featuredmedia":[{"embeddable":true,"href":"https:\/\/acninternational.org\/es\/wp-json\/wp\/v2\/media\/208027"}],"wp:attachment":[{"href":"https:\/\/acninternational.org\/es\/wp-json\/wp\/v2\/media?parent=208041"}],"wp:term":[{"taxonomy":"category","embeddable":true,"href":"https:\/\/acninternational.org\/es\/wp-json\/wp\/v2\/categories?post=208041"},{"taxonomy":"post_tag","embeddable":true,"href":"https:\/\/acninternational.org\/es\/wp-json\/wp\/v2\/tags?post=208041"},{"taxonomy":"country","embeddable":true,"href":"https:\/\/acninternational.org\/es\/wp-json\/wp\/v2\/country?post=208041"}],"curies":[{"name":"wp","href":"https:\/\/api.w.org\/{rel}","templated":true}]}}