{"id":207860,"date":"2024-05-22T15:02:04","date_gmt":"2024-05-22T13:02:04","guid":{"rendered":"https:\/\/acninternational.org\/?p=207860"},"modified":"2025-08-12T10:44:12","modified_gmt":"2025-08-12T08:44:12","slug":"hace-exactamente-un-siglo-en-1924-los-obispos-consagraron-china-a-la-virgen","status":"publish","type":"post","link":"https:\/\/acninternational.org\/es\/hace-exactamente-un-siglo-en-1924-los-obispos-consagraron-china-a-la-virgen\/","title":{"rendered":"Hace exactamente un siglo, en 1924, los obispos consagraron China a la Virgen"},"content":{"rendered":"<p style=\"font-weight: 400;\"><em>La fundaci\u00f3n pontificia Aid to the Church in Need (ACN) llama a sus benefactores y amigos a unirse a la oraci\u00f3n por la Iglesia y los cristianos de China el 24 de mayo.<\/em><\/p>\n<p style=\"font-weight: 400;\">En mayo de 2024 se cumple el centenario de la consagraci\u00f3n de China a la Sant\u00edsima Virgen Mar\u00eda bajo el t\u00edtulo <em>Nuestra Se\u00f1ora de China, Reina celestial del Pueblo Chino<\/em> realizada por los obispos del pa\u00eds.<\/p>\n<figure id=\"attachment_207845\" aria-describedby=\"caption-attachment-207845\" style=\"width: 712px\" class=\"wp-caption aligncenter\"><img loading=\"lazy\" decoding=\"async\" class=\"wp-image-207845 size-large\" src=\"https:\/\/media.acninternational.org\/wp-content\/uploads\/2024\/05\/20080418_013-712x1024.jpg\" alt=\"Nuestra Se\u00f1ora de China, pintada por el artista Gary Thu Kai Kui\" width=\"712\" height=\"1024\" srcset=\"https:\/\/media.acninternational.org\/wp-content\/uploads\/2024\/05\/20080418_013-712x1024.jpg 712w, https:\/\/media.acninternational.org\/wp-content\/uploads\/2024\/05\/20080418_013-209x300.jpg 209w, https:\/\/media.acninternational.org\/wp-content\/uploads\/2024\/05\/20080418_013.jpg 720w\" sizes=\"auto, (max-width: 712px) 100vw, 712px\" \/><figcaption id=\"caption-attachment-207845\" class=\"wp-caption-text\">Nuestra Se\u00f1ora de China, pintada por el artista Gary Thu Kai Kui<\/figcaption><\/figure>\n<p style=\"font-weight: 400;\">Un a\u00f1o despu\u00e9s de dicha consagraci\u00f3n comenz\u00f3 la construcci\u00f3n de una bas\u00edlica dedicada a <a href=\"https:\/\/acninternational.org\/es\/diez-datos-que-deberias-conocer-sobre-el-santuario-mariano-de-she-shan-en-china\/\" target=\"_blank\" rel=\"noopener\">Santa Mar\u00eda en la cima de She Shan<\/a>, un cerro ubicado a unos 35 kil\u00f3metros de Shangh\u00e1i. Desde entonces se ha convertido en un popular lugar de peregrinaci\u00f3n para los cat\u00f3licos que acoge a varias iglesias, entre ellas, la bas\u00edlica mariana. El 24 de mayo de cada a\u00f1o se celebra con gran solemnidad la fiesta de <em>Nuestra Se\u00f1ora de She Shan, Auxilio de los cristianos.<\/em><\/p>\n<p style=\"font-weight: 400;\">En 2007 el Papa Benedicto XVI hizo un llamamiento a la Iglesia universal para que cada 24 de mayo se rezara por la Iglesia en China, destacando la importancia del santuario mariano de She Shan. Anim\u00f3 a los creyentes de todo el mundo a rezar en ese d\u00eda por la unidad de la Iglesia en el pa\u00eds, manifestando as\u00ed su solidaridad y apoyo con los cristianos chinos.<\/p>\n<p style=\"font-weight: 400;\">La historia de Sheshan se remonta a 1863, cuando los primeros misioneros jesuitas se establecieron en el cerro y construyeron la primera capilla en su cima. Durante la Masacre de Tientsin de 1870 contra misioneros y cristianos chinos conversos, el superior de los jesuitas de Shangh\u00e1i acudi\u00f3 a She Shan para rogar a la Virgen: \u00abSi el vicariato se salva de los ataques, construiremos <strong>una bas\u00edlica para expresar nuestra gratitud<\/strong>por la protecci\u00f3n especial de Nuestra Se\u00f1ora\u00bb. Milagrosamente, la regi\u00f3n se libr\u00f3 de la masacre.<\/p>\n<figure id=\"attachment_207851\" aria-describedby=\"caption-attachment-207851\" style=\"width: 720px\" class=\"wp-caption aligncenter\"><img loading=\"lazy\" decoding=\"async\" class=\"wp-image-207851 size-full\" src=\"https:\/\/media.acninternational.org\/wp-content\/uploads\/2024\/05\/ACN-20220519-128370.jpg\" alt=\"Interior de la Bas\u00edlica de Sheshan en Shanghai, China\" width=\"720\" height=\"960\" srcset=\"https:\/\/media.acninternational.org\/wp-content\/uploads\/2024\/05\/ACN-20220519-128370.jpg 720w, https:\/\/media.acninternational.org\/wp-content\/uploads\/2024\/05\/ACN-20220519-128370-225x300.jpg 225w\" sizes=\"auto, (max-width: 720px) 100vw, 720px\" \/><figcaption id=\"caption-attachment-207851\" class=\"wp-caption-text\">Interior de la Bas\u00edlica de Sheshan en Shanghai, China<\/figcaption><\/figure>\n<p style=\"font-weight: 400;\">Para conmemorar el centenario de la consagraci\u00f3n de China a Nuestra Se\u00f1ora, la fundaci\u00f3n pontificia Aid to the Church in Need (ACN) invita a todos sus benefactores y amigos a <a href=\"https:\/\/www.vatican.va\/content\/benedict-xvi\/es\/prayers\/documents\/hf_ben-xvi_20080515_prayer-sheshan.html\" target=\"_blank\" rel=\"noopener\">unirse a la oraci\u00f3n que el Papa Benedicto XVI compuso con ocasi\u00f3n de la Jornada Mundial de Oraci\u00f3n por la Iglesia en China del 24 de mayo de 2008<\/a>, y en la que ped\u00eda fuerza y gracia para la Iglesia y los cristianos en China.<\/p>\n<p style=\"font-weight: 400;\">A pesar de las restricciones y la vigilancia estatales, miles de peregrinos acuden cada mes de mayo a She Shan para rezarle a la Virgen. Su devoci\u00f3n y fe inquebrantables son testimonio de la fuerza perdurable de la comunidad cat\u00f3lica en China. Quiera Dios que esa misma fe siga inspirando a los creyentes del mundo entero:<\/p>\n<p style=\"font-weight: 400; text-align: center;\">\u201cSe\u00f1ora nuestra de Sheshan, alienta el compromiso de quienes en China,<br \/>\nen medio de las fatigas cotidianas, siguen creyendo, esperando y amando,<br \/>\npara que nunca teman hablar de Jes\u00fas al mundo y del mundo a Jes\u00fas.<br \/>\nEn la estatua que corona el Santuario t\u00fa muestras a tu Hijo<br \/>\nal mundo con los brazos abiertos en un gesto de amor.<br \/>\nAyuda a los cat\u00f3licos a ser siempre testigos cre\u00edbles de este amor,<br \/>\nmanteni\u00e9ndose unidos a la roca de Pedro sobre la que est\u00e1 edificada la Iglesia.<br \/>\nMadre de China y de Asia, ruega por nosotros ahora y siempre. Am\u00e9n\u201d.<\/p>\n<p>&nbsp;<\/p>\n","protected":false},"excerpt":{"rendered":"<p>La fundaci\u00f3n pontificia Aid to the Church in Need (ACN) llama a sus benefactores y amigos a unirse<\/p>\n","protected":false},"author":4258341378,"featured_media":207839,"comment_status":"closed","ping_status":"closed","sticky":false,"template":"","format":"standard","meta":{"_acf_changed":false,"_acn_coauthor_ids":[],"footnotes":""},"categories":[575,746],"tags":[],"country":[1345],"class_list":["post-207860","post","type-post","status-publish","format-standard","has-post-thumbnail","hentry","category-news","category-noticias","country-china"],"acn_coauthors":[],"acf":[],"yoast_head":"<!-- This site is optimized with the Yoast SEO Premium plugin v27.3 (Yoast SEO v27.3) - https:\/\/yoast.com\/product\/yoast-seo-premium-wordpress\/ -->\n<title>Hace exactamente un siglo, en 1924, los obispos consagraron China a la Virgen | ACN International<\/title>\n<meta name=\"robots\" content=\"index, follow, max-snippet:-1, max-image-preview:large, max-video-preview:-1\" \/>\n<link rel=\"canonical\" href=\"https:\/\/acninternational.org\/es\/hace-exactamente-un-siglo-en-1924-los-obispos-consagraron-china-a-la-virgen\/\" \/>\n<meta property=\"og:locale\" content=\"es_ES\" \/>\n<meta property=\"og:type\" content=\"article\" \/>\n<meta property=\"og:title\" content=\"Hace exactamente un siglo, en 1924, los obispos consagraron China a la Virgen\" \/>\n<meta property=\"og:description\" content=\"La fundaci\u00f3n pontificia Aid to the Church in Need (ACN) llama a sus benefactores y amigos a unirse\" \/>\n<meta property=\"og:url\" content=\"https:\/\/acninternational.org\/es\/hace-exactamente-un-siglo-en-1924-los-obispos-consagraron-china-a-la-virgen\/\" \/>\n<meta property=\"og:site_name\" content=\"ACN International\" \/>\n<meta property=\"article:publisher\" content=\"https:\/\/www.facebook.com\/acninternationalorg\" \/>\n<meta property=\"article:published_time\" content=\"2024-05-22T13:02:04+00:00\" \/>\n<meta property=\"article:modified_time\" content=\"2025-08-12T08:44:12+00:00\" \/>\n<meta property=\"og:image\" content=\"https:\/\/media.acninternational.org\/wp-content\/uploads\/2024\/05\/ACN-20150126-18665.jpg\" \/>\n\t<meta property=\"og:image:width\" content=\"1920\" \/>\n\t<meta property=\"og:image:height\" content=\"700\" \/>\n\t<meta property=\"og:image:type\" content=\"image\/jpeg\" \/>\n<meta name=\"author\" content=\"Maria Lozano\" \/>\n<meta name=\"twitter:card\" content=\"summary_large_image\" \/>\n<meta name=\"twitter:creator\" content=\"@acn_int\" \/>\n<meta name=\"twitter:site\" content=\"@acn_int\" \/>\n<meta name=\"twitter:label1\" content=\"Escrito por\" \/>\n\t<meta name=\"twitter:data1\" content=\"Maria Lozano\" \/>\n\t<meta name=\"twitter:label2\" content=\"Tiempo de lectura\" \/>\n\t<meta name=\"twitter:data2\" content=\"4 minutos\" \/>\n<script type=\"application\/ld+json\" class=\"yoast-schema-graph\">{\"@context\":\"https:\\\/\\\/schema.org\",\"@graph\":[{\"@type\":\"Article\",\"@id\":\"https:\\\/\\\/acninternational.org\\\/es\\\/hace-exactamente-un-siglo-en-1924-los-obispos-consagraron-china-a-la-virgen\\\/#article\",\"isPartOf\":{\"@id\":\"https:\\\/\\\/acninternational.org\\\/es\\\/hace-exactamente-un-siglo-en-1924-los-obispos-consagraron-china-a-la-virgen\\\/\"},\"author\":{\"name\":\"Maria Lozano\",\"@id\":\"https:\\\/\\\/acninternational.org\\\/es\\\/#\\\/schema\\\/person\\\/91975fc8e2569591a0e2d868c7d5816c\"},\"headline\":\"Hace exactamente un siglo, en 1924, los obispos consagraron China a la Virgen\",\"datePublished\":\"2024-05-22T13:02:04+00:00\",\"dateModified\":\"2025-08-12T08:44:12+00:00\",\"mainEntityOfPage\":{\"@id\":\"https:\\\/\\\/acninternational.org\\\/es\\\/hace-exactamente-un-siglo-en-1924-los-obispos-consagraron-china-a-la-virgen\\\/\"},\"wordCount\":612,\"publisher\":{\"@id\":\"https:\\\/\\\/acninternational.org\\\/es\\\/#organization\"},\"image\":{\"@id\":\"https:\\\/\\\/acninternational.org\\\/es\\\/hace-exactamente-un-siglo-en-1924-los-obispos-consagraron-china-a-la-virgen\\\/#primaryimage\"},\"thumbnailUrl\":\"https:\\\/\\\/media.acninternational.org\\\/wp-content\\\/uploads\\\/2024\\\/05\\\/ACN-20150126-18665.jpg\",\"articleSection\":[\"News\",\"NOTICIAS\"],\"inLanguage\":\"es\"},{\"@type\":\"WebPage\",\"@id\":\"https:\\\/\\\/acninternational.org\\\/es\\\/hace-exactamente-un-siglo-en-1924-los-obispos-consagraron-china-a-la-virgen\\\/\",\"url\":\"https:\\\/\\\/acninternational.org\\\/es\\\/hace-exactamente-un-siglo-en-1924-los-obispos-consagraron-china-a-la-virgen\\\/\",\"name\":\"Hace exactamente un siglo, en 1924, los obispos consagraron China a la Virgen | ACN International\",\"isPartOf\":{\"@id\":\"https:\\\/\\\/acninternational.org\\\/es\\\/#website\"},\"primaryImageOfPage\":{\"@id\":\"https:\\\/\\\/acninternational.org\\\/es\\\/hace-exactamente-un-siglo-en-1924-los-obispos-consagraron-china-a-la-virgen\\\/#primaryimage\"},\"image\":{\"@id\":\"https:\\\/\\\/acninternational.org\\\/es\\\/hace-exactamente-un-siglo-en-1924-los-obispos-consagraron-china-a-la-virgen\\\/#primaryimage\"},\"thumbnailUrl\":\"https:\\\/\\\/media.acninternational.org\\\/wp-content\\\/uploads\\\/2024\\\/05\\\/ACN-20150126-18665.jpg\",\"datePublished\":\"2024-05-22T13:02:04+00:00\",\"dateModified\":\"2025-08-12T08:44:12+00:00\",\"breadcrumb\":{\"@id\":\"https:\\\/\\\/acninternational.org\\\/es\\\/hace-exactamente-un-siglo-en-1924-los-obispos-consagraron-china-a-la-virgen\\\/#breadcrumb\"},\"inLanguage\":\"es\",\"potentialAction\":[{\"@type\":\"ReadAction\",\"target\":[\"https:\\\/\\\/acninternational.org\\\/es\\\/hace-exactamente-un-siglo-en-1924-los-obispos-consagraron-china-a-la-virgen\\\/\"]}]},{\"@type\":\"ImageObject\",\"inLanguage\":\"es\",\"@id\":\"https:\\\/\\\/acninternational.org\\\/es\\\/hace-exactamente-un-siglo-en-1924-los-obispos-consagraron-china-a-la-virgen\\\/#primaryimage\",\"url\":\"https:\\\/\\\/media.acninternational.org\\\/wp-content\\\/uploads\\\/2024\\\/05\\\/ACN-20150126-18665.jpg\",\"contentUrl\":\"https:\\\/\\\/media.acninternational.org\\\/wp-content\\\/uploads\\\/2024\\\/05\\\/ACN-20150126-18665.jpg\",\"width\":1920,\"height\":700},{\"@type\":\"BreadcrumbList\",\"@id\":\"https:\\\/\\\/acninternational.org\\\/es\\\/hace-exactamente-un-siglo-en-1924-los-obispos-consagraron-china-a-la-virgen\\\/#breadcrumb\",\"itemListElement\":[{\"@type\":\"ListItem\",\"position\":1,\"name\":\"Home\",\"item\":\"https:\\\/\\\/acninternational.org\\\/es\\\/\"},{\"@type\":\"ListItem\",\"position\":2,\"name\":\"NOTICIAS\",\"item\":\"https:\\\/\\\/acninternational.org\\\/es\\\/category\\\/news-es\\\/\"},{\"@type\":\"ListItem\",\"position\":3,\"name\":\"Hace exactamente un siglo, en 1924, los obispos consagraron China a la Virgen\"}]},{\"@type\":\"WebSite\",\"@id\":\"https:\\\/\\\/acninternational.org\\\/es\\\/#website\",\"url\":\"https:\\\/\\\/acninternational.org\\\/es\\\/\",\"name\":\"ACN International\",\"description\":\"\",\"publisher\":{\"@id\":\"https:\\\/\\\/acninternational.org\\\/es\\\/#organization\"},\"potentialAction\":[{\"@type\":\"SearchAction\",\"target\":{\"@type\":\"EntryPoint\",\"urlTemplate\":\"https:\\\/\\\/acninternational.org\\\/es\\\/?s={search_term_string}\"},\"query-input\":{\"@type\":\"PropertyValueSpecification\",\"valueRequired\":true,\"valueName\":\"search_term_string\"}}],\"inLanguage\":\"es\"},{\"@type\":\"Organization\",\"@id\":\"https:\\\/\\\/acninternational.org\\\/es\\\/#organization\",\"name\":\"Aid to the Church in Need International\",\"url\":\"https:\\\/\\\/acninternational.org\\\/es\\\/\",\"logo\":{\"@type\":\"ImageObject\",\"inLanguage\":\"es\",\"@id\":\"https:\\\/\\\/acninternational.org\\\/es\\\/#\\\/schema\\\/logo\\\/image\\\/\",\"url\":\"https:\\\/\\\/media.acninternational.org\\\/wp-content\\\/uploads\\\/2019\\\/11\\\/acn_logo_blackvector.svg\",\"contentUrl\":\"https:\\\/\\\/media.acninternational.org\\\/wp-content\\\/uploads\\\/2019\\\/11\\\/acn_logo_blackvector.svg\",\"width\":232.6,\"height\":78,\"caption\":\"Aid to the Church in Need International\"},\"image\":{\"@id\":\"https:\\\/\\\/acninternational.org\\\/es\\\/#\\\/schema\\\/logo\\\/image\\\/\"},\"sameAs\":[\"https:\\\/\\\/www.facebook.com\\\/acninternationalorg\",\"https:\\\/\\\/x.com\\\/acn_int\",\"https:\\\/\\\/www.youtube.com\\\/channel\\\/UCQ-077gS0TnVzkhHmf1opZw\",\"https:\\\/\\\/www.instagram.com\\\/acn_international\\\/\"]},{\"@type\":\"Person\",\"@id\":\"https:\\\/\\\/acninternational.org\\\/es\\\/#\\\/schema\\\/person\\\/91975fc8e2569591a0e2d868c7d5816c\",\"name\":\"Maria Lozano\",\"description\":\"Lorem ipsum dolor sit amet, consectetur adipiscing elit, sed do eiusmod tempor incididunt ut labore et dolore magna aliqua. Ut enim ad minim veniam, quis nostrud exercitation ullamco laboris nisi ut aliquip ex ea commodo consequat.\",\"url\":\"https:\\\/\\\/acninternational.org\\\/es\\\/author\\\/maria\\\/\"}]}<\/script>\n<!-- \/ Yoast SEO Premium plugin. -->","yoast_head_json":{"title":"Hace exactamente un siglo, en 1924, los obispos consagraron China a la Virgen | ACN International","robots":{"index":"index","follow":"follow","max-snippet":"max-snippet:-1","max-image-preview":"max-image-preview:large","max-video-preview":"max-video-preview:-1"},"canonical":"https:\/\/acninternational.org\/es\/hace-exactamente-un-siglo-en-1924-los-obispos-consagraron-china-a-la-virgen\/","og_locale":"es_ES","og_type":"article","og_title":"Hace exactamente un siglo, en 1924, los obispos consagraron China a la Virgen","og_description":"La fundaci\u00f3n pontificia Aid to the Church in Need (ACN) llama a sus benefactores y amigos a unirse","og_url":"https:\/\/acninternational.org\/es\/hace-exactamente-un-siglo-en-1924-los-obispos-consagraron-china-a-la-virgen\/","og_site_name":"ACN International","article_publisher":"https:\/\/www.facebook.com\/acninternationalorg","article_published_time":"2024-05-22T13:02:04+00:00","article_modified_time":"2025-08-12T08:44:12+00:00","og_image":[{"width":1920,"height":700,"url":"https:\/\/media.acninternational.org\/wp-content\/uploads\/2024\/05\/ACN-20150126-18665.jpg","type":"image\/jpeg"}],"author":"Maria Lozano","twitter_card":"summary_large_image","twitter_creator":"@acn_int","twitter_site":"@acn_int","twitter_misc":{"Escrito por":"Maria Lozano","Tiempo de lectura":"4 minutos"},"schema":{"@context":"https:\/\/schema.org","@graph":[{"@type":"Article","@id":"https:\/\/acninternational.org\/es\/hace-exactamente-un-siglo-en-1924-los-obispos-consagraron-china-a-la-virgen\/#article","isPartOf":{"@id":"https:\/\/acninternational.org\/es\/hace-exactamente-un-siglo-en-1924-los-obispos-consagraron-china-a-la-virgen\/"},"author":{"name":"Maria Lozano","@id":"https:\/\/acninternational.org\/es\/#\/schema\/person\/91975fc8e2569591a0e2d868c7d5816c"},"headline":"Hace exactamente un siglo, en 1924, los obispos consagraron China a la Virgen","datePublished":"2024-05-22T13:02:04+00:00","dateModified":"2025-08-12T08:44:12+00:00","mainEntityOfPage":{"@id":"https:\/\/acninternational.org\/es\/hace-exactamente-un-siglo-en-1924-los-obispos-consagraron-china-a-la-virgen\/"},"wordCount":612,"publisher":{"@id":"https:\/\/acninternational.org\/es\/#organization"},"image":{"@id":"https:\/\/acninternational.org\/es\/hace-exactamente-un-siglo-en-1924-los-obispos-consagraron-china-a-la-virgen\/#primaryimage"},"thumbnailUrl":"https:\/\/media.acninternational.org\/wp-content\/uploads\/2024\/05\/ACN-20150126-18665.jpg","articleSection":["News","NOTICIAS"],"inLanguage":"es"},{"@type":"WebPage","@id":"https:\/\/acninternational.org\/es\/hace-exactamente-un-siglo-en-1924-los-obispos-consagraron-china-a-la-virgen\/","url":"https:\/\/acninternational.org\/es\/hace-exactamente-un-siglo-en-1924-los-obispos-consagraron-china-a-la-virgen\/","name":"Hace exactamente un siglo, en 1924, los obispos consagraron China a la Virgen | ACN International","isPartOf":{"@id":"https:\/\/acninternational.org\/es\/#website"},"primaryImageOfPage":{"@id":"https:\/\/acninternational.org\/es\/hace-exactamente-un-siglo-en-1924-los-obispos-consagraron-china-a-la-virgen\/#primaryimage"},"image":{"@id":"https:\/\/acninternational.org\/es\/hace-exactamente-un-siglo-en-1924-los-obispos-consagraron-china-a-la-virgen\/#primaryimage"},"thumbnailUrl":"https:\/\/media.acninternational.org\/wp-content\/uploads\/2024\/05\/ACN-20150126-18665.jpg","datePublished":"2024-05-22T13:02:04+00:00","dateModified":"2025-08-12T08:44:12+00:00","breadcrumb":{"@id":"https:\/\/acninternational.org\/es\/hace-exactamente-un-siglo-en-1924-los-obispos-consagraron-china-a-la-virgen\/#breadcrumb"},"inLanguage":"es","potentialAction":[{"@type":"ReadAction","target":["https:\/\/acninternational.org\/es\/hace-exactamente-un-siglo-en-1924-los-obispos-consagraron-china-a-la-virgen\/"]}]},{"@type":"ImageObject","inLanguage":"es","@id":"https:\/\/acninternational.org\/es\/hace-exactamente-un-siglo-en-1924-los-obispos-consagraron-china-a-la-virgen\/#primaryimage","url":"https:\/\/media.acninternational.org\/wp-content\/uploads\/2024\/05\/ACN-20150126-18665.jpg","contentUrl":"https:\/\/media.acninternational.org\/wp-content\/uploads\/2024\/05\/ACN-20150126-18665.jpg","width":1920,"height":700},{"@type":"BreadcrumbList","@id":"https:\/\/acninternational.org\/es\/hace-exactamente-un-siglo-en-1924-los-obispos-consagraron-china-a-la-virgen\/#breadcrumb","itemListElement":[{"@type":"ListItem","position":1,"name":"Home","item":"https:\/\/acninternational.org\/es\/"},{"@type":"ListItem","position":2,"name":"NOTICIAS","item":"https:\/\/acninternational.org\/es\/category\/news-es\/"},{"@type":"ListItem","position":3,"name":"Hace exactamente un siglo, en 1924, los obispos consagraron China a la Virgen"}]},{"@type":"WebSite","@id":"https:\/\/acninternational.org\/es\/#website","url":"https:\/\/acninternational.org\/es\/","name":"ACN International","description":"","publisher":{"@id":"https:\/\/acninternational.org\/es\/#organization"},"potentialAction":[{"@type":"SearchAction","target":{"@type":"EntryPoint","urlTemplate":"https:\/\/acninternational.org\/es\/?s={search_term_string}"},"query-input":{"@type":"PropertyValueSpecification","valueRequired":true,"valueName":"search_term_string"}}],"inLanguage":"es"},{"@type":"Organization","@id":"https:\/\/acninternational.org\/es\/#organization","name":"Aid to the Church in Need International","url":"https:\/\/acninternational.org\/es\/","logo":{"@type":"ImageObject","inLanguage":"es","@id":"https:\/\/acninternational.org\/es\/#\/schema\/logo\/image\/","url":"https:\/\/media.acninternational.org\/wp-content\/uploads\/2019\/11\/acn_logo_blackvector.svg","contentUrl":"https:\/\/media.acninternational.org\/wp-content\/uploads\/2019\/11\/acn_logo_blackvector.svg","width":232.6,"height":78,"caption":"Aid to the Church in Need International"},"image":{"@id":"https:\/\/acninternational.org\/es\/#\/schema\/logo\/image\/"},"sameAs":["https:\/\/www.facebook.com\/acninternationalorg","https:\/\/x.com\/acn_int","https:\/\/www.youtube.com\/channel\/UCQ-077gS0TnVzkhHmf1opZw","https:\/\/www.instagram.com\/acn_international\/"]},{"@type":"Person","@id":"https:\/\/acninternational.org\/es\/#\/schema\/person\/91975fc8e2569591a0e2d868c7d5816c","name":"Maria Lozano","description":"Lorem ipsum dolor sit amet, consectetur adipiscing elit, sed do eiusmod tempor incididunt ut labore et dolore magna aliqua. Ut enim ad minim veniam, quis nostrud exercitation ullamco laboris nisi ut aliquip ex ea commodo consequat.","url":"https:\/\/acninternational.org\/es\/author\/maria\/"}]}},"_links":{"self":[{"href":"https:\/\/acninternational.org\/es\/wp-json\/wp\/v2\/posts\/207860","targetHints":{"allow":["GET"]}}],"collection":[{"href":"https:\/\/acninternational.org\/es\/wp-json\/wp\/v2\/posts"}],"about":[{"href":"https:\/\/acninternational.org\/es\/wp-json\/wp\/v2\/types\/post"}],"author":[{"embeddable":true,"href":"https:\/\/acninternational.org\/es\/wp-json\/wp\/v2\/users\/4258341378"}],"replies":[{"embeddable":true,"href":"https:\/\/acninternational.org\/es\/wp-json\/wp\/v2\/comments?post=207860"}],"version-history":[{"count":1,"href":"https:\/\/acninternational.org\/es\/wp-json\/wp\/v2\/posts\/207860\/revisions"}],"predecessor-version":[{"id":245703,"href":"https:\/\/acninternational.org\/es\/wp-json\/wp\/v2\/posts\/207860\/revisions\/245703"}],"wp:featuredmedia":[{"embeddable":true,"href":"https:\/\/acninternational.org\/es\/wp-json\/wp\/v2\/media\/207839"}],"wp:attachment":[{"href":"https:\/\/acninternational.org\/es\/wp-json\/wp\/v2\/media?parent=207860"}],"wp:term":[{"taxonomy":"category","embeddable":true,"href":"https:\/\/acninternational.org\/es\/wp-json\/wp\/v2\/categories?post=207860"},{"taxonomy":"post_tag","embeddable":true,"href":"https:\/\/acninternational.org\/es\/wp-json\/wp\/v2\/tags?post=207860"},{"taxonomy":"country","embeddable":true,"href":"https:\/\/acninternational.org\/es\/wp-json\/wp\/v2\/country?post=207860"}],"curies":[{"name":"wp","href":"https:\/\/api.w.org\/{rel}","templated":true}]}}