{"id":188444,"date":"2024-02-08T12:36:44","date_gmt":"2024-02-08T11:36:44","guid":{"rendered":"https:\/\/acninternational.org\/?p=188444"},"modified":"2024-04-10T16:48:07","modified_gmt":"2024-04-10T14:48:07","slug":"acn-acude-en-ayuda-de-los-cristianos-desplazados-por-el-terror-en-el-sahel","status":"publish","type":"post","link":"https:\/\/acninternational.org\/es\/acn-acude-en-ayuda-de-los-cristianos-desplazados-por-el-terror-en-el-sahel\/","title":{"rendered":"ACN acude en ayuda de los cristianos desplazados por el terror en el Sahel"},"content":{"rendered":"<p><em>La fundaci\u00f3n internacional Aid to the Church in Need (ACN) ha ampliado su ayuda a la regi\u00f3n del Sahel como consecuencia del constante deterioro de la situaci\u00f3n de seguridad en la zona desde hace a\u00f1os. A pesar de la persecuci\u00f3n, el n\u00famero de cristianos en el Sahel va en aumento.<\/em><\/p>\n<figure id=\"attachment_188420\" aria-describedby=\"caption-attachment-188420\" style=\"width: 800px\" class=\"wp-caption aligncenter\"><img loading=\"lazy\" decoding=\"async\" class=\"wp-image-188420 size-large\" src=\"https:\/\/media.acninternational.org\/wp-content\/uploads\/2024\/02\/ACN-20211008-117806-1024x768.jpg\" alt=\"Peregrinos rezando en el Santuario de Nuestra Se\u00f1ora de Yagma\" width=\"800\" height=\"600\" srcset=\"https:\/\/media.acninternational.org\/wp-content\/uploads\/2024\/02\/ACN-20211008-117806-1024x768.jpg 1024w, https:\/\/media.acninternational.org\/wp-content\/uploads\/2024\/02\/ACN-20211008-117806-300x225.jpg 300w, https:\/\/media.acninternational.org\/wp-content\/uploads\/2024\/02\/ACN-20211008-117806-768x576.jpg 768w, https:\/\/media.acninternational.org\/wp-content\/uploads\/2024\/02\/ACN-20211008-117806.jpg 1080w\" sizes=\"auto, (max-width: 800px) 100vw, 800px\" \/><figcaption id=\"caption-attachment-188420\" class=\"wp-caption-text\">Peregrinos rezando en el Santuario de Nuestra Se\u00f1ora de Yagma<\/figcaption><\/figure>\n<p>Uno de los principales focos de conflicto en el mundo actual es la regi\u00f3n africana del Sahel: Burkina Faso, Chad, N\u00edger y Mal\u00ed. <a href=\"https:\/\/acninternational.org\/es\/mali-el-hambre-nueva-arma-del-yihadismo-para-someter-a-la-poblacion\/\" target=\"_blank\" rel=\"noopener\">El terror islamista y el hambre<\/a> aqu\u00ed van de la mano; los gobiernos parecen haber perdido en gran medida el control sobre amplias zonas de la regi\u00f3n. Tras diez a\u00f1os de presencia militar, las potencias occidentales se retiran cada vez m\u00e1s incapaces de resolver el problema. Lo que queda es una creciente cat\u00e1strofe humanitaria: estructuras destruidas, hambre y cientos de miles de desplazados internos en busca de un nuevo hogar.<\/p>\n<p>La Iglesia local ha expresado su pesar porque las condiciones de vida han retrocedido al estado de hace 25 a\u00f1os, con la \u00a0destrucci\u00f3n y el cierre forzoso de instalaciones eclesi\u00e1sticas como hospitales y escuelas. Sin embargo, como en muchos otros lugares, la Iglesia es la \u00fanica instituci\u00f3n local que acude en ayuda de todas estas personas que, de repente, han ca\u00eddo en la m\u00e1s absoluta pobreza.<\/p>\n<p>A finales de 2023, Regina Lynch, presidenta ejecutiva de ACN, subray\u00f3 que la organizaci\u00f3n <a href=\"https:\/\/acninternational.org\/es\/acn-se-centrara-en-2024-en-oriente-proximo-el-sahel-y-latino-america\/\" target=\"_blank\" rel=\"noopener\">prestar\u00eda m\u00e1s atenci\u00f3n a esta regi\u00f3n<\/a>. En las \u00faltimas semanas, la fundaci\u00f3n ha intensificado su ayuda a la regi\u00f3n del Sahel, especialmente en Burkina Faso. Gran parte\u00a0 se destina a los cristianos desplazados por el terrorismo e incluye ayuda de emergencia en forma de alimentos y medicamentos. Al mismo tiempo, la ayuda tiene como objetivo dar a los ni\u00f1os de los desplazados internos la oportunidad de seguir yendo a la escuela mediante la construcci\u00f3n de aulas y la financiaci\u00f3n de los gastos escolares.<\/p>\n<h4><strong>Ayuda de emergencia para las v\u00edctimas<\/strong><\/h4>\n<p>Entre otros proyectos se incluye la financiaci\u00f3n de ayuda de emergencia para m\u00e1s de 340 <a href=\"https:\/\/acninternational.org\/burkina-faso-new-chapter-of-suffering-for-christians\/\" target=\"_blank\" rel=\"noopener\">cristianos de D\u00e9b\u00e9<\/a>, a los que los terroristas dieron un ultim\u00e1tum para que abandonaran su pueblo a finales del a\u00f1o pasado, as\u00ed como de casi 60 familias de acogida que los han recibido en sus casas a pesar de su propia necesidad.<\/p>\n<figure id=\"attachment_188426\" aria-describedby=\"caption-attachment-188426\" style=\"width: 800px\" class=\"wp-caption aligncenter\"><img loading=\"lazy\" decoding=\"async\" class=\"wp-image-188426 size-large\" src=\"https:\/\/media.acninternational.org\/wp-content\/uploads\/2024\/02\/ACN-20231107-155465-1024x683.jpg\" alt=\"Visita de Monse\u00f1or Prosper Bonaventure Ky a AIN Alemania\" width=\"800\" height=\"534\" srcset=\"https:\/\/media.acninternational.org\/wp-content\/uploads\/2024\/02\/ACN-20231107-155465-1024x683.jpg 1024w, https:\/\/media.acninternational.org\/wp-content\/uploads\/2024\/02\/ACN-20231107-155465-300x200.jpg 300w, https:\/\/media.acninternational.org\/wp-content\/uploads\/2024\/02\/ACN-20231107-155465-768x512.jpg 768w, https:\/\/media.acninternational.org\/wp-content\/uploads\/2024\/02\/ACN-20231107-155465.jpg 1080w\" sizes=\"auto, (max-width: 800px) 100vw, 800px\" \/><figcaption id=\"caption-attachment-188426\" class=\"wp-caption-text\">Visita de Monse\u00f1or Prosper Bonaventure Ky a AIN Alemania<\/figcaption><\/figure>\n<p>El obispo responsable de la di\u00f3cesis de D\u00e9dougou, Mons. Prosper Ky, describe la situaci\u00f3n en una conversaci\u00f3n con ACN: \u201cEs muy doloroso ver a los desplazados internos recorrer las calles con todas sus pertenencias en busca de alojamiento de emergencia. Hay cientos de miles de ellos en mi di\u00f3cesis; la mayor\u00eda, mujeres y ni\u00f1os\u201d.<\/p>\n<p>El padre Etienne Sawadogo, p\u00e1rroco de Rollo, un distrito del norte de Burkina Faso, tambi\u00e9n fue desplazado por los yihadistas, junto con 900 cristianos y catec\u00famenos. Destaca la importancia de la ayuda de emergencia para alimentos y medicinas: \u201c\u00bfC\u00f3mo puedes estar a la altura de las exigencias de la vida cristiana si pasas hambre constantemente? \u00bfC\u00f3mo puedes cumplir tu vocaci\u00f3n cristiana si est\u00e1s enfermo y no recibes ayuda?\u201d.<\/p>\n<h4><strong>Una fe viva a pesar de la persecuci\u00f3n<\/strong><\/h4>\n<p>A pesar de la precaria situaci\u00f3n del pa\u00eds, que empeora de a\u00f1o en a\u00f1o desde 2015 por la violencia de los grupos fundamentalistas, la Iglesia en Burkina Faso est\u00e1 viva y tiene muchas vocaciones. La di\u00f3cesis de Koupela, por ejemplo, se encuentra en una zona donde los combates entre las fuerzas de seguridad y los terroristas son cotidianos, aun as\u00ed el seminario de esa localidad cuenta con 67 candidatos al sacerdocio. Sin embargo, como muchas familias ya no tienen medios para contribuir econ\u00f3micamente a los costes de la educaci\u00f3n de sus hijos, ACN apoya a los seminaristas de la di\u00f3cesis y cubre sus gastos de estudio y de viaje, as\u00ed como los gastos sanitarios.<\/p>\n<p>Como organizaci\u00f3n de ayuda pastoral, el principal objetivo de ACN es contribuir a fortalecer la fe y la esperanza de las personas desplazadas. El padre Etienne Sawadogo expone: \u201cQueremos ayudar a los cristianos de Rollo que lo han perdido todo, a leer los acontecimientos y los signos de los tiempos a la luz de los textos b\u00edblicos\u201d. Para que profundicen en su propia fe y fomenten su vida de oraci\u00f3n, la fundaci\u00f3n apoya financiando biblias, entre otras cosas.<\/p>\n<figure id=\"attachment_188432\" aria-describedby=\"caption-attachment-188432\" style=\"width: 800px\" class=\"wp-caption aligncenter\"><img loading=\"lazy\" decoding=\"async\" class=\"wp-image-188432 size-large\" src=\"https:\/\/media.acninternational.org\/wp-content\/uploads\/2024\/02\/ACN-20200310-98343-1024x683.jpg\" alt=\"Seminaristas en San Pedro y San Pablo\" width=\"800\" height=\"534\" srcset=\"https:\/\/media.acninternational.org\/wp-content\/uploads\/2024\/02\/ACN-20200310-98343-1024x683.jpg 1024w, https:\/\/media.acninternational.org\/wp-content\/uploads\/2024\/02\/ACN-20200310-98343-300x200.jpg 300w, https:\/\/media.acninternational.org\/wp-content\/uploads\/2024\/02\/ACN-20200310-98343-768x512.jpg 768w, https:\/\/media.acninternational.org\/wp-content\/uploads\/2024\/02\/ACN-20200310-98343.jpg 1080w\" sizes=\"auto, (max-width: 800px) 100vw, 800px\" \/><figcaption id=\"caption-attachment-188432\" class=\"wp-caption-text\">Seminaristas en San Pedro y San Pablo<\/figcaption><\/figure>\n<p>Esto puede decirse no s\u00f3lo de Rollo, sino tambi\u00e9n de la di\u00f3cesis de Nouna, en el noroeste de Burkina Faso. Adem\u00e1s de biblias, tambi\u00e9n se proporciona el Catecismo de la Iglesia cat\u00f3lica a las parroquias de la zona para que puedan celebrar catequesis. A pesar de la persecuci\u00f3n, hay muchos conversos del islam en Burkina Faso. La di\u00f3cesis quiere ayudarles a conocer mejor su fe y a crecer en ella: \u201cNo basta con que los conversos reciban el bautismo y la comuni\u00f3n\u201d, afirma Romuald Fuambu Nsanyi, capell\u00e1n de la di\u00f3cesis para los j\u00f3venes. \u201cEs nuestra responsabilidad ayudarles a crecer en la fe y a convertirse en buenos cristianos\u201d.<\/p>\n<p>En la di\u00f3cesis de Kaya, tambi\u00e9n en el norte del pa\u00eds, ACN ha financiado la construcci\u00f3n de un centro diocesano para mejorar la atenci\u00f3n pastoral a los soldados que protegen a la poblaci\u00f3n, as\u00ed como a los j\u00f3venes y escolares.<\/p>\n<p><em>Ya en 2023, ACN financi\u00f3 56 proyectos in Burkina Faso con m\u00e1s de un mill\u00f3n de euros. Adem\u00e1s, ACN apoy\u00f3 a Chad, Mali y N\u00edger con un total de casi otro mill\u00f3n de euros para ayudas de emergencia, estipendios de misa, formaci\u00f3n para seminaristas y veh\u00edculos para sacerdotes y religiosas.<\/em><\/p>\n<p>&nbsp;<\/p>\n<p>Por <strong>Sina Hartert<\/strong>.<\/p>\n","protected":false},"excerpt":{"rendered":"<p>La fundaci\u00f3n internacional Aid to the Church in Need (ACN) ha ampliado su ayuda a la regi\u00f3n del Sahel como<\/p>\n","protected":false},"author":4258341447,"featured_media":188438,"comment_status":"closed","ping_status":"closed","sticky":false,"template":"","format":"standard","meta":{"_acf_changed":false,"_acn_coauthor_ids":[],"footnotes":""},"categories":[746],"tags":[],"country":[378],"class_list":["post-188444","post","type-post","status-publish","format-standard","has-post-thumbnail","hentry","category-noticias","country-burkina-faso-es"],"acn_coauthors":[],"acf":[],"yoast_head":"<!-- This site is optimized with the Yoast SEO Premium plugin v27.3 (Yoast SEO v27.3) - https:\/\/yoast.com\/product\/yoast-seo-premium-wordpress\/ -->\n<title>ACN acude en ayuda de los cristianos desplazados por el terror en el Sahel | ACN International<\/title>\n<meta name=\"robots\" content=\"index, follow, max-snippet:-1, max-image-preview:large, max-video-preview:-1\" \/>\n<link rel=\"canonical\" href=\"https:\/\/acninternational.org\/es\/acn-acude-en-ayuda-de-los-cristianos-desplazados-por-el-terror-en-el-sahel\/\" \/>\n<meta property=\"og:locale\" content=\"es_ES\" \/>\n<meta property=\"og:type\" content=\"article\" \/>\n<meta property=\"og:title\" content=\"ACN acude en ayuda de los cristianos desplazados por el terror en el Sahel\" \/>\n<meta property=\"og:description\" content=\"La fundaci\u00f3n internacional Aid to the Church in Need (ACN) ha ampliado su ayuda a la regi\u00f3n del Sahel como\" \/>\n<meta property=\"og:url\" content=\"https:\/\/acninternational.org\/es\/acn-acude-en-ayuda-de-los-cristianos-desplazados-por-el-terror-en-el-sahel\/\" \/>\n<meta property=\"og:site_name\" content=\"ACN International\" \/>\n<meta property=\"article:publisher\" content=\"https:\/\/www.facebook.com\/acninternationalorg\" \/>\n<meta property=\"article:published_time\" content=\"2024-02-08T11:36:44+00:00\" \/>\n<meta property=\"article:modified_time\" content=\"2024-04-10T14:48:07+00:00\" \/>\n<meta property=\"og:image\" content=\"https:\/\/media.acninternational.org\/wp-content\/uploads\/2024\/02\/ACN-20230928-153694.jpg\" \/>\n\t<meta property=\"og:image:width\" content=\"1920\" \/>\n\t<meta property=\"og:image:height\" content=\"700\" \/>\n\t<meta property=\"og:image:type\" content=\"image\/jpeg\" \/>\n<meta name=\"author\" content=\"ACN Press Team\" \/>\n<meta name=\"twitter:card\" content=\"summary_large_image\" \/>\n<meta name=\"twitter:creator\" content=\"@acn_int\" \/>\n<meta name=\"twitter:site\" content=\"@acn_int\" \/>\n<meta name=\"twitter:label1\" content=\"Escrito por\" \/>\n\t<meta name=\"twitter:data1\" content=\"ACN Press Team\" \/>\n\t<meta name=\"twitter:label2\" content=\"Tiempo de lectura\" \/>\n\t<meta name=\"twitter:data2\" content=\"5 minutos\" \/>\n<script type=\"application\/ld+json\" class=\"yoast-schema-graph\">{\"@context\":\"https:\\\/\\\/schema.org\",\"@graph\":[{\"@type\":\"Article\",\"@id\":\"https:\\\/\\\/acninternational.org\\\/es\\\/acn-acude-en-ayuda-de-los-cristianos-desplazados-por-el-terror-en-el-sahel\\\/#article\",\"isPartOf\":{\"@id\":\"https:\\\/\\\/acninternational.org\\\/es\\\/acn-acude-en-ayuda-de-los-cristianos-desplazados-por-el-terror-en-el-sahel\\\/\"},\"author\":{\"name\":\"ACN Press Team\",\"@id\":\"https:\\\/\\\/acninternational.org\\\/es\\\/#\\\/schema\\\/person\\\/7f3dafb236b242fb2aa46be1411fd703\"},\"headline\":\"ACN acude en ayuda de los cristianos desplazados por el terror en el Sahel\",\"datePublished\":\"2024-02-08T11:36:44+00:00\",\"dateModified\":\"2024-04-10T14:48:07+00:00\",\"mainEntityOfPage\":{\"@id\":\"https:\\\/\\\/acninternational.org\\\/es\\\/acn-acude-en-ayuda-de-los-cristianos-desplazados-por-el-terror-en-el-sahel\\\/\"},\"wordCount\":1034,\"publisher\":{\"@id\":\"https:\\\/\\\/acninternational.org\\\/es\\\/#organization\"},\"image\":{\"@id\":\"https:\\\/\\\/acninternational.org\\\/es\\\/acn-acude-en-ayuda-de-los-cristianos-desplazados-por-el-terror-en-el-sahel\\\/#primaryimage\"},\"thumbnailUrl\":\"https:\\\/\\\/media.acninternational.org\\\/wp-content\\\/uploads\\\/2024\\\/02\\\/ACN-20230928-153694.jpg\",\"articleSection\":[\"NOTICIAS\"],\"inLanguage\":\"es\"},{\"@type\":\"WebPage\",\"@id\":\"https:\\\/\\\/acninternational.org\\\/es\\\/acn-acude-en-ayuda-de-los-cristianos-desplazados-por-el-terror-en-el-sahel\\\/\",\"url\":\"https:\\\/\\\/acninternational.org\\\/es\\\/acn-acude-en-ayuda-de-los-cristianos-desplazados-por-el-terror-en-el-sahel\\\/\",\"name\":\"ACN acude en ayuda de los cristianos desplazados por el terror en el Sahel | ACN International\",\"isPartOf\":{\"@id\":\"https:\\\/\\\/acninternational.org\\\/es\\\/#website\"},\"primaryImageOfPage\":{\"@id\":\"https:\\\/\\\/acninternational.org\\\/es\\\/acn-acude-en-ayuda-de-los-cristianos-desplazados-por-el-terror-en-el-sahel\\\/#primaryimage\"},\"image\":{\"@id\":\"https:\\\/\\\/acninternational.org\\\/es\\\/acn-acude-en-ayuda-de-los-cristianos-desplazados-por-el-terror-en-el-sahel\\\/#primaryimage\"},\"thumbnailUrl\":\"https:\\\/\\\/media.acninternational.org\\\/wp-content\\\/uploads\\\/2024\\\/02\\\/ACN-20230928-153694.jpg\",\"datePublished\":\"2024-02-08T11:36:44+00:00\",\"dateModified\":\"2024-04-10T14:48:07+00:00\",\"breadcrumb\":{\"@id\":\"https:\\\/\\\/acninternational.org\\\/es\\\/acn-acude-en-ayuda-de-los-cristianos-desplazados-por-el-terror-en-el-sahel\\\/#breadcrumb\"},\"inLanguage\":\"es\",\"potentialAction\":[{\"@type\":\"ReadAction\",\"target\":[\"https:\\\/\\\/acninternational.org\\\/es\\\/acn-acude-en-ayuda-de-los-cristianos-desplazados-por-el-terror-en-el-sahel\\\/\"]}]},{\"@type\":\"ImageObject\",\"inLanguage\":\"es\",\"@id\":\"https:\\\/\\\/acninternational.org\\\/es\\\/acn-acude-en-ayuda-de-los-cristianos-desplazados-por-el-terror-en-el-sahel\\\/#primaryimage\",\"url\":\"https:\\\/\\\/media.acninternational.org\\\/wp-content\\\/uploads\\\/2024\\\/02\\\/ACN-20230928-153694.jpg\",\"contentUrl\":\"https:\\\/\\\/media.acninternational.org\\\/wp-content\\\/uploads\\\/2024\\\/02\\\/ACN-20230928-153694.jpg\",\"width\":1920,\"height\":700},{\"@type\":\"BreadcrumbList\",\"@id\":\"https:\\\/\\\/acninternational.org\\\/es\\\/acn-acude-en-ayuda-de-los-cristianos-desplazados-por-el-terror-en-el-sahel\\\/#breadcrumb\",\"itemListElement\":[{\"@type\":\"ListItem\",\"position\":1,\"name\":\"Home\",\"item\":\"https:\\\/\\\/acninternational.org\\\/es\\\/\"},{\"@type\":\"ListItem\",\"position\":2,\"name\":\"NOTICIAS\",\"item\":\"https:\\\/\\\/acninternational.org\\\/es\\\/category\\\/news-es\\\/\"},{\"@type\":\"ListItem\",\"position\":3,\"name\":\"ACN acude en ayuda de los cristianos desplazados por el terror en el Sahel\"}]},{\"@type\":\"WebSite\",\"@id\":\"https:\\\/\\\/acninternational.org\\\/es\\\/#website\",\"url\":\"https:\\\/\\\/acninternational.org\\\/es\\\/\",\"name\":\"ACN International\",\"description\":\"\",\"publisher\":{\"@id\":\"https:\\\/\\\/acninternational.org\\\/es\\\/#organization\"},\"potentialAction\":[{\"@type\":\"SearchAction\",\"target\":{\"@type\":\"EntryPoint\",\"urlTemplate\":\"https:\\\/\\\/acninternational.org\\\/es\\\/?s={search_term_string}\"},\"query-input\":{\"@type\":\"PropertyValueSpecification\",\"valueRequired\":true,\"valueName\":\"search_term_string\"}}],\"inLanguage\":\"es\"},{\"@type\":\"Organization\",\"@id\":\"https:\\\/\\\/acninternational.org\\\/es\\\/#organization\",\"name\":\"Aid to the Church in Need International\",\"url\":\"https:\\\/\\\/acninternational.org\\\/es\\\/\",\"logo\":{\"@type\":\"ImageObject\",\"inLanguage\":\"es\",\"@id\":\"https:\\\/\\\/acninternational.org\\\/es\\\/#\\\/schema\\\/logo\\\/image\\\/\",\"url\":\"https:\\\/\\\/media.acninternational.org\\\/wp-content\\\/uploads\\\/2019\\\/11\\\/acn_logo_blackvector.svg\",\"contentUrl\":\"https:\\\/\\\/media.acninternational.org\\\/wp-content\\\/uploads\\\/2019\\\/11\\\/acn_logo_blackvector.svg\",\"width\":232.6,\"height\":78,\"caption\":\"Aid to the Church in Need International\"},\"image\":{\"@id\":\"https:\\\/\\\/acninternational.org\\\/es\\\/#\\\/schema\\\/logo\\\/image\\\/\"},\"sameAs\":[\"https:\\\/\\\/www.facebook.com\\\/acninternationalorg\",\"https:\\\/\\\/x.com\\\/acn_int\",\"https:\\\/\\\/www.youtube.com\\\/channel\\\/UCQ-077gS0TnVzkhHmf1opZw\",\"https:\\\/\\\/www.instagram.com\\\/acn_international\\\/\"]},{\"@type\":\"Person\",\"@id\":\"https:\\\/\\\/acninternational.org\\\/es\\\/#\\\/schema\\\/person\\\/7f3dafb236b242fb2aa46be1411fd703\",\"name\":\"ACN Press Team\",\"description\":\"Lorem ipsum dolor sit amet, consectetur adipiscing elit, sed do eiusmod tempor incididunt ut labore et dolore magna aliqua. Ut enim ad minim veniam, quis nostrud exercitation ullamco laboris nisi ut aliquip ex ea commodo consequat.\",\"url\":\"https:\\\/\\\/acninternational.org\\\/es\\\/author\\\/acn-press-team\\\/\"}]}<\/script>\n<!-- \/ Yoast SEO Premium plugin. -->","yoast_head_json":{"title":"ACN acude en ayuda de los cristianos desplazados por el terror en el Sahel | ACN International","robots":{"index":"index","follow":"follow","max-snippet":"max-snippet:-1","max-image-preview":"max-image-preview:large","max-video-preview":"max-video-preview:-1"},"canonical":"https:\/\/acninternational.org\/es\/acn-acude-en-ayuda-de-los-cristianos-desplazados-por-el-terror-en-el-sahel\/","og_locale":"es_ES","og_type":"article","og_title":"ACN acude en ayuda de los cristianos desplazados por el terror en el Sahel","og_description":"La fundaci\u00f3n internacional Aid to the Church in Need (ACN) ha ampliado su ayuda a la regi\u00f3n del Sahel como","og_url":"https:\/\/acninternational.org\/es\/acn-acude-en-ayuda-de-los-cristianos-desplazados-por-el-terror-en-el-sahel\/","og_site_name":"ACN International","article_publisher":"https:\/\/www.facebook.com\/acninternationalorg","article_published_time":"2024-02-08T11:36:44+00:00","article_modified_time":"2024-04-10T14:48:07+00:00","og_image":[{"width":1920,"height":700,"url":"https:\/\/media.acninternational.org\/wp-content\/uploads\/2024\/02\/ACN-20230928-153694.jpg","type":"image\/jpeg"}],"author":"ACN Press Team","twitter_card":"summary_large_image","twitter_creator":"@acn_int","twitter_site":"@acn_int","twitter_misc":{"Escrito por":"ACN Press Team","Tiempo de lectura":"5 minutos"},"schema":{"@context":"https:\/\/schema.org","@graph":[{"@type":"Article","@id":"https:\/\/acninternational.org\/es\/acn-acude-en-ayuda-de-los-cristianos-desplazados-por-el-terror-en-el-sahel\/#article","isPartOf":{"@id":"https:\/\/acninternational.org\/es\/acn-acude-en-ayuda-de-los-cristianos-desplazados-por-el-terror-en-el-sahel\/"},"author":{"name":"ACN Press Team","@id":"https:\/\/acninternational.org\/es\/#\/schema\/person\/7f3dafb236b242fb2aa46be1411fd703"},"headline":"ACN acude en ayuda de los cristianos desplazados por el terror en el Sahel","datePublished":"2024-02-08T11:36:44+00:00","dateModified":"2024-04-10T14:48:07+00:00","mainEntityOfPage":{"@id":"https:\/\/acninternational.org\/es\/acn-acude-en-ayuda-de-los-cristianos-desplazados-por-el-terror-en-el-sahel\/"},"wordCount":1034,"publisher":{"@id":"https:\/\/acninternational.org\/es\/#organization"},"image":{"@id":"https:\/\/acninternational.org\/es\/acn-acude-en-ayuda-de-los-cristianos-desplazados-por-el-terror-en-el-sahel\/#primaryimage"},"thumbnailUrl":"https:\/\/media.acninternational.org\/wp-content\/uploads\/2024\/02\/ACN-20230928-153694.jpg","articleSection":["NOTICIAS"],"inLanguage":"es"},{"@type":"WebPage","@id":"https:\/\/acninternational.org\/es\/acn-acude-en-ayuda-de-los-cristianos-desplazados-por-el-terror-en-el-sahel\/","url":"https:\/\/acninternational.org\/es\/acn-acude-en-ayuda-de-los-cristianos-desplazados-por-el-terror-en-el-sahel\/","name":"ACN acude en ayuda de los cristianos desplazados por el terror en el Sahel | ACN International","isPartOf":{"@id":"https:\/\/acninternational.org\/es\/#website"},"primaryImageOfPage":{"@id":"https:\/\/acninternational.org\/es\/acn-acude-en-ayuda-de-los-cristianos-desplazados-por-el-terror-en-el-sahel\/#primaryimage"},"image":{"@id":"https:\/\/acninternational.org\/es\/acn-acude-en-ayuda-de-los-cristianos-desplazados-por-el-terror-en-el-sahel\/#primaryimage"},"thumbnailUrl":"https:\/\/media.acninternational.org\/wp-content\/uploads\/2024\/02\/ACN-20230928-153694.jpg","datePublished":"2024-02-08T11:36:44+00:00","dateModified":"2024-04-10T14:48:07+00:00","breadcrumb":{"@id":"https:\/\/acninternational.org\/es\/acn-acude-en-ayuda-de-los-cristianos-desplazados-por-el-terror-en-el-sahel\/#breadcrumb"},"inLanguage":"es","potentialAction":[{"@type":"ReadAction","target":["https:\/\/acninternational.org\/es\/acn-acude-en-ayuda-de-los-cristianos-desplazados-por-el-terror-en-el-sahel\/"]}]},{"@type":"ImageObject","inLanguage":"es","@id":"https:\/\/acninternational.org\/es\/acn-acude-en-ayuda-de-los-cristianos-desplazados-por-el-terror-en-el-sahel\/#primaryimage","url":"https:\/\/media.acninternational.org\/wp-content\/uploads\/2024\/02\/ACN-20230928-153694.jpg","contentUrl":"https:\/\/media.acninternational.org\/wp-content\/uploads\/2024\/02\/ACN-20230928-153694.jpg","width":1920,"height":700},{"@type":"BreadcrumbList","@id":"https:\/\/acninternational.org\/es\/acn-acude-en-ayuda-de-los-cristianos-desplazados-por-el-terror-en-el-sahel\/#breadcrumb","itemListElement":[{"@type":"ListItem","position":1,"name":"Home","item":"https:\/\/acninternational.org\/es\/"},{"@type":"ListItem","position":2,"name":"NOTICIAS","item":"https:\/\/acninternational.org\/es\/category\/news-es\/"},{"@type":"ListItem","position":3,"name":"ACN acude en ayuda de los cristianos desplazados por el terror en el Sahel"}]},{"@type":"WebSite","@id":"https:\/\/acninternational.org\/es\/#website","url":"https:\/\/acninternational.org\/es\/","name":"ACN International","description":"","publisher":{"@id":"https:\/\/acninternational.org\/es\/#organization"},"potentialAction":[{"@type":"SearchAction","target":{"@type":"EntryPoint","urlTemplate":"https:\/\/acninternational.org\/es\/?s={search_term_string}"},"query-input":{"@type":"PropertyValueSpecification","valueRequired":true,"valueName":"search_term_string"}}],"inLanguage":"es"},{"@type":"Organization","@id":"https:\/\/acninternational.org\/es\/#organization","name":"Aid to the Church in Need International","url":"https:\/\/acninternational.org\/es\/","logo":{"@type":"ImageObject","inLanguage":"es","@id":"https:\/\/acninternational.org\/es\/#\/schema\/logo\/image\/","url":"https:\/\/media.acninternational.org\/wp-content\/uploads\/2019\/11\/acn_logo_blackvector.svg","contentUrl":"https:\/\/media.acninternational.org\/wp-content\/uploads\/2019\/11\/acn_logo_blackvector.svg","width":232.6,"height":78,"caption":"Aid to the Church in Need International"},"image":{"@id":"https:\/\/acninternational.org\/es\/#\/schema\/logo\/image\/"},"sameAs":["https:\/\/www.facebook.com\/acninternationalorg","https:\/\/x.com\/acn_int","https:\/\/www.youtube.com\/channel\/UCQ-077gS0TnVzkhHmf1opZw","https:\/\/www.instagram.com\/acn_international\/"]},{"@type":"Person","@id":"https:\/\/acninternational.org\/es\/#\/schema\/person\/7f3dafb236b242fb2aa46be1411fd703","name":"ACN Press Team","description":"Lorem ipsum dolor sit amet, consectetur adipiscing elit, sed do eiusmod tempor incididunt ut labore et dolore magna aliqua. Ut enim ad minim veniam, quis nostrud exercitation ullamco laboris nisi ut aliquip ex ea commodo consequat.","url":"https:\/\/acninternational.org\/es\/author\/acn-press-team\/"}]}},"_links":{"self":[{"href":"https:\/\/acninternational.org\/es\/wp-json\/wp\/v2\/posts\/188444","targetHints":{"allow":["GET"]}}],"collection":[{"href":"https:\/\/acninternational.org\/es\/wp-json\/wp\/v2\/posts"}],"about":[{"href":"https:\/\/acninternational.org\/es\/wp-json\/wp\/v2\/types\/post"}],"author":[{"embeddable":true,"href":"https:\/\/acninternational.org\/es\/wp-json\/wp\/v2\/users\/4258341447"}],"replies":[{"embeddable":true,"href":"https:\/\/acninternational.org\/es\/wp-json\/wp\/v2\/comments?post=188444"}],"version-history":[{"count":0,"href":"https:\/\/acninternational.org\/es\/wp-json\/wp\/v2\/posts\/188444\/revisions"}],"wp:featuredmedia":[{"embeddable":true,"href":"https:\/\/acninternational.org\/es\/wp-json\/wp\/v2\/media\/188438"}],"wp:attachment":[{"href":"https:\/\/acninternational.org\/es\/wp-json\/wp\/v2\/media?parent=188444"}],"wp:term":[{"taxonomy":"category","embeddable":true,"href":"https:\/\/acninternational.org\/es\/wp-json\/wp\/v2\/categories?post=188444"},{"taxonomy":"post_tag","embeddable":true,"href":"https:\/\/acninternational.org\/es\/wp-json\/wp\/v2\/tags?post=188444"},{"taxonomy":"country","embeddable":true,"href":"https:\/\/acninternational.org\/es\/wp-json\/wp\/v2\/country?post=188444"}],"curies":[{"name":"wp","href":"https:\/\/api.w.org\/{rel}","templated":true}]}}