{"id":188310,"date":"2024-01-30T13:09:03","date_gmt":"2024-01-30T12:09:03","guid":{"rendered":"https:\/\/acninternational.org\/?p=188310"},"modified":"2024-04-11T07:43:42","modified_gmt":"2024-04-11T05:43:42","slug":"acn-pide-al-mundo-que-no-olvide-a-myanmar-en-el-tercer-aniversario-del-golpe-de-estado","status":"publish","type":"post","link":"https:\/\/acninternational.org\/es\/acn-pide-al-mundo-que-no-olvide-a-myanmar-en-el-tercer-aniversario-del-golpe-de-estado\/","title":{"rendered":"ACN pide al mundo que no olvide a Myanmar en el tercer aniversario del golpe de Estado."},"content":{"rendered":"<p><em>El papa Francisco ha manifestado anteriormente que el verdadero tesoro de Myanmar es su gente. A medida que el conflicto civil empeora, Aid to the Church in Need (ACN) contin\u00faa apoyando los repetidos llamamientos de la Iglesia cat\u00f3lica local a la paz y la justicia, no solo para los cristianos, sino para todos los ciudadanos del pa\u00eds.<\/em><\/p>\n<figure id=\"attachment_188294\" aria-describedby=\"caption-attachment-188294\" style=\"width: 800px\" class=\"wp-caption aligncenter\"><img loading=\"lazy\" decoding=\"async\" class=\"wp-image-188294 size-large\" src=\"https:\/\/media.acninternational.org\/wp-content\/uploads\/2024\/01\/ACN-20230125-139440-1024x481.jpg\" alt=\"Una iglesia cat\u00f3lica birmana destruida como consecuencia de los ataques\" width=\"800\" height=\"376\" srcset=\"https:\/\/media.acninternational.org\/wp-content\/uploads\/2024\/01\/ACN-20230125-139440-1024x481.jpg 1024w, https:\/\/media.acninternational.org\/wp-content\/uploads\/2024\/01\/ACN-20230125-139440-300x141.jpg 300w, https:\/\/media.acninternational.org\/wp-content\/uploads\/2024\/01\/ACN-20230125-139440-768x361.jpg 768w, https:\/\/media.acninternational.org\/wp-content\/uploads\/2024\/01\/ACN-20230125-139440.jpg 1080w\" sizes=\"auto, (max-width: 800px) 100vw, 800px\" \/><figcaption id=\"caption-attachment-188294\" class=\"wp-caption-text\">Una iglesia cat\u00f3lica birmana destruida como consecuencia de los ataques<\/figcaption><\/figure>\n<p>El 1 de febrero de 2021, un golpe militar puso fin al gobierno civil en Myanmar, introduciendo una era de conflicto que contin\u00faa hasta el d\u00eda de hoy. Al conmemorar el tercer aniversario del golpe de Estado, la fundaci\u00f3n internacional ACN subraya la urgencia de seguir rezando y trabajando para restablecer la paz y la justicia en Myanmar.<\/p>\n<p>El conflicto, que enfrenta a las fuerzas gubernamentales contra una variedad de grupos de resistencia armada y milicias \u00e9tnicas, ha empeorado significativamente en el \u00faltimo a\u00f1o, con combates que afectan a casi todo el pa\u00eds. ACN es muy consciente de que la situaci\u00f3n actual trae sufrimiento a todos los sectores de la sociedad y representa un peligro particular para las comunidades minoritarias vulnerables, como son los cristianos.<\/p>\n<p>Durante su visita al pa\u00eds asi\u00e1tico en 2017, el papa Francisco resalt\u00f3 que \u201cMyanmar ha sido bendecida con una gran belleza y recursos naturales, pero su mayor tesoro es su gente\u201d. Ya en aquel momento, record\u00f3 que los birmanos \u201chan sufrido mucho, y siguen sufriendo, por conflictos civiles y hostilidades que han durado demasiado tiempo y han creado profundas divisiones\u201d. Desde febrero de 2021, y especialmente durante los \u00faltimos tres meses, este sufrimiento ha alcanzado dimensiones sin precedentes.<\/p>\n<p>\u201cCon tantos conflictos de gran magnitud en el mundo actual, es f\u00e1cil que Myanmar se convierta en otra contienda olvidada. Es fundamental que no permitamos que esto suceda. Instamos a la comunidad internacional a que intensifique sus esfuerzos para restablecer la paz y la justicia en el pa\u00eds. Todos los actores en este conflicto deben tratar de poner el amor a la paz y al pr\u00f3jimo por encima de las ambiciones y ganancias personales\u201d, dice Regina Lynch, presidenta ejecutiva de ACN International.<\/p>\n<figure id=\"attachment_188300\" aria-describedby=\"caption-attachment-188300\" style=\"width: 800px\" class=\"wp-caption aligncenter\"><img loading=\"lazy\" decoding=\"async\" class=\"wp-image-188300 size-large\" src=\"https:\/\/media.acninternational.org\/wp-content\/uploads\/2024\/01\/ACN-20230821-151616-1024x683.jpg\" alt=\"Regina Lynch (Presidenta Ejecutiva de AIN Internacional)\" width=\"800\" height=\"534\" srcset=\"https:\/\/media.acninternational.org\/wp-content\/uploads\/2024\/01\/ACN-20230821-151616-1024x683.jpg 1024w, https:\/\/media.acninternational.org\/wp-content\/uploads\/2024\/01\/ACN-20230821-151616-300x200.jpg 300w, https:\/\/media.acninternational.org\/wp-content\/uploads\/2024\/01\/ACN-20230821-151616-768x512.jpg 768w, https:\/\/media.acninternational.org\/wp-content\/uploads\/2024\/01\/ACN-20230821-151616.jpg 1080w\" sizes=\"auto, (max-width: 800px) 100vw, 800px\" \/><figcaption id=\"caption-attachment-188300\" class=\"wp-caption-text\">Regina Lynch (Presidenta Ejecutiva de AIN Internacional)<\/figcaption><\/figure>\n<p>\u201cEn este contexto, es inspirador ver c\u00f3mo los l\u00edderes de la Iglesia, incluidos sacerdotes, religiosos y catequistas, siguen apoyando a su pueblo, llevando el consuelo y la gracia de Dios a las zonas m\u00e1s remotas\u00bb, a\u00f1ade.<\/p>\n<p>Los testimonios que llegan a ACN describen c\u00f3mo el pa\u00eds se est\u00e1 convirtiendo aparentemente en un Estado fallido y la guerra est\u00e1 afectando a toda la comunidad, dejando a su paso destrucci\u00f3n, muerte y gran n\u00famero de personas desplazadas, muchas de ellas ancianas, discapacitadas o madres con hijos.<\/p>\n<p>Conmovidos ante esta terrible realidad, ACN sigue pidiendo paz y respeto a la vida, independientemente de la religi\u00f3n: \u201cCaminan por un v\u00eda crucis, siempre movidos por la esperanza en la resurrecci\u00f3n de Jesucristo. Me contaron que se escucha cantar a los ni\u00f1os esta canci\u00f3n en los campos de desplazados: \u2018\u00a1No hay ning\u00fan lugar a donde ir, no hay tierra donde vivir, no hay cama para dormir, no hay ning\u00fan lugar donde huir, ning\u00fan lugar donde esconderse! \u00a1No hay futuro al cual sobrevivir! \u00a1Necesitamos la paz como una canci\u00f3n, necesitamos la justicia como un r\u00edo, necesitamos la libertad como el viento y el dolor de la guerra debe terminar!\u2019 \u00bfC\u00f3mo no unir nuestras voces para rezar con la petici\u00f3n de estos ni\u00f1os?\u201d, se pregunta Lynch.<\/p>\n<figure id=\"attachment_188306\" aria-describedby=\"caption-attachment-188306\" style=\"width: 720px\" class=\"wp-caption aligncenter\"><img loading=\"lazy\" decoding=\"async\" class=\"wp-image-188306 size-full\" src=\"https:\/\/media.acninternational.org\/wp-content\/uploads\/2024\/01\/ACN-20230125-139433.jpg\" alt=\"Una iglesia cat\u00f3lica birmana destruida como consecuencia de los ataques\" width=\"720\" height=\"959\" srcset=\"https:\/\/media.acninternational.org\/wp-content\/uploads\/2024\/01\/ACN-20230125-139433.jpg 720w, https:\/\/media.acninternational.org\/wp-content\/uploads\/2024\/01\/ACN-20230125-139433-225x300.jpg 225w\" sizes=\"auto, (max-width: 720px) 100vw, 720px\" \/><figcaption id=\"caption-attachment-188306\" class=\"wp-caption-text\">Una iglesia cat\u00f3lica birmana destruida como consecuencia de los ataques<\/figcaption><\/figure>\n<p>\u201cInstamos a todos nuestros benefactores a seguir rezando por Myanmar, su Iglesia y su pueblo, con especial intensidad el pr\u00f3ximo 1 de febrero, ya que estamos seguros de que sin \u00c9l la paz no es posible; \u2018si el Se\u00f1or no bendice la casa, el carpintero trabajar\u00e1 en vano\u2019. (Salmo 127)\u201d, concluye.<\/p>\n<p>&nbsp;<\/p>\n<p>Por <strong>Filipe d\u2019Avillez &amp; Maria Lozano<\/strong>.<\/p>\n","protected":false},"excerpt":{"rendered":"<p>El papa Francisco ha manifestado anteriormente que el verdadero tesoro de Myanmar es su gente. A medida que el conflicto<\/p>\n","protected":false},"author":4258341447,"featured_media":188288,"comment_status":"closed","ping_status":"closed","sticky":false,"template":"","format":"standard","meta":{"_acf_changed":false,"_acn_coauthor_ids":[],"_acn_featured_article":false,"footnotes":""},"categories":[746,1254],"tags":[],"country":[524],"class_list":["post-188310","post","type-post","status-publish","format-standard","has-post-thumbnail","hentry","category-noticias","category-news-es","country-myanmar"],"acn_coauthors":[],"acf":[],"yoast_head":"<!-- This site is optimized with the Yoast SEO Premium plugin v27.5 (Yoast SEO v27.5) - https:\/\/yoast.com\/product\/yoast-seo-premium-wordpress\/ -->\n<title>ACN pide al mundo que no olvide a Myanmar en el tercer aniversario del golpe de Estado. | ACN International<\/title>\n<meta name=\"robots\" content=\"index, follow, max-snippet:-1, max-image-preview:large, max-video-preview:-1\" \/>\n<link rel=\"canonical\" href=\"https:\/\/acninternational.org\/es\/acn-pide-al-mundo-que-no-olvide-a-myanmar-en-el-tercer-aniversario-del-golpe-de-estado\/\" \/>\n<meta property=\"og:locale\" content=\"es_ES\" \/>\n<meta property=\"og:type\" content=\"article\" \/>\n<meta property=\"og:title\" content=\"ACN pide al mundo que no olvide a Myanmar en el tercer aniversario del golpe de Estado.\" \/>\n<meta property=\"og:description\" content=\"El papa Francisco ha manifestado anteriormente que el verdadero tesoro de Myanmar es su gente. A medida que el conflicto\" \/>\n<meta property=\"og:url\" content=\"https:\/\/acninternational.org\/es\/acn-pide-al-mundo-que-no-olvide-a-myanmar-en-el-tercer-aniversario-del-golpe-de-estado\/\" \/>\n<meta property=\"og:site_name\" content=\"ACN International\" \/>\n<meta property=\"article:publisher\" content=\"https:\/\/www.facebook.com\/acninternationalorg\" \/>\n<meta property=\"article:published_time\" content=\"2024-01-30T12:09:03+00:00\" \/>\n<meta property=\"article:modified_time\" content=\"2024-04-11T05:43:42+00:00\" \/>\n<meta property=\"og:image\" content=\"https:\/\/media.acninternational.org\/wp-content\/uploads\/2024\/01\/ACN-20220124-123116.jpg\" \/>\n\t<meta property=\"og:image:width\" content=\"1920\" \/>\n\t<meta property=\"og:image:height\" content=\"700\" \/>\n\t<meta property=\"og:image:type\" content=\"image\/jpeg\" \/>\n<meta name=\"author\" content=\"ACN Press Team\" \/>\n<meta name=\"twitter:card\" content=\"summary_large_image\" \/>\n<meta name=\"twitter:creator\" content=\"@acn_int\" \/>\n<meta name=\"twitter:site\" content=\"@acn_int\" \/>\n<meta name=\"twitter:label1\" content=\"Escrito por\" \/>\n\t<meta name=\"twitter:data1\" content=\"ACN Press Team\" \/>\n\t<meta name=\"twitter:label2\" content=\"Tiempo de lectura\" \/>\n\t<meta name=\"twitter:data2\" content=\"4 minutos\" \/>\n<script type=\"application\/ld+json\" class=\"yoast-schema-graph\">{\"@context\":\"https:\\\/\\\/schema.org\",\"@graph\":[{\"@type\":\"Article\",\"@id\":\"https:\\\/\\\/acninternational.org\\\/es\\\/acn-pide-al-mundo-que-no-olvide-a-myanmar-en-el-tercer-aniversario-del-golpe-de-estado\\\/#article\",\"isPartOf\":{\"@id\":\"https:\\\/\\\/acninternational.org\\\/es\\\/acn-pide-al-mundo-que-no-olvide-a-myanmar-en-el-tercer-aniversario-del-golpe-de-estado\\\/\"},\"author\":{\"name\":\"ACN Press Team\",\"@id\":\"https:\\\/\\\/acninternational.org\\\/es\\\/#\\\/schema\\\/person\\\/7f3dafb236b242fb2aa46be1411fd703\"},\"headline\":\"ACN pide al mundo que no olvide a Myanmar en el tercer aniversario del golpe de Estado.\",\"datePublished\":\"2024-01-30T12:09:03+00:00\",\"dateModified\":\"2024-04-11T05:43:42+00:00\",\"mainEntityOfPage\":{\"@id\":\"https:\\\/\\\/acninternational.org\\\/es\\\/acn-pide-al-mundo-que-no-olvide-a-myanmar-en-el-tercer-aniversario-del-golpe-de-estado\\\/\"},\"wordCount\":707,\"publisher\":{\"@id\":\"https:\\\/\\\/acninternational.org\\\/es\\\/#organization\"},\"image\":{\"@id\":\"https:\\\/\\\/acninternational.org\\\/es\\\/acn-pide-al-mundo-que-no-olvide-a-myanmar-en-el-tercer-aniversario-del-golpe-de-estado\\\/#primaryimage\"},\"thumbnailUrl\":\"https:\\\/\\\/media.acninternational.org\\\/wp-content\\\/uploads\\\/2024\\\/01\\\/ACN-20220124-123116.jpg\",\"articleSection\":[\"NOTICIAS\",\"NOTICIAS\"],\"inLanguage\":\"es\"},{\"@type\":\"WebPage\",\"@id\":\"https:\\\/\\\/acninternational.org\\\/es\\\/acn-pide-al-mundo-que-no-olvide-a-myanmar-en-el-tercer-aniversario-del-golpe-de-estado\\\/\",\"url\":\"https:\\\/\\\/acninternational.org\\\/es\\\/acn-pide-al-mundo-que-no-olvide-a-myanmar-en-el-tercer-aniversario-del-golpe-de-estado\\\/\",\"name\":\"ACN pide al mundo que no olvide a Myanmar en el tercer aniversario del golpe de Estado. | ACN International\",\"isPartOf\":{\"@id\":\"https:\\\/\\\/acninternational.org\\\/es\\\/#website\"},\"primaryImageOfPage\":{\"@id\":\"https:\\\/\\\/acninternational.org\\\/es\\\/acn-pide-al-mundo-que-no-olvide-a-myanmar-en-el-tercer-aniversario-del-golpe-de-estado\\\/#primaryimage\"},\"image\":{\"@id\":\"https:\\\/\\\/acninternational.org\\\/es\\\/acn-pide-al-mundo-que-no-olvide-a-myanmar-en-el-tercer-aniversario-del-golpe-de-estado\\\/#primaryimage\"},\"thumbnailUrl\":\"https:\\\/\\\/media.acninternational.org\\\/wp-content\\\/uploads\\\/2024\\\/01\\\/ACN-20220124-123116.jpg\",\"datePublished\":\"2024-01-30T12:09:03+00:00\",\"dateModified\":\"2024-04-11T05:43:42+00:00\",\"breadcrumb\":{\"@id\":\"https:\\\/\\\/acninternational.org\\\/es\\\/acn-pide-al-mundo-que-no-olvide-a-myanmar-en-el-tercer-aniversario-del-golpe-de-estado\\\/#breadcrumb\"},\"inLanguage\":\"es\",\"potentialAction\":[{\"@type\":\"ReadAction\",\"target\":[\"https:\\\/\\\/acninternational.org\\\/es\\\/acn-pide-al-mundo-que-no-olvide-a-myanmar-en-el-tercer-aniversario-del-golpe-de-estado\\\/\"]}]},{\"@type\":\"ImageObject\",\"inLanguage\":\"es\",\"@id\":\"https:\\\/\\\/acninternational.org\\\/es\\\/acn-pide-al-mundo-que-no-olvide-a-myanmar-en-el-tercer-aniversario-del-golpe-de-estado\\\/#primaryimage\",\"url\":\"https:\\\/\\\/media.acninternational.org\\\/wp-content\\\/uploads\\\/2024\\\/01\\\/ACN-20220124-123116.jpg\",\"contentUrl\":\"https:\\\/\\\/media.acninternational.org\\\/wp-content\\\/uploads\\\/2024\\\/01\\\/ACN-20220124-123116.jpg\",\"width\":1920,\"height\":700},{\"@type\":\"BreadcrumbList\",\"@id\":\"https:\\\/\\\/acninternational.org\\\/es\\\/acn-pide-al-mundo-que-no-olvide-a-myanmar-en-el-tercer-aniversario-del-golpe-de-estado\\\/#breadcrumb\",\"itemListElement\":[{\"@type\":\"ListItem\",\"position\":1,\"name\":\"Home\",\"item\":\"https:\\\/\\\/acninternational.org\\\/es\\\/\"},{\"@type\":\"ListItem\",\"position\":2,\"name\":\"NOTICIAS\",\"item\":\"https:\\\/\\\/acninternational.org\\\/es\\\/category\\\/news-es\\\/\"},{\"@type\":\"ListItem\",\"position\":3,\"name\":\"ACN pide al mundo que no olvide a Myanmar en el tercer aniversario del golpe de Estado.\"}]},{\"@type\":\"WebSite\",\"@id\":\"https:\\\/\\\/acninternational.org\\\/es\\\/#website\",\"url\":\"https:\\\/\\\/acninternational.org\\\/es\\\/\",\"name\":\"ACN International\",\"description\":\"\",\"publisher\":{\"@id\":\"https:\\\/\\\/acninternational.org\\\/es\\\/#organization\"},\"potentialAction\":[{\"@type\":\"SearchAction\",\"target\":{\"@type\":\"EntryPoint\",\"urlTemplate\":\"https:\\\/\\\/acninternational.org\\\/es\\\/?s={search_term_string}\"},\"query-input\":{\"@type\":\"PropertyValueSpecification\",\"valueRequired\":true,\"valueName\":\"search_term_string\"}}],\"inLanguage\":\"es\"},{\"@type\":\"Organization\",\"@id\":\"https:\\\/\\\/acninternational.org\\\/es\\\/#organization\",\"name\":\"Aid to the Church in Need International\",\"url\":\"https:\\\/\\\/acninternational.org\\\/es\\\/\",\"logo\":{\"@type\":\"ImageObject\",\"inLanguage\":\"es\",\"@id\":\"https:\\\/\\\/acninternational.org\\\/es\\\/#\\\/schema\\\/logo\\\/image\\\/\",\"url\":\"https:\\\/\\\/media.acninternational.org\\\/wp-content\\\/uploads\\\/2019\\\/11\\\/acn_logo_blackvector.svg\",\"contentUrl\":\"https:\\\/\\\/media.acninternational.org\\\/wp-content\\\/uploads\\\/2019\\\/11\\\/acn_logo_blackvector.svg\",\"width\":232.6,\"height\":78,\"caption\":\"Aid to the Church in Need International\"},\"image\":{\"@id\":\"https:\\\/\\\/acninternational.org\\\/es\\\/#\\\/schema\\\/logo\\\/image\\\/\"},\"sameAs\":[\"https:\\\/\\\/www.facebook.com\\\/acninternationalorg\",\"https:\\\/\\\/x.com\\\/acn_int\",\"https:\\\/\\\/www.youtube.com\\\/channel\\\/UCQ-077gS0TnVzkhHmf1opZw\",\"https:\\\/\\\/www.instagram.com\\\/acn_international\\\/\"]},{\"@type\":\"Person\",\"@id\":\"https:\\\/\\\/acninternational.org\\\/es\\\/#\\\/schema\\\/person\\\/7f3dafb236b242fb2aa46be1411fd703\",\"name\":\"ACN Press Team\",\"description\":\"Lorem ipsum dolor sit amet, consectetur adipiscing elit, sed do eiusmod tempor incididunt ut labore et dolore magna aliqua. Ut enim ad minim veniam, quis nostrud exercitation ullamco laboris nisi ut aliquip ex ea commodo consequat.\",\"url\":\"https:\\\/\\\/acninternational.org\\\/es\\\/author\\\/acn-press-team\\\/\"}]}<\/script>\n<!-- \/ Yoast SEO Premium plugin. -->","yoast_head_json":{"title":"ACN pide al mundo que no olvide a Myanmar en el tercer aniversario del golpe de Estado. | ACN International","robots":{"index":"index","follow":"follow","max-snippet":"max-snippet:-1","max-image-preview":"max-image-preview:large","max-video-preview":"max-video-preview:-1"},"canonical":"https:\/\/acninternational.org\/es\/acn-pide-al-mundo-que-no-olvide-a-myanmar-en-el-tercer-aniversario-del-golpe-de-estado\/","og_locale":"es_ES","og_type":"article","og_title":"ACN pide al mundo que no olvide a Myanmar en el tercer aniversario del golpe de Estado.","og_description":"El papa Francisco ha manifestado anteriormente que el verdadero tesoro de Myanmar es su gente. A medida que el conflicto","og_url":"https:\/\/acninternational.org\/es\/acn-pide-al-mundo-que-no-olvide-a-myanmar-en-el-tercer-aniversario-del-golpe-de-estado\/","og_site_name":"ACN International","article_publisher":"https:\/\/www.facebook.com\/acninternationalorg","article_published_time":"2024-01-30T12:09:03+00:00","article_modified_time":"2024-04-11T05:43:42+00:00","og_image":[{"width":1920,"height":700,"url":"https:\/\/media.acninternational.org\/wp-content\/uploads\/2024\/01\/ACN-20220124-123116.jpg","type":"image\/jpeg"}],"author":"ACN Press Team","twitter_card":"summary_large_image","twitter_creator":"@acn_int","twitter_site":"@acn_int","twitter_misc":{"Escrito por":"ACN Press Team","Tiempo de lectura":"4 minutos"},"schema":{"@context":"https:\/\/schema.org","@graph":[{"@type":"Article","@id":"https:\/\/acninternational.org\/es\/acn-pide-al-mundo-que-no-olvide-a-myanmar-en-el-tercer-aniversario-del-golpe-de-estado\/#article","isPartOf":{"@id":"https:\/\/acninternational.org\/es\/acn-pide-al-mundo-que-no-olvide-a-myanmar-en-el-tercer-aniversario-del-golpe-de-estado\/"},"author":{"name":"ACN Press Team","@id":"https:\/\/acninternational.org\/es\/#\/schema\/person\/7f3dafb236b242fb2aa46be1411fd703"},"headline":"ACN pide al mundo que no olvide a Myanmar en el tercer aniversario del golpe de Estado.","datePublished":"2024-01-30T12:09:03+00:00","dateModified":"2024-04-11T05:43:42+00:00","mainEntityOfPage":{"@id":"https:\/\/acninternational.org\/es\/acn-pide-al-mundo-que-no-olvide-a-myanmar-en-el-tercer-aniversario-del-golpe-de-estado\/"},"wordCount":707,"publisher":{"@id":"https:\/\/acninternational.org\/es\/#organization"},"image":{"@id":"https:\/\/acninternational.org\/es\/acn-pide-al-mundo-que-no-olvide-a-myanmar-en-el-tercer-aniversario-del-golpe-de-estado\/#primaryimage"},"thumbnailUrl":"https:\/\/media.acninternational.org\/wp-content\/uploads\/2024\/01\/ACN-20220124-123116.jpg","articleSection":["NOTICIAS","NOTICIAS"],"inLanguage":"es"},{"@type":"WebPage","@id":"https:\/\/acninternational.org\/es\/acn-pide-al-mundo-que-no-olvide-a-myanmar-en-el-tercer-aniversario-del-golpe-de-estado\/","url":"https:\/\/acninternational.org\/es\/acn-pide-al-mundo-que-no-olvide-a-myanmar-en-el-tercer-aniversario-del-golpe-de-estado\/","name":"ACN pide al mundo que no olvide a Myanmar en el tercer aniversario del golpe de Estado. | ACN International","isPartOf":{"@id":"https:\/\/acninternational.org\/es\/#website"},"primaryImageOfPage":{"@id":"https:\/\/acninternational.org\/es\/acn-pide-al-mundo-que-no-olvide-a-myanmar-en-el-tercer-aniversario-del-golpe-de-estado\/#primaryimage"},"image":{"@id":"https:\/\/acninternational.org\/es\/acn-pide-al-mundo-que-no-olvide-a-myanmar-en-el-tercer-aniversario-del-golpe-de-estado\/#primaryimage"},"thumbnailUrl":"https:\/\/media.acninternational.org\/wp-content\/uploads\/2024\/01\/ACN-20220124-123116.jpg","datePublished":"2024-01-30T12:09:03+00:00","dateModified":"2024-04-11T05:43:42+00:00","breadcrumb":{"@id":"https:\/\/acninternational.org\/es\/acn-pide-al-mundo-que-no-olvide-a-myanmar-en-el-tercer-aniversario-del-golpe-de-estado\/#breadcrumb"},"inLanguage":"es","potentialAction":[{"@type":"ReadAction","target":["https:\/\/acninternational.org\/es\/acn-pide-al-mundo-que-no-olvide-a-myanmar-en-el-tercer-aniversario-del-golpe-de-estado\/"]}]},{"@type":"ImageObject","inLanguage":"es","@id":"https:\/\/acninternational.org\/es\/acn-pide-al-mundo-que-no-olvide-a-myanmar-en-el-tercer-aniversario-del-golpe-de-estado\/#primaryimage","url":"https:\/\/media.acninternational.org\/wp-content\/uploads\/2024\/01\/ACN-20220124-123116.jpg","contentUrl":"https:\/\/media.acninternational.org\/wp-content\/uploads\/2024\/01\/ACN-20220124-123116.jpg","width":1920,"height":700},{"@type":"BreadcrumbList","@id":"https:\/\/acninternational.org\/es\/acn-pide-al-mundo-que-no-olvide-a-myanmar-en-el-tercer-aniversario-del-golpe-de-estado\/#breadcrumb","itemListElement":[{"@type":"ListItem","position":1,"name":"Home","item":"https:\/\/acninternational.org\/es\/"},{"@type":"ListItem","position":2,"name":"NOTICIAS","item":"https:\/\/acninternational.org\/es\/category\/news-es\/"},{"@type":"ListItem","position":3,"name":"ACN pide al mundo que no olvide a Myanmar en el tercer aniversario del golpe de Estado."}]},{"@type":"WebSite","@id":"https:\/\/acninternational.org\/es\/#website","url":"https:\/\/acninternational.org\/es\/","name":"ACN International","description":"","publisher":{"@id":"https:\/\/acninternational.org\/es\/#organization"},"potentialAction":[{"@type":"SearchAction","target":{"@type":"EntryPoint","urlTemplate":"https:\/\/acninternational.org\/es\/?s={search_term_string}"},"query-input":{"@type":"PropertyValueSpecification","valueRequired":true,"valueName":"search_term_string"}}],"inLanguage":"es"},{"@type":"Organization","@id":"https:\/\/acninternational.org\/es\/#organization","name":"Aid to the Church in Need International","url":"https:\/\/acninternational.org\/es\/","logo":{"@type":"ImageObject","inLanguage":"es","@id":"https:\/\/acninternational.org\/es\/#\/schema\/logo\/image\/","url":"https:\/\/media.acninternational.org\/wp-content\/uploads\/2019\/11\/acn_logo_blackvector.svg","contentUrl":"https:\/\/media.acninternational.org\/wp-content\/uploads\/2019\/11\/acn_logo_blackvector.svg","width":232.6,"height":78,"caption":"Aid to the Church in Need International"},"image":{"@id":"https:\/\/acninternational.org\/es\/#\/schema\/logo\/image\/"},"sameAs":["https:\/\/www.facebook.com\/acninternationalorg","https:\/\/x.com\/acn_int","https:\/\/www.youtube.com\/channel\/UCQ-077gS0TnVzkhHmf1opZw","https:\/\/www.instagram.com\/acn_international\/"]},{"@type":"Person","@id":"https:\/\/acninternational.org\/es\/#\/schema\/person\/7f3dafb236b242fb2aa46be1411fd703","name":"ACN Press Team","description":"Lorem ipsum dolor sit amet, consectetur adipiscing elit, sed do eiusmod tempor incididunt ut labore et dolore magna aliqua. Ut enim ad minim veniam, quis nostrud exercitation ullamco laboris nisi ut aliquip ex ea commodo consequat.","url":"https:\/\/acninternational.org\/es\/author\/acn-press-team\/"}]}},"_links":{"self":[{"href":"https:\/\/acninternational.org\/es\/wp-json\/wp\/v2\/posts\/188310","targetHints":{"allow":["GET"]}}],"collection":[{"href":"https:\/\/acninternational.org\/es\/wp-json\/wp\/v2\/posts"}],"about":[{"href":"https:\/\/acninternational.org\/es\/wp-json\/wp\/v2\/types\/post"}],"author":[{"embeddable":true,"href":"https:\/\/acninternational.org\/es\/wp-json\/wp\/v2\/users\/4258341447"}],"replies":[{"embeddable":true,"href":"https:\/\/acninternational.org\/es\/wp-json\/wp\/v2\/comments?post=188310"}],"version-history":[{"count":0,"href":"https:\/\/acninternational.org\/es\/wp-json\/wp\/v2\/posts\/188310\/revisions"}],"wp:featuredmedia":[{"embeddable":true,"href":"https:\/\/acninternational.org\/es\/wp-json\/wp\/v2\/media\/188288"}],"wp:attachment":[{"href":"https:\/\/acninternational.org\/es\/wp-json\/wp\/v2\/media?parent=188310"}],"wp:term":[{"taxonomy":"category","embeddable":true,"href":"https:\/\/acninternational.org\/es\/wp-json\/wp\/v2\/categories?post=188310"},{"taxonomy":"post_tag","embeddable":true,"href":"https:\/\/acninternational.org\/es\/wp-json\/wp\/v2\/tags?post=188310"},{"taxonomy":"country","embeddable":true,"href":"https:\/\/acninternational.org\/es\/wp-json\/wp\/v2\/country?post=188310"}],"curies":[{"name":"wp","href":"https:\/\/api.w.org\/{rel}","templated":true}]}}