{"id":188213,"date":"2024-01-25T01:18:45","date_gmt":"2024-01-25T00:18:45","guid":{"rendered":"https:\/\/acninternational.org\/?p=188213"},"modified":"2024-04-11T08:30:41","modified_gmt":"2024-04-11T06:30:41","slug":"mas-de-500-victimas-de-ataques-a-comunidades-agricolas-en-el-estado-nigeriano-de-benue-en-2023","status":"publish","type":"post","link":"https:\/\/acninternational.org\/es\/mas-de-500-victimas-de-ataques-a-comunidades-agricolas-en-el-estado-nigeriano-de-benue-en-2023\/","title":{"rendered":"M\u00e1s de 500 v\u00edctimas de ataques a comunidades agr\u00edcolas en el estado nigeriano de Benue en 2023"},"content":{"rendered":"<p><em>Entre enero y finales de diciembre de 2023, la di\u00f3cesis cat\u00f3lica de Makurdi de la regi\u00f3n nigeriana del Cintur\u00f3n Medio sufri\u00f3 119 ataques perpetrados por pastores fulanis contra la poblaci\u00f3n.<\/em><\/p>\n<figure id=\"attachment_188183\" aria-describedby=\"caption-attachment-188183\" style=\"width: 800px\" class=\"wp-caption aligncenter\"><img loading=\"lazy\" decoding=\"async\" class=\"wp-image-188183 size-large\" src=\"https:\/\/media.acninternational.org\/wp-content\/uploads\/2024\/01\/ACN-20240117-158749-1024x576.jpg\" alt=\"V\u00edctimas tras los ataques fulani\" width=\"800\" height=\"450\" srcset=\"https:\/\/media.acninternational.org\/wp-content\/uploads\/2024\/01\/ACN-20240117-158749-1024x576.jpg 1024w, https:\/\/media.acninternational.org\/wp-content\/uploads\/2024\/01\/ACN-20240117-158749-300x169.jpg 300w, https:\/\/media.acninternational.org\/wp-content\/uploads\/2024\/01\/ACN-20240117-158749-768x432.jpg 768w, https:\/\/media.acninternational.org\/wp-content\/uploads\/2024\/01\/ACN-20240117-158749.jpg 1080w\" sizes=\"auto, (max-width: 800px) 100vw, 800px\" \/><figcaption id=\"caption-attachment-188183\" class=\"wp-caption-text\">V\u00edctimas tras los ataques fulani<\/figcaption><\/figure>\n<p>Seg\u00fan un informe enviado a la fundaci\u00f3n Aid to the Church in need (ACN), en s\u00f3lo en el estado de Benue m\u00e1s de 400 personas perdieron la vida y m\u00e1s de 100 resultaron heridas, violadas o secuestradas en ataques contra asentamientos y comunidades agr\u00edcolas.<\/p>\n<p>Dicho informe llega un mes despu\u00e9s de la serie de <a href=\"https:\/\/acninternational.org\/fulani-herders-kill-nearly-200-christians-at-christmas-in-central-nigeria\/\" target=\"_blank\" rel=\"noopener\">masacres ocurridas en la Nochebuena<\/a> de 2023, que dejaron ciento de muertos en el estado nigeriano de Plateau.<\/p>\n<p>Seg\u00fan el padre Remigius Ihiyula, socio de proyectos de ACN y director de la Fundaci\u00f3n para Justicia, Desarrollo y Paz de la di\u00f3cesis de Makurdi, se registraron 119 ataques entre el 2 de enero y el 27 de diciembre del a\u00f1o pasado en el estado de Benue.<\/p>\n<p>El informe enviado a ACN denuncia que dichos ataques fueron perpetrados por miembros de la etnia fulani, que son pastores n\u00f3madas que se han desplazado del norte cada vez m\u00e1s al sur de Nigeria en busca de mejores pastos para sus animales y que, a menudo, entran en conflicto por las tierras con las comunidades agr\u00edcolas.<\/p>\n<p>\u201cEl Cintur\u00f3n Medio de Nigeria, que incluye el estado de Benue, donde se encuentra la di\u00f3cesis de Makurdi, es conocido por sus fertil\u00edsimas tierras,\u00a0 esa es la raz\u00f3n por la que se ha convertido en escenario de los mencionados conflictos. Los fulani proceden de lugares tan lejanos como la Rep\u00fablica de N\u00edger o los estados nigerianos septentrionales de Sokoto o Katsina. Desde all\u00ed se desplazan hacia el sur, disfrazados de n\u00f3madas en busca de follaje para su ganado, pero muchos act\u00faan como yihadistas cuyo objetivo es propagar el islam como ideolog\u00eda. Llevan armas sofisticadas con las que desplazan a pueblos enteros en ataques sorpresa, matan y perturban la actividad econ\u00f3mica y la vida social sin reacci\u00f3n visible por parte del gobierno nigeriano\u201d, explica el padre Remigius.<\/p>\n<p>El informe detalla que los 119 ataques causaron al menos 414 muertes en numerosas comunidades y localidades de la di\u00f3cesis de Makurdi y otras partes del estado de Benue. Sin embargo, estas son s\u00f3lo las v\u00edctimas identificadas y contabilizadas. \u201cEn al menos dos casos, se indica sin m\u00e1s que hubo \u2018decenas\u2019 de muertos,\u00a0 en otros se indica que &#8216;se teme que haya muchos muertos&#8217;, por lo que el n\u00famero total de v\u00edctimas mortales es sin duda mucho mayor\u201d, precisa el padre Remigius. Otras 96 personas resultaron heridas y se produjeron al menos cuatro violaciones.<\/p>\n<p>Los ataques de los pastores fulani tambi\u00e9n han tenido como resultado el secuestro de 35 personas, ha informado el padre Remigius a ACN. Los secuestros, que suelen dar lugar a demandas de rescate, se han convertido en Nigeria en una industria en toda regla.<\/p>\n<figure id=\"attachment_188195\" aria-describedby=\"caption-attachment-188195\" style=\"width: 768px\" class=\"wp-caption aligncenter\"><img loading=\"lazy\" decoding=\"async\" class=\"wp-image-188195 size-large\" src=\"https:\/\/media.acninternational.org\/wp-content\/uploads\/2024\/01\/ACN-20230310-142461-768x1024.jpg\" alt=\"P. Remigius Ihyula(Coordinador, Fundaci\u00f3n para la Justicia, el Desarrollo y la Paz), Rosemary Udoji (una de las v\u00edctimas de los grupos armados de pastores fulani) y Patience Ibile en un campo de refugiados de Guma.\" width=\"768\" height=\"1024\" srcset=\"https:\/\/media.acninternational.org\/wp-content\/uploads\/2024\/01\/ACN-20230310-142461-768x1024.jpg 768w, https:\/\/media.acninternational.org\/wp-content\/uploads\/2024\/01\/ACN-20230310-142461-225x300.jpg 225w, https:\/\/media.acninternational.org\/wp-content\/uploads\/2024\/01\/ACN-20230310-142461.jpg 1080w\" sizes=\"auto, (max-width: 768px) 100vw, 768px\" \/><figcaption id=\"caption-attachment-188195\" class=\"wp-caption-text\">P. Remigius Ihyula(Coordinador, Fundaci\u00f3n para la Justicia, el Desarrollo y la Paz), Rosemary Udoji (una de las v\u00edctimas de los grupos armados de pastores fulani) y Patience Ibile en un campo de refugiados de Guma.<\/figcaption><\/figure>\n<p>El primer trimestre de 2023 fue el m\u00e1s violento con 18 ataques en enero, 15 en febrero y 18 en marzo- y un saldo de al menos 163 muertes. El verano fue relativamente pac\u00edfico, con un solo ataque en julio (dos muertos) y ninguno en agosto. El mayor n\u00famero de v\u00edctimas se produjo en abril, con 63 muertes en s\u00f3lo nueve ataques.<\/p>\n<p>Aunque la raz\u00f3n subyacente de los ataques tenga que ver con la tensi\u00f3n ancestral entre pastores n\u00f3madas y agricultores asentados, las disputas en estas regiones nigerianas se ven agravadas por las diferencias tribales y religiosas. As\u00ed, los pastores fulanis son en su gran mayor\u00eda musulmanes, mientras que las comunidades agr\u00edcolas asentadas son generalmente cristianas. En casos recientes ocurridos en otras partes de Nigeria, los ataques se han descrito como dirigidos expresamente contra cristianos, lo que confirma un elemento religioso en la violencia.<\/p>\n<p>\u201cEn el pasado, los conflictos por las tierras de pastoreo nunca se saldaban con las matanzas y la destrucci\u00f3n que presenciamos hoy d\u00eda,\u00a0 antes no hab\u00eda intenci\u00f3n de ocupar y desplazar a comunidades como se est\u00e1 haciendo hoy. Adem\u00e1s, antes hab\u00eda mecanismos de resoluci\u00f3n pac\u00edfica y acuerdos amistosos, que hoy en d\u00eda son inexistentes\u201d, lamenta el padre Remigius.<\/p>\n<figure id=\"attachment_188201\" aria-describedby=\"caption-attachment-188201\" style=\"width: 800px\" class=\"wp-caption aligncenter\"><img loading=\"lazy\" decoding=\"async\" class=\"wp-image-188201 size-large\" src=\"https:\/\/media.acninternational.org\/wp-content\/uploads\/2024\/01\/ACN-20230413-144129-1024x768.jpg\" alt=\"Alimentos para los desplazados internos que viven en el campo de Daudu, en el estado de Benue.\" width=\"800\" height=\"600\" srcset=\"https:\/\/media.acninternational.org\/wp-content\/uploads\/2024\/01\/ACN-20230413-144129-1024x768.jpg 1024w, https:\/\/media.acninternational.org\/wp-content\/uploads\/2024\/01\/ACN-20230413-144129-300x225.jpg 300w, https:\/\/media.acninternational.org\/wp-content\/uploads\/2024\/01\/ACN-20230413-144129-768x576.jpg 768w, https:\/\/media.acninternational.org\/wp-content\/uploads\/2024\/01\/ACN-20230413-144129.jpg 1080w\" sizes=\"auto, (max-width: 800px) 100vw, 800px\" \/><figcaption id=\"caption-attachment-188201\" class=\"wp-caption-text\">Alimentos para los desplazados internos que viven en el campo de Daudu, en el estado de Benue.<\/figcaption><\/figure>\n<p><em>Aid to the Church in Need apoya la labor de la di\u00f3cesis de Makurdi en Nigeria proporcionando ayuda a los desplazados internos de los campos de Guma y Daudu, dos de los 14 campos y 13 comunidades de acogida. Adem\u00e1s de atenci\u00f3n pastoral, la Iglesia local proporciona asesoramiento para superar traumas, becas, alimentos y otras formas de ayuda humanitaria.<\/em><\/p>\n<p>&nbsp;<\/p>\n<p>Por\u00a0<strong>Filipe d\u2019Avillez<\/strong>.<\/p>\n","protected":false},"excerpt":{"rendered":"<p>Entre enero y finales de diciembre de 2023, la di\u00f3cesis cat\u00f3lica de Makurdi de la regi\u00f3n nigeriana del Cintur\u00f3n Medio<\/p>\n","protected":false},"author":4258341447,"featured_media":188207,"comment_status":"closed","ping_status":"closed","sticky":false,"template":"","format":"standard","meta":{"_acf_changed":false,"_acn_coauthor_ids":[],"_acn_featured_article":false,"footnotes":""},"categories":[746],"tags":[],"country":[],"class_list":["post-188213","post","type-post","status-publish","format-standard","has-post-thumbnail","hentry","category-noticias"],"acn_coauthors":[],"acf":[],"yoast_head":"<!-- This site is optimized with the Yoast SEO Premium plugin v27.5 (Yoast SEO v27.5) - https:\/\/yoast.com\/product\/yoast-seo-premium-wordpress\/ -->\n<title>M\u00e1s de 500 v\u00edctimas de ataques a comunidades agr\u00edcolas en el estado nigeriano de Benue en 2023 | ACN International<\/title>\n<meta name=\"robots\" content=\"index, follow, max-snippet:-1, max-image-preview:large, max-video-preview:-1\" \/>\n<link rel=\"canonical\" href=\"https:\/\/acninternational.org\/es\/mas-de-500-victimas-de-ataques-a-comunidades-agricolas-en-el-estado-nigeriano-de-benue-en-2023\/\" \/>\n<meta property=\"og:locale\" content=\"es_ES\" \/>\n<meta property=\"og:type\" content=\"article\" \/>\n<meta property=\"og:title\" content=\"M\u00e1s de 500 v\u00edctimas de ataques a comunidades agr\u00edcolas en el estado nigeriano de Benue en 2023\" \/>\n<meta property=\"og:description\" content=\"Entre enero y finales de diciembre de 2023, la di\u00f3cesis cat\u00f3lica de Makurdi de la regi\u00f3n nigeriana del Cintur\u00f3n Medio\" \/>\n<meta property=\"og:url\" content=\"https:\/\/acninternational.org\/es\/mas-de-500-victimas-de-ataques-a-comunidades-agricolas-en-el-estado-nigeriano-de-benue-en-2023\/\" \/>\n<meta property=\"og:site_name\" content=\"ACN International\" \/>\n<meta property=\"article:publisher\" content=\"https:\/\/www.facebook.com\/acninternationalorg\" \/>\n<meta property=\"article:published_time\" content=\"2024-01-25T00:18:45+00:00\" \/>\n<meta property=\"article:modified_time\" content=\"2024-04-11T06:30:41+00:00\" \/>\n<meta property=\"og:image\" content=\"https:\/\/media.acninternational.org\/wp-content\/uploads\/2024\/01\/ACN-20240117-158748.jpg\" \/>\n\t<meta property=\"og:image:width\" content=\"1920\" \/>\n\t<meta property=\"og:image:height\" content=\"700\" \/>\n\t<meta property=\"og:image:type\" content=\"image\/jpeg\" \/>\n<meta name=\"author\" content=\"ACN Press Team\" \/>\n<meta name=\"twitter:card\" content=\"summary_large_image\" \/>\n<meta name=\"twitter:creator\" content=\"@acn_int\" \/>\n<meta name=\"twitter:site\" content=\"@acn_int\" \/>\n<meta name=\"twitter:label1\" content=\"Escrito por\" \/>\n\t<meta name=\"twitter:data1\" content=\"ACN Press Team\" \/>\n\t<meta name=\"twitter:label2\" content=\"Tiempo de lectura\" \/>\n\t<meta name=\"twitter:data2\" content=\"5 minutos\" \/>\n<script type=\"application\/ld+json\" class=\"yoast-schema-graph\">{\"@context\":\"https:\\\/\\\/schema.org\",\"@graph\":[{\"@type\":\"Article\",\"@id\":\"https:\\\/\\\/acninternational.org\\\/es\\\/mas-de-500-victimas-de-ataques-a-comunidades-agricolas-en-el-estado-nigeriano-de-benue-en-2023\\\/#article\",\"isPartOf\":{\"@id\":\"https:\\\/\\\/acninternational.org\\\/es\\\/mas-de-500-victimas-de-ataques-a-comunidades-agricolas-en-el-estado-nigeriano-de-benue-en-2023\\\/\"},\"author\":{\"name\":\"ACN Press Team\",\"@id\":\"https:\\\/\\\/acninternational.org\\\/es\\\/#\\\/schema\\\/person\\\/7f3dafb236b242fb2aa46be1411fd703\"},\"headline\":\"M\u00e1s de 500 v\u00edctimas de ataques a comunidades agr\u00edcolas en el estado nigeriano de Benue en 2023\",\"datePublished\":\"2024-01-25T00:18:45+00:00\",\"dateModified\":\"2024-04-11T06:30:41+00:00\",\"mainEntityOfPage\":{\"@id\":\"https:\\\/\\\/acninternational.org\\\/es\\\/mas-de-500-victimas-de-ataques-a-comunidades-agricolas-en-el-estado-nigeriano-de-benue-en-2023\\\/\"},\"wordCount\":874,\"publisher\":{\"@id\":\"https:\\\/\\\/acninternational.org\\\/es\\\/#organization\"},\"image\":{\"@id\":\"https:\\\/\\\/acninternational.org\\\/es\\\/mas-de-500-victimas-de-ataques-a-comunidades-agricolas-en-el-estado-nigeriano-de-benue-en-2023\\\/#primaryimage\"},\"thumbnailUrl\":\"https:\\\/\\\/media.acninternational.org\\\/wp-content\\\/uploads\\\/2024\\\/01\\\/ACN-20240117-158748.jpg\",\"articleSection\":[\"NOTICIAS\"],\"inLanguage\":\"es\"},{\"@type\":\"WebPage\",\"@id\":\"https:\\\/\\\/acninternational.org\\\/es\\\/mas-de-500-victimas-de-ataques-a-comunidades-agricolas-en-el-estado-nigeriano-de-benue-en-2023\\\/\",\"url\":\"https:\\\/\\\/acninternational.org\\\/es\\\/mas-de-500-victimas-de-ataques-a-comunidades-agricolas-en-el-estado-nigeriano-de-benue-en-2023\\\/\",\"name\":\"M\u00e1s de 500 v\u00edctimas de ataques a comunidades agr\u00edcolas en el estado nigeriano de Benue en 2023 | ACN International\",\"isPartOf\":{\"@id\":\"https:\\\/\\\/acninternational.org\\\/es\\\/#website\"},\"primaryImageOfPage\":{\"@id\":\"https:\\\/\\\/acninternational.org\\\/es\\\/mas-de-500-victimas-de-ataques-a-comunidades-agricolas-en-el-estado-nigeriano-de-benue-en-2023\\\/#primaryimage\"},\"image\":{\"@id\":\"https:\\\/\\\/acninternational.org\\\/es\\\/mas-de-500-victimas-de-ataques-a-comunidades-agricolas-en-el-estado-nigeriano-de-benue-en-2023\\\/#primaryimage\"},\"thumbnailUrl\":\"https:\\\/\\\/media.acninternational.org\\\/wp-content\\\/uploads\\\/2024\\\/01\\\/ACN-20240117-158748.jpg\",\"datePublished\":\"2024-01-25T00:18:45+00:00\",\"dateModified\":\"2024-04-11T06:30:41+00:00\",\"breadcrumb\":{\"@id\":\"https:\\\/\\\/acninternational.org\\\/es\\\/mas-de-500-victimas-de-ataques-a-comunidades-agricolas-en-el-estado-nigeriano-de-benue-en-2023\\\/#breadcrumb\"},\"inLanguage\":\"es\",\"potentialAction\":[{\"@type\":\"ReadAction\",\"target\":[\"https:\\\/\\\/acninternational.org\\\/es\\\/mas-de-500-victimas-de-ataques-a-comunidades-agricolas-en-el-estado-nigeriano-de-benue-en-2023\\\/\"]}]},{\"@type\":\"ImageObject\",\"inLanguage\":\"es\",\"@id\":\"https:\\\/\\\/acninternational.org\\\/es\\\/mas-de-500-victimas-de-ataques-a-comunidades-agricolas-en-el-estado-nigeriano-de-benue-en-2023\\\/#primaryimage\",\"url\":\"https:\\\/\\\/media.acninternational.org\\\/wp-content\\\/uploads\\\/2024\\\/01\\\/ACN-20240117-158748.jpg\",\"contentUrl\":\"https:\\\/\\\/media.acninternational.org\\\/wp-content\\\/uploads\\\/2024\\\/01\\\/ACN-20240117-158748.jpg\",\"width\":1920,\"height\":700},{\"@type\":\"BreadcrumbList\",\"@id\":\"https:\\\/\\\/acninternational.org\\\/es\\\/mas-de-500-victimas-de-ataques-a-comunidades-agricolas-en-el-estado-nigeriano-de-benue-en-2023\\\/#breadcrumb\",\"itemListElement\":[{\"@type\":\"ListItem\",\"position\":1,\"name\":\"Home\",\"item\":\"https:\\\/\\\/acninternational.org\\\/es\\\/\"},{\"@type\":\"ListItem\",\"position\":2,\"name\":\"NOTICIAS\",\"item\":\"https:\\\/\\\/acninternational.org\\\/es\\\/category\\\/news-es\\\/\"},{\"@type\":\"ListItem\",\"position\":3,\"name\":\"M\u00e1s de 500 v\u00edctimas de ataques a comunidades agr\u00edcolas en el estado nigeriano de Benue en 2023\"}]},{\"@type\":\"WebSite\",\"@id\":\"https:\\\/\\\/acninternational.org\\\/es\\\/#website\",\"url\":\"https:\\\/\\\/acninternational.org\\\/es\\\/\",\"name\":\"ACN International\",\"description\":\"\",\"publisher\":{\"@id\":\"https:\\\/\\\/acninternational.org\\\/es\\\/#organization\"},\"potentialAction\":[{\"@type\":\"SearchAction\",\"target\":{\"@type\":\"EntryPoint\",\"urlTemplate\":\"https:\\\/\\\/acninternational.org\\\/es\\\/?s={search_term_string}\"},\"query-input\":{\"@type\":\"PropertyValueSpecification\",\"valueRequired\":true,\"valueName\":\"search_term_string\"}}],\"inLanguage\":\"es\"},{\"@type\":\"Organization\",\"@id\":\"https:\\\/\\\/acninternational.org\\\/es\\\/#organization\",\"name\":\"Aid to the Church in Need International\",\"url\":\"https:\\\/\\\/acninternational.org\\\/es\\\/\",\"logo\":{\"@type\":\"ImageObject\",\"inLanguage\":\"es\",\"@id\":\"https:\\\/\\\/acninternational.org\\\/es\\\/#\\\/schema\\\/logo\\\/image\\\/\",\"url\":\"https:\\\/\\\/media.acninternational.org\\\/wp-content\\\/uploads\\\/2019\\\/11\\\/acn_logo_blackvector.svg\",\"contentUrl\":\"https:\\\/\\\/media.acninternational.org\\\/wp-content\\\/uploads\\\/2019\\\/11\\\/acn_logo_blackvector.svg\",\"width\":232.6,\"height\":78,\"caption\":\"Aid to the Church in Need International\"},\"image\":{\"@id\":\"https:\\\/\\\/acninternational.org\\\/es\\\/#\\\/schema\\\/logo\\\/image\\\/\"},\"sameAs\":[\"https:\\\/\\\/www.facebook.com\\\/acninternationalorg\",\"https:\\\/\\\/x.com\\\/acn_int\",\"https:\\\/\\\/www.youtube.com\\\/channel\\\/UCQ-077gS0TnVzkhHmf1opZw\",\"https:\\\/\\\/www.instagram.com\\\/acn_international\\\/\"]},{\"@type\":\"Person\",\"@id\":\"https:\\\/\\\/acninternational.org\\\/es\\\/#\\\/schema\\\/person\\\/7f3dafb236b242fb2aa46be1411fd703\",\"name\":\"ACN Press Team\",\"description\":\"Lorem ipsum dolor sit amet, consectetur adipiscing elit, sed do eiusmod tempor incididunt ut labore et dolore magna aliqua. Ut enim ad minim veniam, quis nostrud exercitation ullamco laboris nisi ut aliquip ex ea commodo consequat.\",\"url\":\"https:\\\/\\\/acninternational.org\\\/es\\\/author\\\/acn-press-team\\\/\"}]}<\/script>\n<!-- \/ Yoast SEO Premium plugin. -->","yoast_head_json":{"title":"M\u00e1s de 500 v\u00edctimas de ataques a comunidades agr\u00edcolas en el estado nigeriano de Benue en 2023 | ACN International","robots":{"index":"index","follow":"follow","max-snippet":"max-snippet:-1","max-image-preview":"max-image-preview:large","max-video-preview":"max-video-preview:-1"},"canonical":"https:\/\/acninternational.org\/es\/mas-de-500-victimas-de-ataques-a-comunidades-agricolas-en-el-estado-nigeriano-de-benue-en-2023\/","og_locale":"es_ES","og_type":"article","og_title":"M\u00e1s de 500 v\u00edctimas de ataques a comunidades agr\u00edcolas en el estado nigeriano de Benue en 2023","og_description":"Entre enero y finales de diciembre de 2023, la di\u00f3cesis cat\u00f3lica de Makurdi de la regi\u00f3n nigeriana del Cintur\u00f3n Medio","og_url":"https:\/\/acninternational.org\/es\/mas-de-500-victimas-de-ataques-a-comunidades-agricolas-en-el-estado-nigeriano-de-benue-en-2023\/","og_site_name":"ACN International","article_publisher":"https:\/\/www.facebook.com\/acninternationalorg","article_published_time":"2024-01-25T00:18:45+00:00","article_modified_time":"2024-04-11T06:30:41+00:00","og_image":[{"width":1920,"height":700,"url":"https:\/\/media.acninternational.org\/wp-content\/uploads\/2024\/01\/ACN-20240117-158748.jpg","type":"image\/jpeg"}],"author":"ACN Press Team","twitter_card":"summary_large_image","twitter_creator":"@acn_int","twitter_site":"@acn_int","twitter_misc":{"Escrito por":"ACN Press Team","Tiempo de lectura":"5 minutos"},"schema":{"@context":"https:\/\/schema.org","@graph":[{"@type":"Article","@id":"https:\/\/acninternational.org\/es\/mas-de-500-victimas-de-ataques-a-comunidades-agricolas-en-el-estado-nigeriano-de-benue-en-2023\/#article","isPartOf":{"@id":"https:\/\/acninternational.org\/es\/mas-de-500-victimas-de-ataques-a-comunidades-agricolas-en-el-estado-nigeriano-de-benue-en-2023\/"},"author":{"name":"ACN Press Team","@id":"https:\/\/acninternational.org\/es\/#\/schema\/person\/7f3dafb236b242fb2aa46be1411fd703"},"headline":"M\u00e1s de 500 v\u00edctimas de ataques a comunidades agr\u00edcolas en el estado nigeriano de Benue en 2023","datePublished":"2024-01-25T00:18:45+00:00","dateModified":"2024-04-11T06:30:41+00:00","mainEntityOfPage":{"@id":"https:\/\/acninternational.org\/es\/mas-de-500-victimas-de-ataques-a-comunidades-agricolas-en-el-estado-nigeriano-de-benue-en-2023\/"},"wordCount":874,"publisher":{"@id":"https:\/\/acninternational.org\/es\/#organization"},"image":{"@id":"https:\/\/acninternational.org\/es\/mas-de-500-victimas-de-ataques-a-comunidades-agricolas-en-el-estado-nigeriano-de-benue-en-2023\/#primaryimage"},"thumbnailUrl":"https:\/\/media.acninternational.org\/wp-content\/uploads\/2024\/01\/ACN-20240117-158748.jpg","articleSection":["NOTICIAS"],"inLanguage":"es"},{"@type":"WebPage","@id":"https:\/\/acninternational.org\/es\/mas-de-500-victimas-de-ataques-a-comunidades-agricolas-en-el-estado-nigeriano-de-benue-en-2023\/","url":"https:\/\/acninternational.org\/es\/mas-de-500-victimas-de-ataques-a-comunidades-agricolas-en-el-estado-nigeriano-de-benue-en-2023\/","name":"M\u00e1s de 500 v\u00edctimas de ataques a comunidades agr\u00edcolas en el estado nigeriano de Benue en 2023 | ACN International","isPartOf":{"@id":"https:\/\/acninternational.org\/es\/#website"},"primaryImageOfPage":{"@id":"https:\/\/acninternational.org\/es\/mas-de-500-victimas-de-ataques-a-comunidades-agricolas-en-el-estado-nigeriano-de-benue-en-2023\/#primaryimage"},"image":{"@id":"https:\/\/acninternational.org\/es\/mas-de-500-victimas-de-ataques-a-comunidades-agricolas-en-el-estado-nigeriano-de-benue-en-2023\/#primaryimage"},"thumbnailUrl":"https:\/\/media.acninternational.org\/wp-content\/uploads\/2024\/01\/ACN-20240117-158748.jpg","datePublished":"2024-01-25T00:18:45+00:00","dateModified":"2024-04-11T06:30:41+00:00","breadcrumb":{"@id":"https:\/\/acninternational.org\/es\/mas-de-500-victimas-de-ataques-a-comunidades-agricolas-en-el-estado-nigeriano-de-benue-en-2023\/#breadcrumb"},"inLanguage":"es","potentialAction":[{"@type":"ReadAction","target":["https:\/\/acninternational.org\/es\/mas-de-500-victimas-de-ataques-a-comunidades-agricolas-en-el-estado-nigeriano-de-benue-en-2023\/"]}]},{"@type":"ImageObject","inLanguage":"es","@id":"https:\/\/acninternational.org\/es\/mas-de-500-victimas-de-ataques-a-comunidades-agricolas-en-el-estado-nigeriano-de-benue-en-2023\/#primaryimage","url":"https:\/\/media.acninternational.org\/wp-content\/uploads\/2024\/01\/ACN-20240117-158748.jpg","contentUrl":"https:\/\/media.acninternational.org\/wp-content\/uploads\/2024\/01\/ACN-20240117-158748.jpg","width":1920,"height":700},{"@type":"BreadcrumbList","@id":"https:\/\/acninternational.org\/es\/mas-de-500-victimas-de-ataques-a-comunidades-agricolas-en-el-estado-nigeriano-de-benue-en-2023\/#breadcrumb","itemListElement":[{"@type":"ListItem","position":1,"name":"Home","item":"https:\/\/acninternational.org\/es\/"},{"@type":"ListItem","position":2,"name":"NOTICIAS","item":"https:\/\/acninternational.org\/es\/category\/news-es\/"},{"@type":"ListItem","position":3,"name":"M\u00e1s de 500 v\u00edctimas de ataques a comunidades agr\u00edcolas en el estado nigeriano de Benue en 2023"}]},{"@type":"WebSite","@id":"https:\/\/acninternational.org\/es\/#website","url":"https:\/\/acninternational.org\/es\/","name":"ACN International","description":"","publisher":{"@id":"https:\/\/acninternational.org\/es\/#organization"},"potentialAction":[{"@type":"SearchAction","target":{"@type":"EntryPoint","urlTemplate":"https:\/\/acninternational.org\/es\/?s={search_term_string}"},"query-input":{"@type":"PropertyValueSpecification","valueRequired":true,"valueName":"search_term_string"}}],"inLanguage":"es"},{"@type":"Organization","@id":"https:\/\/acninternational.org\/es\/#organization","name":"Aid to the Church in Need International","url":"https:\/\/acninternational.org\/es\/","logo":{"@type":"ImageObject","inLanguage":"es","@id":"https:\/\/acninternational.org\/es\/#\/schema\/logo\/image\/","url":"https:\/\/media.acninternational.org\/wp-content\/uploads\/2019\/11\/acn_logo_blackvector.svg","contentUrl":"https:\/\/media.acninternational.org\/wp-content\/uploads\/2019\/11\/acn_logo_blackvector.svg","width":232.6,"height":78,"caption":"Aid to the Church in Need International"},"image":{"@id":"https:\/\/acninternational.org\/es\/#\/schema\/logo\/image\/"},"sameAs":["https:\/\/www.facebook.com\/acninternationalorg","https:\/\/x.com\/acn_int","https:\/\/www.youtube.com\/channel\/UCQ-077gS0TnVzkhHmf1opZw","https:\/\/www.instagram.com\/acn_international\/"]},{"@type":"Person","@id":"https:\/\/acninternational.org\/es\/#\/schema\/person\/7f3dafb236b242fb2aa46be1411fd703","name":"ACN Press Team","description":"Lorem ipsum dolor sit amet, consectetur adipiscing elit, sed do eiusmod tempor incididunt ut labore et dolore magna aliqua. Ut enim ad minim veniam, quis nostrud exercitation ullamco laboris nisi ut aliquip ex ea commodo consequat.","url":"https:\/\/acninternational.org\/es\/author\/acn-press-team\/"}]}},"_links":{"self":[{"href":"https:\/\/acninternational.org\/es\/wp-json\/wp\/v2\/posts\/188213","targetHints":{"allow":["GET"]}}],"collection":[{"href":"https:\/\/acninternational.org\/es\/wp-json\/wp\/v2\/posts"}],"about":[{"href":"https:\/\/acninternational.org\/es\/wp-json\/wp\/v2\/types\/post"}],"author":[{"embeddable":true,"href":"https:\/\/acninternational.org\/es\/wp-json\/wp\/v2\/users\/4258341447"}],"replies":[{"embeddable":true,"href":"https:\/\/acninternational.org\/es\/wp-json\/wp\/v2\/comments?post=188213"}],"version-history":[{"count":0,"href":"https:\/\/acninternational.org\/es\/wp-json\/wp\/v2\/posts\/188213\/revisions"}],"wp:featuredmedia":[{"embeddable":true,"href":"https:\/\/acninternational.org\/es\/wp-json\/wp\/v2\/media\/188207"}],"wp:attachment":[{"href":"https:\/\/acninternational.org\/es\/wp-json\/wp\/v2\/media?parent=188213"}],"wp:term":[{"taxonomy":"category","embeddable":true,"href":"https:\/\/acninternational.org\/es\/wp-json\/wp\/v2\/categories?post=188213"},{"taxonomy":"post_tag","embeddable":true,"href":"https:\/\/acninternational.org\/es\/wp-json\/wp\/v2\/tags?post=188213"},{"taxonomy":"country","embeddable":true,"href":"https:\/\/acninternational.org\/es\/wp-json\/wp\/v2\/country?post=188213"}],"curies":[{"name":"wp","href":"https:\/\/api.w.org\/{rel}","templated":true}]}}