{"id":187833,"date":"2024-01-08T01:22:26","date_gmt":"2024-01-08T00:22:26","guid":{"rendered":"https:\/\/acninternational.org\/?p=187833"},"modified":"2024-04-11T12:07:34","modified_gmt":"2024-04-11T10:07:34","slug":"brasil-sembrando-las-semillas-del-evangelio-en-el-amazonas","status":"publish","type":"post","link":"https:\/\/acninternational.org\/es\/brasil-sembrando-las-semillas-del-evangelio-en-el-amazonas\/","title":{"rendered":"Brasil: Sembrando las semillas del Evangelio en el Amazonas"},"content":{"rendered":"<p><em>Con el apoyo de Aid to the Church in Need, los frailes capuchinos se dedican a evangelizar y ayudar a los ind\u00edgenas ticuna, contribuyendo as\u00ed a la preservaci\u00f3n de la selva amaz\u00f3nica.<\/em><\/p>\n<figure id=\"attachment_187815\" aria-describedby=\"caption-attachment-187815\" style=\"width: 800px\" class=\"wp-caption aligncenter\"><img loading=\"lazy\" decoding=\"async\" class=\"wp-image-187815 size-large\" src=\"https:\/\/media.acninternational.org\/wp-content\/uploads\/2024\/01\/ACN-20230327-143250-1024x576.jpg\" alt=\"Fray Paolo Braghini rezando con los indios ticuna en la Amazonia brasile\u00f1a\" width=\"800\" height=\"450\" srcset=\"https:\/\/media.acninternational.org\/wp-content\/uploads\/2024\/01\/ACN-20230327-143250-1024x576.jpg 1024w, https:\/\/media.acninternational.org\/wp-content\/uploads\/2024\/01\/ACN-20230327-143250-300x169.jpg 300w, https:\/\/media.acninternational.org\/wp-content\/uploads\/2024\/01\/ACN-20230327-143250-768x432.jpg 768w, https:\/\/media.acninternational.org\/wp-content\/uploads\/2024\/01\/ACN-20230327-143250.jpg 1080w\" sizes=\"auto, (max-width: 800px) 100vw, 800px\" \/><figcaption id=\"caption-attachment-187815\" class=\"wp-caption-text\">Fray Paolo Braghini rezando con los indios ticuna en la Amazonia brasile\u00f1a<\/figcaption><\/figure>\n<p>\u00abNunca he salido de este lugar, no s\u00e9 nada del mundo, pero creo en Dios, \u00c9l me da la vida eterna. Llam\u00e9 a los frailes de aqu\u00ed para bautizar a mis hijos. No quiero que nadie muera sin haber conocido a Dios. Ahora, los nombres de todos mis hijos est\u00e1n escritos en el cielo\u00bb.<\/p>\n<p>As\u00ed habla S\u00f4nia Pinheiro, subjefe, de la aldea de Enepu, de la tribu ticuna, refiri\u00e9ndose no solo a sus hijos biol\u00f3gicos, sino a toda su comunidad.<\/p>\n<p>Para llegar a Enep\u00fc, los capuchinos de Bel\u00e9m do Solim\u00f5es, -cuyo convento est\u00e1 ubicado en la peligrosa regi\u00f3n de la Amazonia brasile\u00f1a que limita con Colombia y Per\u00fa- tienen que viajar cuatro horas en barco y m\u00e1s de seis horas en una inc\u00f3moda canoa, la \u00fanica embarcaci\u00f3n capaz de navegar por las estrechas v\u00edas fluviales locales. Sin el apoyo material, como la gasolina proporcionada por Aid to the Church in Need (ACN), la misi\u00f3n de los frailes ser\u00eda casi imposible.<\/p>\n<p>La comunidad, donde vive Sonia Pinheiro, est\u00e1 formada por 30 personas, aunque ella dice que no puede afirmar cu\u00e1ntos son exactamente, porque en el idioma de los ticuna no existen n\u00fameros superiores al 10. Aun as\u00ed, conoce a cada miembro por su nombre y los tiene a todos cerca de su coraz\u00f3n, como har\u00eda una madre.<\/p>\n<p>Dice que los frailes son los \u00fanicos forasteros que vienen a visitarles. Otros grupos que llegan a la zona suelen estar armados y solo est\u00e1n interesados en destruir la selva. Su cultura tradicional ya ten\u00eda el concepto de un Dios, pero dice que se han sentido mucho m\u00e1s amados desde que se enteraron de que Jes\u00fas tambi\u00e9n vino al mundo por ellos y que tienen una Madre intercediendo por ellos en el cielo.<\/p>\n<h4><strong>Protegiendo la cultura, protegiendo la tierra<\/strong><\/h4>\n<p>Los capuchinos llevan viviendo en esta regi\u00f3n desde 1910. Mucho antes de que el ecologismo fuera un tema tan de moda, ellos ya ayudaban a los nativos a que no tuviesen que abandonar sus tierras, protegiendo su cultura e introduciendo el Evangelio en sus vidas.<\/p>\n<figure id=\"attachment_187821\" aria-describedby=\"caption-attachment-187821\" style=\"width: 800px\" class=\"wp-caption aligncenter\"><img loading=\"lazy\" decoding=\"async\" class=\"wp-image-187821 size-large\" src=\"https:\/\/media.acninternational.org\/wp-content\/uploads\/2024\/01\/ACN-20210205-109854-1024x768.jpg\" alt=\"Primer di\u00e1cono permanente de la etnia Ticuna, Antelmo Pereira \u00c2ngelo. Una curiosidad es que, en las manos de Antelmo estaba una Biblia Infantil en lengua Ticuna, \u00e9l ayud\u00f3 en la traducci\u00f3n.\" width=\"800\" height=\"600\" srcset=\"https:\/\/media.acninternational.org\/wp-content\/uploads\/2024\/01\/ACN-20210205-109854-1024x768.jpg 1024w, https:\/\/media.acninternational.org\/wp-content\/uploads\/2024\/01\/ACN-20210205-109854-300x225.jpg 300w, https:\/\/media.acninternational.org\/wp-content\/uploads\/2024\/01\/ACN-20210205-109854-768x576.jpg 768w, https:\/\/media.acninternational.org\/wp-content\/uploads\/2024\/01\/ACN-20210205-109854.jpg 1080w\" sizes=\"auto, (max-width: 800px) 100vw, 800px\" \/><figcaption id=\"caption-attachment-187821\" class=\"wp-caption-text\">Primer di\u00e1cono permanente de la etnia Ticuna, Antelmo Pereira \u00c2ngelo. Una curiosidad es que, en las manos de Antelmo estaba una Biblia Infantil en lengua Ticuna, \u00e9l ayud\u00f3 en la traducci\u00f3n.<\/figcaption><\/figure>\n<p>A lo largo de este tiempo, la comunidad franciscana ha sido testigo de c\u00f3mo se enga\u00f1a a las poblaciones ind\u00edgenas para que abandonen sus tierras. La regi\u00f3n queda devastada en apenas seis meses debido a la tala de \u00e1rboles, la pesca furtiva, la caza y la miner\u00eda, el tr\u00e1fico de drogas y otras pr\u00e1cticas peligrosas. Los nativos son, en realidad, los guardianes naturales de estos bosques, explican los capuchinos.<\/p>\n<p>As\u00ed como ayudaron a salvar a los ticuna de la esclavitud en siglos anteriores, en la actualidad, los frailes ayudan a las nuevas generaciones a no caer en formas modernas de esclavitud, como el alcoholismo y el suicidio, que aumentaron bruscamente a medida que la modernidad avanzaba en la selva tropical. La herramienta para lograrlo siempre es la misma: vivir el Evangelio entre ellos.<\/p>\n<p>\u00abCuando llegu\u00e9 aqu\u00ed por primera vez, sent\u00ed enseguida una profunda alegr\u00eda por vivir con un pueblo humilde, personas que evangelizan a trav\u00e9s de su vida y que me han ayudado a ser un mejor franciscano. Creo que a san Francisco le hubiera encantado vivir aqu\u00ed entre ellos, porque tienen una sencillez natural, adem\u00e1s de fraternidad y armon\u00eda con la naturaleza. La naturaleza es su hogar, y saben dejarse cuidar por la ella. Si me perdiera aqu\u00ed, podr\u00eda sobrevivir tres o cuatro d\u00edas, pero ellos saben c\u00f3mo hacer refugios, encontrar comida, agua e incluso medicinas en la naturaleza\u00bb, dice fray Paolo Braghini, quien actualmente dirige la misi\u00f3n de Bel\u00e9m do Solim\u00f5es.<\/p>\n<p>La comunidad de Enep\u00fc es un ejemplo de esta relaci\u00f3n con su entorno. Son los nativos quienes sostienen a los frailes capuchinos, compartiendo con ellos sus frutos, pescados y cualquier otra cosa que pescan o recogen. Sin embargo, los nativos no pueden ayudar aportando medios para su trabajo de evangelizaci\u00f3n, como barcos o combustible para visitar otras comunidades, o una casa para acoger nuevas vocaciones. \u00a0Por ello, los frailes agradecen profundamente el apoyo recibido por parte de ACN.<\/p>\n<figure id=\"attachment_187827\" aria-describedby=\"caption-attachment-187827\" style=\"width: 800px\" class=\"wp-caption aligncenter\"><img loading=\"lazy\" decoding=\"async\" class=\"wp-image-187827 size-large\" src=\"https:\/\/media.acninternational.org\/wp-content\/uploads\/2024\/01\/ACN-20230327-143269-1024x576.jpg\" alt=\"Ni\u00f1os ind\u00edgenas Ticuna con Fray Lourival y Fray Paolo Braghini agradeciendo a AIN la donaci\u00f3n de la Biblia Infantil en lengua Ticuna.\" width=\"800\" height=\"450\" srcset=\"https:\/\/media.acninternational.org\/wp-content\/uploads\/2024\/01\/ACN-20230327-143269-1024x576.jpg 1024w, https:\/\/media.acninternational.org\/wp-content\/uploads\/2024\/01\/ACN-20230327-143269-300x169.jpg 300w, https:\/\/media.acninternational.org\/wp-content\/uploads\/2024\/01\/ACN-20230327-143269-768x432.jpg 768w, https:\/\/media.acninternational.org\/wp-content\/uploads\/2024\/01\/ACN-20230327-143269.jpg 1080w\" sizes=\"auto, (max-width: 800px) 100vw, 800px\" \/><figcaption id=\"caption-attachment-187827\" class=\"wp-caption-text\">Ni\u00f1os ind\u00edgenas Ticuna con Fray Lourival y Fray Paolo Braghini agradeciendo a AIN la donaci\u00f3n de la Biblia Infantil en lengua Ticuna.<\/figcaption><\/figure>\n<p>En lugar de imponer sus propias costumbres, los frailes hacen todo lo posible para aprender de los ticuna, lo que incluye tratar de dominar el dif\u00edcil idioma, aunque, dice fray Paolo, \u00ablas palabras no son muy importantes para ellos. Escuchan con el coraz\u00f3n. Tienen una sensibilidad muy aguda, fuerte y bien afinada, entienden con el coraz\u00f3n. Si te entregas a ellos por completo, entonces ellos dar\u00e1n sus vidas por ti. Pero si tienes un prejuicio contra ellos, lo entender\u00e1n de inmediato\u00bb.<\/p>\n<p>&nbsp;<\/p>\n<p>Por <strong>Rodrigo Arantes<\/strong>.<\/p>\n","protected":false},"excerpt":{"rendered":"<p>Con el apoyo de Aid to the Church in Need, los frailes capuchinos se dedican a evangelizar y ayudar a<\/p>\n","protected":false},"author":4258341447,"featured_media":187809,"comment_status":"closed","ping_status":"closed","sticky":false,"template":"","format":"standard","meta":{"_acf_changed":false,"_acn_coauthor_ids":[],"footnotes":""},"categories":[760],"tags":[],"country":[376],"class_list":["post-187833","post","type-post","status-publish","format-standard","has-post-thumbnail","hentry","category-destacado","country-brasil"],"acn_coauthors":[],"acf":[],"yoast_head":"<!-- This site is optimized with the Yoast SEO Premium plugin v27.3 (Yoast SEO v27.3) - https:\/\/yoast.com\/product\/yoast-seo-premium-wordpress\/ -->\n<title>Brasil: Sembrando las semillas del Evangelio en el Amazonas | ACN International<\/title>\n<meta name=\"robots\" content=\"index, follow, max-snippet:-1, max-image-preview:large, max-video-preview:-1\" \/>\n<link rel=\"canonical\" href=\"https:\/\/acninternational.org\/es\/brasil-sembrando-las-semillas-del-evangelio-en-el-amazonas\/\" \/>\n<meta property=\"og:locale\" content=\"es_ES\" \/>\n<meta property=\"og:type\" content=\"article\" \/>\n<meta property=\"og:title\" content=\"Brasil: Sembrando las semillas del Evangelio en el Amazonas\" \/>\n<meta property=\"og:description\" content=\"Con el apoyo de Aid to the Church in Need, los frailes capuchinos se dedican a evangelizar y ayudar a\" \/>\n<meta property=\"og:url\" content=\"https:\/\/acninternational.org\/es\/brasil-sembrando-las-semillas-del-evangelio-en-el-amazonas\/\" \/>\n<meta property=\"og:site_name\" content=\"ACN International\" \/>\n<meta property=\"article:publisher\" content=\"https:\/\/www.facebook.com\/acninternationalorg\" \/>\n<meta property=\"article:published_time\" content=\"2024-01-08T00:22:26+00:00\" \/>\n<meta property=\"article:modified_time\" content=\"2024-04-11T10:07:34+00:00\" \/>\n<meta property=\"og:image\" content=\"https:\/\/media.acninternational.org\/wp-content\/uploads\/2024\/01\/ACN-20230327-143252.jpg\" \/>\n\t<meta property=\"og:image:width\" content=\"1920\" \/>\n\t<meta property=\"og:image:height\" content=\"700\" \/>\n\t<meta property=\"og:image:type\" content=\"image\/jpeg\" \/>\n<meta name=\"author\" content=\"ACN Press Team\" \/>\n<meta name=\"twitter:card\" content=\"summary_large_image\" \/>\n<meta name=\"twitter:creator\" content=\"@acn_int\" \/>\n<meta name=\"twitter:site\" content=\"@acn_int\" \/>\n<meta name=\"twitter:label1\" content=\"Escrito por\" \/>\n\t<meta name=\"twitter:data1\" content=\"ACN Press Team\" \/>\n\t<meta name=\"twitter:label2\" content=\"Tiempo de lectura\" \/>\n\t<meta name=\"twitter:data2\" content=\"5 minutos\" \/>\n<script type=\"application\/ld+json\" class=\"yoast-schema-graph\">{\"@context\":\"https:\\\/\\\/schema.org\",\"@graph\":[{\"@type\":\"Article\",\"@id\":\"https:\\\/\\\/acninternational.org\\\/es\\\/brasil-sembrando-las-semillas-del-evangelio-en-el-amazonas\\\/#article\",\"isPartOf\":{\"@id\":\"https:\\\/\\\/acninternational.org\\\/es\\\/brasil-sembrando-las-semillas-del-evangelio-en-el-amazonas\\\/\"},\"author\":{\"name\":\"ACN Press Team\",\"@id\":\"https:\\\/\\\/acninternational.org\\\/es\\\/#\\\/schema\\\/person\\\/7f3dafb236b242fb2aa46be1411fd703\"},\"headline\":\"Brasil: Sembrando las semillas del Evangelio en el Amazonas\",\"datePublished\":\"2024-01-08T00:22:26+00:00\",\"dateModified\":\"2024-04-11T10:07:34+00:00\",\"mainEntityOfPage\":{\"@id\":\"https:\\\/\\\/acninternational.org\\\/es\\\/brasil-sembrando-las-semillas-del-evangelio-en-el-amazonas\\\/\"},\"wordCount\":928,\"publisher\":{\"@id\":\"https:\\\/\\\/acninternational.org\\\/es\\\/#organization\"},\"image\":{\"@id\":\"https:\\\/\\\/acninternational.org\\\/es\\\/brasil-sembrando-las-semillas-del-evangelio-en-el-amazonas\\\/#primaryimage\"},\"thumbnailUrl\":\"https:\\\/\\\/media.acninternational.org\\\/wp-content\\\/uploads\\\/2024\\\/01\\\/ACN-20230327-143252.jpg\",\"articleSection\":[\"DESTACADO\"],\"inLanguage\":\"es\"},{\"@type\":\"WebPage\",\"@id\":\"https:\\\/\\\/acninternational.org\\\/es\\\/brasil-sembrando-las-semillas-del-evangelio-en-el-amazonas\\\/\",\"url\":\"https:\\\/\\\/acninternational.org\\\/es\\\/brasil-sembrando-las-semillas-del-evangelio-en-el-amazonas\\\/\",\"name\":\"Brasil: Sembrando las semillas del Evangelio en el Amazonas | ACN International\",\"isPartOf\":{\"@id\":\"https:\\\/\\\/acninternational.org\\\/es\\\/#website\"},\"primaryImageOfPage\":{\"@id\":\"https:\\\/\\\/acninternational.org\\\/es\\\/brasil-sembrando-las-semillas-del-evangelio-en-el-amazonas\\\/#primaryimage\"},\"image\":{\"@id\":\"https:\\\/\\\/acninternational.org\\\/es\\\/brasil-sembrando-las-semillas-del-evangelio-en-el-amazonas\\\/#primaryimage\"},\"thumbnailUrl\":\"https:\\\/\\\/media.acninternational.org\\\/wp-content\\\/uploads\\\/2024\\\/01\\\/ACN-20230327-143252.jpg\",\"datePublished\":\"2024-01-08T00:22:26+00:00\",\"dateModified\":\"2024-04-11T10:07:34+00:00\",\"breadcrumb\":{\"@id\":\"https:\\\/\\\/acninternational.org\\\/es\\\/brasil-sembrando-las-semillas-del-evangelio-en-el-amazonas\\\/#breadcrumb\"},\"inLanguage\":\"es\",\"potentialAction\":[{\"@type\":\"ReadAction\",\"target\":[\"https:\\\/\\\/acninternational.org\\\/es\\\/brasil-sembrando-las-semillas-del-evangelio-en-el-amazonas\\\/\"]}]},{\"@type\":\"ImageObject\",\"inLanguage\":\"es\",\"@id\":\"https:\\\/\\\/acninternational.org\\\/es\\\/brasil-sembrando-las-semillas-del-evangelio-en-el-amazonas\\\/#primaryimage\",\"url\":\"https:\\\/\\\/media.acninternational.org\\\/wp-content\\\/uploads\\\/2024\\\/01\\\/ACN-20230327-143252.jpg\",\"contentUrl\":\"https:\\\/\\\/media.acninternational.org\\\/wp-content\\\/uploads\\\/2024\\\/01\\\/ACN-20230327-143252.jpg\",\"width\":1920,\"height\":700},{\"@type\":\"BreadcrumbList\",\"@id\":\"https:\\\/\\\/acninternational.org\\\/es\\\/brasil-sembrando-las-semillas-del-evangelio-en-el-amazonas\\\/#breadcrumb\",\"itemListElement\":[{\"@type\":\"ListItem\",\"position\":1,\"name\":\"Home\",\"item\":\"https:\\\/\\\/acninternational.org\\\/es\\\/\"},{\"@type\":\"ListItem\",\"position\":2,\"name\":\"DESTACADO\",\"item\":\"https:\\\/\\\/acninternational.org\\\/es\\\/category\\\/destacado\\\/\"},{\"@type\":\"ListItem\",\"position\":3,\"name\":\"Brasil: Sembrando las semillas del Evangelio en el Amazonas\"}]},{\"@type\":\"WebSite\",\"@id\":\"https:\\\/\\\/acninternational.org\\\/es\\\/#website\",\"url\":\"https:\\\/\\\/acninternational.org\\\/es\\\/\",\"name\":\"ACN International\",\"description\":\"\",\"publisher\":{\"@id\":\"https:\\\/\\\/acninternational.org\\\/es\\\/#organization\"},\"potentialAction\":[{\"@type\":\"SearchAction\",\"target\":{\"@type\":\"EntryPoint\",\"urlTemplate\":\"https:\\\/\\\/acninternational.org\\\/es\\\/?s={search_term_string}\"},\"query-input\":{\"@type\":\"PropertyValueSpecification\",\"valueRequired\":true,\"valueName\":\"search_term_string\"}}],\"inLanguage\":\"es\"},{\"@type\":\"Organization\",\"@id\":\"https:\\\/\\\/acninternational.org\\\/es\\\/#organization\",\"name\":\"Aid to the Church in Need International\",\"url\":\"https:\\\/\\\/acninternational.org\\\/es\\\/\",\"logo\":{\"@type\":\"ImageObject\",\"inLanguage\":\"es\",\"@id\":\"https:\\\/\\\/acninternational.org\\\/es\\\/#\\\/schema\\\/logo\\\/image\\\/\",\"url\":\"https:\\\/\\\/media.acninternational.org\\\/wp-content\\\/uploads\\\/2019\\\/11\\\/acn_logo_blackvector.svg\",\"contentUrl\":\"https:\\\/\\\/media.acninternational.org\\\/wp-content\\\/uploads\\\/2019\\\/11\\\/acn_logo_blackvector.svg\",\"width\":232.6,\"height\":78,\"caption\":\"Aid to the Church in Need International\"},\"image\":{\"@id\":\"https:\\\/\\\/acninternational.org\\\/es\\\/#\\\/schema\\\/logo\\\/image\\\/\"},\"sameAs\":[\"https:\\\/\\\/www.facebook.com\\\/acninternationalorg\",\"https:\\\/\\\/x.com\\\/acn_int\",\"https:\\\/\\\/www.youtube.com\\\/channel\\\/UCQ-077gS0TnVzkhHmf1opZw\",\"https:\\\/\\\/www.instagram.com\\\/acn_international\\\/\"]},{\"@type\":\"Person\",\"@id\":\"https:\\\/\\\/acninternational.org\\\/es\\\/#\\\/schema\\\/person\\\/7f3dafb236b242fb2aa46be1411fd703\",\"name\":\"ACN Press Team\",\"description\":\"Lorem ipsum dolor sit amet, consectetur adipiscing elit, sed do eiusmod tempor incididunt ut labore et dolore magna aliqua. Ut enim ad minim veniam, quis nostrud exercitation ullamco laboris nisi ut aliquip ex ea commodo consequat.\",\"url\":\"https:\\\/\\\/acninternational.org\\\/es\\\/author\\\/acn-press-team\\\/\"}]}<\/script>\n<!-- \/ Yoast SEO Premium plugin. -->","yoast_head_json":{"title":"Brasil: Sembrando las semillas del Evangelio en el Amazonas | ACN International","robots":{"index":"index","follow":"follow","max-snippet":"max-snippet:-1","max-image-preview":"max-image-preview:large","max-video-preview":"max-video-preview:-1"},"canonical":"https:\/\/acninternational.org\/es\/brasil-sembrando-las-semillas-del-evangelio-en-el-amazonas\/","og_locale":"es_ES","og_type":"article","og_title":"Brasil: Sembrando las semillas del Evangelio en el Amazonas","og_description":"Con el apoyo de Aid to the Church in Need, los frailes capuchinos se dedican a evangelizar y ayudar a","og_url":"https:\/\/acninternational.org\/es\/brasil-sembrando-las-semillas-del-evangelio-en-el-amazonas\/","og_site_name":"ACN International","article_publisher":"https:\/\/www.facebook.com\/acninternationalorg","article_published_time":"2024-01-08T00:22:26+00:00","article_modified_time":"2024-04-11T10:07:34+00:00","og_image":[{"width":1920,"height":700,"url":"https:\/\/media.acninternational.org\/wp-content\/uploads\/2024\/01\/ACN-20230327-143252.jpg","type":"image\/jpeg"}],"author":"ACN Press Team","twitter_card":"summary_large_image","twitter_creator":"@acn_int","twitter_site":"@acn_int","twitter_misc":{"Escrito por":"ACN Press Team","Tiempo de lectura":"5 minutos"},"schema":{"@context":"https:\/\/schema.org","@graph":[{"@type":"Article","@id":"https:\/\/acninternational.org\/es\/brasil-sembrando-las-semillas-del-evangelio-en-el-amazonas\/#article","isPartOf":{"@id":"https:\/\/acninternational.org\/es\/brasil-sembrando-las-semillas-del-evangelio-en-el-amazonas\/"},"author":{"name":"ACN Press Team","@id":"https:\/\/acninternational.org\/es\/#\/schema\/person\/7f3dafb236b242fb2aa46be1411fd703"},"headline":"Brasil: Sembrando las semillas del Evangelio en el Amazonas","datePublished":"2024-01-08T00:22:26+00:00","dateModified":"2024-04-11T10:07:34+00:00","mainEntityOfPage":{"@id":"https:\/\/acninternational.org\/es\/brasil-sembrando-las-semillas-del-evangelio-en-el-amazonas\/"},"wordCount":928,"publisher":{"@id":"https:\/\/acninternational.org\/es\/#organization"},"image":{"@id":"https:\/\/acninternational.org\/es\/brasil-sembrando-las-semillas-del-evangelio-en-el-amazonas\/#primaryimage"},"thumbnailUrl":"https:\/\/media.acninternational.org\/wp-content\/uploads\/2024\/01\/ACN-20230327-143252.jpg","articleSection":["DESTACADO"],"inLanguage":"es"},{"@type":"WebPage","@id":"https:\/\/acninternational.org\/es\/brasil-sembrando-las-semillas-del-evangelio-en-el-amazonas\/","url":"https:\/\/acninternational.org\/es\/brasil-sembrando-las-semillas-del-evangelio-en-el-amazonas\/","name":"Brasil: Sembrando las semillas del Evangelio en el Amazonas | ACN International","isPartOf":{"@id":"https:\/\/acninternational.org\/es\/#website"},"primaryImageOfPage":{"@id":"https:\/\/acninternational.org\/es\/brasil-sembrando-las-semillas-del-evangelio-en-el-amazonas\/#primaryimage"},"image":{"@id":"https:\/\/acninternational.org\/es\/brasil-sembrando-las-semillas-del-evangelio-en-el-amazonas\/#primaryimage"},"thumbnailUrl":"https:\/\/media.acninternational.org\/wp-content\/uploads\/2024\/01\/ACN-20230327-143252.jpg","datePublished":"2024-01-08T00:22:26+00:00","dateModified":"2024-04-11T10:07:34+00:00","breadcrumb":{"@id":"https:\/\/acninternational.org\/es\/brasil-sembrando-las-semillas-del-evangelio-en-el-amazonas\/#breadcrumb"},"inLanguage":"es","potentialAction":[{"@type":"ReadAction","target":["https:\/\/acninternational.org\/es\/brasil-sembrando-las-semillas-del-evangelio-en-el-amazonas\/"]}]},{"@type":"ImageObject","inLanguage":"es","@id":"https:\/\/acninternational.org\/es\/brasil-sembrando-las-semillas-del-evangelio-en-el-amazonas\/#primaryimage","url":"https:\/\/media.acninternational.org\/wp-content\/uploads\/2024\/01\/ACN-20230327-143252.jpg","contentUrl":"https:\/\/media.acninternational.org\/wp-content\/uploads\/2024\/01\/ACN-20230327-143252.jpg","width":1920,"height":700},{"@type":"BreadcrumbList","@id":"https:\/\/acninternational.org\/es\/brasil-sembrando-las-semillas-del-evangelio-en-el-amazonas\/#breadcrumb","itemListElement":[{"@type":"ListItem","position":1,"name":"Home","item":"https:\/\/acninternational.org\/es\/"},{"@type":"ListItem","position":2,"name":"DESTACADO","item":"https:\/\/acninternational.org\/es\/category\/destacado\/"},{"@type":"ListItem","position":3,"name":"Brasil: Sembrando las semillas del Evangelio en el Amazonas"}]},{"@type":"WebSite","@id":"https:\/\/acninternational.org\/es\/#website","url":"https:\/\/acninternational.org\/es\/","name":"ACN International","description":"","publisher":{"@id":"https:\/\/acninternational.org\/es\/#organization"},"potentialAction":[{"@type":"SearchAction","target":{"@type":"EntryPoint","urlTemplate":"https:\/\/acninternational.org\/es\/?s={search_term_string}"},"query-input":{"@type":"PropertyValueSpecification","valueRequired":true,"valueName":"search_term_string"}}],"inLanguage":"es"},{"@type":"Organization","@id":"https:\/\/acninternational.org\/es\/#organization","name":"Aid to the Church in Need International","url":"https:\/\/acninternational.org\/es\/","logo":{"@type":"ImageObject","inLanguage":"es","@id":"https:\/\/acninternational.org\/es\/#\/schema\/logo\/image\/","url":"https:\/\/media.acninternational.org\/wp-content\/uploads\/2019\/11\/acn_logo_blackvector.svg","contentUrl":"https:\/\/media.acninternational.org\/wp-content\/uploads\/2019\/11\/acn_logo_blackvector.svg","width":232.6,"height":78,"caption":"Aid to the Church in Need International"},"image":{"@id":"https:\/\/acninternational.org\/es\/#\/schema\/logo\/image\/"},"sameAs":["https:\/\/www.facebook.com\/acninternationalorg","https:\/\/x.com\/acn_int","https:\/\/www.youtube.com\/channel\/UCQ-077gS0TnVzkhHmf1opZw","https:\/\/www.instagram.com\/acn_international\/"]},{"@type":"Person","@id":"https:\/\/acninternational.org\/es\/#\/schema\/person\/7f3dafb236b242fb2aa46be1411fd703","name":"ACN Press Team","description":"Lorem ipsum dolor sit amet, consectetur adipiscing elit, sed do eiusmod tempor incididunt ut labore et dolore magna aliqua. Ut enim ad minim veniam, quis nostrud exercitation ullamco laboris nisi ut aliquip ex ea commodo consequat.","url":"https:\/\/acninternational.org\/es\/author\/acn-press-team\/"}]}},"_links":{"self":[{"href":"https:\/\/acninternational.org\/es\/wp-json\/wp\/v2\/posts\/187833","targetHints":{"allow":["GET"]}}],"collection":[{"href":"https:\/\/acninternational.org\/es\/wp-json\/wp\/v2\/posts"}],"about":[{"href":"https:\/\/acninternational.org\/es\/wp-json\/wp\/v2\/types\/post"}],"author":[{"embeddable":true,"href":"https:\/\/acninternational.org\/es\/wp-json\/wp\/v2\/users\/4258341447"}],"replies":[{"embeddable":true,"href":"https:\/\/acninternational.org\/es\/wp-json\/wp\/v2\/comments?post=187833"}],"version-history":[{"count":0,"href":"https:\/\/acninternational.org\/es\/wp-json\/wp\/v2\/posts\/187833\/revisions"}],"wp:featuredmedia":[{"embeddable":true,"href":"https:\/\/acninternational.org\/es\/wp-json\/wp\/v2\/media\/187809"}],"wp:attachment":[{"href":"https:\/\/acninternational.org\/es\/wp-json\/wp\/v2\/media?parent=187833"}],"wp:term":[{"taxonomy":"category","embeddable":true,"href":"https:\/\/acninternational.org\/es\/wp-json\/wp\/v2\/categories?post=187833"},{"taxonomy":"post_tag","embeddable":true,"href":"https:\/\/acninternational.org\/es\/wp-json\/wp\/v2\/tags?post=187833"},{"taxonomy":"country","embeddable":true,"href":"https:\/\/acninternational.org\/es\/wp-json\/wp\/v2\/country?post=187833"}],"curies":[{"name":"wp","href":"https:\/\/api.w.org\/{rel}","templated":true}]}}