{"id":186784,"date":"2023-11-29T17:24:26","date_gmt":"2023-11-29T16:24:26","guid":{"rendered":"https:\/\/acninternational.org\/?p=186784"},"modified":"2023-11-29T17:33:02","modified_gmt":"2023-11-29T16:33:02","slug":"los-disturbios-de-jaranwala-marcaron-un-punto-de-inflexion-para-el-dialogo-interreligioso-en-pakistan","status":"publish","type":"post","link":"https:\/\/acninternational.org\/es\/los-disturbios-de-jaranwala-marcaron-un-punto-de-inflexion-para-el-dialogo-interreligioso-en-pakistan\/","title":{"rendered":"Los disturbios de Jaranwala marcaron un punto de inflexi\u00f3n para el di\u00e1logo interreligioso en Pakist\u00e1n"},"content":{"rendered":"<p><em>Hace una d\u00e9cada y media, el arzobispo Sebastian Shaw encontr\u00f3 mucho escepticismo y poco inter\u00e9s en el dialogo sobre persecuci\u00f3n cristiana por parte de los l\u00edderes musulmanes en Pakist\u00e1n. Tras a\u00f1os de esfuerzos para generar confianza, el prelado asegura que ahora son los propios l\u00edderes isl\u00e1micos quienes toman la iniciativa de hablar en favor de los cristianos perseguidos.<\/em><\/p>\n<p>El <a href=\"https:\/\/www.catholic-hierarchy.org\/bishop\/bshah.html\">arzobispo de Lahore, Mons. Sebastian Francis Shaw<\/a>, opina que la presi\u00f3n de los eruditos isl\u00e1micos es clave para animar al Gobierno a tomar medidas en\u00e9rgicas contra los extremistas que persiguen a los cristianos en Pakist\u00e1n.<\/p>\n<figure id=\"attachment_186765\" aria-describedby=\"caption-attachment-186765\" style=\"width: 670px\" class=\"wp-caption alignnone\"><img loading=\"lazy\" decoding=\"async\" class=\"wp-image-186765 size-full\" src=\"https:\/\/media.acninternational.org\/wp-content\/uploads\/2023\/11\/1-4.jpg\" alt=\"Pakist\u00e1n persecuci\u00f3n cristiana\" width=\"670\" height=\"400\" srcset=\"https:\/\/media.acninternational.org\/wp-content\/uploads\/2023\/11\/1-4.jpg 670w, https:\/\/media.acninternational.org\/wp-content\/uploads\/2023\/11\/1-4-300x179.jpg 300w\" sizes=\"auto, (max-width: 670px) 100vw, 670px\" \/><figcaption id=\"caption-attachment-186765\" class=\"wp-caption-text\">Arzobispo Sebastian Shaw<\/figcaption><\/figure>\n<p>En declaraciones a la fundaci\u00f3n pontificia Aid to the Church in Need (ACN), realizadas durante una reciente visita a la sede internacional en Alemania, el arzobispo describi\u00f3 los frutos del di\u00e1logo interreligioso en su pa\u00eds de origen, y c\u00f3mo un reciente incidente de persecuci\u00f3n contra cristianos parece haber marcado un punto de inflexi\u00f3n en las relaciones entre la Iglesia cat\u00f3lica y el islam.<\/p>\n<p>El pasado 16 de agosto, miles de cristianos se vieron obligados a huir de sus hogares cuando una turba musulmana se desat\u00f3 en Jaranwala, Faisalabad, arrasando con todo lo que se encontr\u00f3 en el camino. El detonante fueron los rumores de que dos hermanos cristianos hab\u00edan profanado el Cor\u00e1n. Decenas de iglesias fueron incendiadas y cientos de familias se quedaron sin hogar cuando sus casas fueron saqueadas e incendiadas. Afortunadamente nadie muri\u00f3, pero los cristianos tuvieron que dormir varias noches al raso, pues regresar era demasiado peligroso.<\/p>\n<figure id=\"attachment_186771\" aria-describedby=\"caption-attachment-186771\" style=\"width: 670px\" class=\"wp-caption alignnone\"><img loading=\"lazy\" decoding=\"async\" class=\"wp-image-186771 size-full\" src=\"https:\/\/media.acninternational.org\/wp-content\/uploads\/2023\/11\/2-1-2.jpg\" alt=\"Pakist\u00e1n persecuci\u00f3n cristiana\" width=\"670\" height=\"400\" srcset=\"https:\/\/media.acninternational.org\/wp-content\/uploads\/2023\/11\/2-1-2.jpg 670w, https:\/\/media.acninternational.org\/wp-content\/uploads\/2023\/11\/2-1-2-300x179.jpg 300w\" sizes=\"auto, (max-width: 670px) 100vw, 670px\" \/><figcaption id=\"caption-attachment-186771\" class=\"wp-caption-text\">Cofinanciaci\u00f3n de la formaci\u00f3n en la fe &amp; atenci\u00f3n pastoral a la comunidad cristiana a trav\u00e9s del di\u00e1logo cristiano-musulm\u00e1n en el Centro para la Paz.<\/figcaption><\/figure>\n<p>\u201cAl d\u00eda siguiente celebramos una rueda de prensa en Lahore junto con seis o siete l\u00edderes isl\u00e1micos o ulemas, todos ellos miembros de nuestro grupo de di\u00e1logo. Le mostr\u00e9 a uno de ellos im\u00e1genes de los ni\u00f1os durmiendo a la intemperie y le pregunt\u00e9: \u2018Nosotros somos s\u00f3lo el 2% de la poblaci\u00f3n y vosotros el 97%. \u00bfPor qu\u00e9 tu gente nos hace esto?\u2019. El ulema, muy afectado, se emocion\u00f3 mucho y volviendose hacia m\u00ed me dijo: \u2018Se\u00f1or obispo, le pido perd\u00f3n en nombre de todo nuestro pueblo\u2019\u201d.<\/p>\n<h4><strong>Voces musulmanas contra el islam radical<\/strong><\/h4>\n<p>Mons. Shaw subraya que la creaci\u00f3n de <a href=\"https:\/\/acninternational.org\/activity\/asia-oceania\/church-in-pakistan-2021\/\">Pakist\u00e1n<\/a> se concibi\u00f3 como un proyecto de libertad religiosa, donde los no hind\u00faes pudieran escapar del estricto sistema de castas que a\u00fan imperaba en la India. Los cristianos de la regi\u00f3n a la que pertenece Jaranwala contribuyeron decisivamente a que el Punjab occidental se uniera al pa\u00eds reci\u00e9n formado. Sin embargo, el auge del islamismo radical es un problema desde hace d\u00e9cadas y el Gobierno carece a menudo de voluntad para luchar contra los extremistas, por temor a provocar con ello disturbios en todo el pa\u00eds. \u201cPakist\u00e1n est\u00e1 tolerando todos los males, pero el problema es que luego ese mal se hace tan grande que es dif\u00edcil de controlar. Muchas personas fueron detenidas tras los disturbios, en su mayor\u00eda miembros del partido extremista TLP. Sin embargo, al Gobierno le resulta dif\u00edcil castigarlos por las repercusiones que ello podr\u00eda tener en otras ciudades. Tradicionalmente, lo que hacen es forzar la reconciliaci\u00f3n entre los cristianos y los agresores, para que les perdonemos, y puede que eso sea lo que propongan tambi\u00e9n en este caso\u201d.<\/p>\n<figure id=\"attachment_186753\" aria-describedby=\"caption-attachment-186753\" style=\"width: 670px\" class=\"wp-caption alignnone\"><img loading=\"lazy\" decoding=\"async\" class=\"wp-image-186753 size-full\" src=\"https:\/\/media.acninternational.org\/wp-content\/uploads\/2023\/11\/3-2-1.jpg\" alt=\"Pakist\u00e1n persecuci\u00f3n cristiana\" width=\"670\" height=\"400\" srcset=\"https:\/\/media.acninternational.org\/wp-content\/uploads\/2023\/11\/3-2-1.jpg 670w, https:\/\/media.acninternational.org\/wp-content\/uploads\/2023\/11\/3-2-1-300x179.jpg 300w\" sizes=\"auto, (max-width: 670px) 100vw, 670px\" \/><figcaption id=\"caption-attachment-186753\" class=\"wp-caption-text\">Cofinanciaci\u00f3n de la formaci\u00f3n en la fe &amp; atenci\u00f3n pastoral a la comunidad cristiana a trav\u00e9s del di\u00e1logo cristiano-musulm\u00e1n en el Centro para la Paz.<\/figcaption><\/figure>\n<p>No obstante, el arzobispo Shaw cree que las cosas est\u00e1n cambiando. \u201cLas voces de los eruditos musulmanes han cobrado mucha importancia, sobre todo all\u00ed donde al Gobierno y a las Fuerzas Armadas les resulta m\u00e1s dif\u00edcil intervenir. Uno de los frutos de nuestro di\u00e1logo es que, por primera vez, muchos <em>ulemas<\/em> nos han apoyado y siguen apoy\u00e1ndonos. As\u00ed, por ejemplo, cuando me reun\u00ed en Jaranwala con el l\u00edder nacional del influyente grupo musulm\u00e1n Jamaat-e-Islami, este me dijo que lamentaba mucho lo ocurrido y prometi\u00f3 que apoyar\u00edan a los ni\u00f1os que perdieron sus libros de texto cuando incendiaron sus casas. Hace dos semanas donaron libros a 200 ni\u00f1os- Esto es fruto de nuestro di\u00e1logo,\u00a0 y por esa raz\u00f3n tenemos que seguir promovi\u00e9ndolo a\u00fan m\u00e1s\u201d.<\/p>\n<p>Este arzobispo lleva muchos a\u00f1os muy involucrado en el di\u00e1logo interreligioso. Fue presidente de la Comisi\u00f3n para el Di\u00e1logo Interreligioso de la Conferencia Episcopal Pakistan\u00ed,\u00a0 ahora que ha sido reemplazado sigue trabajando con decenas de interlocutores isl\u00e1micos de su propia archidi\u00f3cesis, adem\u00e1s de formar parte del Dicasterio para el Di\u00e1logo Interreligioso del Vaticano.<\/p>\n<h4><strong>Derribar barreras<\/strong><\/h4>\n<p>Al principio, indica, a los musulmanes les costaba entender el concepto de di\u00e1logo interreligioso. \u201cEn un primer momento, muchos musulmanes rechazaban el di\u00e1logo, alegando que el islam es muy claro: o eres musulm\u00e1n o no eres musulm\u00e1n, y no hay m\u00e1s que decir. Sin embargo, tras varios a\u00f1os de esfuerzos, ahora algunos comprenden lo que estamos haciendo y lo que podemos conseguir juntos. Por ejemplo, hemos estudiado juntos el documento del Papa sobre el desarrollo sostenible, <em>Laudato si<\/em>, y ahora, cuando ven incidentes como los ocurridos en Jaranwala, muchos musulmanes se dan cuenta de que esa no puede ser la imagen de Pakist\u00e1n\u201d.<\/p>\n<figure id=\"attachment_186759\" aria-describedby=\"caption-attachment-186759\" style=\"width: 670px\" class=\"wp-caption alignnone\"><img loading=\"lazy\" decoding=\"async\" class=\"wp-image-186759 size-full\" src=\"https:\/\/media.acninternational.org\/wp-content\/uploads\/2023\/11\/4-2.jpg\" alt=\"Pakist\u00e1n persecuci\u00f3n cristiana\" width=\"670\" height=\"400\" srcset=\"https:\/\/media.acninternational.org\/wp-content\/uploads\/2023\/11\/4-2.jpg 670w, https:\/\/media.acninternational.org\/wp-content\/uploads\/2023\/11\/4-2-300x179.jpg 300w\" sizes=\"auto, (max-width: 670px) 100vw, 670px\" \/><figcaption id=\"caption-attachment-186759\" class=\"wp-caption-text\">Iglesia y casas cristianas destruidas tras el ataque de los extremistas<\/figcaption><\/figure>\n<p>El arzobispo espera que las voces de los destacados l\u00edderes musulmanes que denuncian la persecuci\u00f3n de las minor\u00edas en Pakist\u00e1n puedan dar al Gobierno el aliento necesario para proteger a los cristianos y dem\u00e1s grupos religiosos y\u00a0 castigar a los agresores. Y lo que es m\u00e1s importante, Mons. Shaw afirma que los propios <em>ulemas<\/em> est\u00e1n tomando por fin la iniciativa: \u201cPrecisamente la semana pasada celebramos una reuni\u00f3n en la sede episcopal, en la que dos ulemas -uno de ellos el gran im\u00e1n de Lahore- acordaron organizar una conferencia interreligiosa de alcance nacional en Islamabad, la capital del pa\u00eds. Por esta v\u00eda tambi\u00e9n est\u00e1n influyendo en el Gobierno para que trabaje m\u00e1s en aras del di\u00e1logo y de una sociedad mejor en Pakist\u00e1n\u201d, opina.<\/p>\n<p><em>ACN apoya el di\u00e1logo interreligioso en Pakist\u00e1n desde muchos a\u00f1os, incluyendo la cofinanciaci\u00f3n del di\u00e1logo cristiano-musulm\u00e1n en el \u00abCentro de Paz\u00bb en Lahore y otras actividades para j\u00f3venes con el fin de promover la educaci\u00f3n para la paz, la solidaridad y el di\u00e1logo. En 2023, ACN apoy\u00f3 el Torneo de f\u00fatbol Don Bosco en Khuspur, cuyo objetivo es promover una atm\u00f3sfera de di\u00e1logo, respeto mutuo y comprensi\u00f3n entre los j\u00f3venes de Pakist\u00e1n de diferentes comunidades religiosas; as\u00ed como la participaci\u00f3n de los j\u00f3venes en el Consejo Interreligioso para la Paz y la Armon\u00eda en Islamabad.<\/em><\/p>\n","protected":false},"excerpt":{"rendered":"<p>Tras a\u00f1os de esfuerzo, los propios l\u00edderes isl\u00e1micos toman la iniciativa de hablar en favor de los cristianos perseguidos en Pakist\u00e1n.<\/p>\n","protected":false},"author":4258341447,"featured_media":186782,"comment_status":"closed","ping_status":"closed","sticky":false,"template":"","format":"standard","meta":{"_acf_changed":false,"_acn_coauthor_ids":[],"_acn_featured_article":false,"footnotes":""},"categories":[745],"tags":[],"country":[407],"class_list":["post-186784","post","type-post","status-publish","format-standard","has-post-thumbnail","hentry","category-entrevistas","country-pakistan-es"],"acn_coauthors":[],"acf":[],"yoast_head":"<!-- This site is optimized with the Yoast SEO Premium plugin v27.5 (Yoast SEO v27.5) - https:\/\/yoast.com\/product\/yoast-seo-premium-wordpress\/ -->\n<title>Pakist\u00e1n: persecuci\u00f3n cristiana y di\u00e1logo interreligioso | ACN International<\/title>\n<meta name=\"description\" content=\"Tras a\u00f1os de esfuerzo, los propios l\u00edderes isl\u00e1micos toman la iniciativa de hablar sobre la persecuci\u00f3n cristiana en Pakist\u00e1n.\" \/>\n<meta name=\"robots\" content=\"index, follow, max-snippet:-1, max-image-preview:large, max-video-preview:-1\" \/>\n<link rel=\"canonical\" href=\"https:\/\/acninternational.org\/es\/los-disturbios-de-jaranwala-marcaron-un-punto-de-inflexion-para-el-dialogo-interreligioso-en-pakistan\/\" \/>\n<meta property=\"og:locale\" content=\"es_ES\" \/>\n<meta property=\"og:type\" content=\"article\" \/>\n<meta property=\"og:title\" content=\"Los disturbios de Jaranwala marcaron un punto de inflexi\u00f3n para el di\u00e1logo interreligioso en Pakist\u00e1n\" \/>\n<meta property=\"og:description\" content=\"Tras a\u00f1os de esfuerzo, los propios l\u00edderes isl\u00e1micos toman la iniciativa de hablar sobre la persecuci\u00f3n cristiana en Pakist\u00e1n.\" \/>\n<meta property=\"og:url\" content=\"https:\/\/acninternational.org\/es\/los-disturbios-de-jaranwala-marcaron-un-punto-de-inflexion-para-el-dialogo-interreligioso-en-pakistan\/\" \/>\n<meta property=\"og:site_name\" content=\"ACN International\" \/>\n<meta property=\"article:publisher\" content=\"https:\/\/www.facebook.com\/acninternationalorg\" \/>\n<meta property=\"article:published_time\" content=\"2023-11-29T16:24:26+00:00\" \/>\n<meta property=\"article:modified_time\" content=\"2023-11-29T16:33:02+00:00\" \/>\n<meta property=\"og:image\" content=\"https:\/\/media.acninternational.org\/wp-content\/uploads\/2023\/11\/heading_web-11.jpg\" \/>\n\t<meta property=\"og:image:width\" content=\"2000\" \/>\n\t<meta property=\"og:image:height\" content=\"625\" \/>\n\t<meta property=\"og:image:type\" content=\"image\/jpeg\" \/>\n<meta name=\"author\" content=\"ACN Press Team\" \/>\n<meta name=\"twitter:card\" content=\"summary_large_image\" \/>\n<meta name=\"twitter:creator\" content=\"@acn_int\" \/>\n<meta name=\"twitter:site\" content=\"@acn_int\" \/>\n<meta name=\"twitter:label1\" content=\"Escrito por\" \/>\n\t<meta name=\"twitter:data1\" content=\"ACN Press Team\" \/>\n\t<meta name=\"twitter:label2\" content=\"Tiempo de lectura\" \/>\n\t<meta name=\"twitter:data2\" content=\"6 minutos\" \/>\n<script type=\"application\/ld+json\" class=\"yoast-schema-graph\">{\"@context\":\"https:\\\/\\\/schema.org\",\"@graph\":[{\"@type\":\"Article\",\"@id\":\"https:\\\/\\\/acninternational.org\\\/es\\\/los-disturbios-de-jaranwala-marcaron-un-punto-de-inflexion-para-el-dialogo-interreligioso-en-pakistan\\\/#article\",\"isPartOf\":{\"@id\":\"https:\\\/\\\/acninternational.org\\\/es\\\/los-disturbios-de-jaranwala-marcaron-un-punto-de-inflexion-para-el-dialogo-interreligioso-en-pakistan\\\/\"},\"author\":{\"name\":\"ACN Press Team\",\"@id\":\"https:\\\/\\\/acninternational.org\\\/es\\\/#\\\/schema\\\/person\\\/7f3dafb236b242fb2aa46be1411fd703\"},\"headline\":\"Los disturbios de Jaranwala marcaron un punto de inflexi\u00f3n para el di\u00e1logo interreligioso en Pakist\u00e1n\",\"datePublished\":\"2023-11-29T16:24:26+00:00\",\"dateModified\":\"2023-11-29T16:33:02+00:00\",\"mainEntityOfPage\":{\"@id\":\"https:\\\/\\\/acninternational.org\\\/es\\\/los-disturbios-de-jaranwala-marcaron-un-punto-de-inflexion-para-el-dialogo-interreligioso-en-pakistan\\\/\"},\"wordCount\":1243,\"publisher\":{\"@id\":\"https:\\\/\\\/acninternational.org\\\/es\\\/#organization\"},\"image\":{\"@id\":\"https:\\\/\\\/acninternational.org\\\/es\\\/los-disturbios-de-jaranwala-marcaron-un-punto-de-inflexion-para-el-dialogo-interreligioso-en-pakistan\\\/#primaryimage\"},\"thumbnailUrl\":\"https:\\\/\\\/media.acninternational.org\\\/wp-content\\\/uploads\\\/2023\\\/11\\\/heading_web-11.jpg\",\"articleSection\":[\"ENTREVISTAS\"],\"inLanguage\":\"es\"},{\"@type\":\"WebPage\",\"@id\":\"https:\\\/\\\/acninternational.org\\\/es\\\/los-disturbios-de-jaranwala-marcaron-un-punto-de-inflexion-para-el-dialogo-interreligioso-en-pakistan\\\/\",\"url\":\"https:\\\/\\\/acninternational.org\\\/es\\\/los-disturbios-de-jaranwala-marcaron-un-punto-de-inflexion-para-el-dialogo-interreligioso-en-pakistan\\\/\",\"name\":\"Pakist\u00e1n: persecuci\u00f3n cristiana y di\u00e1logo interreligioso | ACN International\",\"isPartOf\":{\"@id\":\"https:\\\/\\\/acninternational.org\\\/es\\\/#website\"},\"primaryImageOfPage\":{\"@id\":\"https:\\\/\\\/acninternational.org\\\/es\\\/los-disturbios-de-jaranwala-marcaron-un-punto-de-inflexion-para-el-dialogo-interreligioso-en-pakistan\\\/#primaryimage\"},\"image\":{\"@id\":\"https:\\\/\\\/acninternational.org\\\/es\\\/los-disturbios-de-jaranwala-marcaron-un-punto-de-inflexion-para-el-dialogo-interreligioso-en-pakistan\\\/#primaryimage\"},\"thumbnailUrl\":\"https:\\\/\\\/media.acninternational.org\\\/wp-content\\\/uploads\\\/2023\\\/11\\\/heading_web-11.jpg\",\"datePublished\":\"2023-11-29T16:24:26+00:00\",\"dateModified\":\"2023-11-29T16:33:02+00:00\",\"description\":\"Tras a\u00f1os de esfuerzo, los propios l\u00edderes isl\u00e1micos toman la iniciativa de hablar sobre la persecuci\u00f3n cristiana en Pakist\u00e1n.\",\"breadcrumb\":{\"@id\":\"https:\\\/\\\/acninternational.org\\\/es\\\/los-disturbios-de-jaranwala-marcaron-un-punto-de-inflexion-para-el-dialogo-interreligioso-en-pakistan\\\/#breadcrumb\"},\"inLanguage\":\"es\",\"potentialAction\":[{\"@type\":\"ReadAction\",\"target\":[\"https:\\\/\\\/acninternational.org\\\/es\\\/los-disturbios-de-jaranwala-marcaron-un-punto-de-inflexion-para-el-dialogo-interreligioso-en-pakistan\\\/\"]}]},{\"@type\":\"ImageObject\",\"inLanguage\":\"es\",\"@id\":\"https:\\\/\\\/acninternational.org\\\/es\\\/los-disturbios-de-jaranwala-marcaron-un-punto-de-inflexion-para-el-dialogo-interreligioso-en-pakistan\\\/#primaryimage\",\"url\":\"https:\\\/\\\/media.acninternational.org\\\/wp-content\\\/uploads\\\/2023\\\/11\\\/heading_web-11.jpg\",\"contentUrl\":\"https:\\\/\\\/media.acninternational.org\\\/wp-content\\\/uploads\\\/2023\\\/11\\\/heading_web-11.jpg\",\"width\":2000,\"height\":625,\"caption\":\"Pakist\u00e1n persecuci\u00f3n cristiana\"},{\"@type\":\"BreadcrumbList\",\"@id\":\"https:\\\/\\\/acninternational.org\\\/es\\\/los-disturbios-de-jaranwala-marcaron-un-punto-de-inflexion-para-el-dialogo-interreligioso-en-pakistan\\\/#breadcrumb\",\"itemListElement\":[{\"@type\":\"ListItem\",\"position\":1,\"name\":\"Home\",\"item\":\"https:\\\/\\\/acninternational.org\\\/es\\\/\"},{\"@type\":\"ListItem\",\"position\":2,\"name\":\"INTERVIEWS\",\"item\":\"https:\\\/\\\/acninternational.org\\\/es\\\/category\\\/interviews-es\\\/\"},{\"@type\":\"ListItem\",\"position\":3,\"name\":\"Los disturbios de Jaranwala marcaron un punto de inflexi\u00f3n para el di\u00e1logo interreligioso en Pakist\u00e1n\"}]},{\"@type\":\"WebSite\",\"@id\":\"https:\\\/\\\/acninternational.org\\\/es\\\/#website\",\"url\":\"https:\\\/\\\/acninternational.org\\\/es\\\/\",\"name\":\"ACN International\",\"description\":\"\",\"publisher\":{\"@id\":\"https:\\\/\\\/acninternational.org\\\/es\\\/#organization\"},\"potentialAction\":[{\"@type\":\"SearchAction\",\"target\":{\"@type\":\"EntryPoint\",\"urlTemplate\":\"https:\\\/\\\/acninternational.org\\\/es\\\/?s={search_term_string}\"},\"query-input\":{\"@type\":\"PropertyValueSpecification\",\"valueRequired\":true,\"valueName\":\"search_term_string\"}}],\"inLanguage\":\"es\"},{\"@type\":\"Organization\",\"@id\":\"https:\\\/\\\/acninternational.org\\\/es\\\/#organization\",\"name\":\"Aid to the Church in Need International\",\"url\":\"https:\\\/\\\/acninternational.org\\\/es\\\/\",\"logo\":{\"@type\":\"ImageObject\",\"inLanguage\":\"es\",\"@id\":\"https:\\\/\\\/acninternational.org\\\/es\\\/#\\\/schema\\\/logo\\\/image\\\/\",\"url\":\"https:\\\/\\\/media.acninternational.org\\\/wp-content\\\/uploads\\\/2019\\\/11\\\/acn_logo_blackvector.svg\",\"contentUrl\":\"https:\\\/\\\/media.acninternational.org\\\/wp-content\\\/uploads\\\/2019\\\/11\\\/acn_logo_blackvector.svg\",\"width\":232.6,\"height\":78,\"caption\":\"Aid to the Church in Need International\"},\"image\":{\"@id\":\"https:\\\/\\\/acninternational.org\\\/es\\\/#\\\/schema\\\/logo\\\/image\\\/\"},\"sameAs\":[\"https:\\\/\\\/www.facebook.com\\\/acninternationalorg\",\"https:\\\/\\\/x.com\\\/acn_int\",\"https:\\\/\\\/www.youtube.com\\\/channel\\\/UCQ-077gS0TnVzkhHmf1opZw\",\"https:\\\/\\\/www.instagram.com\\\/acn_international\\\/\"]},{\"@type\":\"Person\",\"@id\":\"https:\\\/\\\/acninternational.org\\\/es\\\/#\\\/schema\\\/person\\\/7f3dafb236b242fb2aa46be1411fd703\",\"name\":\"ACN Press Team\",\"description\":\"Lorem ipsum dolor sit amet, consectetur adipiscing elit, sed do eiusmod tempor incididunt ut labore et dolore magna aliqua. Ut enim ad minim veniam, quis nostrud exercitation ullamco laboris nisi ut aliquip ex ea commodo consequat.\",\"url\":\"https:\\\/\\\/acninternational.org\\\/es\\\/author\\\/acn-press-team\\\/\"}]}<\/script>\n<!-- \/ Yoast SEO Premium plugin. -->","yoast_head_json":{"title":"Pakist\u00e1n: persecuci\u00f3n cristiana y di\u00e1logo interreligioso | ACN International","description":"Tras a\u00f1os de esfuerzo, los propios l\u00edderes isl\u00e1micos toman la iniciativa de hablar sobre la persecuci\u00f3n cristiana en Pakist\u00e1n.","robots":{"index":"index","follow":"follow","max-snippet":"max-snippet:-1","max-image-preview":"max-image-preview:large","max-video-preview":"max-video-preview:-1"},"canonical":"https:\/\/acninternational.org\/es\/los-disturbios-de-jaranwala-marcaron-un-punto-de-inflexion-para-el-dialogo-interreligioso-en-pakistan\/","og_locale":"es_ES","og_type":"article","og_title":"Los disturbios de Jaranwala marcaron un punto de inflexi\u00f3n para el di\u00e1logo interreligioso en Pakist\u00e1n","og_description":"Tras a\u00f1os de esfuerzo, los propios l\u00edderes isl\u00e1micos toman la iniciativa de hablar sobre la persecuci\u00f3n cristiana en Pakist\u00e1n.","og_url":"https:\/\/acninternational.org\/es\/los-disturbios-de-jaranwala-marcaron-un-punto-de-inflexion-para-el-dialogo-interreligioso-en-pakistan\/","og_site_name":"ACN International","article_publisher":"https:\/\/www.facebook.com\/acninternationalorg","article_published_time":"2023-11-29T16:24:26+00:00","article_modified_time":"2023-11-29T16:33:02+00:00","og_image":[{"width":2000,"height":625,"url":"https:\/\/media.acninternational.org\/wp-content\/uploads\/2023\/11\/heading_web-11.jpg","type":"image\/jpeg"}],"author":"ACN Press Team","twitter_card":"summary_large_image","twitter_creator":"@acn_int","twitter_site":"@acn_int","twitter_misc":{"Escrito por":"ACN Press Team","Tiempo de lectura":"6 minutos"},"schema":{"@context":"https:\/\/schema.org","@graph":[{"@type":"Article","@id":"https:\/\/acninternational.org\/es\/los-disturbios-de-jaranwala-marcaron-un-punto-de-inflexion-para-el-dialogo-interreligioso-en-pakistan\/#article","isPartOf":{"@id":"https:\/\/acninternational.org\/es\/los-disturbios-de-jaranwala-marcaron-un-punto-de-inflexion-para-el-dialogo-interreligioso-en-pakistan\/"},"author":{"name":"ACN Press Team","@id":"https:\/\/acninternational.org\/es\/#\/schema\/person\/7f3dafb236b242fb2aa46be1411fd703"},"headline":"Los disturbios de Jaranwala marcaron un punto de inflexi\u00f3n para el di\u00e1logo interreligioso en Pakist\u00e1n","datePublished":"2023-11-29T16:24:26+00:00","dateModified":"2023-11-29T16:33:02+00:00","mainEntityOfPage":{"@id":"https:\/\/acninternational.org\/es\/los-disturbios-de-jaranwala-marcaron-un-punto-de-inflexion-para-el-dialogo-interreligioso-en-pakistan\/"},"wordCount":1243,"publisher":{"@id":"https:\/\/acninternational.org\/es\/#organization"},"image":{"@id":"https:\/\/acninternational.org\/es\/los-disturbios-de-jaranwala-marcaron-un-punto-de-inflexion-para-el-dialogo-interreligioso-en-pakistan\/#primaryimage"},"thumbnailUrl":"https:\/\/media.acninternational.org\/wp-content\/uploads\/2023\/11\/heading_web-11.jpg","articleSection":["ENTREVISTAS"],"inLanguage":"es"},{"@type":"WebPage","@id":"https:\/\/acninternational.org\/es\/los-disturbios-de-jaranwala-marcaron-un-punto-de-inflexion-para-el-dialogo-interreligioso-en-pakistan\/","url":"https:\/\/acninternational.org\/es\/los-disturbios-de-jaranwala-marcaron-un-punto-de-inflexion-para-el-dialogo-interreligioso-en-pakistan\/","name":"Pakist\u00e1n: persecuci\u00f3n cristiana y di\u00e1logo interreligioso | ACN International","isPartOf":{"@id":"https:\/\/acninternational.org\/es\/#website"},"primaryImageOfPage":{"@id":"https:\/\/acninternational.org\/es\/los-disturbios-de-jaranwala-marcaron-un-punto-de-inflexion-para-el-dialogo-interreligioso-en-pakistan\/#primaryimage"},"image":{"@id":"https:\/\/acninternational.org\/es\/los-disturbios-de-jaranwala-marcaron-un-punto-de-inflexion-para-el-dialogo-interreligioso-en-pakistan\/#primaryimage"},"thumbnailUrl":"https:\/\/media.acninternational.org\/wp-content\/uploads\/2023\/11\/heading_web-11.jpg","datePublished":"2023-11-29T16:24:26+00:00","dateModified":"2023-11-29T16:33:02+00:00","description":"Tras a\u00f1os de esfuerzo, los propios l\u00edderes isl\u00e1micos toman la iniciativa de hablar sobre la persecuci\u00f3n cristiana en Pakist\u00e1n.","breadcrumb":{"@id":"https:\/\/acninternational.org\/es\/los-disturbios-de-jaranwala-marcaron-un-punto-de-inflexion-para-el-dialogo-interreligioso-en-pakistan\/#breadcrumb"},"inLanguage":"es","potentialAction":[{"@type":"ReadAction","target":["https:\/\/acninternational.org\/es\/los-disturbios-de-jaranwala-marcaron-un-punto-de-inflexion-para-el-dialogo-interreligioso-en-pakistan\/"]}]},{"@type":"ImageObject","inLanguage":"es","@id":"https:\/\/acninternational.org\/es\/los-disturbios-de-jaranwala-marcaron-un-punto-de-inflexion-para-el-dialogo-interreligioso-en-pakistan\/#primaryimage","url":"https:\/\/media.acninternational.org\/wp-content\/uploads\/2023\/11\/heading_web-11.jpg","contentUrl":"https:\/\/media.acninternational.org\/wp-content\/uploads\/2023\/11\/heading_web-11.jpg","width":2000,"height":625,"caption":"Pakist\u00e1n persecuci\u00f3n cristiana"},{"@type":"BreadcrumbList","@id":"https:\/\/acninternational.org\/es\/los-disturbios-de-jaranwala-marcaron-un-punto-de-inflexion-para-el-dialogo-interreligioso-en-pakistan\/#breadcrumb","itemListElement":[{"@type":"ListItem","position":1,"name":"Home","item":"https:\/\/acninternational.org\/es\/"},{"@type":"ListItem","position":2,"name":"INTERVIEWS","item":"https:\/\/acninternational.org\/es\/category\/interviews-es\/"},{"@type":"ListItem","position":3,"name":"Los disturbios de Jaranwala marcaron un punto de inflexi\u00f3n para el di\u00e1logo interreligioso en Pakist\u00e1n"}]},{"@type":"WebSite","@id":"https:\/\/acninternational.org\/es\/#website","url":"https:\/\/acninternational.org\/es\/","name":"ACN International","description":"","publisher":{"@id":"https:\/\/acninternational.org\/es\/#organization"},"potentialAction":[{"@type":"SearchAction","target":{"@type":"EntryPoint","urlTemplate":"https:\/\/acninternational.org\/es\/?s={search_term_string}"},"query-input":{"@type":"PropertyValueSpecification","valueRequired":true,"valueName":"search_term_string"}}],"inLanguage":"es"},{"@type":"Organization","@id":"https:\/\/acninternational.org\/es\/#organization","name":"Aid to the Church in Need International","url":"https:\/\/acninternational.org\/es\/","logo":{"@type":"ImageObject","inLanguage":"es","@id":"https:\/\/acninternational.org\/es\/#\/schema\/logo\/image\/","url":"https:\/\/media.acninternational.org\/wp-content\/uploads\/2019\/11\/acn_logo_blackvector.svg","contentUrl":"https:\/\/media.acninternational.org\/wp-content\/uploads\/2019\/11\/acn_logo_blackvector.svg","width":232.6,"height":78,"caption":"Aid to the Church in Need International"},"image":{"@id":"https:\/\/acninternational.org\/es\/#\/schema\/logo\/image\/"},"sameAs":["https:\/\/www.facebook.com\/acninternationalorg","https:\/\/x.com\/acn_int","https:\/\/www.youtube.com\/channel\/UCQ-077gS0TnVzkhHmf1opZw","https:\/\/www.instagram.com\/acn_international\/"]},{"@type":"Person","@id":"https:\/\/acninternational.org\/es\/#\/schema\/person\/7f3dafb236b242fb2aa46be1411fd703","name":"ACN Press Team","description":"Lorem ipsum dolor sit amet, consectetur adipiscing elit, sed do eiusmod tempor incididunt ut labore et dolore magna aliqua. Ut enim ad minim veniam, quis nostrud exercitation ullamco laboris nisi ut aliquip ex ea commodo consequat.","url":"https:\/\/acninternational.org\/es\/author\/acn-press-team\/"}]}},"_links":{"self":[{"href":"https:\/\/acninternational.org\/es\/wp-json\/wp\/v2\/posts\/186784","targetHints":{"allow":["GET"]}}],"collection":[{"href":"https:\/\/acninternational.org\/es\/wp-json\/wp\/v2\/posts"}],"about":[{"href":"https:\/\/acninternational.org\/es\/wp-json\/wp\/v2\/types\/post"}],"author":[{"embeddable":true,"href":"https:\/\/acninternational.org\/es\/wp-json\/wp\/v2\/users\/4258341447"}],"replies":[{"embeddable":true,"href":"https:\/\/acninternational.org\/es\/wp-json\/wp\/v2\/comments?post=186784"}],"version-history":[{"count":0,"href":"https:\/\/acninternational.org\/es\/wp-json\/wp\/v2\/posts\/186784\/revisions"}],"wp:featuredmedia":[{"embeddable":true,"href":"https:\/\/acninternational.org\/es\/wp-json\/wp\/v2\/media\/186782"}],"wp:attachment":[{"href":"https:\/\/acninternational.org\/es\/wp-json\/wp\/v2\/media?parent=186784"}],"wp:term":[{"taxonomy":"category","embeddable":true,"href":"https:\/\/acninternational.org\/es\/wp-json\/wp\/v2\/categories?post=186784"},{"taxonomy":"post_tag","embeddable":true,"href":"https:\/\/acninternational.org\/es\/wp-json\/wp\/v2\/tags?post=186784"},{"taxonomy":"country","embeddable":true,"href":"https:\/\/acninternational.org\/es\/wp-json\/wp\/v2\/country?post=186784"}],"curies":[{"name":"wp","href":"https:\/\/api.w.org\/{rel}","templated":true}]}}