{"id":186540,"date":"2023-11-20T11:46:11","date_gmt":"2023-11-20T10:46:11","guid":{"rendered":"https:\/\/acninternational.org\/?p=186540"},"modified":"2024-08-09T10:17:01","modified_gmt":"2024-08-09T08:17:01","slug":"cardenal-de-la-republica-centroafricana-si-los-hombres-os-han-olvidado-dios-no-os-ha-olvidado","status":"publish","type":"post","link":"https:\/\/acninternational.org\/es\/cardenal-de-la-republica-centroafricana-si-los-hombres-os-han-olvidado-dios-no-os-ha-olvidado\/","title":{"rendered":"Cardenal de la Rep\u00fablica Centroafricana:\u00bbSi los hombres os han olvidado, \u00a1Dios no os ha olvidado!\u00bb"},"content":{"rendered":"<p><em><a href=\"https:\/\/press.vatican.va\/content\/salastampa\/en\/documentation\/cardinali_biografie\/cardinali_bio_nzapalainga_d.html\">El cardenal Dieudonn\u00e9 Nzapalainga<\/a> recorre su pa\u00eds, la Rep\u00fablica Centroafricana, marcado por la guerra civil, donde parte de la juventud tiene dificultades para abandonar las armas y retomar el camino de la escuela y la educaci\u00f3n. Viajando hasta las \u00abperiferias\u00bb tan apreciadas por el Papa Francisco, el cardenal toma el pulso de una poblaci\u00f3n abandonada. Durante su visita a la sede internacional de la fundaci\u00f3n Aid to the Church in Need (ACN), habla sobre la situaci\u00f3n de su pa\u00eds y la necesidad de educar a los j\u00f3venes.<\/em><\/p>\n<h4><strong>\u00bfCree que la Rep\u00fablica Centroafricana ha superado los terribles a\u00f1os de la guerra civil?<\/strong><\/h4>\n<p>El gobierno actual ya no est\u00e1 amenazado, el temor a un golpe de estado que exist\u00eda en 2020 ya no es un tema relevante. Pero nuestra sociedad est\u00e1 llena de heridas terribles y necesita reconstrucci\u00f3n.<\/p>\n<h4><strong>\u00bfC\u00f3mo consigue usted conocer de cerca la situaci\u00f3n de <\/strong><strong>la Rep\u00fablica Centroafricana<\/strong><strong>?<\/strong><\/h4>\n<p>Viajo por el pa\u00eds hasta lugares donde no se ve a ning\u00fan funcionario. Las v\u00edas de comunicaci\u00f3n eran malas antes de la guerra civil, ahora son impracticables. Hay grupos de bandidos en las carreterasque dificultan mucho el tr\u00e1fico y pueden ser peligrosos, pero conf\u00edo en mi <em>baraka<\/em> (palabra \u00e1rabe que significa bendici\u00f3n divina) y hasta ahora no me ha abandonado. Durante mis viajes veo poblaciones enteras, dejadas a su suerte. Estas personas sienten que nadie se preocupa por ellas. Mueren como animales sin siquiera tener una cl\u00ednica. Hay que recordarles que son hijos de Dios. Por eso, me despojo de mi atuendo de cardenal, me hago peque\u00f1o, recorro el pa\u00eds y les digo: \u00abSi los hombres os han olvidado, Dios no os ha olvidado\u00bb.<\/p>\n<figure id=\"attachment_186514\" aria-describedby=\"caption-attachment-186514\" style=\"width: 838px\" class=\"wp-caption aligncenter\"><img loading=\"lazy\" decoding=\"async\" class=\"wp-image-186514 size-full\" src=\"https:\/\/media.acninternational.org\/wp-content\/uploads\/2023\/11\/3.jpg\" alt=\"Educaci\u00f3n Rep\u00fablica Centroafricana\" width=\"838\" height=\"500\" srcset=\"https:\/\/media.acninternational.org\/wp-content\/uploads\/2023\/11\/3.jpg 838w, https:\/\/media.acninternational.org\/wp-content\/uploads\/2023\/11\/3-300x179.jpg 300w, https:\/\/media.acninternational.org\/wp-content\/uploads\/2023\/11\/3-768x458.jpg 768w\" sizes=\"auto, (max-width: 838px) 100vw, 838px\" \/><figcaption id=\"caption-attachment-186514\" class=\"wp-caption-text\">El cardenal Dieudonn\u00e9 Nzapalainga de Bangui visitando las comunidades rurales<\/figcaption><\/figure>\n<p>En un pueblo, durante la confirmaci\u00f3n de un joven adulto llamado Fran\u00e7ois, me sorprendi\u00f3 ver la euforia con que lo celebraban. Me explicaron que era el catequista del pueblo. Era \u00e9l quien manten\u00eda viva la fe en esta comunidad, que no recib\u00eda una visita de un sacerdote desde hac\u00eda mucho tiempo. Y eso, a pesar de que el valiente Fran\u00e7ois ni siquiera hab\u00eda recibido la confirmaci\u00f3n.<\/p>\n<h4><strong>\u00bfC\u00f3mo explica usted tal abandono?<\/strong><\/h4>\n<p>En defensa del gobierno, hay que decir que nuestro pa\u00eds es casi tan grande como Francia y que es dif\u00edcil controlar semejante extensi\u00f3n. Adem\u00e1s, a\u00fan existen \u00e1reas bajo dominio de los rebeldes.<\/p>\n<p>Recientemente, visit\u00e9 Ouadda, una peque\u00f1a ciudad del noreste del pa\u00eds. Fui recibido muy bien por la poblaci\u00f3n, que se alegr\u00f3 con mi presencia. La gente estaba feliz de ver que no estaban abandonados, y adem\u00e1s porque durante mi estancia, no ten\u00edan que cumplir el toque de queda impuesto por los rebeldes. Cuando quise marcharme, un joven l\u00edder rebelde me bloque\u00f3 el camino y me dijo que no pod\u00eda irme. Esa misma noche, los feligreses rezaron por nosotros. Incluso, el alcalde, pastores e imanes vinieron a abogar por mi causa. Al d\u00eda siguiente, cuando le dije al l\u00edder local que quer\u00eda irme, primero me bloque\u00f3, pero diez minutos despu\u00e9s me dijo que pod\u00eda irme&#8230; Aunque estaba aliviado por seguir mi camino, le llam\u00e9 la atenci\u00f3n: le record\u00e9 que se supon\u00eda que era un l\u00edder, cuya palabra ten\u00eda importancia y que no pod\u00eda usarla de cualquier manera. Me llevaron ante sus superiores y all\u00ed actuaba como un ni\u00f1o peque\u00f1o al que acaban de pillar <em>in fraganti<\/em>. Hay muchas personas de este tipo aqu\u00ed. No tienen educaci\u00f3n, as\u00ed que compensan usando la fuerza bruta.<\/p>\n<figure id=\"attachment_186526\" aria-describedby=\"caption-attachment-186526\" style=\"width: 838px\" class=\"wp-caption aligncenter\"><img loading=\"lazy\" decoding=\"async\" class=\"wp-image-186526 size-full\" src=\"https:\/\/media.acninternational.org\/wp-content\/uploads\/2023\/11\/1.jpg\" alt=\"Educaci\u00f3n Rep\u00fablica Centroafricana\" width=\"838\" height=\"500\" srcset=\"https:\/\/media.acninternational.org\/wp-content\/uploads\/2023\/11\/1.jpg 838w, https:\/\/media.acninternational.org\/wp-content\/uploads\/2023\/11\/1-300x179.jpg 300w, https:\/\/media.acninternational.org\/wp-content\/uploads\/2023\/11\/1-768x458.jpg 768w\" sizes=\"auto, (max-width: 838px) 100vw, 838px\" \/><figcaption id=\"caption-attachment-186526\" class=\"wp-caption-text\">Fiesta del Sant\u00edsimo Sacramento en la Parroquia del Buen Consejo de Wantiguera<\/figcaption><\/figure>\n<p><strong>Insiste mucho en la importancia de la educaci\u00f3n: \u00bfpor qu\u00e9?<\/strong><\/p>\n<p>\u00a1Tenemos una juventud tan grande en nuestro pa\u00eds, tantos j\u00f3venes! Pero durante los a\u00f1os de inestabilidad, desde 2013, no han ido a la escuela y la educaci\u00f3n sigue siendo muy deficiente. Los maestros a menudo no quieren ir a las regiones perif\u00e9ricas porque tienen miedo de los rebeldes. Otro problema es que est\u00e1n mal pagados. Los que realmente reciben buenos salarios son los militares porque tienen <em>kalashnikovs<\/em> y no es conveniente molestar a alguien armado. Los maestros, en cambio, solo tienen tiza. As\u00ed que reciben su salario a menudo con retraso. Para los profesores que viven lejos de las grandes ciudades, deben realizar largos y peligrosos viajes para recibir su sueldo, ya que no hay bancos. Veo a algunos que tienen que gastar dos tercios de lo que ganan \u00a0en el transporte, normalmente en moto-taxi. Y el viaje puede durar hasta dos semanas, por lo que solo dan clases durante la mitad del mes.<\/p>\n<p>Y esos son los docentes titulares que perciben un salario del Estado. Su cantidad es muy insuficiente, por lo que se reclutan localmente a padres, como voluntarios capacitados sobre la marcha, para impartir clases. Estos \u00faltimos reciben solo lo que los padres de los alumnos est\u00e1n dispuestos a ofrecerles. Esto genera disparidades injustas entre los ni\u00f1os, ya que los padres que pagan m\u00e1s esperan que sus hijos vuelvan con buenas calificaciones a cambio.<\/p>\n<figure id=\"attachment_186508\" aria-describedby=\"caption-attachment-186508\" style=\"width: 838px\" class=\"wp-caption aligncenter\"><img loading=\"lazy\" decoding=\"async\" class=\"wp-image-186508 size-full\" src=\"https:\/\/media.acninternational.org\/wp-content\/uploads\/2023\/11\/2.jpg\" alt=\"Educaci\u00f3n Rep\u00fablica Centroafricana\" width=\"838\" height=\"500\" srcset=\"https:\/\/media.acninternational.org\/wp-content\/uploads\/2023\/11\/2.jpg 838w, https:\/\/media.acninternational.org\/wp-content\/uploads\/2023\/11\/2-300x179.jpg 300w, https:\/\/media.acninternational.org\/wp-content\/uploads\/2023\/11\/2-768x458.jpg 768w\" sizes=\"auto, (max-width: 838px) 100vw, 838px\" \/><figcaption id=\"caption-attachment-186508\" class=\"wp-caption-text\">El Cardenal Dieudonn\u00e9 Nzapalainga en ACN Internacional<\/figcaption><\/figure>\n<p>Incluso nos faltan edificios. Muchas escuelas han sido quemadas y hay clases que se llevan a cabo bajo un \u00e1rbol de mango. La clase tiene que seguir la direcci\u00f3n del sol, y si hace mucho viento o llueve, simplemente no podemos dar clases. Esas no son condiciones normales para aprender.<\/p>\n<h4><strong>\u00bfObserva una disminuci\u00f3n del nivel educativo como resultado?<\/strong><\/h4>\n<p>Claro. Pongo algunos ejemplos: para ingresar al seminario menor, solo 20 de 200 j\u00f3venes ten\u00edan el nivel requerido, en un seminario mayor, eran s\u00f3lo 4 de 23. Observo muchos ni\u00f1os que sol\u00edan obtener calificaciones de 13\/20 en su escuela, pero en una escuela cat\u00f3lica, donde no hay favoritismos ni amiguismos, no alcanzan m\u00e1s de 4\/20.<\/p>\n<h4><strong>\u00bfQu\u00e9 puede hacer la Iglesia frente a una situaci\u00f3n de esta magnitud?<\/strong><\/h4>\n<p>Estamos ayudando con nuestros medios. Uno de mis sacerdotes imparte cursos de alto nivel de forma gratuita para ayudar a aquellos que desean ingresar al seminario. La educaci\u00f3n es de suma importancia, ya que, al final, es lo que determina la presencia de seminaristas, l\u00edderes comunitarios y profesionales en nuestra sociedad, sin olvidar a los catequistas. Estos \u00faltimos son fundamentales para mantener viva la llama de la fe en nuestros pueblos.<\/p>\n<figure id=\"attachment_186520\" aria-describedby=\"caption-attachment-186520\" style=\"width: 838px\" class=\"wp-caption aligncenter\"><img loading=\"lazy\" decoding=\"async\" class=\"wp-image-186520 size-full\" src=\"https:\/\/media.acninternational.org\/wp-content\/uploads\/2023\/11\/4.jpg\" alt=\"Obispos en la Rep\u00fablica Centroafricana\" width=\"838\" height=\"500\" srcset=\"https:\/\/media.acninternational.org\/wp-content\/uploads\/2023\/11\/4.jpg 838w, https:\/\/media.acninternational.org\/wp-content\/uploads\/2023\/11\/4-300x179.jpg 300w, https:\/\/media.acninternational.org\/wp-content\/uploads\/2023\/11\/4-768x458.jpg 768w\" sizes=\"auto, (max-width: 838px) 100vw, 838px\" \/><figcaption id=\"caption-attachment-186520\" class=\"wp-caption-text\">Carreteras casi intransitables entre los pueblos de la Rep\u00fablica Centroafricana<\/figcaption><\/figure>\n<p>La cuesti\u00f3n de la educaci\u00f3n de las j\u00f3venes nos preocupa especialmente. He visto en algunos pueblos a ni\u00f1as de once a\u00f1os embarazadas, v\u00edctimas de violaciones por parte de j\u00f3venes armados. Debido a eso, no ten\u00edan la menor oportunidad de estudiar. Esto me indign\u00f3. As\u00ed que me confi\u00e9 en la Providencia.<\/p>\n<p>En mis sermones, habl\u00e9 de esta cat\u00e1strofe y pregunt\u00e9 si hab\u00eda personas que pudieran ayudarme a sacar a las j\u00f3venes de esas situaciones. Y fui escuchado. Un donante camerun\u00e9s nos ayud\u00f3 con todo, desde los estudios hasta el alojamiento. Treinta j\u00f3venes fueron enviadas a Camer\u00fan. Ninguna nos ha decepcionado. Tenemos estudiantes de medicina, ingenieras&#8230; \u00a1Est\u00e1n a la altura!<\/p>\n<p><em>ACN ha financiado 175 proyectos en la Rep\u00fablica Centroafricana durante los \u00faltimos cinco a\u00f1os en nueve di\u00f3cesis diferentes, incluyendo casi 40 proyectos en la di\u00f3cesis de Bangui. Durante el a\u00f1o 2023, ACN ha respaldado proyectos de formaci\u00f3n, transporte y remodelaci\u00f3n en la di\u00f3cesis.<\/em><\/p>\n","protected":false},"excerpt":{"rendered":"<p>El cardenal Nzapalainga viaja por la Rep\u00fablica Centroafricana, tratando de ayudar a los j\u00f3venes a dejar las armas y apostar por la educaci\u00f3n.<\/p>\n","protected":false},"author":4258341447,"featured_media":186537,"comment_status":"closed","ping_status":"closed","sticky":false,"template":"","format":"standard","meta":{"_acf_changed":false,"_acn_coauthor_ids":[],"footnotes":""},"categories":[745],"tags":[],"country":[406],"class_list":["post-186540","post","type-post","status-publish","format-standard","has-post-thumbnail","hentry","category-entrevistas","country-republica-centroafricana"],"acn_coauthors":[],"acf":[],"yoast_head":"<!-- This site is optimized with the Yoast SEO Premium plugin v27.3 (Yoast SEO v27.3) - https:\/\/yoast.com\/product\/yoast-seo-premium-wordpress\/ -->\n<title>Rep\u00fablica Centroafricana: La educaci\u00f3n es decisiva | ACN International<\/title>\n<meta name=\"description\" content=\"El cardenal Nzapalainga viaja por la Rep\u00fablica Centroafricana, tratando de ayudar a los j\u00f3venes a dejar las armas y apostar por la educaci\u00f3n.\" \/>\n<meta name=\"robots\" content=\"index, follow, max-snippet:-1, max-image-preview:large, max-video-preview:-1\" \/>\n<link rel=\"canonical\" href=\"https:\/\/acninternational.org\/es\/cardenal-de-la-republica-centroafricana-si-los-hombres-os-han-olvidado-dios-no-os-ha-olvidado\/\" \/>\n<meta property=\"og:locale\" content=\"es_ES\" \/>\n<meta property=\"og:type\" content=\"article\" \/>\n<meta property=\"og:title\" content=\"Cardenal de la Rep\u00fablica Centroafricana:&quot;Si los hombres os han olvidado, \u00a1Dios no os ha olvidado!&quot;\" \/>\n<meta property=\"og:description\" content=\"El cardenal Nzapalainga viaja por la Rep\u00fablica Centroafricana, tratando de ayudar a los j\u00f3venes a dejar las armas y apostar por la educaci\u00f3n.\" \/>\n<meta property=\"og:url\" content=\"https:\/\/acninternational.org\/es\/cardenal-de-la-republica-centroafricana-si-los-hombres-os-han-olvidado-dios-no-os-ha-olvidado\/\" \/>\n<meta property=\"og:site_name\" content=\"ACN International\" \/>\n<meta property=\"article:publisher\" content=\"https:\/\/www.facebook.com\/acninternationalorg\" \/>\n<meta property=\"article:published_time\" content=\"2023-11-20T10:46:11+00:00\" \/>\n<meta property=\"article:modified_time\" content=\"2024-08-09T08:17:01+00:00\" \/>\n<meta property=\"og:image\" content=\"https:\/\/media.acninternational.org\/wp-content\/uploads\/2023\/11\/heading_web-2-1.jpg\" \/>\n\t<meta property=\"og:image:width\" content=\"1000\" \/>\n\t<meta property=\"og:image:height\" content=\"313\" \/>\n\t<meta property=\"og:image:type\" content=\"image\/jpeg\" \/>\n<meta name=\"author\" content=\"ACN Press Team\" \/>\n<meta name=\"twitter:card\" content=\"summary_large_image\" \/>\n<meta name=\"twitter:creator\" content=\"@acn_int\" \/>\n<meta name=\"twitter:site\" content=\"@acn_int\" \/>\n<meta name=\"twitter:label1\" content=\"Escrito por\" \/>\n\t<meta name=\"twitter:data1\" content=\"ACN Press Team\" \/>\n\t<meta name=\"twitter:label2\" content=\"Tiempo de lectura\" \/>\n\t<meta name=\"twitter:data2\" content=\"7 minutos\" \/>\n<script type=\"application\/ld+json\" class=\"yoast-schema-graph\">{\"@context\":\"https:\\\/\\\/schema.org\",\"@graph\":[{\"@type\":\"Article\",\"@id\":\"https:\\\/\\\/acninternational.org\\\/es\\\/cardenal-de-la-republica-centroafricana-si-los-hombres-os-han-olvidado-dios-no-os-ha-olvidado\\\/#article\",\"isPartOf\":{\"@id\":\"https:\\\/\\\/acninternational.org\\\/es\\\/cardenal-de-la-republica-centroafricana-si-los-hombres-os-han-olvidado-dios-no-os-ha-olvidado\\\/\"},\"author\":{\"name\":\"ACN Press Team\",\"@id\":\"https:\\\/\\\/acninternational.org\\\/es\\\/#\\\/schema\\\/person\\\/7f3dafb236b242fb2aa46be1411fd703\"},\"headline\":\"Cardenal de la Rep\u00fablica Centroafricana:\u00bbSi los hombres os han olvidado, \u00a1Dios no os ha olvidado!\u00bb\",\"datePublished\":\"2023-11-20T10:46:11+00:00\",\"dateModified\":\"2024-08-09T08:17:01+00:00\",\"mainEntityOfPage\":{\"@id\":\"https:\\\/\\\/acninternational.org\\\/es\\\/cardenal-de-la-republica-centroafricana-si-los-hombres-os-han-olvidado-dios-no-os-ha-olvidado\\\/\"},\"wordCount\":1319,\"publisher\":{\"@id\":\"https:\\\/\\\/acninternational.org\\\/es\\\/#organization\"},\"image\":{\"@id\":\"https:\\\/\\\/acninternational.org\\\/es\\\/cardenal-de-la-republica-centroafricana-si-los-hombres-os-han-olvidado-dios-no-os-ha-olvidado\\\/#primaryimage\"},\"thumbnailUrl\":\"https:\\\/\\\/media.acninternational.org\\\/wp-content\\\/uploads\\\/2023\\\/11\\\/heading_web-2-1.jpg\",\"articleSection\":[\"ENTREVISTAS\"],\"inLanguage\":\"es\"},{\"@type\":\"WebPage\",\"@id\":\"https:\\\/\\\/acninternational.org\\\/es\\\/cardenal-de-la-republica-centroafricana-si-los-hombres-os-han-olvidado-dios-no-os-ha-olvidado\\\/\",\"url\":\"https:\\\/\\\/acninternational.org\\\/es\\\/cardenal-de-la-republica-centroafricana-si-los-hombres-os-han-olvidado-dios-no-os-ha-olvidado\\\/\",\"name\":\"Rep\u00fablica Centroafricana: La educaci\u00f3n es decisiva | ACN International\",\"isPartOf\":{\"@id\":\"https:\\\/\\\/acninternational.org\\\/es\\\/#website\"},\"primaryImageOfPage\":{\"@id\":\"https:\\\/\\\/acninternational.org\\\/es\\\/cardenal-de-la-republica-centroafricana-si-los-hombres-os-han-olvidado-dios-no-os-ha-olvidado\\\/#primaryimage\"},\"image\":{\"@id\":\"https:\\\/\\\/acninternational.org\\\/es\\\/cardenal-de-la-republica-centroafricana-si-los-hombres-os-han-olvidado-dios-no-os-ha-olvidado\\\/#primaryimage\"},\"thumbnailUrl\":\"https:\\\/\\\/media.acninternational.org\\\/wp-content\\\/uploads\\\/2023\\\/11\\\/heading_web-2-1.jpg\",\"datePublished\":\"2023-11-20T10:46:11+00:00\",\"dateModified\":\"2024-08-09T08:17:01+00:00\",\"description\":\"El cardenal Nzapalainga viaja por la Rep\u00fablica Centroafricana, tratando de ayudar a los j\u00f3venes a dejar las armas y apostar por la educaci\u00f3n.\",\"breadcrumb\":{\"@id\":\"https:\\\/\\\/acninternational.org\\\/es\\\/cardenal-de-la-republica-centroafricana-si-los-hombres-os-han-olvidado-dios-no-os-ha-olvidado\\\/#breadcrumb\"},\"inLanguage\":\"es\",\"potentialAction\":[{\"@type\":\"ReadAction\",\"target\":[\"https:\\\/\\\/acninternational.org\\\/es\\\/cardenal-de-la-republica-centroafricana-si-los-hombres-os-han-olvidado-dios-no-os-ha-olvidado\\\/\"]}]},{\"@type\":\"ImageObject\",\"inLanguage\":\"es\",\"@id\":\"https:\\\/\\\/acninternational.org\\\/es\\\/cardenal-de-la-republica-centroafricana-si-los-hombres-os-han-olvidado-dios-no-os-ha-olvidado\\\/#primaryimage\",\"url\":\"https:\\\/\\\/media.acninternational.org\\\/wp-content\\\/uploads\\\/2023\\\/11\\\/heading_web-2-1.jpg\",\"contentUrl\":\"https:\\\/\\\/media.acninternational.org\\\/wp-content\\\/uploads\\\/2023\\\/11\\\/heading_web-2-1.jpg\",\"width\":1000,\"height\":313,\"caption\":\"Central African Republic\"},{\"@type\":\"BreadcrumbList\",\"@id\":\"https:\\\/\\\/acninternational.org\\\/es\\\/cardenal-de-la-republica-centroafricana-si-los-hombres-os-han-olvidado-dios-no-os-ha-olvidado\\\/#breadcrumb\",\"itemListElement\":[{\"@type\":\"ListItem\",\"position\":1,\"name\":\"Home\",\"item\":\"https:\\\/\\\/acninternational.org\\\/es\\\/\"},{\"@type\":\"ListItem\",\"position\":2,\"name\":\"INTERVIEWS\",\"item\":\"https:\\\/\\\/acninternational.org\\\/es\\\/category\\\/interviews-es\\\/\"},{\"@type\":\"ListItem\",\"position\":3,\"name\":\"Cardenal de la Rep\u00fablica Centroafricana:\u00bbSi los hombres os han olvidado, \u00a1Dios no os ha olvidado!\u00bb\"}]},{\"@type\":\"WebSite\",\"@id\":\"https:\\\/\\\/acninternational.org\\\/es\\\/#website\",\"url\":\"https:\\\/\\\/acninternational.org\\\/es\\\/\",\"name\":\"ACN International\",\"description\":\"\",\"publisher\":{\"@id\":\"https:\\\/\\\/acninternational.org\\\/es\\\/#organization\"},\"potentialAction\":[{\"@type\":\"SearchAction\",\"target\":{\"@type\":\"EntryPoint\",\"urlTemplate\":\"https:\\\/\\\/acninternational.org\\\/es\\\/?s={search_term_string}\"},\"query-input\":{\"@type\":\"PropertyValueSpecification\",\"valueRequired\":true,\"valueName\":\"search_term_string\"}}],\"inLanguage\":\"es\"},{\"@type\":\"Organization\",\"@id\":\"https:\\\/\\\/acninternational.org\\\/es\\\/#organization\",\"name\":\"Aid to the Church in Need International\",\"url\":\"https:\\\/\\\/acninternational.org\\\/es\\\/\",\"logo\":{\"@type\":\"ImageObject\",\"inLanguage\":\"es\",\"@id\":\"https:\\\/\\\/acninternational.org\\\/es\\\/#\\\/schema\\\/logo\\\/image\\\/\",\"url\":\"https:\\\/\\\/media.acninternational.org\\\/wp-content\\\/uploads\\\/2019\\\/11\\\/acn_logo_blackvector.svg\",\"contentUrl\":\"https:\\\/\\\/media.acninternational.org\\\/wp-content\\\/uploads\\\/2019\\\/11\\\/acn_logo_blackvector.svg\",\"width\":232.6,\"height\":78,\"caption\":\"Aid to the Church in Need International\"},\"image\":{\"@id\":\"https:\\\/\\\/acninternational.org\\\/es\\\/#\\\/schema\\\/logo\\\/image\\\/\"},\"sameAs\":[\"https:\\\/\\\/www.facebook.com\\\/acninternationalorg\",\"https:\\\/\\\/x.com\\\/acn_int\",\"https:\\\/\\\/www.youtube.com\\\/channel\\\/UCQ-077gS0TnVzkhHmf1opZw\",\"https:\\\/\\\/www.instagram.com\\\/acn_international\\\/\"]},{\"@type\":\"Person\",\"@id\":\"https:\\\/\\\/acninternational.org\\\/es\\\/#\\\/schema\\\/person\\\/7f3dafb236b242fb2aa46be1411fd703\",\"name\":\"ACN Press Team\",\"description\":\"Lorem ipsum dolor sit amet, consectetur adipiscing elit, sed do eiusmod tempor incididunt ut labore et dolore magna aliqua. Ut enim ad minim veniam, quis nostrud exercitation ullamco laboris nisi ut aliquip ex ea commodo consequat.\",\"url\":\"https:\\\/\\\/acninternational.org\\\/es\\\/author\\\/acn-press-team\\\/\"}]}<\/script>\n<!-- \/ Yoast SEO Premium plugin. -->","yoast_head_json":{"title":"Rep\u00fablica Centroafricana: La educaci\u00f3n es decisiva | ACN International","description":"El cardenal Nzapalainga viaja por la Rep\u00fablica Centroafricana, tratando de ayudar a los j\u00f3venes a dejar las armas y apostar por la educaci\u00f3n.","robots":{"index":"index","follow":"follow","max-snippet":"max-snippet:-1","max-image-preview":"max-image-preview:large","max-video-preview":"max-video-preview:-1"},"canonical":"https:\/\/acninternational.org\/es\/cardenal-de-la-republica-centroafricana-si-los-hombres-os-han-olvidado-dios-no-os-ha-olvidado\/","og_locale":"es_ES","og_type":"article","og_title":"Cardenal de la Rep\u00fablica Centroafricana:\"Si los hombres os han olvidado, \u00a1Dios no os ha olvidado!\"","og_description":"El cardenal Nzapalainga viaja por la Rep\u00fablica Centroafricana, tratando de ayudar a los j\u00f3venes a dejar las armas y apostar por la educaci\u00f3n.","og_url":"https:\/\/acninternational.org\/es\/cardenal-de-la-republica-centroafricana-si-los-hombres-os-han-olvidado-dios-no-os-ha-olvidado\/","og_site_name":"ACN International","article_publisher":"https:\/\/www.facebook.com\/acninternationalorg","article_published_time":"2023-11-20T10:46:11+00:00","article_modified_time":"2024-08-09T08:17:01+00:00","og_image":[{"width":1000,"height":313,"url":"https:\/\/media.acninternational.org\/wp-content\/uploads\/2023\/11\/heading_web-2-1.jpg","type":"image\/jpeg"}],"author":"ACN Press Team","twitter_card":"summary_large_image","twitter_creator":"@acn_int","twitter_site":"@acn_int","twitter_misc":{"Escrito por":"ACN Press Team","Tiempo de lectura":"7 minutos"},"schema":{"@context":"https:\/\/schema.org","@graph":[{"@type":"Article","@id":"https:\/\/acninternational.org\/es\/cardenal-de-la-republica-centroafricana-si-los-hombres-os-han-olvidado-dios-no-os-ha-olvidado\/#article","isPartOf":{"@id":"https:\/\/acninternational.org\/es\/cardenal-de-la-republica-centroafricana-si-los-hombres-os-han-olvidado-dios-no-os-ha-olvidado\/"},"author":{"name":"ACN Press Team","@id":"https:\/\/acninternational.org\/es\/#\/schema\/person\/7f3dafb236b242fb2aa46be1411fd703"},"headline":"Cardenal de la Rep\u00fablica Centroafricana:\u00bbSi los hombres os han olvidado, \u00a1Dios no os ha olvidado!\u00bb","datePublished":"2023-11-20T10:46:11+00:00","dateModified":"2024-08-09T08:17:01+00:00","mainEntityOfPage":{"@id":"https:\/\/acninternational.org\/es\/cardenal-de-la-republica-centroafricana-si-los-hombres-os-han-olvidado-dios-no-os-ha-olvidado\/"},"wordCount":1319,"publisher":{"@id":"https:\/\/acninternational.org\/es\/#organization"},"image":{"@id":"https:\/\/acninternational.org\/es\/cardenal-de-la-republica-centroafricana-si-los-hombres-os-han-olvidado-dios-no-os-ha-olvidado\/#primaryimage"},"thumbnailUrl":"https:\/\/media.acninternational.org\/wp-content\/uploads\/2023\/11\/heading_web-2-1.jpg","articleSection":["ENTREVISTAS"],"inLanguage":"es"},{"@type":"WebPage","@id":"https:\/\/acninternational.org\/es\/cardenal-de-la-republica-centroafricana-si-los-hombres-os-han-olvidado-dios-no-os-ha-olvidado\/","url":"https:\/\/acninternational.org\/es\/cardenal-de-la-republica-centroafricana-si-los-hombres-os-han-olvidado-dios-no-os-ha-olvidado\/","name":"Rep\u00fablica Centroafricana: La educaci\u00f3n es decisiva | ACN International","isPartOf":{"@id":"https:\/\/acninternational.org\/es\/#website"},"primaryImageOfPage":{"@id":"https:\/\/acninternational.org\/es\/cardenal-de-la-republica-centroafricana-si-los-hombres-os-han-olvidado-dios-no-os-ha-olvidado\/#primaryimage"},"image":{"@id":"https:\/\/acninternational.org\/es\/cardenal-de-la-republica-centroafricana-si-los-hombres-os-han-olvidado-dios-no-os-ha-olvidado\/#primaryimage"},"thumbnailUrl":"https:\/\/media.acninternational.org\/wp-content\/uploads\/2023\/11\/heading_web-2-1.jpg","datePublished":"2023-11-20T10:46:11+00:00","dateModified":"2024-08-09T08:17:01+00:00","description":"El cardenal Nzapalainga viaja por la Rep\u00fablica Centroafricana, tratando de ayudar a los j\u00f3venes a dejar las armas y apostar por la educaci\u00f3n.","breadcrumb":{"@id":"https:\/\/acninternational.org\/es\/cardenal-de-la-republica-centroafricana-si-los-hombres-os-han-olvidado-dios-no-os-ha-olvidado\/#breadcrumb"},"inLanguage":"es","potentialAction":[{"@type":"ReadAction","target":["https:\/\/acninternational.org\/es\/cardenal-de-la-republica-centroafricana-si-los-hombres-os-han-olvidado-dios-no-os-ha-olvidado\/"]}]},{"@type":"ImageObject","inLanguage":"es","@id":"https:\/\/acninternational.org\/es\/cardenal-de-la-republica-centroafricana-si-los-hombres-os-han-olvidado-dios-no-os-ha-olvidado\/#primaryimage","url":"https:\/\/media.acninternational.org\/wp-content\/uploads\/2023\/11\/heading_web-2-1.jpg","contentUrl":"https:\/\/media.acninternational.org\/wp-content\/uploads\/2023\/11\/heading_web-2-1.jpg","width":1000,"height":313,"caption":"Central African Republic"},{"@type":"BreadcrumbList","@id":"https:\/\/acninternational.org\/es\/cardenal-de-la-republica-centroafricana-si-los-hombres-os-han-olvidado-dios-no-os-ha-olvidado\/#breadcrumb","itemListElement":[{"@type":"ListItem","position":1,"name":"Home","item":"https:\/\/acninternational.org\/es\/"},{"@type":"ListItem","position":2,"name":"INTERVIEWS","item":"https:\/\/acninternational.org\/es\/category\/interviews-es\/"},{"@type":"ListItem","position":3,"name":"Cardenal de la Rep\u00fablica Centroafricana:\u00bbSi los hombres os han olvidado, \u00a1Dios no os ha olvidado!\u00bb"}]},{"@type":"WebSite","@id":"https:\/\/acninternational.org\/es\/#website","url":"https:\/\/acninternational.org\/es\/","name":"ACN International","description":"","publisher":{"@id":"https:\/\/acninternational.org\/es\/#organization"},"potentialAction":[{"@type":"SearchAction","target":{"@type":"EntryPoint","urlTemplate":"https:\/\/acninternational.org\/es\/?s={search_term_string}"},"query-input":{"@type":"PropertyValueSpecification","valueRequired":true,"valueName":"search_term_string"}}],"inLanguage":"es"},{"@type":"Organization","@id":"https:\/\/acninternational.org\/es\/#organization","name":"Aid to the Church in Need International","url":"https:\/\/acninternational.org\/es\/","logo":{"@type":"ImageObject","inLanguage":"es","@id":"https:\/\/acninternational.org\/es\/#\/schema\/logo\/image\/","url":"https:\/\/media.acninternational.org\/wp-content\/uploads\/2019\/11\/acn_logo_blackvector.svg","contentUrl":"https:\/\/media.acninternational.org\/wp-content\/uploads\/2019\/11\/acn_logo_blackvector.svg","width":232.6,"height":78,"caption":"Aid to the Church in Need International"},"image":{"@id":"https:\/\/acninternational.org\/es\/#\/schema\/logo\/image\/"},"sameAs":["https:\/\/www.facebook.com\/acninternationalorg","https:\/\/x.com\/acn_int","https:\/\/www.youtube.com\/channel\/UCQ-077gS0TnVzkhHmf1opZw","https:\/\/www.instagram.com\/acn_international\/"]},{"@type":"Person","@id":"https:\/\/acninternational.org\/es\/#\/schema\/person\/7f3dafb236b242fb2aa46be1411fd703","name":"ACN Press Team","description":"Lorem ipsum dolor sit amet, consectetur adipiscing elit, sed do eiusmod tempor incididunt ut labore et dolore magna aliqua. Ut enim ad minim veniam, quis nostrud exercitation ullamco laboris nisi ut aliquip ex ea commodo consequat.","url":"https:\/\/acninternational.org\/es\/author\/acn-press-team\/"}]}},"_links":{"self":[{"href":"https:\/\/acninternational.org\/es\/wp-json\/wp\/v2\/posts\/186540","targetHints":{"allow":["GET"]}}],"collection":[{"href":"https:\/\/acninternational.org\/es\/wp-json\/wp\/v2\/posts"}],"about":[{"href":"https:\/\/acninternational.org\/es\/wp-json\/wp\/v2\/types\/post"}],"author":[{"embeddable":true,"href":"https:\/\/acninternational.org\/es\/wp-json\/wp\/v2\/users\/4258341447"}],"replies":[{"embeddable":true,"href":"https:\/\/acninternational.org\/es\/wp-json\/wp\/v2\/comments?post=186540"}],"version-history":[{"count":0,"href":"https:\/\/acninternational.org\/es\/wp-json\/wp\/v2\/posts\/186540\/revisions"}],"wp:featuredmedia":[{"embeddable":true,"href":"https:\/\/acninternational.org\/es\/wp-json\/wp\/v2\/media\/186537"}],"wp:attachment":[{"href":"https:\/\/acninternational.org\/es\/wp-json\/wp\/v2\/media?parent=186540"}],"wp:term":[{"taxonomy":"category","embeddable":true,"href":"https:\/\/acninternational.org\/es\/wp-json\/wp\/v2\/categories?post=186540"},{"taxonomy":"post_tag","embeddable":true,"href":"https:\/\/acninternational.org\/es\/wp-json\/wp\/v2\/tags?post=186540"},{"taxonomy":"country","embeddable":true,"href":"https:\/\/acninternational.org\/es\/wp-json\/wp\/v2\/country?post=186540"}],"curies":[{"name":"wp","href":"https:\/\/api.w.org\/{rel}","templated":true}]}}