{"id":186096,"date":"2023-10-27T12:53:18","date_gmt":"2023-10-27T10:53:18","guid":{"rendered":"https:\/\/acninternational.org\/?p=186096"},"modified":"2023-10-27T12:53:32","modified_gmt":"2023-10-27T10:53:32","slug":"el-mundo-quiere-paz-mas-de-un-millon-de-ninos-se-unen-en-oracion","status":"publish","type":"post","link":"https:\/\/acninternational.org\/es\/el-mundo-quiere-paz-mas-de-un-millon-de-ninos-se-unen-en-oracion\/","title":{"rendered":"El mundo quiere paz &#8211; M\u00e1s de un mill\u00f3n de ni\u00f1os se unen en oraci\u00f3n"},"content":{"rendered":"<p><em>Por primera vez desde que naci\u00f3 la iniciativa en 2005 en Caracas, capital de Venezuela, el 18 de octubre de 2023 se super\u00f3 el hito de un mill\u00f3n de ni\u00f1os rezando por la paz y la unidad<\/em><\/p>\n<figure id=\"attachment_186084\" aria-describedby=\"caption-attachment-186084\" style=\"width: 800px\" class=\"wp-caption aligncenter\"><img loading=\"lazy\" decoding=\"async\" class=\"wp-image-186084 size-large\" src=\"https:\/\/media.acninternational.org\/wp-content\/uploads\/2023\/10\/ACN-20231023-154679-1024x576.jpg\" alt=\"Rezo del rosario por la unidad y la paz en la archidi\u00f3cesis de Ivano-Frankivsk - Ucrania\" width=\"800\" height=\"450\" srcset=\"https:\/\/media.acninternational.org\/wp-content\/uploads\/2023\/10\/ACN-20231023-154679-1024x576.jpg 1024w, https:\/\/media.acninternational.org\/wp-content\/uploads\/2023\/10\/ACN-20231023-154679-300x169.jpg 300w, https:\/\/media.acninternational.org\/wp-content\/uploads\/2023\/10\/ACN-20231023-154679-768x432.jpg 768w, https:\/\/media.acninternational.org\/wp-content\/uploads\/2023\/10\/ACN-20231023-154679.jpg 1080w\" sizes=\"auto, (max-width: 800px) 100vw, 800px\" \/><figcaption id=\"caption-attachment-186084\" class=\"wp-caption-text\">Rezo del rosario por la unidad y la paz en la archidi\u00f3cesis de Ivano-Frankivsk &#8211; Ucrania<\/figcaption><\/figure>\n<p>Despu\u00e9s de que el a\u00f1o pasado 871.523 ni\u00f1os se inscribieran en dicha iniciativa en la p\u00e1gina web de ACIN, el total de inscritos este a\u00f1o ha sido alrededor de 1.039.628. Adem\u00e1s, dado que muchos ni\u00f1os participaron sin registrarse, las cifras son muy superiores.<\/p>\n<p>Polonia, pa\u00eds donde la campa\u00f1a de ACN est\u00e1 ganando popularidad, registr\u00f3 el mayor n\u00famero de participantes en la web, con 275.000 ni\u00f1os. All\u00ed, el rezo del rosario tuvo lugar en el Santuario Nacional de Nuestra Se\u00f1ora de F\u00e1tima en Zakopane. Gracias a las transmisiones en l\u00ednea, tambi\u00e9n participaron familias, colegios e incluso ni\u00f1os hospitalizados. Eslovaquia (m\u00e1s de 156.000), Filipinas (m\u00e1s de 136.000), Reino Unido (m\u00e1s de 77.000) y Brasil (algo menos de 47.000) son tambi\u00e9n pa\u00edses que est\u00e1n entre los primeros puestos.<\/p>\n<p>El hecho de que en muchos lugares participaran muchos m\u00e1s ni\u00f1os que los que se registraron en la p\u00e1gina web queda patente gracias a las conmovedoras fotos y correos electr\u00f3nicos de todo el mundo que llegaron a ACN. S\u00f3lo del Congo, donde \u00fanicamente 1.300 ni\u00f1os se registraron en la p\u00e1gina web, ACN recibi\u00f3 mensajes de m\u00e1s de 80 escuelas e instituciones eclesi\u00e1sticas donde se rez\u00f3 el rosario. S\u00f3lo viendo el n\u00famero de tres de las escuelas ya ser\u00edan m\u00e1s de 5.000 ni\u00f1os.<\/p>\n<h4><strong>Participaci\u00f3n tambi\u00e9n en muchas zonas de crisis<\/strong><\/h4>\n<p>Entre los 124 pa\u00edses que participaron en la acci\u00f3n se encuentran pa\u00edses asolados por la violencia, como Nigeria y Nicaragua, pero tambi\u00e9n Ucrania, donde la guerra hace estragos desde febrero de 2022, as\u00ed como Israel y los territorios palestinos, donde desde principios de octubre de 2023 tienen lugar violentos conflictos militares.<\/p>\n<p>En algunos lugares, como Pakist\u00e1n y la India, adem\u00e1s de rezar, los ni\u00f1os tambi\u00e9n representaron escenas b\u00edblicas y utilizaron de forma creativa las plantillas para colorear que se pod\u00edan bajar del sitio web de ACN.<\/p>\n<figure id=\"attachment_186090\" aria-describedby=\"caption-attachment-186090\" style=\"width: 800px\" class=\"wp-caption aligncenter\"><img loading=\"lazy\" decoding=\"async\" class=\"wp-image-186090 size-large\" src=\"https:\/\/media.acninternational.org\/wp-content\/uploads\/2023\/10\/ACN-20231019-154512-1024x481.jpg\" alt=\"Ni\u00f1os y j\u00f3venes rezando el rosario en la di\u00f3cesis de Idukki-MLB - India\" width=\"800\" height=\"376\" srcset=\"https:\/\/media.acninternational.org\/wp-content\/uploads\/2023\/10\/ACN-20231019-154512-1024x481.jpg 1024w, https:\/\/media.acninternational.org\/wp-content\/uploads\/2023\/10\/ACN-20231019-154512-300x141.jpg 300w, https:\/\/media.acninternational.org\/wp-content\/uploads\/2023\/10\/ACN-20231019-154512-768x361.jpg 768w, https:\/\/media.acninternational.org\/wp-content\/uploads\/2023\/10\/ACN-20231019-154512.jpg 1080w\" sizes=\"auto, (max-width: 800px) 100vw, 800px\" \/><figcaption id=\"caption-attachment-186090\" class=\"wp-caption-text\">Ni\u00f1os y j\u00f3venes rezando el rosario en la di\u00f3cesis de Idukki-MLB &#8211; India<\/figcaption><\/figure>\n<p>\u00abEstamos muy agradecidos por las numerosas manos que se han elevado en oraci\u00f3n de ni\u00f1os de todo el mundo&#8230; Todo esto muestra, por un lado, la gran preocupaci\u00f3n y el anhelo de paz y, por otro, tambi\u00e9n la voluntad de muchos de rezar por la misma\u00bb, afirma el P. Anton Laesser, asistente eclesi\u00e1stico de AIN.<\/p>\n<p>Por su parte, el obispo em\u00e9rito de Leiria-F\u00e1tima, el cardenal Antonio Marto, que presidi\u00f3 el rezo del rosario en el Santuario de F\u00e1tima, (Portugal), dijo: \u00abTodos hemos venido aqu\u00ed con la intenci\u00f3n especial de rezar este rosario a la Virgen para obtener, por su intercesi\u00f3n, el don de la paz para este mundo que est\u00e1 en guerra, especialmente en la tierra donde caminaron Jes\u00fas y la Virgen, en Ucrania y otros lugares donde ha estallado la guerra.\u00bb<\/p>\n<p>Tambi\u00e9n record\u00f3 que el papa Francisco ha invitado a todos los fieles y personas de buena voluntad a otra gran jornada de oraci\u00f3n y ayuno el 27 de octubre por la paz en Tierra Santa.<\/p>\n","protected":false},"excerpt":{"rendered":"<p>Por primera vez desde que naci\u00f3 la iniciativa en 2005 en Caracas, capital de Venezuela, el 18 de octubre de<\/p>\n","protected":false},"author":4258341447,"featured_media":186078,"comment_status":"closed","ping_status":"closed","sticky":false,"template":"","format":"standard","meta":{"_acf_changed":false,"_acn_coauthor_ids":[],"footnotes":""},"categories":[746],"tags":[],"country":[393],"class_list":["post-186096","post","type-post","status-publish","format-standard","has-post-thumbnail","hentry","category-noticias","country-internacional"],"acn_coauthors":[],"acf":[],"yoast_head":"<!-- This site is optimized with the Yoast SEO Premium plugin v27.3 (Yoast SEO v27.3) - https:\/\/yoast.com\/product\/yoast-seo-premium-wordpress\/ -->\n<title>El mundo quiere paz - M\u00e1s de un mill\u00f3n de ni\u00f1os se unen en oraci\u00f3n | ACN International<\/title>\n<meta name=\"robots\" content=\"index, follow, max-snippet:-1, max-image-preview:large, max-video-preview:-1\" \/>\n<link rel=\"canonical\" href=\"https:\/\/acninternational.org\/es\/el-mundo-quiere-paz-mas-de-un-millon-de-ninos-se-unen-en-oracion\/\" \/>\n<meta property=\"og:locale\" content=\"es_ES\" \/>\n<meta property=\"og:type\" content=\"article\" \/>\n<meta property=\"og:title\" content=\"El mundo quiere paz - M\u00e1s de un mill\u00f3n de ni\u00f1os se unen en oraci\u00f3n\" \/>\n<meta property=\"og:description\" content=\"Por primera vez desde que naci\u00f3 la iniciativa en 2005 en Caracas, capital de Venezuela, el 18 de octubre de\" \/>\n<meta property=\"og:url\" content=\"https:\/\/acninternational.org\/es\/el-mundo-quiere-paz-mas-de-un-millon-de-ninos-se-unen-en-oracion\/\" \/>\n<meta property=\"og:site_name\" content=\"ACN International\" \/>\n<meta property=\"article:publisher\" content=\"https:\/\/www.facebook.com\/acninternationalorg\" \/>\n<meta property=\"article:published_time\" content=\"2023-10-27T10:53:18+00:00\" \/>\n<meta property=\"article:modified_time\" content=\"2023-10-27T10:53:32+00:00\" \/>\n<meta property=\"og:image\" content=\"https:\/\/media.acninternational.org\/wp-content\/uploads\/2023\/10\/ACN-20231018-154414.jpg\" \/>\n\t<meta property=\"og:image:width\" content=\"1920\" \/>\n\t<meta property=\"og:image:height\" content=\"700\" \/>\n\t<meta property=\"og:image:type\" content=\"image\/jpeg\" \/>\n<meta name=\"author\" content=\"ACN Press Team\" \/>\n<meta name=\"twitter:card\" content=\"summary_large_image\" \/>\n<meta name=\"twitter:creator\" content=\"@acn_int\" \/>\n<meta name=\"twitter:site\" content=\"@acn_int\" \/>\n<meta name=\"twitter:label1\" content=\"Escrito por\" \/>\n\t<meta name=\"twitter:data1\" content=\"ACN Press Team\" \/>\n\t<meta name=\"twitter:label2\" content=\"Tiempo de lectura\" \/>\n\t<meta name=\"twitter:data2\" content=\"3 minutos\" \/>\n<script type=\"application\/ld+json\" class=\"yoast-schema-graph\">{\"@context\":\"https:\\\/\\\/schema.org\",\"@graph\":[{\"@type\":\"Article\",\"@id\":\"https:\\\/\\\/acninternational.org\\\/es\\\/el-mundo-quiere-paz-mas-de-un-millon-de-ninos-se-unen-en-oracion\\\/#article\",\"isPartOf\":{\"@id\":\"https:\\\/\\\/acninternational.org\\\/es\\\/el-mundo-quiere-paz-mas-de-un-millon-de-ninos-se-unen-en-oracion\\\/\"},\"author\":{\"name\":\"ACN Press Team\",\"@id\":\"https:\\\/\\\/acninternational.org\\\/es\\\/#\\\/schema\\\/person\\\/7f3dafb236b242fb2aa46be1411fd703\"},\"headline\":\"El mundo quiere paz &#8211; M\u00e1s de un mill\u00f3n de ni\u00f1os se unen en oraci\u00f3n\",\"datePublished\":\"2023-10-27T10:53:18+00:00\",\"dateModified\":\"2023-10-27T10:53:32+00:00\",\"mainEntityOfPage\":{\"@id\":\"https:\\\/\\\/acninternational.org\\\/es\\\/el-mundo-quiere-paz-mas-de-un-millon-de-ninos-se-unen-en-oracion\\\/\"},\"wordCount\":616,\"publisher\":{\"@id\":\"https:\\\/\\\/acninternational.org\\\/es\\\/#organization\"},\"image\":{\"@id\":\"https:\\\/\\\/acninternational.org\\\/es\\\/el-mundo-quiere-paz-mas-de-un-millon-de-ninos-se-unen-en-oracion\\\/#primaryimage\"},\"thumbnailUrl\":\"https:\\\/\\\/media.acninternational.org\\\/wp-content\\\/uploads\\\/2023\\\/10\\\/ACN-20231018-154414.jpg\",\"articleSection\":[\"NOTICIAS\"],\"inLanguage\":\"es\"},{\"@type\":\"WebPage\",\"@id\":\"https:\\\/\\\/acninternational.org\\\/es\\\/el-mundo-quiere-paz-mas-de-un-millon-de-ninos-se-unen-en-oracion\\\/\",\"url\":\"https:\\\/\\\/acninternational.org\\\/es\\\/el-mundo-quiere-paz-mas-de-un-millon-de-ninos-se-unen-en-oracion\\\/\",\"name\":\"El mundo quiere paz - M\u00e1s de un mill\u00f3n de ni\u00f1os se unen en oraci\u00f3n | ACN International\",\"isPartOf\":{\"@id\":\"https:\\\/\\\/acninternational.org\\\/es\\\/#website\"},\"primaryImageOfPage\":{\"@id\":\"https:\\\/\\\/acninternational.org\\\/es\\\/el-mundo-quiere-paz-mas-de-un-millon-de-ninos-se-unen-en-oracion\\\/#primaryimage\"},\"image\":{\"@id\":\"https:\\\/\\\/acninternational.org\\\/es\\\/el-mundo-quiere-paz-mas-de-un-millon-de-ninos-se-unen-en-oracion\\\/#primaryimage\"},\"thumbnailUrl\":\"https:\\\/\\\/media.acninternational.org\\\/wp-content\\\/uploads\\\/2023\\\/10\\\/ACN-20231018-154414.jpg\",\"datePublished\":\"2023-10-27T10:53:18+00:00\",\"dateModified\":\"2023-10-27T10:53:32+00:00\",\"breadcrumb\":{\"@id\":\"https:\\\/\\\/acninternational.org\\\/es\\\/el-mundo-quiere-paz-mas-de-un-millon-de-ninos-se-unen-en-oracion\\\/#breadcrumb\"},\"inLanguage\":\"es\",\"potentialAction\":[{\"@type\":\"ReadAction\",\"target\":[\"https:\\\/\\\/acninternational.org\\\/es\\\/el-mundo-quiere-paz-mas-de-un-millon-de-ninos-se-unen-en-oracion\\\/\"]}]},{\"@type\":\"ImageObject\",\"inLanguage\":\"es\",\"@id\":\"https:\\\/\\\/acninternational.org\\\/es\\\/el-mundo-quiere-paz-mas-de-un-millon-de-ninos-se-unen-en-oracion\\\/#primaryimage\",\"url\":\"https:\\\/\\\/media.acninternational.org\\\/wp-content\\\/uploads\\\/2023\\\/10\\\/ACN-20231018-154414.jpg\",\"contentUrl\":\"https:\\\/\\\/media.acninternational.org\\\/wp-content\\\/uploads\\\/2023\\\/10\\\/ACN-20231018-154414.jpg\",\"width\":1920,\"height\":700},{\"@type\":\"BreadcrumbList\",\"@id\":\"https:\\\/\\\/acninternational.org\\\/es\\\/el-mundo-quiere-paz-mas-de-un-millon-de-ninos-se-unen-en-oracion\\\/#breadcrumb\",\"itemListElement\":[{\"@type\":\"ListItem\",\"position\":1,\"name\":\"Home\",\"item\":\"https:\\\/\\\/acninternational.org\\\/es\\\/\"},{\"@type\":\"ListItem\",\"position\":2,\"name\":\"NOTICIAS\",\"item\":\"https:\\\/\\\/acninternational.org\\\/es\\\/category\\\/noticias\\\/\"},{\"@type\":\"ListItem\",\"position\":3,\"name\":\"El mundo quiere paz &#8211; M\u00e1s de un mill\u00f3n de ni\u00f1os se unen en oraci\u00f3n\"}]},{\"@type\":\"WebSite\",\"@id\":\"https:\\\/\\\/acninternational.org\\\/es\\\/#website\",\"url\":\"https:\\\/\\\/acninternational.org\\\/es\\\/\",\"name\":\"ACN International\",\"description\":\"\",\"publisher\":{\"@id\":\"https:\\\/\\\/acninternational.org\\\/es\\\/#organization\"},\"potentialAction\":[{\"@type\":\"SearchAction\",\"target\":{\"@type\":\"EntryPoint\",\"urlTemplate\":\"https:\\\/\\\/acninternational.org\\\/es\\\/?s={search_term_string}\"},\"query-input\":{\"@type\":\"PropertyValueSpecification\",\"valueRequired\":true,\"valueName\":\"search_term_string\"}}],\"inLanguage\":\"es\"},{\"@type\":\"Organization\",\"@id\":\"https:\\\/\\\/acninternational.org\\\/es\\\/#organization\",\"name\":\"Aid to the Church in Need International\",\"url\":\"https:\\\/\\\/acninternational.org\\\/es\\\/\",\"logo\":{\"@type\":\"ImageObject\",\"inLanguage\":\"es\",\"@id\":\"https:\\\/\\\/acninternational.org\\\/es\\\/#\\\/schema\\\/logo\\\/image\\\/\",\"url\":\"https:\\\/\\\/media.acninternational.org\\\/wp-content\\\/uploads\\\/2019\\\/11\\\/acn_logo_blackvector.svg\",\"contentUrl\":\"https:\\\/\\\/media.acninternational.org\\\/wp-content\\\/uploads\\\/2019\\\/11\\\/acn_logo_blackvector.svg\",\"width\":232.6,\"height\":78,\"caption\":\"Aid to the Church in Need International\"},\"image\":{\"@id\":\"https:\\\/\\\/acninternational.org\\\/es\\\/#\\\/schema\\\/logo\\\/image\\\/\"},\"sameAs\":[\"https:\\\/\\\/www.facebook.com\\\/acninternationalorg\",\"https:\\\/\\\/x.com\\\/acn_int\",\"https:\\\/\\\/www.youtube.com\\\/channel\\\/UCQ-077gS0TnVzkhHmf1opZw\",\"https:\\\/\\\/www.instagram.com\\\/acn_international\\\/\"]},{\"@type\":\"Person\",\"@id\":\"https:\\\/\\\/acninternational.org\\\/es\\\/#\\\/schema\\\/person\\\/7f3dafb236b242fb2aa46be1411fd703\",\"name\":\"ACN Press Team\",\"description\":\"Lorem ipsum dolor sit amet, consectetur adipiscing elit, sed do eiusmod tempor incididunt ut labore et dolore magna aliqua. Ut enim ad minim veniam, quis nostrud exercitation ullamco laboris nisi ut aliquip ex ea commodo consequat.\",\"url\":\"https:\\\/\\\/acninternational.org\\\/es\\\/author\\\/acn-press-team\\\/\"}]}<\/script>\n<!-- \/ Yoast SEO Premium plugin. -->","yoast_head_json":{"title":"El mundo quiere paz - M\u00e1s de un mill\u00f3n de ni\u00f1os se unen en oraci\u00f3n | ACN International","robots":{"index":"index","follow":"follow","max-snippet":"max-snippet:-1","max-image-preview":"max-image-preview:large","max-video-preview":"max-video-preview:-1"},"canonical":"https:\/\/acninternational.org\/es\/el-mundo-quiere-paz-mas-de-un-millon-de-ninos-se-unen-en-oracion\/","og_locale":"es_ES","og_type":"article","og_title":"El mundo quiere paz - M\u00e1s de un mill\u00f3n de ni\u00f1os se unen en oraci\u00f3n","og_description":"Por primera vez desde que naci\u00f3 la iniciativa en 2005 en Caracas, capital de Venezuela, el 18 de octubre de","og_url":"https:\/\/acninternational.org\/es\/el-mundo-quiere-paz-mas-de-un-millon-de-ninos-se-unen-en-oracion\/","og_site_name":"ACN International","article_publisher":"https:\/\/www.facebook.com\/acninternationalorg","article_published_time":"2023-10-27T10:53:18+00:00","article_modified_time":"2023-10-27T10:53:32+00:00","og_image":[{"width":1920,"height":700,"url":"https:\/\/media.acninternational.org\/wp-content\/uploads\/2023\/10\/ACN-20231018-154414.jpg","type":"image\/jpeg"}],"author":"ACN Press Team","twitter_card":"summary_large_image","twitter_creator":"@acn_int","twitter_site":"@acn_int","twitter_misc":{"Escrito por":"ACN Press Team","Tiempo de lectura":"3 minutos"},"schema":{"@context":"https:\/\/schema.org","@graph":[{"@type":"Article","@id":"https:\/\/acninternational.org\/es\/el-mundo-quiere-paz-mas-de-un-millon-de-ninos-se-unen-en-oracion\/#article","isPartOf":{"@id":"https:\/\/acninternational.org\/es\/el-mundo-quiere-paz-mas-de-un-millon-de-ninos-se-unen-en-oracion\/"},"author":{"name":"ACN Press Team","@id":"https:\/\/acninternational.org\/es\/#\/schema\/person\/7f3dafb236b242fb2aa46be1411fd703"},"headline":"El mundo quiere paz &#8211; M\u00e1s de un mill\u00f3n de ni\u00f1os se unen en oraci\u00f3n","datePublished":"2023-10-27T10:53:18+00:00","dateModified":"2023-10-27T10:53:32+00:00","mainEntityOfPage":{"@id":"https:\/\/acninternational.org\/es\/el-mundo-quiere-paz-mas-de-un-millon-de-ninos-se-unen-en-oracion\/"},"wordCount":616,"publisher":{"@id":"https:\/\/acninternational.org\/es\/#organization"},"image":{"@id":"https:\/\/acninternational.org\/es\/el-mundo-quiere-paz-mas-de-un-millon-de-ninos-se-unen-en-oracion\/#primaryimage"},"thumbnailUrl":"https:\/\/media.acninternational.org\/wp-content\/uploads\/2023\/10\/ACN-20231018-154414.jpg","articleSection":["NOTICIAS"],"inLanguage":"es"},{"@type":"WebPage","@id":"https:\/\/acninternational.org\/es\/el-mundo-quiere-paz-mas-de-un-millon-de-ninos-se-unen-en-oracion\/","url":"https:\/\/acninternational.org\/es\/el-mundo-quiere-paz-mas-de-un-millon-de-ninos-se-unen-en-oracion\/","name":"El mundo quiere paz - M\u00e1s de un mill\u00f3n de ni\u00f1os se unen en oraci\u00f3n | ACN International","isPartOf":{"@id":"https:\/\/acninternational.org\/es\/#website"},"primaryImageOfPage":{"@id":"https:\/\/acninternational.org\/es\/el-mundo-quiere-paz-mas-de-un-millon-de-ninos-se-unen-en-oracion\/#primaryimage"},"image":{"@id":"https:\/\/acninternational.org\/es\/el-mundo-quiere-paz-mas-de-un-millon-de-ninos-se-unen-en-oracion\/#primaryimage"},"thumbnailUrl":"https:\/\/media.acninternational.org\/wp-content\/uploads\/2023\/10\/ACN-20231018-154414.jpg","datePublished":"2023-10-27T10:53:18+00:00","dateModified":"2023-10-27T10:53:32+00:00","breadcrumb":{"@id":"https:\/\/acninternational.org\/es\/el-mundo-quiere-paz-mas-de-un-millon-de-ninos-se-unen-en-oracion\/#breadcrumb"},"inLanguage":"es","potentialAction":[{"@type":"ReadAction","target":["https:\/\/acninternational.org\/es\/el-mundo-quiere-paz-mas-de-un-millon-de-ninos-se-unen-en-oracion\/"]}]},{"@type":"ImageObject","inLanguage":"es","@id":"https:\/\/acninternational.org\/es\/el-mundo-quiere-paz-mas-de-un-millon-de-ninos-se-unen-en-oracion\/#primaryimage","url":"https:\/\/media.acninternational.org\/wp-content\/uploads\/2023\/10\/ACN-20231018-154414.jpg","contentUrl":"https:\/\/media.acninternational.org\/wp-content\/uploads\/2023\/10\/ACN-20231018-154414.jpg","width":1920,"height":700},{"@type":"BreadcrumbList","@id":"https:\/\/acninternational.org\/es\/el-mundo-quiere-paz-mas-de-un-millon-de-ninos-se-unen-en-oracion\/#breadcrumb","itemListElement":[{"@type":"ListItem","position":1,"name":"Home","item":"https:\/\/acninternational.org\/es\/"},{"@type":"ListItem","position":2,"name":"NOTICIAS","item":"https:\/\/acninternational.org\/es\/category\/noticias\/"},{"@type":"ListItem","position":3,"name":"El mundo quiere paz &#8211; M\u00e1s de un mill\u00f3n de ni\u00f1os se unen en oraci\u00f3n"}]},{"@type":"WebSite","@id":"https:\/\/acninternational.org\/es\/#website","url":"https:\/\/acninternational.org\/es\/","name":"ACN International","description":"","publisher":{"@id":"https:\/\/acninternational.org\/es\/#organization"},"potentialAction":[{"@type":"SearchAction","target":{"@type":"EntryPoint","urlTemplate":"https:\/\/acninternational.org\/es\/?s={search_term_string}"},"query-input":{"@type":"PropertyValueSpecification","valueRequired":true,"valueName":"search_term_string"}}],"inLanguage":"es"},{"@type":"Organization","@id":"https:\/\/acninternational.org\/es\/#organization","name":"Aid to the Church in Need International","url":"https:\/\/acninternational.org\/es\/","logo":{"@type":"ImageObject","inLanguage":"es","@id":"https:\/\/acninternational.org\/es\/#\/schema\/logo\/image\/","url":"https:\/\/media.acninternational.org\/wp-content\/uploads\/2019\/11\/acn_logo_blackvector.svg","contentUrl":"https:\/\/media.acninternational.org\/wp-content\/uploads\/2019\/11\/acn_logo_blackvector.svg","width":232.6,"height":78,"caption":"Aid to the Church in Need International"},"image":{"@id":"https:\/\/acninternational.org\/es\/#\/schema\/logo\/image\/"},"sameAs":["https:\/\/www.facebook.com\/acninternationalorg","https:\/\/x.com\/acn_int","https:\/\/www.youtube.com\/channel\/UCQ-077gS0TnVzkhHmf1opZw","https:\/\/www.instagram.com\/acn_international\/"]},{"@type":"Person","@id":"https:\/\/acninternational.org\/es\/#\/schema\/person\/7f3dafb236b242fb2aa46be1411fd703","name":"ACN Press Team","description":"Lorem ipsum dolor sit amet, consectetur adipiscing elit, sed do eiusmod tempor incididunt ut labore et dolore magna aliqua. Ut enim ad minim veniam, quis nostrud exercitation ullamco laboris nisi ut aliquip ex ea commodo consequat.","url":"https:\/\/acninternational.org\/es\/author\/acn-press-team\/"}]}},"_links":{"self":[{"href":"https:\/\/acninternational.org\/es\/wp-json\/wp\/v2\/posts\/186096","targetHints":{"allow":["GET"]}}],"collection":[{"href":"https:\/\/acninternational.org\/es\/wp-json\/wp\/v2\/posts"}],"about":[{"href":"https:\/\/acninternational.org\/es\/wp-json\/wp\/v2\/types\/post"}],"author":[{"embeddable":true,"href":"https:\/\/acninternational.org\/es\/wp-json\/wp\/v2\/users\/4258341447"}],"replies":[{"embeddable":true,"href":"https:\/\/acninternational.org\/es\/wp-json\/wp\/v2\/comments?post=186096"}],"version-history":[{"count":0,"href":"https:\/\/acninternational.org\/es\/wp-json\/wp\/v2\/posts\/186096\/revisions"}],"wp:featuredmedia":[{"embeddable":true,"href":"https:\/\/acninternational.org\/es\/wp-json\/wp\/v2\/media\/186078"}],"wp:attachment":[{"href":"https:\/\/acninternational.org\/es\/wp-json\/wp\/v2\/media?parent=186096"}],"wp:term":[{"taxonomy":"category","embeddable":true,"href":"https:\/\/acninternational.org\/es\/wp-json\/wp\/v2\/categories?post=186096"},{"taxonomy":"post_tag","embeddable":true,"href":"https:\/\/acninternational.org\/es\/wp-json\/wp\/v2\/tags?post=186096"},{"taxonomy":"country","embeddable":true,"href":"https:\/\/acninternational.org\/es\/wp-json\/wp\/v2\/country?post=186096"}],"curies":[{"name":"wp","href":"https:\/\/api.w.org\/{rel}","templated":true}]}}