{"id":185266,"date":"2023-09-15T15:40:36","date_gmt":"2023-09-15T13:40:36","guid":{"rendered":"https:\/\/acninternational.org\/?p=185266"},"modified":"2023-09-15T15:40:49","modified_gmt":"2023-09-15T13:40:49","slug":"en-mongolia-se-ha-sentado-la-base-para-el-rumbo-futuro","status":"publish","type":"post","link":"https:\/\/acninternational.org\/es\/en-mongolia-se-ha-sentado-la-base-para-el-rumbo-futuro\/","title":{"rendered":"\u201cEn Mongolia se ha sentado la base para el rumbo futuro\u201d."},"content":{"rendered":"<p><em>El papa Francisco estuvo en Mongolia del 1 al 4 de septiembre para visitar a la peque\u00f1a, pero creciente, comunidad cat\u00f3lica y para reunirse con otros l\u00edderes religiosos del pa\u00eds. El responsable de proyectos de ACN para Asia Central, Peter Humeniuk, que particip\u00f3 en el viaje, presenta en una entrevista con Mar\u00eda Lozano sus conclusiones acerca de la visita del Papa y de lo que puede significar para el futuro del pa\u00eds y de toda la regi\u00f3n.<\/em><\/p>\n<figure id=\"attachment_185248\" aria-describedby=\"caption-attachment-185248\" style=\"width: 683px\" class=\"wp-caption aligncenter\"><img loading=\"lazy\" decoding=\"async\" class=\"wp-image-185248 size-large\" src=\"https:\/\/media.acninternational.org\/wp-content\/uploads\/2023\/09\/ACN-20230902-152294-683x1024.jpg\" alt=\"Peter Humeniuk (Responsable de Asia Central en AIN Internacional) en Ul\u00e1n Bator, Mongolia.\" width=\"683\" height=\"1024\" srcset=\"https:\/\/media.acninternational.org\/wp-content\/uploads\/2023\/09\/ACN-20230902-152294-683x1024.jpg 683w, https:\/\/media.acninternational.org\/wp-content\/uploads\/2023\/09\/ACN-20230902-152294-200x300.jpg 200w, https:\/\/media.acninternational.org\/wp-content\/uploads\/2023\/09\/ACN-20230902-152294.jpg 720w\" sizes=\"auto, (max-width: 683px) 100vw, 683px\" \/><figcaption id=\"caption-attachment-185248\" class=\"wp-caption-text\">Peter Humeniuk (Responsable de Asia Central en AIN Internacional) en Ul\u00e1n Bator, Mongolia.<\/figcaption><\/figure>\n<h4><strong>\u00bfC\u00f3mo resumir\u00eda el viaje de tres d\u00edas del Papa a Mongolia? \u00bfQu\u00e9 destacar\u00eda de \u00e9l?<\/strong><\/h4>\n<p>Esta visita pontificia, que ha sido una sorpresa para muchos, vino precedida por la pregunta de si realmente podr\u00eda tener lugar\u2026 y, al final, ha resultado ser un viaje pontificio muy exitoso.<\/p>\n<p>Aqu\u00ed, en Mongolia, se ha sentado la base para el rumbo futuro. Adem\u00e1s, me han impresionado la intuici\u00f3n y sensibilidad de las que ha hecho gala el santo padre en este contexto tan complicado.<\/p>\n<p>Previamente al viaje, muchos tambi\u00e9n se preguntaron por qu\u00e9 el Papa visitaba precisamente un pa\u00eds cuyos habitantes son mayoritariamente budistas y que tiene tan pocos cat\u00f3licos y una infraestructura eclesi\u00e1stica tan peque\u00f1a. La respuesta sol\u00eda ser que el Papa acude a las periferias y, ciertamente, en este caso lo ha hecho. Pero resulta que al acudir a las periferias, el Papa, en realidad, ha ido al centro, al mismo coraz\u00f3n.<\/p>\n<h4><strong>\u00bfQu\u00e9 quiere decir exactamente con eso de que ha ido al centro?<\/strong><\/h4>\n<p>Por centro me refiero a Asia Central y Oriental, al n\u00facleo de Asia. Esta visita ha brindado la ocasi\u00f3n de reunir a muchas Iglesias locales de esta regi\u00f3n. Pero no s\u00f3lo ha dado pie a un encuentro de sus representantes eclesi\u00e1sticos, obispos y cardenales, sino tambi\u00e9n de los numerosos fieles de estas Iglesias locales que se han reunido para dar la bienvenida al santo padre. Sin duda, el Papa los ha orientado con su gesto.<\/p>\n<h4><strong>\u00bfDe qu\u00e9 pa\u00edses estamos hablando?<\/strong><\/h4>\n<p>Estamos hablando -aparte de Mongolia- de pa\u00edses como China, Vietnam, Tailandia, Corea del Sur, Jap\u00f3n, Filipinas, Kazajist\u00e1n, Kirguist\u00e1n y Rusia.<\/p>\n<h4><strong>\u00bfCree entonces que esta visita puede servir de gu\u00eda a todos esos pa\u00edses?<\/strong><\/h4>\n<p>En Asia en general -exceptuando\u00a0 Filipinas- los cristianos son una minor\u00eda que vive en condiciones m\u00e1s o menos dif\u00edciles, y aqu\u00ed se han reunido con todas sus diferentes peculiaridades y caracter\u00edsticas. Este viaje ha puesto de relieve, una vez m\u00e1s, la riqueza de estos pa\u00edses y regiones, y sin duda ha inspirado y confirmado a la gente en su fe.<\/p>\n<h4><strong>\u00bfCree que este viaje aportar\u00e1 algo positivo a largo plazo?<\/strong><\/h4>\n<p>Para los pa\u00edses que han afrontado el reto de una visita pontificia en el pasado, estas visitas representan un potencial. Tomemos, por ejemplo, el caso de Kazajist\u00e1n, donde esto se ve claramente. La primera visita de Juan Pablo II, en octubre de 2001, tuvo consecuencias positivas para la Iglesia local, y tambi\u00e9n las tuvo\u00a0 la\u00a0 visita de Francisco, en septiembre de 2022, al aportar mucho alivio a los fieles a nivel jur\u00eddico y otros, resultando\u00a0 una situaci\u00f3n mucho mejor para ellos.<\/p>\n<figure id=\"attachment_185254\" aria-describedby=\"caption-attachment-185254\" style=\"width: 800px\" class=\"wp-caption aligncenter\"><img loading=\"lazy\" decoding=\"async\" class=\"wp-image-185254 size-large\" src=\"https:\/\/media.acninternational.org\/wp-content\/uploads\/2023\/09\/ACN-20230902-152265-1024x683.jpg\" alt=\"Gente viendo al Papa durante el encuentro con el Presidente de Mongolia\" width=\"800\" height=\"534\" srcset=\"https:\/\/media.acninternational.org\/wp-content\/uploads\/2023\/09\/ACN-20230902-152265-1024x683.jpg 1024w, https:\/\/media.acninternational.org\/wp-content\/uploads\/2023\/09\/ACN-20230902-152265-300x200.jpg 300w, https:\/\/media.acninternational.org\/wp-content\/uploads\/2023\/09\/ACN-20230902-152265-768x512.jpg 768w, https:\/\/media.acninternational.org\/wp-content\/uploads\/2023\/09\/ACN-20230902-152265.jpg 1080w\" sizes=\"auto, (max-width: 800px) 100vw, 800px\" \/><figcaption id=\"caption-attachment-185254\" class=\"wp-caption-text\">Gente viendo al Papa durante el encuentro con el Presidente de Mongolia<\/figcaption><\/figure>\n<p>La visita a Mongolia tambi\u00e9n supone un cambio positivo, y es importante aceptarlo como tal. Las condiciones aqu\u00ed, en un pa\u00eds de mayor\u00eda budista, son muy diferentes a las de Kazajist\u00e1n, pero creo que tanto el Estado como los creyentes se beneficiar\u00e1n de esta valent\u00eda. Pero, naturalmente, hay que conceder un cierto tiempo a estos procesos, que no ocurren de la noche a la ma\u00f1ana.<\/p>\n<h4><strong>A Mongolia ha acudido un gran n\u00famero de creyentes y obispos de Vietnam. \u00bfEs \u00e9se tambi\u00e9n un pa\u00eds donde se espera alivio para los fieles?<\/strong><\/h4>\n<p>Vietnam es un buen ejemplo de la evoluci\u00f3n positiva de las relaciones entre los Estados comunistas y el Vaticano. Con ocasi\u00f3n de la visita del presidente al Vaticano -el 27 de julio de 2023- y en rondas de negociaciones preparadas con mucha antelaci\u00f3n, se lleg\u00f3 a un acuerdo que puede calificarse de hist\u00f3rico: a partir de ahora habr\u00e1 un representante del Vaticano residente en Vietnam. Tenemos la esperanza de que la situaci\u00f3n de los cat\u00f3licos vietnamitas cambie significativamente como resultado de ello.<\/p>\n<h4><strong>\u00bfY qu\u00e9 significa este viaje para la ayuda que presta ACN?\u00a0 \u00bfTiene la fundaci\u00f3n pontificia una misi\u00f3n espec\u00edfica que cumplir en Mongolia?<\/strong><\/h4>\n<p>En este contexto es importante mencionar la creaci\u00f3n de una Conferencia Episcopal de Asia Central en 2021, en la que Mongolia ha sido incluida recientemente. Se trata de una se\u00f1al muy positiva. En el marco de esta cooperaci\u00f3n, ACN se propone garantizar y desarrollar su apoyo a las Iglesias locales, incluidos los cat\u00f3licos de Mongolia. Esto ser\u00e1 en proporci\u00f3n a su n\u00famero, pero nosotros queremos contribuir a promover la existencia, las condiciones y las oportunidades de desarrollo de estas Iglesias locales.<\/p>\n<figure id=\"attachment_185260\" aria-describedby=\"caption-attachment-185260\" style=\"width: 800px\" class=\"wp-caption aligncenter\"><img loading=\"lazy\" decoding=\"async\" class=\"wp-image-185260 size-large\" src=\"https:\/\/media.acninternational.org\/wp-content\/uploads\/2023\/09\/ACN-20230904-152527-1024x683.jpg\" alt=\"Peter Humeniuk con el Arzobispo Tomash (Tomasz) Bernard PetaArzobispo de Maria Santissima en Astana, Kazajst\u00e1n\" width=\"800\" height=\"534\" srcset=\"https:\/\/media.acninternational.org\/wp-content\/uploads\/2023\/09\/ACN-20230904-152527-1024x683.jpg 1024w, https:\/\/media.acninternational.org\/wp-content\/uploads\/2023\/09\/ACN-20230904-152527-300x200.jpg 300w, https:\/\/media.acninternational.org\/wp-content\/uploads\/2023\/09\/ACN-20230904-152527-768x512.jpg 768w, https:\/\/media.acninternational.org\/wp-content\/uploads\/2023\/09\/ACN-20230904-152527.jpg 1080w\" sizes=\"auto, (max-width: 800px) 100vw, 800px\" \/><figcaption id=\"caption-attachment-185260\" class=\"wp-caption-text\">Peter Humeniuk con el Arzobispo Tomash (Tomasz) Bernard Peta Arzobispo de Maria Santissima en Astana, Kazajst\u00e1n<\/figcaption><\/figure>\n<p>El Papa se ha referido en repetidas ocasiones a la situaci\u00f3n especial de los m\u00e1rgenes, de las periferias,\u00a0 ACN lleva tiempo intentando estar presente en esas zonas perif\u00e9ricas marginadas. Hemos estado reflexionando acerca de c\u00f3mo adaptar nuestro apoyo a las diferentes condiciones y realidades para hacer exactamente lo que el Papa est\u00e1 haciendo.<\/p>\n<p>Aqu\u00ed es importante entender por qu\u00e9 lo hacemos: si no apoyamos a estas Iglesias locales -peque\u00f1as en n\u00famero- en las periferias, poco a poco dejar\u00e1n de existir,\u00a0 entonces el pron\u00f3stico es que las perderemos y no podremos reavivarlas. Hay que tenerlo en cuenta y por eso para ACN estos pa\u00edses son prioritarios.<\/p>\n","protected":false},"excerpt":{"rendered":"<p>El papa Francisco estuvo en Mongolia del 1 al 4 de septiembre para visitar a la peque\u00f1a, pero creciente, comunidad<\/p>\n","protected":false},"author":4258341447,"featured_media":185242,"comment_status":"closed","ping_status":"closed","sticky":false,"template":"","format":"standard","meta":{"_acf_changed":false,"_acn_coauthor_ids":[],"footnotes":""},"categories":[745,798],"tags":[],"country":[1320],"class_list":["post-185266","post","type-post","status-publish","format-standard","has-post-thumbnail","hentry","category-entrevistas","category-interviews-es","country-mongolia"],"acn_coauthors":[],"acf":[],"yoast_head":"<!-- This site is optimized with the Yoast SEO Premium plugin v27.3 (Yoast SEO v27.3) - https:\/\/yoast.com\/product\/yoast-seo-premium-wordpress\/ -->\n<title>\u201cEn Mongolia se ha sentado la base para el rumbo futuro\u201d. | ACN International<\/title>\n<meta name=\"robots\" content=\"index, follow, max-snippet:-1, max-image-preview:large, max-video-preview:-1\" \/>\n<link rel=\"canonical\" href=\"https:\/\/acninternational.org\/es\/en-mongolia-se-ha-sentado-la-base-para-el-rumbo-futuro\/\" \/>\n<meta property=\"og:locale\" content=\"es_ES\" \/>\n<meta property=\"og:type\" content=\"article\" \/>\n<meta property=\"og:title\" content=\"\u201cEn Mongolia se ha sentado la base para el rumbo futuro\u201d.\" \/>\n<meta property=\"og:description\" content=\"El papa Francisco estuvo en Mongolia del 1 al 4 de septiembre para visitar a la peque\u00f1a, pero creciente, comunidad\" \/>\n<meta property=\"og:url\" content=\"https:\/\/acninternational.org\/es\/en-mongolia-se-ha-sentado-la-base-para-el-rumbo-futuro\/\" \/>\n<meta property=\"og:site_name\" content=\"ACN International\" \/>\n<meta property=\"article:publisher\" content=\"https:\/\/www.facebook.com\/acninternationalorg\" \/>\n<meta property=\"article:published_time\" content=\"2023-09-15T13:40:36+00:00\" \/>\n<meta property=\"article:modified_time\" content=\"2023-09-15T13:40:49+00:00\" \/>\n<meta property=\"og:image\" content=\"https:\/\/media.acninternational.org\/wp-content\/uploads\/2023\/09\/ACN-20230904-152359.jpg\" \/>\n\t<meta property=\"og:image:width\" content=\"1920\" \/>\n\t<meta property=\"og:image:height\" content=\"700\" \/>\n\t<meta property=\"og:image:type\" content=\"image\/jpeg\" \/>\n<meta name=\"author\" content=\"ACN Press Team\" \/>\n<meta name=\"twitter:card\" content=\"summary_large_image\" \/>\n<meta name=\"twitter:creator\" content=\"@acn_int\" \/>\n<meta name=\"twitter:site\" content=\"@acn_int\" \/>\n<meta name=\"twitter:label1\" content=\"Escrito por\" \/>\n\t<meta name=\"twitter:data1\" content=\"ACN Press Team\" \/>\n\t<meta name=\"twitter:label2\" content=\"Tiempo de lectura\" \/>\n\t<meta name=\"twitter:data2\" content=\"5 minutos\" \/>\n<script type=\"application\/ld+json\" class=\"yoast-schema-graph\">{\"@context\":\"https:\\\/\\\/schema.org\",\"@graph\":[{\"@type\":\"Article\",\"@id\":\"https:\\\/\\\/acninternational.org\\\/es\\\/en-mongolia-se-ha-sentado-la-base-para-el-rumbo-futuro\\\/#article\",\"isPartOf\":{\"@id\":\"https:\\\/\\\/acninternational.org\\\/es\\\/en-mongolia-se-ha-sentado-la-base-para-el-rumbo-futuro\\\/\"},\"author\":{\"name\":\"ACN Press Team\",\"@id\":\"https:\\\/\\\/acninternational.org\\\/es\\\/#\\\/schema\\\/person\\\/7f3dafb236b242fb2aa46be1411fd703\"},\"headline\":\"\u201cEn Mongolia se ha sentado la base para el rumbo futuro\u201d.\",\"datePublished\":\"2023-09-15T13:40:36+00:00\",\"dateModified\":\"2023-09-15T13:40:49+00:00\",\"mainEntityOfPage\":{\"@id\":\"https:\\\/\\\/acninternational.org\\\/es\\\/en-mongolia-se-ha-sentado-la-base-para-el-rumbo-futuro\\\/\"},\"wordCount\":1032,\"publisher\":{\"@id\":\"https:\\\/\\\/acninternational.org\\\/es\\\/#organization\"},\"image\":{\"@id\":\"https:\\\/\\\/acninternational.org\\\/es\\\/en-mongolia-se-ha-sentado-la-base-para-el-rumbo-futuro\\\/#primaryimage\"},\"thumbnailUrl\":\"https:\\\/\\\/media.acninternational.org\\\/wp-content\\\/uploads\\\/2023\\\/09\\\/ACN-20230904-152359.jpg\",\"articleSection\":[\"ENTREVISTAS\",\"INTERVIEWS\"],\"inLanguage\":\"es\"},{\"@type\":\"WebPage\",\"@id\":\"https:\\\/\\\/acninternational.org\\\/es\\\/en-mongolia-se-ha-sentado-la-base-para-el-rumbo-futuro\\\/\",\"url\":\"https:\\\/\\\/acninternational.org\\\/es\\\/en-mongolia-se-ha-sentado-la-base-para-el-rumbo-futuro\\\/\",\"name\":\"\u201cEn Mongolia se ha sentado la base para el rumbo futuro\u201d. | ACN International\",\"isPartOf\":{\"@id\":\"https:\\\/\\\/acninternational.org\\\/es\\\/#website\"},\"primaryImageOfPage\":{\"@id\":\"https:\\\/\\\/acninternational.org\\\/es\\\/en-mongolia-se-ha-sentado-la-base-para-el-rumbo-futuro\\\/#primaryimage\"},\"image\":{\"@id\":\"https:\\\/\\\/acninternational.org\\\/es\\\/en-mongolia-se-ha-sentado-la-base-para-el-rumbo-futuro\\\/#primaryimage\"},\"thumbnailUrl\":\"https:\\\/\\\/media.acninternational.org\\\/wp-content\\\/uploads\\\/2023\\\/09\\\/ACN-20230904-152359.jpg\",\"datePublished\":\"2023-09-15T13:40:36+00:00\",\"dateModified\":\"2023-09-15T13:40:49+00:00\",\"breadcrumb\":{\"@id\":\"https:\\\/\\\/acninternational.org\\\/es\\\/en-mongolia-se-ha-sentado-la-base-para-el-rumbo-futuro\\\/#breadcrumb\"},\"inLanguage\":\"es\",\"potentialAction\":[{\"@type\":\"ReadAction\",\"target\":[\"https:\\\/\\\/acninternational.org\\\/es\\\/en-mongolia-se-ha-sentado-la-base-para-el-rumbo-futuro\\\/\"]}]},{\"@type\":\"ImageObject\",\"inLanguage\":\"es\",\"@id\":\"https:\\\/\\\/acninternational.org\\\/es\\\/en-mongolia-se-ha-sentado-la-base-para-el-rumbo-futuro\\\/#primaryimage\",\"url\":\"https:\\\/\\\/media.acninternational.org\\\/wp-content\\\/uploads\\\/2023\\\/09\\\/ACN-20230904-152359.jpg\",\"contentUrl\":\"https:\\\/\\\/media.acninternational.org\\\/wp-content\\\/uploads\\\/2023\\\/09\\\/ACN-20230904-152359.jpg\",\"width\":1920,\"height\":700},{\"@type\":\"BreadcrumbList\",\"@id\":\"https:\\\/\\\/acninternational.org\\\/es\\\/en-mongolia-se-ha-sentado-la-base-para-el-rumbo-futuro\\\/#breadcrumb\",\"itemListElement\":[{\"@type\":\"ListItem\",\"position\":1,\"name\":\"Home\",\"item\":\"https:\\\/\\\/acninternational.org\\\/es\\\/\"},{\"@type\":\"ListItem\",\"position\":2,\"name\":\"ENTREVISTAS\",\"item\":\"https:\\\/\\\/acninternational.org\\\/es\\\/category\\\/entrevistas\\\/\"},{\"@type\":\"ListItem\",\"position\":3,\"name\":\"\u201cEn Mongolia se ha sentado la base para el rumbo futuro\u201d.\"}]},{\"@type\":\"WebSite\",\"@id\":\"https:\\\/\\\/acninternational.org\\\/es\\\/#website\",\"url\":\"https:\\\/\\\/acninternational.org\\\/es\\\/\",\"name\":\"ACN International\",\"description\":\"\",\"publisher\":{\"@id\":\"https:\\\/\\\/acninternational.org\\\/es\\\/#organization\"},\"potentialAction\":[{\"@type\":\"SearchAction\",\"target\":{\"@type\":\"EntryPoint\",\"urlTemplate\":\"https:\\\/\\\/acninternational.org\\\/es\\\/?s={search_term_string}\"},\"query-input\":{\"@type\":\"PropertyValueSpecification\",\"valueRequired\":true,\"valueName\":\"search_term_string\"}}],\"inLanguage\":\"es\"},{\"@type\":\"Organization\",\"@id\":\"https:\\\/\\\/acninternational.org\\\/es\\\/#organization\",\"name\":\"Aid to the Church in Need International\",\"url\":\"https:\\\/\\\/acninternational.org\\\/es\\\/\",\"logo\":{\"@type\":\"ImageObject\",\"inLanguage\":\"es\",\"@id\":\"https:\\\/\\\/acninternational.org\\\/es\\\/#\\\/schema\\\/logo\\\/image\\\/\",\"url\":\"https:\\\/\\\/media.acninternational.org\\\/wp-content\\\/uploads\\\/2019\\\/11\\\/acn_logo_blackvector.svg\",\"contentUrl\":\"https:\\\/\\\/media.acninternational.org\\\/wp-content\\\/uploads\\\/2019\\\/11\\\/acn_logo_blackvector.svg\",\"width\":232.6,\"height\":78,\"caption\":\"Aid to the Church in Need International\"},\"image\":{\"@id\":\"https:\\\/\\\/acninternational.org\\\/es\\\/#\\\/schema\\\/logo\\\/image\\\/\"},\"sameAs\":[\"https:\\\/\\\/www.facebook.com\\\/acninternationalorg\",\"https:\\\/\\\/x.com\\\/acn_int\",\"https:\\\/\\\/www.youtube.com\\\/channel\\\/UCQ-077gS0TnVzkhHmf1opZw\",\"https:\\\/\\\/www.instagram.com\\\/acn_international\\\/\"]},{\"@type\":\"Person\",\"@id\":\"https:\\\/\\\/acninternational.org\\\/es\\\/#\\\/schema\\\/person\\\/7f3dafb236b242fb2aa46be1411fd703\",\"name\":\"ACN Press Team\",\"description\":\"Lorem ipsum dolor sit amet, consectetur adipiscing elit, sed do eiusmod tempor incididunt ut labore et dolore magna aliqua. Ut enim ad minim veniam, quis nostrud exercitation ullamco laboris nisi ut aliquip ex ea commodo consequat.\",\"url\":\"https:\\\/\\\/acninternational.org\\\/es\\\/author\\\/acn-press-team\\\/\"}]}<\/script>\n<!-- \/ Yoast SEO Premium plugin. -->","yoast_head_json":{"title":"\u201cEn Mongolia se ha sentado la base para el rumbo futuro\u201d. | ACN International","robots":{"index":"index","follow":"follow","max-snippet":"max-snippet:-1","max-image-preview":"max-image-preview:large","max-video-preview":"max-video-preview:-1"},"canonical":"https:\/\/acninternational.org\/es\/en-mongolia-se-ha-sentado-la-base-para-el-rumbo-futuro\/","og_locale":"es_ES","og_type":"article","og_title":"\u201cEn Mongolia se ha sentado la base para el rumbo futuro\u201d.","og_description":"El papa Francisco estuvo en Mongolia del 1 al 4 de septiembre para visitar a la peque\u00f1a, pero creciente, comunidad","og_url":"https:\/\/acninternational.org\/es\/en-mongolia-se-ha-sentado-la-base-para-el-rumbo-futuro\/","og_site_name":"ACN International","article_publisher":"https:\/\/www.facebook.com\/acninternationalorg","article_published_time":"2023-09-15T13:40:36+00:00","article_modified_time":"2023-09-15T13:40:49+00:00","og_image":[{"width":1920,"height":700,"url":"https:\/\/media.acninternational.org\/wp-content\/uploads\/2023\/09\/ACN-20230904-152359.jpg","type":"image\/jpeg"}],"author":"ACN Press Team","twitter_card":"summary_large_image","twitter_creator":"@acn_int","twitter_site":"@acn_int","twitter_misc":{"Escrito por":"ACN Press Team","Tiempo de lectura":"5 minutos"},"schema":{"@context":"https:\/\/schema.org","@graph":[{"@type":"Article","@id":"https:\/\/acninternational.org\/es\/en-mongolia-se-ha-sentado-la-base-para-el-rumbo-futuro\/#article","isPartOf":{"@id":"https:\/\/acninternational.org\/es\/en-mongolia-se-ha-sentado-la-base-para-el-rumbo-futuro\/"},"author":{"name":"ACN Press Team","@id":"https:\/\/acninternational.org\/es\/#\/schema\/person\/7f3dafb236b242fb2aa46be1411fd703"},"headline":"\u201cEn Mongolia se ha sentado la base para el rumbo futuro\u201d.","datePublished":"2023-09-15T13:40:36+00:00","dateModified":"2023-09-15T13:40:49+00:00","mainEntityOfPage":{"@id":"https:\/\/acninternational.org\/es\/en-mongolia-se-ha-sentado-la-base-para-el-rumbo-futuro\/"},"wordCount":1032,"publisher":{"@id":"https:\/\/acninternational.org\/es\/#organization"},"image":{"@id":"https:\/\/acninternational.org\/es\/en-mongolia-se-ha-sentado-la-base-para-el-rumbo-futuro\/#primaryimage"},"thumbnailUrl":"https:\/\/media.acninternational.org\/wp-content\/uploads\/2023\/09\/ACN-20230904-152359.jpg","articleSection":["ENTREVISTAS","INTERVIEWS"],"inLanguage":"es"},{"@type":"WebPage","@id":"https:\/\/acninternational.org\/es\/en-mongolia-se-ha-sentado-la-base-para-el-rumbo-futuro\/","url":"https:\/\/acninternational.org\/es\/en-mongolia-se-ha-sentado-la-base-para-el-rumbo-futuro\/","name":"\u201cEn Mongolia se ha sentado la base para el rumbo futuro\u201d. | ACN International","isPartOf":{"@id":"https:\/\/acninternational.org\/es\/#website"},"primaryImageOfPage":{"@id":"https:\/\/acninternational.org\/es\/en-mongolia-se-ha-sentado-la-base-para-el-rumbo-futuro\/#primaryimage"},"image":{"@id":"https:\/\/acninternational.org\/es\/en-mongolia-se-ha-sentado-la-base-para-el-rumbo-futuro\/#primaryimage"},"thumbnailUrl":"https:\/\/media.acninternational.org\/wp-content\/uploads\/2023\/09\/ACN-20230904-152359.jpg","datePublished":"2023-09-15T13:40:36+00:00","dateModified":"2023-09-15T13:40:49+00:00","breadcrumb":{"@id":"https:\/\/acninternational.org\/es\/en-mongolia-se-ha-sentado-la-base-para-el-rumbo-futuro\/#breadcrumb"},"inLanguage":"es","potentialAction":[{"@type":"ReadAction","target":["https:\/\/acninternational.org\/es\/en-mongolia-se-ha-sentado-la-base-para-el-rumbo-futuro\/"]}]},{"@type":"ImageObject","inLanguage":"es","@id":"https:\/\/acninternational.org\/es\/en-mongolia-se-ha-sentado-la-base-para-el-rumbo-futuro\/#primaryimage","url":"https:\/\/media.acninternational.org\/wp-content\/uploads\/2023\/09\/ACN-20230904-152359.jpg","contentUrl":"https:\/\/media.acninternational.org\/wp-content\/uploads\/2023\/09\/ACN-20230904-152359.jpg","width":1920,"height":700},{"@type":"BreadcrumbList","@id":"https:\/\/acninternational.org\/es\/en-mongolia-se-ha-sentado-la-base-para-el-rumbo-futuro\/#breadcrumb","itemListElement":[{"@type":"ListItem","position":1,"name":"Home","item":"https:\/\/acninternational.org\/es\/"},{"@type":"ListItem","position":2,"name":"ENTREVISTAS","item":"https:\/\/acninternational.org\/es\/category\/entrevistas\/"},{"@type":"ListItem","position":3,"name":"\u201cEn Mongolia se ha sentado la base para el rumbo futuro\u201d."}]},{"@type":"WebSite","@id":"https:\/\/acninternational.org\/es\/#website","url":"https:\/\/acninternational.org\/es\/","name":"ACN International","description":"","publisher":{"@id":"https:\/\/acninternational.org\/es\/#organization"},"potentialAction":[{"@type":"SearchAction","target":{"@type":"EntryPoint","urlTemplate":"https:\/\/acninternational.org\/es\/?s={search_term_string}"},"query-input":{"@type":"PropertyValueSpecification","valueRequired":true,"valueName":"search_term_string"}}],"inLanguage":"es"},{"@type":"Organization","@id":"https:\/\/acninternational.org\/es\/#organization","name":"Aid to the Church in Need International","url":"https:\/\/acninternational.org\/es\/","logo":{"@type":"ImageObject","inLanguage":"es","@id":"https:\/\/acninternational.org\/es\/#\/schema\/logo\/image\/","url":"https:\/\/media.acninternational.org\/wp-content\/uploads\/2019\/11\/acn_logo_blackvector.svg","contentUrl":"https:\/\/media.acninternational.org\/wp-content\/uploads\/2019\/11\/acn_logo_blackvector.svg","width":232.6,"height":78,"caption":"Aid to the Church in Need International"},"image":{"@id":"https:\/\/acninternational.org\/es\/#\/schema\/logo\/image\/"},"sameAs":["https:\/\/www.facebook.com\/acninternationalorg","https:\/\/x.com\/acn_int","https:\/\/www.youtube.com\/channel\/UCQ-077gS0TnVzkhHmf1opZw","https:\/\/www.instagram.com\/acn_international\/"]},{"@type":"Person","@id":"https:\/\/acninternational.org\/es\/#\/schema\/person\/7f3dafb236b242fb2aa46be1411fd703","name":"ACN Press Team","description":"Lorem ipsum dolor sit amet, consectetur adipiscing elit, sed do eiusmod tempor incididunt ut labore et dolore magna aliqua. Ut enim ad minim veniam, quis nostrud exercitation ullamco laboris nisi ut aliquip ex ea commodo consequat.","url":"https:\/\/acninternational.org\/es\/author\/acn-press-team\/"}]}},"_links":{"self":[{"href":"https:\/\/acninternational.org\/es\/wp-json\/wp\/v2\/posts\/185266","targetHints":{"allow":["GET"]}}],"collection":[{"href":"https:\/\/acninternational.org\/es\/wp-json\/wp\/v2\/posts"}],"about":[{"href":"https:\/\/acninternational.org\/es\/wp-json\/wp\/v2\/types\/post"}],"author":[{"embeddable":true,"href":"https:\/\/acninternational.org\/es\/wp-json\/wp\/v2\/users\/4258341447"}],"replies":[{"embeddable":true,"href":"https:\/\/acninternational.org\/es\/wp-json\/wp\/v2\/comments?post=185266"}],"version-history":[{"count":0,"href":"https:\/\/acninternational.org\/es\/wp-json\/wp\/v2\/posts\/185266\/revisions"}],"wp:featuredmedia":[{"embeddable":true,"href":"https:\/\/acninternational.org\/es\/wp-json\/wp\/v2\/media\/185242"}],"wp:attachment":[{"href":"https:\/\/acninternational.org\/es\/wp-json\/wp\/v2\/media?parent=185266"}],"wp:term":[{"taxonomy":"category","embeddable":true,"href":"https:\/\/acninternational.org\/es\/wp-json\/wp\/v2\/categories?post=185266"},{"taxonomy":"post_tag","embeddable":true,"href":"https:\/\/acninternational.org\/es\/wp-json\/wp\/v2\/tags?post=185266"},{"taxonomy":"country","embeddable":true,"href":"https:\/\/acninternational.org\/es\/wp-json\/wp\/v2\/country?post=185266"}],"curies":[{"name":"wp","href":"https:\/\/api.w.org\/{rel}","templated":true}]}}