{"id":184590,"date":"2023-08-09T15:54:07","date_gmt":"2023-08-09T13:54:07","guid":{"rendered":"https:\/\/acninternational.org\/?p=184590"},"modified":"2024-08-09T12:09:24","modified_gmt":"2024-08-09T10:09:24","slug":"acn-da-voz-a-la-iglesia-perseguida-en-la-jmj-de-lisboa","status":"publish","type":"post","link":"https:\/\/acninternational.org\/es\/acn-da-voz-a-la-iglesia-perseguida-en-la-jmj-de-lisboa\/","title":{"rendered":"PORTUGAL: ACN da voz a la Iglesia perseguida en la JMJ de Lisboa"},"content":{"rendered":"<p>Decenas de miles de j\u00f3venes han participado en diversas iniciativas de ACN durante la <a href=\"https:\/\/www.lisboa2023.org\/es\" target=\"_blank\" rel=\"noopener\">Jornada Mundial de la Juventud (JMJ) de Lisboa<\/a>, y la fundaci\u00f3n pontificia ha conseguido que los cristianos perseguidos de todo el mundo no sean olvidados, recordando a los participantes que estos hermanos y hermanas son, a menudo, aut\u00e9nticos h\u00e9roes de la fe.<\/p>\n<figure id=\"attachment_184577\" aria-describedby=\"caption-attachment-184577\" style=\"width: 670px\" class=\"wp-caption aligncenter\"><img loading=\"lazy\" decoding=\"async\" class=\"wp-image-184577 size-full\" src=\"https:\/\/media.acninternational.org\/wp-content\/uploads\/2023\/08\/pequena-42.png\" alt=\"Ayuda a la Iglesia Necesitada en la JMJ de Lisboa\" width=\"670\" height=\"400\" srcset=\"https:\/\/media.acninternational.org\/wp-content\/uploads\/2023\/08\/pequena-42.png 670w, https:\/\/media.acninternational.org\/wp-content\/uploads\/2023\/08\/pequena-42-300x179.png 300w\" sizes=\"auto, (max-width: 670px) 100vw, 670px\" \/><figcaption id=\"caption-attachment-184577\" class=\"wp-caption-text\">ACN en el Claustro da Gra\u00e7a, Lisboa<\/figcaption><\/figure>\n<p>Exposiciones, conferencias, documentales, llamadas a la oraci\u00f3n y a compartir experiencias: <a href=\"https:\/\/acninternational.org\/es\/la-fundacion-acn-presentara-el-tema-de-los-cristianos-perseguidos-en-la-jmj-de-lisboa\/\" target=\"_blank\" rel=\"noopener\">estas fueron algunas de las numerosas propuestas de Aid to the Church in Need (ACN)<\/a> para los cientos de miles de j\u00f3venes que convirtieron Lisboa en la capital del mundo cat\u00f3lico durante la JMJ; as\u00ed, ACN hizo posible que la dolorosa realidad de los cristianos perseguidos en el mundo estuviera presente. Estas iniciativas y actos fueron muy bien acogidos por los peregrinos, especialmente, el estand de la Ciudad de la Alegr\u00eda, que result\u00f3 ser uno de los m\u00e1s populares entre los visitantes, al igual que la exposici\u00f3n en el claustro del antiguo convento de Gracia, donde la realidad de la Iglesia perseguida se tradujo en testimonios de primera mano de personas que, en diferentes pa\u00edses, son ejemplos de fidelidad a Cristo. Otra iniciativa que result\u00f3 popular entre los j\u00f3venes y que recibi\u00f3 miles de visitas cada d\u00eda fue la exposici\u00f3n en la Bas\u00edlica de Nuestra Se\u00f1ora de los M\u00e1rtires, en el Chiado, de objetos religiosos da\u00f1ados por el ISIS durante los a\u00f1os en que control\u00f3 amplias zonas de Siria e Iraq.<\/p>\n<h4>\u201cNo debemos olvidarnos de\u2026\u201d<\/h4>\n<p>El s\u00e1bado por la ma\u00f1ana, durante una sesi\u00f3n informativa con periodistas, la directora de la oficina portuguesa de ACN, Catarina Martins de Bettencourt, destac\u00f3 la importancia de estas exposiciones y de las realidades que trataban de transmitir a los j\u00f3venes de todo el mundo: \u201cA pesar del hecho de estar viviendo un momento de alegr\u00eda, de fe y participaci\u00f3n, no debemos olvidarnos de los lugares donde la Iglesia es perseguida\u201d. La directora tambi\u00e9n subray\u00f3 el compromiso de ACN con los pa\u00edses donde las comunidades cristianas afrontan dificultades, y record\u00f3 a los periodistas que en pa\u00edses como L\u00edbano y Siria los j\u00f3venes cristianos que no pudieron asistir a la JMJ de Lisboa celebraron actos paralelos. \u201cHay muchos j\u00f3venes en el mundo que no han podido venir y a los que apoyamos\u201d, dijo Catarina Bettencourt, a\u00f1adiendo que estos pudieron \u201cvivir sus actos en un ambiente de fe y alegr\u00eda\u201d, y que se reunieron para celebrar una vigilia y una misa misionera simult\u00e1neamente con los mismos actos en Lisboa.<\/p>\n<p><img loading=\"lazy\" decoding=\"async\" class=\"wp-image-184571 size-full aligncenter\" src=\"https:\/\/media.acninternational.org\/wp-content\/uploads\/2023\/08\/pequena-43.png\" alt=\"Ayuda a la Iglesia Necesitada en la JMJ de Lisboa\" width=\"670\" height=\"400\" srcset=\"https:\/\/media.acninternational.org\/wp-content\/uploads\/2023\/08\/pequena-43.png 670w, https:\/\/media.acninternational.org\/wp-content\/uploads\/2023\/08\/pequena-43-300x179.png 300w\" sizes=\"auto, (max-width: 670px) 100vw, 670px\" \/><\/p>\n<h4>El privilegio de la solidaridad<\/h4>\n<p>Tambi\u00e9n estuvo presente en la sesi\u00f3n informativa Joaqu\u00edn Javaloyes, un voluntario espa\u00f1ol de ACN. El joven destac\u00f3 la importancia de solidarizarse con las comunidades perseguidas y dijo que, para \u00e9l, era un privilegio estar en contacto con quienes viven en pa\u00edses sin libertad religiosa o donde los cristianos afrontan grandes dificultades. En su opini\u00f3n, \u201clos testimonios de nuestros hermanos y hermanas son comparables a pasajes de los Evangelios\u201d. \u201cDios me habla muy claro en el \u00e1mbito de la cooperaci\u00f3n, me llama al amor, a la cruz y a la resurrecci\u00f3n, y me llena de juventud, alegr\u00eda, valor y cari\u00f1o\u201d, explic\u00f3 el joven voluntario espa\u00f1ol.<\/p>\n<h4>Cine y testimonios<\/h4>\n<p>ACN tambi\u00e9n particip\u00f3 en la JMJ de Lisboa a trav\u00e9s de una serie de documentales exhibidos en el cine S\u00e3o Jorge y seguidos de breves conferencias en las que se destacaba la experiencia de sacerdotes y laicos comprometidos con la labor de la Iglesia. Adem\u00e1s, dos cristianos dieron testimonio. As\u00ed, el iraqu\u00ed Joseph Fadelle habl\u00f3 de las dificultades a las que se enfrent\u00f3 al convertirse al cristianismo: nacido y criado en una familia musulmana chi\u00ed, fue detenido y torturado en c\u00e1rceles iraqu\u00edes tras su conversi\u00f3n. M\u00e1s adelante logr\u00f3 escapar con su mujer y sus dos hijos a Jordania, donde un t\u00edo y uno de sus propios hermanos intentaron asesinarlo, mientras la m\u00e1xima autoridad religiosa emit\u00eda una fetua contra \u00e9l. Los centenares de j\u00f3venes peregrinos cat\u00f3licos que abarrotaban la sala de conferencias tambi\u00e9n tuvieron la oportunidad de escuchar a Rafi Ghattas, un joven cristiano palestino, que les cont\u00f3 c\u00f3mo es vivir en Tierra Santa, la tierra de Jes\u00fas, donde actualmente los cristianos representan menos del 1% de la poblaci\u00f3n.<\/p>\n<figure id=\"attachment_184583\" aria-describedby=\"caption-attachment-184583\" style=\"width: 670px\" class=\"wp-caption aligncenter\"><img loading=\"lazy\" decoding=\"async\" class=\"wp-image-184583 size-full\" src=\"https:\/\/media.acninternational.org\/wp-content\/uploads\/2023\/08\/pequena.jpg\" alt=\"Ayuda a la Iglesia Necesitada en la JMJ de Lisboa\" width=\"670\" height=\"400\" srcset=\"https:\/\/media.acninternational.org\/wp-content\/uploads\/2023\/08\/pequena.jpg 670w, https:\/\/media.acninternational.org\/wp-content\/uploads\/2023\/08\/pequena-300x179.jpg 300w\" sizes=\"auto, (max-width: 670px) 100vw, 670px\" \/><figcaption id=\"caption-attachment-184583\" class=\"wp-caption-text\">ACN Portugal la ciudad de la Alegr\u00eda, Lisboa<\/figcaption><\/figure>\n<h4>Cabo Delgado, presente<\/h4>\n<p>La presencia de ACN en la JMJ tambi\u00e9n estuvo marcada por el mensaje enviado a la fundaci\u00f3n pontificia el primer d\u00eda por el obispo Ant\u00f3nio Juliasse de Pemba, sobre el conflicto de Cabo Delgado. Aunque ya no se hable de ello en la prensa, esta guerra est\u00e1 causando sufrimientos indescriptibles a los j\u00f3venes mozambique\u00f1os. El obispo hizo un llamamiento a trav\u00e9s de ACN para que los j\u00f3venes de Lisboa denunciaran esa situaci\u00f3n y manifestaran su solidaridad con el pueblo mozambique\u00f1o.<\/p>\n<p>\u201cQueridos j\u00f3venes, peregrinos de la JMJ. En Cabo Delgado se libra una guerra de la que no se habla en el mundo. Entretanto, ya tenemos cerca de un mill\u00f3n de desplazados y unos cinco mil muertos\u201d.<\/p>\n<p>En otro momento, una joven de Cabo Delgado comparti\u00f3 su testimonio con el mundo durante la vigilia del s\u00e1bado por la noche, en la que le cont\u00f3 al Papa c\u00f3mo ella y su familia tuvieron que escapar al monte las dos veces que los terroristas atacaron su aldea.<\/p>\n<p>ACN cre\u00f3 una capilla virtual con ocasi\u00f3n de la JMJ, para invitar a los j\u00f3venes a rezar y encender una vela en memoria de todos los que sufren en el mundo por su fe. Durante la semana de la JMJ se encendieron m\u00e1s de 1.600 velas<\/p>\n","protected":false},"excerpt":{"rendered":"<p>ACN organiz\u00f3 exposiciones, conferencias, documentale y llamadas a la oraci\u00f3n para los j\u00f3venes de la JMJ en Lisboa.<\/p>\n","protected":false},"author":4258341447,"featured_media":184570,"comment_status":"closed","ping_status":"closed","sticky":false,"template":"","format":"standard","meta":{"_acf_changed":false,"_acn_coauthor_ids":[],"footnotes":""},"categories":[1254],"tags":[],"country":[1319],"class_list":["post-184590","post","type-post","status-publish","format-standard","has-post-thumbnail","hentry","category-news-es","country-portugal"],"acn_coauthors":[],"acf":[],"yoast_head":"<!-- This site is optimized with the Yoast SEO Premium plugin v27.3 (Yoast SEO v27.3) - https:\/\/yoast.com\/product\/yoast-seo-premium-wordpress\/ -->\n<title>JMJ Lisboa: ACN da voz a la Iglesia perseguida | ACN International<\/title>\n<meta name=\"description\" content=\"ACN organiz\u00f3 exposiciones, conferencias, documentale y llamadas a la oraci\u00f3n para los j\u00f3venes de la JMJ en Lisboa.\" \/>\n<meta name=\"robots\" content=\"index, follow, max-snippet:-1, max-image-preview:large, max-video-preview:-1\" \/>\n<link rel=\"canonical\" href=\"https:\/\/acninternational.org\/es\/acn-da-voz-a-la-iglesia-perseguida-en-la-jmj-de-lisboa\/\" \/>\n<meta property=\"og:locale\" content=\"es_ES\" \/>\n<meta property=\"og:type\" content=\"article\" \/>\n<meta property=\"og:title\" content=\"PORTUGAL: ACN da voz a la Iglesia perseguida en la JMJ de Lisboa\" \/>\n<meta property=\"og:description\" content=\"ACN organiz\u00f3 exposiciones, conferencias, documentale y llamadas a la oraci\u00f3n para los j\u00f3venes de la JMJ en Lisboa.\" \/>\n<meta property=\"og:url\" content=\"https:\/\/acninternational.org\/es\/acn-da-voz-a-la-iglesia-perseguida-en-la-jmj-de-lisboa\/\" \/>\n<meta property=\"og:site_name\" content=\"ACN International\" \/>\n<meta property=\"article:publisher\" content=\"https:\/\/www.facebook.com\/acninternationalorg\" \/>\n<meta property=\"article:published_time\" content=\"2023-08-09T13:54:07+00:00\" \/>\n<meta property=\"article:modified_time\" content=\"2024-08-09T10:09:24+00:00\" \/>\n<meta property=\"og:image\" content=\"https:\/\/media.acninternational.org\/wp-content\/uploads\/2023\/08\/grande-2.jpg\" \/>\n\t<meta property=\"og:image:width\" content=\"2000\" \/>\n\t<meta property=\"og:image:height\" content=\"625\" \/>\n\t<meta property=\"og:image:type\" content=\"image\/jpeg\" \/>\n<meta name=\"author\" content=\"ACN Press Team\" \/>\n<meta name=\"twitter:card\" content=\"summary_large_image\" \/>\n<meta name=\"twitter:creator\" content=\"@acn_int\" \/>\n<meta name=\"twitter:site\" content=\"@acn_int\" \/>\n<meta name=\"twitter:label1\" content=\"Escrito por\" \/>\n\t<meta name=\"twitter:data1\" content=\"ACN Press Team\" \/>\n\t<meta name=\"twitter:label2\" content=\"Tiempo de lectura\" \/>\n\t<meta name=\"twitter:data2\" content=\"5 minutos\" \/>\n<script type=\"application\/ld+json\" class=\"yoast-schema-graph\">{\"@context\":\"https:\\\/\\\/schema.org\",\"@graph\":[{\"@type\":\"Article\",\"@id\":\"https:\\\/\\\/acninternational.org\\\/es\\\/acn-da-voz-a-la-iglesia-perseguida-en-la-jmj-de-lisboa\\\/#article\",\"isPartOf\":{\"@id\":\"https:\\\/\\\/acninternational.org\\\/es\\\/acn-da-voz-a-la-iglesia-perseguida-en-la-jmj-de-lisboa\\\/\"},\"author\":{\"name\":\"ACN Press Team\",\"@id\":\"https:\\\/\\\/acninternational.org\\\/es\\\/#\\\/schema\\\/person\\\/7f3dafb236b242fb2aa46be1411fd703\"},\"headline\":\"PORTUGAL: ACN da voz a la Iglesia perseguida en la JMJ de Lisboa\",\"datePublished\":\"2023-08-09T13:54:07+00:00\",\"dateModified\":\"2024-08-09T10:09:24+00:00\",\"mainEntityOfPage\":{\"@id\":\"https:\\\/\\\/acninternational.org\\\/es\\\/acn-da-voz-a-la-iglesia-perseguida-en-la-jmj-de-lisboa\\\/\"},\"wordCount\":1022,\"publisher\":{\"@id\":\"https:\\\/\\\/acninternational.org\\\/es\\\/#organization\"},\"image\":{\"@id\":\"https:\\\/\\\/acninternational.org\\\/es\\\/acn-da-voz-a-la-iglesia-perseguida-en-la-jmj-de-lisboa\\\/#primaryimage\"},\"thumbnailUrl\":\"https:\\\/\\\/media.acninternational.org\\\/wp-content\\\/uploads\\\/2023\\\/08\\\/grande-2.jpg\",\"articleSection\":[\"NOTICIAS\"],\"inLanguage\":\"es\"},{\"@type\":\"WebPage\",\"@id\":\"https:\\\/\\\/acninternational.org\\\/es\\\/acn-da-voz-a-la-iglesia-perseguida-en-la-jmj-de-lisboa\\\/\",\"url\":\"https:\\\/\\\/acninternational.org\\\/es\\\/acn-da-voz-a-la-iglesia-perseguida-en-la-jmj-de-lisboa\\\/\",\"name\":\"JMJ Lisboa: ACN da voz a la Iglesia perseguida | ACN International\",\"isPartOf\":{\"@id\":\"https:\\\/\\\/acninternational.org\\\/es\\\/#website\"},\"primaryImageOfPage\":{\"@id\":\"https:\\\/\\\/acninternational.org\\\/es\\\/acn-da-voz-a-la-iglesia-perseguida-en-la-jmj-de-lisboa\\\/#primaryimage\"},\"image\":{\"@id\":\"https:\\\/\\\/acninternational.org\\\/es\\\/acn-da-voz-a-la-iglesia-perseguida-en-la-jmj-de-lisboa\\\/#primaryimage\"},\"thumbnailUrl\":\"https:\\\/\\\/media.acninternational.org\\\/wp-content\\\/uploads\\\/2023\\\/08\\\/grande-2.jpg\",\"datePublished\":\"2023-08-09T13:54:07+00:00\",\"dateModified\":\"2024-08-09T10:09:24+00:00\",\"description\":\"ACN organiz\u00f3 exposiciones, conferencias, documentale y llamadas a la oraci\u00f3n para los j\u00f3venes de la JMJ en Lisboa.\",\"breadcrumb\":{\"@id\":\"https:\\\/\\\/acninternational.org\\\/es\\\/acn-da-voz-a-la-iglesia-perseguida-en-la-jmj-de-lisboa\\\/#breadcrumb\"},\"inLanguage\":\"es\",\"potentialAction\":[{\"@type\":\"ReadAction\",\"target\":[\"https:\\\/\\\/acninternational.org\\\/es\\\/acn-da-voz-a-la-iglesia-perseguida-en-la-jmj-de-lisboa\\\/\"]}]},{\"@type\":\"ImageObject\",\"inLanguage\":\"es\",\"@id\":\"https:\\\/\\\/acninternational.org\\\/es\\\/acn-da-voz-a-la-iglesia-perseguida-en-la-jmj-de-lisboa\\\/#primaryimage\",\"url\":\"https:\\\/\\\/media.acninternational.org\\\/wp-content\\\/uploads\\\/2023\\\/08\\\/grande-2.jpg\",\"contentUrl\":\"https:\\\/\\\/media.acninternational.org\\\/wp-content\\\/uploads\\\/2023\\\/08\\\/grande-2.jpg\",\"width\":2000,\"height\":625,\"caption\":\"jmj lisboa\"},{\"@type\":\"BreadcrumbList\",\"@id\":\"https:\\\/\\\/acninternational.org\\\/es\\\/acn-da-voz-a-la-iglesia-perseguida-en-la-jmj-de-lisboa\\\/#breadcrumb\",\"itemListElement\":[{\"@type\":\"ListItem\",\"position\":1,\"name\":\"Home\",\"item\":\"https:\\\/\\\/acninternational.org\\\/es\\\/\"},{\"@type\":\"ListItem\",\"position\":2,\"name\":\"NOTICIAS\",\"item\":\"https:\\\/\\\/acninternational.org\\\/es\\\/category\\\/news-es\\\/\"},{\"@type\":\"ListItem\",\"position\":3,\"name\":\"PORTUGAL: ACN da voz a la Iglesia perseguida en la JMJ de Lisboa\"}]},{\"@type\":\"WebSite\",\"@id\":\"https:\\\/\\\/acninternational.org\\\/es\\\/#website\",\"url\":\"https:\\\/\\\/acninternational.org\\\/es\\\/\",\"name\":\"ACN International\",\"description\":\"\",\"publisher\":{\"@id\":\"https:\\\/\\\/acninternational.org\\\/es\\\/#organization\"},\"potentialAction\":[{\"@type\":\"SearchAction\",\"target\":{\"@type\":\"EntryPoint\",\"urlTemplate\":\"https:\\\/\\\/acninternational.org\\\/es\\\/?s={search_term_string}\"},\"query-input\":{\"@type\":\"PropertyValueSpecification\",\"valueRequired\":true,\"valueName\":\"search_term_string\"}}],\"inLanguage\":\"es\"},{\"@type\":\"Organization\",\"@id\":\"https:\\\/\\\/acninternational.org\\\/es\\\/#organization\",\"name\":\"Aid to the Church in Need International\",\"url\":\"https:\\\/\\\/acninternational.org\\\/es\\\/\",\"logo\":{\"@type\":\"ImageObject\",\"inLanguage\":\"es\",\"@id\":\"https:\\\/\\\/acninternational.org\\\/es\\\/#\\\/schema\\\/logo\\\/image\\\/\",\"url\":\"https:\\\/\\\/media.acninternational.org\\\/wp-content\\\/uploads\\\/2019\\\/11\\\/acn_logo_blackvector.svg\",\"contentUrl\":\"https:\\\/\\\/media.acninternational.org\\\/wp-content\\\/uploads\\\/2019\\\/11\\\/acn_logo_blackvector.svg\",\"width\":232.6,\"height\":78,\"caption\":\"Aid to the Church in Need International\"},\"image\":{\"@id\":\"https:\\\/\\\/acninternational.org\\\/es\\\/#\\\/schema\\\/logo\\\/image\\\/\"},\"sameAs\":[\"https:\\\/\\\/www.facebook.com\\\/acninternationalorg\",\"https:\\\/\\\/x.com\\\/acn_int\",\"https:\\\/\\\/www.youtube.com\\\/channel\\\/UCQ-077gS0TnVzkhHmf1opZw\",\"https:\\\/\\\/www.instagram.com\\\/acn_international\\\/\"]},{\"@type\":\"Person\",\"@id\":\"https:\\\/\\\/acninternational.org\\\/es\\\/#\\\/schema\\\/person\\\/7f3dafb236b242fb2aa46be1411fd703\",\"name\":\"ACN Press Team\",\"description\":\"Lorem ipsum dolor sit amet, consectetur adipiscing elit, sed do eiusmod tempor incididunt ut labore et dolore magna aliqua. Ut enim ad minim veniam, quis nostrud exercitation ullamco laboris nisi ut aliquip ex ea commodo consequat.\",\"url\":\"https:\\\/\\\/acninternational.org\\\/es\\\/author\\\/acn-press-team\\\/\"}]}<\/script>\n<!-- \/ Yoast SEO Premium plugin. -->","yoast_head_json":{"title":"JMJ Lisboa: ACN da voz a la Iglesia perseguida | ACN International","description":"ACN organiz\u00f3 exposiciones, conferencias, documentale y llamadas a la oraci\u00f3n para los j\u00f3venes de la JMJ en Lisboa.","robots":{"index":"index","follow":"follow","max-snippet":"max-snippet:-1","max-image-preview":"max-image-preview:large","max-video-preview":"max-video-preview:-1"},"canonical":"https:\/\/acninternational.org\/es\/acn-da-voz-a-la-iglesia-perseguida-en-la-jmj-de-lisboa\/","og_locale":"es_ES","og_type":"article","og_title":"PORTUGAL: ACN da voz a la Iglesia perseguida en la JMJ de Lisboa","og_description":"ACN organiz\u00f3 exposiciones, conferencias, documentale y llamadas a la oraci\u00f3n para los j\u00f3venes de la JMJ en Lisboa.","og_url":"https:\/\/acninternational.org\/es\/acn-da-voz-a-la-iglesia-perseguida-en-la-jmj-de-lisboa\/","og_site_name":"ACN International","article_publisher":"https:\/\/www.facebook.com\/acninternationalorg","article_published_time":"2023-08-09T13:54:07+00:00","article_modified_time":"2024-08-09T10:09:24+00:00","og_image":[{"width":2000,"height":625,"url":"https:\/\/media.acninternational.org\/wp-content\/uploads\/2023\/08\/grande-2.jpg","type":"image\/jpeg"}],"author":"ACN Press Team","twitter_card":"summary_large_image","twitter_creator":"@acn_int","twitter_site":"@acn_int","twitter_misc":{"Escrito por":"ACN Press Team","Tiempo de lectura":"5 minutos"},"schema":{"@context":"https:\/\/schema.org","@graph":[{"@type":"Article","@id":"https:\/\/acninternational.org\/es\/acn-da-voz-a-la-iglesia-perseguida-en-la-jmj-de-lisboa\/#article","isPartOf":{"@id":"https:\/\/acninternational.org\/es\/acn-da-voz-a-la-iglesia-perseguida-en-la-jmj-de-lisboa\/"},"author":{"name":"ACN Press Team","@id":"https:\/\/acninternational.org\/es\/#\/schema\/person\/7f3dafb236b242fb2aa46be1411fd703"},"headline":"PORTUGAL: ACN da voz a la Iglesia perseguida en la JMJ de Lisboa","datePublished":"2023-08-09T13:54:07+00:00","dateModified":"2024-08-09T10:09:24+00:00","mainEntityOfPage":{"@id":"https:\/\/acninternational.org\/es\/acn-da-voz-a-la-iglesia-perseguida-en-la-jmj-de-lisboa\/"},"wordCount":1022,"publisher":{"@id":"https:\/\/acninternational.org\/es\/#organization"},"image":{"@id":"https:\/\/acninternational.org\/es\/acn-da-voz-a-la-iglesia-perseguida-en-la-jmj-de-lisboa\/#primaryimage"},"thumbnailUrl":"https:\/\/media.acninternational.org\/wp-content\/uploads\/2023\/08\/grande-2.jpg","articleSection":["NOTICIAS"],"inLanguage":"es"},{"@type":"WebPage","@id":"https:\/\/acninternational.org\/es\/acn-da-voz-a-la-iglesia-perseguida-en-la-jmj-de-lisboa\/","url":"https:\/\/acninternational.org\/es\/acn-da-voz-a-la-iglesia-perseguida-en-la-jmj-de-lisboa\/","name":"JMJ Lisboa: ACN da voz a la Iglesia perseguida | ACN International","isPartOf":{"@id":"https:\/\/acninternational.org\/es\/#website"},"primaryImageOfPage":{"@id":"https:\/\/acninternational.org\/es\/acn-da-voz-a-la-iglesia-perseguida-en-la-jmj-de-lisboa\/#primaryimage"},"image":{"@id":"https:\/\/acninternational.org\/es\/acn-da-voz-a-la-iglesia-perseguida-en-la-jmj-de-lisboa\/#primaryimage"},"thumbnailUrl":"https:\/\/media.acninternational.org\/wp-content\/uploads\/2023\/08\/grande-2.jpg","datePublished":"2023-08-09T13:54:07+00:00","dateModified":"2024-08-09T10:09:24+00:00","description":"ACN organiz\u00f3 exposiciones, conferencias, documentale y llamadas a la oraci\u00f3n para los j\u00f3venes de la JMJ en Lisboa.","breadcrumb":{"@id":"https:\/\/acninternational.org\/es\/acn-da-voz-a-la-iglesia-perseguida-en-la-jmj-de-lisboa\/#breadcrumb"},"inLanguage":"es","potentialAction":[{"@type":"ReadAction","target":["https:\/\/acninternational.org\/es\/acn-da-voz-a-la-iglesia-perseguida-en-la-jmj-de-lisboa\/"]}]},{"@type":"ImageObject","inLanguage":"es","@id":"https:\/\/acninternational.org\/es\/acn-da-voz-a-la-iglesia-perseguida-en-la-jmj-de-lisboa\/#primaryimage","url":"https:\/\/media.acninternational.org\/wp-content\/uploads\/2023\/08\/grande-2.jpg","contentUrl":"https:\/\/media.acninternational.org\/wp-content\/uploads\/2023\/08\/grande-2.jpg","width":2000,"height":625,"caption":"jmj lisboa"},{"@type":"BreadcrumbList","@id":"https:\/\/acninternational.org\/es\/acn-da-voz-a-la-iglesia-perseguida-en-la-jmj-de-lisboa\/#breadcrumb","itemListElement":[{"@type":"ListItem","position":1,"name":"Home","item":"https:\/\/acninternational.org\/es\/"},{"@type":"ListItem","position":2,"name":"NOTICIAS","item":"https:\/\/acninternational.org\/es\/category\/news-es\/"},{"@type":"ListItem","position":3,"name":"PORTUGAL: ACN da voz a la Iglesia perseguida en la JMJ de Lisboa"}]},{"@type":"WebSite","@id":"https:\/\/acninternational.org\/es\/#website","url":"https:\/\/acninternational.org\/es\/","name":"ACN International","description":"","publisher":{"@id":"https:\/\/acninternational.org\/es\/#organization"},"potentialAction":[{"@type":"SearchAction","target":{"@type":"EntryPoint","urlTemplate":"https:\/\/acninternational.org\/es\/?s={search_term_string}"},"query-input":{"@type":"PropertyValueSpecification","valueRequired":true,"valueName":"search_term_string"}}],"inLanguage":"es"},{"@type":"Organization","@id":"https:\/\/acninternational.org\/es\/#organization","name":"Aid to the Church in Need International","url":"https:\/\/acninternational.org\/es\/","logo":{"@type":"ImageObject","inLanguage":"es","@id":"https:\/\/acninternational.org\/es\/#\/schema\/logo\/image\/","url":"https:\/\/media.acninternational.org\/wp-content\/uploads\/2019\/11\/acn_logo_blackvector.svg","contentUrl":"https:\/\/media.acninternational.org\/wp-content\/uploads\/2019\/11\/acn_logo_blackvector.svg","width":232.6,"height":78,"caption":"Aid to the Church in Need International"},"image":{"@id":"https:\/\/acninternational.org\/es\/#\/schema\/logo\/image\/"},"sameAs":["https:\/\/www.facebook.com\/acninternationalorg","https:\/\/x.com\/acn_int","https:\/\/www.youtube.com\/channel\/UCQ-077gS0TnVzkhHmf1opZw","https:\/\/www.instagram.com\/acn_international\/"]},{"@type":"Person","@id":"https:\/\/acninternational.org\/es\/#\/schema\/person\/7f3dafb236b242fb2aa46be1411fd703","name":"ACN Press Team","description":"Lorem ipsum dolor sit amet, consectetur adipiscing elit, sed do eiusmod tempor incididunt ut labore et dolore magna aliqua. Ut enim ad minim veniam, quis nostrud exercitation ullamco laboris nisi ut aliquip ex ea commodo consequat.","url":"https:\/\/acninternational.org\/es\/author\/acn-press-team\/"}]}},"_links":{"self":[{"href":"https:\/\/acninternational.org\/es\/wp-json\/wp\/v2\/posts\/184590","targetHints":{"allow":["GET"]}}],"collection":[{"href":"https:\/\/acninternational.org\/es\/wp-json\/wp\/v2\/posts"}],"about":[{"href":"https:\/\/acninternational.org\/es\/wp-json\/wp\/v2\/types\/post"}],"author":[{"embeddable":true,"href":"https:\/\/acninternational.org\/es\/wp-json\/wp\/v2\/users\/4258341447"}],"replies":[{"embeddable":true,"href":"https:\/\/acninternational.org\/es\/wp-json\/wp\/v2\/comments?post=184590"}],"version-history":[{"count":0,"href":"https:\/\/acninternational.org\/es\/wp-json\/wp\/v2\/posts\/184590\/revisions"}],"wp:featuredmedia":[{"embeddable":true,"href":"https:\/\/acninternational.org\/es\/wp-json\/wp\/v2\/media\/184570"}],"wp:attachment":[{"href":"https:\/\/acninternational.org\/es\/wp-json\/wp\/v2\/media?parent=184590"}],"wp:term":[{"taxonomy":"category","embeddable":true,"href":"https:\/\/acninternational.org\/es\/wp-json\/wp\/v2\/categories?post=184590"},{"taxonomy":"post_tag","embeddable":true,"href":"https:\/\/acninternational.org\/es\/wp-json\/wp\/v2\/tags?post=184590"},{"taxonomy":"country","embeddable":true,"href":"https:\/\/acninternational.org\/es\/wp-json\/wp\/v2\/country?post=184590"}],"curies":[{"name":"wp","href":"https:\/\/api.w.org\/{rel}","templated":true}]}}