{"id":184524,"date":"2023-08-07T15:04:10","date_gmt":"2023-08-07T13:04:10","guid":{"rendered":"https:\/\/acninternational.org\/?p=184524"},"modified":"2023-08-07T15:04:17","modified_gmt":"2023-08-07T13:04:17","slug":"patriarca-la-revocacion-del-decreto-presidencial-es-una-humillacion-para-la-iglesia","status":"publish","type":"post","link":"https:\/\/acninternational.org\/es\/patriarca-la-revocacion-del-decreto-presidencial-es-una-humillacion-para-la-iglesia\/","title":{"rendered":"Patriarca: La revocaci\u00f3n del decreto presidencial es una \u201chumillaci\u00f3n para la Iglesia\u201d"},"content":{"rendered":"<p>El l\u00edder de la mayor comunidad cristiana iraqu\u00ed ha condenado la orden presidencial que revoca el decreto por el que se le reconoce como Patriarca, calificando la medida de \u201cofensiva\u201d y de punto culminante de una campa\u00f1a para hacerse con el control de los bienes de la Iglesia.\u00a0 El cardenal Louis Raphael I Sako afirma que la decisi\u00f3n del presidente iraqu\u00ed Abdul Latif Rashid de revocar el pronunciamiento de su predecesor que le reconoce como Patriarca de la Iglesia cat\u00f3lica caldea significa que, a los ojos del Estado, carece de autoridad para dirigir a su gente y administrar las propiedades eclesi\u00e1sticas.<\/p>\n<figure id=\"attachment_184520\" aria-describedby=\"caption-attachment-184520\" style=\"width: 800px\" class=\"wp-caption aligncenter\"><img loading=\"lazy\" decoding=\"async\" class=\"wp-image-184520 size-large\" src=\"https:\/\/media.acninternational.org\/wp-content\/uploads\/2023\/08\/ACN-20171009-62447-1024x682.jpg\" alt=\"El Patriarca Louis Raphael I. Sako durante su discurso\" width=\"800\" height=\"533\" srcset=\"https:\/\/media.acninternational.org\/wp-content\/uploads\/2023\/08\/ACN-20171009-62447-1024x682.jpg 1024w, https:\/\/media.acninternational.org\/wp-content\/uploads\/2023\/08\/ACN-20171009-62447-300x200.jpg 300w, https:\/\/media.acninternational.org\/wp-content\/uploads\/2023\/08\/ACN-20171009-62447-768x511.jpg 768w, https:\/\/media.acninternational.org\/wp-content\/uploads\/2023\/08\/ACN-20171009-62447.jpg 1080w\" sizes=\"auto, (max-width: 800px) 100vw, 800px\" \/><figcaption id=\"caption-attachment-184520\" class=\"wp-caption-text\">El Patriarca Louis Raphael I. Sako durante su discurso<\/figcaption><\/figure>\n<p>En una entrevista concedida a la fundaci\u00f3n internacional Aid to the Church in Need (ACN), el Patriarca ha se\u00f1alado que la revocaci\u00f3n del decreto forma parte de una campa\u00f1a pol\u00edtica para silenciarlo, dejarlo sin poder y hacerse con el control de iglesias y otros edificios caldeos. El l\u00edder caldeo, que sostiene que sus fieles representan el 80% de los cristianos de Iraq, ha declarado: \u201cRetirar el decreto es muy negativo. Durante quince siglos hubo decretos que reconoc\u00edan al Patriarca como cabeza de la Iglesia y administrador de las propiedades de la Iglesia [\u2026] Revocarlo es una humillaci\u00f3n para la Iglesia. [\u2026] Quienes est\u00e1n detr\u00e1s de esta medida quieren hacerse con las propiedades de la Iglesia y administrarlas al margen de las autoridades eclesi\u00e1sticas, y eso no podemos aceptarlo\u201d.<\/p>\n<p>El Patriarca, <a href=\"https:\/\/acninternational.org\/patriarch-sako-leaves-baghdad-in-response-to-iraqi-president\/\" target=\"_blank\" rel=\"noopener\">que el mes pasado abandon\u00f3 su sede patriarcal en Bagdad<\/a> para trasladarse a Erbil, en el norte kurdo de Iraq, ha informado de que ha presentado una queja ante el Tribunal Supremo por la revocaci\u00f3n del decreto, y ha a\u00f1adido: \u201cSin el decreto no tengo ning\u00fan derecho frente al Estado. Es como acabar con mi autoridad moral. Es ofensivo\u201d.<\/p>\n<p>El Patriarca Sako acusa a pol\u00edticos y milicias de estar implicados en una campa\u00f1a de intimidaci\u00f3n contra \u00e9l, al confiscar casas de cristianos y conspirar para hacerse con el control de las propiedades de la Iglesia. Ha dicho: \u201cEstos pol\u00edticos quieren silenciarme e impedir que defienda los derechos humanos y la dignidad de las personas\u201d.<\/p>\n<p>El prelado pide que se promulgue un nuevo decreto con una redacci\u00f3n ligeramente distinta, pero que, en la pr\u00e1ctica, restablezca los t\u00e9rminos del anterior y le otorgue reconocimiento oficial tanto a \u00e9l como a otros patriarcas.<\/p>\n<p>Adem\u00e1s, ha lanzado un llamamiento a los l\u00edderes eclesi\u00e1sticos, gobiernos, pol\u00edticos y dem\u00e1s personalidades influyentes de todo el mundo para que respalden la promulgaci\u00f3n de un nuevo decreto y ha se\u00f1alado: \u201cHe recibido much\u00edsimas declaraciones de solidaridad de muchos musulmanes y cristianos\u201d, y ha dicho sentirse alentado por las muestras de apoyo de los fieles de Iraq, que tanto en Erbil como en las llanuras de N\u00ednive han organizado manifestaciones contra la revocaci\u00f3n del decreto.<\/p>\n<p>La emigraci\u00f3n masiva de los \u00faltimos veinte a\u00f1os ha diezmado a la poblaci\u00f3n cristiana en Iraq, especialmente, desde la insurgencia islamista del Daesh (ISIS) de 2014-16, pero el Patriarca ha asegurado que, pese a estar alarmados por la retirada del decreto, los fieles se sienten alentados por el rotundo apoyo de tantas personas, incluidos l\u00edderes musulmanes, y ha concluido: \u201cLos cristianos de Iraq saben que no se les puede comprar. Tienen su propia dignidad y sus propios derechos, como cualquier otra persona\u201d.<\/p>\n","protected":false},"excerpt":{"rendered":"<p>El l\u00edder de la mayor comunidad cristiana iraqu\u00ed ha condenado la orden presidencial que revoca el decreto por el que<\/p>\n","protected":false},"author":4258341447,"featured_media":184514,"comment_status":"closed","ping_status":"closed","sticky":false,"template":"","format":"standard","meta":{"_acf_changed":false,"_acn_coauthor_ids":[],"_acn_featured_article":false,"footnotes":""},"categories":[746,1254],"tags":[],"country":[927],"class_list":["post-184524","post","type-post","status-publish","format-standard","has-post-thumbnail","hentry","category-noticias","category-news-es","country-iraq-2"],"acn_coauthors":[],"acf":[],"yoast_head":"<!-- This site is optimized with the Yoast SEO Premium plugin v27.5 (Yoast SEO v27.5) - https:\/\/yoast.com\/product\/yoast-seo-premium-wordpress\/ -->\n<title>Patriarca: La revocaci\u00f3n del decreto presidencial es una \u201chumillaci\u00f3n para la Iglesia\u201d | ACN International<\/title>\n<meta name=\"robots\" content=\"index, follow, max-snippet:-1, max-image-preview:large, max-video-preview:-1\" \/>\n<link rel=\"canonical\" href=\"https:\/\/acninternational.org\/es\/patriarca-la-revocacion-del-decreto-presidencial-es-una-humillacion-para-la-iglesia\/\" \/>\n<meta property=\"og:locale\" content=\"es_ES\" \/>\n<meta property=\"og:type\" content=\"article\" \/>\n<meta property=\"og:title\" content=\"Patriarca: La revocaci\u00f3n del decreto presidencial es una \u201chumillaci\u00f3n para la Iglesia\u201d\" \/>\n<meta property=\"og:description\" content=\"El l\u00edder de la mayor comunidad cristiana iraqu\u00ed ha condenado la orden presidencial que revoca el decreto por el que\" \/>\n<meta property=\"og:url\" content=\"https:\/\/acninternational.org\/es\/patriarca-la-revocacion-del-decreto-presidencial-es-una-humillacion-para-la-iglesia\/\" \/>\n<meta property=\"og:site_name\" content=\"ACN International\" \/>\n<meta property=\"article:publisher\" content=\"https:\/\/www.facebook.com\/acninternationalorg\" \/>\n<meta property=\"article:published_time\" content=\"2023-08-07T13:04:10+00:00\" \/>\n<meta property=\"article:modified_time\" content=\"2023-08-07T13:04:17+00:00\" \/>\n<meta property=\"og:image\" content=\"https:\/\/media.acninternational.org\/wp-content\/uploads\/2023\/08\/ACN-20191029-93149.jpg\" \/>\n\t<meta property=\"og:image:width\" content=\"1920\" \/>\n\t<meta property=\"og:image:height\" content=\"700\" \/>\n\t<meta property=\"og:image:type\" content=\"image\/jpeg\" \/>\n<meta name=\"author\" content=\"ACN Press Team\" \/>\n<meta name=\"twitter:card\" content=\"summary_large_image\" \/>\n<meta name=\"twitter:creator\" content=\"@acn_int\" \/>\n<meta name=\"twitter:site\" content=\"@acn_int\" \/>\n<meta name=\"twitter:label1\" content=\"Escrito por\" \/>\n\t<meta name=\"twitter:data1\" content=\"ACN Press Team\" \/>\n\t<meta name=\"twitter:label2\" content=\"Tiempo de lectura\" \/>\n\t<meta name=\"twitter:data2\" content=\"3 minutos\" \/>\n<script type=\"application\/ld+json\" class=\"yoast-schema-graph\">{\"@context\":\"https:\\\/\\\/schema.org\",\"@graph\":[{\"@type\":\"Article\",\"@id\":\"https:\\\/\\\/acninternational.org\\\/es\\\/patriarca-la-revocacion-del-decreto-presidencial-es-una-humillacion-para-la-iglesia\\\/#article\",\"isPartOf\":{\"@id\":\"https:\\\/\\\/acninternational.org\\\/es\\\/patriarca-la-revocacion-del-decreto-presidencial-es-una-humillacion-para-la-iglesia\\\/\"},\"author\":{\"name\":\"ACN Press Team\",\"@id\":\"https:\\\/\\\/acninternational.org\\\/es\\\/#\\\/schema\\\/person\\\/7f3dafb236b242fb2aa46be1411fd703\"},\"headline\":\"Patriarca: La revocaci\u00f3n del decreto presidencial es una \u201chumillaci\u00f3n para la Iglesia\u201d\",\"datePublished\":\"2023-08-07T13:04:10+00:00\",\"dateModified\":\"2023-08-07T13:04:17+00:00\",\"mainEntityOfPage\":{\"@id\":\"https:\\\/\\\/acninternational.org\\\/es\\\/patriarca-la-revocacion-del-decreto-presidencial-es-una-humillacion-para-la-iglesia\\\/\"},\"wordCount\":605,\"publisher\":{\"@id\":\"https:\\\/\\\/acninternational.org\\\/es\\\/#organization\"},\"image\":{\"@id\":\"https:\\\/\\\/acninternational.org\\\/es\\\/patriarca-la-revocacion-del-decreto-presidencial-es-una-humillacion-para-la-iglesia\\\/#primaryimage\"},\"thumbnailUrl\":\"https:\\\/\\\/media.acninternational.org\\\/wp-content\\\/uploads\\\/2023\\\/08\\\/ACN-20191029-93149.jpg\",\"articleSection\":[\"NOTICIAS\",\"NOTICIAS\"],\"inLanguage\":\"es\"},{\"@type\":\"WebPage\",\"@id\":\"https:\\\/\\\/acninternational.org\\\/es\\\/patriarca-la-revocacion-del-decreto-presidencial-es-una-humillacion-para-la-iglesia\\\/\",\"url\":\"https:\\\/\\\/acninternational.org\\\/es\\\/patriarca-la-revocacion-del-decreto-presidencial-es-una-humillacion-para-la-iglesia\\\/\",\"name\":\"Patriarca: La revocaci\u00f3n del decreto presidencial es una \u201chumillaci\u00f3n para la Iglesia\u201d | ACN International\",\"isPartOf\":{\"@id\":\"https:\\\/\\\/acninternational.org\\\/es\\\/#website\"},\"primaryImageOfPage\":{\"@id\":\"https:\\\/\\\/acninternational.org\\\/es\\\/patriarca-la-revocacion-del-decreto-presidencial-es-una-humillacion-para-la-iglesia\\\/#primaryimage\"},\"image\":{\"@id\":\"https:\\\/\\\/acninternational.org\\\/es\\\/patriarca-la-revocacion-del-decreto-presidencial-es-una-humillacion-para-la-iglesia\\\/#primaryimage\"},\"thumbnailUrl\":\"https:\\\/\\\/media.acninternational.org\\\/wp-content\\\/uploads\\\/2023\\\/08\\\/ACN-20191029-93149.jpg\",\"datePublished\":\"2023-08-07T13:04:10+00:00\",\"dateModified\":\"2023-08-07T13:04:17+00:00\",\"breadcrumb\":{\"@id\":\"https:\\\/\\\/acninternational.org\\\/es\\\/patriarca-la-revocacion-del-decreto-presidencial-es-una-humillacion-para-la-iglesia\\\/#breadcrumb\"},\"inLanguage\":\"es\",\"potentialAction\":[{\"@type\":\"ReadAction\",\"target\":[\"https:\\\/\\\/acninternational.org\\\/es\\\/patriarca-la-revocacion-del-decreto-presidencial-es-una-humillacion-para-la-iglesia\\\/\"]}]},{\"@type\":\"ImageObject\",\"inLanguage\":\"es\",\"@id\":\"https:\\\/\\\/acninternational.org\\\/es\\\/patriarca-la-revocacion-del-decreto-presidencial-es-una-humillacion-para-la-iglesia\\\/#primaryimage\",\"url\":\"https:\\\/\\\/media.acninternational.org\\\/wp-content\\\/uploads\\\/2023\\\/08\\\/ACN-20191029-93149.jpg\",\"contentUrl\":\"https:\\\/\\\/media.acninternational.org\\\/wp-content\\\/uploads\\\/2023\\\/08\\\/ACN-20191029-93149.jpg\",\"width\":1920,\"height\":700},{\"@type\":\"BreadcrumbList\",\"@id\":\"https:\\\/\\\/acninternational.org\\\/es\\\/patriarca-la-revocacion-del-decreto-presidencial-es-una-humillacion-para-la-iglesia\\\/#breadcrumb\",\"itemListElement\":[{\"@type\":\"ListItem\",\"position\":1,\"name\":\"Home\",\"item\":\"https:\\\/\\\/acninternational.org\\\/es\\\/\"},{\"@type\":\"ListItem\",\"position\":2,\"name\":\"NOTICIAS\",\"item\":\"https:\\\/\\\/acninternational.org\\\/es\\\/category\\\/noticias\\\/\"},{\"@type\":\"ListItem\",\"position\":3,\"name\":\"Patriarca: La revocaci\u00f3n del decreto presidencial es una \u201chumillaci\u00f3n para la Iglesia\u201d\"}]},{\"@type\":\"WebSite\",\"@id\":\"https:\\\/\\\/acninternational.org\\\/es\\\/#website\",\"url\":\"https:\\\/\\\/acninternational.org\\\/es\\\/\",\"name\":\"ACN International\",\"description\":\"\",\"publisher\":{\"@id\":\"https:\\\/\\\/acninternational.org\\\/es\\\/#organization\"},\"potentialAction\":[{\"@type\":\"SearchAction\",\"target\":{\"@type\":\"EntryPoint\",\"urlTemplate\":\"https:\\\/\\\/acninternational.org\\\/es\\\/?s={search_term_string}\"},\"query-input\":{\"@type\":\"PropertyValueSpecification\",\"valueRequired\":true,\"valueName\":\"search_term_string\"}}],\"inLanguage\":\"es\"},{\"@type\":\"Organization\",\"@id\":\"https:\\\/\\\/acninternational.org\\\/es\\\/#organization\",\"name\":\"Aid to the Church in Need International\",\"url\":\"https:\\\/\\\/acninternational.org\\\/es\\\/\",\"logo\":{\"@type\":\"ImageObject\",\"inLanguage\":\"es\",\"@id\":\"https:\\\/\\\/acninternational.org\\\/es\\\/#\\\/schema\\\/logo\\\/image\\\/\",\"url\":\"https:\\\/\\\/media.acninternational.org\\\/wp-content\\\/uploads\\\/2019\\\/11\\\/acn_logo_blackvector.svg\",\"contentUrl\":\"https:\\\/\\\/media.acninternational.org\\\/wp-content\\\/uploads\\\/2019\\\/11\\\/acn_logo_blackvector.svg\",\"width\":232.6,\"height\":78,\"caption\":\"Aid to the Church in Need International\"},\"image\":{\"@id\":\"https:\\\/\\\/acninternational.org\\\/es\\\/#\\\/schema\\\/logo\\\/image\\\/\"},\"sameAs\":[\"https:\\\/\\\/www.facebook.com\\\/acninternationalorg\",\"https:\\\/\\\/x.com\\\/acn_int\",\"https:\\\/\\\/www.youtube.com\\\/channel\\\/UCQ-077gS0TnVzkhHmf1opZw\",\"https:\\\/\\\/www.instagram.com\\\/acn_international\\\/\"]},{\"@type\":\"Person\",\"@id\":\"https:\\\/\\\/acninternational.org\\\/es\\\/#\\\/schema\\\/person\\\/7f3dafb236b242fb2aa46be1411fd703\",\"name\":\"ACN Press Team\",\"description\":\"Lorem ipsum dolor sit amet, consectetur adipiscing elit, sed do eiusmod tempor incididunt ut labore et dolore magna aliqua. Ut enim ad minim veniam, quis nostrud exercitation ullamco laboris nisi ut aliquip ex ea commodo consequat.\",\"url\":\"https:\\\/\\\/acninternational.org\\\/es\\\/author\\\/acn-press-team\\\/\"}]}<\/script>\n<!-- \/ Yoast SEO Premium plugin. -->","yoast_head_json":{"title":"Patriarca: La revocaci\u00f3n del decreto presidencial es una \u201chumillaci\u00f3n para la Iglesia\u201d | ACN International","robots":{"index":"index","follow":"follow","max-snippet":"max-snippet:-1","max-image-preview":"max-image-preview:large","max-video-preview":"max-video-preview:-1"},"canonical":"https:\/\/acninternational.org\/es\/patriarca-la-revocacion-del-decreto-presidencial-es-una-humillacion-para-la-iglesia\/","og_locale":"es_ES","og_type":"article","og_title":"Patriarca: La revocaci\u00f3n del decreto presidencial es una \u201chumillaci\u00f3n para la Iglesia\u201d","og_description":"El l\u00edder de la mayor comunidad cristiana iraqu\u00ed ha condenado la orden presidencial que revoca el decreto por el que","og_url":"https:\/\/acninternational.org\/es\/patriarca-la-revocacion-del-decreto-presidencial-es-una-humillacion-para-la-iglesia\/","og_site_name":"ACN International","article_publisher":"https:\/\/www.facebook.com\/acninternationalorg","article_published_time":"2023-08-07T13:04:10+00:00","article_modified_time":"2023-08-07T13:04:17+00:00","og_image":[{"width":1920,"height":700,"url":"https:\/\/media.acninternational.org\/wp-content\/uploads\/2023\/08\/ACN-20191029-93149.jpg","type":"image\/jpeg"}],"author":"ACN Press Team","twitter_card":"summary_large_image","twitter_creator":"@acn_int","twitter_site":"@acn_int","twitter_misc":{"Escrito por":"ACN Press Team","Tiempo de lectura":"3 minutos"},"schema":{"@context":"https:\/\/schema.org","@graph":[{"@type":"Article","@id":"https:\/\/acninternational.org\/es\/patriarca-la-revocacion-del-decreto-presidencial-es-una-humillacion-para-la-iglesia\/#article","isPartOf":{"@id":"https:\/\/acninternational.org\/es\/patriarca-la-revocacion-del-decreto-presidencial-es-una-humillacion-para-la-iglesia\/"},"author":{"name":"ACN Press Team","@id":"https:\/\/acninternational.org\/es\/#\/schema\/person\/7f3dafb236b242fb2aa46be1411fd703"},"headline":"Patriarca: La revocaci\u00f3n del decreto presidencial es una \u201chumillaci\u00f3n para la Iglesia\u201d","datePublished":"2023-08-07T13:04:10+00:00","dateModified":"2023-08-07T13:04:17+00:00","mainEntityOfPage":{"@id":"https:\/\/acninternational.org\/es\/patriarca-la-revocacion-del-decreto-presidencial-es-una-humillacion-para-la-iglesia\/"},"wordCount":605,"publisher":{"@id":"https:\/\/acninternational.org\/es\/#organization"},"image":{"@id":"https:\/\/acninternational.org\/es\/patriarca-la-revocacion-del-decreto-presidencial-es-una-humillacion-para-la-iglesia\/#primaryimage"},"thumbnailUrl":"https:\/\/media.acninternational.org\/wp-content\/uploads\/2023\/08\/ACN-20191029-93149.jpg","articleSection":["NOTICIAS","NOTICIAS"],"inLanguage":"es"},{"@type":"WebPage","@id":"https:\/\/acninternational.org\/es\/patriarca-la-revocacion-del-decreto-presidencial-es-una-humillacion-para-la-iglesia\/","url":"https:\/\/acninternational.org\/es\/patriarca-la-revocacion-del-decreto-presidencial-es-una-humillacion-para-la-iglesia\/","name":"Patriarca: La revocaci\u00f3n del decreto presidencial es una \u201chumillaci\u00f3n para la Iglesia\u201d | ACN International","isPartOf":{"@id":"https:\/\/acninternational.org\/es\/#website"},"primaryImageOfPage":{"@id":"https:\/\/acninternational.org\/es\/patriarca-la-revocacion-del-decreto-presidencial-es-una-humillacion-para-la-iglesia\/#primaryimage"},"image":{"@id":"https:\/\/acninternational.org\/es\/patriarca-la-revocacion-del-decreto-presidencial-es-una-humillacion-para-la-iglesia\/#primaryimage"},"thumbnailUrl":"https:\/\/media.acninternational.org\/wp-content\/uploads\/2023\/08\/ACN-20191029-93149.jpg","datePublished":"2023-08-07T13:04:10+00:00","dateModified":"2023-08-07T13:04:17+00:00","breadcrumb":{"@id":"https:\/\/acninternational.org\/es\/patriarca-la-revocacion-del-decreto-presidencial-es-una-humillacion-para-la-iglesia\/#breadcrumb"},"inLanguage":"es","potentialAction":[{"@type":"ReadAction","target":["https:\/\/acninternational.org\/es\/patriarca-la-revocacion-del-decreto-presidencial-es-una-humillacion-para-la-iglesia\/"]}]},{"@type":"ImageObject","inLanguage":"es","@id":"https:\/\/acninternational.org\/es\/patriarca-la-revocacion-del-decreto-presidencial-es-una-humillacion-para-la-iglesia\/#primaryimage","url":"https:\/\/media.acninternational.org\/wp-content\/uploads\/2023\/08\/ACN-20191029-93149.jpg","contentUrl":"https:\/\/media.acninternational.org\/wp-content\/uploads\/2023\/08\/ACN-20191029-93149.jpg","width":1920,"height":700},{"@type":"BreadcrumbList","@id":"https:\/\/acninternational.org\/es\/patriarca-la-revocacion-del-decreto-presidencial-es-una-humillacion-para-la-iglesia\/#breadcrumb","itemListElement":[{"@type":"ListItem","position":1,"name":"Home","item":"https:\/\/acninternational.org\/es\/"},{"@type":"ListItem","position":2,"name":"NOTICIAS","item":"https:\/\/acninternational.org\/es\/category\/noticias\/"},{"@type":"ListItem","position":3,"name":"Patriarca: La revocaci\u00f3n del decreto presidencial es una \u201chumillaci\u00f3n para la Iglesia\u201d"}]},{"@type":"WebSite","@id":"https:\/\/acninternational.org\/es\/#website","url":"https:\/\/acninternational.org\/es\/","name":"ACN International","description":"","publisher":{"@id":"https:\/\/acninternational.org\/es\/#organization"},"potentialAction":[{"@type":"SearchAction","target":{"@type":"EntryPoint","urlTemplate":"https:\/\/acninternational.org\/es\/?s={search_term_string}"},"query-input":{"@type":"PropertyValueSpecification","valueRequired":true,"valueName":"search_term_string"}}],"inLanguage":"es"},{"@type":"Organization","@id":"https:\/\/acninternational.org\/es\/#organization","name":"Aid to the Church in Need International","url":"https:\/\/acninternational.org\/es\/","logo":{"@type":"ImageObject","inLanguage":"es","@id":"https:\/\/acninternational.org\/es\/#\/schema\/logo\/image\/","url":"https:\/\/media.acninternational.org\/wp-content\/uploads\/2019\/11\/acn_logo_blackvector.svg","contentUrl":"https:\/\/media.acninternational.org\/wp-content\/uploads\/2019\/11\/acn_logo_blackvector.svg","width":232.6,"height":78,"caption":"Aid to the Church in Need International"},"image":{"@id":"https:\/\/acninternational.org\/es\/#\/schema\/logo\/image\/"},"sameAs":["https:\/\/www.facebook.com\/acninternationalorg","https:\/\/x.com\/acn_int","https:\/\/www.youtube.com\/channel\/UCQ-077gS0TnVzkhHmf1opZw","https:\/\/www.instagram.com\/acn_international\/"]},{"@type":"Person","@id":"https:\/\/acninternational.org\/es\/#\/schema\/person\/7f3dafb236b242fb2aa46be1411fd703","name":"ACN Press Team","description":"Lorem ipsum dolor sit amet, consectetur adipiscing elit, sed do eiusmod tempor incididunt ut labore et dolore magna aliqua. Ut enim ad minim veniam, quis nostrud exercitation ullamco laboris nisi ut aliquip ex ea commodo consequat.","url":"https:\/\/acninternational.org\/es\/author\/acn-press-team\/"}]}},"_links":{"self":[{"href":"https:\/\/acninternational.org\/es\/wp-json\/wp\/v2\/posts\/184524","targetHints":{"allow":["GET"]}}],"collection":[{"href":"https:\/\/acninternational.org\/es\/wp-json\/wp\/v2\/posts"}],"about":[{"href":"https:\/\/acninternational.org\/es\/wp-json\/wp\/v2\/types\/post"}],"author":[{"embeddable":true,"href":"https:\/\/acninternational.org\/es\/wp-json\/wp\/v2\/users\/4258341447"}],"replies":[{"embeddable":true,"href":"https:\/\/acninternational.org\/es\/wp-json\/wp\/v2\/comments?post=184524"}],"version-history":[{"count":0,"href":"https:\/\/acninternational.org\/es\/wp-json\/wp\/v2\/posts\/184524\/revisions"}],"wp:featuredmedia":[{"embeddable":true,"href":"https:\/\/acninternational.org\/es\/wp-json\/wp\/v2\/media\/184514"}],"wp:attachment":[{"href":"https:\/\/acninternational.org\/es\/wp-json\/wp\/v2\/media?parent=184524"}],"wp:term":[{"taxonomy":"category","embeddable":true,"href":"https:\/\/acninternational.org\/es\/wp-json\/wp\/v2\/categories?post=184524"},{"taxonomy":"post_tag","embeddable":true,"href":"https:\/\/acninternational.org\/es\/wp-json\/wp\/v2\/tags?post=184524"},{"taxonomy":"country","embeddable":true,"href":"https:\/\/acninternational.org\/es\/wp-json\/wp\/v2\/country?post=184524"}],"curies":[{"name":"wp","href":"https:\/\/api.w.org\/{rel}","templated":true}]}}