{"id":184347,"date":"2023-07-28T09:46:44","date_gmt":"2023-07-28T07:46:44","guid":{"rendered":"https:\/\/acninternational.org\/?p=184347"},"modified":"2023-07-28T09:55:16","modified_gmt":"2023-07-28T07:55:16","slug":"piden-honrar-la-memoria-del-p-paolo-dalloglio","status":"publish","type":"post","link":"https:\/\/acninternational.org\/es\/piden-honrar-la-memoria-del-p-paolo-dalloglio\/","title":{"rendered":"Arzobispos siro-cat\u00f3licos y la fundaci\u00f3n ACN piden honrar la memoria del P. Paolo Dall&#8217;Oglio suavizando las sanciones econ\u00f3micas"},"content":{"rendered":"<p>El 24 de Julio, Mons. Jacques Mourad, arzobispo siro-cat\u00f3lico de Homs, Siria, junto con la presidenta y el director de la fundaci\u00f3n Aid to the Church in Need (ACN) Italia, Sandra Sarti y Alessandro Monteduro, se reunieron con Alfredo Mantovano, subsecretario de Estado de la Presidencia del Consejo de Ministros italiano. Tambi\u00e9n han asistido al encuentro el arzobispo siro-cat\u00f3lico de Alepo, Antoine Chahda, y el obispo siro-cat\u00f3lico de Aretusa, Rami Al-Kabalan.<\/p>\n<p>El arzobispo Jacques Mourad, que fue fundador de la comunidad mon\u00e1stica de Deir Mar Musa junto al jesuita italiano P. Paolo Dall&#8217;Oglio, secuestrado el 29 de julio de 2013 en Raqqa, comenz\u00f3 la reuni\u00f3n expresando su esperanza de que contin\u00fae la b\u00fasqueda del cofundador y de tantos otros cristianos que tambi\u00e9n han sido secuestrados.<\/p>\n<p>El arzobispo siro-cat\u00f3lico habl\u00f3 tambi\u00e9n del sufrimiento del pueblo sirio, muy afectado por el embargo actual. Las sanciones impuestas por la comunidad internacional, asegur\u00f3, s\u00f3lo afectan a la poblaci\u00f3n y, en particular, a los cristianos, en lugar de al Gobierno. Este hecho, sumado a la emigraci\u00f3n masiva de j\u00f3venes ante un futuro de bajos salarios y pocas perspectivas, hace cada vez m\u00e1s probable que los acontecimientos pol\u00edticos y militares de los \u00faltimos a\u00f1os conduzcan a la desaparici\u00f3n gradual de la comunidad cristiana de Oriente Pr\u00f3ximo.<\/p>\n<p>El arzobispo Antoine Chahda denunci\u00f3 la falta de ingresos, sin los cuales a la poblaci\u00f3n de Alepo y de otras partes de Siria le resulta imposible cubrir necesidades como electricidad, alimentos y medicamentos, mientras que el obispo Rami Al-Kabalan destac\u00f3 la importancia de mantener en pie el sistema educativo cat\u00f3lico. Muchas escuelas han sido nacionalizadas o cerradas, lo que afecta negativamente no s\u00f3lo al aprendizaje curricular sino tambi\u00e9n al di\u00e1logo entre los diferentes grupos religiosos, que es clave para evitar la radicalizaci\u00f3n.<\/p>\n<figure id=\"attachment_184334\" aria-describedby=\"caption-attachment-184334\" style=\"width: 670px\" class=\"wp-caption alignnone\"><img loading=\"lazy\" decoding=\"async\" class=\"wp-image-184334 size-full\" src=\"https:\/\/media.acninternational.org\/wp-content\/uploads\/2023\/07\/pequena_web-6.jpg\" alt=\"Paolo Dall\u2019Oglio\" width=\"670\" height=\"400\" srcset=\"https:\/\/media.acninternational.org\/wp-content\/uploads\/2023\/07\/pequena_web-6.jpg 670w, https:\/\/media.acninternational.org\/wp-content\/uploads\/2023\/07\/pequena_web-6-300x179.jpg 300w\" sizes=\"auto, (max-width: 670px) 100vw, 670px\" \/><figcaption id=\"caption-attachment-184334\" class=\"wp-caption-text\">Padre Paolo Dall\u2019Oglio<\/figcaption><\/figure>\n<p>Sarti y Monteduro recordaron que antes del conflicto armado, que dura ya m\u00e1s de una d\u00e9cada, los cristianos representaban alrededor del 10% de la poblaci\u00f3n, es decir unos dos millones de personas, mientras que ahora la poblaci\u00f3n cristiana se calcula entre 300.000 y 500.000. Los representantes de ACN Italia tambi\u00e9n subrayaron que la dificultad, debida a las sanciones, de transferir fondos a Siria e importar mercanc\u00edas en ese pa\u00eds dificulta mucho la ayuda humanitaria. Y aunque las sanciones prev\u00e9n oficialmente excepciones para la ayuda humanitaria, en la pr\u00e1ctica estas no funcionan. El sistema europeo de c\u00f3digos bancarios IBAN y el sistema estadounidense SWIFT bloquean todas las<\/p>\n<p>transferencias a Siria, lo que hace muy dif\u00edcil que la fundaci\u00f3n pontificia pueda transferir fondos por razones humanitarias. Sin embargo, estos fondos son esenciales a la hora de ayudar a las instituciones gestionadas por la Iglesia a proporcionar los bienes necesarios para garantizar la supervivencia de las comunidades necesitadas.<\/p>\n<p>Por ello, los representantes de ACN han lanzado un llamamiento a la comunidad internacional para que se preste atenci\u00f3n a las palabras pronunciadas en febrero de 2021 por el papa Francisco en su discurso a los miembros del Cuerpo Diplom\u00e1tico acreditado ante la Santa Sede: \u201cMi pensamiento se dirige tambi\u00e9n a Yemen y a la amada Siria, donde, adem\u00e1s de otras graves emergencias, la inseguridad alimentaria aflige a gran parte de la poblaci\u00f3n y los ni\u00f1os est\u00e1n extenuados a causa de la malnutrici\u00f3n. En diversos casos, las crisis humanitarias se han agravado por las sanciones econ\u00f3micas, que terminan en su mayor parte por repercutir principalmente en los sectores m\u00e1s d\u00e9biles de la poblaci\u00f3n, m\u00e1s que en los responsables pol\u00edticos. Por lo tanto, aun comprendiendo la l\u00f3gica de las sanciones, la Santa Sede no ve su eficacia y espera su relajaci\u00f3n, tambi\u00e9n para favorecer el flujo de ayudas humanitarias, sobre todo de medicamentos e instrumentos sanitarios, sumamente necesarios en este tiempo de pandemia\u201d.<\/p>\n<p>Hablando en nombre del Gobierno italiano, Mantovano expres\u00f3 su solidaridad con el arzobispo siro-cat\u00f3lico de Homs en relaci\u00f3n con el dram\u00e1tico, y a\u00fan no resuelto, secuestro del padre Paolo Dall&#8217;Oglio, y le asegur\u00f3 que Italia seguir\u00e1 busc\u00e1ndolo, especialmente a trav\u00e9s de sus servicios de inteligencia.<\/p>\n<p>El subsecretario de Estado subray\u00f3 tambi\u00e9n que las sanciones econ\u00f3micas no deber\u00edan impedir la prestaci\u00f3n de ayuda esencial a la poblaci\u00f3n, visto que el embargo frustra actualmente todos los esfuerzos de apoyo a las comunidades m\u00e1s amenazadas, empezando por los cristianos. El Gobierno italiano abordar\u00e1 con sus aliados, especialmente en el seno de la Uni\u00f3n Europea, la mejor manera de introducir cambios en el actual sistema de sanciones, a fin de contribuir a devolver la esperanza a una poblaci\u00f3n exhausta por la guerra.<\/p>\n","protected":false},"excerpt":{"rendered":"<p>Se cumplen diez a\u00f1os desde que el sacerdote jesuita italiano, P. #paolodalloglio, fue #secuestrado por el #ISIS en Ragga, Siria, y desapareci\u00f3<\/p>\n","protected":false},"author":4258341447,"featured_media":184345,"comment_status":"closed","ping_status":"closed","sticky":false,"template":"","format":"standard","meta":{"_acf_changed":false,"_acn_coauthor_ids":[],"footnotes":""},"categories":[746],"tags":[],"country":[],"class_list":["post-184347","post","type-post","status-publish","format-standard","has-post-thumbnail","hentry","category-noticias"],"acn_coauthors":[],"acf":[],"yoast_head":"<!-- This site is optimized with the Yoast SEO Premium plugin v27.3 (Yoast SEO v27.3) - https:\/\/yoast.com\/product\/yoast-seo-premium-wordpress\/ -->\n<title>Piden honrar la memoria del P. Paolo Dall&#039;Oglio | ACN International<\/title>\n<meta name=\"description\" content=\"Arzobispos siro-cat\u00f3licos y la fundaci\u00f3n ACN piden honrar la memoria del P. Paolo Dall&#039;Oglio suavizando las sanciones econ\u00f3micas.\" \/>\n<meta name=\"robots\" content=\"index, follow, max-snippet:-1, max-image-preview:large, max-video-preview:-1\" \/>\n<link rel=\"canonical\" href=\"https:\/\/acninternational.org\/es\/piden-honrar-la-memoria-del-p-paolo-dalloglio\/\" \/>\n<meta property=\"og:locale\" content=\"es_ES\" \/>\n<meta property=\"og:type\" content=\"article\" \/>\n<meta property=\"og:title\" content=\"Arzobispos siro-cat\u00f3licos y la fundaci\u00f3n ACN piden honrar la memoria del P. Paolo Dall&#039;Oglio suavizando las sanciones econ\u00f3micas\" \/>\n<meta property=\"og:description\" content=\"Arzobispos siro-cat\u00f3licos y la fundaci\u00f3n ACN piden honrar la memoria del P. Paolo Dall&#039;Oglio suavizando las sanciones econ\u00f3micas.\" \/>\n<meta property=\"og:url\" content=\"https:\/\/acninternational.org\/es\/piden-honrar-la-memoria-del-p-paolo-dalloglio\/\" \/>\n<meta property=\"og:site_name\" content=\"ACN International\" \/>\n<meta property=\"article:publisher\" content=\"https:\/\/www.facebook.com\/acninternationalorg\" \/>\n<meta property=\"article:published_time\" content=\"2023-07-28T07:46:44+00:00\" \/>\n<meta property=\"article:modified_time\" content=\"2023-07-28T07:55:16+00:00\" \/>\n<meta property=\"og:image\" content=\"https:\/\/media.acninternational.org\/wp-content\/uploads\/2023\/07\/heading_web-3-3.jpg\" \/>\n\t<meta property=\"og:image:width\" content=\"2000\" \/>\n\t<meta property=\"og:image:height\" content=\"625\" \/>\n\t<meta property=\"og:image:type\" content=\"image\/jpeg\" \/>\n<meta name=\"author\" content=\"ACN Press Team\" \/>\n<meta name=\"twitter:card\" content=\"summary_large_image\" \/>\n<meta name=\"twitter:creator\" content=\"@acn_int\" \/>\n<meta name=\"twitter:site\" content=\"@acn_int\" \/>\n<meta name=\"twitter:label1\" content=\"Escrito por\" \/>\n\t<meta name=\"twitter:data1\" content=\"ACN Press Team\" \/>\n\t<meta name=\"twitter:label2\" content=\"Tiempo de lectura\" \/>\n\t<meta name=\"twitter:data2\" content=\"4 minutos\" \/>\n<script type=\"application\/ld+json\" class=\"yoast-schema-graph\">{\"@context\":\"https:\\\/\\\/schema.org\",\"@graph\":[{\"@type\":\"Article\",\"@id\":\"https:\\\/\\\/acninternational.org\\\/es\\\/piden-honrar-la-memoria-del-p-paolo-dalloglio\\\/#article\",\"isPartOf\":{\"@id\":\"https:\\\/\\\/acninternational.org\\\/es\\\/piden-honrar-la-memoria-del-p-paolo-dalloglio\\\/\"},\"author\":{\"name\":\"ACN Press Team\",\"@id\":\"https:\\\/\\\/acninternational.org\\\/es\\\/#\\\/schema\\\/person\\\/7f3dafb236b242fb2aa46be1411fd703\"},\"headline\":\"Arzobispos siro-cat\u00f3licos y la fundaci\u00f3n ACN piden honrar la memoria del P. Paolo Dall&#8217;Oglio suavizando las sanciones econ\u00f3micas\",\"datePublished\":\"2023-07-28T07:46:44+00:00\",\"dateModified\":\"2023-07-28T07:55:16+00:00\",\"mainEntityOfPage\":{\"@id\":\"https:\\\/\\\/acninternational.org\\\/es\\\/piden-honrar-la-memoria-del-p-paolo-dalloglio\\\/\"},\"wordCount\":835,\"publisher\":{\"@id\":\"https:\\\/\\\/acninternational.org\\\/es\\\/#organization\"},\"image\":{\"@id\":\"https:\\\/\\\/acninternational.org\\\/es\\\/piden-honrar-la-memoria-del-p-paolo-dalloglio\\\/#primaryimage\"},\"thumbnailUrl\":\"https:\\\/\\\/media.acninternational.org\\\/wp-content\\\/uploads\\\/2023\\\/07\\\/heading_web-3-3.jpg\",\"articleSection\":[\"NOTICIAS\"],\"inLanguage\":\"es\"},{\"@type\":\"WebPage\",\"@id\":\"https:\\\/\\\/acninternational.org\\\/es\\\/piden-honrar-la-memoria-del-p-paolo-dalloglio\\\/\",\"url\":\"https:\\\/\\\/acninternational.org\\\/es\\\/piden-honrar-la-memoria-del-p-paolo-dalloglio\\\/\",\"name\":\"Piden honrar la memoria del P. Paolo Dall'Oglio | ACN International\",\"isPartOf\":{\"@id\":\"https:\\\/\\\/acninternational.org\\\/es\\\/#website\"},\"primaryImageOfPage\":{\"@id\":\"https:\\\/\\\/acninternational.org\\\/es\\\/piden-honrar-la-memoria-del-p-paolo-dalloglio\\\/#primaryimage\"},\"image\":{\"@id\":\"https:\\\/\\\/acninternational.org\\\/es\\\/piden-honrar-la-memoria-del-p-paolo-dalloglio\\\/#primaryimage\"},\"thumbnailUrl\":\"https:\\\/\\\/media.acninternational.org\\\/wp-content\\\/uploads\\\/2023\\\/07\\\/heading_web-3-3.jpg\",\"datePublished\":\"2023-07-28T07:46:44+00:00\",\"dateModified\":\"2023-07-28T07:55:16+00:00\",\"description\":\"Arzobispos siro-cat\u00f3licos y la fundaci\u00f3n ACN piden honrar la memoria del P. Paolo Dall'Oglio suavizando las sanciones econ\u00f3micas.\",\"breadcrumb\":{\"@id\":\"https:\\\/\\\/acninternational.org\\\/es\\\/piden-honrar-la-memoria-del-p-paolo-dalloglio\\\/#breadcrumb\"},\"inLanguage\":\"es\",\"potentialAction\":[{\"@type\":\"ReadAction\",\"target\":[\"https:\\\/\\\/acninternational.org\\\/es\\\/piden-honrar-la-memoria-del-p-paolo-dalloglio\\\/\"]}]},{\"@type\":\"ImageObject\",\"inLanguage\":\"es\",\"@id\":\"https:\\\/\\\/acninternational.org\\\/es\\\/piden-honrar-la-memoria-del-p-paolo-dalloglio\\\/#primaryimage\",\"url\":\"https:\\\/\\\/media.acninternational.org\\\/wp-content\\\/uploads\\\/2023\\\/07\\\/heading_web-3-3.jpg\",\"contentUrl\":\"https:\\\/\\\/media.acninternational.org\\\/wp-content\\\/uploads\\\/2023\\\/07\\\/heading_web-3-3.jpg\",\"width\":2000,\"height\":625,\"caption\":\"Paolo Dall\u2019Oglio\"},{\"@type\":\"BreadcrumbList\",\"@id\":\"https:\\\/\\\/acninternational.org\\\/es\\\/piden-honrar-la-memoria-del-p-paolo-dalloglio\\\/#breadcrumb\",\"itemListElement\":[{\"@type\":\"ListItem\",\"position\":1,\"name\":\"Home\",\"item\":\"https:\\\/\\\/acninternational.org\\\/es\\\/\"},{\"@type\":\"ListItem\",\"position\":2,\"name\":\"NOTICIAS\",\"item\":\"https:\\\/\\\/acninternational.org\\\/es\\\/category\\\/news-es\\\/\"},{\"@type\":\"ListItem\",\"position\":3,\"name\":\"Arzobispos siro-cat\u00f3licos y la fundaci\u00f3n ACN piden honrar la memoria del P. Paolo Dall&#8217;Oglio suavizando las sanciones econ\u00f3micas\"}]},{\"@type\":\"WebSite\",\"@id\":\"https:\\\/\\\/acninternational.org\\\/es\\\/#website\",\"url\":\"https:\\\/\\\/acninternational.org\\\/es\\\/\",\"name\":\"ACN International\",\"description\":\"\",\"publisher\":{\"@id\":\"https:\\\/\\\/acninternational.org\\\/es\\\/#organization\"},\"potentialAction\":[{\"@type\":\"SearchAction\",\"target\":{\"@type\":\"EntryPoint\",\"urlTemplate\":\"https:\\\/\\\/acninternational.org\\\/es\\\/?s={search_term_string}\"},\"query-input\":{\"@type\":\"PropertyValueSpecification\",\"valueRequired\":true,\"valueName\":\"search_term_string\"}}],\"inLanguage\":\"es\"},{\"@type\":\"Organization\",\"@id\":\"https:\\\/\\\/acninternational.org\\\/es\\\/#organization\",\"name\":\"Aid to the Church in Need International\",\"url\":\"https:\\\/\\\/acninternational.org\\\/es\\\/\",\"logo\":{\"@type\":\"ImageObject\",\"inLanguage\":\"es\",\"@id\":\"https:\\\/\\\/acninternational.org\\\/es\\\/#\\\/schema\\\/logo\\\/image\\\/\",\"url\":\"https:\\\/\\\/media.acninternational.org\\\/wp-content\\\/uploads\\\/2019\\\/11\\\/acn_logo_blackvector.svg\",\"contentUrl\":\"https:\\\/\\\/media.acninternational.org\\\/wp-content\\\/uploads\\\/2019\\\/11\\\/acn_logo_blackvector.svg\",\"width\":232.6,\"height\":78,\"caption\":\"Aid to the Church in Need International\"},\"image\":{\"@id\":\"https:\\\/\\\/acninternational.org\\\/es\\\/#\\\/schema\\\/logo\\\/image\\\/\"},\"sameAs\":[\"https:\\\/\\\/www.facebook.com\\\/acninternationalorg\",\"https:\\\/\\\/x.com\\\/acn_int\",\"https:\\\/\\\/www.youtube.com\\\/channel\\\/UCQ-077gS0TnVzkhHmf1opZw\",\"https:\\\/\\\/www.instagram.com\\\/acn_international\\\/\"]},{\"@type\":\"Person\",\"@id\":\"https:\\\/\\\/acninternational.org\\\/es\\\/#\\\/schema\\\/person\\\/7f3dafb236b242fb2aa46be1411fd703\",\"name\":\"ACN Press Team\",\"description\":\"Lorem ipsum dolor sit amet, consectetur adipiscing elit, sed do eiusmod tempor incididunt ut labore et dolore magna aliqua. Ut enim ad minim veniam, quis nostrud exercitation ullamco laboris nisi ut aliquip ex ea commodo consequat.\",\"url\":\"https:\\\/\\\/acninternational.org\\\/es\\\/author\\\/acn-press-team\\\/\"}]}<\/script>\n<!-- \/ Yoast SEO Premium plugin. -->","yoast_head_json":{"title":"Piden honrar la memoria del P. Paolo Dall'Oglio | ACN International","description":"Arzobispos siro-cat\u00f3licos y la fundaci\u00f3n ACN piden honrar la memoria del P. Paolo Dall'Oglio suavizando las sanciones econ\u00f3micas.","robots":{"index":"index","follow":"follow","max-snippet":"max-snippet:-1","max-image-preview":"max-image-preview:large","max-video-preview":"max-video-preview:-1"},"canonical":"https:\/\/acninternational.org\/es\/piden-honrar-la-memoria-del-p-paolo-dalloglio\/","og_locale":"es_ES","og_type":"article","og_title":"Arzobispos siro-cat\u00f3licos y la fundaci\u00f3n ACN piden honrar la memoria del P. Paolo Dall'Oglio suavizando las sanciones econ\u00f3micas","og_description":"Arzobispos siro-cat\u00f3licos y la fundaci\u00f3n ACN piden honrar la memoria del P. Paolo Dall'Oglio suavizando las sanciones econ\u00f3micas.","og_url":"https:\/\/acninternational.org\/es\/piden-honrar-la-memoria-del-p-paolo-dalloglio\/","og_site_name":"ACN International","article_publisher":"https:\/\/www.facebook.com\/acninternationalorg","article_published_time":"2023-07-28T07:46:44+00:00","article_modified_time":"2023-07-28T07:55:16+00:00","og_image":[{"width":2000,"height":625,"url":"https:\/\/media.acninternational.org\/wp-content\/uploads\/2023\/07\/heading_web-3-3.jpg","type":"image\/jpeg"}],"author":"ACN Press Team","twitter_card":"summary_large_image","twitter_creator":"@acn_int","twitter_site":"@acn_int","twitter_misc":{"Escrito por":"ACN Press Team","Tiempo de lectura":"4 minutos"},"schema":{"@context":"https:\/\/schema.org","@graph":[{"@type":"Article","@id":"https:\/\/acninternational.org\/es\/piden-honrar-la-memoria-del-p-paolo-dalloglio\/#article","isPartOf":{"@id":"https:\/\/acninternational.org\/es\/piden-honrar-la-memoria-del-p-paolo-dalloglio\/"},"author":{"name":"ACN Press Team","@id":"https:\/\/acninternational.org\/es\/#\/schema\/person\/7f3dafb236b242fb2aa46be1411fd703"},"headline":"Arzobispos siro-cat\u00f3licos y la fundaci\u00f3n ACN piden honrar la memoria del P. Paolo Dall&#8217;Oglio suavizando las sanciones econ\u00f3micas","datePublished":"2023-07-28T07:46:44+00:00","dateModified":"2023-07-28T07:55:16+00:00","mainEntityOfPage":{"@id":"https:\/\/acninternational.org\/es\/piden-honrar-la-memoria-del-p-paolo-dalloglio\/"},"wordCount":835,"publisher":{"@id":"https:\/\/acninternational.org\/es\/#organization"},"image":{"@id":"https:\/\/acninternational.org\/es\/piden-honrar-la-memoria-del-p-paolo-dalloglio\/#primaryimage"},"thumbnailUrl":"https:\/\/media.acninternational.org\/wp-content\/uploads\/2023\/07\/heading_web-3-3.jpg","articleSection":["NOTICIAS"],"inLanguage":"es"},{"@type":"WebPage","@id":"https:\/\/acninternational.org\/es\/piden-honrar-la-memoria-del-p-paolo-dalloglio\/","url":"https:\/\/acninternational.org\/es\/piden-honrar-la-memoria-del-p-paolo-dalloglio\/","name":"Piden honrar la memoria del P. Paolo Dall'Oglio | ACN International","isPartOf":{"@id":"https:\/\/acninternational.org\/es\/#website"},"primaryImageOfPage":{"@id":"https:\/\/acninternational.org\/es\/piden-honrar-la-memoria-del-p-paolo-dalloglio\/#primaryimage"},"image":{"@id":"https:\/\/acninternational.org\/es\/piden-honrar-la-memoria-del-p-paolo-dalloglio\/#primaryimage"},"thumbnailUrl":"https:\/\/media.acninternational.org\/wp-content\/uploads\/2023\/07\/heading_web-3-3.jpg","datePublished":"2023-07-28T07:46:44+00:00","dateModified":"2023-07-28T07:55:16+00:00","description":"Arzobispos siro-cat\u00f3licos y la fundaci\u00f3n ACN piden honrar la memoria del P. Paolo Dall'Oglio suavizando las sanciones econ\u00f3micas.","breadcrumb":{"@id":"https:\/\/acninternational.org\/es\/piden-honrar-la-memoria-del-p-paolo-dalloglio\/#breadcrumb"},"inLanguage":"es","potentialAction":[{"@type":"ReadAction","target":["https:\/\/acninternational.org\/es\/piden-honrar-la-memoria-del-p-paolo-dalloglio\/"]}]},{"@type":"ImageObject","inLanguage":"es","@id":"https:\/\/acninternational.org\/es\/piden-honrar-la-memoria-del-p-paolo-dalloglio\/#primaryimage","url":"https:\/\/media.acninternational.org\/wp-content\/uploads\/2023\/07\/heading_web-3-3.jpg","contentUrl":"https:\/\/media.acninternational.org\/wp-content\/uploads\/2023\/07\/heading_web-3-3.jpg","width":2000,"height":625,"caption":"Paolo Dall\u2019Oglio"},{"@type":"BreadcrumbList","@id":"https:\/\/acninternational.org\/es\/piden-honrar-la-memoria-del-p-paolo-dalloglio\/#breadcrumb","itemListElement":[{"@type":"ListItem","position":1,"name":"Home","item":"https:\/\/acninternational.org\/es\/"},{"@type":"ListItem","position":2,"name":"NOTICIAS","item":"https:\/\/acninternational.org\/es\/category\/news-es\/"},{"@type":"ListItem","position":3,"name":"Arzobispos siro-cat\u00f3licos y la fundaci\u00f3n ACN piden honrar la memoria del P. Paolo Dall&#8217;Oglio suavizando las sanciones econ\u00f3micas"}]},{"@type":"WebSite","@id":"https:\/\/acninternational.org\/es\/#website","url":"https:\/\/acninternational.org\/es\/","name":"ACN International","description":"","publisher":{"@id":"https:\/\/acninternational.org\/es\/#organization"},"potentialAction":[{"@type":"SearchAction","target":{"@type":"EntryPoint","urlTemplate":"https:\/\/acninternational.org\/es\/?s={search_term_string}"},"query-input":{"@type":"PropertyValueSpecification","valueRequired":true,"valueName":"search_term_string"}}],"inLanguage":"es"},{"@type":"Organization","@id":"https:\/\/acninternational.org\/es\/#organization","name":"Aid to the Church in Need International","url":"https:\/\/acninternational.org\/es\/","logo":{"@type":"ImageObject","inLanguage":"es","@id":"https:\/\/acninternational.org\/es\/#\/schema\/logo\/image\/","url":"https:\/\/media.acninternational.org\/wp-content\/uploads\/2019\/11\/acn_logo_blackvector.svg","contentUrl":"https:\/\/media.acninternational.org\/wp-content\/uploads\/2019\/11\/acn_logo_blackvector.svg","width":232.6,"height":78,"caption":"Aid to the Church in Need International"},"image":{"@id":"https:\/\/acninternational.org\/es\/#\/schema\/logo\/image\/"},"sameAs":["https:\/\/www.facebook.com\/acninternationalorg","https:\/\/x.com\/acn_int","https:\/\/www.youtube.com\/channel\/UCQ-077gS0TnVzkhHmf1opZw","https:\/\/www.instagram.com\/acn_international\/"]},{"@type":"Person","@id":"https:\/\/acninternational.org\/es\/#\/schema\/person\/7f3dafb236b242fb2aa46be1411fd703","name":"ACN Press Team","description":"Lorem ipsum dolor sit amet, consectetur adipiscing elit, sed do eiusmod tempor incididunt ut labore et dolore magna aliqua. Ut enim ad minim veniam, quis nostrud exercitation ullamco laboris nisi ut aliquip ex ea commodo consequat.","url":"https:\/\/acninternational.org\/es\/author\/acn-press-team\/"}]}},"_links":{"self":[{"href":"https:\/\/acninternational.org\/es\/wp-json\/wp\/v2\/posts\/184347","targetHints":{"allow":["GET"]}}],"collection":[{"href":"https:\/\/acninternational.org\/es\/wp-json\/wp\/v2\/posts"}],"about":[{"href":"https:\/\/acninternational.org\/es\/wp-json\/wp\/v2\/types\/post"}],"author":[{"embeddable":true,"href":"https:\/\/acninternational.org\/es\/wp-json\/wp\/v2\/users\/4258341447"}],"replies":[{"embeddable":true,"href":"https:\/\/acninternational.org\/es\/wp-json\/wp\/v2\/comments?post=184347"}],"version-history":[{"count":0,"href":"https:\/\/acninternational.org\/es\/wp-json\/wp\/v2\/posts\/184347\/revisions"}],"wp:featuredmedia":[{"embeddable":true,"href":"https:\/\/acninternational.org\/es\/wp-json\/wp\/v2\/media\/184345"}],"wp:attachment":[{"href":"https:\/\/acninternational.org\/es\/wp-json\/wp\/v2\/media?parent=184347"}],"wp:term":[{"taxonomy":"category","embeddable":true,"href":"https:\/\/acninternational.org\/es\/wp-json\/wp\/v2\/categories?post=184347"},{"taxonomy":"post_tag","embeddable":true,"href":"https:\/\/acninternational.org\/es\/wp-json\/wp\/v2\/tags?post=184347"},{"taxonomy":"country","embeddable":true,"href":"https:\/\/acninternational.org\/es\/wp-json\/wp\/v2\/country?post=184347"}],"curies":[{"name":"wp","href":"https:\/\/api.w.org\/{rel}","templated":true}]}}