{"id":184102,"date":"2023-07-25T15:51:32","date_gmt":"2023-07-25T13:51:32","guid":{"rendered":"https:\/\/acninternational.org\/?p=184102"},"modified":"2023-07-25T16:04:32","modified_gmt":"2023-07-25T14:04:32","slug":"la-iglesia-en-burundi-una-mision-de-reconciliacion-y-paz","status":"publish","type":"post","link":"https:\/\/acninternational.org\/es\/la-iglesia-en-burundi-una-mision-de-reconciliacion-y-paz\/","title":{"rendered":"La Iglesia en Burundi: Una misi\u00f3n de reconciliaci\u00f3n y paz"},"content":{"rendered":"<p><em>Maxime Fran\u00e7ois-Marsal, responsable en ACN para proyectos en los pa\u00edses franc\u00f3fonos de \u00c1frica Central, acaba de regresar de un viaje a la Rep\u00fablica de Burundi, peque\u00f1o pa\u00eds del \u00c1frica Oriental que limita al norte con Ruanda; al oeste, con la Rep\u00fablica Democr\u00e1tica del Congo; y al sur y al este, con Tanzania. En la siguiente entrevista, Maxime Fran\u00e7ois-Marsal habla de la situaci\u00f3n en Burundi y de la contribuci\u00f3n de ACN al desarrollo de la Iglesia burundesa.<\/em><\/p>\n<figure id=\"attachment_184075\" aria-describedby=\"caption-attachment-184075\" style=\"width: 800px\" class=\"wp-caption aligncenter\"><img loading=\"lazy\" decoding=\"async\" class=\"wp-image-184075 size-large\" src=\"https:\/\/media.acninternational.org\/wp-content\/uploads\/2023\/07\/ACN-20230721-150107-1024x683.jpg\" alt=\"Radio Voix de la R\u00e9conciliation - Viaje 2023 Junio Burundi Maxime Francois-Marsal\" width=\"800\" height=\"534\" srcset=\"https:\/\/media.acninternational.org\/wp-content\/uploads\/2023\/07\/ACN-20230721-150107-1024x683.jpg 1024w, https:\/\/media.acninternational.org\/wp-content\/uploads\/2023\/07\/ACN-20230721-150107-300x200.jpg 300w, https:\/\/media.acninternational.org\/wp-content\/uploads\/2023\/07\/ACN-20230721-150107-768x512.jpg 768w, https:\/\/media.acninternational.org\/wp-content\/uploads\/2023\/07\/ACN-20230721-150107.jpg 1080w\" sizes=\"auto, (max-width: 800px) 100vw, 800px\" \/><figcaption id=\"caption-attachment-184075\" class=\"wp-caption-text\">Radio Voix de la R\u00e9conciliation &#8211; Viaje 2023 Junio Burundi Maxime Francois-Marsal<\/figcaption><\/figure>\n<h4><strong>\u00bfC\u00f3mo describir\u00eda Burundi? <\/strong><\/h4>\n<p>Burundi es un pa\u00eds sin salida al mar situado en la regi\u00f3n de los Grandes Lagos. Desde hace al menos cinco siglos, los pueblos twa, hutu y tutsi conviven en el territorio del actual Burundi. La frontera entre estos grupos \u00e9tnicos es muy difusa, ya que comparten la misma lengua y la misma religi\u00f3n y, adem\u00e1s, tienen costumbres similares. Sin embargo, Burundi tiene un pasado muy doloroso, plagado de masacres, asesinatos, conflictos sociales y violencia.<\/p>\n<h4><strong>\u00bfCu\u00e1l es la situaci\u00f3n religiosa en Burundi?<\/strong><\/h4>\n<p>El sentimiento religioso es muy fuerte en la sociedad burundesa y, en general, la libertad religiosa se respeta en el pa\u00eds. Los cristianos representan m\u00e1s del 90% de la sociedad y el cristianismo sigue creciendo. Sin embargo, y a pesar de ello, la fe cristiana no tiene ra\u00edces profundas en Burundi. As\u00ed, por ejemplo, han nacido muchos movimientos religiosos nuevos, pero estas comunidades suelen carecer de conocimientos sobre la vida religiosa y la fe cristiana en general, lo que supone un reto. La sociedad, evangelizada hace apenas 125 a\u00f1os, a\u00fan no ha abrazado en profundidad la fe cristiana, por lo que sigue viviendo de acuerdo a costumbres y tradiciones derivadas de las religiones ind\u00edgenas.<\/p>\n<h4><strong>\u00bfQu\u00e9 le ha llamado la atenci\u00f3n de estas tradiciones religiosas?<\/strong><\/h4>\n<p>Burundi sigue muy apegado a sus ra\u00edces culturales. As\u00ed, hasta el d\u00eda de hoy, temen a los muertos, pues creen que sus almas pueden influir en la vida de los vivos. Adem\u00e1s, en la liturgia tambi\u00e9n se introduce la danza ritual con el tambor real, la famosa tradici\u00f3n burundesa inscrita en la lista del Patrimonio Cultural Inmaterial de la UNESCO que simboliza la fertilidad, la regeneraci\u00f3n y el respeto a la monarqu\u00eda. En Burundi, tocar el tambor es s\u00edmbolo de reconocimiento, por lo que no es raro que se coloquen los sagrarios sobre tambores. Cuando el presidente de Burundi visit\u00f3 la Santa Sede, le regal\u00f3 al papa un tambor.<\/p>\n<figure id=\"attachment_184081\" aria-describedby=\"caption-attachment-184081\" style=\"width: 800px\" class=\"wp-caption aligncenter\"><img loading=\"lazy\" decoding=\"async\" class=\"wp-image-184081 size-large\" src=\"https:\/\/media.acninternational.org\/wp-content\/uploads\/2023\/07\/ACN-20230721-150113-1024x683.jpg\" alt=\"Extrarradio de Kiziba en la parroquia de Bukemba\" width=\"800\" height=\"534\" srcset=\"https:\/\/media.acninternational.org\/wp-content\/uploads\/2023\/07\/ACN-20230721-150113-1024x683.jpg 1024w, https:\/\/media.acninternational.org\/wp-content\/uploads\/2023\/07\/ACN-20230721-150113-300x200.jpg 300w, https:\/\/media.acninternational.org\/wp-content\/uploads\/2023\/07\/ACN-20230721-150113-768x512.jpg 768w, https:\/\/media.acninternational.org\/wp-content\/uploads\/2023\/07\/ACN-20230721-150113.jpg 1080w\" sizes=\"auto, (max-width: 800px) 100vw, 800px\" \/><figcaption id=\"caption-attachment-184081\" class=\"wp-caption-text\">Extrarradio de Kiziba en la parroquia de Bukemba<\/figcaption><\/figure>\n<h4><strong>\u00bfC\u00f3mo viven los cristianos su vida religiosa?<\/strong><\/h4>\n<p>A los cristianos les gusta reunirse en peque\u00f1os grupos para rezar y ayudarse mutuamente. Con el paso del tiempo, estos grupos de oraci\u00f3n se convierten en comunidades mayores que deciden que necesitan un lugar de culto, a lo que construyen una iglesia con sus propias manos. Durante mi viaje a Burundi, visit\u00e9 una de esas iglesias construidas por los fieles mismos. Me ha inspirado mucho el hecho de que, aunque Burundi sea uno de los pa\u00edses m\u00e1s pobres del mundo -m\u00e1s del 80% de la poblaci\u00f3n vive en la pobreza-, sus gentes sean muy generosas, est\u00e9n muy comprometidas con la Iglesia y \u00e1vidas de experiencias religiosas que cambien su vida cotidiana.<\/p>\n<h4><strong>\u00bfQu\u00e9 alcance tiene la misi\u00f3n de la Iglesia cat\u00f3lica en Burundi?<\/strong><\/h4>\n<p>Dos tercios de los cristianos burundeses se identifican como cat\u00f3licos, Burundi se divide en ocho di\u00f3cesis, dos de las cuales est\u00e1n vacantes. El pa\u00eds cuenta con cuatro seminarios mayores y actualmente se est\u00e1 construyendo uno m\u00e1s en la di\u00f3cesis de Bubanza con la ayuda de ACN. En los \u00faltimos a\u00f1os, Burundi ha experimentado un auge de vocaciones a la vida consagrada y al sacerdocio, por lo que hay un gran n\u00famero de solicitudes de ingreso a los seminarios, este n\u00famero aumenta a\u00f1o tras a\u00f1o. Sin embargo, debido a la mala situaci\u00f3n econ\u00f3mica, los seminarios no pueden aceptar a todos los candidatos, por lo que el n\u00famero de nuevos solicitantes se limita a trece.<\/p>\n<p>Varias congregaciones femeninas ejercen con \u00e9xito su ministerio en Burundi. La primera congregaci\u00f3n femenina local -las Hermanas de Bene Terezya-, ya se ha convertido en congregaci\u00f3n de derecho pontificio. Las Hermanas de Mar\u00eda de Schoenstatt y los Padres de Schoenstatt llevan activos en Burundi desde los a\u00f1os sesenta, todos ellos refuerzan la educaci\u00f3n de ni\u00f1os y j\u00f3venes, imparten los fundamentos del catecismo, organizan actividades deportivas y culturales y ocasionan un aut\u00e9ntico cambio para bien en la sociedad.<\/p>\n<h4><strong>A nivel pastoral, \u00bfcu\u00e1les cree que son los principales retos del pa\u00eds?<\/strong><\/h4>\n<p>Desde que Burundi obtuvo la independencia en 1962, se han producido tres genocidios como consecuencia de violentos conflictos entre los hutus y los tutsis.<\/p>\n<p>En marzo de 2022, durante su visita al papa Francisco en el Vaticano, el presidente de la Rep\u00fablica de Burundi, \u00c9variste Ndayishimiye, admiti\u00f3 que la Iglesia cat\u00f3lica ha desempe\u00f1ado un papel importante en el proceso de paz y reconciliaci\u00f3n del pueblo burund\u00e9s y que, como consecuencia de estos esfuerzos, se ha instaurado una fr\u00e1gil paz.<\/p>\n<p>El futuro previsible de la libertad religiosa no ha cambiado, pero las tensiones internas y las circunstancias externas corren el riesgo de afectar a todos los derechos humanos. Por ello, debe prestarse especial atenci\u00f3n al proceso de educaci\u00f3n y formaci\u00f3n de quienes ser\u00e1n los actores de la vida de Iglesia y del desarrollo del pa\u00eds.<\/p>\n<figure id=\"attachment_184087\" aria-describedby=\"caption-attachment-184087\" style=\"width: 800px\" class=\"wp-caption aligncenter\"><img loading=\"lazy\" decoding=\"async\" class=\"wp-image-184087 size-large\" src=\"https:\/\/media.acninternational.org\/wp-content\/uploads\/2023\/07\/ACN-20230622-148496-1024x768.jpg\" alt=\"Hermanas de Mar\u00eda de Schoenstatt que trabajan en la di\u00f3cesis Di\u00f3cesis de Muying\" width=\"800\" height=\"600\" srcset=\"https:\/\/media.acninternational.org\/wp-content\/uploads\/2023\/07\/ACN-20230622-148496-1024x768.jpg 1024w, https:\/\/media.acninternational.org\/wp-content\/uploads\/2023\/07\/ACN-20230622-148496-300x225.jpg 300w, https:\/\/media.acninternational.org\/wp-content\/uploads\/2023\/07\/ACN-20230622-148496-768x576.jpg 768w, https:\/\/media.acninternational.org\/wp-content\/uploads\/2023\/07\/ACN-20230622-148496.jpg 1080w\" sizes=\"auto, (max-width: 800px) 100vw, 800px\" \/><figcaption id=\"caption-attachment-184087\" class=\"wp-caption-text\">Hermanas de Mar\u00eda de Schoenstatt que trabajan en la di\u00f3cesis Di\u00f3cesis de Muying<\/figcaption><\/figure>\n<h4><strong>\u00bfCu\u00e1l es la contribuci\u00f3n de ACN a la vida del pa\u00eds?<\/strong><\/h4>\n<p>En los \u00faltimos diez a\u00f1os, ACN ha contribuido a m\u00e1s de 200 proyectos en Burundi, centr\u00e1ndose especialmente en la formaci\u00f3n de sacerdotes, religiosas y catequistas, as\u00ed como en el apoyo a diversas actividades pastorales,\u00a0 este compromiso se mantendr\u00e1 en el futuro.<\/p>\n<p>Sin embargo, actualmente se cierne sobre el pa\u00eds una creciente amenaza de violencia por motivos pol\u00edticos. En Burundi hay un clima de desconfianza generalizado, incluso entre amigos y familiares. All\u00ed me contaron que la gente nunca invita a sus amigos a su casa, porque temen que entonces sepan d\u00f3nde est\u00e1 y puedan darles caza cuando estalle la siguiente guerra civil. Nuestra acci\u00f3n tiene por objetivo difundir la Buena Nueva en el coraz\u00f3n de la gente, para que puedan resistirse a la tentaci\u00f3n de la violencia.<\/p>\n","protected":false},"excerpt":{"rendered":"<p>Maxime Fran\u00e7ois-Marsal, responsable en ACN para proyectos en los pa\u00edses franc\u00f3fonos de \u00c1frica Central, acaba de regresar de un viaje<\/p>\n","protected":false},"author":4258341447,"featured_media":184096,"comment_status":"closed","ping_status":"closed","sticky":false,"template":"","format":"standard","meta":{"_acf_changed":false,"_acn_coauthor_ids":[],"footnotes":""},"categories":[745,798],"tags":[],"country":[805,822],"class_list":["post-184102","post","type-post","status-publish","format-standard","has-post-thumbnail","hentry","category-entrevistas","category-interviews-es","country-africa","country-burundi"],"acn_coauthors":[],"acf":[],"yoast_head":"<!-- This site is optimized with the Yoast SEO Premium plugin v27.3 (Yoast SEO v27.3) - https:\/\/yoast.com\/product\/yoast-seo-premium-wordpress\/ -->\n<title>La Iglesia en Burundi: Una misi\u00f3n de reconciliaci\u00f3n y paz | ACN International<\/title>\n<meta name=\"robots\" content=\"index, follow, max-snippet:-1, max-image-preview:large, max-video-preview:-1\" \/>\n<link rel=\"canonical\" href=\"https:\/\/acninternational.org\/es\/la-iglesia-en-burundi-una-mision-de-reconciliacion-y-paz\/\" \/>\n<meta property=\"og:locale\" content=\"es_ES\" \/>\n<meta property=\"og:type\" content=\"article\" \/>\n<meta property=\"og:title\" content=\"La Iglesia en Burundi: Una misi\u00f3n de reconciliaci\u00f3n y paz\" \/>\n<meta property=\"og:description\" content=\"Maxime Fran\u00e7ois-Marsal, responsable en ACN para proyectos en los pa\u00edses franc\u00f3fonos de \u00c1frica Central, acaba de regresar de un viaje\" \/>\n<meta property=\"og:url\" content=\"https:\/\/acninternational.org\/es\/la-iglesia-en-burundi-una-mision-de-reconciliacion-y-paz\/\" \/>\n<meta property=\"og:site_name\" content=\"ACN International\" \/>\n<meta property=\"article:publisher\" content=\"https:\/\/www.facebook.com\/acninternationalorg\" \/>\n<meta property=\"article:published_time\" content=\"2023-07-25T13:51:32+00:00\" \/>\n<meta property=\"article:modified_time\" content=\"2023-07-25T14:04:32+00:00\" \/>\n<meta property=\"og:image\" content=\"https:\/\/media.acninternational.org\/wp-content\/uploads\/2023\/07\/ACN-20230721-150065.jpg\" \/>\n\t<meta property=\"og:image:width\" content=\"1920\" \/>\n\t<meta property=\"og:image:height\" content=\"700\" \/>\n\t<meta property=\"og:image:type\" content=\"image\/jpeg\" \/>\n<meta name=\"author\" content=\"ACN Press Team\" \/>\n<meta name=\"twitter:card\" content=\"summary_large_image\" \/>\n<meta name=\"twitter:creator\" content=\"@acn_int\" \/>\n<meta name=\"twitter:site\" content=\"@acn_int\" \/>\n<meta name=\"twitter:label1\" content=\"Escrito por\" \/>\n\t<meta name=\"twitter:data1\" content=\"ACN Press Team\" \/>\n\t<meta name=\"twitter:label2\" content=\"Tiempo de lectura\" \/>\n\t<meta name=\"twitter:data2\" content=\"6 minutos\" \/>\n<script type=\"application\/ld+json\" class=\"yoast-schema-graph\">{\"@context\":\"https:\\\/\\\/schema.org\",\"@graph\":[{\"@type\":\"Article\",\"@id\":\"https:\\\/\\\/acninternational.org\\\/es\\\/la-iglesia-en-burundi-una-mision-de-reconciliacion-y-paz\\\/#article\",\"isPartOf\":{\"@id\":\"https:\\\/\\\/acninternational.org\\\/es\\\/la-iglesia-en-burundi-una-mision-de-reconciliacion-y-paz\\\/\"},\"author\":{\"name\":\"ACN Press Team\",\"@id\":\"https:\\\/\\\/acninternational.org\\\/es\\\/#\\\/schema\\\/person\\\/7f3dafb236b242fb2aa46be1411fd703\"},\"headline\":\"La Iglesia en Burundi: Una misi\u00f3n de reconciliaci\u00f3n y paz\",\"datePublished\":\"2023-07-25T13:51:32+00:00\",\"dateModified\":\"2023-07-25T14:04:32+00:00\",\"mainEntityOfPage\":{\"@id\":\"https:\\\/\\\/acninternational.org\\\/es\\\/la-iglesia-en-burundi-una-mision-de-reconciliacion-y-paz\\\/\"},\"wordCount\":1151,\"publisher\":{\"@id\":\"https:\\\/\\\/acninternational.org\\\/es\\\/#organization\"},\"image\":{\"@id\":\"https:\\\/\\\/acninternational.org\\\/es\\\/la-iglesia-en-burundi-una-mision-de-reconciliacion-y-paz\\\/#primaryimage\"},\"thumbnailUrl\":\"https:\\\/\\\/media.acninternational.org\\\/wp-content\\\/uploads\\\/2023\\\/07\\\/ACN-20230721-150065.jpg\",\"articleSection\":[\"ENTREVISTAS\",\"INTERVIEWS\"],\"inLanguage\":\"es\"},{\"@type\":\"WebPage\",\"@id\":\"https:\\\/\\\/acninternational.org\\\/es\\\/la-iglesia-en-burundi-una-mision-de-reconciliacion-y-paz\\\/\",\"url\":\"https:\\\/\\\/acninternational.org\\\/es\\\/la-iglesia-en-burundi-una-mision-de-reconciliacion-y-paz\\\/\",\"name\":\"La Iglesia en Burundi: Una misi\u00f3n de reconciliaci\u00f3n y paz | ACN International\",\"isPartOf\":{\"@id\":\"https:\\\/\\\/acninternational.org\\\/es\\\/#website\"},\"primaryImageOfPage\":{\"@id\":\"https:\\\/\\\/acninternational.org\\\/es\\\/la-iglesia-en-burundi-una-mision-de-reconciliacion-y-paz\\\/#primaryimage\"},\"image\":{\"@id\":\"https:\\\/\\\/acninternational.org\\\/es\\\/la-iglesia-en-burundi-una-mision-de-reconciliacion-y-paz\\\/#primaryimage\"},\"thumbnailUrl\":\"https:\\\/\\\/media.acninternational.org\\\/wp-content\\\/uploads\\\/2023\\\/07\\\/ACN-20230721-150065.jpg\",\"datePublished\":\"2023-07-25T13:51:32+00:00\",\"dateModified\":\"2023-07-25T14:04:32+00:00\",\"breadcrumb\":{\"@id\":\"https:\\\/\\\/acninternational.org\\\/es\\\/la-iglesia-en-burundi-una-mision-de-reconciliacion-y-paz\\\/#breadcrumb\"},\"inLanguage\":\"es\",\"potentialAction\":[{\"@type\":\"ReadAction\",\"target\":[\"https:\\\/\\\/acninternational.org\\\/es\\\/la-iglesia-en-burundi-una-mision-de-reconciliacion-y-paz\\\/\"]}]},{\"@type\":\"ImageObject\",\"inLanguage\":\"es\",\"@id\":\"https:\\\/\\\/acninternational.org\\\/es\\\/la-iglesia-en-burundi-una-mision-de-reconciliacion-y-paz\\\/#primaryimage\",\"url\":\"https:\\\/\\\/media.acninternational.org\\\/wp-content\\\/uploads\\\/2023\\\/07\\\/ACN-20230721-150065.jpg\",\"contentUrl\":\"https:\\\/\\\/media.acninternational.org\\\/wp-content\\\/uploads\\\/2023\\\/07\\\/ACN-20230721-150065.jpg\",\"width\":1920,\"height\":700},{\"@type\":\"BreadcrumbList\",\"@id\":\"https:\\\/\\\/acninternational.org\\\/es\\\/la-iglesia-en-burundi-una-mision-de-reconciliacion-y-paz\\\/#breadcrumb\",\"itemListElement\":[{\"@type\":\"ListItem\",\"position\":1,\"name\":\"Home\",\"item\":\"https:\\\/\\\/acninternational.org\\\/es\\\/\"},{\"@type\":\"ListItem\",\"position\":2,\"name\":\"INTERVIEWS\",\"item\":\"https:\\\/\\\/acninternational.org\\\/es\\\/category\\\/interviews-es\\\/\"},{\"@type\":\"ListItem\",\"position\":3,\"name\":\"La Iglesia en Burundi: Una misi\u00f3n de reconciliaci\u00f3n y paz\"}]},{\"@type\":\"WebSite\",\"@id\":\"https:\\\/\\\/acninternational.org\\\/es\\\/#website\",\"url\":\"https:\\\/\\\/acninternational.org\\\/es\\\/\",\"name\":\"ACN International\",\"description\":\"\",\"publisher\":{\"@id\":\"https:\\\/\\\/acninternational.org\\\/es\\\/#organization\"},\"potentialAction\":[{\"@type\":\"SearchAction\",\"target\":{\"@type\":\"EntryPoint\",\"urlTemplate\":\"https:\\\/\\\/acninternational.org\\\/es\\\/?s={search_term_string}\"},\"query-input\":{\"@type\":\"PropertyValueSpecification\",\"valueRequired\":true,\"valueName\":\"search_term_string\"}}],\"inLanguage\":\"es\"},{\"@type\":\"Organization\",\"@id\":\"https:\\\/\\\/acninternational.org\\\/es\\\/#organization\",\"name\":\"Aid to the Church in Need International\",\"url\":\"https:\\\/\\\/acninternational.org\\\/es\\\/\",\"logo\":{\"@type\":\"ImageObject\",\"inLanguage\":\"es\",\"@id\":\"https:\\\/\\\/acninternational.org\\\/es\\\/#\\\/schema\\\/logo\\\/image\\\/\",\"url\":\"https:\\\/\\\/media.acninternational.org\\\/wp-content\\\/uploads\\\/2019\\\/11\\\/acn_logo_blackvector.svg\",\"contentUrl\":\"https:\\\/\\\/media.acninternational.org\\\/wp-content\\\/uploads\\\/2019\\\/11\\\/acn_logo_blackvector.svg\",\"width\":232.6,\"height\":78,\"caption\":\"Aid to the Church in Need International\"},\"image\":{\"@id\":\"https:\\\/\\\/acninternational.org\\\/es\\\/#\\\/schema\\\/logo\\\/image\\\/\"},\"sameAs\":[\"https:\\\/\\\/www.facebook.com\\\/acninternationalorg\",\"https:\\\/\\\/x.com\\\/acn_int\",\"https:\\\/\\\/www.youtube.com\\\/channel\\\/UCQ-077gS0TnVzkhHmf1opZw\",\"https:\\\/\\\/www.instagram.com\\\/acn_international\\\/\"]},{\"@type\":\"Person\",\"@id\":\"https:\\\/\\\/acninternational.org\\\/es\\\/#\\\/schema\\\/person\\\/7f3dafb236b242fb2aa46be1411fd703\",\"name\":\"ACN Press Team\",\"description\":\"Lorem ipsum dolor sit amet, consectetur adipiscing elit, sed do eiusmod tempor incididunt ut labore et dolore magna aliqua. Ut enim ad minim veniam, quis nostrud exercitation ullamco laboris nisi ut aliquip ex ea commodo consequat.\",\"url\":\"https:\\\/\\\/acninternational.org\\\/es\\\/author\\\/acn-press-team\\\/\"}]}<\/script>\n<!-- \/ Yoast SEO Premium plugin. -->","yoast_head_json":{"title":"La Iglesia en Burundi: Una misi\u00f3n de reconciliaci\u00f3n y paz | ACN International","robots":{"index":"index","follow":"follow","max-snippet":"max-snippet:-1","max-image-preview":"max-image-preview:large","max-video-preview":"max-video-preview:-1"},"canonical":"https:\/\/acninternational.org\/es\/la-iglesia-en-burundi-una-mision-de-reconciliacion-y-paz\/","og_locale":"es_ES","og_type":"article","og_title":"La Iglesia en Burundi: Una misi\u00f3n de reconciliaci\u00f3n y paz","og_description":"Maxime Fran\u00e7ois-Marsal, responsable en ACN para proyectos en los pa\u00edses franc\u00f3fonos de \u00c1frica Central, acaba de regresar de un viaje","og_url":"https:\/\/acninternational.org\/es\/la-iglesia-en-burundi-una-mision-de-reconciliacion-y-paz\/","og_site_name":"ACN International","article_publisher":"https:\/\/www.facebook.com\/acninternationalorg","article_published_time":"2023-07-25T13:51:32+00:00","article_modified_time":"2023-07-25T14:04:32+00:00","og_image":[{"width":1920,"height":700,"url":"https:\/\/media.acninternational.org\/wp-content\/uploads\/2023\/07\/ACN-20230721-150065.jpg","type":"image\/jpeg"}],"author":"ACN Press Team","twitter_card":"summary_large_image","twitter_creator":"@acn_int","twitter_site":"@acn_int","twitter_misc":{"Escrito por":"ACN Press Team","Tiempo de lectura":"6 minutos"},"schema":{"@context":"https:\/\/schema.org","@graph":[{"@type":"Article","@id":"https:\/\/acninternational.org\/es\/la-iglesia-en-burundi-una-mision-de-reconciliacion-y-paz\/#article","isPartOf":{"@id":"https:\/\/acninternational.org\/es\/la-iglesia-en-burundi-una-mision-de-reconciliacion-y-paz\/"},"author":{"name":"ACN Press Team","@id":"https:\/\/acninternational.org\/es\/#\/schema\/person\/7f3dafb236b242fb2aa46be1411fd703"},"headline":"La Iglesia en Burundi: Una misi\u00f3n de reconciliaci\u00f3n y paz","datePublished":"2023-07-25T13:51:32+00:00","dateModified":"2023-07-25T14:04:32+00:00","mainEntityOfPage":{"@id":"https:\/\/acninternational.org\/es\/la-iglesia-en-burundi-una-mision-de-reconciliacion-y-paz\/"},"wordCount":1151,"publisher":{"@id":"https:\/\/acninternational.org\/es\/#organization"},"image":{"@id":"https:\/\/acninternational.org\/es\/la-iglesia-en-burundi-una-mision-de-reconciliacion-y-paz\/#primaryimage"},"thumbnailUrl":"https:\/\/media.acninternational.org\/wp-content\/uploads\/2023\/07\/ACN-20230721-150065.jpg","articleSection":["ENTREVISTAS","INTERVIEWS"],"inLanguage":"es"},{"@type":"WebPage","@id":"https:\/\/acninternational.org\/es\/la-iglesia-en-burundi-una-mision-de-reconciliacion-y-paz\/","url":"https:\/\/acninternational.org\/es\/la-iglesia-en-burundi-una-mision-de-reconciliacion-y-paz\/","name":"La Iglesia en Burundi: Una misi\u00f3n de reconciliaci\u00f3n y paz | ACN International","isPartOf":{"@id":"https:\/\/acninternational.org\/es\/#website"},"primaryImageOfPage":{"@id":"https:\/\/acninternational.org\/es\/la-iglesia-en-burundi-una-mision-de-reconciliacion-y-paz\/#primaryimage"},"image":{"@id":"https:\/\/acninternational.org\/es\/la-iglesia-en-burundi-una-mision-de-reconciliacion-y-paz\/#primaryimage"},"thumbnailUrl":"https:\/\/media.acninternational.org\/wp-content\/uploads\/2023\/07\/ACN-20230721-150065.jpg","datePublished":"2023-07-25T13:51:32+00:00","dateModified":"2023-07-25T14:04:32+00:00","breadcrumb":{"@id":"https:\/\/acninternational.org\/es\/la-iglesia-en-burundi-una-mision-de-reconciliacion-y-paz\/#breadcrumb"},"inLanguage":"es","potentialAction":[{"@type":"ReadAction","target":["https:\/\/acninternational.org\/es\/la-iglesia-en-burundi-una-mision-de-reconciliacion-y-paz\/"]}]},{"@type":"ImageObject","inLanguage":"es","@id":"https:\/\/acninternational.org\/es\/la-iglesia-en-burundi-una-mision-de-reconciliacion-y-paz\/#primaryimage","url":"https:\/\/media.acninternational.org\/wp-content\/uploads\/2023\/07\/ACN-20230721-150065.jpg","contentUrl":"https:\/\/media.acninternational.org\/wp-content\/uploads\/2023\/07\/ACN-20230721-150065.jpg","width":1920,"height":700},{"@type":"BreadcrumbList","@id":"https:\/\/acninternational.org\/es\/la-iglesia-en-burundi-una-mision-de-reconciliacion-y-paz\/#breadcrumb","itemListElement":[{"@type":"ListItem","position":1,"name":"Home","item":"https:\/\/acninternational.org\/es\/"},{"@type":"ListItem","position":2,"name":"INTERVIEWS","item":"https:\/\/acninternational.org\/es\/category\/interviews-es\/"},{"@type":"ListItem","position":3,"name":"La Iglesia en Burundi: Una misi\u00f3n de reconciliaci\u00f3n y paz"}]},{"@type":"WebSite","@id":"https:\/\/acninternational.org\/es\/#website","url":"https:\/\/acninternational.org\/es\/","name":"ACN International","description":"","publisher":{"@id":"https:\/\/acninternational.org\/es\/#organization"},"potentialAction":[{"@type":"SearchAction","target":{"@type":"EntryPoint","urlTemplate":"https:\/\/acninternational.org\/es\/?s={search_term_string}"},"query-input":{"@type":"PropertyValueSpecification","valueRequired":true,"valueName":"search_term_string"}}],"inLanguage":"es"},{"@type":"Organization","@id":"https:\/\/acninternational.org\/es\/#organization","name":"Aid to the Church in Need International","url":"https:\/\/acninternational.org\/es\/","logo":{"@type":"ImageObject","inLanguage":"es","@id":"https:\/\/acninternational.org\/es\/#\/schema\/logo\/image\/","url":"https:\/\/media.acninternational.org\/wp-content\/uploads\/2019\/11\/acn_logo_blackvector.svg","contentUrl":"https:\/\/media.acninternational.org\/wp-content\/uploads\/2019\/11\/acn_logo_blackvector.svg","width":232.6,"height":78,"caption":"Aid to the Church in Need International"},"image":{"@id":"https:\/\/acninternational.org\/es\/#\/schema\/logo\/image\/"},"sameAs":["https:\/\/www.facebook.com\/acninternationalorg","https:\/\/x.com\/acn_int","https:\/\/www.youtube.com\/channel\/UCQ-077gS0TnVzkhHmf1opZw","https:\/\/www.instagram.com\/acn_international\/"]},{"@type":"Person","@id":"https:\/\/acninternational.org\/es\/#\/schema\/person\/7f3dafb236b242fb2aa46be1411fd703","name":"ACN Press Team","description":"Lorem ipsum dolor sit amet, consectetur adipiscing elit, sed do eiusmod tempor incididunt ut labore et dolore magna aliqua. Ut enim ad minim veniam, quis nostrud exercitation ullamco laboris nisi ut aliquip ex ea commodo consequat.","url":"https:\/\/acninternational.org\/es\/author\/acn-press-team\/"}]}},"_links":{"self":[{"href":"https:\/\/acninternational.org\/es\/wp-json\/wp\/v2\/posts\/184102","targetHints":{"allow":["GET"]}}],"collection":[{"href":"https:\/\/acninternational.org\/es\/wp-json\/wp\/v2\/posts"}],"about":[{"href":"https:\/\/acninternational.org\/es\/wp-json\/wp\/v2\/types\/post"}],"author":[{"embeddable":true,"href":"https:\/\/acninternational.org\/es\/wp-json\/wp\/v2\/users\/4258341447"}],"replies":[{"embeddable":true,"href":"https:\/\/acninternational.org\/es\/wp-json\/wp\/v2\/comments?post=184102"}],"version-history":[{"count":0,"href":"https:\/\/acninternational.org\/es\/wp-json\/wp\/v2\/posts\/184102\/revisions"}],"wp:featuredmedia":[{"embeddable":true,"href":"https:\/\/acninternational.org\/es\/wp-json\/wp\/v2\/media\/184096"}],"wp:attachment":[{"href":"https:\/\/acninternational.org\/es\/wp-json\/wp\/v2\/media?parent=184102"}],"wp:term":[{"taxonomy":"category","embeddable":true,"href":"https:\/\/acninternational.org\/es\/wp-json\/wp\/v2\/categories?post=184102"},{"taxonomy":"post_tag","embeddable":true,"href":"https:\/\/acninternational.org\/es\/wp-json\/wp\/v2\/tags?post=184102"},{"taxonomy":"country","embeddable":true,"href":"https:\/\/acninternational.org\/es\/wp-json\/wp\/v2\/country?post=184102"}],"curies":[{"name":"wp","href":"https:\/\/api.w.org\/{rel}","templated":true}]}}