{"id":182258,"date":"2023-07-06T10:06:41","date_gmt":"2023-07-06T08:06:41","guid":{"rendered":"https:\/\/acninternational.org\/?p=182258"},"modified":"2023-07-06T17:52:54","modified_gmt":"2023-07-06T15:52:54","slug":"ucrania-historia-de-resistencia-de-un-sacerdote","status":"publish","type":"post","link":"https:\/\/acninternational.org\/es\/ucrania-historia-de-resistencia-de-un-sacerdote\/","title":{"rendered":"Jers\u00f3n: Historia de la resistencia contra el miedo y la desesperanza"},"content":{"rendered":"<p><em>Las tropas rusas ocuparon la ciudad de Jers\u00f3n, en el sur de Ucrania, a principios de marzo de 2022; nueve meses m\u00e1s tarde, una contraofensiva ucraniana oblig\u00f3 a los rusos a retirarse de la zona de Jers\u00f3n a principios de noviembre. Debido a la falta de electricidad y calefacci\u00f3n y a la proximidad del invierno, el Estado ucraniano evacu\u00f3 a todos los que estaban dispuestos a marcharse en noviembre de 2022. Las tropas rusas tomaron posiciones en la orilla opuesta del Dni\u00e9per. A finales de enero de 2023, se calcula que en la ciudad de Jers\u00f3n viv\u00edan unos 40.000 habitantes. Durante meses, la ciudad fue bombardeada a diario con artiller\u00eda y misiles. El 6 de junio de 2023, la cercana presa de Nova Kajovka fue<\/em><em> destruida. <\/em><em>Aid to the Church in Need ha hablado con uno de sus socios de proyectos, el padre Ihnatij Moskalyuk OSBM, sacerdote y rector del monasterio basiliano de San <\/em>Volodymyr el Grande<em>, quien durante todo este tiempo ha permanecido en Jers\u00f3n junto a su cofrade, el hermano P\u00edo, para ayudar a la gente.<\/em><\/p>\n<figure id=\"attachment_182239\" aria-describedby=\"caption-attachment-182239\" style=\"width: 670px\" class=\"wp-caption alignnone\"><img loading=\"lazy\" decoding=\"async\" class=\"wp-image-182239 size-full\" src=\"https:\/\/media.acninternational.org\/wp-content\/uploads\/2023\/07\/pequena_web-9.png\" alt=\"Historia de un sacerdote en Ucrania\" width=\"670\" height=\"400\" srcset=\"https:\/\/media.acninternational.org\/wp-content\/uploads\/2023\/07\/pequena_web-9.png 670w, https:\/\/media.acninternational.org\/wp-content\/uploads\/2023\/07\/pequena_web-9-300x179.png 300w\" sizes=\"auto, (max-width: 670px) 100vw, 670px\" \/><figcaption id=\"caption-attachment-182239\" class=\"wp-caption-text\">El padre Ihnatij Moskalyuk con la comunidad de Kherson (Ucrania)<\/figcaption><\/figure>\n<p><strong>\u00bfC\u00f3mo ha cambiado su vida desde febrero de 2022?<\/strong><\/p>\n<p>No es f\u00e1cil describir c\u00f3mo ha cambiado mi vida desde el 24 de febrero de 2022. Desde que empez\u00f3 la guerra, soy consciente de que cada d\u00eda puede ser el \u00faltimo, cuando me voy a dormir no s\u00e9 si vivir\u00e9 para ver el siguiente amanecer y as\u00ed d\u00eda tras d\u00eda.<\/p>\n<p>Psicol\u00f3gicamente, al principio, me costaba afrontar esta situaci\u00f3n, entonces empec\u00e9 a pedir al Se\u00f1or durante la adoraci\u00f3n del Sant\u00edsimo Sacramento que me diera una respuesta. Y surgi\u00f3 de mi coraz\u00f3n valent\u00eda, le dije al hermano P\u00edo, que se qued\u00f3 aqu\u00ed conmigo durante toda la ocupaci\u00f3n, que a partir de ese momento vivir\u00edamos como antes de la guerra, es decir, dedicados a la oraci\u00f3n y a ayudar a la gente que se hab\u00eda quedado en Jers\u00f3n. Se han quedado los ancianos, los enfermos, tambi\u00e9n j\u00f3venes que no tienen ad\u00f3nde ir y los que la guerra ha sorprendido en Jers\u00f3n. No podemos dejar solas a estas personas.<\/p>\n<p><strong>\u00bfQu\u00e9 impacto ha causado la destrucci\u00f3n de la presa de Nova Kajovka en usted y en su entorno? <\/strong><\/p>\n<p>Cuando nos enteramos, por los medios de comunicaci\u00f3n, de que la presa de Nova-Kajovka estaba destruida y de que el agua en Jers\u00f3n podr\u00eda subir hasta tres o cuatro metros, todo el mundo se asust\u00f3. \u00bfQu\u00e9 ocurrir\u00e1? \u00bfCu\u00e1les ser\u00e1n las consecuencias de la inundaci\u00f3n? Pero afrontamos esa nueva situaci\u00f3n igual que el principio de la guerra: no hab\u00eda nada que nos indujera a no confiar en Dios, nuestro Se\u00f1or. Y as\u00ed empezamos a confiar realmente en Dios, a poner en sus manos todo lo que estaba ocurriendo y lo que iba a ocurrir despu\u00e9s de la inundaci\u00f3n.<\/p>\n<figure id=\"attachment_182250\" aria-describedby=\"caption-attachment-182250\" style=\"width: 670px\" class=\"wp-caption alignnone\"><img loading=\"lazy\" decoding=\"async\" class=\"size-full wp-image-182250\" src=\"https:\/\/media.acninternational.org\/wp-content\/uploads\/2023\/07\/pequena_web-10.png\" alt=\"Historia de un sacerdote en Ucrania\" width=\"670\" height=\"400\" srcset=\"https:\/\/media.acninternational.org\/wp-content\/uploads\/2023\/07\/pequena_web-10.png 670w, https:\/\/media.acninternational.org\/wp-content\/uploads\/2023\/07\/pequena_web-10-300x179.png 300w\" sizes=\"auto, (max-width: 670px) 100vw, 670px\" \/><figcaption id=\"caption-attachment-182250\" class=\"wp-caption-text\">Voluntarios de la parroquia transportando alimentos para ayudar a los necesitados<\/figcaption><\/figure>\n<p>Ciertamente fue terrible presenciar con nuestros propios ojos c\u00f3mo eran arrasados edificios, los animales se ahogaban y hab\u00eda que rescatar a personas que hab\u00edan quedado atrapadas en sus casas. <a href=\"https:\/\/acninternational.org\/es\/ucrania-casi-el-80-de-la-poblacion-necesita-ayuda-para-superar-sus-traumas\/\">Fue terrible<\/a>, pero nuestra confianza en Dios permaneci\u00f3 inc\u00f3lume, as\u00ed como la confianza en que el mal no puede prevalecer y que Dios nuestro Se\u00f1or nos infunde fuerzas para aguantar, al igual que aguantamos bajo la ocupaci\u00f3n. Por eso, mi coraz\u00f3n estaba tranquilo.<\/p>\n<p><strong>\u00bfHa pensado en alg\u00fan momento en abandonar Jers\u00f3n? <\/strong><\/p>\n<p>Al cabo de nueve meses de ocupaci\u00f3n necesitaba descanso f\u00edsico y espiritual.\u00a0 Cuando le dije a la gente de Jers\u00f3n que me iba a Ucrania occidental para recuperarme un poco, recuerdo c\u00f3mo los fieles me miraban a los ojos y me preguntaban: \u201c\u00bfVolver\u00e1 con nosotros, padre?\u201d. Ve\u00eda sus rostros y las l\u00e1grimas en los ojos de esas personas y les respond\u00eda: \u201c\u00a1S\u00ed! No os abandonar\u00e9. Me quedar\u00e9 con vosotros hasta el final, mientras sea la voluntad de Dios nuestro Se\u00f1or. Mientras sea su voluntad, permanecer\u00e9 con vosotros\u201d.<\/p>\n<p><strong>\u00bfCu\u00e1ntos cat\u00f3licos viven a\u00fan en la regi\u00f3n de Jers\u00f3n? <\/strong><\/p>\n<p>Antes de la guerra, el 95% de nuestra parroquia estaba formada por greco-cat\u00f3licos originarios de Ucrania occidental que hab\u00edan sido reasentados tras la Segunda Guerra Mundial. Esto inclu\u00eda a sus hijos y nietos, tambi\u00e9n a los que vinieron aqu\u00ed a estudiar y luego se quedaron para trabajar. S\u00f3lo el 5% de ellos hab\u00eda nacido en Jers\u00f3n. El r\u00e9gimen comunista destruy\u00f3 lo m\u00e1s preciado que hab\u00eda en los corazones de los habitantes de estas zonas del sur y el este de Ucrania: la fe en Dios. Pero ahora nuestra parroquia est\u00e1 formada en un 97% por gente originaria de Jers\u00f3n, porque con la guerra ha cambiado mucho la forma de pensar.<\/p>\n<figure id=\"attachment_182251\" aria-describedby=\"caption-attachment-182251\" style=\"width: 670px\" class=\"wp-caption alignnone\"><img loading=\"lazy\" decoding=\"async\" class=\"wp-image-182251 size-full\" src=\"https:\/\/media.acninternational.org\/wp-content\/uploads\/2023\/07\/pequena_web-11.png\" alt=\"Historia de un sacerdote en Ucrania\" width=\"670\" height=\"400\" srcset=\"https:\/\/media.acninternational.org\/wp-content\/uploads\/2023\/07\/pequena_web-11.png 670w, https:\/\/media.acninternational.org\/wp-content\/uploads\/2023\/07\/pequena_web-11-300x179.png 300w\" sizes=\"auto, (max-width: 670px) 100vw, 670px\" \/><figcaption id=\"caption-attachment-182251\" class=\"wp-caption-text\">Bautismo de adultos durante la santa misa con el P. Ihnatij Moskalyuk<\/figcaption><\/figure>\n<p><strong>\u00bfQu\u00e9 ha ocurrido? \u00bfC\u00f3mo se lo explica? <\/strong><\/p>\n<p>Al ayudar, nuestro monasterio, a la gente distribuyendo ayuda y prestando atenci\u00f3n a las personas, estas sienten que las queremos, que las respetamos y que son importantes para nosotros. Como consecuencia, la gente empieza a reflexionar sobre su vida y a preguntarse: \u201c\u00bfPara qu\u00e9 vivo aqu\u00ed, en la tierra? \u00bfQui\u00e9n es Dios? \u00bfQu\u00e9 ha hecho Dios por m\u00ed? \u00bfC\u00f3mo se lo agradezco y qu\u00e9 conclusiones saco de ello?\u201d.<\/p>\n<p>La gente se hace estas preguntas y busca respuestas. Ahora son much\u00edsimos los que acuden a nuestro monasterio y nos piden los sacramentos del bautismo, del matrimonio o de la penitencia; cada d\u00eda vienen a la santa misa 25 o incluso 30 personas que adem\u00e1s comulgan; entre ellos ni\u00f1os, j\u00f3venes&#8230; Eso nos alegra el coraz\u00f3n. El sacrificio que el hermano P\u00edo y yo hicimos durante la ocupaci\u00f3n est\u00e1 ahora dando sus frutos.<\/p>\n<p><strong>\u00bfQu\u00e9 podemos hacer para ayudarle a usted y a su comunidad? <\/strong><\/p>\n<p>Como religiosos de nuestro monasterio de Jers\u00f3n no necesitamos nada. Gracias a Dios, el monasterio no ha sufrido da\u00f1os, no ha sido destruido, todo funciona, tenemos comida, tenemos de todo, gracias a Dios. Pero me duele el coraz\u00f3n por las personas a las que la guerra ha privado de sus hogares, que han quedado a la intemperie, sin un techo bajo el que cobijarse. Por ellos me duele el coraz\u00f3n. Tambi\u00e9n lo siento por los que se han quedado en sus casas porque no pudieron irse por ser ancianos o estar d\u00e9biles o por estar postrados en cama por enfermedad, eso me duele.<\/p>\n<figure id=\"attachment_182233\" aria-describedby=\"caption-attachment-182233\" style=\"width: 670px\" class=\"wp-caption alignnone\"><img loading=\"lazy\" decoding=\"async\" class=\"wp-image-182233 size-full\" src=\"https:\/\/media.acninternational.org\/wp-content\/uploads\/2023\/07\/pequena_web-12.png\" alt=\"Historia de un sacerdote en Ucrania\" width=\"670\" height=\"400\" srcset=\"https:\/\/media.acninternational.org\/wp-content\/uploads\/2023\/07\/pequena_web-12.png 670w, https:\/\/media.acninternational.org\/wp-content\/uploads\/2023\/07\/pequena_web-12-300x179.png 300w\" sizes=\"auto, (max-width: 670px) 100vw, 670px\" \/><figcaption id=\"caption-attachment-182233\" class=\"wp-caption-text\">Distribuci\u00f3n de ayuda humanitaria a cargo de los basilienses<\/figcaption><\/figure>\n<p>Necesitan algo de comer, necesitan productos de higiene, pa\u00f1ales, detergente en polvo \u2026 porque a comida se puede acceder todav\u00eda de una u otra forma, pero todo lo dem\u00e1s falta en Jers\u00f3n. No obstante, doy gracias a Dios por todo. Algunas cosas nos las facilitan voluntarios: alguien dona algo y as\u00ed podemos distribuir un poco. Por eso, doy las gracias a todos los que tienen un coraz\u00f3n generoso y siempre nos ayudan. Y doy gracias a Dios porque permite que nuestras manos sean Sus manos y porque nos env\u00eda a las personas que m\u00e1s lo necesitan. Por ello, doy gracias a Dios.<\/p>\n<p>Me gustar\u00eda agradecer especialmente a <a href=\"https:\/\/www.instagram.com\/p\/CqdWdP1IWP2\/?img_index=1\">ACN por hacer posible que compremos un autom\u00f3vil<\/a>. Un veh\u00edculo es indispensable en nuestro cuidado pastoral, especialmente en esta situaci\u00f3n tan dura.<\/p>\n<p><strong>\u00bfAcaso n<\/strong><strong>o es especialmente dif\u00edcil dar gracias en estos tiempos? <\/strong><\/p>\n<p>Durante la ocupaci\u00f3n y la guerra he aprendido a confiar a\u00fan m\u00e1s en Dios. Antes tambi\u00e9n confiaba en \u00c9l, pero esa confianza quiz\u00e1 no era tan fuerte como lo es ahora. Ahora doy gracias a Dios por cada nuevo d\u00eda y por permitirme vivir para \u00c9l y para la gente; doy gracias a Dios por poder sacrificar mi vida d\u00eda tras d\u00eda. El mayor milagro en estos tiempos es que estoy sano y que Dios me ha protegido de todo mal. Tambi\u00e9n es un milagro que nuestro monasterio y nuestra iglesia se hayan conservado y tengamos un lugar donde rezar, que nuestra iglesia no est\u00e9 vac\u00eda sino que la gente acuda a ella. Y doy gracias a Dios por habernos dado a san Jos\u00e9 como patr\u00f3n, en cuyas manos pongo nuestro monasterio y nuestra ciudad. Doy gracias a Dios y a san Jos\u00e9 por velar por nosotros.<\/p>\n","protected":false},"excerpt":{"rendered":"<p>Un sacerdote basiliano da su testimonio mientras ayuda en Kherson (Ucrania), ciudad sometida durante meses a ataques diarios.<\/p>\n","protected":false},"author":4258341447,"featured_media":182232,"comment_status":"closed","ping_status":"closed","sticky":false,"template":"","format":"standard","meta":{"_acf_changed":false,"_acn_coauthor_ids":[],"footnotes":""},"categories":[798],"tags":[],"country":[426],"class_list":["post-182258","post","type-post","status-publish","format-standard","has-post-thumbnail","hentry","category-interviews-es","country-ucrania"],"acn_coauthors":[],"acf":[],"yoast_head":"<!-- This site is optimized with the Yoast SEO Premium plugin v27.3 (Yoast SEO v27.3) - https:\/\/yoast.com\/product\/yoast-seo-premium-wordpress\/ -->\n<title>Ucrania: Historia de resistencia de un sacerdote | ACN International<\/title>\n<meta name=\"description\" content=\"Un sacerdote basiliano da su testimonio mientras ayuda en Kherson, Ucrania, ciudad sometida durante meses a ataques diarios.\" \/>\n<meta name=\"robots\" content=\"index, follow, max-snippet:-1, max-image-preview:large, max-video-preview:-1\" \/>\n<link rel=\"canonical\" href=\"https:\/\/acninternational.org\/es\/ucrania-historia-de-resistencia-de-un-sacerdote\/\" \/>\n<meta property=\"og:locale\" content=\"es_ES\" \/>\n<meta property=\"og:type\" content=\"article\" \/>\n<meta property=\"og:title\" content=\"Jers\u00f3n: Historia de la resistencia contra el miedo y la desesperanza\" \/>\n<meta property=\"og:description\" content=\"Un sacerdote basiliano da su testimonio mientras ayuda en Kherson, Ucrania, ciudad sometida durante meses a ataques diarios.\" \/>\n<meta property=\"og:url\" content=\"https:\/\/acninternational.org\/es\/ucrania-historia-de-resistencia-de-un-sacerdote\/\" \/>\n<meta property=\"og:site_name\" content=\"ACN International\" \/>\n<meta property=\"article:publisher\" content=\"https:\/\/www.facebook.com\/acninternationalorg\" \/>\n<meta property=\"article:published_time\" content=\"2023-07-06T08:06:41+00:00\" \/>\n<meta property=\"article:modified_time\" content=\"2023-07-06T15:52:54+00:00\" \/>\n<meta property=\"og:image\" content=\"https:\/\/media.acninternational.org\/wp-content\/uploads\/2023\/07\/heading_web-2.jpg\" \/>\n\t<meta property=\"og:image:width\" content=\"2000\" \/>\n\t<meta property=\"og:image:height\" content=\"625\" \/>\n\t<meta property=\"og:image:type\" content=\"image\/jpeg\" \/>\n<meta name=\"author\" content=\"ACN Press Team\" \/>\n<meta name=\"twitter:card\" content=\"summary_large_image\" \/>\n<meta name=\"twitter:creator\" content=\"@acn_int\" \/>\n<meta name=\"twitter:site\" content=\"@acn_int\" \/>\n<meta name=\"twitter:label1\" content=\"Escrito por\" \/>\n\t<meta name=\"twitter:data1\" content=\"ACN Press Team\" \/>\n\t<meta name=\"twitter:label2\" content=\"Tiempo de lectura\" \/>\n\t<meta name=\"twitter:data2\" content=\"7 minutos\" \/>\n<script type=\"application\/ld+json\" class=\"yoast-schema-graph\">{\"@context\":\"https:\\\/\\\/schema.org\",\"@graph\":[{\"@type\":\"Article\",\"@id\":\"https:\\\/\\\/acninternational.org\\\/es\\\/ucrania-historia-de-resistencia-de-un-sacerdote\\\/#article\",\"isPartOf\":{\"@id\":\"https:\\\/\\\/acninternational.org\\\/es\\\/ucrania-historia-de-resistencia-de-un-sacerdote\\\/\"},\"author\":{\"name\":\"ACN Press Team\",\"@id\":\"https:\\\/\\\/acninternational.org\\\/es\\\/#\\\/schema\\\/person\\\/7f3dafb236b242fb2aa46be1411fd703\"},\"headline\":\"Jers\u00f3n: Historia de la resistencia contra el miedo y la desesperanza\",\"datePublished\":\"2023-07-06T08:06:41+00:00\",\"dateModified\":\"2023-07-06T15:52:54+00:00\",\"mainEntityOfPage\":{\"@id\":\"https:\\\/\\\/acninternational.org\\\/es\\\/ucrania-historia-de-resistencia-de-un-sacerdote\\\/\"},\"wordCount\":1477,\"publisher\":{\"@id\":\"https:\\\/\\\/acninternational.org\\\/es\\\/#organization\"},\"image\":{\"@id\":\"https:\\\/\\\/acninternational.org\\\/es\\\/ucrania-historia-de-resistencia-de-un-sacerdote\\\/#primaryimage\"},\"thumbnailUrl\":\"https:\\\/\\\/media.acninternational.org\\\/wp-content\\\/uploads\\\/2023\\\/07\\\/heading_web-2.jpg\",\"articleSection\":[\"INTERVIEWS\"],\"inLanguage\":\"es\"},{\"@type\":\"WebPage\",\"@id\":\"https:\\\/\\\/acninternational.org\\\/es\\\/ucrania-historia-de-resistencia-de-un-sacerdote\\\/\",\"url\":\"https:\\\/\\\/acninternational.org\\\/es\\\/ucrania-historia-de-resistencia-de-un-sacerdote\\\/\",\"name\":\"Ucrania: Historia de resistencia de un sacerdote | ACN International\",\"isPartOf\":{\"@id\":\"https:\\\/\\\/acninternational.org\\\/es\\\/#website\"},\"primaryImageOfPage\":{\"@id\":\"https:\\\/\\\/acninternational.org\\\/es\\\/ucrania-historia-de-resistencia-de-un-sacerdote\\\/#primaryimage\"},\"image\":{\"@id\":\"https:\\\/\\\/acninternational.org\\\/es\\\/ucrania-historia-de-resistencia-de-un-sacerdote\\\/#primaryimage\"},\"thumbnailUrl\":\"https:\\\/\\\/media.acninternational.org\\\/wp-content\\\/uploads\\\/2023\\\/07\\\/heading_web-2.jpg\",\"datePublished\":\"2023-07-06T08:06:41+00:00\",\"dateModified\":\"2023-07-06T15:52:54+00:00\",\"description\":\"Un sacerdote basiliano da su testimonio mientras ayuda en Kherson, Ucrania, ciudad sometida durante meses a ataques diarios.\",\"breadcrumb\":{\"@id\":\"https:\\\/\\\/acninternational.org\\\/es\\\/ucrania-historia-de-resistencia-de-un-sacerdote\\\/#breadcrumb\"},\"inLanguage\":\"es\",\"potentialAction\":[{\"@type\":\"ReadAction\",\"target\":[\"https:\\\/\\\/acninternational.org\\\/es\\\/ucrania-historia-de-resistencia-de-un-sacerdote\\\/\"]}]},{\"@type\":\"ImageObject\",\"inLanguage\":\"es\",\"@id\":\"https:\\\/\\\/acninternational.org\\\/es\\\/ucrania-historia-de-resistencia-de-un-sacerdote\\\/#primaryimage\",\"url\":\"https:\\\/\\\/media.acninternational.org\\\/wp-content\\\/uploads\\\/2023\\\/07\\\/heading_web-2.jpg\",\"contentUrl\":\"https:\\\/\\\/media.acninternational.org\\\/wp-content\\\/uploads\\\/2023\\\/07\\\/heading_web-2.jpg\",\"width\":2000,\"height\":625,\"caption\":\"Historia de un sacerdote en Ucrania\"},{\"@type\":\"BreadcrumbList\",\"@id\":\"https:\\\/\\\/acninternational.org\\\/es\\\/ucrania-historia-de-resistencia-de-un-sacerdote\\\/#breadcrumb\",\"itemListElement\":[{\"@type\":\"ListItem\",\"position\":1,\"name\":\"Home\",\"item\":\"https:\\\/\\\/acninternational.org\\\/es\\\/\"},{\"@type\":\"ListItem\",\"position\":2,\"name\":\"INTERVIEWS\",\"item\":\"https:\\\/\\\/acninternational.org\\\/es\\\/category\\\/interviews-es\\\/\"},{\"@type\":\"ListItem\",\"position\":3,\"name\":\"Jers\u00f3n: Historia de la resistencia contra el miedo y la desesperanza\"}]},{\"@type\":\"WebSite\",\"@id\":\"https:\\\/\\\/acninternational.org\\\/es\\\/#website\",\"url\":\"https:\\\/\\\/acninternational.org\\\/es\\\/\",\"name\":\"ACN International\",\"description\":\"\",\"publisher\":{\"@id\":\"https:\\\/\\\/acninternational.org\\\/es\\\/#organization\"},\"potentialAction\":[{\"@type\":\"SearchAction\",\"target\":{\"@type\":\"EntryPoint\",\"urlTemplate\":\"https:\\\/\\\/acninternational.org\\\/es\\\/?s={search_term_string}\"},\"query-input\":{\"@type\":\"PropertyValueSpecification\",\"valueRequired\":true,\"valueName\":\"search_term_string\"}}],\"inLanguage\":\"es\"},{\"@type\":\"Organization\",\"@id\":\"https:\\\/\\\/acninternational.org\\\/es\\\/#organization\",\"name\":\"Aid to the Church in Need International\",\"url\":\"https:\\\/\\\/acninternational.org\\\/es\\\/\",\"logo\":{\"@type\":\"ImageObject\",\"inLanguage\":\"es\",\"@id\":\"https:\\\/\\\/acninternational.org\\\/es\\\/#\\\/schema\\\/logo\\\/image\\\/\",\"url\":\"https:\\\/\\\/media.acninternational.org\\\/wp-content\\\/uploads\\\/2019\\\/11\\\/acn_logo_blackvector.svg\",\"contentUrl\":\"https:\\\/\\\/media.acninternational.org\\\/wp-content\\\/uploads\\\/2019\\\/11\\\/acn_logo_blackvector.svg\",\"width\":232.6,\"height\":78,\"caption\":\"Aid to the Church in Need International\"},\"image\":{\"@id\":\"https:\\\/\\\/acninternational.org\\\/es\\\/#\\\/schema\\\/logo\\\/image\\\/\"},\"sameAs\":[\"https:\\\/\\\/www.facebook.com\\\/acninternationalorg\",\"https:\\\/\\\/x.com\\\/acn_int\",\"https:\\\/\\\/www.youtube.com\\\/channel\\\/UCQ-077gS0TnVzkhHmf1opZw\",\"https:\\\/\\\/www.instagram.com\\\/acn_international\\\/\"]},{\"@type\":\"Person\",\"@id\":\"https:\\\/\\\/acninternational.org\\\/es\\\/#\\\/schema\\\/person\\\/7f3dafb236b242fb2aa46be1411fd703\",\"name\":\"ACN Press Team\",\"description\":\"Lorem ipsum dolor sit amet, consectetur adipiscing elit, sed do eiusmod tempor incididunt ut labore et dolore magna aliqua. Ut enim ad minim veniam, quis nostrud exercitation ullamco laboris nisi ut aliquip ex ea commodo consequat.\",\"url\":\"https:\\\/\\\/acninternational.org\\\/es\\\/author\\\/acn-press-team\\\/\"}]}<\/script>\n<!-- \/ Yoast SEO Premium plugin. -->","yoast_head_json":{"title":"Ucrania: Historia de resistencia de un sacerdote | ACN International","description":"Un sacerdote basiliano da su testimonio mientras ayuda en Kherson, Ucrania, ciudad sometida durante meses a ataques diarios.","robots":{"index":"index","follow":"follow","max-snippet":"max-snippet:-1","max-image-preview":"max-image-preview:large","max-video-preview":"max-video-preview:-1"},"canonical":"https:\/\/acninternational.org\/es\/ucrania-historia-de-resistencia-de-un-sacerdote\/","og_locale":"es_ES","og_type":"article","og_title":"Jers\u00f3n: Historia de la resistencia contra el miedo y la desesperanza","og_description":"Un sacerdote basiliano da su testimonio mientras ayuda en Kherson, Ucrania, ciudad sometida durante meses a ataques diarios.","og_url":"https:\/\/acninternational.org\/es\/ucrania-historia-de-resistencia-de-un-sacerdote\/","og_site_name":"ACN International","article_publisher":"https:\/\/www.facebook.com\/acninternationalorg","article_published_time":"2023-07-06T08:06:41+00:00","article_modified_time":"2023-07-06T15:52:54+00:00","og_image":[{"width":2000,"height":625,"url":"https:\/\/media.acninternational.org\/wp-content\/uploads\/2023\/07\/heading_web-2.jpg","type":"image\/jpeg"}],"author":"ACN Press Team","twitter_card":"summary_large_image","twitter_creator":"@acn_int","twitter_site":"@acn_int","twitter_misc":{"Escrito por":"ACN Press Team","Tiempo de lectura":"7 minutos"},"schema":{"@context":"https:\/\/schema.org","@graph":[{"@type":"Article","@id":"https:\/\/acninternational.org\/es\/ucrania-historia-de-resistencia-de-un-sacerdote\/#article","isPartOf":{"@id":"https:\/\/acninternational.org\/es\/ucrania-historia-de-resistencia-de-un-sacerdote\/"},"author":{"name":"ACN Press Team","@id":"https:\/\/acninternational.org\/es\/#\/schema\/person\/7f3dafb236b242fb2aa46be1411fd703"},"headline":"Jers\u00f3n: Historia de la resistencia contra el miedo y la desesperanza","datePublished":"2023-07-06T08:06:41+00:00","dateModified":"2023-07-06T15:52:54+00:00","mainEntityOfPage":{"@id":"https:\/\/acninternational.org\/es\/ucrania-historia-de-resistencia-de-un-sacerdote\/"},"wordCount":1477,"publisher":{"@id":"https:\/\/acninternational.org\/es\/#organization"},"image":{"@id":"https:\/\/acninternational.org\/es\/ucrania-historia-de-resistencia-de-un-sacerdote\/#primaryimage"},"thumbnailUrl":"https:\/\/media.acninternational.org\/wp-content\/uploads\/2023\/07\/heading_web-2.jpg","articleSection":["INTERVIEWS"],"inLanguage":"es"},{"@type":"WebPage","@id":"https:\/\/acninternational.org\/es\/ucrania-historia-de-resistencia-de-un-sacerdote\/","url":"https:\/\/acninternational.org\/es\/ucrania-historia-de-resistencia-de-un-sacerdote\/","name":"Ucrania: Historia de resistencia de un sacerdote | ACN International","isPartOf":{"@id":"https:\/\/acninternational.org\/es\/#website"},"primaryImageOfPage":{"@id":"https:\/\/acninternational.org\/es\/ucrania-historia-de-resistencia-de-un-sacerdote\/#primaryimage"},"image":{"@id":"https:\/\/acninternational.org\/es\/ucrania-historia-de-resistencia-de-un-sacerdote\/#primaryimage"},"thumbnailUrl":"https:\/\/media.acninternational.org\/wp-content\/uploads\/2023\/07\/heading_web-2.jpg","datePublished":"2023-07-06T08:06:41+00:00","dateModified":"2023-07-06T15:52:54+00:00","description":"Un sacerdote basiliano da su testimonio mientras ayuda en Kherson, Ucrania, ciudad sometida durante meses a ataques diarios.","breadcrumb":{"@id":"https:\/\/acninternational.org\/es\/ucrania-historia-de-resistencia-de-un-sacerdote\/#breadcrumb"},"inLanguage":"es","potentialAction":[{"@type":"ReadAction","target":["https:\/\/acninternational.org\/es\/ucrania-historia-de-resistencia-de-un-sacerdote\/"]}]},{"@type":"ImageObject","inLanguage":"es","@id":"https:\/\/acninternational.org\/es\/ucrania-historia-de-resistencia-de-un-sacerdote\/#primaryimage","url":"https:\/\/media.acninternational.org\/wp-content\/uploads\/2023\/07\/heading_web-2.jpg","contentUrl":"https:\/\/media.acninternational.org\/wp-content\/uploads\/2023\/07\/heading_web-2.jpg","width":2000,"height":625,"caption":"Historia de un sacerdote en Ucrania"},{"@type":"BreadcrumbList","@id":"https:\/\/acninternational.org\/es\/ucrania-historia-de-resistencia-de-un-sacerdote\/#breadcrumb","itemListElement":[{"@type":"ListItem","position":1,"name":"Home","item":"https:\/\/acninternational.org\/es\/"},{"@type":"ListItem","position":2,"name":"INTERVIEWS","item":"https:\/\/acninternational.org\/es\/category\/interviews-es\/"},{"@type":"ListItem","position":3,"name":"Jers\u00f3n: Historia de la resistencia contra el miedo y la desesperanza"}]},{"@type":"WebSite","@id":"https:\/\/acninternational.org\/es\/#website","url":"https:\/\/acninternational.org\/es\/","name":"ACN International","description":"","publisher":{"@id":"https:\/\/acninternational.org\/es\/#organization"},"potentialAction":[{"@type":"SearchAction","target":{"@type":"EntryPoint","urlTemplate":"https:\/\/acninternational.org\/es\/?s={search_term_string}"},"query-input":{"@type":"PropertyValueSpecification","valueRequired":true,"valueName":"search_term_string"}}],"inLanguage":"es"},{"@type":"Organization","@id":"https:\/\/acninternational.org\/es\/#organization","name":"Aid to the Church in Need International","url":"https:\/\/acninternational.org\/es\/","logo":{"@type":"ImageObject","inLanguage":"es","@id":"https:\/\/acninternational.org\/es\/#\/schema\/logo\/image\/","url":"https:\/\/media.acninternational.org\/wp-content\/uploads\/2019\/11\/acn_logo_blackvector.svg","contentUrl":"https:\/\/media.acninternational.org\/wp-content\/uploads\/2019\/11\/acn_logo_blackvector.svg","width":232.6,"height":78,"caption":"Aid to the Church in Need International"},"image":{"@id":"https:\/\/acninternational.org\/es\/#\/schema\/logo\/image\/"},"sameAs":["https:\/\/www.facebook.com\/acninternationalorg","https:\/\/x.com\/acn_int","https:\/\/www.youtube.com\/channel\/UCQ-077gS0TnVzkhHmf1opZw","https:\/\/www.instagram.com\/acn_international\/"]},{"@type":"Person","@id":"https:\/\/acninternational.org\/es\/#\/schema\/person\/7f3dafb236b242fb2aa46be1411fd703","name":"ACN Press Team","description":"Lorem ipsum dolor sit amet, consectetur adipiscing elit, sed do eiusmod tempor incididunt ut labore et dolore magna aliqua. Ut enim ad minim veniam, quis nostrud exercitation ullamco laboris nisi ut aliquip ex ea commodo consequat.","url":"https:\/\/acninternational.org\/es\/author\/acn-press-team\/"}]}},"_links":{"self":[{"href":"https:\/\/acninternational.org\/es\/wp-json\/wp\/v2\/posts\/182258","targetHints":{"allow":["GET"]}}],"collection":[{"href":"https:\/\/acninternational.org\/es\/wp-json\/wp\/v2\/posts"}],"about":[{"href":"https:\/\/acninternational.org\/es\/wp-json\/wp\/v2\/types\/post"}],"author":[{"embeddable":true,"href":"https:\/\/acninternational.org\/es\/wp-json\/wp\/v2\/users\/4258341447"}],"replies":[{"embeddable":true,"href":"https:\/\/acninternational.org\/es\/wp-json\/wp\/v2\/comments?post=182258"}],"version-history":[{"count":0,"href":"https:\/\/acninternational.org\/es\/wp-json\/wp\/v2\/posts\/182258\/revisions"}],"wp:featuredmedia":[{"embeddable":true,"href":"https:\/\/acninternational.org\/es\/wp-json\/wp\/v2\/media\/182232"}],"wp:attachment":[{"href":"https:\/\/acninternational.org\/es\/wp-json\/wp\/v2\/media?parent=182258"}],"wp:term":[{"taxonomy":"category","embeddable":true,"href":"https:\/\/acninternational.org\/es\/wp-json\/wp\/v2\/categories?post=182258"},{"taxonomy":"post_tag","embeddable":true,"href":"https:\/\/acninternational.org\/es\/wp-json\/wp\/v2\/tags?post=182258"},{"taxonomy":"country","embeddable":true,"href":"https:\/\/acninternational.org\/es\/wp-json\/wp\/v2\/country?post=182258"}],"curies":[{"name":"wp","href":"https:\/\/api.w.org\/{rel}","templated":true}]}}