{"id":181952,"date":"2023-06-28T09:30:17","date_gmt":"2023-06-28T07:30:17","guid":{"rendered":"https:\/\/acninternational.org\/?p=181952"},"modified":"2023-06-28T09:43:01","modified_gmt":"2023-06-28T07:43:01","slug":"acn-pide-oraciones-por-myanmar","status":"publish","type":"post","link":"https:\/\/acninternational.org\/es\/acn-pide-oraciones-por-myanmar\/","title":{"rendered":"Myanmar: ACN pide oraciones por el nuevo obispo del estado de Kayah"},"content":{"rendered":"<p>La fundaci\u00f3n internacional Aid to the Chuch in Need (ACN) pide oraciones con ocasi\u00f3n de la ordenaci\u00f3n episcopal el pr\u00f3ximo 29 de junio, festividad de san Pedro y san Pablo, de Mons. Celso Ba Shwe como obispo de Loikaw, capital del estado de Kayah, en Myanmar.<\/p>\n<figure id=\"attachment_181927\" aria-describedby=\"caption-attachment-181927\" style=\"width: 670px\" class=\"wp-caption alignnone\"><img loading=\"lazy\" decoding=\"async\" class=\"wp-image-181927 size-full\" src=\"https:\/\/media.acninternational.org\/wp-content\/uploads\/2023\/06\/pequena_web-3-1.png\" alt=\"oraciones Myanmar\" width=\"670\" height=\"400\" srcset=\"https:\/\/media.acninternational.org\/wp-content\/uploads\/2023\/06\/pequena_web-3-1.png 670w, https:\/\/media.acninternational.org\/wp-content\/uploads\/2023\/06\/pequena_web-3-1-300x179.png 300w\" sizes=\"auto, (max-width: 670px) 100vw, 670px\" \/><figcaption id=\"caption-attachment-181927\" class=\"wp-caption-text\">Obispo Celso Ba Shaw de Loikaw<\/figcaption><\/figure>\n<p>Kayah, que tiene un n\u00famero considerable de poblaci\u00f3n cristiana, <a href=\"https:\/\/acninternational.org\/es\/acn-convoca-una-jornada-de-oracion-por-myanmar-el-1-de-febrero\/\">es uno de los lugares m\u00e1s afectados por los violentos conflictos militares<\/a> que afectan a Myanmar desde el golpe de estado del 1 de febrero de 2021.<\/p>\n<p>En estos momentos tan dificiles para el pa\u00eds, Mons. Celso Ba Shwe, actualmente administrador de Loikaw, suceder\u00e1 al obispo Stephen Tjephe, fallecido hace m\u00e1s de dos a\u00f1os. El obispo electo <a href=\"https:\/\/www.ucanews.com\/news\/myanmar-priest-follows-nuns-peacemaker-act\/91714\">demonstr\u00f3 su coraje y su fortaleza<\/a> cuando al comienzo de los enfrentamientos y las protestas en Loikaw, en mayo de 2021, desempe\u00f1\u00f3 el papel de mediador entre los manifestantes desarmados, entre los que hab\u00eda muchos cristianos, y las fuerzas de seguridad. ACN agradece a Dios su compromiso y servicio a los m\u00e1s pobres y marginados durante todo este tiempo.<\/p>\n<p><img loading=\"lazy\" decoding=\"async\" class=\"alignnone size-full wp-image-181933\" src=\"https:\/\/media.acninternational.org\/wp-content\/uploads\/2023\/06\/pequena_web-2.png\" alt=\"Myanmar prayers\" width=\"670\" height=\"400\" srcset=\"https:\/\/media.acninternational.org\/wp-content\/uploads\/2023\/06\/pequena_web-2.png 670w, https:\/\/media.acninternational.org\/wp-content\/uploads\/2023\/06\/pequena_web-2-300x179.png 300w\" sizes=\"auto, (max-width: 670px) 100vw, 670px\" \/><\/p>\n<p>Debido a la guerra imperante en Myanmar, s\u00f3lo unos pocos fieles, sacerdotes y religiosos van a poder participar en la consagraci\u00f3n e instalaci\u00f3n episcopal, por ello la fundaci\u00f3n ACN pide a todos sus benefactores y amigos que se unan en oraci\u00f3n especial el jueves 29, fiesta de dos grandes apostoles m\u00e1rtires, en expresi\u00f3n de cercan\u00eda y apoyo tanto al nuevo obispo como a toda la comunidad de Loikaw, para que sientan la comuni\u00f3n de todos los fieles y se vean arropados por la familia de la Iglesia universal gracias a las oraciones.<\/p>\n<figure id=\"attachment_181939\" aria-describedby=\"caption-attachment-181939\" style=\"width: 670px\" class=\"wp-caption alignnone\"><img loading=\"lazy\" decoding=\"async\" class=\"wp-image-181939 size-full\" src=\"https:\/\/media.acninternational.org\/wp-content\/uploads\/2023\/06\/pequena_web-5-1.png\" alt=\"oraciones Myanmar\" width=\"670\" height=\"400\" srcset=\"https:\/\/media.acninternational.org\/wp-content\/uploads\/2023\/06\/pequena_web-5-1.png 670w, https:\/\/media.acninternational.org\/wp-content\/uploads\/2023\/06\/pequena_web-5-1-300x179.png 300w\" sizes=\"auto, (max-width: 670px) 100vw, 670px\" \/><figcaption id=\"caption-attachment-181939\" class=\"wp-caption-text\">El P. Celso Ba rogando a la polic\u00eda que no da\u00f1e a civiles desarmados en Kayah en 2021<\/figcaption><\/figure>\n<p>Pidamos desde muchos sitios reconditos del mundo al Espiritu Santo que derrame abundantemente sus siete dones &#8211; consejo, sabidur\u00eda, entendimiento, fortaleza, ciencia, piedad y temor de Dios &#8211; para sostener a Mons. Celso en su dura tarea.<\/p>\n<p>Unamos oraciones por Myanmar, por su pueblo, por la comunidad cristiana, los sacerdotes y religiosos del estado de Kayah y por Mons. Celso, obispo y pastor de la diocesis de Loikaw.<\/p>\n","protected":false},"excerpt":{"rendered":"<p>ACN pide oraciones con ocasi\u00f3n de la ordenaci\u00f3n episcopal el pr\u00f3ximo 29 de junio de Mons. Celso Ba Shwe como obispo de Loikaw, en Myanmar<\/p>\n","protected":false},"author":4258341447,"featured_media":181950,"comment_status":"closed","ping_status":"closed","sticky":false,"template":"","format":"standard","meta":{"_acf_changed":false,"_acn_coauthor_ids":[],"footnotes":""},"categories":[1254],"tags":[],"country":[524],"class_list":["post-181952","post","type-post","status-publish","format-standard","has-post-thumbnail","hentry","category-news-es","country-myanmar"],"acn_coauthors":[],"acf":[],"yoast_head":"<!-- This site is optimized with the Yoast SEO Premium plugin v27.3 (Yoast SEO v27.3) - https:\/\/yoast.com\/product\/yoast-seo-premium-wordpress\/ -->\n<title>ACN pide oraciones por Myanmar | ACN International<\/title>\n<meta name=\"description\" content=\"ACN pide oraciones con ocasi\u00f3n de la ordenaci\u00f3n episcopal el pr\u00f3ximo 29 de junio de Mons. Celso Ba Shwe como obispo de Loikaw, en Myanmar.\" \/>\n<meta name=\"robots\" content=\"index, follow, max-snippet:-1, max-image-preview:large, max-video-preview:-1\" \/>\n<link rel=\"canonical\" href=\"https:\/\/acninternational.org\/es\/acn-pide-oraciones-por-myanmar\/\" \/>\n<meta property=\"og:locale\" content=\"es_ES\" \/>\n<meta property=\"og:type\" content=\"article\" \/>\n<meta property=\"og:title\" content=\"Myanmar: ACN pide oraciones por el nuevo obispo del estado de Kayah\" \/>\n<meta property=\"og:description\" content=\"ACN pide oraciones con ocasi\u00f3n de la ordenaci\u00f3n episcopal el pr\u00f3ximo 29 de junio de Mons. Celso Ba Shwe como obispo de Loikaw, en Myanmar.\" \/>\n<meta property=\"og:url\" content=\"https:\/\/acninternational.org\/es\/acn-pide-oraciones-por-myanmar\/\" \/>\n<meta property=\"og:site_name\" content=\"ACN International\" \/>\n<meta property=\"article:publisher\" content=\"https:\/\/www.facebook.com\/acninternationalorg\" \/>\n<meta property=\"article:published_time\" content=\"2023-06-28T07:30:17+00:00\" \/>\n<meta property=\"article:modified_time\" content=\"2023-06-28T07:43:01+00:00\" \/>\n<meta property=\"og:image\" content=\"https:\/\/media.acninternational.org\/wp-content\/uploads\/2023\/06\/heading_web.jpg\" \/>\n\t<meta property=\"og:image:width\" content=\"1750\" \/>\n\t<meta property=\"og:image:height\" content=\"547\" \/>\n\t<meta property=\"og:image:type\" content=\"image\/jpeg\" \/>\n<meta name=\"author\" content=\"ACN Press Team\" \/>\n<meta name=\"twitter:card\" content=\"summary_large_image\" \/>\n<meta name=\"twitter:creator\" content=\"@acn_int\" \/>\n<meta name=\"twitter:site\" content=\"@acn_int\" \/>\n<meta name=\"twitter:label1\" content=\"Escrito por\" \/>\n\t<meta name=\"twitter:data1\" content=\"ACN Press Team\" \/>\n\t<meta name=\"twitter:label2\" content=\"Tiempo de lectura\" \/>\n\t<meta name=\"twitter:data2\" content=\"3 minutos\" \/>\n<script type=\"application\/ld+json\" class=\"yoast-schema-graph\">{\"@context\":\"https:\\\/\\\/schema.org\",\"@graph\":[{\"@type\":\"Article\",\"@id\":\"https:\\\/\\\/acninternational.org\\\/es\\\/acn-pide-oraciones-por-myanmar\\\/#article\",\"isPartOf\":{\"@id\":\"https:\\\/\\\/acninternational.org\\\/es\\\/acn-pide-oraciones-por-myanmar\\\/\"},\"author\":{\"name\":\"ACN Press Team\",\"@id\":\"https:\\\/\\\/acninternational.org\\\/es\\\/#\\\/schema\\\/person\\\/7f3dafb236b242fb2aa46be1411fd703\"},\"headline\":\"Myanmar: ACN pide oraciones por el nuevo obispo del estado de Kayah\",\"datePublished\":\"2023-06-28T07:30:17+00:00\",\"dateModified\":\"2023-06-28T07:43:01+00:00\",\"mainEntityOfPage\":{\"@id\":\"https:\\\/\\\/acninternational.org\\\/es\\\/acn-pide-oraciones-por-myanmar\\\/\"},\"wordCount\":399,\"publisher\":{\"@id\":\"https:\\\/\\\/acninternational.org\\\/es\\\/#organization\"},\"image\":{\"@id\":\"https:\\\/\\\/acninternational.org\\\/es\\\/acn-pide-oraciones-por-myanmar\\\/#primaryimage\"},\"thumbnailUrl\":\"https:\\\/\\\/media.acninternational.org\\\/wp-content\\\/uploads\\\/2023\\\/06\\\/heading_web.jpg\",\"articleSection\":[\"NOTICIAS\"],\"inLanguage\":\"es\"},{\"@type\":\"WebPage\",\"@id\":\"https:\\\/\\\/acninternational.org\\\/es\\\/acn-pide-oraciones-por-myanmar\\\/\",\"url\":\"https:\\\/\\\/acninternational.org\\\/es\\\/acn-pide-oraciones-por-myanmar\\\/\",\"name\":\"ACN pide oraciones por Myanmar | ACN International\",\"isPartOf\":{\"@id\":\"https:\\\/\\\/acninternational.org\\\/es\\\/#website\"},\"primaryImageOfPage\":{\"@id\":\"https:\\\/\\\/acninternational.org\\\/es\\\/acn-pide-oraciones-por-myanmar\\\/#primaryimage\"},\"image\":{\"@id\":\"https:\\\/\\\/acninternational.org\\\/es\\\/acn-pide-oraciones-por-myanmar\\\/#primaryimage\"},\"thumbnailUrl\":\"https:\\\/\\\/media.acninternational.org\\\/wp-content\\\/uploads\\\/2023\\\/06\\\/heading_web.jpg\",\"datePublished\":\"2023-06-28T07:30:17+00:00\",\"dateModified\":\"2023-06-28T07:43:01+00:00\",\"description\":\"ACN pide oraciones con ocasi\u00f3n de la ordenaci\u00f3n episcopal el pr\u00f3ximo 29 de junio de Mons. Celso Ba Shwe como obispo de Loikaw, en Myanmar.\",\"breadcrumb\":{\"@id\":\"https:\\\/\\\/acninternational.org\\\/es\\\/acn-pide-oraciones-por-myanmar\\\/#breadcrumb\"},\"inLanguage\":\"es\",\"potentialAction\":[{\"@type\":\"ReadAction\",\"target\":[\"https:\\\/\\\/acninternational.org\\\/es\\\/acn-pide-oraciones-por-myanmar\\\/\"]}]},{\"@type\":\"ImageObject\",\"inLanguage\":\"es\",\"@id\":\"https:\\\/\\\/acninternational.org\\\/es\\\/acn-pide-oraciones-por-myanmar\\\/#primaryimage\",\"url\":\"https:\\\/\\\/media.acninternational.org\\\/wp-content\\\/uploads\\\/2023\\\/06\\\/heading_web.jpg\",\"contentUrl\":\"https:\\\/\\\/media.acninternational.org\\\/wp-content\\\/uploads\\\/2023\\\/06\\\/heading_web.jpg\",\"width\":1750,\"height\":547,\"caption\":\"Woman from Myanmar praying\"},{\"@type\":\"BreadcrumbList\",\"@id\":\"https:\\\/\\\/acninternational.org\\\/es\\\/acn-pide-oraciones-por-myanmar\\\/#breadcrumb\",\"itemListElement\":[{\"@type\":\"ListItem\",\"position\":1,\"name\":\"Home\",\"item\":\"https:\\\/\\\/acninternational.org\\\/es\\\/\"},{\"@type\":\"ListItem\",\"position\":2,\"name\":\"NOTICIAS\",\"item\":\"https:\\\/\\\/acninternational.org\\\/es\\\/category\\\/news-es\\\/\"},{\"@type\":\"ListItem\",\"position\":3,\"name\":\"Myanmar: ACN pide oraciones por el nuevo obispo del estado de Kayah\"}]},{\"@type\":\"WebSite\",\"@id\":\"https:\\\/\\\/acninternational.org\\\/es\\\/#website\",\"url\":\"https:\\\/\\\/acninternational.org\\\/es\\\/\",\"name\":\"ACN International\",\"description\":\"\",\"publisher\":{\"@id\":\"https:\\\/\\\/acninternational.org\\\/es\\\/#organization\"},\"potentialAction\":[{\"@type\":\"SearchAction\",\"target\":{\"@type\":\"EntryPoint\",\"urlTemplate\":\"https:\\\/\\\/acninternational.org\\\/es\\\/?s={search_term_string}\"},\"query-input\":{\"@type\":\"PropertyValueSpecification\",\"valueRequired\":true,\"valueName\":\"search_term_string\"}}],\"inLanguage\":\"es\"},{\"@type\":\"Organization\",\"@id\":\"https:\\\/\\\/acninternational.org\\\/es\\\/#organization\",\"name\":\"Aid to the Church in Need International\",\"url\":\"https:\\\/\\\/acninternational.org\\\/es\\\/\",\"logo\":{\"@type\":\"ImageObject\",\"inLanguage\":\"es\",\"@id\":\"https:\\\/\\\/acninternational.org\\\/es\\\/#\\\/schema\\\/logo\\\/image\\\/\",\"url\":\"https:\\\/\\\/media.acninternational.org\\\/wp-content\\\/uploads\\\/2019\\\/11\\\/acn_logo_blackvector.svg\",\"contentUrl\":\"https:\\\/\\\/media.acninternational.org\\\/wp-content\\\/uploads\\\/2019\\\/11\\\/acn_logo_blackvector.svg\",\"width\":232.6,\"height\":78,\"caption\":\"Aid to the Church in Need International\"},\"image\":{\"@id\":\"https:\\\/\\\/acninternational.org\\\/es\\\/#\\\/schema\\\/logo\\\/image\\\/\"},\"sameAs\":[\"https:\\\/\\\/www.facebook.com\\\/acninternationalorg\",\"https:\\\/\\\/x.com\\\/acn_int\",\"https:\\\/\\\/www.youtube.com\\\/channel\\\/UCQ-077gS0TnVzkhHmf1opZw\",\"https:\\\/\\\/www.instagram.com\\\/acn_international\\\/\"]},{\"@type\":\"Person\",\"@id\":\"https:\\\/\\\/acninternational.org\\\/es\\\/#\\\/schema\\\/person\\\/7f3dafb236b242fb2aa46be1411fd703\",\"name\":\"ACN Press Team\",\"description\":\"Lorem ipsum dolor sit amet, consectetur adipiscing elit, sed do eiusmod tempor incididunt ut labore et dolore magna aliqua. Ut enim ad minim veniam, quis nostrud exercitation ullamco laboris nisi ut aliquip ex ea commodo consequat.\",\"url\":\"https:\\\/\\\/acninternational.org\\\/es\\\/author\\\/acn-press-team\\\/\"}]}<\/script>\n<!-- \/ Yoast SEO Premium plugin. -->","yoast_head_json":{"title":"ACN pide oraciones por Myanmar | ACN International","description":"ACN pide oraciones con ocasi\u00f3n de la ordenaci\u00f3n episcopal el pr\u00f3ximo 29 de junio de Mons. Celso Ba Shwe como obispo de Loikaw, en Myanmar.","robots":{"index":"index","follow":"follow","max-snippet":"max-snippet:-1","max-image-preview":"max-image-preview:large","max-video-preview":"max-video-preview:-1"},"canonical":"https:\/\/acninternational.org\/es\/acn-pide-oraciones-por-myanmar\/","og_locale":"es_ES","og_type":"article","og_title":"Myanmar: ACN pide oraciones por el nuevo obispo del estado de Kayah","og_description":"ACN pide oraciones con ocasi\u00f3n de la ordenaci\u00f3n episcopal el pr\u00f3ximo 29 de junio de Mons. Celso Ba Shwe como obispo de Loikaw, en Myanmar.","og_url":"https:\/\/acninternational.org\/es\/acn-pide-oraciones-por-myanmar\/","og_site_name":"ACN International","article_publisher":"https:\/\/www.facebook.com\/acninternationalorg","article_published_time":"2023-06-28T07:30:17+00:00","article_modified_time":"2023-06-28T07:43:01+00:00","og_image":[{"width":1750,"height":547,"url":"https:\/\/media.acninternational.org\/wp-content\/uploads\/2023\/06\/heading_web.jpg","type":"image\/jpeg"}],"author":"ACN Press Team","twitter_card":"summary_large_image","twitter_creator":"@acn_int","twitter_site":"@acn_int","twitter_misc":{"Escrito por":"ACN Press Team","Tiempo de lectura":"3 minutos"},"schema":{"@context":"https:\/\/schema.org","@graph":[{"@type":"Article","@id":"https:\/\/acninternational.org\/es\/acn-pide-oraciones-por-myanmar\/#article","isPartOf":{"@id":"https:\/\/acninternational.org\/es\/acn-pide-oraciones-por-myanmar\/"},"author":{"name":"ACN Press Team","@id":"https:\/\/acninternational.org\/es\/#\/schema\/person\/7f3dafb236b242fb2aa46be1411fd703"},"headline":"Myanmar: ACN pide oraciones por el nuevo obispo del estado de Kayah","datePublished":"2023-06-28T07:30:17+00:00","dateModified":"2023-06-28T07:43:01+00:00","mainEntityOfPage":{"@id":"https:\/\/acninternational.org\/es\/acn-pide-oraciones-por-myanmar\/"},"wordCount":399,"publisher":{"@id":"https:\/\/acninternational.org\/es\/#organization"},"image":{"@id":"https:\/\/acninternational.org\/es\/acn-pide-oraciones-por-myanmar\/#primaryimage"},"thumbnailUrl":"https:\/\/media.acninternational.org\/wp-content\/uploads\/2023\/06\/heading_web.jpg","articleSection":["NOTICIAS"],"inLanguage":"es"},{"@type":"WebPage","@id":"https:\/\/acninternational.org\/es\/acn-pide-oraciones-por-myanmar\/","url":"https:\/\/acninternational.org\/es\/acn-pide-oraciones-por-myanmar\/","name":"ACN pide oraciones por Myanmar | ACN International","isPartOf":{"@id":"https:\/\/acninternational.org\/es\/#website"},"primaryImageOfPage":{"@id":"https:\/\/acninternational.org\/es\/acn-pide-oraciones-por-myanmar\/#primaryimage"},"image":{"@id":"https:\/\/acninternational.org\/es\/acn-pide-oraciones-por-myanmar\/#primaryimage"},"thumbnailUrl":"https:\/\/media.acninternational.org\/wp-content\/uploads\/2023\/06\/heading_web.jpg","datePublished":"2023-06-28T07:30:17+00:00","dateModified":"2023-06-28T07:43:01+00:00","description":"ACN pide oraciones con ocasi\u00f3n de la ordenaci\u00f3n episcopal el pr\u00f3ximo 29 de junio de Mons. Celso Ba Shwe como obispo de Loikaw, en Myanmar.","breadcrumb":{"@id":"https:\/\/acninternational.org\/es\/acn-pide-oraciones-por-myanmar\/#breadcrumb"},"inLanguage":"es","potentialAction":[{"@type":"ReadAction","target":["https:\/\/acninternational.org\/es\/acn-pide-oraciones-por-myanmar\/"]}]},{"@type":"ImageObject","inLanguage":"es","@id":"https:\/\/acninternational.org\/es\/acn-pide-oraciones-por-myanmar\/#primaryimage","url":"https:\/\/media.acninternational.org\/wp-content\/uploads\/2023\/06\/heading_web.jpg","contentUrl":"https:\/\/media.acninternational.org\/wp-content\/uploads\/2023\/06\/heading_web.jpg","width":1750,"height":547,"caption":"Woman from Myanmar praying"},{"@type":"BreadcrumbList","@id":"https:\/\/acninternational.org\/es\/acn-pide-oraciones-por-myanmar\/#breadcrumb","itemListElement":[{"@type":"ListItem","position":1,"name":"Home","item":"https:\/\/acninternational.org\/es\/"},{"@type":"ListItem","position":2,"name":"NOTICIAS","item":"https:\/\/acninternational.org\/es\/category\/news-es\/"},{"@type":"ListItem","position":3,"name":"Myanmar: ACN pide oraciones por el nuevo obispo del estado de Kayah"}]},{"@type":"WebSite","@id":"https:\/\/acninternational.org\/es\/#website","url":"https:\/\/acninternational.org\/es\/","name":"ACN International","description":"","publisher":{"@id":"https:\/\/acninternational.org\/es\/#organization"},"potentialAction":[{"@type":"SearchAction","target":{"@type":"EntryPoint","urlTemplate":"https:\/\/acninternational.org\/es\/?s={search_term_string}"},"query-input":{"@type":"PropertyValueSpecification","valueRequired":true,"valueName":"search_term_string"}}],"inLanguage":"es"},{"@type":"Organization","@id":"https:\/\/acninternational.org\/es\/#organization","name":"Aid to the Church in Need International","url":"https:\/\/acninternational.org\/es\/","logo":{"@type":"ImageObject","inLanguage":"es","@id":"https:\/\/acninternational.org\/es\/#\/schema\/logo\/image\/","url":"https:\/\/media.acninternational.org\/wp-content\/uploads\/2019\/11\/acn_logo_blackvector.svg","contentUrl":"https:\/\/media.acninternational.org\/wp-content\/uploads\/2019\/11\/acn_logo_blackvector.svg","width":232.6,"height":78,"caption":"Aid to the Church in Need International"},"image":{"@id":"https:\/\/acninternational.org\/es\/#\/schema\/logo\/image\/"},"sameAs":["https:\/\/www.facebook.com\/acninternationalorg","https:\/\/x.com\/acn_int","https:\/\/www.youtube.com\/channel\/UCQ-077gS0TnVzkhHmf1opZw","https:\/\/www.instagram.com\/acn_international\/"]},{"@type":"Person","@id":"https:\/\/acninternational.org\/es\/#\/schema\/person\/7f3dafb236b242fb2aa46be1411fd703","name":"ACN Press Team","description":"Lorem ipsum dolor sit amet, consectetur adipiscing elit, sed do eiusmod tempor incididunt ut labore et dolore magna aliqua. Ut enim ad minim veniam, quis nostrud exercitation ullamco laboris nisi ut aliquip ex ea commodo consequat.","url":"https:\/\/acninternational.org\/es\/author\/acn-press-team\/"}]}},"_links":{"self":[{"href":"https:\/\/acninternational.org\/es\/wp-json\/wp\/v2\/posts\/181952","targetHints":{"allow":["GET"]}}],"collection":[{"href":"https:\/\/acninternational.org\/es\/wp-json\/wp\/v2\/posts"}],"about":[{"href":"https:\/\/acninternational.org\/es\/wp-json\/wp\/v2\/types\/post"}],"author":[{"embeddable":true,"href":"https:\/\/acninternational.org\/es\/wp-json\/wp\/v2\/users\/4258341447"}],"replies":[{"embeddable":true,"href":"https:\/\/acninternational.org\/es\/wp-json\/wp\/v2\/comments?post=181952"}],"version-history":[{"count":0,"href":"https:\/\/acninternational.org\/es\/wp-json\/wp\/v2\/posts\/181952\/revisions"}],"wp:featuredmedia":[{"embeddable":true,"href":"https:\/\/acninternational.org\/es\/wp-json\/wp\/v2\/media\/181950"}],"wp:attachment":[{"href":"https:\/\/acninternational.org\/es\/wp-json\/wp\/v2\/media?parent=181952"}],"wp:term":[{"taxonomy":"category","embeddable":true,"href":"https:\/\/acninternational.org\/es\/wp-json\/wp\/v2\/categories?post=181952"},{"taxonomy":"post_tag","embeddable":true,"href":"https:\/\/acninternational.org\/es\/wp-json\/wp\/v2\/tags?post=181952"},{"taxonomy":"country","embeddable":true,"href":"https:\/\/acninternational.org\/es\/wp-json\/wp\/v2\/country?post=181952"}],"curies":[{"name":"wp","href":"https:\/\/api.w.org\/{rel}","templated":true}]}}