{"id":179985,"date":"2023-04-14T12:10:48","date_gmt":"2023-04-14T10:10:48","guid":{"rendered":"https:\/\/acninternational.org\/?p=179985"},"modified":"2025-02-10T12:57:09","modified_gmt":"2025-02-10T11:57:09","slug":"brasil-una-aventura-de-fe-en-la-selva","status":"publish","type":"post","link":"https:\/\/acninternational.org\/es\/brasil-una-aventura-de-fe-en-la-selva\/","title":{"rendered":"Una aventura de fe en la selva"},"content":{"rendered":"<p>En la Amazonia brasile\u00f1a, un fraile capuchino relata su forma de llevar el Evangelio a aguas m\u00e1s profundas.<\/p>\n<p>Ca\u00eda la noche, en la Amazonia brasile\u00f1a, cuando el padre Paolo Maria Braghini regresaba en una peque\u00f1a barca a su misi\u00f3n despu\u00e9s de comprar provisiones en la ciudad. La espl\u00e9ndida belleza del atardecer, en medio de un r\u00edo del Amazonas, se vio interrumpida por una nube que r\u00e1pidamente oscureci\u00f3 el cielo y desat\u00f3 una fuerte tormenta. Adem\u00e1s de la lluvia y la oscuridad, una gran embarcaci\u00f3n apareci\u00f3 en el r\u00edo cuya ola de proa hizo zozobrar la peque\u00f1a embarcaci\u00f3n de fray Braghini.<\/p>\n<figure id=\"attachment_179966\" aria-describedby=\"caption-attachment-179966\" style=\"width: 670px\" class=\"wp-caption aligncenter\"><img loading=\"lazy\" decoding=\"async\" class=\"wp-image-179966 size-full\" src=\"https:\/\/media.acninternational.org\/wp-content\/uploads\/2023\/04\/pequena-35.png\" alt=\"brasil fe\" width=\"670\" height=\"400\" srcset=\"https:\/\/media.acninternational.org\/wp-content\/uploads\/2023\/04\/pequena-35.png 670w, https:\/\/media.acninternational.org\/wp-content\/uploads\/2023\/04\/pequena-35-300x179.png 300w\" sizes=\"auto, (max-width: 670px) 100vw, 670px\" \/><figcaption id=\"caption-attachment-179966\" class=\"wp-caption-text\">Fray Paolo Braghini en su labor pastoral con los indios ticuna de la Amazonia brasile\u00f1a<\/figcaption><\/figure>\n<p>En los instantes siguientes, el fraile y el ind\u00edgena ticuna que lo acompa\u00f1aba fueron arrastrados por la corriente hasta el fondo del r\u00edo. En la oscuridad y bajo la lluvia, lograron con gran esfuerzo nadar hasta la orilla del r\u00edo. Una vez en tierra, no pudieron descansar, pues los mosquitos, las hormigas y dem\u00e1s insectos no se lo permit\u00edan. Caminaron en la oscuridad durante m\u00e1s de una hora cuando, por fin, se encontraron con una comunidad ind\u00edgena que los acogi\u00f3. \u201cSobrevivir fue una bendici\u00f3n de Dios; hay casos de personas que se hunden y mueren porque las corrientes son torrenciales\u201d, recuerda el Capuchino.<\/p>\n<figure id=\"attachment_179972\" aria-describedby=\"caption-attachment-179972\" style=\"width: 670px\" class=\"wp-caption aligncenter\"><img loading=\"lazy\" decoding=\"async\" class=\"wp-image-179972 size-full\" src=\"https:\/\/media.acninternational.org\/wp-content\/uploads\/2023\/04\/pequena-34.png\" alt=\"brasil fe\" width=\"670\" height=\"400\" srcset=\"https:\/\/media.acninternational.org\/wp-content\/uploads\/2023\/04\/pequena-34.png 670w, https:\/\/media.acninternational.org\/wp-content\/uploads\/2023\/04\/pequena-34-300x179.png 300w\" sizes=\"auto, (max-width: 670px) 100vw, 670px\" \/><figcaption id=\"caption-attachment-179972\" class=\"wp-caption-text\">Fray Paolo Braghini en su labor pastoral con los indios ticuna de la Amazonia brasile\u00f1a<\/figcaption><\/figure>\n<p>Sin embargo, esa no fue la mayor aventura de fray Braghini, sino tan s\u00f3lo un d\u00eda m\u00e1s en su misi\u00f3n. En 2005, este Capuchino procedente de Italia lleg\u00f3 al Amazonas, a la parroquia de San Francisco de As\u00eds con sede en la aldea de Bel\u00e9m do Solim\u00f5es, casi en la triple frontera entre Brasil, Colombia y Per\u00fa. El misionero, que atiende a 72 comunidades ind\u00edgenas distribuidas a las orillas de peque\u00f1os r\u00edos, ha esquivado caimanes, ha estado todo cubierto de hormigas de fuego y en una ocasi\u00f3n tuvo que cargar con una mujer que hab\u00eda sido picada por una jararaca [serpiente venenosa], por no hablar de las innumerables veces en que la barca se averi\u00f3 y qued\u00f3 a merced de la corriente del r\u00edo. \u201cLos accidentes e imprevistos forman parte de nuestra vida. Una vez me llev\u00e9 un buen susto con un caim\u00e1n enorme: cuando pasamos por su lado pensamos que era un \u00e1rbol derribado por un temporal, pero cuando nos acercamos abri\u00f3 los ojos justo a nuestro lado. Casi se me sale el coraz\u00f3n por la boca\u201d, recuerda el fraile.<\/p>\n<h4><strong>El primer sacerdote que celebra un bautizo<\/strong><\/h4>\n<p>Fray Braghini cuenta que \u201ccuando al principio llegamos a Bel\u00e9m do Solim\u00f5es, nos encontramos con una parroquia abandonada desde hac\u00eda quince a\u00f1os. No hab\u00eda p\u00e1rroco ni presencia religiosa, la fe la manten\u00edan viva algunos laicos. En algunas comunidades, fui\u00a0el primer sacerdote que celebraba un bautizo. Adem\u00e1s, hab\u00eda mucha violencia, alcoholismo y suicidios entre los j\u00f3venes, percibimos c\u00f3mo ped\u00edan a gritos ayuda y oportunidades. Iniciamos peque\u00f1as actividades como cursos de m\u00fasica, de guitarra, de carpinter\u00eda y de costura y, poco a poco, surgieron nuevas actividades pastorales y la evangelizaci\u00f3n cobr\u00f3 fuerza\u201d.<\/p>\n<figure id=\"attachment_179960\" aria-describedby=\"caption-attachment-179960\" style=\"width: 670px\" class=\"wp-caption aligncenter\"><img loading=\"lazy\" decoding=\"async\" class=\"wp-image-179960 size-full\" src=\"https:\/\/media.acninternational.org\/wp-content\/uploads\/2023\/04\/pequena-36.png\" alt=\"brasil fe\" width=\"670\" height=\"400\" srcset=\"https:\/\/media.acninternational.org\/wp-content\/uploads\/2023\/04\/pequena-36.png 670w, https:\/\/media.acninternational.org\/wp-content\/uploads\/2023\/04\/pequena-36-300x179.png 300w\" sizes=\"auto, (max-width: 670px) 100vw, 670px\" \/><figcaption id=\"caption-attachment-179960\" class=\"wp-caption-text\">Fray Paolo Braghini en su labor pastoral con los indios ticuna de la Amazonia brasile\u00f1a<\/figcaption><\/figure>\n<h4><strong>Una gran ayuda para anunciar el Evangelio<\/strong><\/h4>\n<p>Toda la misi\u00f3n de fray Braghini hubiera sido menos vigorosa sin la ayuda de ACN, que desde la d\u00e9cada de 1970 viene apoyando a la Iglesia en la Amazonia. As\u00ed, recientemente, adem\u00e1s de traducir la Biblia del ni\u00f1o a la lengua ticuna, la misi\u00f3n capuchina ha adquirido cuatro canoas motorizadas, gracias a la fundaci\u00f3n pontificia. \u201cCon la ayuda de ACN hemos podido atender a m\u00e1s comunidades de creyentes, pues trabajamos con misioneros ind\u00edgenas. Cada comunidad est\u00e1 a un d\u00eda de viaje en barco. Nosotros ofrecemos una canoa de madera y un motor a cada grupo de misioneros, cada uno a cargo de una o dos comunidades, gracias a eso reciben al menos una visita al mes\u201d, explica el misionero.<\/p>\n<figure id=\"attachment_179978\" aria-describedby=\"caption-attachment-179978\" style=\"width: 670px\" class=\"wp-caption aligncenter\"><img loading=\"lazy\" decoding=\"async\" class=\"wp-image-179978 size-full\" src=\"https:\/\/media.acninternational.org\/wp-content\/uploads\/2023\/04\/pequena-33.png\" alt=\"brasil fe\" width=\"670\" height=\"400\" srcset=\"https:\/\/media.acninternational.org\/wp-content\/uploads\/2023\/04\/pequena-33.png 670w, https:\/\/media.acninternational.org\/wp-content\/uploads\/2023\/04\/pequena-33-300x179.png 300w\" sizes=\"auto, (max-width: 670px) 100vw, 670px\" \/><figcaption id=\"caption-attachment-179978\" class=\"wp-caption-text\">Fray Paolo Braghini durante un encuentro de catequesis con ni\u00f1os ind\u00edgenas ticuna<\/figcaption><\/figure>\n<h4><strong>La etnia m\u00e1s numerosa de la Amazonia brasile\u00f1a<\/strong><\/h4>\n<p>Entre las diversas tribus ind\u00edgenas atendidas por los capuchinos, los ticuna son la etnia m\u00e1s numerosa de la regi\u00f3n -hay unos 40.000 en la Amazonia brasile\u00f1a- y las semillas del Evangelio que germinan en la inmensidad amaz\u00f3nica ya est\u00e1n dando frutos: en las comunidades de Bel\u00e9m dos Solim\u00f5es se celebra misa en lengua ticuna todos los domingos, hay catequesis e incluso pastoral del diezmo. All\u00ed, tambi\u00e9n vive el primer di\u00e1cono ticuna y en el seminario se forman otras vocaciones ind\u00edgenas. \u201cCreo que nuestra gran fortaleza siempre ha sido creer en ellos, saber que son ellos los que realmente pueden y deben ser los l\u00edderes, los pastores de su pueblo con su lengua y su hermosa cultura. Ellos sienten y perciben que creemos en ellos, que los queremos y valoramos\u201d, afirma fray Braghini.<\/p>\n<p>Es inmensa la gratitud de fray Braghini hacia los benefactores de ACN que han hecho posibles la Biblia del ni\u00f1o en ticuna, las lanchas motoras, el combustible para los desplazamientos e incluso las cestas de alimentos durante el periodo m\u00e1s cr\u00edtico de la pandemia del coronavirus. \u201c\u00a1Mil gracias! Gracias en nombre de cada ind\u00edgena que se ha beneficiado de vuestra ayuda, de tantas aldeas que visitamos con nuestros misioneros, de tantos ni\u00f1os -aqu\u00ed hay un mundo de ni\u00f1os-, de muchas mujeres, padres de familia y j\u00f3venes. Gracias de coraz\u00f3n, de parte de todos ellos y tambi\u00e9n de parte nuestra. Estamos aqu\u00ed tratando de escuchar la voz de Dios, que clama por la voz del pueblo. Os pedimos<\/p>\n<p>tambi\u00e9n vuestras oraciones, pues ser misionero en estas tierras no es f\u00e1cil. Los desaf\u00edos son numerosos, grandes y diarios. Recen por todos nosotros, por los misioneros y misioneras de la Amazonia y de todo el mundo\u201d, pide el fraile capuchino.<\/p>\n","protected":false},"excerpt":{"rendered":"<p>En la Amazonia de Brasil, un fraile capuchino relata su forma de llevar el Evangelio y la fe a aguas m\u00e1s profundas.<\/p>\n","protected":false},"author":4258341447,"featured_media":180011,"comment_status":"closed","ping_status":"closed","sticky":false,"template":"","format":"standard","meta":{"_acf_changed":false,"_acn_coauthor_ids":[],"footnotes":""},"categories":[926],"tags":[],"country":[376],"class_list":["post-179985","post","type-post","status-publish","format-standard","has-post-thumbnail","hentry","category-articulo","country-brasil"],"acn_coauthors":[],"acf":[],"yoast_head":"<!-- This site is optimized with the Yoast SEO Premium plugin v27.3 (Yoast SEO v27.3) - https:\/\/yoast.com\/product\/yoast-seo-premium-wordpress\/ -->\n<title>Brasil: Una aventura de fe en la selva | ACN International<\/title>\n<meta name=\"description\" content=\"En la Amazonia de Brasil, un fraile capuchino relata su forma de llevar el Evangelio y la fe a aguas m\u00e1s profundas.\" \/>\n<meta name=\"robots\" content=\"index, follow, max-snippet:-1, max-image-preview:large, max-video-preview:-1\" \/>\n<link rel=\"canonical\" href=\"https:\/\/acninternational.org\/es\/brasil-una-aventura-de-fe-en-la-selva\/\" \/>\n<meta property=\"og:locale\" content=\"es_ES\" \/>\n<meta property=\"og:type\" content=\"article\" \/>\n<meta property=\"og:title\" content=\"Una aventura de fe en la selva\" \/>\n<meta property=\"og:description\" content=\"En la Amazonia de Brasil, un fraile capuchino relata su forma de llevar el Evangelio y la fe a aguas m\u00e1s profundas.\" \/>\n<meta property=\"og:url\" content=\"https:\/\/acninternational.org\/es\/brasil-una-aventura-de-fe-en-la-selva\/\" \/>\n<meta property=\"og:site_name\" content=\"ACN International\" \/>\n<meta property=\"article:publisher\" content=\"https:\/\/www.facebook.com\/acninternationalorg\" \/>\n<meta property=\"article:published_time\" content=\"2023-04-14T10:10:48+00:00\" \/>\n<meta property=\"article:modified_time\" content=\"2025-02-10T11:57:09+00:00\" \/>\n<meta property=\"og:image\" content=\"https:\/\/media.acninternational.org\/wp-content\/uploads\/2023\/04\/grande-19-2.jpg\" \/>\n\t<meta property=\"og:image:width\" content=\"2000\" \/>\n\t<meta property=\"og:image:height\" content=\"625\" \/>\n\t<meta property=\"og:image:type\" content=\"image\/jpeg\" \/>\n<meta name=\"author\" content=\"ACN Press Team\" \/>\n<meta name=\"twitter:card\" content=\"summary_large_image\" \/>\n<meta name=\"twitter:description\" content=\"En la Amazonia de Brasil, un fraile capuchino relata su forma de llevar el Evangelio y la fe a aguas m\u00e1s profundas.\" \/>\n<meta name=\"twitter:creator\" content=\"@acn_int\" \/>\n<meta name=\"twitter:site\" content=\"@acn_int\" \/>\n<meta name=\"twitter:label1\" content=\"Escrito por\" \/>\n\t<meta name=\"twitter:data1\" content=\"ACN Press Team\" \/>\n\t<meta name=\"twitter:label2\" content=\"Tiempo de lectura\" \/>\n\t<meta name=\"twitter:data2\" content=\"6 minutos\" \/>\n<script type=\"application\/ld+json\" class=\"yoast-schema-graph\">{\"@context\":\"https:\\\/\\\/schema.org\",\"@graph\":[{\"@type\":\"Article\",\"@id\":\"https:\\\/\\\/acninternational.org\\\/es\\\/brasil-una-aventura-de-fe-en-la-selva\\\/#article\",\"isPartOf\":{\"@id\":\"https:\\\/\\\/acninternational.org\\\/es\\\/brasil-una-aventura-de-fe-en-la-selva\\\/\"},\"author\":{\"name\":\"ACN Press Team\",\"@id\":\"https:\\\/\\\/acninternational.org\\\/es\\\/#\\\/schema\\\/person\\\/7f3dafb236b242fb2aa46be1411fd703\"},\"headline\":\"Una aventura de fe en la selva\",\"datePublished\":\"2023-04-14T10:10:48+00:00\",\"dateModified\":\"2025-02-10T11:57:09+00:00\",\"mainEntityOfPage\":{\"@id\":\"https:\\\/\\\/acninternational.org\\\/es\\\/brasil-una-aventura-de-fe-en-la-selva\\\/\"},\"wordCount\":1088,\"publisher\":{\"@id\":\"https:\\\/\\\/acninternational.org\\\/es\\\/#organization\"},\"image\":{\"@id\":\"https:\\\/\\\/acninternational.org\\\/es\\\/brasil-una-aventura-de-fe-en-la-selva\\\/#primaryimage\"},\"thumbnailUrl\":\"https:\\\/\\\/media.acninternational.org\\\/wp-content\\\/uploads\\\/2023\\\/04\\\/grande-19-2.jpg\",\"articleSection\":[\"ART\u00cdCULO\"],\"inLanguage\":\"es\"},{\"@type\":\"WebPage\",\"@id\":\"https:\\\/\\\/acninternational.org\\\/es\\\/brasil-una-aventura-de-fe-en-la-selva\\\/\",\"url\":\"https:\\\/\\\/acninternational.org\\\/es\\\/brasil-una-aventura-de-fe-en-la-selva\\\/\",\"name\":\"Brasil: Una aventura de fe en la selva | ACN International\",\"isPartOf\":{\"@id\":\"https:\\\/\\\/acninternational.org\\\/es\\\/#website\"},\"primaryImageOfPage\":{\"@id\":\"https:\\\/\\\/acninternational.org\\\/es\\\/brasil-una-aventura-de-fe-en-la-selva\\\/#primaryimage\"},\"image\":{\"@id\":\"https:\\\/\\\/acninternational.org\\\/es\\\/brasil-una-aventura-de-fe-en-la-selva\\\/#primaryimage\"},\"thumbnailUrl\":\"https:\\\/\\\/media.acninternational.org\\\/wp-content\\\/uploads\\\/2023\\\/04\\\/grande-19-2.jpg\",\"datePublished\":\"2023-04-14T10:10:48+00:00\",\"dateModified\":\"2025-02-10T11:57:09+00:00\",\"description\":\"En la Amazonia de Brasil, un fraile capuchino relata su forma de llevar el Evangelio y la fe a aguas m\u00e1s profundas.\",\"breadcrumb\":{\"@id\":\"https:\\\/\\\/acninternational.org\\\/es\\\/brasil-una-aventura-de-fe-en-la-selva\\\/#breadcrumb\"},\"inLanguage\":\"es\",\"potentialAction\":[{\"@type\":\"ReadAction\",\"target\":[\"https:\\\/\\\/acninternational.org\\\/es\\\/brasil-una-aventura-de-fe-en-la-selva\\\/\"]}]},{\"@type\":\"ImageObject\",\"inLanguage\":\"es\",\"@id\":\"https:\\\/\\\/acninternational.org\\\/es\\\/brasil-una-aventura-de-fe-en-la-selva\\\/#primaryimage\",\"url\":\"https:\\\/\\\/media.acninternational.org\\\/wp-content\\\/uploads\\\/2023\\\/04\\\/grande-19-2.jpg\",\"contentUrl\":\"https:\\\/\\\/media.acninternational.org\\\/wp-content\\\/uploads\\\/2023\\\/04\\\/grande-19-2.jpg\",\"width\":2000,\"height\":625,\"caption\":\"Ticuna indigenous children with Friar Paolo Braghini thanking the donation of the Children's Bible in the Ticuna language\"},{\"@type\":\"BreadcrumbList\",\"@id\":\"https:\\\/\\\/acninternational.org\\\/es\\\/brasil-una-aventura-de-fe-en-la-selva\\\/#breadcrumb\",\"itemListElement\":[{\"@type\":\"ListItem\",\"position\":1,\"name\":\"Home\",\"item\":\"https:\\\/\\\/acninternational.org\\\/es\\\/\"},{\"@type\":\"ListItem\",\"position\":2,\"name\":\"DESTACADO\",\"item\":\"https:\\\/\\\/acninternational.org\\\/es\\\/category\\\/destacado\\\/\"},{\"@type\":\"ListItem\",\"position\":3,\"name\":\"Una aventura de fe en la selva\"}]},{\"@type\":\"WebSite\",\"@id\":\"https:\\\/\\\/acninternational.org\\\/es\\\/#website\",\"url\":\"https:\\\/\\\/acninternational.org\\\/es\\\/\",\"name\":\"ACN International\",\"description\":\"\",\"publisher\":{\"@id\":\"https:\\\/\\\/acninternational.org\\\/es\\\/#organization\"},\"potentialAction\":[{\"@type\":\"SearchAction\",\"target\":{\"@type\":\"EntryPoint\",\"urlTemplate\":\"https:\\\/\\\/acninternational.org\\\/es\\\/?s={search_term_string}\"},\"query-input\":{\"@type\":\"PropertyValueSpecification\",\"valueRequired\":true,\"valueName\":\"search_term_string\"}}],\"inLanguage\":\"es\"},{\"@type\":\"Organization\",\"@id\":\"https:\\\/\\\/acninternational.org\\\/es\\\/#organization\",\"name\":\"Aid to the Church in Need International\",\"url\":\"https:\\\/\\\/acninternational.org\\\/es\\\/\",\"logo\":{\"@type\":\"ImageObject\",\"inLanguage\":\"es\",\"@id\":\"https:\\\/\\\/acninternational.org\\\/es\\\/#\\\/schema\\\/logo\\\/image\\\/\",\"url\":\"https:\\\/\\\/media.acninternational.org\\\/wp-content\\\/uploads\\\/2019\\\/11\\\/acn_logo_blackvector.svg\",\"contentUrl\":\"https:\\\/\\\/media.acninternational.org\\\/wp-content\\\/uploads\\\/2019\\\/11\\\/acn_logo_blackvector.svg\",\"width\":232.6,\"height\":78,\"caption\":\"Aid to the Church in Need International\"},\"image\":{\"@id\":\"https:\\\/\\\/acninternational.org\\\/es\\\/#\\\/schema\\\/logo\\\/image\\\/\"},\"sameAs\":[\"https:\\\/\\\/www.facebook.com\\\/acninternationalorg\",\"https:\\\/\\\/x.com\\\/acn_int\",\"https:\\\/\\\/www.youtube.com\\\/channel\\\/UCQ-077gS0TnVzkhHmf1opZw\",\"https:\\\/\\\/www.instagram.com\\\/acn_international\\\/\"]},{\"@type\":\"Person\",\"@id\":\"https:\\\/\\\/acninternational.org\\\/es\\\/#\\\/schema\\\/person\\\/7f3dafb236b242fb2aa46be1411fd703\",\"name\":\"ACN Press Team\",\"description\":\"Lorem ipsum dolor sit amet, consectetur adipiscing elit, sed do eiusmod tempor incididunt ut labore et dolore magna aliqua. Ut enim ad minim veniam, quis nostrud exercitation ullamco laboris nisi ut aliquip ex ea commodo consequat.\",\"url\":\"https:\\\/\\\/acninternational.org\\\/es\\\/author\\\/acn-press-team\\\/\"}]}<\/script>\n<!-- \/ Yoast SEO Premium plugin. -->","yoast_head_json":{"title":"Brasil: Una aventura de fe en la selva | ACN International","description":"En la Amazonia de Brasil, un fraile capuchino relata su forma de llevar el Evangelio y la fe a aguas m\u00e1s profundas.","robots":{"index":"index","follow":"follow","max-snippet":"max-snippet:-1","max-image-preview":"max-image-preview:large","max-video-preview":"max-video-preview:-1"},"canonical":"https:\/\/acninternational.org\/es\/brasil-una-aventura-de-fe-en-la-selva\/","og_locale":"es_ES","og_type":"article","og_title":"Una aventura de fe en la selva","og_description":"En la Amazonia de Brasil, un fraile capuchino relata su forma de llevar el Evangelio y la fe a aguas m\u00e1s profundas.","og_url":"https:\/\/acninternational.org\/es\/brasil-una-aventura-de-fe-en-la-selva\/","og_site_name":"ACN International","article_publisher":"https:\/\/www.facebook.com\/acninternationalorg","article_published_time":"2023-04-14T10:10:48+00:00","article_modified_time":"2025-02-10T11:57:09+00:00","og_image":[{"width":2000,"height":625,"url":"https:\/\/media.acninternational.org\/wp-content\/uploads\/2023\/04\/grande-19-2.jpg","type":"image\/jpeg"}],"author":"ACN Press Team","twitter_card":"summary_large_image","twitter_description":"En la Amazonia de Brasil, un fraile capuchino relata su forma de llevar el Evangelio y la fe a aguas m\u00e1s profundas.","twitter_creator":"@acn_int","twitter_site":"@acn_int","twitter_misc":{"Escrito por":"ACN Press Team","Tiempo de lectura":"6 minutos"},"schema":{"@context":"https:\/\/schema.org","@graph":[{"@type":"Article","@id":"https:\/\/acninternational.org\/es\/brasil-una-aventura-de-fe-en-la-selva\/#article","isPartOf":{"@id":"https:\/\/acninternational.org\/es\/brasil-una-aventura-de-fe-en-la-selva\/"},"author":{"name":"ACN Press Team","@id":"https:\/\/acninternational.org\/es\/#\/schema\/person\/7f3dafb236b242fb2aa46be1411fd703"},"headline":"Una aventura de fe en la selva","datePublished":"2023-04-14T10:10:48+00:00","dateModified":"2025-02-10T11:57:09+00:00","mainEntityOfPage":{"@id":"https:\/\/acninternational.org\/es\/brasil-una-aventura-de-fe-en-la-selva\/"},"wordCount":1088,"publisher":{"@id":"https:\/\/acninternational.org\/es\/#organization"},"image":{"@id":"https:\/\/acninternational.org\/es\/brasil-una-aventura-de-fe-en-la-selva\/#primaryimage"},"thumbnailUrl":"https:\/\/media.acninternational.org\/wp-content\/uploads\/2023\/04\/grande-19-2.jpg","articleSection":["ART\u00cdCULO"],"inLanguage":"es"},{"@type":"WebPage","@id":"https:\/\/acninternational.org\/es\/brasil-una-aventura-de-fe-en-la-selva\/","url":"https:\/\/acninternational.org\/es\/brasil-una-aventura-de-fe-en-la-selva\/","name":"Brasil: Una aventura de fe en la selva | ACN International","isPartOf":{"@id":"https:\/\/acninternational.org\/es\/#website"},"primaryImageOfPage":{"@id":"https:\/\/acninternational.org\/es\/brasil-una-aventura-de-fe-en-la-selva\/#primaryimage"},"image":{"@id":"https:\/\/acninternational.org\/es\/brasil-una-aventura-de-fe-en-la-selva\/#primaryimage"},"thumbnailUrl":"https:\/\/media.acninternational.org\/wp-content\/uploads\/2023\/04\/grande-19-2.jpg","datePublished":"2023-04-14T10:10:48+00:00","dateModified":"2025-02-10T11:57:09+00:00","description":"En la Amazonia de Brasil, un fraile capuchino relata su forma de llevar el Evangelio y la fe a aguas m\u00e1s profundas.","breadcrumb":{"@id":"https:\/\/acninternational.org\/es\/brasil-una-aventura-de-fe-en-la-selva\/#breadcrumb"},"inLanguage":"es","potentialAction":[{"@type":"ReadAction","target":["https:\/\/acninternational.org\/es\/brasil-una-aventura-de-fe-en-la-selva\/"]}]},{"@type":"ImageObject","inLanguage":"es","@id":"https:\/\/acninternational.org\/es\/brasil-una-aventura-de-fe-en-la-selva\/#primaryimage","url":"https:\/\/media.acninternational.org\/wp-content\/uploads\/2023\/04\/grande-19-2.jpg","contentUrl":"https:\/\/media.acninternational.org\/wp-content\/uploads\/2023\/04\/grande-19-2.jpg","width":2000,"height":625,"caption":"Ticuna indigenous children with Friar Paolo Braghini thanking the donation of the Children's Bible in the Ticuna language"},{"@type":"BreadcrumbList","@id":"https:\/\/acninternational.org\/es\/brasil-una-aventura-de-fe-en-la-selva\/#breadcrumb","itemListElement":[{"@type":"ListItem","position":1,"name":"Home","item":"https:\/\/acninternational.org\/es\/"},{"@type":"ListItem","position":2,"name":"DESTACADO","item":"https:\/\/acninternational.org\/es\/category\/destacado\/"},{"@type":"ListItem","position":3,"name":"Una aventura de fe en la selva"}]},{"@type":"WebSite","@id":"https:\/\/acninternational.org\/es\/#website","url":"https:\/\/acninternational.org\/es\/","name":"ACN International","description":"","publisher":{"@id":"https:\/\/acninternational.org\/es\/#organization"},"potentialAction":[{"@type":"SearchAction","target":{"@type":"EntryPoint","urlTemplate":"https:\/\/acninternational.org\/es\/?s={search_term_string}"},"query-input":{"@type":"PropertyValueSpecification","valueRequired":true,"valueName":"search_term_string"}}],"inLanguage":"es"},{"@type":"Organization","@id":"https:\/\/acninternational.org\/es\/#organization","name":"Aid to the Church in Need International","url":"https:\/\/acninternational.org\/es\/","logo":{"@type":"ImageObject","inLanguage":"es","@id":"https:\/\/acninternational.org\/es\/#\/schema\/logo\/image\/","url":"https:\/\/media.acninternational.org\/wp-content\/uploads\/2019\/11\/acn_logo_blackvector.svg","contentUrl":"https:\/\/media.acninternational.org\/wp-content\/uploads\/2019\/11\/acn_logo_blackvector.svg","width":232.6,"height":78,"caption":"Aid to the Church in Need International"},"image":{"@id":"https:\/\/acninternational.org\/es\/#\/schema\/logo\/image\/"},"sameAs":["https:\/\/www.facebook.com\/acninternationalorg","https:\/\/x.com\/acn_int","https:\/\/www.youtube.com\/channel\/UCQ-077gS0TnVzkhHmf1opZw","https:\/\/www.instagram.com\/acn_international\/"]},{"@type":"Person","@id":"https:\/\/acninternational.org\/es\/#\/schema\/person\/7f3dafb236b242fb2aa46be1411fd703","name":"ACN Press Team","description":"Lorem ipsum dolor sit amet, consectetur adipiscing elit, sed do eiusmod tempor incididunt ut labore et dolore magna aliqua. Ut enim ad minim veniam, quis nostrud exercitation ullamco laboris nisi ut aliquip ex ea commodo consequat.","url":"https:\/\/acninternational.org\/es\/author\/acn-press-team\/"}]}},"_links":{"self":[{"href":"https:\/\/acninternational.org\/es\/wp-json\/wp\/v2\/posts\/179985","targetHints":{"allow":["GET"]}}],"collection":[{"href":"https:\/\/acninternational.org\/es\/wp-json\/wp\/v2\/posts"}],"about":[{"href":"https:\/\/acninternational.org\/es\/wp-json\/wp\/v2\/types\/post"}],"author":[{"embeddable":true,"href":"https:\/\/acninternational.org\/es\/wp-json\/wp\/v2\/users\/4258341447"}],"replies":[{"embeddable":true,"href":"https:\/\/acninternational.org\/es\/wp-json\/wp\/v2\/comments?post=179985"}],"version-history":[{"count":0,"href":"https:\/\/acninternational.org\/es\/wp-json\/wp\/v2\/posts\/179985\/revisions"}],"wp:featuredmedia":[{"embeddable":true,"href":"https:\/\/acninternational.org\/es\/wp-json\/wp\/v2\/media\/180011"}],"wp:attachment":[{"href":"https:\/\/acninternational.org\/es\/wp-json\/wp\/v2\/media?parent=179985"}],"wp:term":[{"taxonomy":"category","embeddable":true,"href":"https:\/\/acninternational.org\/es\/wp-json\/wp\/v2\/categories?post=179985"},{"taxonomy":"post_tag","embeddable":true,"href":"https:\/\/acninternational.org\/es\/wp-json\/wp\/v2\/tags?post=179985"},{"taxonomy":"country","embeddable":true,"href":"https:\/\/acninternational.org\/es\/wp-json\/wp\/v2\/country?post=179985"}],"curies":[{"name":"wp","href":"https:\/\/api.w.org\/{rel}","templated":true}]}}