{"id":179642,"date":"2023-03-29T17:41:19","date_gmt":"2023-03-29T15:41:19","guid":{"rendered":"https:\/\/acninternational.org\/?p=179642"},"modified":"2023-03-30T09:47:48","modified_gmt":"2023-03-30T07:47:48","slug":"nigeria-obispo-catolico-exige-justicia","status":"publish","type":"post","link":"https:\/\/acninternational.org\/es\/nigeria-obispo-catolico-exige-justicia\/","title":{"rendered":"Obispo cat\u00f3lico exige un trato justo y equitativo"},"content":{"rendered":"<p><em>Bola Ahmed Tinubu es originario de una regi\u00f3n famosa por su armon\u00eda interreligiosa y est\u00e1 casado con una cristiana practicante. Los cristianos esperan que esto traiga consigo una mejor\u00eda respecto al presidente Buhari, acusado de ser condescendiente con el islamismo radical y la violencia fulani.<\/em><\/p>\n<p>Los cat\u00f3licos nigerianos albergan la esperanza de que la elecci\u00f3n de un musulm\u00e1n moderado como presidente traiga consigo una mejora de su seguridad.<\/p>\n<p>En una conferencia en l\u00ednea organizada por la fundaci\u00f3n internacional Aid to the Church in Need (ACN), el arzobispo de Kaduna, Mons. Matthew Man-oso Ndagoso, ha se\u00f1alado que los cristianos de toda Nigeria, pero especialmente los del norte, sue\u00f1an con d\u00edas mejores tras las elecciones a la presidencia, el gobierno y los parlamentos de los estados.<\/p>\n<p>\u201cEsperamos que estos nuevos l\u00edderes traten a todo el mundo con equidad y justicia para que, independientemente de lo que seas, puedas ser tratado como cualquier otro ciudadano. No pedimos nada especial, s\u00f3lo que se nos trate con justicia y equidad. Ahora, eso no es as\u00ed. Esperamos que de estas elecciones salgan l\u00edderes que tengan en cuenta el bien com\u00fan de todos. Eso es lo m\u00ednimo que esperamos\u201d, dijo a los participantes.<\/p>\n<p>Nigeria se ha visto sacudida por la violencia y la criminalidad en las \u00faltimas d\u00e9cadas. La religi\u00f3n suele ser la fuerza motriz o, al menos, un factor significativo en una situaci\u00f3n marcada por las tensiones intercomunitarias e inter\u00e9tnicas, las insurgencias islamistas, la lucha por las tierras entre los pastores musulmanes fulanis y los campesinos asentados -en su mayor\u00eda cristianos- y por una oleada de secuestros para obtener rescates. El actual presidente Buhari, un musulm\u00e1n fulani, ha sido acusado por representantes de la Iglesia de ser complaciente con estos problemas.<\/p>\n<p><img loading=\"lazy\" decoding=\"async\" class=\"alignnone size-full wp-image-179601\" src=\"https:\/\/media.acninternational.org\/wp-content\/uploads\/2023\/03\/pequena-3-1.png\" alt=\"christians nigeria\" width=\"670\" height=\"400\" srcset=\"https:\/\/media.acninternational.org\/wp-content\/uploads\/2023\/03\/pequena-3-1.png 670w, https:\/\/media.acninternational.org\/wp-content\/uploads\/2023\/03\/pequena-3-1-300x179.png 300w\" sizes=\"auto, (max-width: 670px) 100vw, 670px\" \/><\/p>\n<p>La primera vuelta de las elecciones presidenciales, que se sald\u00f3 con la victoria de Bola Ahmed Tinubu, ha sido impugnada ante los tribunales. El 11 de marzo, los nigerianos acudieron de nuevo a las urnas, esta vez para elegir el Parlamento federal y los estatales. Aunque el partido gobernante, el Congreso de Todos los Progresistas, ha roto con la tradici\u00f3n al seleccionar una candidatura presidencial compuesta por dos musulmanes en lugar de por un cristiano y un musulm\u00e1n, el arzobispo se ha mostrado optimista respecto al presidente electo Tinubu.<\/p>\n<p>\u00abEs de tierra Yoruba, que cuenta con una importante poblaci\u00f3n musulmana. Sin embargo, en Yoruba es habitual encontrar en una misma familia a cat\u00f3licos, protestantes y musulmanes que se llevan bien entre ellos. Adem\u00e1s, la esposa de Tinubu es cristiana practicante, as\u00ed que tenemos esperanzas\u201d.<\/p>\n<p>\u201cHa sido declarado ganador, pero los resultados han sido impugnados ante los tribunales. Sin embargo, si al final gana en los tribunales y jura el cargo, dada la parte del pa\u00eds de la que procede y sus antecedentes, creo que se comportar\u00e1 de forma diferente. Esperamos que sea capaz de aportarPa una nueva actitud a nuestra pol\u00edtica, para que todos nos beneficiemos de ella\u201d, ha apuntado el arzobispo Matthew Ndagoso.<\/p>\n<p><strong>Di\u00e1logo interreligioso por la paz<\/strong><\/p>\n<p>Los l\u00edderes eclesi\u00e1sticos de Nigeria son conscientes de que, para que el pa\u00eds alcance la paz, deben tender puentes con sus compatriotas musulmanes, especialmente en las zonas del pa\u00eds donde coexisten ambas comunidades.<\/p>\n<p>El P. Mark Nzukwein, recientemente nombrado obispo de Wukari, ha trabajado en seminarios mayores durante dos d\u00e9cadas y, recientemente, en uno rodeado de una gran comunidad musulmana (el de san Agust\u00edn, en Laranto). En su intervenci\u00f3n ha explicado que el di\u00e1logo es clave en el ministerio de este seminario mayor.<\/p>\n<p>\u201cAll\u00ed fomentamos el di\u00e1logo interreligioso con la comunidad musulmana inmediata a trav\u00e9s del contacto constante con l\u00edderes religiosos, mujeres y grupos de j\u00f3venes. Con este asiduo di\u00e1logo hemos alcanzado un entendimiento mutuo y hemos creado confianza entre nosotros\u201d, ha explicado.<\/p>\n<p><img loading=\"lazy\" decoding=\"async\" class=\"alignnone size-full wp-image-179595\" src=\"https:\/\/media.acninternational.org\/wp-content\/uploads\/2023\/03\/pequena-4-1.png\" alt=\"christians nigeria\" width=\"670\" height=\"400\" srcset=\"https:\/\/media.acninternational.org\/wp-content\/uploads\/2023\/03\/pequena-4-1.png 670w, https:\/\/media.acninternational.org\/wp-content\/uploads\/2023\/03\/pequena-4-1-300x179.png 300w\" sizes=\"auto, (max-width: 670px) 100vw, 670px\" \/><\/p>\n<p>\u201cLa constante colaboraci\u00f3n entre las comunidades del entorno del seminario mayor hace que se sientan como hermanos y hermanas\u201d, prosigui\u00f3 el obispo electo, a\u00f1adiendo que \u201cprincipalmente, nos acercamos a la comunidad musulmana mediante la caridad, mostr\u00e1ndoles el rostro del cristianismo, que es el rostro del amor y la compasi\u00f3n. Cuando acuden a nosotros en busca de ayuda, intentamos ayudarlos, especialmente a los que quieren adquirir habilidades para ayudarse a s\u00ed mismos. As\u00ed, promovemos entre ellos la educaci\u00f3n, para que sean menos propensos a la radicalizaci\u00f3n. La educaci\u00f3n es la alternativa a la violencia. La violencia nunca los ha ayudado\u201d.<\/p>\n<p>El obispo Matthew Ndagoso, que coincide con \u00e9l, ha compartido su propia experiencia. \u201cEn cada visita pastoral, sobre todo en las zonas rurales, visito al im\u00e1n o a otros pastores, y nuestros sacerdotes hacen lo mismo. Est\u00e1n ocurriendo muchas cosas a nivel comunitario de base, aunque no se hable mucho de ello. As\u00ed, los musulmanes y cristianos de a pie acuden al mismo mercado y sus hijos van juntos a la escuela; conviven, ese es el di\u00e1logo de la vida\u201d.<\/p>\n<p><strong>\u201cCon ACN sabemos que no estamos solos\u201d<\/strong><\/p>\n<p>En la misma conferencia en l\u00ednea, la responsable de proyectos de ACN, Regina Lynch, explic\u00f3 que la fundaci\u00f3n pontificia tiene como objetivo ayudar a la Iglesia local en su labor pastoral y de emergencia. \u201cExiste un peligro real de que nos volvamos indolentes ante conflictos que llevan mucho tiempo en marcha. La Iglesia tiene una fuerte voz moral, pero no puede soportar esta carga ella sola. ACN impulsa muchos proyectos pastorales, como la formaci\u00f3n de seminaristas, la formaci\u00f3n catequ\u00e9tica y la formaci\u00f3n para religiosas, pero tambi\u00e9n respecto a la ayuda de emergencia para desplazados y a mejores dispositivos de seguridad en las parroquias\u201d, dijo. Lynch tambi\u00e9n ha destacado un proyecto actualmente en curso en Nairobi, Kenia, para la curaci\u00f3n de traumas, que incluye formaci\u00f3n espec\u00edfica para religiosas y sacerdotes, cuyo objetivo es ayudar a las v\u00edctimas del terrorismo y la violencia.<\/p>\n<p>El arzobispo Matthew Ndagoso no ha escatimado elogios a los esfuerzos de ACN: \u201cACN ha estado aqu\u00ed para nosotros. Cuando se queman nuestras iglesias y se destruyen nuestros conventos, nosotros, como pastores, nos preguntamos c\u00f3mo reconstruir y ayudar a las personas desplazadas. Con ACN sabemos que no estamos solos, que rezan con nosotros y nos apoyan. Siempre est\u00e1n ah\u00ed. Saber que hay gente en todo el mundo que comparte nuestro sufrimiento nos infunde realmente la fuerza, el valor y la energ\u00eda necesarios para soportar estas pruebas, eso nunca podremos agradec\u00e9rselo lo suficiente a ACN\u201d.<\/p>\n<p><em>Este a\u00f1o, ACN ha dedicado su campa\u00f1a de Cuaresma a ayudar a los cristianos de Nigeria. En caso de inter\u00e9s, rogamos se ponga en contacto con nosotros para recibir un informe sobre la situaci\u00f3n actual de los cristianos en el pa\u00eds m\u00e1s grande de \u00c1frica, con datos y trasfondo hist\u00f3rico, \u00e9tnico y religioso. Tambi\u00e9n, puede solicitar el documento titulado \u2018Nigeria, una herida que sangra&#8217;, con testimonios de primera mano de 26 testigos de la persecuci\u00f3n a manos de los pastores fulani y Boko Haram, as\u00ed como de los secuestros y la tr\u00e1gica masacre de Pentecost\u00e9s. Ambos documentos son gratuitos.<\/em><\/p>\n","protected":false},"excerpt":{"rendered":"<p>Los cat\u00f3licos de Nigeria esperan que la elecci\u00f3n de un musulm\u00e1n moderado como presidente traiga consigo una mejora de su seguridad<\/p>\n","protected":false},"author":4258341447,"featured_media":179612,"comment_status":"closed","ping_status":"closed","sticky":false,"template":"","format":"standard","meta":{"_acf_changed":false,"_acn_coauthor_ids":[],"footnotes":""},"categories":[926,1254],"tags":[],"country":[408],"class_list":["post-179642","post","type-post","status-publish","format-standard","has-post-thumbnail","hentry","category-articulo","category-news-es","country-nigeria-es"],"acn_coauthors":[],"acf":[],"yoast_head":"<!-- This site is optimized with the Yoast SEO Premium plugin v27.3 (Yoast SEO v27.3) - https:\/\/yoast.com\/product\/yoast-seo-premium-wordpress\/ -->\n<title>Nigeria: obispo cat\u00f3ico exige justicia | ACN International<\/title>\n<meta name=\"description\" content=\"Los cat\u00f3licos de Nigeria esperan que la elecci\u00f3n de un musulm\u00e1n moderado como presidente traiga consigo una mejora de su seguridad.\" \/>\n<meta name=\"robots\" content=\"index, follow, max-snippet:-1, max-image-preview:large, max-video-preview:-1\" \/>\n<link rel=\"canonical\" href=\"https:\/\/acninternational.org\/es\/nigeria-obispo-catolico-exige-justicia\/\" \/>\n<meta property=\"og:locale\" content=\"es_ES\" \/>\n<meta property=\"og:type\" content=\"article\" \/>\n<meta property=\"og:title\" content=\"Obispo cat\u00f3lico exige un trato justo y equitativo\" \/>\n<meta property=\"og:description\" content=\"Los cat\u00f3licos de Nigeria esperan que la elecci\u00f3n de un musulm\u00e1n moderado como presidente traiga consigo una mejora de su seguridad.\" \/>\n<meta property=\"og:url\" content=\"https:\/\/acninternational.org\/es\/nigeria-obispo-catolico-exige-justicia\/\" \/>\n<meta property=\"og:site_name\" content=\"ACN International\" \/>\n<meta property=\"article:publisher\" content=\"https:\/\/www.facebook.com\/acninternationalorg\" \/>\n<meta property=\"article:published_time\" content=\"2023-03-29T15:41:19+00:00\" \/>\n<meta property=\"article:modified_time\" content=\"2023-03-30T07:47:48+00:00\" \/>\n<meta property=\"og:image\" content=\"https:\/\/media.acninternational.org\/wp-content\/uploads\/2023\/03\/heading-3-1-1.png\" \/>\n\t<meta property=\"og:image:width\" content=\"2000\" \/>\n\t<meta property=\"og:image:height\" content=\"625\" \/>\n\t<meta property=\"og:image:type\" content=\"image\/png\" \/>\n<meta name=\"author\" content=\"ACN Press Team\" \/>\n<meta name=\"twitter:card\" content=\"summary_large_image\" \/>\n<meta name=\"twitter:creator\" content=\"@acn_int\" \/>\n<meta name=\"twitter:site\" content=\"@acn_int\" \/>\n<meta name=\"twitter:label1\" content=\"Escrito por\" \/>\n\t<meta name=\"twitter:data1\" content=\"ACN Press Team\" \/>\n\t<meta name=\"twitter:label2\" content=\"Tiempo de lectura\" \/>\n\t<meta name=\"twitter:data2\" content=\"6 minutos\" \/>\n<script type=\"application\/ld+json\" class=\"yoast-schema-graph\">{\"@context\":\"https:\\\/\\\/schema.org\",\"@graph\":[{\"@type\":\"Article\",\"@id\":\"https:\\\/\\\/acninternational.org\\\/es\\\/nigeria-obispo-catolico-exige-justicia\\\/#article\",\"isPartOf\":{\"@id\":\"https:\\\/\\\/acninternational.org\\\/es\\\/nigeria-obispo-catolico-exige-justicia\\\/\"},\"author\":{\"name\":\"ACN Press Team\",\"@id\":\"https:\\\/\\\/acninternational.org\\\/es\\\/#\\\/schema\\\/person\\\/7f3dafb236b242fb2aa46be1411fd703\"},\"headline\":\"Obispo cat\u00f3lico exige un trato justo y equitativo\",\"datePublished\":\"2023-03-29T15:41:19+00:00\",\"dateModified\":\"2023-03-30T07:47:48+00:00\",\"mainEntityOfPage\":{\"@id\":\"https:\\\/\\\/acninternational.org\\\/es\\\/nigeria-obispo-catolico-exige-justicia\\\/\"},\"wordCount\":1224,\"publisher\":{\"@id\":\"https:\\\/\\\/acninternational.org\\\/es\\\/#organization\"},\"image\":{\"@id\":\"https:\\\/\\\/acninternational.org\\\/es\\\/nigeria-obispo-catolico-exige-justicia\\\/#primaryimage\"},\"thumbnailUrl\":\"https:\\\/\\\/media.acninternational.org\\\/wp-content\\\/uploads\\\/2023\\\/03\\\/heading-3-1-1.png\",\"articleSection\":[\"ART\u00cdCULO\",\"NOTICIAS\"],\"inLanguage\":\"es\"},{\"@type\":\"WebPage\",\"@id\":\"https:\\\/\\\/acninternational.org\\\/es\\\/nigeria-obispo-catolico-exige-justicia\\\/\",\"url\":\"https:\\\/\\\/acninternational.org\\\/es\\\/nigeria-obispo-catolico-exige-justicia\\\/\",\"name\":\"Nigeria: obispo cat\u00f3ico exige justicia | ACN International\",\"isPartOf\":{\"@id\":\"https:\\\/\\\/acninternational.org\\\/es\\\/#website\"},\"primaryImageOfPage\":{\"@id\":\"https:\\\/\\\/acninternational.org\\\/es\\\/nigeria-obispo-catolico-exige-justicia\\\/#primaryimage\"},\"image\":{\"@id\":\"https:\\\/\\\/acninternational.org\\\/es\\\/nigeria-obispo-catolico-exige-justicia\\\/#primaryimage\"},\"thumbnailUrl\":\"https:\\\/\\\/media.acninternational.org\\\/wp-content\\\/uploads\\\/2023\\\/03\\\/heading-3-1-1.png\",\"datePublished\":\"2023-03-29T15:41:19+00:00\",\"dateModified\":\"2023-03-30T07:47:48+00:00\",\"description\":\"Los cat\u00f3licos de Nigeria esperan que la elecci\u00f3n de un musulm\u00e1n moderado como presidente traiga consigo una mejora de su seguridad.\",\"breadcrumb\":{\"@id\":\"https:\\\/\\\/acninternational.org\\\/es\\\/nigeria-obispo-catolico-exige-justicia\\\/#breadcrumb\"},\"inLanguage\":\"es\",\"potentialAction\":[{\"@type\":\"ReadAction\",\"target\":[\"https:\\\/\\\/acninternational.org\\\/es\\\/nigeria-obispo-catolico-exige-justicia\\\/\"]}]},{\"@type\":\"ImageObject\",\"inLanguage\":\"es\",\"@id\":\"https:\\\/\\\/acninternational.org\\\/es\\\/nigeria-obispo-catolico-exige-justicia\\\/#primaryimage\",\"url\":\"https:\\\/\\\/media.acninternational.org\\\/wp-content\\\/uploads\\\/2023\\\/03\\\/heading-3-1-1.png\",\"contentUrl\":\"https:\\\/\\\/media.acninternational.org\\\/wp-content\\\/uploads\\\/2023\\\/03\\\/heading-3-1-1.png\",\"width\":2000,\"height\":625,\"caption\":\"cristianos nigeria\"},{\"@type\":\"BreadcrumbList\",\"@id\":\"https:\\\/\\\/acninternational.org\\\/es\\\/nigeria-obispo-catolico-exige-justicia\\\/#breadcrumb\",\"itemListElement\":[{\"@type\":\"ListItem\",\"position\":1,\"name\":\"Home\",\"item\":\"https:\\\/\\\/acninternational.org\\\/es\\\/\"},{\"@type\":\"ListItem\",\"position\":2,\"name\":\"ART\u00cdCULO\",\"item\":\"https:\\\/\\\/acninternational.org\\\/es\\\/category\\\/articulo\\\/\"},{\"@type\":\"ListItem\",\"position\":3,\"name\":\"Obispo cat\u00f3lico exige un trato justo y equitativo\"}]},{\"@type\":\"WebSite\",\"@id\":\"https:\\\/\\\/acninternational.org\\\/es\\\/#website\",\"url\":\"https:\\\/\\\/acninternational.org\\\/es\\\/\",\"name\":\"ACN International\",\"description\":\"\",\"publisher\":{\"@id\":\"https:\\\/\\\/acninternational.org\\\/es\\\/#organization\"},\"potentialAction\":[{\"@type\":\"SearchAction\",\"target\":{\"@type\":\"EntryPoint\",\"urlTemplate\":\"https:\\\/\\\/acninternational.org\\\/es\\\/?s={search_term_string}\"},\"query-input\":{\"@type\":\"PropertyValueSpecification\",\"valueRequired\":true,\"valueName\":\"search_term_string\"}}],\"inLanguage\":\"es\"},{\"@type\":\"Organization\",\"@id\":\"https:\\\/\\\/acninternational.org\\\/es\\\/#organization\",\"name\":\"Aid to the Church in Need International\",\"url\":\"https:\\\/\\\/acninternational.org\\\/es\\\/\",\"logo\":{\"@type\":\"ImageObject\",\"inLanguage\":\"es\",\"@id\":\"https:\\\/\\\/acninternational.org\\\/es\\\/#\\\/schema\\\/logo\\\/image\\\/\",\"url\":\"https:\\\/\\\/media.acninternational.org\\\/wp-content\\\/uploads\\\/2019\\\/11\\\/acn_logo_blackvector.svg\",\"contentUrl\":\"https:\\\/\\\/media.acninternational.org\\\/wp-content\\\/uploads\\\/2019\\\/11\\\/acn_logo_blackvector.svg\",\"width\":232.6,\"height\":78,\"caption\":\"Aid to the Church in Need International\"},\"image\":{\"@id\":\"https:\\\/\\\/acninternational.org\\\/es\\\/#\\\/schema\\\/logo\\\/image\\\/\"},\"sameAs\":[\"https:\\\/\\\/www.facebook.com\\\/acninternationalorg\",\"https:\\\/\\\/x.com\\\/acn_int\",\"https:\\\/\\\/www.youtube.com\\\/channel\\\/UCQ-077gS0TnVzkhHmf1opZw\",\"https:\\\/\\\/www.instagram.com\\\/acn_international\\\/\"]},{\"@type\":\"Person\",\"@id\":\"https:\\\/\\\/acninternational.org\\\/es\\\/#\\\/schema\\\/person\\\/7f3dafb236b242fb2aa46be1411fd703\",\"name\":\"ACN Press Team\",\"description\":\"Lorem ipsum dolor sit amet, consectetur adipiscing elit, sed do eiusmod tempor incididunt ut labore et dolore magna aliqua. Ut enim ad minim veniam, quis nostrud exercitation ullamco laboris nisi ut aliquip ex ea commodo consequat.\",\"url\":\"https:\\\/\\\/acninternational.org\\\/es\\\/author\\\/acn-press-team\\\/\"}]}<\/script>\n<!-- \/ Yoast SEO Premium plugin. -->","yoast_head_json":{"title":"Nigeria: obispo cat\u00f3ico exige justicia | ACN International","description":"Los cat\u00f3licos de Nigeria esperan que la elecci\u00f3n de un musulm\u00e1n moderado como presidente traiga consigo una mejora de su seguridad.","robots":{"index":"index","follow":"follow","max-snippet":"max-snippet:-1","max-image-preview":"max-image-preview:large","max-video-preview":"max-video-preview:-1"},"canonical":"https:\/\/acninternational.org\/es\/nigeria-obispo-catolico-exige-justicia\/","og_locale":"es_ES","og_type":"article","og_title":"Obispo cat\u00f3lico exige un trato justo y equitativo","og_description":"Los cat\u00f3licos de Nigeria esperan que la elecci\u00f3n de un musulm\u00e1n moderado como presidente traiga consigo una mejora de su seguridad.","og_url":"https:\/\/acninternational.org\/es\/nigeria-obispo-catolico-exige-justicia\/","og_site_name":"ACN International","article_publisher":"https:\/\/www.facebook.com\/acninternationalorg","article_published_time":"2023-03-29T15:41:19+00:00","article_modified_time":"2023-03-30T07:47:48+00:00","og_image":[{"width":2000,"height":625,"url":"https:\/\/media.acninternational.org\/wp-content\/uploads\/2023\/03\/heading-3-1-1.png","type":"image\/png"}],"author":"ACN Press Team","twitter_card":"summary_large_image","twitter_creator":"@acn_int","twitter_site":"@acn_int","twitter_misc":{"Escrito por":"ACN Press Team","Tiempo de lectura":"6 minutos"},"schema":{"@context":"https:\/\/schema.org","@graph":[{"@type":"Article","@id":"https:\/\/acninternational.org\/es\/nigeria-obispo-catolico-exige-justicia\/#article","isPartOf":{"@id":"https:\/\/acninternational.org\/es\/nigeria-obispo-catolico-exige-justicia\/"},"author":{"name":"ACN Press Team","@id":"https:\/\/acninternational.org\/es\/#\/schema\/person\/7f3dafb236b242fb2aa46be1411fd703"},"headline":"Obispo cat\u00f3lico exige un trato justo y equitativo","datePublished":"2023-03-29T15:41:19+00:00","dateModified":"2023-03-30T07:47:48+00:00","mainEntityOfPage":{"@id":"https:\/\/acninternational.org\/es\/nigeria-obispo-catolico-exige-justicia\/"},"wordCount":1224,"publisher":{"@id":"https:\/\/acninternational.org\/es\/#organization"},"image":{"@id":"https:\/\/acninternational.org\/es\/nigeria-obispo-catolico-exige-justicia\/#primaryimage"},"thumbnailUrl":"https:\/\/media.acninternational.org\/wp-content\/uploads\/2023\/03\/heading-3-1-1.png","articleSection":["ART\u00cdCULO","NOTICIAS"],"inLanguage":"es"},{"@type":"WebPage","@id":"https:\/\/acninternational.org\/es\/nigeria-obispo-catolico-exige-justicia\/","url":"https:\/\/acninternational.org\/es\/nigeria-obispo-catolico-exige-justicia\/","name":"Nigeria: obispo cat\u00f3ico exige justicia | ACN International","isPartOf":{"@id":"https:\/\/acninternational.org\/es\/#website"},"primaryImageOfPage":{"@id":"https:\/\/acninternational.org\/es\/nigeria-obispo-catolico-exige-justicia\/#primaryimage"},"image":{"@id":"https:\/\/acninternational.org\/es\/nigeria-obispo-catolico-exige-justicia\/#primaryimage"},"thumbnailUrl":"https:\/\/media.acninternational.org\/wp-content\/uploads\/2023\/03\/heading-3-1-1.png","datePublished":"2023-03-29T15:41:19+00:00","dateModified":"2023-03-30T07:47:48+00:00","description":"Los cat\u00f3licos de Nigeria esperan que la elecci\u00f3n de un musulm\u00e1n moderado como presidente traiga consigo una mejora de su seguridad.","breadcrumb":{"@id":"https:\/\/acninternational.org\/es\/nigeria-obispo-catolico-exige-justicia\/#breadcrumb"},"inLanguage":"es","potentialAction":[{"@type":"ReadAction","target":["https:\/\/acninternational.org\/es\/nigeria-obispo-catolico-exige-justicia\/"]}]},{"@type":"ImageObject","inLanguage":"es","@id":"https:\/\/acninternational.org\/es\/nigeria-obispo-catolico-exige-justicia\/#primaryimage","url":"https:\/\/media.acninternational.org\/wp-content\/uploads\/2023\/03\/heading-3-1-1.png","contentUrl":"https:\/\/media.acninternational.org\/wp-content\/uploads\/2023\/03\/heading-3-1-1.png","width":2000,"height":625,"caption":"cristianos nigeria"},{"@type":"BreadcrumbList","@id":"https:\/\/acninternational.org\/es\/nigeria-obispo-catolico-exige-justicia\/#breadcrumb","itemListElement":[{"@type":"ListItem","position":1,"name":"Home","item":"https:\/\/acninternational.org\/es\/"},{"@type":"ListItem","position":2,"name":"ART\u00cdCULO","item":"https:\/\/acninternational.org\/es\/category\/articulo\/"},{"@type":"ListItem","position":3,"name":"Obispo cat\u00f3lico exige un trato justo y equitativo"}]},{"@type":"WebSite","@id":"https:\/\/acninternational.org\/es\/#website","url":"https:\/\/acninternational.org\/es\/","name":"ACN International","description":"","publisher":{"@id":"https:\/\/acninternational.org\/es\/#organization"},"potentialAction":[{"@type":"SearchAction","target":{"@type":"EntryPoint","urlTemplate":"https:\/\/acninternational.org\/es\/?s={search_term_string}"},"query-input":{"@type":"PropertyValueSpecification","valueRequired":true,"valueName":"search_term_string"}}],"inLanguage":"es"},{"@type":"Organization","@id":"https:\/\/acninternational.org\/es\/#organization","name":"Aid to the Church in Need International","url":"https:\/\/acninternational.org\/es\/","logo":{"@type":"ImageObject","inLanguage":"es","@id":"https:\/\/acninternational.org\/es\/#\/schema\/logo\/image\/","url":"https:\/\/media.acninternational.org\/wp-content\/uploads\/2019\/11\/acn_logo_blackvector.svg","contentUrl":"https:\/\/media.acninternational.org\/wp-content\/uploads\/2019\/11\/acn_logo_blackvector.svg","width":232.6,"height":78,"caption":"Aid to the Church in Need International"},"image":{"@id":"https:\/\/acninternational.org\/es\/#\/schema\/logo\/image\/"},"sameAs":["https:\/\/www.facebook.com\/acninternationalorg","https:\/\/x.com\/acn_int","https:\/\/www.youtube.com\/channel\/UCQ-077gS0TnVzkhHmf1opZw","https:\/\/www.instagram.com\/acn_international\/"]},{"@type":"Person","@id":"https:\/\/acninternational.org\/es\/#\/schema\/person\/7f3dafb236b242fb2aa46be1411fd703","name":"ACN Press Team","description":"Lorem ipsum dolor sit amet, consectetur adipiscing elit, sed do eiusmod tempor incididunt ut labore et dolore magna aliqua. Ut enim ad minim veniam, quis nostrud exercitation ullamco laboris nisi ut aliquip ex ea commodo consequat.","url":"https:\/\/acninternational.org\/es\/author\/acn-press-team\/"}]}},"_links":{"self":[{"href":"https:\/\/acninternational.org\/es\/wp-json\/wp\/v2\/posts\/179642","targetHints":{"allow":["GET"]}}],"collection":[{"href":"https:\/\/acninternational.org\/es\/wp-json\/wp\/v2\/posts"}],"about":[{"href":"https:\/\/acninternational.org\/es\/wp-json\/wp\/v2\/types\/post"}],"author":[{"embeddable":true,"href":"https:\/\/acninternational.org\/es\/wp-json\/wp\/v2\/users\/4258341447"}],"replies":[{"embeddable":true,"href":"https:\/\/acninternational.org\/es\/wp-json\/wp\/v2\/comments?post=179642"}],"version-history":[{"count":0,"href":"https:\/\/acninternational.org\/es\/wp-json\/wp\/v2\/posts\/179642\/revisions"}],"wp:featuredmedia":[{"embeddable":true,"href":"https:\/\/acninternational.org\/es\/wp-json\/wp\/v2\/media\/179612"}],"wp:attachment":[{"href":"https:\/\/acninternational.org\/es\/wp-json\/wp\/v2\/media?parent=179642"}],"wp:term":[{"taxonomy":"category","embeddable":true,"href":"https:\/\/acninternational.org\/es\/wp-json\/wp\/v2\/categories?post=179642"},{"taxonomy":"post_tag","embeddable":true,"href":"https:\/\/acninternational.org\/es\/wp-json\/wp\/v2\/tags?post=179642"},{"taxonomy":"country","embeddable":true,"href":"https:\/\/acninternational.org\/es\/wp-json\/wp\/v2\/country?post=179642"}],"curies":[{"name":"wp","href":"https:\/\/api.w.org\/{rel}","templated":true}]}}