{"id":179003,"date":"2023-02-24T12:55:17","date_gmt":"2023-02-24T11:55:17","guid":{"rendered":"https:\/\/acninternational.org\/?p=179003"},"modified":"2023-03-06T16:32:46","modified_gmt":"2023-03-06T15:32:46","slug":"los-obispos-piden-a-los-nigerianos-que-en-las-elecciones-generales-voten-en-masa-y-rechacen-el-mal","status":"publish","type":"post","link":"https:\/\/acninternational.org\/es\/los-obispos-piden-a-los-nigerianos-que-en-las-elecciones-generales-voten-en-masa-y-rechacen-el-mal\/","title":{"rendered":"Los obispos piden a los nigerianos que en las elecciones generales voten \u201cen masa\u201d y \u201crechacen el mal\u201d"},"content":{"rendered":"<p><em>ACN dedicar\u00e1 su campa\u00f1a de Cuaresma a Nigeria -el pa\u00eds m\u00e1s poblado de \u00c1frica-, que sigue enfrentado a numerosos retos y amenazas.<\/em> <em>La fundaci\u00f3n ofrece material de prensa sobre la persecuci\u00f3n de los cristianos en Nigeria.<\/em><\/p>\n<p>Los obispos nigerianos han hecho un llamamiento a la poblaci\u00f3n para que el 25 de febrero acuda \u201cen masa\u201d a votar en las elecciones generales del pa\u00eds.<\/p>\n<p><img loading=\"lazy\" decoding=\"async\" class=\"aligncenter size-full wp-image-178991\" src=\"https:\/\/media.acninternational.org\/wp-content\/uploads\/2023\/02\/ACN-20221220-138100.jpeg\" alt=\"\" width=\"720\" height=\"405\" srcset=\"https:\/\/media.acninternational.org\/wp-content\/uploads\/2023\/02\/ACN-20221220-138100.jpeg 720w, https:\/\/media.acninternational.org\/wp-content\/uploads\/2023\/02\/ACN-20221220-138100-300x169.jpeg 300w\" sizes=\"auto, (max-width: 720px) 100vw, 720px\" \/><\/p>\n<p>En un <a href=\"https:\/\/www.nigeriacatholicnetwork.com\/cbcn-communique-abuja-2023\/\" target=\"_blank\" rel=\"noopener\">comunicado<\/a> hecho p\u00fablico el 17 de febrero, fruto de una reuni\u00f3n de la Conferencia Cat\u00f3lica de Obispos de Nigeria, los prelados animan a los nigerianos a \u201crechazar el mal, ya sea mayor o menor, y a elegir sabiamente a candidatos buenos y capaces a todos los niveles\u201d.<\/p>\n<p>\u201cNuestro voto es precioso; debemos usarlo bien. Animamos a todos los ciudadanos con derecho a voto a salir a votar en masa a l\u00edderes temerosos de Dios, honestos, en\u00e9rgicos y transparentes por una Nigeria mejor\u201d, dicen los obispos.<\/p>\n<p>El documento enumera a continuaci\u00f3n varios de los retos que afronta la naci\u00f3n nigeriana, entre ellos, \u201clos insurgentes de Boko Haram, las milicias de pastores, los bandidos y los llamados <em>individuos armados desconocidos<\/em>\u201d que \u201csiguen propagando el terror en diferentes partes del pa\u00eds\u201d.<\/p>\n<p>\u201cAlgunas comunidades han sido saqueadas y sus habitantes desplazados como resultado de las actividades de criminales y de algunos agentes de seguridad del Gobierno. Cientos de vidas se han perdido en circunstancias extremadamente brutales y muchas m\u00e1s han quedado mutiladas. Algunos miembros de nuestro personal eclesi\u00e1stico han sido v\u00edctimas de secuestros y asesinatos. Los secuestros para pedir rescate van en aumento, de modo que ning\u00fan lugar parece seguro. Las carreteras, los hogares e incluso los recintos sagrados de los centros de culto tampoco est\u00e1n a salvo\u201d.<\/p>\n","protected":false},"excerpt":{"rendered":"<p>ACN dedicar\u00e1 su campa\u00f1a de Cuaresma a Nigeria -el pa\u00eds m\u00e1s poblado de \u00c1frica-, que sigue enfrentado a numerosos retos<\/p>\n","protected":false},"author":4258341447,"featured_media":178985,"comment_status":"closed","ping_status":"closed","sticky":false,"template":"","format":"standard","meta":{"_acf_changed":false,"_acn_coauthor_ids":[],"footnotes":""},"categories":[746,1254],"tags":[],"country":[408],"class_list":["post-179003","post","type-post","status-publish","format-standard","has-post-thumbnail","hentry","category-noticias","category-news-es","country-nigeria-es"],"acn_coauthors":[],"acf":[],"yoast_head":"<!-- This site is optimized with the Yoast SEO Premium plugin v27.3 (Yoast SEO v27.3) - https:\/\/yoast.com\/product\/yoast-seo-premium-wordpress\/ -->\n<title>Los obispos piden a los nigerianos que en las elecciones generales voten \u201cen masa\u201d y \u201crechacen el mal\u201d | ACN International<\/title>\n<meta name=\"robots\" content=\"index, follow, max-snippet:-1, max-image-preview:large, max-video-preview:-1\" \/>\n<link rel=\"canonical\" href=\"https:\/\/acninternational.org\/es\/los-obispos-piden-a-los-nigerianos-que-en-las-elecciones-generales-voten-en-masa-y-rechacen-el-mal\/\" \/>\n<meta property=\"og:locale\" content=\"es_ES\" \/>\n<meta property=\"og:type\" content=\"article\" \/>\n<meta property=\"og:title\" content=\"Los obispos piden a los nigerianos que en las elecciones generales voten \u201cen masa\u201d y \u201crechacen el mal\u201d\" \/>\n<meta property=\"og:description\" content=\"ACN dedicar\u00e1 su campa\u00f1a de Cuaresma a Nigeria -el pa\u00eds m\u00e1s poblado de \u00c1frica-, que sigue enfrentado a numerosos retos\" \/>\n<meta property=\"og:url\" content=\"https:\/\/acninternational.org\/es\/los-obispos-piden-a-los-nigerianos-que-en-las-elecciones-generales-voten-en-masa-y-rechacen-el-mal\/\" \/>\n<meta property=\"og:site_name\" content=\"ACN International\" \/>\n<meta property=\"article:publisher\" content=\"https:\/\/www.facebook.com\/acninternationalorg\" \/>\n<meta property=\"article:published_time\" content=\"2023-02-24T11:55:17+00:00\" \/>\n<meta property=\"article:modified_time\" content=\"2023-03-06T15:32:46+00:00\" \/>\n<meta property=\"og:image\" content=\"https:\/\/media.acninternational.org\/wp-content\/uploads\/2023\/02\/ACN-20190320-85563.jpeg\" \/>\n\t<meta property=\"og:image:width\" content=\"1920\" \/>\n\t<meta property=\"og:image:height\" content=\"700\" \/>\n\t<meta property=\"og:image:type\" content=\"image\/jpeg\" \/>\n<meta name=\"author\" content=\"ACN Press Team\" \/>\n<meta name=\"twitter:card\" content=\"summary_large_image\" \/>\n<meta name=\"twitter:creator\" content=\"@acn_int\" \/>\n<meta name=\"twitter:site\" content=\"@acn_int\" \/>\n<meta name=\"twitter:label1\" content=\"Escrito por\" \/>\n\t<meta name=\"twitter:data1\" content=\"ACN Press Team\" \/>\n\t<meta name=\"twitter:label2\" content=\"Tiempo de lectura\" \/>\n\t<meta name=\"twitter:data2\" content=\"2 minutos\" \/>\n<script type=\"application\/ld+json\" class=\"yoast-schema-graph\">{\"@context\":\"https:\\\/\\\/schema.org\",\"@graph\":[{\"@type\":\"Article\",\"@id\":\"https:\\\/\\\/acninternational.org\\\/es\\\/los-obispos-piden-a-los-nigerianos-que-en-las-elecciones-generales-voten-en-masa-y-rechacen-el-mal\\\/#article\",\"isPartOf\":{\"@id\":\"https:\\\/\\\/acninternational.org\\\/es\\\/los-obispos-piden-a-los-nigerianos-que-en-las-elecciones-generales-voten-en-masa-y-rechacen-el-mal\\\/\"},\"author\":{\"name\":\"ACN Press Team\",\"@id\":\"https:\\\/\\\/acninternational.org\\\/es\\\/#\\\/schema\\\/person\\\/7f3dafb236b242fb2aa46be1411fd703\"},\"headline\":\"Los obispos piden a los nigerianos que en las elecciones generales voten \u201cen masa\u201d y \u201crechacen el mal\u201d\",\"datePublished\":\"2023-02-24T11:55:17+00:00\",\"dateModified\":\"2023-03-06T15:32:46+00:00\",\"mainEntityOfPage\":{\"@id\":\"https:\\\/\\\/acninternational.org\\\/es\\\/los-obispos-piden-a-los-nigerianos-que-en-las-elecciones-generales-voten-en-masa-y-rechacen-el-mal\\\/\"},\"wordCount\":315,\"publisher\":{\"@id\":\"https:\\\/\\\/acninternational.org\\\/es\\\/#organization\"},\"image\":{\"@id\":\"https:\\\/\\\/acninternational.org\\\/es\\\/los-obispos-piden-a-los-nigerianos-que-en-las-elecciones-generales-voten-en-masa-y-rechacen-el-mal\\\/#primaryimage\"},\"thumbnailUrl\":\"https:\\\/\\\/media.acninternational.org\\\/wp-content\\\/uploads\\\/2023\\\/02\\\/ACN-20190320-85563.jpeg\",\"articleSection\":[\"NOTICIAS\",\"NOTICIAS\"],\"inLanguage\":\"es\"},{\"@type\":\"WebPage\",\"@id\":\"https:\\\/\\\/acninternational.org\\\/es\\\/los-obispos-piden-a-los-nigerianos-que-en-las-elecciones-generales-voten-en-masa-y-rechacen-el-mal\\\/\",\"url\":\"https:\\\/\\\/acninternational.org\\\/es\\\/los-obispos-piden-a-los-nigerianos-que-en-las-elecciones-generales-voten-en-masa-y-rechacen-el-mal\\\/\",\"name\":\"Los obispos piden a los nigerianos que en las elecciones generales voten \u201cen masa\u201d y \u201crechacen el mal\u201d | ACN International\",\"isPartOf\":{\"@id\":\"https:\\\/\\\/acninternational.org\\\/es\\\/#website\"},\"primaryImageOfPage\":{\"@id\":\"https:\\\/\\\/acninternational.org\\\/es\\\/los-obispos-piden-a-los-nigerianos-que-en-las-elecciones-generales-voten-en-masa-y-rechacen-el-mal\\\/#primaryimage\"},\"image\":{\"@id\":\"https:\\\/\\\/acninternational.org\\\/es\\\/los-obispos-piden-a-los-nigerianos-que-en-las-elecciones-generales-voten-en-masa-y-rechacen-el-mal\\\/#primaryimage\"},\"thumbnailUrl\":\"https:\\\/\\\/media.acninternational.org\\\/wp-content\\\/uploads\\\/2023\\\/02\\\/ACN-20190320-85563.jpeg\",\"datePublished\":\"2023-02-24T11:55:17+00:00\",\"dateModified\":\"2023-03-06T15:32:46+00:00\",\"breadcrumb\":{\"@id\":\"https:\\\/\\\/acninternational.org\\\/es\\\/los-obispos-piden-a-los-nigerianos-que-en-las-elecciones-generales-voten-en-masa-y-rechacen-el-mal\\\/#breadcrumb\"},\"inLanguage\":\"es\",\"potentialAction\":[{\"@type\":\"ReadAction\",\"target\":[\"https:\\\/\\\/acninternational.org\\\/es\\\/los-obispos-piden-a-los-nigerianos-que-en-las-elecciones-generales-voten-en-masa-y-rechacen-el-mal\\\/\"]}]},{\"@type\":\"ImageObject\",\"inLanguage\":\"es\",\"@id\":\"https:\\\/\\\/acninternational.org\\\/es\\\/los-obispos-piden-a-los-nigerianos-que-en-las-elecciones-generales-voten-en-masa-y-rechacen-el-mal\\\/#primaryimage\",\"url\":\"https:\\\/\\\/media.acninternational.org\\\/wp-content\\\/uploads\\\/2023\\\/02\\\/ACN-20190320-85563.jpeg\",\"contentUrl\":\"https:\\\/\\\/media.acninternational.org\\\/wp-content\\\/uploads\\\/2023\\\/02\\\/ACN-20190320-85563.jpeg\",\"width\":1920,\"height\":700},{\"@type\":\"BreadcrumbList\",\"@id\":\"https:\\\/\\\/acninternational.org\\\/es\\\/los-obispos-piden-a-los-nigerianos-que-en-las-elecciones-generales-voten-en-masa-y-rechacen-el-mal\\\/#breadcrumb\",\"itemListElement\":[{\"@type\":\"ListItem\",\"position\":1,\"name\":\"Home\",\"item\":\"https:\\\/\\\/acninternational.org\\\/es\\\/\"},{\"@type\":\"ListItem\",\"position\":2,\"name\":\"NOTICIAS\",\"item\":\"https:\\\/\\\/acninternational.org\\\/es\\\/category\\\/news-es\\\/\"},{\"@type\":\"ListItem\",\"position\":3,\"name\":\"Los obispos piden a los nigerianos que en las elecciones generales voten \u201cen masa\u201d y \u201crechacen el mal\u201d\"}]},{\"@type\":\"WebSite\",\"@id\":\"https:\\\/\\\/acninternational.org\\\/es\\\/#website\",\"url\":\"https:\\\/\\\/acninternational.org\\\/es\\\/\",\"name\":\"ACN International\",\"description\":\"\",\"publisher\":{\"@id\":\"https:\\\/\\\/acninternational.org\\\/es\\\/#organization\"},\"potentialAction\":[{\"@type\":\"SearchAction\",\"target\":{\"@type\":\"EntryPoint\",\"urlTemplate\":\"https:\\\/\\\/acninternational.org\\\/es\\\/?s={search_term_string}\"},\"query-input\":{\"@type\":\"PropertyValueSpecification\",\"valueRequired\":true,\"valueName\":\"search_term_string\"}}],\"inLanguage\":\"es\"},{\"@type\":\"Organization\",\"@id\":\"https:\\\/\\\/acninternational.org\\\/es\\\/#organization\",\"name\":\"Aid to the Church in Need International\",\"url\":\"https:\\\/\\\/acninternational.org\\\/es\\\/\",\"logo\":{\"@type\":\"ImageObject\",\"inLanguage\":\"es\",\"@id\":\"https:\\\/\\\/acninternational.org\\\/es\\\/#\\\/schema\\\/logo\\\/image\\\/\",\"url\":\"https:\\\/\\\/media.acninternational.org\\\/wp-content\\\/uploads\\\/2019\\\/11\\\/acn_logo_blackvector.svg\",\"contentUrl\":\"https:\\\/\\\/media.acninternational.org\\\/wp-content\\\/uploads\\\/2019\\\/11\\\/acn_logo_blackvector.svg\",\"width\":232.6,\"height\":78,\"caption\":\"Aid to the Church in Need International\"},\"image\":{\"@id\":\"https:\\\/\\\/acninternational.org\\\/es\\\/#\\\/schema\\\/logo\\\/image\\\/\"},\"sameAs\":[\"https:\\\/\\\/www.facebook.com\\\/acninternationalorg\",\"https:\\\/\\\/x.com\\\/acn_int\",\"https:\\\/\\\/www.youtube.com\\\/channel\\\/UCQ-077gS0TnVzkhHmf1opZw\",\"https:\\\/\\\/www.instagram.com\\\/acn_international\\\/\"]},{\"@type\":\"Person\",\"@id\":\"https:\\\/\\\/acninternational.org\\\/es\\\/#\\\/schema\\\/person\\\/7f3dafb236b242fb2aa46be1411fd703\",\"name\":\"ACN Press Team\",\"description\":\"Lorem ipsum dolor sit amet, consectetur adipiscing elit, sed do eiusmod tempor incididunt ut labore et dolore magna aliqua. Ut enim ad minim veniam, quis nostrud exercitation ullamco laboris nisi ut aliquip ex ea commodo consequat.\",\"url\":\"https:\\\/\\\/acninternational.org\\\/es\\\/author\\\/acn-press-team\\\/\"}]}<\/script>\n<!-- \/ Yoast SEO Premium plugin. -->","yoast_head_json":{"title":"Los obispos piden a los nigerianos que en las elecciones generales voten \u201cen masa\u201d y \u201crechacen el mal\u201d | ACN International","robots":{"index":"index","follow":"follow","max-snippet":"max-snippet:-1","max-image-preview":"max-image-preview:large","max-video-preview":"max-video-preview:-1"},"canonical":"https:\/\/acninternational.org\/es\/los-obispos-piden-a-los-nigerianos-que-en-las-elecciones-generales-voten-en-masa-y-rechacen-el-mal\/","og_locale":"es_ES","og_type":"article","og_title":"Los obispos piden a los nigerianos que en las elecciones generales voten \u201cen masa\u201d y \u201crechacen el mal\u201d","og_description":"ACN dedicar\u00e1 su campa\u00f1a de Cuaresma a Nigeria -el pa\u00eds m\u00e1s poblado de \u00c1frica-, que sigue enfrentado a numerosos retos","og_url":"https:\/\/acninternational.org\/es\/los-obispos-piden-a-los-nigerianos-que-en-las-elecciones-generales-voten-en-masa-y-rechacen-el-mal\/","og_site_name":"ACN International","article_publisher":"https:\/\/www.facebook.com\/acninternationalorg","article_published_time":"2023-02-24T11:55:17+00:00","article_modified_time":"2023-03-06T15:32:46+00:00","og_image":[{"width":1920,"height":700,"url":"https:\/\/media.acninternational.org\/wp-content\/uploads\/2023\/02\/ACN-20190320-85563.jpeg","type":"image\/jpeg"}],"author":"ACN Press Team","twitter_card":"summary_large_image","twitter_creator":"@acn_int","twitter_site":"@acn_int","twitter_misc":{"Escrito por":"ACN Press Team","Tiempo de lectura":"2 minutos"},"schema":{"@context":"https:\/\/schema.org","@graph":[{"@type":"Article","@id":"https:\/\/acninternational.org\/es\/los-obispos-piden-a-los-nigerianos-que-en-las-elecciones-generales-voten-en-masa-y-rechacen-el-mal\/#article","isPartOf":{"@id":"https:\/\/acninternational.org\/es\/los-obispos-piden-a-los-nigerianos-que-en-las-elecciones-generales-voten-en-masa-y-rechacen-el-mal\/"},"author":{"name":"ACN Press Team","@id":"https:\/\/acninternational.org\/es\/#\/schema\/person\/7f3dafb236b242fb2aa46be1411fd703"},"headline":"Los obispos piden a los nigerianos que en las elecciones generales voten \u201cen masa\u201d y \u201crechacen el mal\u201d","datePublished":"2023-02-24T11:55:17+00:00","dateModified":"2023-03-06T15:32:46+00:00","mainEntityOfPage":{"@id":"https:\/\/acninternational.org\/es\/los-obispos-piden-a-los-nigerianos-que-en-las-elecciones-generales-voten-en-masa-y-rechacen-el-mal\/"},"wordCount":315,"publisher":{"@id":"https:\/\/acninternational.org\/es\/#organization"},"image":{"@id":"https:\/\/acninternational.org\/es\/los-obispos-piden-a-los-nigerianos-que-en-las-elecciones-generales-voten-en-masa-y-rechacen-el-mal\/#primaryimage"},"thumbnailUrl":"https:\/\/media.acninternational.org\/wp-content\/uploads\/2023\/02\/ACN-20190320-85563.jpeg","articleSection":["NOTICIAS","NOTICIAS"],"inLanguage":"es"},{"@type":"WebPage","@id":"https:\/\/acninternational.org\/es\/los-obispos-piden-a-los-nigerianos-que-en-las-elecciones-generales-voten-en-masa-y-rechacen-el-mal\/","url":"https:\/\/acninternational.org\/es\/los-obispos-piden-a-los-nigerianos-que-en-las-elecciones-generales-voten-en-masa-y-rechacen-el-mal\/","name":"Los obispos piden a los nigerianos que en las elecciones generales voten \u201cen masa\u201d y \u201crechacen el mal\u201d | ACN International","isPartOf":{"@id":"https:\/\/acninternational.org\/es\/#website"},"primaryImageOfPage":{"@id":"https:\/\/acninternational.org\/es\/los-obispos-piden-a-los-nigerianos-que-en-las-elecciones-generales-voten-en-masa-y-rechacen-el-mal\/#primaryimage"},"image":{"@id":"https:\/\/acninternational.org\/es\/los-obispos-piden-a-los-nigerianos-que-en-las-elecciones-generales-voten-en-masa-y-rechacen-el-mal\/#primaryimage"},"thumbnailUrl":"https:\/\/media.acninternational.org\/wp-content\/uploads\/2023\/02\/ACN-20190320-85563.jpeg","datePublished":"2023-02-24T11:55:17+00:00","dateModified":"2023-03-06T15:32:46+00:00","breadcrumb":{"@id":"https:\/\/acninternational.org\/es\/los-obispos-piden-a-los-nigerianos-que-en-las-elecciones-generales-voten-en-masa-y-rechacen-el-mal\/#breadcrumb"},"inLanguage":"es","potentialAction":[{"@type":"ReadAction","target":["https:\/\/acninternational.org\/es\/los-obispos-piden-a-los-nigerianos-que-en-las-elecciones-generales-voten-en-masa-y-rechacen-el-mal\/"]}]},{"@type":"ImageObject","inLanguage":"es","@id":"https:\/\/acninternational.org\/es\/los-obispos-piden-a-los-nigerianos-que-en-las-elecciones-generales-voten-en-masa-y-rechacen-el-mal\/#primaryimage","url":"https:\/\/media.acninternational.org\/wp-content\/uploads\/2023\/02\/ACN-20190320-85563.jpeg","contentUrl":"https:\/\/media.acninternational.org\/wp-content\/uploads\/2023\/02\/ACN-20190320-85563.jpeg","width":1920,"height":700},{"@type":"BreadcrumbList","@id":"https:\/\/acninternational.org\/es\/los-obispos-piden-a-los-nigerianos-que-en-las-elecciones-generales-voten-en-masa-y-rechacen-el-mal\/#breadcrumb","itemListElement":[{"@type":"ListItem","position":1,"name":"Home","item":"https:\/\/acninternational.org\/es\/"},{"@type":"ListItem","position":2,"name":"NOTICIAS","item":"https:\/\/acninternational.org\/es\/category\/news-es\/"},{"@type":"ListItem","position":3,"name":"Los obispos piden a los nigerianos que en las elecciones generales voten \u201cen masa\u201d y \u201crechacen el mal\u201d"}]},{"@type":"WebSite","@id":"https:\/\/acninternational.org\/es\/#website","url":"https:\/\/acninternational.org\/es\/","name":"ACN International","description":"","publisher":{"@id":"https:\/\/acninternational.org\/es\/#organization"},"potentialAction":[{"@type":"SearchAction","target":{"@type":"EntryPoint","urlTemplate":"https:\/\/acninternational.org\/es\/?s={search_term_string}"},"query-input":{"@type":"PropertyValueSpecification","valueRequired":true,"valueName":"search_term_string"}}],"inLanguage":"es"},{"@type":"Organization","@id":"https:\/\/acninternational.org\/es\/#organization","name":"Aid to the Church in Need International","url":"https:\/\/acninternational.org\/es\/","logo":{"@type":"ImageObject","inLanguage":"es","@id":"https:\/\/acninternational.org\/es\/#\/schema\/logo\/image\/","url":"https:\/\/media.acninternational.org\/wp-content\/uploads\/2019\/11\/acn_logo_blackvector.svg","contentUrl":"https:\/\/media.acninternational.org\/wp-content\/uploads\/2019\/11\/acn_logo_blackvector.svg","width":232.6,"height":78,"caption":"Aid to the Church in Need International"},"image":{"@id":"https:\/\/acninternational.org\/es\/#\/schema\/logo\/image\/"},"sameAs":["https:\/\/www.facebook.com\/acninternationalorg","https:\/\/x.com\/acn_int","https:\/\/www.youtube.com\/channel\/UCQ-077gS0TnVzkhHmf1opZw","https:\/\/www.instagram.com\/acn_international\/"]},{"@type":"Person","@id":"https:\/\/acninternational.org\/es\/#\/schema\/person\/7f3dafb236b242fb2aa46be1411fd703","name":"ACN Press Team","description":"Lorem ipsum dolor sit amet, consectetur adipiscing elit, sed do eiusmod tempor incididunt ut labore et dolore magna aliqua. Ut enim ad minim veniam, quis nostrud exercitation ullamco laboris nisi ut aliquip ex ea commodo consequat.","url":"https:\/\/acninternational.org\/es\/author\/acn-press-team\/"}]}},"_links":{"self":[{"href":"https:\/\/acninternational.org\/es\/wp-json\/wp\/v2\/posts\/179003","targetHints":{"allow":["GET"]}}],"collection":[{"href":"https:\/\/acninternational.org\/es\/wp-json\/wp\/v2\/posts"}],"about":[{"href":"https:\/\/acninternational.org\/es\/wp-json\/wp\/v2\/types\/post"}],"author":[{"embeddable":true,"href":"https:\/\/acninternational.org\/es\/wp-json\/wp\/v2\/users\/4258341447"}],"replies":[{"embeddable":true,"href":"https:\/\/acninternational.org\/es\/wp-json\/wp\/v2\/comments?post=179003"}],"version-history":[{"count":0,"href":"https:\/\/acninternational.org\/es\/wp-json\/wp\/v2\/posts\/179003\/revisions"}],"wp:featuredmedia":[{"embeddable":true,"href":"https:\/\/acninternational.org\/es\/wp-json\/wp\/v2\/media\/178985"}],"wp:attachment":[{"href":"https:\/\/acninternational.org\/es\/wp-json\/wp\/v2\/media?parent=179003"}],"wp:term":[{"taxonomy":"category","embeddable":true,"href":"https:\/\/acninternational.org\/es\/wp-json\/wp\/v2\/categories?post=179003"},{"taxonomy":"post_tag","embeddable":true,"href":"https:\/\/acninternational.org\/es\/wp-json\/wp\/v2\/tags?post=179003"},{"taxonomy":"country","embeddable":true,"href":"https:\/\/acninternational.org\/es\/wp-json\/wp\/v2\/country?post=179003"}],"curies":[{"name":"wp","href":"https:\/\/api.w.org\/{rel}","templated":true}]}}