{"id":177623,"date":"2023-01-10T14:46:33","date_gmt":"2023-01-10T13:46:33","guid":{"rendered":"https:\/\/acninternational.org\/?p=177623"},"modified":"2023-12-15T05:32:23","modified_gmt":"2023-12-15T04:32:23","slug":"el-papa-francisco-habla-de-la-libertad-religiosa","status":"publish","type":"post","link":"https:\/\/acninternational.org\/es\/el-papa-francisco-habla-de-la-libertad-religiosa\/","title":{"rendered":"\u201cLa paz tambi\u00e9n exige que se reconozca universalmente la libertad religiosa\u201d, dice el Papa"},"content":{"rendered":"<p><em>Durante su tradicional discurso a los miembros del cuerpo diplom\u00e1tico acreditado ante la Santa Sede, Francisco advirti\u00f3 sobre la creciente intolerancia hacia los cristianos, incluso en pa\u00edses donde no son una minor\u00eda.<\/em><\/p>\n<p>El papa Francisco dice que no puede haber paz sin libertad religiosa; denunci\u00f3 que en muchos pa\u00edses de mayor\u00eda cristiana tambi\u00e9n se ataca este derecho universal.<\/p>\n<p>En su <a href=\"https:\/\/www.vatican.va\/content\/francesco\/es\/speeches\/2023\/january\/documents\/20230109-corpo-diplomatico.html\">discurso anual a los miembros del cuerpo diplom\u00e1tico acreditado ante la Santa Sede<\/a>, el 9 de enero, el papa se pronunci\u00f3 extensamente sobre las amenazas actuales a la paz en el mundo, y a\u00f1adi\u00f3 que \u201cla paz tambi\u00e9n exige que se reconozca universalmente la libertad religiosa. Es preocupante que haya personas perseguidas s\u00f3lo porque profesan p\u00fablicamente su fe y que en muchos pa\u00edses la libertad religiosa est\u00e9 limitada. Aproximadamente un tercio de la poblaci\u00f3n mundial vive en esta condici\u00f3n\u201d.<\/p>\n<p>Esta conclusi\u00f3n coincide con los datos del \u00faltimo <a href=\"https:\/\/acninternational.org\/religiousfreedomreport\/es\/informe\/mundial\/2023\" target=\"_blank\" rel=\"noopener\">Informe sobre Libertad Religiosa en el Mundo<\/a> publicado por la fundaci\u00f3n internacional Aid to the Church in Need (ACN), que encontr\u00f3 que, en 62 pa\u00edses, de un total de 196, se dan violaciones muy graves a la libertad religiosa.<\/p>\n<p>El santo padre subray\u00f3 que los cristianos se ven particularmente afectados por la persecuci\u00f3n religiosa: \u201cJunto a la falta de libertad religiosa est\u00e1 tambi\u00e9n la persecuci\u00f3n por motivos religiosos. No puedo dejar de mencionar, como demuestran algunas estad\u00edsticas, que uno de cada siete cristianos es perseguido.\u201d<\/p>\n<figure id=\"attachment_177526\" aria-describedby=\"caption-attachment-177526\" style=\"width: 670px\" class=\"wp-caption alignnone\"><img loading=\"lazy\" decoding=\"async\" class=\"wp-image-177526 size-full\" src=\"https:\/\/media.acninternational.org\/wp-content\/uploads\/2023\/01\/pequena-15.png\" alt=\"papa francisco libertad religiosa\" width=\"670\" height=\"400\" srcset=\"https:\/\/media.acninternational.org\/wp-content\/uploads\/2023\/01\/pequena-15.png 670w, https:\/\/media.acninternational.org\/wp-content\/uploads\/2023\/01\/pequena-15-300x179.png 300w\" sizes=\"auto, (max-width: 670px) 100vw, 670px\" \/><figcaption id=\"caption-attachment-177526\" class=\"wp-caption-text\">Papa Francisco<\/figcaption><\/figure>\n<p>Sin embargo, continu\u00f3 Francisco, tambi\u00e9n hay problemas en pa\u00edses donde los cristianos son mayor\u00eda; por tanto, deber\u00edan estar a salvo de la intolerancia. \u201cEs importante recordar que la violencia y las discriminaciones contra los cristianos tambi\u00e9n aumentan en pa\u00edses donde estos no son una minor\u00eda. La libertad religiosa tambi\u00e9n est\u00e1 amenazada all\u00ed donde los creyentes ven reducida la posibilidad de expresar sus propias convicciones en el \u00e1mbito de la vida social, en nombre de una mala interpretaci\u00f3n de la inclusi\u00f3n. La libertad religiosa, que no puede reducirse a la mera libertad de culto, es uno de los requisitos m\u00ednimos necesarios para vivir de manera digna\u201d, a\u00f1adi\u00f3.<\/p>\n<p>Esta no es la primera vez que el papa Francisco advierte sobre el peligro de una \u201c<a href=\"https:\/\/acninternational.org\/religiousfreedomreport\/es\/backgrounders\/polite-persecution\/\">persecuci\u00f3n educada<\/a>\u201d disfrazada de modernidad y progreso, que ha crecido y afecta a muchos grupos religiosos.<\/p>\n<p>Francisco pidi\u00f3 a los gobiernos que garanticen la protecci\u00f3n de la libertad religiosa en sus pa\u00edses y que hagan todo lo posible para promoverla en el extranjero, elogiando el hecho de que la Uni\u00f3n Europea, por ejemplo, haya designado un nuevo enviado especial para la libertad religiosa.<\/p>\n<p>\u201cLos gobiernos tienen el deber de proteger este derecho y de garantizar a cada persona, de forma compatible con el bien com\u00fan, la oportunidad de actuar seg\u00fan la propia conciencia tambi\u00e9n en el \u00e1mbito de la vida p\u00fablica y en el ejercicio de la propia profesi\u00f3n\u201d, dijo el santo padre; as\u00ed como expres\u00f3 su esperanza de que el enviado especial para la promoci\u00f3n de la libertad de religi\u00f3n o de creencias fuera de la UE pueda disponer de los recursos y medios necesarios para llevar a cabo adecuadamente su mandato espec\u00edfico.<\/p>\n<p>El papa subray\u00f3 adem\u00e1s que la religi\u00f3n no debe ser vista como una causa de conflicto entre naciones y pueblos, sino como \u201cparte de la soluci\u00f3n para una convivencia m\u00e1s armoniosa\u201d, dijo, citando su propio discurso pronunciado durante su <a href=\"https:\/\/acninternational.org\/es\/el-papa-en-kazajistan\/\">visita a Kazajist\u00e1n<\/a> en 2022.<\/p>\n<p>\u201cCon frecuencia, se quieren atribuir a la religi\u00f3n los diversos conflictos que acompa\u00f1an a la humanidad y a veces no faltan, efectivamente, los deplorables intentos por hacer un uso instrumental de la religi\u00f3n con finalidades meramente pol\u00edticas. Sin embargo, esto es contrario a la perspectiva cristiana, que pone de manifiesto que la ra\u00edz de todo conflicto es el desequilibrio del coraz\u00f3n humano: \u00abPorque es del interior, del coraz\u00f3n de los hombres, de donde provienen las malas intenciones\u00bb (Mc 7,21), como nos recuerda el Evangelio. El cristianismo exhorta a la paz, porque exhorta a la conversi\u00f3n y al ejercicio de la virtud\u201d, agreg\u00f3 el papa.<\/p>\n<p>La promoci\u00f3n de la libertad religiosa en todo el mundo y el seguimiento de las violaciones es una de las misiones de ACN, que publica cada dos a\u00f1os un <a href=\"https:\/\/acninternational.org\/es\/proyectos\/el-informe-de-libertad-religiosa\/\">Informe sobre Libertad Religiosa<\/a> en el mundo. Este informe es el principal proyecto de investigaci\u00f3n de ACN y ha evolucionado considerablemente a lo largo de los a\u00f1os, pasando de ser un peque\u00f1o folleto publicado en italiano en 1999 a convertirse en una publicaci\u00f3n de aproximadamente 800 p\u00e1ginas, producida por un equipo internacional. El pr\u00f3ximo informe se publicar\u00e1 en 2023.<\/p>\n","protected":false},"excerpt":{"rendered":"<p>Durante su discurso a los miembros del cuerpo diplom\u00e1tico, el Papa Francisco  advirti\u00f3 sobre la decreciente libertad religiosa<\/p>\n","protected":false},"author":4258341447,"featured_media":177523,"comment_status":"closed","ping_status":"closed","sticky":false,"template":"","format":"standard","meta":{"_acf_changed":false,"_acn_coauthor_ids":[],"footnotes":""},"categories":[746],"tags":[],"country":[393],"class_list":["post-177623","post","type-post","status-publish","format-standard","has-post-thumbnail","hentry","category-noticias","country-internacional"],"acn_coauthors":[],"acf":[],"yoast_head":"<!-- This site is optimized with the Yoast SEO Premium plugin v27.3 (Yoast SEO v27.3) - https:\/\/yoast.com\/product\/yoast-seo-premium-wordpress\/ -->\n<title>El Papa Francisco habla de la libertad religiosa | ACN International<\/title>\n<meta name=\"description\" content=\"Durante su discurso a los miembros del cuerpo diplom\u00e1tico, el Papa advirti\u00f3 sobre la creciente intolerancia hacia la libertad religiosa.\" \/>\n<meta name=\"robots\" content=\"index, follow, max-snippet:-1, max-image-preview:large, max-video-preview:-1\" \/>\n<link rel=\"canonical\" href=\"https:\/\/acninternational.org\/es\/el-papa-francisco-habla-de-la-libertad-religiosa\/\" \/>\n<meta property=\"og:locale\" content=\"es_ES\" \/>\n<meta property=\"og:type\" content=\"article\" \/>\n<meta property=\"og:title\" content=\"\u201cLa paz tambi\u00e9n exige reconocimiento de libertad religiosa\u201d\" \/>\n<meta property=\"og:description\" content=\"Durante su discurso a los miembros del cuerpo diplom\u00e1tico, el Papa Francisco advirti\u00f3 sobre la decreciente libertad religiosa.\" \/>\n<meta property=\"og:url\" content=\"https:\/\/acninternational.org\/es\/el-papa-francisco-habla-de-la-libertad-religiosa\/\" \/>\n<meta property=\"og:site_name\" content=\"ACN International\" \/>\n<meta property=\"article:publisher\" content=\"https:\/\/www.facebook.com\/acninternationalorg\" \/>\n<meta property=\"article:published_time\" content=\"2023-01-10T13:46:33+00:00\" \/>\n<meta property=\"article:modified_time\" content=\"2023-12-15T04:32:23+00:00\" \/>\n<meta property=\"og:image\" content=\"https:\/\/media.acninternational.org\/wp-content\/uploads\/2023\/01\/grande-10-2.png\" \/>\n\t<meta property=\"og:image:width\" content=\"2000\" \/>\n\t<meta property=\"og:image:height\" content=\"625\" \/>\n\t<meta property=\"og:image:type\" content=\"image\/png\" \/>\n<meta name=\"author\" content=\"ACN Press Team\" \/>\n<meta name=\"twitter:card\" content=\"summary_large_image\" \/>\n<meta name=\"twitter:title\" content=\"\u201cLa paz tambi\u00e9n exige reconocimiento de libertad religiosa\u201d\" \/>\n<meta name=\"twitter:description\" content=\"Durante su discurso a los miembros del cuerpo diplom\u00e1tico, el Papa Francisco advirti\u00f3 sobre la decreciente libertad religiosa.\" \/>\n<meta name=\"twitter:creator\" content=\"@acn_int\" \/>\n<meta name=\"twitter:site\" content=\"@acn_int\" \/>\n<meta name=\"twitter:label1\" content=\"Escrito por\" \/>\n\t<meta name=\"twitter:data1\" content=\"ACN Press Team\" \/>\n\t<meta name=\"twitter:label2\" content=\"Tiempo de lectura\" \/>\n\t<meta name=\"twitter:data2\" content=\"4 minutos\" \/>\n<script type=\"application\/ld+json\" class=\"yoast-schema-graph\">{\"@context\":\"https:\\\/\\\/schema.org\",\"@graph\":[{\"@type\":\"Article\",\"@id\":\"https:\\\/\\\/acninternational.org\\\/es\\\/el-papa-francisco-habla-de-la-libertad-religiosa\\\/#article\",\"isPartOf\":{\"@id\":\"https:\\\/\\\/acninternational.org\\\/es\\\/el-papa-francisco-habla-de-la-libertad-religiosa\\\/\"},\"author\":{\"name\":\"ACN Press Team\",\"@id\":\"https:\\\/\\\/acninternational.org\\\/es\\\/#\\\/schema\\\/person\\\/7f3dafb236b242fb2aa46be1411fd703\"},\"headline\":\"\u201cLa paz tambi\u00e9n exige que se reconozca universalmente la libertad religiosa\u201d, dice el Papa\",\"datePublished\":\"2023-01-10T13:46:33+00:00\",\"dateModified\":\"2023-12-15T04:32:23+00:00\",\"mainEntityOfPage\":{\"@id\":\"https:\\\/\\\/acninternational.org\\\/es\\\/el-papa-francisco-habla-de-la-libertad-religiosa\\\/\"},\"wordCount\":826,\"publisher\":{\"@id\":\"https:\\\/\\\/acninternational.org\\\/es\\\/#organization\"},\"image\":{\"@id\":\"https:\\\/\\\/acninternational.org\\\/es\\\/el-papa-francisco-habla-de-la-libertad-religiosa\\\/#primaryimage\"},\"thumbnailUrl\":\"https:\\\/\\\/media.acninternational.org\\\/wp-content\\\/uploads\\\/2023\\\/01\\\/grande-10-2.png\",\"articleSection\":[\"NOTICIAS\"],\"inLanguage\":\"es\"},{\"@type\":\"WebPage\",\"@id\":\"https:\\\/\\\/acninternational.org\\\/es\\\/el-papa-francisco-habla-de-la-libertad-religiosa\\\/\",\"url\":\"https:\\\/\\\/acninternational.org\\\/es\\\/el-papa-francisco-habla-de-la-libertad-religiosa\\\/\",\"name\":\"El Papa Francisco habla de la libertad religiosa | ACN International\",\"isPartOf\":{\"@id\":\"https:\\\/\\\/acninternational.org\\\/es\\\/#website\"},\"primaryImageOfPage\":{\"@id\":\"https:\\\/\\\/acninternational.org\\\/es\\\/el-papa-francisco-habla-de-la-libertad-religiosa\\\/#primaryimage\"},\"image\":{\"@id\":\"https:\\\/\\\/acninternational.org\\\/es\\\/el-papa-francisco-habla-de-la-libertad-religiosa\\\/#primaryimage\"},\"thumbnailUrl\":\"https:\\\/\\\/media.acninternational.org\\\/wp-content\\\/uploads\\\/2023\\\/01\\\/grande-10-2.png\",\"datePublished\":\"2023-01-10T13:46:33+00:00\",\"dateModified\":\"2023-12-15T04:32:23+00:00\",\"description\":\"Durante su discurso a los miembros del cuerpo diplom\u00e1tico, el Papa advirti\u00f3 sobre la creciente intolerancia hacia la libertad religiosa.\",\"breadcrumb\":{\"@id\":\"https:\\\/\\\/acninternational.org\\\/es\\\/el-papa-francisco-habla-de-la-libertad-religiosa\\\/#breadcrumb\"},\"inLanguage\":\"es\",\"potentialAction\":[{\"@type\":\"ReadAction\",\"target\":[\"https:\\\/\\\/acninternational.org\\\/es\\\/el-papa-francisco-habla-de-la-libertad-religiosa\\\/\"]}]},{\"@type\":\"ImageObject\",\"inLanguage\":\"es\",\"@id\":\"https:\\\/\\\/acninternational.org\\\/es\\\/el-papa-francisco-habla-de-la-libertad-religiosa\\\/#primaryimage\",\"url\":\"https:\\\/\\\/media.acninternational.org\\\/wp-content\\\/uploads\\\/2023\\\/01\\\/grande-10-2.png\",\"contentUrl\":\"https:\\\/\\\/media.acninternational.org\\\/wp-content\\\/uploads\\\/2023\\\/01\\\/grande-10-2.png\",\"width\":2000,\"height\":625,\"caption\":\"papa francisco libertad religiosa\"},{\"@type\":\"BreadcrumbList\",\"@id\":\"https:\\\/\\\/acninternational.org\\\/es\\\/el-papa-francisco-habla-de-la-libertad-religiosa\\\/#breadcrumb\",\"itemListElement\":[{\"@type\":\"ListItem\",\"position\":1,\"name\":\"Home\",\"item\":\"https:\\\/\\\/acninternational.org\\\/es\\\/\"},{\"@type\":\"ListItem\",\"position\":2,\"name\":\"NOTICIAS\",\"item\":\"https:\\\/\\\/acninternational.org\\\/es\\\/category\\\/news-es\\\/\"},{\"@type\":\"ListItem\",\"position\":3,\"name\":\"\u201cLa paz tambi\u00e9n exige que se reconozca universalmente la libertad religiosa\u201d, dice el Papa\"}]},{\"@type\":\"WebSite\",\"@id\":\"https:\\\/\\\/acninternational.org\\\/es\\\/#website\",\"url\":\"https:\\\/\\\/acninternational.org\\\/es\\\/\",\"name\":\"ACN International\",\"description\":\"\",\"publisher\":{\"@id\":\"https:\\\/\\\/acninternational.org\\\/es\\\/#organization\"},\"potentialAction\":[{\"@type\":\"SearchAction\",\"target\":{\"@type\":\"EntryPoint\",\"urlTemplate\":\"https:\\\/\\\/acninternational.org\\\/es\\\/?s={search_term_string}\"},\"query-input\":{\"@type\":\"PropertyValueSpecification\",\"valueRequired\":true,\"valueName\":\"search_term_string\"}}],\"inLanguage\":\"es\"},{\"@type\":\"Organization\",\"@id\":\"https:\\\/\\\/acninternational.org\\\/es\\\/#organization\",\"name\":\"Aid to the Church in Need International\",\"url\":\"https:\\\/\\\/acninternational.org\\\/es\\\/\",\"logo\":{\"@type\":\"ImageObject\",\"inLanguage\":\"es\",\"@id\":\"https:\\\/\\\/acninternational.org\\\/es\\\/#\\\/schema\\\/logo\\\/image\\\/\",\"url\":\"https:\\\/\\\/media.acninternational.org\\\/wp-content\\\/uploads\\\/2019\\\/11\\\/acn_logo_blackvector.svg\",\"contentUrl\":\"https:\\\/\\\/media.acninternational.org\\\/wp-content\\\/uploads\\\/2019\\\/11\\\/acn_logo_blackvector.svg\",\"width\":232.6,\"height\":78,\"caption\":\"Aid to the Church in Need International\"},\"image\":{\"@id\":\"https:\\\/\\\/acninternational.org\\\/es\\\/#\\\/schema\\\/logo\\\/image\\\/\"},\"sameAs\":[\"https:\\\/\\\/www.facebook.com\\\/acninternationalorg\",\"https:\\\/\\\/x.com\\\/acn_int\",\"https:\\\/\\\/www.youtube.com\\\/channel\\\/UCQ-077gS0TnVzkhHmf1opZw\",\"https:\\\/\\\/www.instagram.com\\\/acn_international\\\/\"]},{\"@type\":\"Person\",\"@id\":\"https:\\\/\\\/acninternational.org\\\/es\\\/#\\\/schema\\\/person\\\/7f3dafb236b242fb2aa46be1411fd703\",\"name\":\"ACN Press Team\",\"description\":\"Lorem ipsum dolor sit amet, consectetur adipiscing elit, sed do eiusmod tempor incididunt ut labore et dolore magna aliqua. Ut enim ad minim veniam, quis nostrud exercitation ullamco laboris nisi ut aliquip ex ea commodo consequat.\",\"url\":\"https:\\\/\\\/acninternational.org\\\/es\\\/author\\\/acn-press-team\\\/\"}]}<\/script>\n<!-- \/ Yoast SEO Premium plugin. -->","yoast_head_json":{"title":"El Papa Francisco habla de la libertad religiosa | ACN International","description":"Durante su discurso a los miembros del cuerpo diplom\u00e1tico, el Papa advirti\u00f3 sobre la creciente intolerancia hacia la libertad religiosa.","robots":{"index":"index","follow":"follow","max-snippet":"max-snippet:-1","max-image-preview":"max-image-preview:large","max-video-preview":"max-video-preview:-1"},"canonical":"https:\/\/acninternational.org\/es\/el-papa-francisco-habla-de-la-libertad-religiosa\/","og_locale":"es_ES","og_type":"article","og_title":"\u201cLa paz tambi\u00e9n exige reconocimiento de libertad religiosa\u201d","og_description":"Durante su discurso a los miembros del cuerpo diplom\u00e1tico, el Papa Francisco advirti\u00f3 sobre la decreciente libertad religiosa.","og_url":"https:\/\/acninternational.org\/es\/el-papa-francisco-habla-de-la-libertad-religiosa\/","og_site_name":"ACN International","article_publisher":"https:\/\/www.facebook.com\/acninternationalorg","article_published_time":"2023-01-10T13:46:33+00:00","article_modified_time":"2023-12-15T04:32:23+00:00","og_image":[{"width":2000,"height":625,"url":"https:\/\/media.acninternational.org\/wp-content\/uploads\/2023\/01\/grande-10-2.png","type":"image\/png"}],"author":"ACN Press Team","twitter_card":"summary_large_image","twitter_title":"\u201cLa paz tambi\u00e9n exige reconocimiento de libertad religiosa\u201d","twitter_description":"Durante su discurso a los miembros del cuerpo diplom\u00e1tico, el Papa Francisco advirti\u00f3 sobre la decreciente libertad religiosa.","twitter_creator":"@acn_int","twitter_site":"@acn_int","twitter_misc":{"Escrito por":"ACN Press Team","Tiempo de lectura":"4 minutos"},"schema":{"@context":"https:\/\/schema.org","@graph":[{"@type":"Article","@id":"https:\/\/acninternational.org\/es\/el-papa-francisco-habla-de-la-libertad-religiosa\/#article","isPartOf":{"@id":"https:\/\/acninternational.org\/es\/el-papa-francisco-habla-de-la-libertad-religiosa\/"},"author":{"name":"ACN Press Team","@id":"https:\/\/acninternational.org\/es\/#\/schema\/person\/7f3dafb236b242fb2aa46be1411fd703"},"headline":"\u201cLa paz tambi\u00e9n exige que se reconozca universalmente la libertad religiosa\u201d, dice el Papa","datePublished":"2023-01-10T13:46:33+00:00","dateModified":"2023-12-15T04:32:23+00:00","mainEntityOfPage":{"@id":"https:\/\/acninternational.org\/es\/el-papa-francisco-habla-de-la-libertad-religiosa\/"},"wordCount":826,"publisher":{"@id":"https:\/\/acninternational.org\/es\/#organization"},"image":{"@id":"https:\/\/acninternational.org\/es\/el-papa-francisco-habla-de-la-libertad-religiosa\/#primaryimage"},"thumbnailUrl":"https:\/\/media.acninternational.org\/wp-content\/uploads\/2023\/01\/grande-10-2.png","articleSection":["NOTICIAS"],"inLanguage":"es"},{"@type":"WebPage","@id":"https:\/\/acninternational.org\/es\/el-papa-francisco-habla-de-la-libertad-religiosa\/","url":"https:\/\/acninternational.org\/es\/el-papa-francisco-habla-de-la-libertad-religiosa\/","name":"El Papa Francisco habla de la libertad religiosa | ACN International","isPartOf":{"@id":"https:\/\/acninternational.org\/es\/#website"},"primaryImageOfPage":{"@id":"https:\/\/acninternational.org\/es\/el-papa-francisco-habla-de-la-libertad-religiosa\/#primaryimage"},"image":{"@id":"https:\/\/acninternational.org\/es\/el-papa-francisco-habla-de-la-libertad-religiosa\/#primaryimage"},"thumbnailUrl":"https:\/\/media.acninternational.org\/wp-content\/uploads\/2023\/01\/grande-10-2.png","datePublished":"2023-01-10T13:46:33+00:00","dateModified":"2023-12-15T04:32:23+00:00","description":"Durante su discurso a los miembros del cuerpo diplom\u00e1tico, el Papa advirti\u00f3 sobre la creciente intolerancia hacia la libertad religiosa.","breadcrumb":{"@id":"https:\/\/acninternational.org\/es\/el-papa-francisco-habla-de-la-libertad-religiosa\/#breadcrumb"},"inLanguage":"es","potentialAction":[{"@type":"ReadAction","target":["https:\/\/acninternational.org\/es\/el-papa-francisco-habla-de-la-libertad-religiosa\/"]}]},{"@type":"ImageObject","inLanguage":"es","@id":"https:\/\/acninternational.org\/es\/el-papa-francisco-habla-de-la-libertad-religiosa\/#primaryimage","url":"https:\/\/media.acninternational.org\/wp-content\/uploads\/2023\/01\/grande-10-2.png","contentUrl":"https:\/\/media.acninternational.org\/wp-content\/uploads\/2023\/01\/grande-10-2.png","width":2000,"height":625,"caption":"papa francisco libertad religiosa"},{"@type":"BreadcrumbList","@id":"https:\/\/acninternational.org\/es\/el-papa-francisco-habla-de-la-libertad-religiosa\/#breadcrumb","itemListElement":[{"@type":"ListItem","position":1,"name":"Home","item":"https:\/\/acninternational.org\/es\/"},{"@type":"ListItem","position":2,"name":"NOTICIAS","item":"https:\/\/acninternational.org\/es\/category\/news-es\/"},{"@type":"ListItem","position":3,"name":"\u201cLa paz tambi\u00e9n exige que se reconozca universalmente la libertad religiosa\u201d, dice el Papa"}]},{"@type":"WebSite","@id":"https:\/\/acninternational.org\/es\/#website","url":"https:\/\/acninternational.org\/es\/","name":"ACN International","description":"","publisher":{"@id":"https:\/\/acninternational.org\/es\/#organization"},"potentialAction":[{"@type":"SearchAction","target":{"@type":"EntryPoint","urlTemplate":"https:\/\/acninternational.org\/es\/?s={search_term_string}"},"query-input":{"@type":"PropertyValueSpecification","valueRequired":true,"valueName":"search_term_string"}}],"inLanguage":"es"},{"@type":"Organization","@id":"https:\/\/acninternational.org\/es\/#organization","name":"Aid to the Church in Need International","url":"https:\/\/acninternational.org\/es\/","logo":{"@type":"ImageObject","inLanguage":"es","@id":"https:\/\/acninternational.org\/es\/#\/schema\/logo\/image\/","url":"https:\/\/media.acninternational.org\/wp-content\/uploads\/2019\/11\/acn_logo_blackvector.svg","contentUrl":"https:\/\/media.acninternational.org\/wp-content\/uploads\/2019\/11\/acn_logo_blackvector.svg","width":232.6,"height":78,"caption":"Aid to the Church in Need International"},"image":{"@id":"https:\/\/acninternational.org\/es\/#\/schema\/logo\/image\/"},"sameAs":["https:\/\/www.facebook.com\/acninternationalorg","https:\/\/x.com\/acn_int","https:\/\/www.youtube.com\/channel\/UCQ-077gS0TnVzkhHmf1opZw","https:\/\/www.instagram.com\/acn_international\/"]},{"@type":"Person","@id":"https:\/\/acninternational.org\/es\/#\/schema\/person\/7f3dafb236b242fb2aa46be1411fd703","name":"ACN Press Team","description":"Lorem ipsum dolor sit amet, consectetur adipiscing elit, sed do eiusmod tempor incididunt ut labore et dolore magna aliqua. Ut enim ad minim veniam, quis nostrud exercitation ullamco laboris nisi ut aliquip ex ea commodo consequat.","url":"https:\/\/acninternational.org\/es\/author\/acn-press-team\/"}]}},"_links":{"self":[{"href":"https:\/\/acninternational.org\/es\/wp-json\/wp\/v2\/posts\/177623","targetHints":{"allow":["GET"]}}],"collection":[{"href":"https:\/\/acninternational.org\/es\/wp-json\/wp\/v2\/posts"}],"about":[{"href":"https:\/\/acninternational.org\/es\/wp-json\/wp\/v2\/types\/post"}],"author":[{"embeddable":true,"href":"https:\/\/acninternational.org\/es\/wp-json\/wp\/v2\/users\/4258341447"}],"replies":[{"embeddable":true,"href":"https:\/\/acninternational.org\/es\/wp-json\/wp\/v2\/comments?post=177623"}],"version-history":[{"count":0,"href":"https:\/\/acninternational.org\/es\/wp-json\/wp\/v2\/posts\/177623\/revisions"}],"wp:featuredmedia":[{"embeddable":true,"href":"https:\/\/acninternational.org\/es\/wp-json\/wp\/v2\/media\/177523"}],"wp:attachment":[{"href":"https:\/\/acninternational.org\/es\/wp-json\/wp\/v2\/media?parent=177623"}],"wp:term":[{"taxonomy":"category","embeddable":true,"href":"https:\/\/acninternational.org\/es\/wp-json\/wp\/v2\/categories?post=177623"},{"taxonomy":"post_tag","embeddable":true,"href":"https:\/\/acninternational.org\/es\/wp-json\/wp\/v2\/tags?post=177623"},{"taxonomy":"country","embeddable":true,"href":"https:\/\/acninternational.org\/es\/wp-json\/wp\/v2\/country?post=177623"}],"curies":[{"name":"wp","href":"https:\/\/api.w.org\/{rel}","templated":true}]}}