{"id":176517,"date":"2022-11-28T15:45:40","date_gmt":"2022-11-28T14:45:40","guid":{"rendered":"https:\/\/acninternational.org\/?p=176517"},"modified":"2024-07-18T05:44:04","modified_gmt":"2024-07-18T03:44:04","slug":"sacerdotes-catolicos-detenidos-en-ucrania","status":"publish","type":"post","link":"https:\/\/acninternational.org\/es\/sacerdotes-catolicos-detenidos-en-ucrania\/","title":{"rendered":"Dos sacerdotes cat\u00f3licos detenidos por la milicia rusa en Donetsk"},"content":{"rendered":"<p>Con profunda consternaci\u00f3n la fundaci\u00f3n internacional Aid to the Church in Need (ACN) ha tenido conocimiento de la detenci\u00f3n de dos sacerdotes que ejerc\u00edan su ministerio en la ciudad portuaria de Berdiansk en el sureste de Ucrania, ocupada por Rusia desde febrero de 2022.<\/p>\n<p>Los sacerdotes redentoristas detenidos por la milicia rusa estaban brindando atenci\u00f3n pastoral a las parroquias greco-cat\u00f3lica y cat\u00f3lica de rito latino y son de los pocos que se han quedado en los territorios ocupados por Rusia.<\/p>\n<p>Seg\u00fan un comunicado oficial enviado a ACN, firmado por Mons. Stepan Meniok, obispo del exarcado de Donetsk de la Iglesia cat\u00f3lica griega ucraniana, la detenci\u00f3n fue \u201cinfundada e ilegal\u201d.<\/p>\n<figure id=\"attachment_176504\" aria-describedby=\"caption-attachment-176504\" style=\"width: 670px\" class=\"wp-caption alignnone\"><img loading=\"lazy\" decoding=\"async\" class=\"wp-image-176504 size-full\" src=\"https:\/\/media.acninternational.org\/wp-content\/uploads\/2022\/11\/pequena-4.png\" alt=\"sacerdotes cat\u00f3licos detenidos en Ucrania\" width=\"670\" height=\"400\" srcset=\"https:\/\/media.acninternational.org\/wp-content\/uploads\/2022\/11\/pequena-4.png 670w, https:\/\/media.acninternational.org\/wp-content\/uploads\/2022\/11\/pequena-4-300x179.png 300w\" sizes=\"auto, (max-width: 670px) 100vw, 670px\" \/><figcaption id=\"caption-attachment-176504\" class=\"wp-caption-text\">El obispo Menok en el interior de la iglesia episcopal de Donetsk<\/figcaption><\/figure>\n<p>El padre Ivan Levitskyi C.SS.R., p\u00e1rroco de la iglesia de la Natividad de la virgen Mar\u00eda en la ciudad de Berdiansk, y el padre Bohdan Heleta C.SS.R., capell\u00e1n de la misma iglesia, habr\u00edan sido encarcelados por la administraci\u00f3n rusa en un centro de detenci\u00f3n preventiva de Berdiansk acusados de preparar un acto terrorista.<\/p>\n<p>El comunicado enviado a ACN denuncia que la acusaci\u00f3n de posesi\u00f3n de armas y explosivos por parte de los sacerdotes es falsa y afirma que ha sido una maniobra organizada por razones propagand\u00edsticas.<\/p>\n<p>\u201cLos sacerdotes llevan m\u00e1s de tres a\u00f1os en el ministerio sacerdotal y desarrollan leg\u00edtimamente su actividad pastoral en la parroquia local, anunciando un mensaje de paz para todos\u201d, explica monse\u00f1or Meniok.<\/p>\n<p>\u201cEn el momento del registro de la iglesia, de la casa cural y de los locales t\u00e9cnicos de la parroquia, ambos sacerdotes se encontraban ya bajo custodia, lo cual quiere decir que ellos ya no ten\u00edan ning\u00fan tipo de control sobre las instalaciones, ni de las acciones de la Rosguard [Guardi Nacional Rusa]\u201d, se\u00f1ala adem\u00e1s el obispo en su carta.<\/p>\n<figure id=\"attachment_176510\" aria-describedby=\"caption-attachment-176510\" style=\"width: 670px\" class=\"wp-caption alignnone\"><img loading=\"lazy\" decoding=\"async\" class=\"wp-image-176510 size-full\" src=\"https:\/\/media.acninternational.org\/wp-content\/uploads\/2022\/11\/pequena-5.png\" alt=\"sacerdotes cat\u00f3licos detenidos en Ucrania\" width=\"670\" height=\"400\" srcset=\"https:\/\/media.acninternational.org\/wp-content\/uploads\/2022\/11\/pequena-5.png 670w, https:\/\/media.acninternational.org\/wp-content\/uploads\/2022\/11\/pequena-5-300x179.png 300w\" sizes=\"auto, (max-width: 670px) 100vw, 670px\" \/><figcaption id=\"caption-attachment-176510\" class=\"wp-caption-text\">Ni\u00f1os rezando el Rosario por la paz en F\u00e1tima<\/figcaption><\/figure>\n<p>ACN sigue con gran preocupaci\u00f3n estos tristes acontecimientos, ante las reiteradas noticias sobre el desprecio de los principios b\u00e1sicos de los derechos humanos por parte de los servicios especiales rusos, que han sido los que han detenido a los religiosos.<\/p>\n<p>\u201cHacemos un llamamiento para que la informaci\u00f3n sea ampliamente difundida, con el fin de liberar a los capellanes encarcelados. Hacemos un llamamiento a las autoridades y a todas las personas de buena voluntad para que se unan a la causa de la liberaci\u00f3n de los sacerdotes, as\u00ed como para que se incremente la oraci\u00f3n\u201d, apela el obispo en el comunicado.<\/p>\n<p>Siguiendo esta petici\u00f3n, ACN pide a todos los benefactores y amigos que recen por la pronta liberaci\u00f3n del padre Ivan Levytsky y del padre Bohdan Heletta, as\u00ed como por la garant\u00eda de que puedan seguir atendiendo sin impedimentos las necesidades espirituales de los fieles cat\u00f3licos que viven en Berdiansk.<\/p>\n","protected":false},"excerpt":{"rendered":"<p>Los sacerdotes Redentoristas detenidos por la milicia rusa prestaron atenci\u00f3n pastoral en los territorios ocupados por Rusia<\/p>\n","protected":false},"author":4258341447,"featured_media":176578,"comment_status":"closed","ping_status":"closed","sticky":false,"template":"","format":"standard","meta":{"_acf_changed":false,"_acn_coauthor_ids":[],"footnotes":""},"categories":[746,1254],"tags":[],"country":[426],"class_list":["post-176517","post","type-post","status-publish","format-standard","has-post-thumbnail","hentry","category-noticias","category-news-es","country-ucrania"],"acn_coauthors":[],"acf":[],"yoast_head":"<!-- This site is optimized with the Yoast SEO Premium plugin v27.3 (Yoast SEO v27.3) - https:\/\/yoast.com\/product\/yoast-seo-premium-wordpress\/ -->\n<title>Sacerdotes cat\u00f3licos detenidos en Ucrania | ACN International<\/title>\n<meta name=\"description\" content=\"Los sacerdotes Redentoristas detenidos por la milicia rusa prestaron atenci\u00f3n pastoral en los territorios ocupados por Rusia\" \/>\n<meta name=\"robots\" content=\"index, follow, max-snippet:-1, max-image-preview:large, max-video-preview:-1\" \/>\n<link rel=\"canonical\" href=\"https:\/\/acninternational.org\/es\/sacerdotes-catolicos-detenidos-en-ucrania\/\" \/>\n<meta property=\"og:locale\" content=\"es_ES\" \/>\n<meta property=\"og:type\" content=\"article\" \/>\n<meta property=\"og:title\" content=\"Sacerdotes cat\u00f3licos detenidos en Ucrania\" \/>\n<meta property=\"og:description\" content=\"Los sacerdotes Redentoristas detenidos por la milicia rusa prestaron atenci\u00f3n pastoral en los territorios ocupados por Rusia\" \/>\n<meta property=\"og:url\" content=\"https:\/\/acninternational.org\/es\/sacerdotes-catolicos-detenidos-en-ucrania\/\" \/>\n<meta property=\"og:site_name\" content=\"ACN International\" \/>\n<meta property=\"article:publisher\" content=\"https:\/\/www.facebook.com\/acninternationalorg\" \/>\n<meta property=\"article:published_time\" content=\"2022-11-28T14:45:40+00:00\" \/>\n<meta property=\"article:modified_time\" content=\"2024-07-18T03:44:04+00:00\" \/>\n<meta property=\"og:image\" content=\"https:\/\/media.acninternational.org\/wp-content\/uploads\/2022\/11\/heading-2-1.jpeg\" \/>\n\t<meta property=\"og:image:width\" content=\"2000\" \/>\n\t<meta property=\"og:image:height\" content=\"625\" \/>\n\t<meta property=\"og:image:type\" content=\"image\/jpeg\" \/>\n<meta name=\"author\" content=\"ACN Press Team\" \/>\n<meta name=\"twitter:card\" content=\"summary_large_image\" \/>\n<meta name=\"twitter:title\" content=\"Sacerdotes cat\u00f3licos detenidos en Ucrania\" \/>\n<meta name=\"twitter:description\" content=\"Los sacerdotes Redentoristas detenidos por la milicia rusa prestaron atenci\u00f3n pastoral en los territorios ocupados por Rusia\" \/>\n<meta name=\"twitter:creator\" content=\"@acn_int\" \/>\n<meta name=\"twitter:site\" content=\"@acn_int\" \/>\n<meta name=\"twitter:label1\" content=\"Escrito por\" \/>\n\t<meta name=\"twitter:data1\" content=\"ACN Press Team\" \/>\n\t<meta name=\"twitter:label2\" content=\"Tiempo de lectura\" \/>\n\t<meta name=\"twitter:data2\" content=\"3 minutos\" \/>\n<script type=\"application\/ld+json\" class=\"yoast-schema-graph\">{\"@context\":\"https:\\\/\\\/schema.org\",\"@graph\":[{\"@type\":\"Article\",\"@id\":\"https:\\\/\\\/acninternational.org\\\/es\\\/sacerdotes-catolicos-detenidos-en-ucrania\\\/#article\",\"isPartOf\":{\"@id\":\"https:\\\/\\\/acninternational.org\\\/es\\\/sacerdotes-catolicos-detenidos-en-ucrania\\\/\"},\"author\":{\"name\":\"ACN Press Team\",\"@id\":\"https:\\\/\\\/acninternational.org\\\/es\\\/#\\\/schema\\\/person\\\/7f3dafb236b242fb2aa46be1411fd703\"},\"headline\":\"Dos sacerdotes cat\u00f3licos detenidos por la milicia rusa en Donetsk\",\"datePublished\":\"2022-11-28T14:45:40+00:00\",\"dateModified\":\"2024-07-18T03:44:04+00:00\",\"mainEntityOfPage\":{\"@id\":\"https:\\\/\\\/acninternational.org\\\/es\\\/sacerdotes-catolicos-detenidos-en-ucrania\\\/\"},\"wordCount\":523,\"publisher\":{\"@id\":\"https:\\\/\\\/acninternational.org\\\/es\\\/#organization\"},\"image\":{\"@id\":\"https:\\\/\\\/acninternational.org\\\/es\\\/sacerdotes-catolicos-detenidos-en-ucrania\\\/#primaryimage\"},\"thumbnailUrl\":\"https:\\\/\\\/media.acninternational.org\\\/wp-content\\\/uploads\\\/2022\\\/11\\\/heading-2-1.jpeg\",\"articleSection\":[\"NOTICIAS\",\"NOTICIAS\"],\"inLanguage\":\"es\"},{\"@type\":\"WebPage\",\"@id\":\"https:\\\/\\\/acninternational.org\\\/es\\\/sacerdotes-catolicos-detenidos-en-ucrania\\\/\",\"url\":\"https:\\\/\\\/acninternational.org\\\/es\\\/sacerdotes-catolicos-detenidos-en-ucrania\\\/\",\"name\":\"Sacerdotes cat\u00f3licos detenidos en Ucrania | ACN International\",\"isPartOf\":{\"@id\":\"https:\\\/\\\/acninternational.org\\\/es\\\/#website\"},\"primaryImageOfPage\":{\"@id\":\"https:\\\/\\\/acninternational.org\\\/es\\\/sacerdotes-catolicos-detenidos-en-ucrania\\\/#primaryimage\"},\"image\":{\"@id\":\"https:\\\/\\\/acninternational.org\\\/es\\\/sacerdotes-catolicos-detenidos-en-ucrania\\\/#primaryimage\"},\"thumbnailUrl\":\"https:\\\/\\\/media.acninternational.org\\\/wp-content\\\/uploads\\\/2022\\\/11\\\/heading-2-1.jpeg\",\"datePublished\":\"2022-11-28T14:45:40+00:00\",\"dateModified\":\"2024-07-18T03:44:04+00:00\",\"description\":\"Los sacerdotes Redentoristas detenidos por la milicia rusa prestaron atenci\u00f3n pastoral en los territorios ocupados por Rusia\",\"breadcrumb\":{\"@id\":\"https:\\\/\\\/acninternational.org\\\/es\\\/sacerdotes-catolicos-detenidos-en-ucrania\\\/#breadcrumb\"},\"inLanguage\":\"es\",\"potentialAction\":[{\"@type\":\"ReadAction\",\"target\":[\"https:\\\/\\\/acninternational.org\\\/es\\\/sacerdotes-catolicos-detenidos-en-ucrania\\\/\"]}]},{\"@type\":\"ImageObject\",\"inLanguage\":\"es\",\"@id\":\"https:\\\/\\\/acninternational.org\\\/es\\\/sacerdotes-catolicos-detenidos-en-ucrania\\\/#primaryimage\",\"url\":\"https:\\\/\\\/media.acninternational.org\\\/wp-content\\\/uploads\\\/2022\\\/11\\\/heading-2-1.jpeg\",\"contentUrl\":\"https:\\\/\\\/media.acninternational.org\\\/wp-content\\\/uploads\\\/2022\\\/11\\\/heading-2-1.jpeg\",\"width\":2000,\"height\":625,\"caption\":\"sacerdotes cat\u00f3licos detenidos en Ucrania\"},{\"@type\":\"BreadcrumbList\",\"@id\":\"https:\\\/\\\/acninternational.org\\\/es\\\/sacerdotes-catolicos-detenidos-en-ucrania\\\/#breadcrumb\",\"itemListElement\":[{\"@type\":\"ListItem\",\"position\":1,\"name\":\"Home\",\"item\":\"https:\\\/\\\/acninternational.org\\\/es\\\/\"},{\"@type\":\"ListItem\",\"position\":2,\"name\":\"NOTICIAS\",\"item\":\"https:\\\/\\\/acninternational.org\\\/es\\\/category\\\/news-es\\\/\"},{\"@type\":\"ListItem\",\"position\":3,\"name\":\"Dos sacerdotes cat\u00f3licos detenidos por la milicia rusa en Donetsk\"}]},{\"@type\":\"WebSite\",\"@id\":\"https:\\\/\\\/acninternational.org\\\/es\\\/#website\",\"url\":\"https:\\\/\\\/acninternational.org\\\/es\\\/\",\"name\":\"ACN International\",\"description\":\"\",\"publisher\":{\"@id\":\"https:\\\/\\\/acninternational.org\\\/es\\\/#organization\"},\"potentialAction\":[{\"@type\":\"SearchAction\",\"target\":{\"@type\":\"EntryPoint\",\"urlTemplate\":\"https:\\\/\\\/acninternational.org\\\/es\\\/?s={search_term_string}\"},\"query-input\":{\"@type\":\"PropertyValueSpecification\",\"valueRequired\":true,\"valueName\":\"search_term_string\"}}],\"inLanguage\":\"es\"},{\"@type\":\"Organization\",\"@id\":\"https:\\\/\\\/acninternational.org\\\/es\\\/#organization\",\"name\":\"Aid to the Church in Need International\",\"url\":\"https:\\\/\\\/acninternational.org\\\/es\\\/\",\"logo\":{\"@type\":\"ImageObject\",\"inLanguage\":\"es\",\"@id\":\"https:\\\/\\\/acninternational.org\\\/es\\\/#\\\/schema\\\/logo\\\/image\\\/\",\"url\":\"https:\\\/\\\/media.acninternational.org\\\/wp-content\\\/uploads\\\/2019\\\/11\\\/acn_logo_blackvector.svg\",\"contentUrl\":\"https:\\\/\\\/media.acninternational.org\\\/wp-content\\\/uploads\\\/2019\\\/11\\\/acn_logo_blackvector.svg\",\"width\":232.6,\"height\":78,\"caption\":\"Aid to the Church in Need International\"},\"image\":{\"@id\":\"https:\\\/\\\/acninternational.org\\\/es\\\/#\\\/schema\\\/logo\\\/image\\\/\"},\"sameAs\":[\"https:\\\/\\\/www.facebook.com\\\/acninternationalorg\",\"https:\\\/\\\/x.com\\\/acn_int\",\"https:\\\/\\\/www.youtube.com\\\/channel\\\/UCQ-077gS0TnVzkhHmf1opZw\",\"https:\\\/\\\/www.instagram.com\\\/acn_international\\\/\"]},{\"@type\":\"Person\",\"@id\":\"https:\\\/\\\/acninternational.org\\\/es\\\/#\\\/schema\\\/person\\\/7f3dafb236b242fb2aa46be1411fd703\",\"name\":\"ACN Press Team\",\"description\":\"Lorem ipsum dolor sit amet, consectetur adipiscing elit, sed do eiusmod tempor incididunt ut labore et dolore magna aliqua. Ut enim ad minim veniam, quis nostrud exercitation ullamco laboris nisi ut aliquip ex ea commodo consequat.\",\"url\":\"https:\\\/\\\/acninternational.org\\\/es\\\/author\\\/acn-press-team\\\/\"}]}<\/script>\n<!-- \/ Yoast SEO Premium plugin. -->","yoast_head_json":{"title":"Sacerdotes cat\u00f3licos detenidos en Ucrania | ACN International","description":"Los sacerdotes Redentoristas detenidos por la milicia rusa prestaron atenci\u00f3n pastoral en los territorios ocupados por Rusia","robots":{"index":"index","follow":"follow","max-snippet":"max-snippet:-1","max-image-preview":"max-image-preview:large","max-video-preview":"max-video-preview:-1"},"canonical":"https:\/\/acninternational.org\/es\/sacerdotes-catolicos-detenidos-en-ucrania\/","og_locale":"es_ES","og_type":"article","og_title":"Sacerdotes cat\u00f3licos detenidos en Ucrania","og_description":"Los sacerdotes Redentoristas detenidos por la milicia rusa prestaron atenci\u00f3n pastoral en los territorios ocupados por Rusia","og_url":"https:\/\/acninternational.org\/es\/sacerdotes-catolicos-detenidos-en-ucrania\/","og_site_name":"ACN International","article_publisher":"https:\/\/www.facebook.com\/acninternationalorg","article_published_time":"2022-11-28T14:45:40+00:00","article_modified_time":"2024-07-18T03:44:04+00:00","og_image":[{"width":2000,"height":625,"url":"https:\/\/media.acninternational.org\/wp-content\/uploads\/2022\/11\/heading-2-1.jpeg","type":"image\/jpeg"}],"author":"ACN Press Team","twitter_card":"summary_large_image","twitter_title":"Sacerdotes cat\u00f3licos detenidos en Ucrania","twitter_description":"Los sacerdotes Redentoristas detenidos por la milicia rusa prestaron atenci\u00f3n pastoral en los territorios ocupados por Rusia","twitter_creator":"@acn_int","twitter_site":"@acn_int","twitter_misc":{"Escrito por":"ACN Press Team","Tiempo de lectura":"3 minutos"},"schema":{"@context":"https:\/\/schema.org","@graph":[{"@type":"Article","@id":"https:\/\/acninternational.org\/es\/sacerdotes-catolicos-detenidos-en-ucrania\/#article","isPartOf":{"@id":"https:\/\/acninternational.org\/es\/sacerdotes-catolicos-detenidos-en-ucrania\/"},"author":{"name":"ACN Press Team","@id":"https:\/\/acninternational.org\/es\/#\/schema\/person\/7f3dafb236b242fb2aa46be1411fd703"},"headline":"Dos sacerdotes cat\u00f3licos detenidos por la milicia rusa en Donetsk","datePublished":"2022-11-28T14:45:40+00:00","dateModified":"2024-07-18T03:44:04+00:00","mainEntityOfPage":{"@id":"https:\/\/acninternational.org\/es\/sacerdotes-catolicos-detenidos-en-ucrania\/"},"wordCount":523,"publisher":{"@id":"https:\/\/acninternational.org\/es\/#organization"},"image":{"@id":"https:\/\/acninternational.org\/es\/sacerdotes-catolicos-detenidos-en-ucrania\/#primaryimage"},"thumbnailUrl":"https:\/\/media.acninternational.org\/wp-content\/uploads\/2022\/11\/heading-2-1.jpeg","articleSection":["NOTICIAS","NOTICIAS"],"inLanguage":"es"},{"@type":"WebPage","@id":"https:\/\/acninternational.org\/es\/sacerdotes-catolicos-detenidos-en-ucrania\/","url":"https:\/\/acninternational.org\/es\/sacerdotes-catolicos-detenidos-en-ucrania\/","name":"Sacerdotes cat\u00f3licos detenidos en Ucrania | ACN International","isPartOf":{"@id":"https:\/\/acninternational.org\/es\/#website"},"primaryImageOfPage":{"@id":"https:\/\/acninternational.org\/es\/sacerdotes-catolicos-detenidos-en-ucrania\/#primaryimage"},"image":{"@id":"https:\/\/acninternational.org\/es\/sacerdotes-catolicos-detenidos-en-ucrania\/#primaryimage"},"thumbnailUrl":"https:\/\/media.acninternational.org\/wp-content\/uploads\/2022\/11\/heading-2-1.jpeg","datePublished":"2022-11-28T14:45:40+00:00","dateModified":"2024-07-18T03:44:04+00:00","description":"Los sacerdotes Redentoristas detenidos por la milicia rusa prestaron atenci\u00f3n pastoral en los territorios ocupados por Rusia","breadcrumb":{"@id":"https:\/\/acninternational.org\/es\/sacerdotes-catolicos-detenidos-en-ucrania\/#breadcrumb"},"inLanguage":"es","potentialAction":[{"@type":"ReadAction","target":["https:\/\/acninternational.org\/es\/sacerdotes-catolicos-detenidos-en-ucrania\/"]}]},{"@type":"ImageObject","inLanguage":"es","@id":"https:\/\/acninternational.org\/es\/sacerdotes-catolicos-detenidos-en-ucrania\/#primaryimage","url":"https:\/\/media.acninternational.org\/wp-content\/uploads\/2022\/11\/heading-2-1.jpeg","contentUrl":"https:\/\/media.acninternational.org\/wp-content\/uploads\/2022\/11\/heading-2-1.jpeg","width":2000,"height":625,"caption":"sacerdotes cat\u00f3licos detenidos en Ucrania"},{"@type":"BreadcrumbList","@id":"https:\/\/acninternational.org\/es\/sacerdotes-catolicos-detenidos-en-ucrania\/#breadcrumb","itemListElement":[{"@type":"ListItem","position":1,"name":"Home","item":"https:\/\/acninternational.org\/es\/"},{"@type":"ListItem","position":2,"name":"NOTICIAS","item":"https:\/\/acninternational.org\/es\/category\/news-es\/"},{"@type":"ListItem","position":3,"name":"Dos sacerdotes cat\u00f3licos detenidos por la milicia rusa en Donetsk"}]},{"@type":"WebSite","@id":"https:\/\/acninternational.org\/es\/#website","url":"https:\/\/acninternational.org\/es\/","name":"ACN International","description":"","publisher":{"@id":"https:\/\/acninternational.org\/es\/#organization"},"potentialAction":[{"@type":"SearchAction","target":{"@type":"EntryPoint","urlTemplate":"https:\/\/acninternational.org\/es\/?s={search_term_string}"},"query-input":{"@type":"PropertyValueSpecification","valueRequired":true,"valueName":"search_term_string"}}],"inLanguage":"es"},{"@type":"Organization","@id":"https:\/\/acninternational.org\/es\/#organization","name":"Aid to the Church in Need International","url":"https:\/\/acninternational.org\/es\/","logo":{"@type":"ImageObject","inLanguage":"es","@id":"https:\/\/acninternational.org\/es\/#\/schema\/logo\/image\/","url":"https:\/\/media.acninternational.org\/wp-content\/uploads\/2019\/11\/acn_logo_blackvector.svg","contentUrl":"https:\/\/media.acninternational.org\/wp-content\/uploads\/2019\/11\/acn_logo_blackvector.svg","width":232.6,"height":78,"caption":"Aid to the Church in Need International"},"image":{"@id":"https:\/\/acninternational.org\/es\/#\/schema\/logo\/image\/"},"sameAs":["https:\/\/www.facebook.com\/acninternationalorg","https:\/\/x.com\/acn_int","https:\/\/www.youtube.com\/channel\/UCQ-077gS0TnVzkhHmf1opZw","https:\/\/www.instagram.com\/acn_international\/"]},{"@type":"Person","@id":"https:\/\/acninternational.org\/es\/#\/schema\/person\/7f3dafb236b242fb2aa46be1411fd703","name":"ACN Press Team","description":"Lorem ipsum dolor sit amet, consectetur adipiscing elit, sed do eiusmod tempor incididunt ut labore et dolore magna aliqua. Ut enim ad minim veniam, quis nostrud exercitation ullamco laboris nisi ut aliquip ex ea commodo consequat.","url":"https:\/\/acninternational.org\/es\/author\/acn-press-team\/"}]}},"_links":{"self":[{"href":"https:\/\/acninternational.org\/es\/wp-json\/wp\/v2\/posts\/176517","targetHints":{"allow":["GET"]}}],"collection":[{"href":"https:\/\/acninternational.org\/es\/wp-json\/wp\/v2\/posts"}],"about":[{"href":"https:\/\/acninternational.org\/es\/wp-json\/wp\/v2\/types\/post"}],"author":[{"embeddable":true,"href":"https:\/\/acninternational.org\/es\/wp-json\/wp\/v2\/users\/4258341447"}],"replies":[{"embeddable":true,"href":"https:\/\/acninternational.org\/es\/wp-json\/wp\/v2\/comments?post=176517"}],"version-history":[{"count":0,"href":"https:\/\/acninternational.org\/es\/wp-json\/wp\/v2\/posts\/176517\/revisions"}],"wp:featuredmedia":[{"embeddable":true,"href":"https:\/\/acninternational.org\/es\/wp-json\/wp\/v2\/media\/176578"}],"wp:attachment":[{"href":"https:\/\/acninternational.org\/es\/wp-json\/wp\/v2\/media?parent=176517"}],"wp:term":[{"taxonomy":"category","embeddable":true,"href":"https:\/\/acninternational.org\/es\/wp-json\/wp\/v2\/categories?post=176517"},{"taxonomy":"post_tag","embeddable":true,"href":"https:\/\/acninternational.org\/es\/wp-json\/wp\/v2\/tags?post=176517"},{"taxonomy":"country","embeddable":true,"href":"https:\/\/acninternational.org\/es\/wp-json\/wp\/v2\/country?post=176517"}],"curies":[{"name":"wp","href":"https:\/\/api.w.org\/{rel}","templated":true}]}}