{"id":175537,"date":"2022-10-28T10:33:01","date_gmt":"2022-10-28T08:33:01","guid":{"rendered":"https:\/\/acninternational.org\/?p=175537"},"modified":"2025-11-28T11:24:07","modified_gmt":"2025-11-28T10:24:07","slug":"el-papa-francisco-visitara-bahrein","status":"publish","type":"post","link":"https:\/\/acninternational.org\/es\/el-papa-francisco-visitara-bahrein\/","title":{"rendered":"Obispo de Arabia: \u201cSi las dos principales religiones monote\u00edstas no pueden encontrar alg\u00fan tipo de entendimiento, el mundo est\u00e1 en riesgo\u201d"},"content":{"rendered":"<p><em>El obispo Paul Hinder, l\u00edder cat\u00f3lico de la Iglesia en el norte de Arabia, dice que el Papa ser\u00e1 recibido cuando viaje a Bahrein la pr\u00f3xima semana por una comunidad cat\u00f3lica muy viva, compuesta principalmente por trabajadores inmigrantes.<\/em><\/p>\n<p>El papa Francisco viajar\u00e1 a Bahrein del 3 al 6 de noviembre para visitar a la poblaci\u00f3n cristiana local, pero seg\u00fan Mons. Paul Hinder, actual administrador apost\u00f3lico para el norte de Arabia y experto en temas interreligiosos, el objetivo principal de su viaje es desarrollar a\u00fan m\u00e1s el di\u00e1logo con el mundo musulm\u00e1n.<\/p>\n<p>Durante una conferencia organizada por Aid to the Church in Need (ACN), el obispo capuchino, nacido en Suiza, subray\u00f3 que esta visita, durante la cual Francisco asistir\u00e1 al \u00abForo de Bahrein para el di\u00e1logo\u00bb, debe verse como una continuaci\u00f3n de los viajes anteriores del santo padre a otros pa\u00edses de mayor\u00eda musulmana: \u00abEl Papa no est\u00e1 inventando nada nuevo, hay una continuidad en sus objetivos desde su viaje anterior a Abu Dhabi. Ya ha visitado varios pa\u00edses musulmanes, siempre con el mismo prop\u00f3sito: encontrar una plataforma donde, sin comprometer nuestras creencias, podamos formar comunidades constructivas positivas para construir el futuro y contribuir a salvar el mundo.\u00bb<\/p>\n<p>Seg\u00fan el administrador apost\u00f3lico del vicariato del norte de Arabia, lo que cristianos y musulmanes quieren es una conversaci\u00f3n abierta y honesta que respete las diferencias. \u00abEl di\u00e1logo a nivel intelectual o teol\u00f3gico no es f\u00e1cil, porque es dif\u00edcil encontrar un lenguaje com\u00fan. \u00bfC\u00f3mo podemos avanzar y crear una base, sin renunciar a nuestra identidad? Nadie est\u00e1 interesado en una s\u00edntesis que sea mitad musulmana, mitad cristiana. Queremos permanecer fieles a nuestras tradiciones, pero podemos hacer m\u00e1s para abordar cuestiones vitales que afectan a toda la humanidad. Y lo hacemos como creyentes en un solo Dios, el creador del cielo y la tierra, ante quien todos somos responsables, musulmanes o cristianos. \u00bb<\/p>\n<figure id=\"attachment_175511\" aria-describedby=\"caption-attachment-175511\" style=\"width: 670px\" class=\"wp-caption alignnone\"><img loading=\"lazy\" decoding=\"async\" class=\"wp-image-175511 size-full\" src=\"https:\/\/media.acninternational.org\/wp-content\/uploads\/2022\/10\/pequena-19.png\" alt=\"Obispo Paul Hinder de Bahrein\" width=\"670\" height=\"400\" srcset=\"https:\/\/media.acninternational.org\/wp-content\/uploads\/2022\/10\/pequena-19.png 670w, https:\/\/media.acninternational.org\/wp-content\/uploads\/2022\/10\/pequena-19-300x179.png 300w\" sizes=\"auto, (max-width: 670px) 100vw, 670px\" \/><figcaption id=\"caption-attachment-175511\" class=\"wp-caption-text\">Obispo Paul Hinder<\/figcaption><\/figure>\n<h4>Constructores de puentes<\/h4>\n<p>Al tiempo que subraya que los resultados finales \u00abpor supuesto no dependen de nosotros, sino de Dios\u00bb, el obispo cree que \u00absi las dos principales religiones monote\u00edstas no pueden encontrar alg\u00fan tipo de entendimiento, el mundo est\u00e1 en riesgo. Debemos ser parte de la soluci\u00f3n y no de los problemas que afectan a muchas partes del mundo. El Papa nunca se cansa de construir puentes donde las personas han dejado de hablarse\u00bb.<\/p>\n<p>En la compleja realidad que conforma la regi\u00f3n del Golfo, Bahrein ocupa un lugar especial. La poblaci\u00f3n es mayoritariamente chi\u00edta, pero la casa real que gobierna el pa\u00eds es sunita, siendo los musulmanes un 70% de la poblaci\u00f3n. Sin embargo, hay grandes comunidades de otras religiones, con un 14% de cristianos y un 10% de hind\u00faes, en su mayor\u00eda compuestas por inmigrantes que no poseen la ciudadan\u00eda. Por todo esto, Bahrein est\u00e1 acostumbrado a la diferencia y ha invertido mucho en promover el entendimiento. Esto es algo que Mons. Hinder espera que Francisco aliente: \u00abProbablemente el santo padre le pedir\u00e1 al rey que siga siendo un constructor de puentes en la regi\u00f3n, porque religiosa e ideol\u00f3gicamente Bahrein est\u00e1 entre Arabia Saudita e Ir\u00e1n, las dos principales potencias en el Medio Oriente. Bahrain puede desempe\u00f1ar un papel especial como constructor de puentes, espero que el Papa los aliente a permanecer fieles a este papel. \u00bb<\/p>\n<h4>28.000 cristianos participar\u00e1n en la misa de clausura<\/h4>\n<p>El papa Francisco tambi\u00e9n se reunir\u00e1 con la comunidad cat\u00f3lica en Bahrein, se espera que muchos fieles viajen desde los pa\u00edses vecinos.<\/p>\n<p>Si bien hay una comunidad cristiana ind\u00edgena muy peque\u00f1a, la gran mayor\u00eda de los 80.000 cat\u00f3licos en este reino insular son trabajadores migrantes de pa\u00edses como India, Sri Lanka y Filipinas. El santo padre se va a encontrar con una multitud entusiasta, dice Mons. Paul Hinder: \u00abEl encuentro m\u00e1s destacado ser\u00e1 la misa de clausura en el estadio nacional, porque conociendo a nuestra gente, ser\u00e1 una misa muy festiva. Alrededor de 28.000 personas llenar\u00e1n el estadio, con al menos dos mil provenientes de Arabia Saudita\u00bb.<\/p>\n<p>Aunque la vecina Arabia Saudita es conocida internacionalmente por su falta de libertad religiosa, esto no aplica al archipi\u00e9lago de Bahrein, donde las diferentes confesiones cristianas tienen permitido construir sus propias iglesias y el rey incluso ofreci\u00f3 un terreno para que se construyera Nuestra Se\u00f1ora de Arabia, la catedral m\u00e1s grande de la regi\u00f3n del Golfo, erigida con el apoyo de los benefactores de ACN. Los cristianos hacen uso de esta libertad. \u00abLa belleza del ministerio aqu\u00ed es tratar con cristianos activos. No hay necesidad de rogarles que vengan a misa, nuestro principal problema es la falta de espacio. Esto nos da satisfacci\u00f3n y alegr\u00eda. He sido fortalecido en mi propia fe por los fieles que me han apoyado todos estos a\u00f1os\u00bb, afirm\u00f3 el obispo, que lleva m\u00e1s de 18 a\u00f1os trabajando en la regi\u00f3n.<\/p>\n<figure id=\"attachment_175523\" aria-describedby=\"caption-attachment-175523\" style=\"width: 670px\" class=\"wp-caption alignnone\"><img loading=\"lazy\" decoding=\"async\" class=\"wp-image-175523 size-full\" src=\"https:\/\/media.acninternational.org\/wp-content\/uploads\/2022\/10\/pequena-20.png\" alt=\"Cat\u00f3licos en Bahrein\" width=\"670\" height=\"400\" srcset=\"https:\/\/media.acninternational.org\/wp-content\/uploads\/2022\/10\/pequena-20.png 670w, https:\/\/media.acninternational.org\/wp-content\/uploads\/2022\/10\/pequena-20-300x179.png 300w\" sizes=\"auto, (max-width: 670px) 100vw, 670px\" \/><figcaption id=\"caption-attachment-175523\" class=\"wp-caption-text\">Santa misa y bendici\u00f3n de la primera piedra de la Catedral Nuestra Se\u00f1ora de Arabia<\/figcaption><\/figure>\n<h4>La dura vida de los trabajadores y sus familias<\/h4>\n<p>Sin embargo, hay dificultades: \u00abNuestra gente generalmente no tienen la ciudadan\u00eda, y eso significa que cuando pierden su trabajo tienen que abandonar el pa\u00eds. Cientos de miles perdieron sus empleos durante el Covid, y parece que este proceso podr\u00eda continuar<\/p>\n<p>por lo que hay inseguridad, porque siempre tienen familias que dependen de ellos, ya sea en el Golfo o en sus pa\u00edses de origen. Las familias separadas son otro desaf\u00edo para el trabajo pastoral. \u00bb<\/p>\n<p>Aunque los pa\u00edses del Golfo son conocidos por su inmensa riqueza, esto no significa que los trabajadores ordinarios, o las iglesias, vivan c\u00f3modamente. La explotaci\u00f3n y el maltrato de la mano de obra son rampantes en la regi\u00f3n. \u00abLas estructuras de la Iglesia, en comparaci\u00f3n con otros pa\u00edses, son relativamente pobres, pero hay solidaridad en la Iglesia, los pobres a menudo son generosos en la forma en que pueden, y con el gran n\u00famero de feligreses que tenemos la contribuci\u00f3n es buena, aunque no sea suficiente. La mayor parte de la construcci\u00f3n de iglesias en el vicariato fue financiada por los fieles locales. Estoy agradecido a la gente, porque hace lo que puede\u00bb, dijo Mons. Hinder durante la conferencia.<\/p>\n<p>En estos pa\u00edses la ayuda oficial es muy escasa o inexistente, por esa raz\u00f3n el obispo destaca la importancia de la ayuda recibida de ACN durante su mandato, en particular en los pa\u00edses m\u00e1s problem\u00e1ticos: \u00abEn Yemen, me benefici\u00e9 de la ayuda de ACN cuando pudimos hacerlo, antes de la guerra civil, y le he dicho a mi sucesor que tan pronto como sea posible hacer algo all\u00ed de nuevo ser\u00e1 necesario pedir ayuda, \u00e9l la encontrar\u00e1 en ACN. Recuerdo que me dijeron que me acercara a la fundaci\u00f3n cada vez que lo necesitara, y lo agradezco.\u00bb<\/p>\n<p><em>El papa Francisco estar\u00e1 en Bahrein del 3 al 6 de noviembre. Durante el viaje se reunir\u00e1 con el gran im\u00e1n de Al-Azhar y celebrar\u00e1 una oraci\u00f3n ecum\u00e9nica por la paz con los l\u00edderes cristianos. La misa con la comunidad cat\u00f3lica ser\u00e1 el s\u00e1bado por la ma\u00f1ana.<\/em><\/p>\n","protected":false},"excerpt":{"rendered":"<p>El objetivo del viaje del Papa a Bahrein en noviembre es visitar a cristianos locales y fomentar el di\u00e1logo interreligioso con musulmanes<\/p>\n","protected":false},"author":4258341447,"featured_media":175522,"comment_status":"closed","ping_status":"closed","sticky":false,"template":"","format":"standard","meta":{"_acf_changed":false,"_acn_coauthor_ids":[],"footnotes":""},"categories":[746],"tags":[],"country":[1730],"class_list":["post-175537","post","type-post","status-publish","format-standard","has-post-thumbnail","hentry","category-noticias","country-bahrein"],"acn_coauthors":[],"acf":[],"yoast_head":"<!-- This site is optimized with the Yoast SEO Premium plugin v27.3 (Yoast SEO v27.3) - https:\/\/yoast.com\/product\/yoast-seo-premium-wordpress\/ -->\n<title>El Papa Francisco visitar\u00e1 Bahrein | ACN International<\/title>\n<meta name=\"description\" content=\"El objetivo del viaje del Papa a Bahrein en noviembre es visitar a cristianos locales y fomentar el di\u00e1logo interreligioso con musulmanes.\" \/>\n<meta name=\"robots\" content=\"index, follow, max-snippet:-1, max-image-preview:large, max-video-preview:-1\" \/>\n<link rel=\"canonical\" href=\"https:\/\/acninternational.org\/es\/el-papa-francisco-visitara-bahrein\/\" \/>\n<meta property=\"og:locale\" content=\"es_ES\" \/>\n<meta property=\"og:type\" content=\"article\" \/>\n<meta property=\"og:title\" content=\"El Papa Francisco visitar\u00e1 Bahrein\" \/>\n<meta property=\"og:description\" content=\"&quot;Si las dos principales religiones monote\u00edstas no pueden encontrar alg\u00fan tipo de entendimiento, el mundo est\u00e1 en riesgo\u201d\" \/>\n<meta property=\"og:url\" content=\"https:\/\/acninternational.org\/es\/el-papa-francisco-visitara-bahrein\/\" \/>\n<meta property=\"og:site_name\" content=\"ACN International\" \/>\n<meta property=\"article:publisher\" content=\"https:\/\/www.facebook.com\/acninternationalorg\" \/>\n<meta property=\"article:published_time\" content=\"2022-10-28T08:33:01+00:00\" \/>\n<meta property=\"article:modified_time\" content=\"2025-11-28T10:24:07+00:00\" \/>\n<meta property=\"og:image\" content=\"https:\/\/media.acninternational.org\/wp-content\/uploads\/2022\/10\/heading-2022-10-28T102338.874-1.png\" \/>\n\t<meta property=\"og:image:width\" content=\"2000\" \/>\n\t<meta property=\"og:image:height\" content=\"625\" \/>\n\t<meta property=\"og:image:type\" content=\"image\/png\" \/>\n<meta name=\"author\" content=\"ACN Press Team\" \/>\n<meta name=\"twitter:card\" content=\"summary_large_image\" \/>\n<meta name=\"twitter:title\" content=\"El Papa Francisco visitar\u00e1 Bahrein\" \/>\n<meta name=\"twitter:description\" content=\"&quot;Si las dos principales religiones monote\u00edstas no pueden encontrar alg\u00fan tipo de entendimiento, el mundo est\u00e1 en riesgo\u201d\" \/>\n<meta name=\"twitter:creator\" content=\"@acn_int\" \/>\n<meta name=\"twitter:site\" content=\"@acn_int\" \/>\n<meta name=\"twitter:label1\" content=\"Escrito por\" \/>\n\t<meta name=\"twitter:data1\" content=\"ACN Press Team\" \/>\n\t<meta name=\"twitter:label2\" content=\"Tiempo de lectura\" \/>\n\t<meta name=\"twitter:data2\" content=\"6 minutos\" \/>\n<script type=\"application\/ld+json\" class=\"yoast-schema-graph\">{\"@context\":\"https:\\\/\\\/schema.org\",\"@graph\":[{\"@type\":\"Article\",\"@id\":\"https:\\\/\\\/acninternational.org\\\/es\\\/el-papa-francisco-visitara-bahrein\\\/#article\",\"isPartOf\":{\"@id\":\"https:\\\/\\\/acninternational.org\\\/es\\\/el-papa-francisco-visitara-bahrein\\\/\"},\"author\":{\"name\":\"ACN Press Team\",\"@id\":\"https:\\\/\\\/acninternational.org\\\/es\\\/#\\\/schema\\\/person\\\/7f3dafb236b242fb2aa46be1411fd703\"},\"headline\":\"Obispo de Arabia: \u201cSi las dos principales religiones monote\u00edstas no pueden encontrar alg\u00fan tipo de entendimiento, el mundo est\u00e1 en riesgo\u201d\",\"datePublished\":\"2022-10-28T08:33:01+00:00\",\"dateModified\":\"2025-11-28T10:24:07+00:00\",\"mainEntityOfPage\":{\"@id\":\"https:\\\/\\\/acninternational.org\\\/es\\\/el-papa-francisco-visitara-bahrein\\\/\"},\"wordCount\":1269,\"publisher\":{\"@id\":\"https:\\\/\\\/acninternational.org\\\/es\\\/#organization\"},\"image\":{\"@id\":\"https:\\\/\\\/acninternational.org\\\/es\\\/el-papa-francisco-visitara-bahrein\\\/#primaryimage\"},\"thumbnailUrl\":\"https:\\\/\\\/media.acninternational.org\\\/wp-content\\\/uploads\\\/2022\\\/10\\\/heading-2022-10-28T102338.874-1.png\",\"articleSection\":[\"NOTICIAS\"],\"inLanguage\":\"es\"},{\"@type\":\"WebPage\",\"@id\":\"https:\\\/\\\/acninternational.org\\\/es\\\/el-papa-francisco-visitara-bahrein\\\/\",\"url\":\"https:\\\/\\\/acninternational.org\\\/es\\\/el-papa-francisco-visitara-bahrein\\\/\",\"name\":\"El Papa Francisco visitar\u00e1 Bahrein | ACN International\",\"isPartOf\":{\"@id\":\"https:\\\/\\\/acninternational.org\\\/es\\\/#website\"},\"primaryImageOfPage\":{\"@id\":\"https:\\\/\\\/acninternational.org\\\/es\\\/el-papa-francisco-visitara-bahrein\\\/#primaryimage\"},\"image\":{\"@id\":\"https:\\\/\\\/acninternational.org\\\/es\\\/el-papa-francisco-visitara-bahrein\\\/#primaryimage\"},\"thumbnailUrl\":\"https:\\\/\\\/media.acninternational.org\\\/wp-content\\\/uploads\\\/2022\\\/10\\\/heading-2022-10-28T102338.874-1.png\",\"datePublished\":\"2022-10-28T08:33:01+00:00\",\"dateModified\":\"2025-11-28T10:24:07+00:00\",\"description\":\"El objetivo del viaje del Papa a Bahrein en noviembre es visitar a cristianos locales y fomentar el di\u00e1logo interreligioso con musulmanes.\",\"breadcrumb\":{\"@id\":\"https:\\\/\\\/acninternational.org\\\/es\\\/el-papa-francisco-visitara-bahrein\\\/#breadcrumb\"},\"inLanguage\":\"es\",\"potentialAction\":[{\"@type\":\"ReadAction\",\"target\":[\"https:\\\/\\\/acninternational.org\\\/es\\\/el-papa-francisco-visitara-bahrein\\\/\"]}]},{\"@type\":\"ImageObject\",\"inLanguage\":\"es\",\"@id\":\"https:\\\/\\\/acninternational.org\\\/es\\\/el-papa-francisco-visitara-bahrein\\\/#primaryimage\",\"url\":\"https:\\\/\\\/media.acninternational.org\\\/wp-content\\\/uploads\\\/2022\\\/10\\\/heading-2022-10-28T102338.874-1.png\",\"contentUrl\":\"https:\\\/\\\/media.acninternational.org\\\/wp-content\\\/uploads\\\/2022\\\/10\\\/heading-2022-10-28T102338.874-1.png\",\"width\":2000,\"height\":625,\"caption\":\"Ceremonia de la primera piedra de la catedral de Bahr\u00e9in el 9 de junio de 2018\"},{\"@type\":\"BreadcrumbList\",\"@id\":\"https:\\\/\\\/acninternational.org\\\/es\\\/el-papa-francisco-visitara-bahrein\\\/#breadcrumb\",\"itemListElement\":[{\"@type\":\"ListItem\",\"position\":1,\"name\":\"Home\",\"item\":\"https:\\\/\\\/acninternational.org\\\/es\\\/\"},{\"@type\":\"ListItem\",\"position\":2,\"name\":\"NOTICIAS\",\"item\":\"https:\\\/\\\/acninternational.org\\\/es\\\/category\\\/noticias\\\/\"},{\"@type\":\"ListItem\",\"position\":3,\"name\":\"Obispo de Arabia: \u201cSi las dos principales religiones monote\u00edstas no pueden encontrar alg\u00fan tipo de entendimiento, el mundo est\u00e1 en riesgo\u201d\"}]},{\"@type\":\"WebSite\",\"@id\":\"https:\\\/\\\/acninternational.org\\\/es\\\/#website\",\"url\":\"https:\\\/\\\/acninternational.org\\\/es\\\/\",\"name\":\"ACN International\",\"description\":\"\",\"publisher\":{\"@id\":\"https:\\\/\\\/acninternational.org\\\/es\\\/#organization\"},\"potentialAction\":[{\"@type\":\"SearchAction\",\"target\":{\"@type\":\"EntryPoint\",\"urlTemplate\":\"https:\\\/\\\/acninternational.org\\\/es\\\/?s={search_term_string}\"},\"query-input\":{\"@type\":\"PropertyValueSpecification\",\"valueRequired\":true,\"valueName\":\"search_term_string\"}}],\"inLanguage\":\"es\"},{\"@type\":\"Organization\",\"@id\":\"https:\\\/\\\/acninternational.org\\\/es\\\/#organization\",\"name\":\"Aid to the Church in Need International\",\"url\":\"https:\\\/\\\/acninternational.org\\\/es\\\/\",\"logo\":{\"@type\":\"ImageObject\",\"inLanguage\":\"es\",\"@id\":\"https:\\\/\\\/acninternational.org\\\/es\\\/#\\\/schema\\\/logo\\\/image\\\/\",\"url\":\"https:\\\/\\\/media.acninternational.org\\\/wp-content\\\/uploads\\\/2019\\\/11\\\/acn_logo_blackvector.svg\",\"contentUrl\":\"https:\\\/\\\/media.acninternational.org\\\/wp-content\\\/uploads\\\/2019\\\/11\\\/acn_logo_blackvector.svg\",\"width\":232.6,\"height\":78,\"caption\":\"Aid to the Church in Need International\"},\"image\":{\"@id\":\"https:\\\/\\\/acninternational.org\\\/es\\\/#\\\/schema\\\/logo\\\/image\\\/\"},\"sameAs\":[\"https:\\\/\\\/www.facebook.com\\\/acninternationalorg\",\"https:\\\/\\\/x.com\\\/acn_int\",\"https:\\\/\\\/www.youtube.com\\\/channel\\\/UCQ-077gS0TnVzkhHmf1opZw\",\"https:\\\/\\\/www.instagram.com\\\/acn_international\\\/\"]},{\"@type\":\"Person\",\"@id\":\"https:\\\/\\\/acninternational.org\\\/es\\\/#\\\/schema\\\/person\\\/7f3dafb236b242fb2aa46be1411fd703\",\"name\":\"ACN Press Team\",\"description\":\"Lorem ipsum dolor sit amet, consectetur adipiscing elit, sed do eiusmod tempor incididunt ut labore et dolore magna aliqua. Ut enim ad minim veniam, quis nostrud exercitation ullamco laboris nisi ut aliquip ex ea commodo consequat.\",\"url\":\"https:\\\/\\\/acninternational.org\\\/es\\\/author\\\/acn-press-team\\\/\"}]}<\/script>\n<!-- \/ Yoast SEO Premium plugin. -->","yoast_head_json":{"title":"El Papa Francisco visitar\u00e1 Bahrein | ACN International","description":"El objetivo del viaje del Papa a Bahrein en noviembre es visitar a cristianos locales y fomentar el di\u00e1logo interreligioso con musulmanes.","robots":{"index":"index","follow":"follow","max-snippet":"max-snippet:-1","max-image-preview":"max-image-preview:large","max-video-preview":"max-video-preview:-1"},"canonical":"https:\/\/acninternational.org\/es\/el-papa-francisco-visitara-bahrein\/","og_locale":"es_ES","og_type":"article","og_title":"El Papa Francisco visitar\u00e1 Bahrein","og_description":"\"Si las dos principales religiones monote\u00edstas no pueden encontrar alg\u00fan tipo de entendimiento, el mundo est\u00e1 en riesgo\u201d","og_url":"https:\/\/acninternational.org\/es\/el-papa-francisco-visitara-bahrein\/","og_site_name":"ACN International","article_publisher":"https:\/\/www.facebook.com\/acninternationalorg","article_published_time":"2022-10-28T08:33:01+00:00","article_modified_time":"2025-11-28T10:24:07+00:00","og_image":[{"width":2000,"height":625,"url":"https:\/\/media.acninternational.org\/wp-content\/uploads\/2022\/10\/heading-2022-10-28T102338.874-1.png","type":"image\/png"}],"author":"ACN Press Team","twitter_card":"summary_large_image","twitter_title":"El Papa Francisco visitar\u00e1 Bahrein","twitter_description":"\"Si las dos principales religiones monote\u00edstas no pueden encontrar alg\u00fan tipo de entendimiento, el mundo est\u00e1 en riesgo\u201d","twitter_creator":"@acn_int","twitter_site":"@acn_int","twitter_misc":{"Escrito por":"ACN Press Team","Tiempo de lectura":"6 minutos"},"schema":{"@context":"https:\/\/schema.org","@graph":[{"@type":"Article","@id":"https:\/\/acninternational.org\/es\/el-papa-francisco-visitara-bahrein\/#article","isPartOf":{"@id":"https:\/\/acninternational.org\/es\/el-papa-francisco-visitara-bahrein\/"},"author":{"name":"ACN Press Team","@id":"https:\/\/acninternational.org\/es\/#\/schema\/person\/7f3dafb236b242fb2aa46be1411fd703"},"headline":"Obispo de Arabia: \u201cSi las dos principales religiones monote\u00edstas no pueden encontrar alg\u00fan tipo de entendimiento, el mundo est\u00e1 en riesgo\u201d","datePublished":"2022-10-28T08:33:01+00:00","dateModified":"2025-11-28T10:24:07+00:00","mainEntityOfPage":{"@id":"https:\/\/acninternational.org\/es\/el-papa-francisco-visitara-bahrein\/"},"wordCount":1269,"publisher":{"@id":"https:\/\/acninternational.org\/es\/#organization"},"image":{"@id":"https:\/\/acninternational.org\/es\/el-papa-francisco-visitara-bahrein\/#primaryimage"},"thumbnailUrl":"https:\/\/media.acninternational.org\/wp-content\/uploads\/2022\/10\/heading-2022-10-28T102338.874-1.png","articleSection":["NOTICIAS"],"inLanguage":"es"},{"@type":"WebPage","@id":"https:\/\/acninternational.org\/es\/el-papa-francisco-visitara-bahrein\/","url":"https:\/\/acninternational.org\/es\/el-papa-francisco-visitara-bahrein\/","name":"El Papa Francisco visitar\u00e1 Bahrein | ACN International","isPartOf":{"@id":"https:\/\/acninternational.org\/es\/#website"},"primaryImageOfPage":{"@id":"https:\/\/acninternational.org\/es\/el-papa-francisco-visitara-bahrein\/#primaryimage"},"image":{"@id":"https:\/\/acninternational.org\/es\/el-papa-francisco-visitara-bahrein\/#primaryimage"},"thumbnailUrl":"https:\/\/media.acninternational.org\/wp-content\/uploads\/2022\/10\/heading-2022-10-28T102338.874-1.png","datePublished":"2022-10-28T08:33:01+00:00","dateModified":"2025-11-28T10:24:07+00:00","description":"El objetivo del viaje del Papa a Bahrein en noviembre es visitar a cristianos locales y fomentar el di\u00e1logo interreligioso con musulmanes.","breadcrumb":{"@id":"https:\/\/acninternational.org\/es\/el-papa-francisco-visitara-bahrein\/#breadcrumb"},"inLanguage":"es","potentialAction":[{"@type":"ReadAction","target":["https:\/\/acninternational.org\/es\/el-papa-francisco-visitara-bahrein\/"]}]},{"@type":"ImageObject","inLanguage":"es","@id":"https:\/\/acninternational.org\/es\/el-papa-francisco-visitara-bahrein\/#primaryimage","url":"https:\/\/media.acninternational.org\/wp-content\/uploads\/2022\/10\/heading-2022-10-28T102338.874-1.png","contentUrl":"https:\/\/media.acninternational.org\/wp-content\/uploads\/2022\/10\/heading-2022-10-28T102338.874-1.png","width":2000,"height":625,"caption":"Ceremonia de la primera piedra de la catedral de Bahr\u00e9in el 9 de junio de 2018"},{"@type":"BreadcrumbList","@id":"https:\/\/acninternational.org\/es\/el-papa-francisco-visitara-bahrein\/#breadcrumb","itemListElement":[{"@type":"ListItem","position":1,"name":"Home","item":"https:\/\/acninternational.org\/es\/"},{"@type":"ListItem","position":2,"name":"NOTICIAS","item":"https:\/\/acninternational.org\/es\/category\/noticias\/"},{"@type":"ListItem","position":3,"name":"Obispo de Arabia: \u201cSi las dos principales religiones monote\u00edstas no pueden encontrar alg\u00fan tipo de entendimiento, el mundo est\u00e1 en riesgo\u201d"}]},{"@type":"WebSite","@id":"https:\/\/acninternational.org\/es\/#website","url":"https:\/\/acninternational.org\/es\/","name":"ACN International","description":"","publisher":{"@id":"https:\/\/acninternational.org\/es\/#organization"},"potentialAction":[{"@type":"SearchAction","target":{"@type":"EntryPoint","urlTemplate":"https:\/\/acninternational.org\/es\/?s={search_term_string}"},"query-input":{"@type":"PropertyValueSpecification","valueRequired":true,"valueName":"search_term_string"}}],"inLanguage":"es"},{"@type":"Organization","@id":"https:\/\/acninternational.org\/es\/#organization","name":"Aid to the Church in Need International","url":"https:\/\/acninternational.org\/es\/","logo":{"@type":"ImageObject","inLanguage":"es","@id":"https:\/\/acninternational.org\/es\/#\/schema\/logo\/image\/","url":"https:\/\/media.acninternational.org\/wp-content\/uploads\/2019\/11\/acn_logo_blackvector.svg","contentUrl":"https:\/\/media.acninternational.org\/wp-content\/uploads\/2019\/11\/acn_logo_blackvector.svg","width":232.6,"height":78,"caption":"Aid to the Church in Need International"},"image":{"@id":"https:\/\/acninternational.org\/es\/#\/schema\/logo\/image\/"},"sameAs":["https:\/\/www.facebook.com\/acninternationalorg","https:\/\/x.com\/acn_int","https:\/\/www.youtube.com\/channel\/UCQ-077gS0TnVzkhHmf1opZw","https:\/\/www.instagram.com\/acn_international\/"]},{"@type":"Person","@id":"https:\/\/acninternational.org\/es\/#\/schema\/person\/7f3dafb236b242fb2aa46be1411fd703","name":"ACN Press Team","description":"Lorem ipsum dolor sit amet, consectetur adipiscing elit, sed do eiusmod tempor incididunt ut labore et dolore magna aliqua. Ut enim ad minim veniam, quis nostrud exercitation ullamco laboris nisi ut aliquip ex ea commodo consequat.","url":"https:\/\/acninternational.org\/es\/author\/acn-press-team\/"}]}},"_links":{"self":[{"href":"https:\/\/acninternational.org\/es\/wp-json\/wp\/v2\/posts\/175537","targetHints":{"allow":["GET"]}}],"collection":[{"href":"https:\/\/acninternational.org\/es\/wp-json\/wp\/v2\/posts"}],"about":[{"href":"https:\/\/acninternational.org\/es\/wp-json\/wp\/v2\/types\/post"}],"author":[{"embeddable":true,"href":"https:\/\/acninternational.org\/es\/wp-json\/wp\/v2\/users\/4258341447"}],"replies":[{"embeddable":true,"href":"https:\/\/acninternational.org\/es\/wp-json\/wp\/v2\/comments?post=175537"}],"version-history":[{"count":1,"href":"https:\/\/acninternational.org\/es\/wp-json\/wp\/v2\/posts\/175537\/revisions"}],"predecessor-version":[{"id":260514,"href":"https:\/\/acninternational.org\/es\/wp-json\/wp\/v2\/posts\/175537\/revisions\/260514"}],"wp:featuredmedia":[{"embeddable":true,"href":"https:\/\/acninternational.org\/es\/wp-json\/wp\/v2\/media\/175522"}],"wp:attachment":[{"href":"https:\/\/acninternational.org\/es\/wp-json\/wp\/v2\/media?parent=175537"}],"wp:term":[{"taxonomy":"category","embeddable":true,"href":"https:\/\/acninternational.org\/es\/wp-json\/wp\/v2\/categories?post=175537"},{"taxonomy":"post_tag","embeddable":true,"href":"https:\/\/acninternational.org\/es\/wp-json\/wp\/v2\/tags?post=175537"},{"taxonomy":"country","embeddable":true,"href":"https:\/\/acninternational.org\/es\/wp-json\/wp\/v2\/country?post=175537"}],"curies":[{"name":"wp","href":"https:\/\/api.w.org\/{rel}","templated":true}]}}