{"id":175433,"date":"2022-10-26T10:50:27","date_gmt":"2022-10-26T08:50:27","guid":{"rendered":"https:\/\/acninternational.org\/?p=175433"},"modified":"2022-10-26T11:14:12","modified_gmt":"2022-10-26T09:14:12","slug":"catolicos-secuestrados-en-camerun-liberados","status":"publish","type":"post","link":"https:\/\/acninternational.org\/es\/catolicos-secuestrados-en-camerun-liberados\/","title":{"rendered":"Camer\u00fan: Liberan a los nueve secuestrados en un ataque a una iglesia cat\u00f3lica hace seis semanas"},"content":{"rendered":"<p><em>Cat\u00f3licos secuestrados son liberados: El obispo de Mamfe ha expresado su gratitud por la liberaci\u00f3n de los sacerdotes, laicos y religiosas, pero ha reiterado su condena del ataque a la iglesia en el que fueron recuestrados por los rebeldes.<\/em><\/p>\n<p>\u00abEstoy sinceramente agradecido a todos aquellos que se han unido a nosotros en oraci\u00f3n por la seguridad y la liberaci\u00f3n de nuestros hermanos y hermanas\u00bb, escribe el obispo de Mamfe, Aloysius Fondong Abangalo.<\/p>\n<p>Los cinco sacerdotes, tres laicos y una religiosa que fueron secuestrados en el suroeste de Camer\u00fan, el 16 de octubre, han sido liberados y gozan de buena salud. En un mensaje enviado a la fundaci\u00f3n pontificia Ayuda a la Iglesia Necesitada, el domingo 23 de octubre, el obispo de la di\u00f3cesis en el suroeste de Camer\u00fan, expresaba su gratitud por el bienestar de los nueve rehenes.<\/p>\n<p>Desde su secuestro, el 16 de septiembre de 2022, <a href=\"https:\/\/acninternational.org\/es\/nueve-cristianos-secuestrados-en-camerun\/\">la fundaci\u00f3n hab\u00eda pedido repetidamente oraciones<\/a> por su liberaci\u00f3n y su salud.<\/p>\n<p>\u00abComo san Pablo, os digo a cada uno de vosotros: \u2018Conf\u00edo en que el que comenz\u00f3 la buena obra con vosotros la completar\u00e1 hasta el d\u00eda de Cristo Jes\u00fas\u2019\u00bb (Filipenses 1, 6). El obispo, en su mensaje, anima a todos a rezar un misterio del rosario, \u00abpara agradecer a Dios por la liberaci\u00f3n de nuestros hermanos y hermanas secuestrados\u00bb.<\/p>\n<p>De acuerdo con el testimonio de uno de los cat\u00f3licos secuestrados, los rebeldes les liberaron sin recibir ning\u00fan rescate.<\/p>\n<figure id=\"attachment_175420\" aria-describedby=\"caption-attachment-175420\" style=\"width: 670px\" class=\"wp-caption alignnone\"><img loading=\"lazy\" decoding=\"async\" class=\"wp-image-175420 size-full\" src=\"https:\/\/media.acninternational.org\/wp-content\/uploads\/2022\/10\/pequena-18.png\" alt=\"cat\u00f3licos secuestrados y liberados en camer\u00fan\" width=\"670\" height=\"400\" srcset=\"https:\/\/media.acninternational.org\/wp-content\/uploads\/2022\/10\/pequena-18.png 670w, https:\/\/media.acninternational.org\/wp-content\/uploads\/2022\/10\/pequena-18-300x179.png 300w\" sizes=\"auto, (max-width: 670px) 100vw, 670px\" \/><figcaption id=\"caption-attachment-175420\" class=\"wp-caption-text\">Carta oficial del obispo Abangalo Fondong tras la liberaci\u00f3n.<\/figcaption><\/figure>\n<p>Seg\u00fan informaciones de la fundaci\u00f3n ACN, hoy, martes 25, Mons. Fondong celebrar\u00e1 una misa de acci\u00f3n de gracias por la liberaci\u00f3n de los sacerdotes y fieles en la Catedral de Mamfe.<\/p>\n<p>En un video difundido, durante los \u00faltimos d\u00edas, en muchos medios de comunicaci\u00f3n se ve\u00eda a los secuestrados en muy malas condiciones, en medio del bosque, mientras que uno de los sacerdotes ped\u00eda ayuda. Seg\u00fan ha sabido ACN, por fuentes fiables, esas im\u00e1genes databan de dos semanas antes. Cuando fue difundido ese video los procesos de negociaci\u00f3n para la liberaci\u00f3n ya estaban en marcha.<\/p>\n<p>En su carta, el obispo de Mamfe condena en\u00e9rgicamente una vez m\u00e1s la profanaci\u00f3n de la iglesia de Santa Mar\u00eda, que fue incendiada en el ataque, y reafirma la inhumanidad de la privaci\u00f3n de libertad de los hermanos y hermanas.<\/p>\n<p>https:\/\/youtu.be\/pnpuWh5Hmfw<\/p>\n<p>Camer\u00fan est\u00e1 plagado de conflictos pol\u00edticos y sociales entre las regiones angl\u00f3fona y franc\u00f3fona. La poblaci\u00f3n de las regiones angl\u00f3fonas, que se encuentran principalmente en el suroeste y noroeste del pa\u00eds, se siente marginada por las autoridades franc\u00f3fonas.<\/p>\n<p>Desde 2016, los disturbios se han intensificado significativamente y ha habido varios enfrentamientos violentos entre las fuerzas gubernamentales y los rebeldes, que luchan por la independencia de la autoproclamada Rep\u00fablica de Ambazonia (o la Rep\u00fablica Federal del Sur de Camer\u00fan). El ej\u00e9rcito, en su lucha contra los rebeldes, ha destruido gran parte de la regi\u00f3n, incluyendo posesiones eclesi\u00e1sticas. Esta ha sido la primera vez que los rebeldes han atacado a la Iglesia y raptado sacerdotes en su lucha por la independencia.<\/p>\n","protected":false},"excerpt":{"rendered":"<p>Los cinco sacerdotes, tres laicos y una religiosa que fueron secuestrados en el suroeste de Camer\u00fan hace seis semanas han sido liberados.<\/p>\n","protected":false},"author":4258341447,"featured_media":175431,"comment_status":"closed","ping_status":"closed","sticky":false,"template":"","format":"standard","meta":{"_acf_changed":false,"_acn_coauthor_ids":[],"_acn_featured_article":false,"footnotes":""},"categories":[746],"tags":[],"country":[379],"class_list":["post-175433","post","type-post","status-publish","format-standard","has-post-thumbnail","hentry","category-noticias","country-camerun"],"acn_coauthors":[],"acf":[],"yoast_head":"<!-- This site is optimized with the Yoast SEO Premium plugin v27.5 (Yoast SEO v27.5) - https:\/\/yoast.com\/product\/yoast-seo-premium-wordpress\/ -->\n<title>Cat\u00f3licos secuestrados en Camer\u00fan: liberados | ACN International<\/title>\n<meta name=\"description\" content=\"Los cat\u00f3licos secuestrados (cinco sacerdotes, tres laicos y una religiosa) de la di\u00f3cesis de Mamfe en Camer\u00fan han sido liberados\" \/>\n<meta name=\"robots\" content=\"index, follow, max-snippet:-1, max-image-preview:large, max-video-preview:-1\" \/>\n<link rel=\"canonical\" href=\"https:\/\/acninternational.org\/es\/catolicos-secuestrados-en-camerun-liberados\/\" \/>\n<meta property=\"og:locale\" content=\"es_ES\" \/>\n<meta property=\"og:type\" content=\"article\" \/>\n<meta property=\"og:title\" content=\"Liberaci\u00f3n de 9 cat\u00f3licos en Camer\u00fan\" \/>\n<meta property=\"og:description\" content=\"Los cinco sacerdotes, tres laicos y una religiosa de la di\u00f3cesis de Mamfe han sido liberados.\" \/>\n<meta property=\"og:url\" content=\"https:\/\/acninternational.org\/es\/catolicos-secuestrados-en-camerun-liberados\/\" \/>\n<meta property=\"og:site_name\" content=\"ACN International\" \/>\n<meta property=\"article:publisher\" content=\"https:\/\/www.facebook.com\/acninternationalorg\" \/>\n<meta property=\"article:published_time\" content=\"2022-10-26T08:50:27+00:00\" \/>\n<meta property=\"article:modified_time\" content=\"2022-10-26T09:14:12+00:00\" \/>\n<meta property=\"og:image\" content=\"https:\/\/media.acninternational.org\/wp-content\/uploads\/2022\/10\/heading-2022-10-26T103423.406-1.png\" \/>\n\t<meta property=\"og:image:width\" content=\"2000\" \/>\n\t<meta property=\"og:image:height\" content=\"625\" \/>\n\t<meta property=\"og:image:type\" content=\"image\/png\" \/>\n<meta name=\"author\" content=\"ACN Press Team\" \/>\n<meta name=\"twitter:card\" content=\"summary_large_image\" \/>\n<meta name=\"twitter:title\" content=\"Liberaci\u00f3n de 9 cat\u00f3licos en Camer\u00fan\" \/>\n<meta name=\"twitter:description\" content=\"Los cinco sacerdotes, tres laicos y una religiosa de la di\u00f3cesis de Mamfe han sido liberados.\" \/>\n<meta name=\"twitter:creator\" content=\"@acn_int\" \/>\n<meta name=\"twitter:site\" content=\"@acn_int\" \/>\n<meta name=\"twitter:label1\" content=\"Escrito por\" \/>\n\t<meta name=\"twitter:data1\" content=\"ACN Press Team\" \/>\n\t<meta name=\"twitter:label2\" content=\"Tiempo de lectura\" \/>\n\t<meta name=\"twitter:data2\" content=\"3 minutos\" \/>\n<script type=\"application\/ld+json\" class=\"yoast-schema-graph\">{\"@context\":\"https:\\\/\\\/schema.org\",\"@graph\":[{\"@type\":\"Article\",\"@id\":\"https:\\\/\\\/acninternational.org\\\/es\\\/catolicos-secuestrados-en-camerun-liberados\\\/#article\",\"isPartOf\":{\"@id\":\"https:\\\/\\\/acninternational.org\\\/es\\\/catolicos-secuestrados-en-camerun-liberados\\\/\"},\"author\":{\"name\":\"ACN Press Team\",\"@id\":\"https:\\\/\\\/acninternational.org\\\/es\\\/#\\\/schema\\\/person\\\/7f3dafb236b242fb2aa46be1411fd703\"},\"headline\":\"Camer\u00fan: Liberan a los nueve secuestrados en un ataque a una iglesia cat\u00f3lica hace seis semanas\",\"datePublished\":\"2022-10-26T08:50:27+00:00\",\"dateModified\":\"2022-10-26T09:14:12+00:00\",\"mainEntityOfPage\":{\"@id\":\"https:\\\/\\\/acninternational.org\\\/es\\\/catolicos-secuestrados-en-camerun-liberados\\\/\"},\"wordCount\":571,\"publisher\":{\"@id\":\"https:\\\/\\\/acninternational.org\\\/es\\\/#organization\"},\"image\":{\"@id\":\"https:\\\/\\\/acninternational.org\\\/es\\\/catolicos-secuestrados-en-camerun-liberados\\\/#primaryimage\"},\"thumbnailUrl\":\"https:\\\/\\\/media.acninternational.org\\\/wp-content\\\/uploads\\\/2022\\\/10\\\/heading-2022-10-26T103423.406-1.png\",\"articleSection\":[\"NOTICIAS\"],\"inLanguage\":\"es\"},{\"@type\":\"WebPage\",\"@id\":\"https:\\\/\\\/acninternational.org\\\/es\\\/catolicos-secuestrados-en-camerun-liberados\\\/\",\"url\":\"https:\\\/\\\/acninternational.org\\\/es\\\/catolicos-secuestrados-en-camerun-liberados\\\/\",\"name\":\"Cat\u00f3licos secuestrados en Camer\u00fan: liberados | ACN International\",\"isPartOf\":{\"@id\":\"https:\\\/\\\/acninternational.org\\\/es\\\/#website\"},\"primaryImageOfPage\":{\"@id\":\"https:\\\/\\\/acninternational.org\\\/es\\\/catolicos-secuestrados-en-camerun-liberados\\\/#primaryimage\"},\"image\":{\"@id\":\"https:\\\/\\\/acninternational.org\\\/es\\\/catolicos-secuestrados-en-camerun-liberados\\\/#primaryimage\"},\"thumbnailUrl\":\"https:\\\/\\\/media.acninternational.org\\\/wp-content\\\/uploads\\\/2022\\\/10\\\/heading-2022-10-26T103423.406-1.png\",\"datePublished\":\"2022-10-26T08:50:27+00:00\",\"dateModified\":\"2022-10-26T09:14:12+00:00\",\"description\":\"Los cat\u00f3licos secuestrados (cinco sacerdotes, tres laicos y una religiosa) de la di\u00f3cesis de Mamfe en Camer\u00fan han sido liberados\",\"breadcrumb\":{\"@id\":\"https:\\\/\\\/acninternational.org\\\/es\\\/catolicos-secuestrados-en-camerun-liberados\\\/#breadcrumb\"},\"inLanguage\":\"es\",\"potentialAction\":[{\"@type\":\"ReadAction\",\"target\":[\"https:\\\/\\\/acninternational.org\\\/es\\\/catolicos-secuestrados-en-camerun-liberados\\\/\"]}]},{\"@type\":\"ImageObject\",\"inLanguage\":\"es\",\"@id\":\"https:\\\/\\\/acninternational.org\\\/es\\\/catolicos-secuestrados-en-camerun-liberados\\\/#primaryimage\",\"url\":\"https:\\\/\\\/media.acninternational.org\\\/wp-content\\\/uploads\\\/2022\\\/10\\\/heading-2022-10-26T103423.406-1.png\",\"contentUrl\":\"https:\\\/\\\/media.acninternational.org\\\/wp-content\\\/uploads\\\/2022\\\/10\\\/heading-2022-10-26T103423.406-1.png\",\"width\":2000,\"height\":625,\"caption\":\"Liberaci\u00f3n de sacerdotes, una religiosa y tres miembros de los fieles laicos de Cristo\"},{\"@type\":\"BreadcrumbList\",\"@id\":\"https:\\\/\\\/acninternational.org\\\/es\\\/catolicos-secuestrados-en-camerun-liberados\\\/#breadcrumb\",\"itemListElement\":[{\"@type\":\"ListItem\",\"position\":1,\"name\":\"Home\",\"item\":\"https:\\\/\\\/acninternational.org\\\/es\\\/\"},{\"@type\":\"ListItem\",\"position\":2,\"name\":\"NOTICIAS\",\"item\":\"https:\\\/\\\/acninternational.org\\\/es\\\/category\\\/news-es\\\/\"},{\"@type\":\"ListItem\",\"position\":3,\"name\":\"Camer\u00fan: Liberan a los nueve secuestrados en un ataque a una iglesia cat\u00f3lica hace seis semanas\"}]},{\"@type\":\"WebSite\",\"@id\":\"https:\\\/\\\/acninternational.org\\\/es\\\/#website\",\"url\":\"https:\\\/\\\/acninternational.org\\\/es\\\/\",\"name\":\"ACN International\",\"description\":\"\",\"publisher\":{\"@id\":\"https:\\\/\\\/acninternational.org\\\/es\\\/#organization\"},\"potentialAction\":[{\"@type\":\"SearchAction\",\"target\":{\"@type\":\"EntryPoint\",\"urlTemplate\":\"https:\\\/\\\/acninternational.org\\\/es\\\/?s={search_term_string}\"},\"query-input\":{\"@type\":\"PropertyValueSpecification\",\"valueRequired\":true,\"valueName\":\"search_term_string\"}}],\"inLanguage\":\"es\"},{\"@type\":\"Organization\",\"@id\":\"https:\\\/\\\/acninternational.org\\\/es\\\/#organization\",\"name\":\"Aid to the Church in Need International\",\"url\":\"https:\\\/\\\/acninternational.org\\\/es\\\/\",\"logo\":{\"@type\":\"ImageObject\",\"inLanguage\":\"es\",\"@id\":\"https:\\\/\\\/acninternational.org\\\/es\\\/#\\\/schema\\\/logo\\\/image\\\/\",\"url\":\"https:\\\/\\\/media.acninternational.org\\\/wp-content\\\/uploads\\\/2019\\\/11\\\/acn_logo_blackvector.svg\",\"contentUrl\":\"https:\\\/\\\/media.acninternational.org\\\/wp-content\\\/uploads\\\/2019\\\/11\\\/acn_logo_blackvector.svg\",\"width\":232.6,\"height\":78,\"caption\":\"Aid to the Church in Need International\"},\"image\":{\"@id\":\"https:\\\/\\\/acninternational.org\\\/es\\\/#\\\/schema\\\/logo\\\/image\\\/\"},\"sameAs\":[\"https:\\\/\\\/www.facebook.com\\\/acninternationalorg\",\"https:\\\/\\\/x.com\\\/acn_int\",\"https:\\\/\\\/www.youtube.com\\\/channel\\\/UCQ-077gS0TnVzkhHmf1opZw\",\"https:\\\/\\\/www.instagram.com\\\/acn_international\\\/\"]},{\"@type\":\"Person\",\"@id\":\"https:\\\/\\\/acninternational.org\\\/es\\\/#\\\/schema\\\/person\\\/7f3dafb236b242fb2aa46be1411fd703\",\"name\":\"ACN Press Team\",\"description\":\"Lorem ipsum dolor sit amet, consectetur adipiscing elit, sed do eiusmod tempor incididunt ut labore et dolore magna aliqua. Ut enim ad minim veniam, quis nostrud exercitation ullamco laboris nisi ut aliquip ex ea commodo consequat.\",\"url\":\"https:\\\/\\\/acninternational.org\\\/es\\\/author\\\/acn-press-team\\\/\"}]}<\/script>\n<!-- \/ Yoast SEO Premium plugin. -->","yoast_head_json":{"title":"Cat\u00f3licos secuestrados en Camer\u00fan: liberados | ACN International","description":"Los cat\u00f3licos secuestrados (cinco sacerdotes, tres laicos y una religiosa) de la di\u00f3cesis de Mamfe en Camer\u00fan han sido liberados","robots":{"index":"index","follow":"follow","max-snippet":"max-snippet:-1","max-image-preview":"max-image-preview:large","max-video-preview":"max-video-preview:-1"},"canonical":"https:\/\/acninternational.org\/es\/catolicos-secuestrados-en-camerun-liberados\/","og_locale":"es_ES","og_type":"article","og_title":"Liberaci\u00f3n de 9 cat\u00f3licos en Camer\u00fan","og_description":"Los cinco sacerdotes, tres laicos y una religiosa de la di\u00f3cesis de Mamfe han sido liberados.","og_url":"https:\/\/acninternational.org\/es\/catolicos-secuestrados-en-camerun-liberados\/","og_site_name":"ACN International","article_publisher":"https:\/\/www.facebook.com\/acninternationalorg","article_published_time":"2022-10-26T08:50:27+00:00","article_modified_time":"2022-10-26T09:14:12+00:00","og_image":[{"width":2000,"height":625,"url":"https:\/\/media.acninternational.org\/wp-content\/uploads\/2022\/10\/heading-2022-10-26T103423.406-1.png","type":"image\/png"}],"author":"ACN Press Team","twitter_card":"summary_large_image","twitter_title":"Liberaci\u00f3n de 9 cat\u00f3licos en Camer\u00fan","twitter_description":"Los cinco sacerdotes, tres laicos y una religiosa de la di\u00f3cesis de Mamfe han sido liberados.","twitter_creator":"@acn_int","twitter_site":"@acn_int","twitter_misc":{"Escrito por":"ACN Press Team","Tiempo de lectura":"3 minutos"},"schema":{"@context":"https:\/\/schema.org","@graph":[{"@type":"Article","@id":"https:\/\/acninternational.org\/es\/catolicos-secuestrados-en-camerun-liberados\/#article","isPartOf":{"@id":"https:\/\/acninternational.org\/es\/catolicos-secuestrados-en-camerun-liberados\/"},"author":{"name":"ACN Press Team","@id":"https:\/\/acninternational.org\/es\/#\/schema\/person\/7f3dafb236b242fb2aa46be1411fd703"},"headline":"Camer\u00fan: Liberan a los nueve secuestrados en un ataque a una iglesia cat\u00f3lica hace seis semanas","datePublished":"2022-10-26T08:50:27+00:00","dateModified":"2022-10-26T09:14:12+00:00","mainEntityOfPage":{"@id":"https:\/\/acninternational.org\/es\/catolicos-secuestrados-en-camerun-liberados\/"},"wordCount":571,"publisher":{"@id":"https:\/\/acninternational.org\/es\/#organization"},"image":{"@id":"https:\/\/acninternational.org\/es\/catolicos-secuestrados-en-camerun-liberados\/#primaryimage"},"thumbnailUrl":"https:\/\/media.acninternational.org\/wp-content\/uploads\/2022\/10\/heading-2022-10-26T103423.406-1.png","articleSection":["NOTICIAS"],"inLanguage":"es"},{"@type":"WebPage","@id":"https:\/\/acninternational.org\/es\/catolicos-secuestrados-en-camerun-liberados\/","url":"https:\/\/acninternational.org\/es\/catolicos-secuestrados-en-camerun-liberados\/","name":"Cat\u00f3licos secuestrados en Camer\u00fan: liberados | ACN International","isPartOf":{"@id":"https:\/\/acninternational.org\/es\/#website"},"primaryImageOfPage":{"@id":"https:\/\/acninternational.org\/es\/catolicos-secuestrados-en-camerun-liberados\/#primaryimage"},"image":{"@id":"https:\/\/acninternational.org\/es\/catolicos-secuestrados-en-camerun-liberados\/#primaryimage"},"thumbnailUrl":"https:\/\/media.acninternational.org\/wp-content\/uploads\/2022\/10\/heading-2022-10-26T103423.406-1.png","datePublished":"2022-10-26T08:50:27+00:00","dateModified":"2022-10-26T09:14:12+00:00","description":"Los cat\u00f3licos secuestrados (cinco sacerdotes, tres laicos y una religiosa) de la di\u00f3cesis de Mamfe en Camer\u00fan han sido liberados","breadcrumb":{"@id":"https:\/\/acninternational.org\/es\/catolicos-secuestrados-en-camerun-liberados\/#breadcrumb"},"inLanguage":"es","potentialAction":[{"@type":"ReadAction","target":["https:\/\/acninternational.org\/es\/catolicos-secuestrados-en-camerun-liberados\/"]}]},{"@type":"ImageObject","inLanguage":"es","@id":"https:\/\/acninternational.org\/es\/catolicos-secuestrados-en-camerun-liberados\/#primaryimage","url":"https:\/\/media.acninternational.org\/wp-content\/uploads\/2022\/10\/heading-2022-10-26T103423.406-1.png","contentUrl":"https:\/\/media.acninternational.org\/wp-content\/uploads\/2022\/10\/heading-2022-10-26T103423.406-1.png","width":2000,"height":625,"caption":"Liberaci\u00f3n de sacerdotes, una religiosa y tres miembros de los fieles laicos de Cristo"},{"@type":"BreadcrumbList","@id":"https:\/\/acninternational.org\/es\/catolicos-secuestrados-en-camerun-liberados\/#breadcrumb","itemListElement":[{"@type":"ListItem","position":1,"name":"Home","item":"https:\/\/acninternational.org\/es\/"},{"@type":"ListItem","position":2,"name":"NOTICIAS","item":"https:\/\/acninternational.org\/es\/category\/news-es\/"},{"@type":"ListItem","position":3,"name":"Camer\u00fan: Liberan a los nueve secuestrados en un ataque a una iglesia cat\u00f3lica hace seis semanas"}]},{"@type":"WebSite","@id":"https:\/\/acninternational.org\/es\/#website","url":"https:\/\/acninternational.org\/es\/","name":"ACN International","description":"","publisher":{"@id":"https:\/\/acninternational.org\/es\/#organization"},"potentialAction":[{"@type":"SearchAction","target":{"@type":"EntryPoint","urlTemplate":"https:\/\/acninternational.org\/es\/?s={search_term_string}"},"query-input":{"@type":"PropertyValueSpecification","valueRequired":true,"valueName":"search_term_string"}}],"inLanguage":"es"},{"@type":"Organization","@id":"https:\/\/acninternational.org\/es\/#organization","name":"Aid to the Church in Need International","url":"https:\/\/acninternational.org\/es\/","logo":{"@type":"ImageObject","inLanguage":"es","@id":"https:\/\/acninternational.org\/es\/#\/schema\/logo\/image\/","url":"https:\/\/media.acninternational.org\/wp-content\/uploads\/2019\/11\/acn_logo_blackvector.svg","contentUrl":"https:\/\/media.acninternational.org\/wp-content\/uploads\/2019\/11\/acn_logo_blackvector.svg","width":232.6,"height":78,"caption":"Aid to the Church in Need International"},"image":{"@id":"https:\/\/acninternational.org\/es\/#\/schema\/logo\/image\/"},"sameAs":["https:\/\/www.facebook.com\/acninternationalorg","https:\/\/x.com\/acn_int","https:\/\/www.youtube.com\/channel\/UCQ-077gS0TnVzkhHmf1opZw","https:\/\/www.instagram.com\/acn_international\/"]},{"@type":"Person","@id":"https:\/\/acninternational.org\/es\/#\/schema\/person\/7f3dafb236b242fb2aa46be1411fd703","name":"ACN Press Team","description":"Lorem ipsum dolor sit amet, consectetur adipiscing elit, sed do eiusmod tempor incididunt ut labore et dolore magna aliqua. Ut enim ad minim veniam, quis nostrud exercitation ullamco laboris nisi ut aliquip ex ea commodo consequat.","url":"https:\/\/acninternational.org\/es\/author\/acn-press-team\/"}]}},"_links":{"self":[{"href":"https:\/\/acninternational.org\/es\/wp-json\/wp\/v2\/posts\/175433","targetHints":{"allow":["GET"]}}],"collection":[{"href":"https:\/\/acninternational.org\/es\/wp-json\/wp\/v2\/posts"}],"about":[{"href":"https:\/\/acninternational.org\/es\/wp-json\/wp\/v2\/types\/post"}],"author":[{"embeddable":true,"href":"https:\/\/acninternational.org\/es\/wp-json\/wp\/v2\/users\/4258341447"}],"replies":[{"embeddable":true,"href":"https:\/\/acninternational.org\/es\/wp-json\/wp\/v2\/comments?post=175433"}],"version-history":[{"count":0,"href":"https:\/\/acninternational.org\/es\/wp-json\/wp\/v2\/posts\/175433\/revisions"}],"wp:featuredmedia":[{"embeddable":true,"href":"https:\/\/acninternational.org\/es\/wp-json\/wp\/v2\/media\/175431"}],"wp:attachment":[{"href":"https:\/\/acninternational.org\/es\/wp-json\/wp\/v2\/media?parent=175433"}],"wp:term":[{"taxonomy":"category","embeddable":true,"href":"https:\/\/acninternational.org\/es\/wp-json\/wp\/v2\/categories?post=175433"},{"taxonomy":"post_tag","embeddable":true,"href":"https:\/\/acninternational.org\/es\/wp-json\/wp\/v2\/tags?post=175433"},{"taxonomy":"country","embeddable":true,"href":"https:\/\/acninternational.org\/es\/wp-json\/wp\/v2\/country?post=175433"}],"curies":[{"name":"wp","href":"https:\/\/api.w.org\/{rel}","templated":true}]}}