{"id":175401,"date":"2022-10-25T10:47:24","date_gmt":"2022-10-25T08:47:24","guid":{"rendered":"https:\/\/acninternational.org\/?p=175401"},"modified":"2024-09-05T10:26:13","modified_gmt":"2024-09-05T08:26:13","slug":"escapo-de-boko-haram-la-historia-de-maryamu","status":"publish","type":"post","link":"https:\/\/acninternational.org\/es\/escapo-de-boko-haram-la-historia-de-maryamu\/","title":{"rendered":"Nueve a\u00f1os en manos de Boko Haram. \u201cLas palabras no hacen justicia a lo que he sufrido\u201d"},"content":{"rendered":"<p><em>Hace dos meses, Maryamu Joseph (16 a\u00f1os) escap\u00f3 de Boko Haram tras haber permanecido cautiva durante nueve a\u00f1os. Junto con otras 21 personas, fue secuestrada en 2014 a la edad de siete a\u00f1os cuando el grupo terrorista atac\u00f3 su comunidad de Bazzar<\/em> <em>y se la llev\u00f3 a un campamento. Dos de sus hermanos acabaron m\u00e1s tarde en el mismo campamento; uno de ellos fue asesinado y el otro permanece en cautiverio. En una entrevista, realizada por Patience Ibile, en su lengua materna, el hausa, Maryamu habla con <strong>Ayuda a la Iglesia Necesitada<\/strong>\u00a0sobre su calvario y la ayuda obtenida en el centro de trauma construido con el apoyo econ\u00f3mico de ACN.<\/em><\/p>\n<h4><strong>\u00bfC\u00f3mo describir\u00edas lo que pasaste?<\/strong><\/h4>\n<p>\u00a1Nueve a\u00f1os en esclavitud! \u00a1Nueve a\u00f1os de torturas! \u00a1Nueve a\u00f1os de agon\u00eda! Hemos sufrido mucho a manos de esa gente despiadada y sin coraz\u00f3n. Durante nueve a\u00f1os vimos derramar la sangre inocente de mis hermanos cristianos, asesinados por gente que no valora la vida. Asesinaban sin remordimientos, como si fuera algo normal. Esos nueve a\u00f1os desperdiciados en el bosque de Sambisa no pueden olvidarse en un abrir y cerrar de ojos. Las palabras no hacen justicia a lo que he vivido.<\/p>\n<h4><strong>\u00bfCu\u00e1ndo y c\u00f3mo te capturaron?<\/strong><\/h4>\n<p>Boko Haram atac\u00f3 mi comunidad en febrero de 2013. Despu\u00e9s de una matanza que dej\u00f3 innumerables muertos, nos llevaron a 22 de nosotros a un espeso bosque,\u00a0 caminamos durante 22 d\u00edas antes de llegar a nuestro destino. Encerraron a los cristianos en jaulas, como si fueran animales,\u00a0 lo primero que hicieron fue convertirnos a la fuerza al islam. Me cambiaron el nombre por el de Aisha, un nombre musulm\u00e1n,\u00a0 nos advirtieron que no rez\u00e1ramos como cristianos o nos matar\u00edan. Cuando cumpl\u00ed 10 a\u00f1os, quisieron casarme con uno de sus jefes pero me negu\u00e9. Como castigo, me encerraron en una jaula durante todo un a\u00f1o. Me tra\u00edan comida una vez al d\u00eda y la introduc\u00edan por debajo de la puerta sin abrir nunca la jaula.<\/p>\n<p>En noviembre de 2019, Boko Haram captur\u00f3 a dos de mis hermanos y los llevaron al campamento. Solo Dios sabe lo que sent\u00ed cuando los vi. Estaba llena de una intensa ira, ten\u00eda ganas de coger un machete y descuartizarlos uno a uno. Ante mis ojos, cogieron a uno de mis hermanos y lo mataron. Le cortaron la cabeza, luego las manos, las piernas y el est\u00f3mago. Trataron el cuerpo de mi hermano como un pollo antes de ser cocinado. Totalmente desolada, me preguntaba: \u201c\u00bfQui\u00e9n ser\u00e1 el siguiente?\u201d. Unos d\u00edas despu\u00e9s, empec\u00e9 a tener pesadillas y a sufrir alucinaciones. Ve\u00eda a gente y o\u00eda voces que ni siquiera conoc\u00eda. A veces, personas armadas se acercaban a m\u00ed para hacerme da\u00f1o,\u00a0 cuando gritaba, sent\u00eda una mano en el hombro y uno de mis compa\u00f1eros me dec\u00eda: \u201c\u00a1C\u00e1lmate! \u00a1Respira! Te pondr\u00e1s bien\u201d. Era entonces cuando me daba cuenta de que s\u00f3lo era un sue\u00f1o.<\/p>\n<figure id=\"attachment_175388\" aria-describedby=\"caption-attachment-175388\" style=\"width: 670px\" class=\"wp-caption aligncenter\"><img loading=\"lazy\" decoding=\"async\" class=\"wp-image-175388 size-full\" src=\"https:\/\/media.acninternational.org\/wp-content\/uploads\/2022\/10\/pequena-16.png\" alt=\"boko haram nigeria\" width=\"670\" height=\"400\" srcset=\"https:\/\/media.acninternational.org\/wp-content\/uploads\/2022\/10\/pequena-16.png 670w, https:\/\/media.acninternational.org\/wp-content\/uploads\/2022\/10\/pequena-16-300x179.png 300w\" sizes=\"auto, (max-width: 670px) 100vw, 670px\" \/><figcaption id=\"caption-attachment-175388\" class=\"wp-caption-text\">Maryamu Joseph (16 a\u00f1os), que escap\u00f3 de Boko Haram tras estar retenida durante nueve a\u00f1os<\/figcaption><\/figure>\n<h4><strong>Permaneciste cautiva durante nueve a\u00f1os. \u00bfC\u00f3mo te las arreglaste para escapar?<\/strong><\/h4>\n<p>El 8 de julio de 2022, en torno a la una de la madrugada, el campamento estaba en calma y todo el mundo dorm\u00eda excepto mis compa\u00f1eros de caba\u00f1a y yo,\u00a0 entonces los doce decidimos escapar. Al principio, no sab\u00eda si quedarme por mi hermana peque\u00f1a, que estaba en otra caba\u00f1a, pero cuando pensaba que podr\u00eda pasarme el resto de mi vida en ese campamento, decid\u00ed que ten\u00eda que irme, pasara lo que pasara. Nos escabullimos del campamento y corrimos por el espeso bosque. Seguimos avanzando todo lo que nos permit\u00edan nuestras piernas, durante dos d\u00edas, hasta que finalmente alcanzamos Maiduguri el 10 de julio de 2022. Cuando llegamos, me desmay\u00e9,\u00a0 cuando despert\u00e9 estaba en los brazos de un buen samaritano que nos dio agua y comida para recuperar fuerzas. M\u00e1s adelante, llegu\u00e9 al campamento gestionado por la Iglesia.<\/p>\n<h4><strong>\u00bfC\u00f3mo ha sido tu experiencia en el centro de trauma?<\/strong><\/h4>\n<p>Lo primero que hicieron fue rezar por m\u00ed y animarme a regresar a la fe. Estoy feliz de haber vuelto al cristianismo,\u00a0 desde que volv\u00ed a Maiduguri el dolor ha disminuido. Espero que, con el tiempo, Dios me ayude a superar mi amargura y a abrazar la paz, aunque no veo que eso vaya a ocurrir pronto. Todav\u00eda siento ese dolor resonando en mis o\u00eddos,\u00a0 sigo teniendo pesadillas, aunque no tan graves como antes. Gracias al Centro de Trauma ya no alucino.<\/p>\n<h4><strong>\u00bfQu\u00e9 has aprendido en el centro de trauma?<\/strong><\/h4>\n<p>Cuando llegu\u00e9 a Maiduguri, antes de iniciar mi proceso de curaci\u00f3n, \u00a1no pod\u00eda soportar a los hombres! No pod\u00eda mirarles a los ojos. Me daban asco. Ahora, gracias a mi proceso de curaci\u00f3n, he aprendido a dejar de lado el odio.<\/p>\n<p>Creo que he aprendido a adaptarme al mundo exterior y a hablar con la gente. Mi relaci\u00f3n con mis cuidadores se est\u00e1 volviendo muy amistosa, ya no es agresiva, como al principio de mi proceso de curaci\u00f3n.<\/p>\n<p>En cuanto a mi formaci\u00f3n, quiero aprender a hacer bonitos vestidos, zapatos y bolsos.<\/p>\n<figure id=\"attachment_175394\" aria-describedby=\"caption-attachment-175394\" style=\"width: 670px\" class=\"wp-caption aligncenter\"><img loading=\"lazy\" decoding=\"async\" class=\"wp-image-175394 size-full\" src=\"https:\/\/media.acninternational.org\/wp-content\/uploads\/2022\/10\/pequena-17.png\" alt=\"boko haram nigeria\" width=\"670\" height=\"400\" srcset=\"https:\/\/media.acninternational.org\/wp-content\/uploads\/2022\/10\/pequena-17.png 670w, https:\/\/media.acninternational.org\/wp-content\/uploads\/2022\/10\/pequena-17-300x179.png 300w\" sizes=\"auto, (max-width: 670px) 100vw, 670px\" \/><figcaption id=\"caption-attachment-175394\" class=\"wp-caption-text\">La vista trasera que muestra la unidad de restauraci\u00f3n desde el centro de traumatolog\u00eda<\/figcaption><\/figure>\n<h4><strong>\u00bfTu sufrimiento te ha acercado a Dios?<\/strong><\/h4>\n<p>Lo que pas\u00e9 me alej\u00f3 de Dios,\u00a0 me resulta muy dif\u00edcil volver a \u00c9l, porque me cuesta recuperar la confianza en \u00c9l. Yo intento convencerme a m\u00ed misma de que \u00c9l sigue siendo Dios, pero no lo asimilo. Me sent\u00ed abandonada por Dios por lo que pas\u00f3. Dicen que Dios es todopoderoso y que no es un Dios parcial. Entonces, \u00bfpor qu\u00e9 no me ayud\u00f3 cuando m\u00e1s lo necesitaba?<\/p>\n<h4><strong>\u00bfTodo esto ha supuesto un reto para tu fe?<\/strong><\/h4>\n<p>S\u00ed, pero d\u00eda a d\u00eda voy mejorando. Volver al cristianismo despu\u00e9s de nueve a\u00f1os practicando el islam supone un gran esfuerzo. Al principio parece casi imposible. Mi mente sigue estando llena de ira, amargura y angustia,\u00a0 el dolor va y viene. Un minuto estoy feliz y al siguiente regresa el dolor.<\/p>\n<h4><strong>\u00bfCrees que puedes perdonar a los que te hicieron da\u00f1o a ti y a tus seres queridos?<\/strong><\/h4>\n<p>\u00bfPerdonar a esos seres desalmados? No creo que sea capaz de perdonarlos. Necesito tiempo para digerir todo lo que me ha sucedido y entonces, tal vez, pero s\u00f3lo tal vez, podamos hablar de perd\u00f3n. Pero hoy no, hoy no puedo perdonarlos.<\/p>\n<h4><strong>\u00bfCu\u00e1les son tus esperanzas con vistas al futuro?<\/strong><\/h4>\n<p>En este momento no pienso en eso. Ahora, s\u00f3lo quiero volver a ser yo. Quiero liberarme del dolor y la angustia que siento. Pero me gustar\u00eda recibir una educaci\u00f3n, ir a la escuela, aprender a hacer amigos y a hablar en ingl\u00e9s.<\/p>\n<p>Me gustar\u00eda estudiar Derecho para defender a los indefensos. Hago un llamamiento a todos los que han sido tocados por Dios para que me ayuden. No me siento plena ni verdaderamente segura, necesito salir de este entorno y empezar de nuevo. Me har\u00eda muy feliz conseguir una beca para ir a la escuela. S\u00f3lo estoy pensando en voz alta, pero me har\u00eda mucha ilusi\u00f3n que mi deseo se cumpliera.<\/p>\n<p><em>El Centro de Trauma de la di\u00f3cesis de Maiduguri se construy\u00f3 con la ayuda econ\u00f3mica de <strong>Ayuda a la Iglesia Necesitada<\/strong>. Este centro, destinado a ayudar a las personas que han sufrido diversas formas de violencia a manos de Boko Haram, se inaugurar\u00e1 oficialmente en noviembre, pero ya ha ayudado a m\u00e1s de veinte personas a superar casos severos de traumas y estr\u00e9s postraum\u00e1tico,\u00a0 adem\u00e1s ofrece asesoramiento y una formaci\u00f3n profesional a las v\u00edctimas. El centro ya cuenta con un equipo de 24 personas que trabajan en su asesoramiento e integraci\u00f3n social, pero hay planes para emplear a otras veinte m\u00e1s. Cuando alcance su m\u00e1xima capacidad, este centro podr\u00e1 atender a cuarenta v\u00edctimas a la vez.<\/em><\/p>\n","protected":false},"excerpt":{"rendered":"<p>Hace dos meses, Maryamu (16 a\u00f1os) escap\u00f3 de Boko Haram despu\u00e9s de estar retenida durante nueve a\u00f1os. Sus hermanos tambi\u00e9n fueron cautivados.<\/p>\n","protected":false},"author":4258341447,"featured_media":175387,"comment_status":"closed","ping_status":"closed","sticky":false,"template":"","format":"standard","meta":{"_acf_changed":false,"_acn_coauthor_ids":[],"_acn_featured_article":false,"footnotes":""},"categories":[745,237],"tags":[],"country":[408],"class_list":["post-175401","post","type-post","status-publish","format-standard","has-post-thumbnail","hentry","category-entrevistas","category-sin-categorizar","country-nigeria-es"],"acn_coauthors":[],"acf":[],"yoast_head":"<!-- This site is optimized with the Yoast SEO Premium plugin v27.5 (Yoast SEO v27.5) - https:\/\/yoast.com\/product\/yoast-seo-premium-wordpress\/ -->\n<title>Escap\u00f3 de Boko Haram: la historia de Maryamu | ACN International<\/title>\n<meta name=\"description\" content=\"Hace dos meses, Maryamu (16 a\u00f1os) escap\u00f3 de Boko Haram despu\u00e9s de estar retenida durante nueve a\u00f1os. Sus hermanos tambi\u00e9n fueron cautivados.\" \/>\n<meta name=\"robots\" content=\"index, follow, max-snippet:-1, max-image-preview:large, max-video-preview:-1\" \/>\n<link rel=\"canonical\" href=\"https:\/\/acninternational.org\/es\/escapo-de-boko-haram-la-historia-de-maryamu\/\" \/>\n<meta property=\"og:locale\" content=\"es_ES\" \/>\n<meta property=\"og:type\" content=\"article\" \/>\n<meta property=\"og:title\" content=\"Escap\u00f3 de Boko Haram: la historia de Maryamu\" \/>\n<meta property=\"og:description\" content=\"Hace dos meses, Maryamu (16 a\u00f1os) escap\u00f3 de Boko Haram despu\u00e9s de estar retenida durante nueve a\u00f1os.\" \/>\n<meta property=\"og:url\" content=\"https:\/\/acninternational.org\/es\/escapo-de-boko-haram-la-historia-de-maryamu\/\" \/>\n<meta property=\"og:site_name\" content=\"ACN International\" \/>\n<meta property=\"article:publisher\" content=\"https:\/\/www.facebook.com\/acninternationalorg\" \/>\n<meta property=\"article:published_time\" content=\"2022-10-25T08:47:24+00:00\" \/>\n<meta property=\"article:modified_time\" content=\"2024-09-05T08:26:13+00:00\" \/>\n<meta property=\"og:image\" content=\"https:\/\/media.acninternational.org\/wp-content\/uploads\/2022\/10\/heading-2022-10-25T104235.620-1.png\" \/>\n\t<meta property=\"og:image:width\" content=\"2000\" \/>\n\t<meta property=\"og:image:height\" content=\"625\" \/>\n\t<meta property=\"og:image:type\" content=\"image\/png\" \/>\n<meta name=\"author\" content=\"ACN Press Team\" \/>\n<meta name=\"twitter:card\" content=\"summary_large_image\" \/>\n<meta name=\"twitter:title\" content=\"Escap\u00f3 de Boko Haram: la historia de Maryamu\" \/>\n<meta name=\"twitter:description\" content=\"Hace dos meses, Maryamu (16 a\u00f1os) escap\u00f3 de Boko Haram despu\u00e9s de estar retenida durante nueve a\u00f1os.\" \/>\n<meta name=\"twitter:creator\" content=\"@acn_int\" \/>\n<meta name=\"twitter:site\" content=\"@acn_int\" \/>\n<meta name=\"twitter:label1\" content=\"Escrito por\" \/>\n\t<meta name=\"twitter:data1\" content=\"ACN Press Team\" \/>\n\t<meta name=\"twitter:label2\" content=\"Tiempo de lectura\" \/>\n\t<meta name=\"twitter:data2\" content=\"7 minutos\" \/>\n<script type=\"application\/ld+json\" class=\"yoast-schema-graph\">{\"@context\":\"https:\\\/\\\/schema.org\",\"@graph\":[{\"@type\":\"Article\",\"@id\":\"https:\\\/\\\/acninternational.org\\\/es\\\/escapo-de-boko-haram-la-historia-de-maryamu\\\/#article\",\"isPartOf\":{\"@id\":\"https:\\\/\\\/acninternational.org\\\/es\\\/escapo-de-boko-haram-la-historia-de-maryamu\\\/\"},\"author\":{\"name\":\"ACN Press Team\",\"@id\":\"https:\\\/\\\/acninternational.org\\\/es\\\/#\\\/schema\\\/person\\\/7f3dafb236b242fb2aa46be1411fd703\"},\"headline\":\"Nueve a\u00f1os en manos de Boko Haram. \u201cLas palabras no hacen justicia a lo que he sufrido\u201d\",\"datePublished\":\"2022-10-25T08:47:24+00:00\",\"dateModified\":\"2024-09-05T08:26:13+00:00\",\"mainEntityOfPage\":{\"@id\":\"https:\\\/\\\/acninternational.org\\\/es\\\/escapo-de-boko-haram-la-historia-de-maryamu\\\/\"},\"wordCount\":1396,\"publisher\":{\"@id\":\"https:\\\/\\\/acninternational.org\\\/es\\\/#organization\"},\"image\":{\"@id\":\"https:\\\/\\\/acninternational.org\\\/es\\\/escapo-de-boko-haram-la-historia-de-maryamu\\\/#primaryimage\"},\"thumbnailUrl\":\"https:\\\/\\\/media.acninternational.org\\\/wp-content\\\/uploads\\\/2022\\\/10\\\/heading-2022-10-25T104235.620-1.png\",\"articleSection\":[\"ENTREVISTAS\",\"Sin categorizar\"],\"inLanguage\":\"es\"},{\"@type\":\"WebPage\",\"@id\":\"https:\\\/\\\/acninternational.org\\\/es\\\/escapo-de-boko-haram-la-historia-de-maryamu\\\/\",\"url\":\"https:\\\/\\\/acninternational.org\\\/es\\\/escapo-de-boko-haram-la-historia-de-maryamu\\\/\",\"name\":\"Escap\u00f3 de Boko Haram: la historia de Maryamu | ACN International\",\"isPartOf\":{\"@id\":\"https:\\\/\\\/acninternational.org\\\/es\\\/#website\"},\"primaryImageOfPage\":{\"@id\":\"https:\\\/\\\/acninternational.org\\\/es\\\/escapo-de-boko-haram-la-historia-de-maryamu\\\/#primaryimage\"},\"image\":{\"@id\":\"https:\\\/\\\/acninternational.org\\\/es\\\/escapo-de-boko-haram-la-historia-de-maryamu\\\/#primaryimage\"},\"thumbnailUrl\":\"https:\\\/\\\/media.acninternational.org\\\/wp-content\\\/uploads\\\/2022\\\/10\\\/heading-2022-10-25T104235.620-1.png\",\"datePublished\":\"2022-10-25T08:47:24+00:00\",\"dateModified\":\"2024-09-05T08:26:13+00:00\",\"description\":\"Hace dos meses, Maryamu (16 a\u00f1os) escap\u00f3 de Boko Haram despu\u00e9s de estar retenida durante nueve a\u00f1os. Sus hermanos tambi\u00e9n fueron cautivados.\",\"breadcrumb\":{\"@id\":\"https:\\\/\\\/acninternational.org\\\/es\\\/escapo-de-boko-haram-la-historia-de-maryamu\\\/#breadcrumb\"},\"inLanguage\":\"es\",\"potentialAction\":[{\"@type\":\"ReadAction\",\"target\":[\"https:\\\/\\\/acninternational.org\\\/es\\\/escapo-de-boko-haram-la-historia-de-maryamu\\\/\"]}]},{\"@type\":\"ImageObject\",\"inLanguage\":\"es\",\"@id\":\"https:\\\/\\\/acninternational.org\\\/es\\\/escapo-de-boko-haram-la-historia-de-maryamu\\\/#primaryimage\",\"url\":\"https:\\\/\\\/media.acninternational.org\\\/wp-content\\\/uploads\\\/2022\\\/10\\\/heading-2022-10-25T104235.620-1.png\",\"contentUrl\":\"https:\\\/\\\/media.acninternational.org\\\/wp-content\\\/uploads\\\/2022\\\/10\\\/heading-2022-10-25T104235.620-1.png\",\"width\":2000,\"height\":625,\"caption\":\"Maryamu Joseph (16 a\u00f1os), que escap\u00f3 de Boko Haram tras estar retenida durante nueve a\u00f1os\"},{\"@type\":\"BreadcrumbList\",\"@id\":\"https:\\\/\\\/acninternational.org\\\/es\\\/escapo-de-boko-haram-la-historia-de-maryamu\\\/#breadcrumb\",\"itemListElement\":[{\"@type\":\"ListItem\",\"position\":1,\"name\":\"Home\",\"item\":\"https:\\\/\\\/acninternational.org\\\/es\\\/\"},{\"@type\":\"ListItem\",\"position\":2,\"name\":\"ENTREVISTAS\",\"item\":\"https:\\\/\\\/acninternational.org\\\/es\\\/category\\\/entrevistas\\\/\"},{\"@type\":\"ListItem\",\"position\":3,\"name\":\"Nueve a\u00f1os en manos de Boko Haram. \u201cLas palabras no hacen justicia a lo que he sufrido\u201d\"}]},{\"@type\":\"WebSite\",\"@id\":\"https:\\\/\\\/acninternational.org\\\/es\\\/#website\",\"url\":\"https:\\\/\\\/acninternational.org\\\/es\\\/\",\"name\":\"ACN International\",\"description\":\"\",\"publisher\":{\"@id\":\"https:\\\/\\\/acninternational.org\\\/es\\\/#organization\"},\"potentialAction\":[{\"@type\":\"SearchAction\",\"target\":{\"@type\":\"EntryPoint\",\"urlTemplate\":\"https:\\\/\\\/acninternational.org\\\/es\\\/?s={search_term_string}\"},\"query-input\":{\"@type\":\"PropertyValueSpecification\",\"valueRequired\":true,\"valueName\":\"search_term_string\"}}],\"inLanguage\":\"es\"},{\"@type\":\"Organization\",\"@id\":\"https:\\\/\\\/acninternational.org\\\/es\\\/#organization\",\"name\":\"Aid to the Church in Need International\",\"url\":\"https:\\\/\\\/acninternational.org\\\/es\\\/\",\"logo\":{\"@type\":\"ImageObject\",\"inLanguage\":\"es\",\"@id\":\"https:\\\/\\\/acninternational.org\\\/es\\\/#\\\/schema\\\/logo\\\/image\\\/\",\"url\":\"https:\\\/\\\/media.acninternational.org\\\/wp-content\\\/uploads\\\/2019\\\/11\\\/acn_logo_blackvector.svg\",\"contentUrl\":\"https:\\\/\\\/media.acninternational.org\\\/wp-content\\\/uploads\\\/2019\\\/11\\\/acn_logo_blackvector.svg\",\"width\":232.6,\"height\":78,\"caption\":\"Aid to the Church in Need International\"},\"image\":{\"@id\":\"https:\\\/\\\/acninternational.org\\\/es\\\/#\\\/schema\\\/logo\\\/image\\\/\"},\"sameAs\":[\"https:\\\/\\\/www.facebook.com\\\/acninternationalorg\",\"https:\\\/\\\/x.com\\\/acn_int\",\"https:\\\/\\\/www.youtube.com\\\/channel\\\/UCQ-077gS0TnVzkhHmf1opZw\",\"https:\\\/\\\/www.instagram.com\\\/acn_international\\\/\"]},{\"@type\":\"Person\",\"@id\":\"https:\\\/\\\/acninternational.org\\\/es\\\/#\\\/schema\\\/person\\\/7f3dafb236b242fb2aa46be1411fd703\",\"name\":\"ACN Press Team\",\"description\":\"Lorem ipsum dolor sit amet, consectetur adipiscing elit, sed do eiusmod tempor incididunt ut labore et dolore magna aliqua. Ut enim ad minim veniam, quis nostrud exercitation ullamco laboris nisi ut aliquip ex ea commodo consequat.\",\"url\":\"https:\\\/\\\/acninternational.org\\\/es\\\/author\\\/acn-press-team\\\/\"}]}<\/script>\n<!-- \/ Yoast SEO Premium plugin. -->","yoast_head_json":{"title":"Escap\u00f3 de Boko Haram: la historia de Maryamu | ACN International","description":"Hace dos meses, Maryamu (16 a\u00f1os) escap\u00f3 de Boko Haram despu\u00e9s de estar retenida durante nueve a\u00f1os. Sus hermanos tambi\u00e9n fueron cautivados.","robots":{"index":"index","follow":"follow","max-snippet":"max-snippet:-1","max-image-preview":"max-image-preview:large","max-video-preview":"max-video-preview:-1"},"canonical":"https:\/\/acninternational.org\/es\/escapo-de-boko-haram-la-historia-de-maryamu\/","og_locale":"es_ES","og_type":"article","og_title":"Escap\u00f3 de Boko Haram: la historia de Maryamu","og_description":"Hace dos meses, Maryamu (16 a\u00f1os) escap\u00f3 de Boko Haram despu\u00e9s de estar retenida durante nueve a\u00f1os.","og_url":"https:\/\/acninternational.org\/es\/escapo-de-boko-haram-la-historia-de-maryamu\/","og_site_name":"ACN International","article_publisher":"https:\/\/www.facebook.com\/acninternationalorg","article_published_time":"2022-10-25T08:47:24+00:00","article_modified_time":"2024-09-05T08:26:13+00:00","og_image":[{"width":2000,"height":625,"url":"https:\/\/media.acninternational.org\/wp-content\/uploads\/2022\/10\/heading-2022-10-25T104235.620-1.png","type":"image\/png"}],"author":"ACN Press Team","twitter_card":"summary_large_image","twitter_title":"Escap\u00f3 de Boko Haram: la historia de Maryamu","twitter_description":"Hace dos meses, Maryamu (16 a\u00f1os) escap\u00f3 de Boko Haram despu\u00e9s de estar retenida durante nueve a\u00f1os.","twitter_creator":"@acn_int","twitter_site":"@acn_int","twitter_misc":{"Escrito por":"ACN Press Team","Tiempo de lectura":"7 minutos"},"schema":{"@context":"https:\/\/schema.org","@graph":[{"@type":"Article","@id":"https:\/\/acninternational.org\/es\/escapo-de-boko-haram-la-historia-de-maryamu\/#article","isPartOf":{"@id":"https:\/\/acninternational.org\/es\/escapo-de-boko-haram-la-historia-de-maryamu\/"},"author":{"name":"ACN Press Team","@id":"https:\/\/acninternational.org\/es\/#\/schema\/person\/7f3dafb236b242fb2aa46be1411fd703"},"headline":"Nueve a\u00f1os en manos de Boko Haram. \u201cLas palabras no hacen justicia a lo que he sufrido\u201d","datePublished":"2022-10-25T08:47:24+00:00","dateModified":"2024-09-05T08:26:13+00:00","mainEntityOfPage":{"@id":"https:\/\/acninternational.org\/es\/escapo-de-boko-haram-la-historia-de-maryamu\/"},"wordCount":1396,"publisher":{"@id":"https:\/\/acninternational.org\/es\/#organization"},"image":{"@id":"https:\/\/acninternational.org\/es\/escapo-de-boko-haram-la-historia-de-maryamu\/#primaryimage"},"thumbnailUrl":"https:\/\/media.acninternational.org\/wp-content\/uploads\/2022\/10\/heading-2022-10-25T104235.620-1.png","articleSection":["ENTREVISTAS","Sin categorizar"],"inLanguage":"es"},{"@type":"WebPage","@id":"https:\/\/acninternational.org\/es\/escapo-de-boko-haram-la-historia-de-maryamu\/","url":"https:\/\/acninternational.org\/es\/escapo-de-boko-haram-la-historia-de-maryamu\/","name":"Escap\u00f3 de Boko Haram: la historia de Maryamu | ACN International","isPartOf":{"@id":"https:\/\/acninternational.org\/es\/#website"},"primaryImageOfPage":{"@id":"https:\/\/acninternational.org\/es\/escapo-de-boko-haram-la-historia-de-maryamu\/#primaryimage"},"image":{"@id":"https:\/\/acninternational.org\/es\/escapo-de-boko-haram-la-historia-de-maryamu\/#primaryimage"},"thumbnailUrl":"https:\/\/media.acninternational.org\/wp-content\/uploads\/2022\/10\/heading-2022-10-25T104235.620-1.png","datePublished":"2022-10-25T08:47:24+00:00","dateModified":"2024-09-05T08:26:13+00:00","description":"Hace dos meses, Maryamu (16 a\u00f1os) escap\u00f3 de Boko Haram despu\u00e9s de estar retenida durante nueve a\u00f1os. Sus hermanos tambi\u00e9n fueron cautivados.","breadcrumb":{"@id":"https:\/\/acninternational.org\/es\/escapo-de-boko-haram-la-historia-de-maryamu\/#breadcrumb"},"inLanguage":"es","potentialAction":[{"@type":"ReadAction","target":["https:\/\/acninternational.org\/es\/escapo-de-boko-haram-la-historia-de-maryamu\/"]}]},{"@type":"ImageObject","inLanguage":"es","@id":"https:\/\/acninternational.org\/es\/escapo-de-boko-haram-la-historia-de-maryamu\/#primaryimage","url":"https:\/\/media.acninternational.org\/wp-content\/uploads\/2022\/10\/heading-2022-10-25T104235.620-1.png","contentUrl":"https:\/\/media.acninternational.org\/wp-content\/uploads\/2022\/10\/heading-2022-10-25T104235.620-1.png","width":2000,"height":625,"caption":"Maryamu Joseph (16 a\u00f1os), que escap\u00f3 de Boko Haram tras estar retenida durante nueve a\u00f1os"},{"@type":"BreadcrumbList","@id":"https:\/\/acninternational.org\/es\/escapo-de-boko-haram-la-historia-de-maryamu\/#breadcrumb","itemListElement":[{"@type":"ListItem","position":1,"name":"Home","item":"https:\/\/acninternational.org\/es\/"},{"@type":"ListItem","position":2,"name":"ENTREVISTAS","item":"https:\/\/acninternational.org\/es\/category\/entrevistas\/"},{"@type":"ListItem","position":3,"name":"Nueve a\u00f1os en manos de Boko Haram. \u201cLas palabras no hacen justicia a lo que he sufrido\u201d"}]},{"@type":"WebSite","@id":"https:\/\/acninternational.org\/es\/#website","url":"https:\/\/acninternational.org\/es\/","name":"ACN International","description":"","publisher":{"@id":"https:\/\/acninternational.org\/es\/#organization"},"potentialAction":[{"@type":"SearchAction","target":{"@type":"EntryPoint","urlTemplate":"https:\/\/acninternational.org\/es\/?s={search_term_string}"},"query-input":{"@type":"PropertyValueSpecification","valueRequired":true,"valueName":"search_term_string"}}],"inLanguage":"es"},{"@type":"Organization","@id":"https:\/\/acninternational.org\/es\/#organization","name":"Aid to the Church in Need International","url":"https:\/\/acninternational.org\/es\/","logo":{"@type":"ImageObject","inLanguage":"es","@id":"https:\/\/acninternational.org\/es\/#\/schema\/logo\/image\/","url":"https:\/\/media.acninternational.org\/wp-content\/uploads\/2019\/11\/acn_logo_blackvector.svg","contentUrl":"https:\/\/media.acninternational.org\/wp-content\/uploads\/2019\/11\/acn_logo_blackvector.svg","width":232.6,"height":78,"caption":"Aid to the Church in Need International"},"image":{"@id":"https:\/\/acninternational.org\/es\/#\/schema\/logo\/image\/"},"sameAs":["https:\/\/www.facebook.com\/acninternationalorg","https:\/\/x.com\/acn_int","https:\/\/www.youtube.com\/channel\/UCQ-077gS0TnVzkhHmf1opZw","https:\/\/www.instagram.com\/acn_international\/"]},{"@type":"Person","@id":"https:\/\/acninternational.org\/es\/#\/schema\/person\/7f3dafb236b242fb2aa46be1411fd703","name":"ACN Press Team","description":"Lorem ipsum dolor sit amet, consectetur adipiscing elit, sed do eiusmod tempor incididunt ut labore et dolore magna aliqua. Ut enim ad minim veniam, quis nostrud exercitation ullamco laboris nisi ut aliquip ex ea commodo consequat.","url":"https:\/\/acninternational.org\/es\/author\/acn-press-team\/"}]}},"_links":{"self":[{"href":"https:\/\/acninternational.org\/es\/wp-json\/wp\/v2\/posts\/175401","targetHints":{"allow":["GET"]}}],"collection":[{"href":"https:\/\/acninternational.org\/es\/wp-json\/wp\/v2\/posts"}],"about":[{"href":"https:\/\/acninternational.org\/es\/wp-json\/wp\/v2\/types\/post"}],"author":[{"embeddable":true,"href":"https:\/\/acninternational.org\/es\/wp-json\/wp\/v2\/users\/4258341447"}],"replies":[{"embeddable":true,"href":"https:\/\/acninternational.org\/es\/wp-json\/wp\/v2\/comments?post=175401"}],"version-history":[{"count":0,"href":"https:\/\/acninternational.org\/es\/wp-json\/wp\/v2\/posts\/175401\/revisions"}],"wp:featuredmedia":[{"embeddable":true,"href":"https:\/\/acninternational.org\/es\/wp-json\/wp\/v2\/media\/175387"}],"wp:attachment":[{"href":"https:\/\/acninternational.org\/es\/wp-json\/wp\/v2\/media?parent=175401"}],"wp:term":[{"taxonomy":"category","embeddable":true,"href":"https:\/\/acninternational.org\/es\/wp-json\/wp\/v2\/categories?post=175401"},{"taxonomy":"post_tag","embeddable":true,"href":"https:\/\/acninternational.org\/es\/wp-json\/wp\/v2\/tags?post=175401"},{"taxonomy":"country","embeddable":true,"href":"https:\/\/acninternational.org\/es\/wp-json\/wp\/v2\/country?post=175401"}],"curies":[{"name":"wp","href":"https:\/\/api.w.org\/{rel}","templated":true}]}}