{"id":175363,"date":"2022-10-24T15:06:39","date_gmt":"2022-10-24T13:06:39","guid":{"rendered":"https:\/\/acninternational.org\/?p=175363"},"modified":"2025-02-28T09:14:35","modified_gmt":"2025-02-28T08:14:35","slug":"monja-asesinada-en-el-congo","status":"publish","type":"post","link":"https:\/\/acninternational.org\/es\/monja-asesinada-en-el-congo\/","title":{"rendered":"Monja asesinada en ataque en la Rep\u00fablica Democr\u00e1tica del Congo. \u00abEl terror contin\u00faa\u00bb, dice sacerdote misionero"},"content":{"rendered":"<p><em>Monja asesinada: un ataque terrorista en la Rep\u00fablica Democr\u00e1tica del Congo deja dos muertos y un hospital destruido en la aldea de Maboya.<\/em><\/p>\n<p>La hermana Marie-Sylvie Kavuke Vakatsuraki, de las Hermanitas de la Presentaci\u00f3n de Nuestra Se\u00f1ora en el Templo, de Butembo, fue una de las v\u00edctimas del ataque que tuvo lugar el mi\u00e9rcoles 19 de octubre, que ha sido reivindicado por las Fuerzas Democr\u00e1ticas Aliadas (ADF), un grupo yihadista ugand\u00e9s tambi\u00e9n conocido como Estado Isl\u00e1mico \u2013 Provincia Centroafricana (ISCAP).<\/p>\n<p>Los terroristas saquearon una farmacia y un hospital, que fue incendiado posteriormente. La religiosa y un paciente murieron quemados dentro del edificio.<\/p>\n<figure id=\"attachment_175356\" aria-describedby=\"caption-attachment-175356\" style=\"width: 670px\" class=\"wp-caption aligncenter\"><img loading=\"lazy\" decoding=\"async\" class=\"wp-image-175356 size-full\" src=\"https:\/\/media.acninternational.org\/wp-content\/uploads\/2022\/10\/pequena-13.png\" alt=\"monja asesinada en el congo\" width=\"670\" height=\"400\" srcset=\"https:\/\/media.acninternational.org\/wp-content\/uploads\/2022\/10\/pequena-13.png 670w, https:\/\/media.acninternational.org\/wp-content\/uploads\/2022\/10\/pequena-13-300x179.png 300w\" sizes=\"auto, (max-width: 670px) 100vw, 670px\" \/><figcaption id=\"caption-attachment-175356\" class=\"wp-caption-text\">Hermana Marie-Sylvie Kavuke Vakatsuraki<\/figcaption><\/figure>\n<p>En declaraciones a Aid to the Church in Need, el padre Marcelo Oliveira, jefe de los Misioneros Combonianos en la Rep\u00fablica Democr\u00e1tica del Congo, describi\u00f3 el \u00abterror\u00bb de esa noche. \u00abLos rebeldes de las ADF atacaron la aldea, y especificamente el hospital. Saquearon todo lo que encontraron, tomando medicinas, y al final prendieron fuego al edificio. Una monja, que tambi\u00e9n es doctora y estaba de guardia nocturna, fue quemada viva, junto con un paciente\u00bb.<\/p>\n<p>Tan pronto como se dio cuenta del ataque, la hermana Marie-Sylvie llam\u00f3 a la parroquia local para que los sacerdotes y religiosos pudieran huir. De lo contrario, la tragedia podr\u00eda haberse supuesto todav\u00eda m\u00e1s perdidas humanas.<\/p>\n<p>Una vez que el hospital fue destruido\u00bblos rebeldes continuaron su camino y prendieron fuego a otro hospital cercano. Todo esto sucedi\u00f3 en el territorio de Beni, que est\u00e1 a unos 20 kil\u00f3metros de la ciudad de Butembo y a 30 de la ciudad de Beni\u00bb, explica el padre Marcelo.<\/p>\n<figure id=\"attachment_175350\" aria-describedby=\"caption-attachment-175350\" style=\"width: 670px\" class=\"wp-caption aligncenter\"><img loading=\"lazy\" decoding=\"async\" class=\"wp-image-175350 size-full\" src=\"https:\/\/media.acninternational.org\/wp-content\/uploads\/2022\/10\/pequena-14-1.png\" alt=\"monja asesinada en congo\" width=\"670\" height=\"400\" srcset=\"https:\/\/media.acninternational.org\/wp-content\/uploads\/2022\/10\/pequena-14-1.png 670w, https:\/\/media.acninternational.org\/wp-content\/uploads\/2022\/10\/pequena-14-1-300x179.png 300w\" sizes=\"auto, (max-width: 670px) 100vw, 670px\" \/><figcaption id=\"caption-attachment-175350\" class=\"wp-caption-text\">El hospital de Maboya tras el ataque de los hombres armados<\/figcaption><\/figure>\n<h4>Muchas personas desaparecidas<\/h4>\n<p>Adem\u00e1s de las dos v\u00edctimas, tambi\u00e9n hay muchas personas desaparecidas y que probablemente fueron raptadas por los yihadistas para transportar los bienes saqueados. \u00abVarias personas desaparecieron, posiblemente llevadas como transporte para las medicinas y todo lo dem\u00e1s que saquearon de los hospitales, un par de farmacias y algunas tiendas\u00bb, explica el sacerdote portugu\u00e9s.<\/p>\n<p>As\u00ed mismo, el obispo Melquisedec Sikuli Paluku, en declaraciones enviadas a ACN, se declar\u00f3 \u00abprofundamente consternado que la di\u00f3cesis local de Butembo-Beni recibiera la triste noticia de un nuevo ataque armado contra la aldea de Maboya\u201d, que conden\u00f3<\/p>\n<p>firmemente, \u00abdeplorando la p\u00e9rdida de vidas humanas, en concreto la de la hermana Marie-Sylvie\u201d. \u201cNo hay palabras, tal es el horror; supera todos los l\u00edmites tolerables\u00bb, afirma.<\/p>\n<h4>\u00abTodo el mundo quiere escapar\u00bb<\/h4>\n<p>El padre Marcelo Oliveira declar\u00f3 a ACN que la Rep\u00fablica Democr\u00e1tica del Congo est\u00e1 experimentando una verdadera guerra que el mundo pretende ignorar, y que est\u00e1 causando una atm\u00f3sfera de terror entre la poblaci\u00f3n.<\/p>\n<p>\u00abEl terror contin\u00faa. Esta es una guerra oculta, silenciosa \u2013 o silenciada \u2013 para que nadie haga nada y la poblaci\u00f3n siga sufriendo. La gente est\u00e1 muerta de miedo, todo el mundo trata de escapar \u00ab, dice el misionero comboniano.<\/p>\n<p>La violencia extrema es causada por la gran riqueza en el suelo de este pa\u00eds africano, que ha sido literalmente saqueado durante a\u00f1os. \u00abEl terror que tuvo lugar en este pueblo es el mismo que sucede en tantos pueblos vecinos, pero eso no es recogido por las noticias. Hay muchos intereses en juego, mucha riquezas en esta parte del pa\u00eds\u00bb, a\u00f1ade.<\/p>\n<p>El tema de la inseguridad en el pa\u00eds ya hab\u00eda sido descrito por el padre Oliveira con motivo de la prevista visita del Papa Francisco el pa\u00eds en julio de este a\u00f1o. \u00abEl problema de la falta deseguridad es grave, tambi\u00e9n en las ciudades, pero especialmente en el Este del pa\u00eds, con muchos ataques armados, muchos conflictos tribales. Todo debido a las luchas por los minerales\u00bb, dijo el misionero en ese momento, refiri\u00e9ndose a riquezas como el oro, los diamantes, el cobalto y el colt\u00e1n, componente clave en la inform\u00e1tica, para las computadoras y tel\u00e9fonos inteligentes. <a href=\"https:\/\/acninternational.org\/popes-visit-to-congo-cancelled\/\" target=\"_blank\" rel=\"noopener\">La visita del Papa fue pospuesta por razones de salud.<\/a><\/p>\n<p>&nbsp;<\/p>\n","protected":false},"excerpt":{"rendered":"<p>\u00abSe trata de una guerra oculta, silenciosa -o silenciada- para que nadie haga nada y la poblaci\u00f3n siga sufriendo\u00bb<\/p>\n","protected":false},"author":4258341447,"featured_media":175349,"comment_status":"closed","ping_status":"closed","sticky":false,"template":"","format":"standard","meta":{"_acf_changed":false,"_acn_coauthor_ids":[],"_acn_featured_article":false,"footnotes":""},"categories":[746,1254],"tags":[],"country":[424],"class_list":["post-175363","post","type-post","status-publish","format-standard","has-post-thumbnail","hentry","category-noticias","category-news-es","country-republica-democratica-del-congo"],"acn_coauthors":[],"acf":[],"yoast_head":"<!-- This site is optimized with the Yoast SEO Premium plugin v27.5 (Yoast SEO v27.5) - https:\/\/yoast.com\/product\/yoast-seo-premium-wordpress\/ -->\n<title>Monja asesinada en el Congo | ACN International<\/title>\n<meta name=\"description\" content=\"Monja asesinada: un atentado en la RD del Congo dej\u00f3 dos muertos y un hospital destruido. La hermana Marie-Sylvie fue una de las v\u00edctimas.\" \/>\n<meta name=\"robots\" content=\"index, follow, max-snippet:-1, max-image-preview:large, max-video-preview:-1\" \/>\n<link rel=\"canonical\" href=\"https:\/\/acninternational.org\/es\/monja-asesinada-en-el-congo\/\" \/>\n<meta property=\"og:locale\" content=\"es_ES\" \/>\n<meta property=\"og:type\" content=\"article\" \/>\n<meta property=\"og:title\" content=\"Monja asesinada en el Congo\" \/>\n<meta property=\"og:description\" content=\"Un atentado en la RD del Congo dej\u00f3 dos muertos y un hospital destruido.\" \/>\n<meta property=\"og:url\" content=\"https:\/\/acninternational.org\/es\/monja-asesinada-en-el-congo\/\" \/>\n<meta property=\"og:site_name\" content=\"ACN International\" \/>\n<meta property=\"article:publisher\" content=\"https:\/\/www.facebook.com\/acninternationalorg\" \/>\n<meta property=\"article:published_time\" content=\"2022-10-24T13:06:39+00:00\" \/>\n<meta property=\"article:modified_time\" content=\"2025-02-28T08:14:35+00:00\" \/>\n<meta property=\"og:image\" content=\"https:\/\/media.acninternational.org\/wp-content\/uploads\/2022\/10\/grande-8-2.png\" \/>\n\t<meta property=\"og:image:width\" content=\"2000\" \/>\n\t<meta property=\"og:image:height\" content=\"625\" \/>\n\t<meta property=\"og:image:type\" content=\"image\/png\" \/>\n<meta name=\"author\" content=\"ACN Press Team\" \/>\n<meta name=\"twitter:card\" content=\"summary_large_image\" \/>\n<meta name=\"twitter:title\" content=\"Monja asesinada en el Congo\" \/>\n<meta name=\"twitter:description\" content=\"Un atentado en la RD del Congo dej\u00f3 dos muertos y un hospital destruido.\" \/>\n<meta name=\"twitter:creator\" content=\"@acn_int\" \/>\n<meta name=\"twitter:site\" content=\"@acn_int\" \/>\n<meta name=\"twitter:label1\" content=\"Escrito por\" \/>\n\t<meta name=\"twitter:data1\" content=\"ACN Press Team\" \/>\n\t<meta name=\"twitter:label2\" content=\"Tiempo de lectura\" \/>\n\t<meta name=\"twitter:data2\" content=\"4 minutos\" \/>\n<script type=\"application\/ld+json\" class=\"yoast-schema-graph\">{\"@context\":\"https:\\\/\\\/schema.org\",\"@graph\":[{\"@type\":\"Article\",\"@id\":\"https:\\\/\\\/acninternational.org\\\/es\\\/monja-asesinada-en-el-congo\\\/#article\",\"isPartOf\":{\"@id\":\"https:\\\/\\\/acninternational.org\\\/es\\\/monja-asesinada-en-el-congo\\\/\"},\"author\":{\"name\":\"ACN Press Team\",\"@id\":\"https:\\\/\\\/acninternational.org\\\/es\\\/#\\\/schema\\\/person\\\/7f3dafb236b242fb2aa46be1411fd703\"},\"headline\":\"Monja asesinada en ataque en la Rep\u00fablica Democr\u00e1tica del Congo. \u00abEl terror contin\u00faa\u00bb, dice sacerdote misionero\",\"datePublished\":\"2022-10-24T13:06:39+00:00\",\"dateModified\":\"2025-02-28T08:14:35+00:00\",\"mainEntityOfPage\":{\"@id\":\"https:\\\/\\\/acninternational.org\\\/es\\\/monja-asesinada-en-el-congo\\\/\"},\"wordCount\":716,\"publisher\":{\"@id\":\"https:\\\/\\\/acninternational.org\\\/es\\\/#organization\"},\"image\":{\"@id\":\"https:\\\/\\\/acninternational.org\\\/es\\\/monja-asesinada-en-el-congo\\\/#primaryimage\"},\"thumbnailUrl\":\"https:\\\/\\\/media.acninternational.org\\\/wp-content\\\/uploads\\\/2022\\\/10\\\/grande-8-2.png\",\"articleSection\":[\"NOTICIAS\",\"NOTICIAS\"],\"inLanguage\":\"es\"},{\"@type\":\"WebPage\",\"@id\":\"https:\\\/\\\/acninternational.org\\\/es\\\/monja-asesinada-en-el-congo\\\/\",\"url\":\"https:\\\/\\\/acninternational.org\\\/es\\\/monja-asesinada-en-el-congo\\\/\",\"name\":\"Monja asesinada en el Congo | ACN International\",\"isPartOf\":{\"@id\":\"https:\\\/\\\/acninternational.org\\\/es\\\/#website\"},\"primaryImageOfPage\":{\"@id\":\"https:\\\/\\\/acninternational.org\\\/es\\\/monja-asesinada-en-el-congo\\\/#primaryimage\"},\"image\":{\"@id\":\"https:\\\/\\\/acninternational.org\\\/es\\\/monja-asesinada-en-el-congo\\\/#primaryimage\"},\"thumbnailUrl\":\"https:\\\/\\\/media.acninternational.org\\\/wp-content\\\/uploads\\\/2022\\\/10\\\/grande-8-2.png\",\"datePublished\":\"2022-10-24T13:06:39+00:00\",\"dateModified\":\"2025-02-28T08:14:35+00:00\",\"description\":\"Monja asesinada: un atentado en la RD del Congo dej\u00f3 dos muertos y un hospital destruido. La hermana Marie-Sylvie fue una de las v\u00edctimas.\",\"breadcrumb\":{\"@id\":\"https:\\\/\\\/acninternational.org\\\/es\\\/monja-asesinada-en-el-congo\\\/#breadcrumb\"},\"inLanguage\":\"es\",\"potentialAction\":[{\"@type\":\"ReadAction\",\"target\":[\"https:\\\/\\\/acninternational.org\\\/es\\\/monja-asesinada-en-el-congo\\\/\"]}]},{\"@type\":\"ImageObject\",\"inLanguage\":\"es\",\"@id\":\"https:\\\/\\\/acninternational.org\\\/es\\\/monja-asesinada-en-el-congo\\\/#primaryimage\",\"url\":\"https:\\\/\\\/media.acninternational.org\\\/wp-content\\\/uploads\\\/2022\\\/10\\\/grande-8-2.png\",\"contentUrl\":\"https:\\\/\\\/media.acninternational.org\\\/wp-content\\\/uploads\\\/2022\\\/10\\\/grande-8-2.png\",\"width\":2000,\"height\":625,\"caption\":\"El hospital de Maboya tras el ataque de los hombres armados\"},{\"@type\":\"BreadcrumbList\",\"@id\":\"https:\\\/\\\/acninternational.org\\\/es\\\/monja-asesinada-en-el-congo\\\/#breadcrumb\",\"itemListElement\":[{\"@type\":\"ListItem\",\"position\":1,\"name\":\"Home\",\"item\":\"https:\\\/\\\/acninternational.org\\\/es\\\/\"},{\"@type\":\"ListItem\",\"position\":2,\"name\":\"NOTICIAS\",\"item\":\"https:\\\/\\\/acninternational.org\\\/es\\\/category\\\/news-es\\\/\"},{\"@type\":\"ListItem\",\"position\":3,\"name\":\"Monja asesinada en ataque en la Rep\u00fablica Democr\u00e1tica del Congo. \u00abEl terror contin\u00faa\u00bb, dice sacerdote misionero\"}]},{\"@type\":\"WebSite\",\"@id\":\"https:\\\/\\\/acninternational.org\\\/es\\\/#website\",\"url\":\"https:\\\/\\\/acninternational.org\\\/es\\\/\",\"name\":\"ACN International\",\"description\":\"\",\"publisher\":{\"@id\":\"https:\\\/\\\/acninternational.org\\\/es\\\/#organization\"},\"potentialAction\":[{\"@type\":\"SearchAction\",\"target\":{\"@type\":\"EntryPoint\",\"urlTemplate\":\"https:\\\/\\\/acninternational.org\\\/es\\\/?s={search_term_string}\"},\"query-input\":{\"@type\":\"PropertyValueSpecification\",\"valueRequired\":true,\"valueName\":\"search_term_string\"}}],\"inLanguage\":\"es\"},{\"@type\":\"Organization\",\"@id\":\"https:\\\/\\\/acninternational.org\\\/es\\\/#organization\",\"name\":\"Aid to the Church in Need International\",\"url\":\"https:\\\/\\\/acninternational.org\\\/es\\\/\",\"logo\":{\"@type\":\"ImageObject\",\"inLanguage\":\"es\",\"@id\":\"https:\\\/\\\/acninternational.org\\\/es\\\/#\\\/schema\\\/logo\\\/image\\\/\",\"url\":\"https:\\\/\\\/media.acninternational.org\\\/wp-content\\\/uploads\\\/2019\\\/11\\\/acn_logo_blackvector.svg\",\"contentUrl\":\"https:\\\/\\\/media.acninternational.org\\\/wp-content\\\/uploads\\\/2019\\\/11\\\/acn_logo_blackvector.svg\",\"width\":232.6,\"height\":78,\"caption\":\"Aid to the Church in Need International\"},\"image\":{\"@id\":\"https:\\\/\\\/acninternational.org\\\/es\\\/#\\\/schema\\\/logo\\\/image\\\/\"},\"sameAs\":[\"https:\\\/\\\/www.facebook.com\\\/acninternationalorg\",\"https:\\\/\\\/x.com\\\/acn_int\",\"https:\\\/\\\/www.youtube.com\\\/channel\\\/UCQ-077gS0TnVzkhHmf1opZw\",\"https:\\\/\\\/www.instagram.com\\\/acn_international\\\/\"]},{\"@type\":\"Person\",\"@id\":\"https:\\\/\\\/acninternational.org\\\/es\\\/#\\\/schema\\\/person\\\/7f3dafb236b242fb2aa46be1411fd703\",\"name\":\"ACN Press Team\",\"description\":\"Lorem ipsum dolor sit amet, consectetur adipiscing elit, sed do eiusmod tempor incididunt ut labore et dolore magna aliqua. Ut enim ad minim veniam, quis nostrud exercitation ullamco laboris nisi ut aliquip ex ea commodo consequat.\",\"url\":\"https:\\\/\\\/acninternational.org\\\/es\\\/author\\\/acn-press-team\\\/\"}]}<\/script>\n<!-- \/ Yoast SEO Premium plugin. -->","yoast_head_json":{"title":"Monja asesinada en el Congo | ACN International","description":"Monja asesinada: un atentado en la RD del Congo dej\u00f3 dos muertos y un hospital destruido. La hermana Marie-Sylvie fue una de las v\u00edctimas.","robots":{"index":"index","follow":"follow","max-snippet":"max-snippet:-1","max-image-preview":"max-image-preview:large","max-video-preview":"max-video-preview:-1"},"canonical":"https:\/\/acninternational.org\/es\/monja-asesinada-en-el-congo\/","og_locale":"es_ES","og_type":"article","og_title":"Monja asesinada en el Congo","og_description":"Un atentado en la RD del Congo dej\u00f3 dos muertos y un hospital destruido.","og_url":"https:\/\/acninternational.org\/es\/monja-asesinada-en-el-congo\/","og_site_name":"ACN International","article_publisher":"https:\/\/www.facebook.com\/acninternationalorg","article_published_time":"2022-10-24T13:06:39+00:00","article_modified_time":"2025-02-28T08:14:35+00:00","og_image":[{"width":2000,"height":625,"url":"https:\/\/media.acninternational.org\/wp-content\/uploads\/2022\/10\/grande-8-2.png","type":"image\/png"}],"author":"ACN Press Team","twitter_card":"summary_large_image","twitter_title":"Monja asesinada en el Congo","twitter_description":"Un atentado en la RD del Congo dej\u00f3 dos muertos y un hospital destruido.","twitter_creator":"@acn_int","twitter_site":"@acn_int","twitter_misc":{"Escrito por":"ACN Press Team","Tiempo de lectura":"4 minutos"},"schema":{"@context":"https:\/\/schema.org","@graph":[{"@type":"Article","@id":"https:\/\/acninternational.org\/es\/monja-asesinada-en-el-congo\/#article","isPartOf":{"@id":"https:\/\/acninternational.org\/es\/monja-asesinada-en-el-congo\/"},"author":{"name":"ACN Press Team","@id":"https:\/\/acninternational.org\/es\/#\/schema\/person\/7f3dafb236b242fb2aa46be1411fd703"},"headline":"Monja asesinada en ataque en la Rep\u00fablica Democr\u00e1tica del Congo. \u00abEl terror contin\u00faa\u00bb, dice sacerdote misionero","datePublished":"2022-10-24T13:06:39+00:00","dateModified":"2025-02-28T08:14:35+00:00","mainEntityOfPage":{"@id":"https:\/\/acninternational.org\/es\/monja-asesinada-en-el-congo\/"},"wordCount":716,"publisher":{"@id":"https:\/\/acninternational.org\/es\/#organization"},"image":{"@id":"https:\/\/acninternational.org\/es\/monja-asesinada-en-el-congo\/#primaryimage"},"thumbnailUrl":"https:\/\/media.acninternational.org\/wp-content\/uploads\/2022\/10\/grande-8-2.png","articleSection":["NOTICIAS","NOTICIAS"],"inLanguage":"es"},{"@type":"WebPage","@id":"https:\/\/acninternational.org\/es\/monja-asesinada-en-el-congo\/","url":"https:\/\/acninternational.org\/es\/monja-asesinada-en-el-congo\/","name":"Monja asesinada en el Congo | ACN International","isPartOf":{"@id":"https:\/\/acninternational.org\/es\/#website"},"primaryImageOfPage":{"@id":"https:\/\/acninternational.org\/es\/monja-asesinada-en-el-congo\/#primaryimage"},"image":{"@id":"https:\/\/acninternational.org\/es\/monja-asesinada-en-el-congo\/#primaryimage"},"thumbnailUrl":"https:\/\/media.acninternational.org\/wp-content\/uploads\/2022\/10\/grande-8-2.png","datePublished":"2022-10-24T13:06:39+00:00","dateModified":"2025-02-28T08:14:35+00:00","description":"Monja asesinada: un atentado en la RD del Congo dej\u00f3 dos muertos y un hospital destruido. La hermana Marie-Sylvie fue una de las v\u00edctimas.","breadcrumb":{"@id":"https:\/\/acninternational.org\/es\/monja-asesinada-en-el-congo\/#breadcrumb"},"inLanguage":"es","potentialAction":[{"@type":"ReadAction","target":["https:\/\/acninternational.org\/es\/monja-asesinada-en-el-congo\/"]}]},{"@type":"ImageObject","inLanguage":"es","@id":"https:\/\/acninternational.org\/es\/monja-asesinada-en-el-congo\/#primaryimage","url":"https:\/\/media.acninternational.org\/wp-content\/uploads\/2022\/10\/grande-8-2.png","contentUrl":"https:\/\/media.acninternational.org\/wp-content\/uploads\/2022\/10\/grande-8-2.png","width":2000,"height":625,"caption":"El hospital de Maboya tras el ataque de los hombres armados"},{"@type":"BreadcrumbList","@id":"https:\/\/acninternational.org\/es\/monja-asesinada-en-el-congo\/#breadcrumb","itemListElement":[{"@type":"ListItem","position":1,"name":"Home","item":"https:\/\/acninternational.org\/es\/"},{"@type":"ListItem","position":2,"name":"NOTICIAS","item":"https:\/\/acninternational.org\/es\/category\/news-es\/"},{"@type":"ListItem","position":3,"name":"Monja asesinada en ataque en la Rep\u00fablica Democr\u00e1tica del Congo. \u00abEl terror contin\u00faa\u00bb, dice sacerdote misionero"}]},{"@type":"WebSite","@id":"https:\/\/acninternational.org\/es\/#website","url":"https:\/\/acninternational.org\/es\/","name":"ACN International","description":"","publisher":{"@id":"https:\/\/acninternational.org\/es\/#organization"},"potentialAction":[{"@type":"SearchAction","target":{"@type":"EntryPoint","urlTemplate":"https:\/\/acninternational.org\/es\/?s={search_term_string}"},"query-input":{"@type":"PropertyValueSpecification","valueRequired":true,"valueName":"search_term_string"}}],"inLanguage":"es"},{"@type":"Organization","@id":"https:\/\/acninternational.org\/es\/#organization","name":"Aid to the Church in Need International","url":"https:\/\/acninternational.org\/es\/","logo":{"@type":"ImageObject","inLanguage":"es","@id":"https:\/\/acninternational.org\/es\/#\/schema\/logo\/image\/","url":"https:\/\/media.acninternational.org\/wp-content\/uploads\/2019\/11\/acn_logo_blackvector.svg","contentUrl":"https:\/\/media.acninternational.org\/wp-content\/uploads\/2019\/11\/acn_logo_blackvector.svg","width":232.6,"height":78,"caption":"Aid to the Church in Need International"},"image":{"@id":"https:\/\/acninternational.org\/es\/#\/schema\/logo\/image\/"},"sameAs":["https:\/\/www.facebook.com\/acninternationalorg","https:\/\/x.com\/acn_int","https:\/\/www.youtube.com\/channel\/UCQ-077gS0TnVzkhHmf1opZw","https:\/\/www.instagram.com\/acn_international\/"]},{"@type":"Person","@id":"https:\/\/acninternational.org\/es\/#\/schema\/person\/7f3dafb236b242fb2aa46be1411fd703","name":"ACN Press Team","description":"Lorem ipsum dolor sit amet, consectetur adipiscing elit, sed do eiusmod tempor incididunt ut labore et dolore magna aliqua. Ut enim ad minim veniam, quis nostrud exercitation ullamco laboris nisi ut aliquip ex ea commodo consequat.","url":"https:\/\/acninternational.org\/es\/author\/acn-press-team\/"}]}},"_links":{"self":[{"href":"https:\/\/acninternational.org\/es\/wp-json\/wp\/v2\/posts\/175363","targetHints":{"allow":["GET"]}}],"collection":[{"href":"https:\/\/acninternational.org\/es\/wp-json\/wp\/v2\/posts"}],"about":[{"href":"https:\/\/acninternational.org\/es\/wp-json\/wp\/v2\/types\/post"}],"author":[{"embeddable":true,"href":"https:\/\/acninternational.org\/es\/wp-json\/wp\/v2\/users\/4258341447"}],"replies":[{"embeddable":true,"href":"https:\/\/acninternational.org\/es\/wp-json\/wp\/v2\/comments?post=175363"}],"version-history":[{"count":0,"href":"https:\/\/acninternational.org\/es\/wp-json\/wp\/v2\/posts\/175363\/revisions"}],"wp:featuredmedia":[{"embeddable":true,"href":"https:\/\/acninternational.org\/es\/wp-json\/wp\/v2\/media\/175349"}],"wp:attachment":[{"href":"https:\/\/acninternational.org\/es\/wp-json\/wp\/v2\/media?parent=175363"}],"wp:term":[{"taxonomy":"category","embeddable":true,"href":"https:\/\/acninternational.org\/es\/wp-json\/wp\/v2\/categories?post=175363"},{"taxonomy":"post_tag","embeddable":true,"href":"https:\/\/acninternational.org\/es\/wp-json\/wp\/v2\/tags?post=175363"},{"taxonomy":"country","embeddable":true,"href":"https:\/\/acninternational.org\/es\/wp-json\/wp\/v2\/country?post=175363"}],"curies":[{"name":"wp","href":"https:\/\/api.w.org\/{rel}","templated":true}]}}