{"id":175319,"date":"2022-10-20T15:29:55","date_gmt":"2022-10-20T13:29:55","guid":{"rendered":"https:\/\/acninternational.org\/?p=175319"},"modified":"2022-10-21T10:54:06","modified_gmt":"2022-10-21T08:54:06","slug":"840000-personas-rezaron-por-paz-y-unidad","status":"publish","type":"post","link":"https:\/\/acninternational.org\/es\/840000-personas-rezaron-por-paz-y-unidad\/","title":{"rendered":"Presidente ejecutivo de ACN: \u00abAl menos 840.000 participantes de 140 pa\u00edses rezan por la paz y la unidad\u00bb"},"content":{"rendered":"<p>M\u00e1s de 840.000 participantes de 140 pa\u00edses diferentes rezaron uni\u00e9ndose al <a href=\"https:\/\/twitter.com\/Pontifex_es\/status\/1582333168962527233\">llamamiento del Papa Francisco<\/a> para que los ni\u00f1os se unan a la iniciativa \u00abUn mill\u00f3n de ni\u00f1os rezando el Rosario\u00bb, promovida por Ayuda a la Iglesia Necesitada (ACN), que ha tenido lugar el 18 de octubre.<\/p>\n<p>Estos datos solo incluyen a las personas registradas en el sitio web de ACN, por lo que es probable que las cifras finales de las personas que rezaron sean a\u00fan mayores, porque muchas personas participaron en el evento sin registrarse online.<\/p>\n<p>\u00abEstamos muy contentos con la respuesta. En todo el mundo, los ni\u00f1os se reunieron y rezaron por la paz, incluso en pa\u00edses actualmente en guerra. La Iglesia greco-cat\u00f3lica de Ucrania, por ejemplo, inform\u00f3 a ACN que la iniciativa fue promovida en todas sus parroquias. Tambi\u00e9n nos han llegado fotos de ni\u00f1os en Pemba, en Mozambique, que se ha visto gravemente afectado por el terrorismo en los \u00faltimos a\u00f1os\u00bb, explica Thomas Heine-Geldern, presidente ejecutivo de ACN International.<\/p>\n<figure id=\"attachment_175327\" aria-describedby=\"caption-attachment-175327\" style=\"width: 670px\" class=\"wp-caption alignnone\"><img loading=\"lazy\" decoding=\"async\" class=\"wp-image-175327 size-full\" src=\"https:\/\/media.acninternational.org\/wp-content\/uploads\/2022\/10\/pequena-14.png\" alt=\"un mill\u00f3n de ni\u00f1os rezaron\" width=\"670\" height=\"400\" srcset=\"https:\/\/media.acninternational.org\/wp-content\/uploads\/2022\/10\/pequena-14.png 670w, https:\/\/media.acninternational.org\/wp-content\/uploads\/2022\/10\/pequena-14-300x179.png 300w\" sizes=\"auto, (max-width: 670px) 100vw, 670px\" \/><figcaption id=\"caption-attachment-175327\" class=\"wp-caption-text\">Ni\u00f1os participando en la campa\u00f1a \u00abUn mill\u00f3n de ni\u00f1os rezando el rosario\u00bb en Australia Occidental.<\/figcaption><\/figure>\n<p>\u00ab\u00a1Algunos de los n\u00fameros son incre\u00edbles! Polonia lidera con casi un cuarto de mill\u00f3n, seguida de Eslovaquia con 190.000. En Australia y en la India tambi\u00e9n muchisimos ni\u00f1os se han hecho eco de la acci\u00f3n\u00bb, dice Heine-Geldern.<\/p>\n<p>Pero si bien los n\u00fameros y las estad\u00edsticas pueden dar una idea del alcance de la campa\u00f1a \u00abUn mill\u00f3n de ni\u00f1os rezando el Rosario\u00bb, ACN destaca que cada oraci\u00f3n cuenta. \u00abHay ni\u00f1os que se unieron de pa\u00edses donde los cristianos son un grupo peque\u00f1o, como Arabia Saudita, Om\u00e1n, Qatar y Azerbaiy\u00e1n. Y tambi\u00e9n se unieron ni\u00f1os de pa\u00edses asi\u00e1ticos donde los cristianos no tienen una vida f\u00e1cil, como Laos, Myanmar o But\u00e1n, donde se inscribi\u00f3 una persona.\u201d<\/p>\n<p>Seg\u00fan informes proporcionados a la organizaci\u00f3n, la iniciativa tuvo una gran participaci\u00f3n en cientos de escuelas de todo el mundo. S\u00f3lo en Kenia cincuenta escuelas se unieron oficialmente a la iniciativa; tambi\u00e9n participaron escuelas de Espa\u00f1a, Gran Breta\u00f1a, Corea del Sur, Argentina, Chile y M\u00e9xico, por nombrar solo algunos pa\u00edses.<\/p>\n<figure id=\"attachment_175333\" aria-describedby=\"caption-attachment-175333\" style=\"width: 670px\" class=\"wp-caption alignnone\"><img loading=\"lazy\" decoding=\"async\" class=\"wp-image-175333 size-full\" src=\"https:\/\/media.acninternational.org\/wp-content\/uploads\/2022\/10\/pequena-15.png\" alt=\"un mill\u00f3n de ni\u00f1os rezaron\" width=\"670\" height=\"400\" srcset=\"https:\/\/media.acninternational.org\/wp-content\/uploads\/2022\/10\/pequena-15.png 670w, https:\/\/media.acninternational.org\/wp-content\/uploads\/2022\/10\/pequena-15-300x179.png 300w\" sizes=\"auto, (max-width: 670px) 100vw, 670px\" \/><figcaption id=\"caption-attachment-175333\" class=\"wp-caption-text\">Ni\u00f1os ucranianos se unieron al rezo del rosario en F\u00e1tima, Portugal, el 18 de octubre de 2022<\/figcaption><\/figure>\n<p>En el Santuario de F\u00e1tima, en Portugal, ni\u00f1os de diferentes pa\u00edses se reunieron en la Capilla de las Apariciones para dirigir el rezo del rosario a las 18:30, que se transmiti\u00f3 en vivo por televisi\u00f3n y radio, permitiendo que muchos m\u00e1s sintonizaran y rezaran tambi\u00e9n.<\/p>\n<p>Los or\u00edgenes de la iniciativa de oraci\u00f3n \u00ab<a href=\"https:\/\/acninternational.org\/millionchildrenpraying\/es\/\">Un mill\u00f3n de ni\u00f1os rezando el Rosario<\/a>\u00bb se remontan al a\u00f1o 2005 cuando un grupo de ni\u00f1os fueron vistos rezando el Rosario en un santuario local en la capital venezolana, Caracas, y algunos de los adultos que presenciaron la escena recordaron las palabras del Padre P\u00edo, quien una vez dijo: \u00abCuando un mill\u00f3n de ni\u00f1os recen el Rosario, el mundo cambiar\u00e1\u00bb. Desde entonces, la campa\u00f1a se ha extendido r\u00e1pidamente y se ha convertido en un fen\u00f3meno mundial. El objetivo de esta campa\u00f1a de oraci\u00f3n, promovida por la fundaci\u00f3n internacional Ayuda a la Iglesia Necesitada (ACN), es pedir paz y unidad en todo el mundo, al tiempo que anima a los ni\u00f1os y j\u00f3venes a confiar en Dios en tiempos dif\u00edciles.<\/p>\n","protected":false},"excerpt":{"rendered":"<p>Hay ni\u00f1os que se unieron desde pa\u00edses donde los cristianos son un grupo peque\u00f1o o no tienen una vida f\u00e1cil<\/p>\n","protected":false},"author":4258341447,"featured_media":175317,"comment_status":"closed","ping_status":"closed","sticky":false,"template":"","format":"standard","meta":{"_acf_changed":false,"_acn_coauthor_ids":[],"footnotes":""},"categories":[746,237],"tags":[],"country":[393],"class_list":["post-175319","post","type-post","status-publish","format-standard","has-post-thumbnail","hentry","category-noticias","category-sin-categorizar","country-internacional"],"acn_coauthors":[],"acf":[],"yoast_head":"<!-- This site is optimized with the Yoast SEO Premium plugin v27.3 (Yoast SEO v27.3) - https:\/\/yoast.com\/product\/yoast-seo-premium-wordpress\/ -->\n<title>840.000 personas rezaron por paz y unidad | ACN International<\/title>\n<meta name=\"description\" content=\"Participantes de todo el mundo rezaron uni\u00e9ndose a la campa\u00f1a de oraci\u00f3n &quot;Un mill\u00f3n de ni\u00f1os rezando el Rosario&quot; el 18 de octubre.\" \/>\n<meta name=\"robots\" content=\"index, follow, max-snippet:-1, max-image-preview:large, max-video-preview:-1\" \/>\n<link rel=\"canonical\" href=\"https:\/\/acninternational.org\/es\/840000-personas-rezaron-por-paz-y-unidad\/\" \/>\n<meta property=\"og:locale\" content=\"es_ES\" \/>\n<meta property=\"og:type\" content=\"article\" \/>\n<meta property=\"og:title\" content=\"840.000 personas rezaron por paz y unidad\" \/>\n<meta property=\"og:description\" content=\"Se unieron a la campa\u00f1a de oraci\u00f3n &quot;Un mill\u00f3n de ni\u00f1os rezando el Rosario&quot;\" \/>\n<meta property=\"og:url\" content=\"https:\/\/acninternational.org\/es\/840000-personas-rezaron-por-paz-y-unidad\/\" \/>\n<meta property=\"og:site_name\" content=\"ACN International\" \/>\n<meta property=\"article:publisher\" content=\"https:\/\/www.facebook.com\/acninternationalorg\" \/>\n<meta property=\"article:published_time\" content=\"2022-10-20T13:29:55+00:00\" \/>\n<meta property=\"article:modified_time\" content=\"2022-10-21T08:54:06+00:00\" \/>\n<meta property=\"og:image\" content=\"https:\/\/media.acninternational.org\/wp-content\/uploads\/2022\/10\/heading-2022-10-20T152900.276-1.png\" \/>\n\t<meta property=\"og:image:width\" content=\"2000\" \/>\n\t<meta property=\"og:image:height\" content=\"625\" \/>\n\t<meta property=\"og:image:type\" content=\"image\/png\" \/>\n<meta name=\"author\" content=\"ACN Press Team\" \/>\n<meta name=\"twitter:card\" content=\"summary_large_image\" \/>\n<meta name=\"twitter:title\" content=\"840.000 personas rezaron por paz y unidad\" \/>\n<meta name=\"twitter:description\" content=\"Participantes se unieron a la campa\u00f1a de oraci\u00f3n &quot;Un mill\u00f3n de ni\u00f1os rezando el Rosario&quot;\" \/>\n<meta name=\"twitter:creator\" content=\"@acn_int\" \/>\n<meta name=\"twitter:site\" content=\"@acn_int\" \/>\n<meta name=\"twitter:label1\" content=\"Escrito por\" \/>\n\t<meta name=\"twitter:data1\" content=\"ACN Press Team\" \/>\n\t<meta name=\"twitter:label2\" content=\"Tiempo de lectura\" \/>\n\t<meta name=\"twitter:data2\" content=\"3 minutos\" \/>\n<script type=\"application\/ld+json\" class=\"yoast-schema-graph\">{\"@context\":\"https:\\\/\\\/schema.org\",\"@graph\":[{\"@type\":\"Article\",\"@id\":\"https:\\\/\\\/acninternational.org\\\/es\\\/840000-personas-rezaron-por-paz-y-unidad\\\/#article\",\"isPartOf\":{\"@id\":\"https:\\\/\\\/acninternational.org\\\/es\\\/840000-personas-rezaron-por-paz-y-unidad\\\/\"},\"author\":{\"name\":\"ACN Press Team\",\"@id\":\"https:\\\/\\\/acninternational.org\\\/es\\\/#\\\/schema\\\/person\\\/7f3dafb236b242fb2aa46be1411fd703\"},\"headline\":\"Presidente ejecutivo de ACN: \u00abAl menos 840.000 participantes de 140 pa\u00edses rezan por la paz y la unidad\u00bb\",\"datePublished\":\"2022-10-20T13:29:55+00:00\",\"dateModified\":\"2022-10-21T08:54:06+00:00\",\"mainEntityOfPage\":{\"@id\":\"https:\\\/\\\/acninternational.org\\\/es\\\/840000-personas-rezaron-por-paz-y-unidad\\\/\"},\"wordCount\":630,\"publisher\":{\"@id\":\"https:\\\/\\\/acninternational.org\\\/es\\\/#organization\"},\"image\":{\"@id\":\"https:\\\/\\\/acninternational.org\\\/es\\\/840000-personas-rezaron-por-paz-y-unidad\\\/#primaryimage\"},\"thumbnailUrl\":\"https:\\\/\\\/media.acninternational.org\\\/wp-content\\\/uploads\\\/2022\\\/10\\\/heading-2022-10-20T152900.276-1.png\",\"articleSection\":[\"NOTICIAS\",\"Sin categorizar\"],\"inLanguage\":\"es\"},{\"@type\":\"WebPage\",\"@id\":\"https:\\\/\\\/acninternational.org\\\/es\\\/840000-personas-rezaron-por-paz-y-unidad\\\/\",\"url\":\"https:\\\/\\\/acninternational.org\\\/es\\\/840000-personas-rezaron-por-paz-y-unidad\\\/\",\"name\":\"840.000 personas rezaron por paz y unidad | ACN International\",\"isPartOf\":{\"@id\":\"https:\\\/\\\/acninternational.org\\\/es\\\/#website\"},\"primaryImageOfPage\":{\"@id\":\"https:\\\/\\\/acninternational.org\\\/es\\\/840000-personas-rezaron-por-paz-y-unidad\\\/#primaryimage\"},\"image\":{\"@id\":\"https:\\\/\\\/acninternational.org\\\/es\\\/840000-personas-rezaron-por-paz-y-unidad\\\/#primaryimage\"},\"thumbnailUrl\":\"https:\\\/\\\/media.acninternational.org\\\/wp-content\\\/uploads\\\/2022\\\/10\\\/heading-2022-10-20T152900.276-1.png\",\"datePublished\":\"2022-10-20T13:29:55+00:00\",\"dateModified\":\"2022-10-21T08:54:06+00:00\",\"description\":\"Participantes de todo el mundo rezaron uni\u00e9ndose a la campa\u00f1a de oraci\u00f3n \\\"Un mill\u00f3n de ni\u00f1os rezando el Rosario\\\" el 18 de octubre.\",\"breadcrumb\":{\"@id\":\"https:\\\/\\\/acninternational.org\\\/es\\\/840000-personas-rezaron-por-paz-y-unidad\\\/#breadcrumb\"},\"inLanguage\":\"es\",\"potentialAction\":[{\"@type\":\"ReadAction\",\"target\":[\"https:\\\/\\\/acninternational.org\\\/es\\\/840000-personas-rezaron-por-paz-y-unidad\\\/\"]}]},{\"@type\":\"ImageObject\",\"inLanguage\":\"es\",\"@id\":\"https:\\\/\\\/acninternational.org\\\/es\\\/840000-personas-rezaron-por-paz-y-unidad\\\/#primaryimage\",\"url\":\"https:\\\/\\\/media.acninternational.org\\\/wp-content\\\/uploads\\\/2022\\\/10\\\/heading-2022-10-20T152900.276-1.png\",\"contentUrl\":\"https:\\\/\\\/media.acninternational.org\\\/wp-content\\\/uploads\\\/2022\\\/10\\\/heading-2022-10-20T152900.276-1.png\",\"width\":2000,\"height\":625,\"caption\":\"1 mill\u00f3n de ni\u00f1os rezando\"},{\"@type\":\"BreadcrumbList\",\"@id\":\"https:\\\/\\\/acninternational.org\\\/es\\\/840000-personas-rezaron-por-paz-y-unidad\\\/#breadcrumb\",\"itemListElement\":[{\"@type\":\"ListItem\",\"position\":1,\"name\":\"Home\",\"item\":\"https:\\\/\\\/acninternational.org\\\/es\\\/\"},{\"@type\":\"ListItem\",\"position\":2,\"name\":\"NOTICIAS\",\"item\":\"https:\\\/\\\/acninternational.org\\\/es\\\/category\\\/news-es\\\/\"},{\"@type\":\"ListItem\",\"position\":3,\"name\":\"Presidente ejecutivo de ACN: \u00abAl menos 840.000 participantes de 140 pa\u00edses rezan por la paz y la unidad\u00bb\"}]},{\"@type\":\"WebSite\",\"@id\":\"https:\\\/\\\/acninternational.org\\\/es\\\/#website\",\"url\":\"https:\\\/\\\/acninternational.org\\\/es\\\/\",\"name\":\"ACN International\",\"description\":\"\",\"publisher\":{\"@id\":\"https:\\\/\\\/acninternational.org\\\/es\\\/#organization\"},\"potentialAction\":[{\"@type\":\"SearchAction\",\"target\":{\"@type\":\"EntryPoint\",\"urlTemplate\":\"https:\\\/\\\/acninternational.org\\\/es\\\/?s={search_term_string}\"},\"query-input\":{\"@type\":\"PropertyValueSpecification\",\"valueRequired\":true,\"valueName\":\"search_term_string\"}}],\"inLanguage\":\"es\"},{\"@type\":\"Organization\",\"@id\":\"https:\\\/\\\/acninternational.org\\\/es\\\/#organization\",\"name\":\"Aid to the Church in Need International\",\"url\":\"https:\\\/\\\/acninternational.org\\\/es\\\/\",\"logo\":{\"@type\":\"ImageObject\",\"inLanguage\":\"es\",\"@id\":\"https:\\\/\\\/acninternational.org\\\/es\\\/#\\\/schema\\\/logo\\\/image\\\/\",\"url\":\"https:\\\/\\\/media.acninternational.org\\\/wp-content\\\/uploads\\\/2019\\\/11\\\/acn_logo_blackvector.svg\",\"contentUrl\":\"https:\\\/\\\/media.acninternational.org\\\/wp-content\\\/uploads\\\/2019\\\/11\\\/acn_logo_blackvector.svg\",\"width\":232.6,\"height\":78,\"caption\":\"Aid to the Church in Need International\"},\"image\":{\"@id\":\"https:\\\/\\\/acninternational.org\\\/es\\\/#\\\/schema\\\/logo\\\/image\\\/\"},\"sameAs\":[\"https:\\\/\\\/www.facebook.com\\\/acninternationalorg\",\"https:\\\/\\\/x.com\\\/acn_int\",\"https:\\\/\\\/www.youtube.com\\\/channel\\\/UCQ-077gS0TnVzkhHmf1opZw\",\"https:\\\/\\\/www.instagram.com\\\/acn_international\\\/\"]},{\"@type\":\"Person\",\"@id\":\"https:\\\/\\\/acninternational.org\\\/es\\\/#\\\/schema\\\/person\\\/7f3dafb236b242fb2aa46be1411fd703\",\"name\":\"ACN Press Team\",\"description\":\"Lorem ipsum dolor sit amet, consectetur adipiscing elit, sed do eiusmod tempor incididunt ut labore et dolore magna aliqua. Ut enim ad minim veniam, quis nostrud exercitation ullamco laboris nisi ut aliquip ex ea commodo consequat.\",\"url\":\"https:\\\/\\\/acninternational.org\\\/es\\\/author\\\/acn-press-team\\\/\"}]}<\/script>\n<!-- \/ Yoast SEO Premium plugin. -->","yoast_head_json":{"title":"840.000 personas rezaron por paz y unidad | ACN International","description":"Participantes de todo el mundo rezaron uni\u00e9ndose a la campa\u00f1a de oraci\u00f3n \"Un mill\u00f3n de ni\u00f1os rezando el Rosario\" el 18 de octubre.","robots":{"index":"index","follow":"follow","max-snippet":"max-snippet:-1","max-image-preview":"max-image-preview:large","max-video-preview":"max-video-preview:-1"},"canonical":"https:\/\/acninternational.org\/es\/840000-personas-rezaron-por-paz-y-unidad\/","og_locale":"es_ES","og_type":"article","og_title":"840.000 personas rezaron por paz y unidad","og_description":"Se unieron a la campa\u00f1a de oraci\u00f3n \"Un mill\u00f3n de ni\u00f1os rezando el Rosario\"","og_url":"https:\/\/acninternational.org\/es\/840000-personas-rezaron-por-paz-y-unidad\/","og_site_name":"ACN International","article_publisher":"https:\/\/www.facebook.com\/acninternationalorg","article_published_time":"2022-10-20T13:29:55+00:00","article_modified_time":"2022-10-21T08:54:06+00:00","og_image":[{"width":2000,"height":625,"url":"https:\/\/media.acninternational.org\/wp-content\/uploads\/2022\/10\/heading-2022-10-20T152900.276-1.png","type":"image\/png"}],"author":"ACN Press Team","twitter_card":"summary_large_image","twitter_title":"840.000 personas rezaron por paz y unidad","twitter_description":"Participantes se unieron a la campa\u00f1a de oraci\u00f3n \"Un mill\u00f3n de ni\u00f1os rezando el Rosario\"","twitter_creator":"@acn_int","twitter_site":"@acn_int","twitter_misc":{"Escrito por":"ACN Press Team","Tiempo de lectura":"3 minutos"},"schema":{"@context":"https:\/\/schema.org","@graph":[{"@type":"Article","@id":"https:\/\/acninternational.org\/es\/840000-personas-rezaron-por-paz-y-unidad\/#article","isPartOf":{"@id":"https:\/\/acninternational.org\/es\/840000-personas-rezaron-por-paz-y-unidad\/"},"author":{"name":"ACN Press Team","@id":"https:\/\/acninternational.org\/es\/#\/schema\/person\/7f3dafb236b242fb2aa46be1411fd703"},"headline":"Presidente ejecutivo de ACN: \u00abAl menos 840.000 participantes de 140 pa\u00edses rezan por la paz y la unidad\u00bb","datePublished":"2022-10-20T13:29:55+00:00","dateModified":"2022-10-21T08:54:06+00:00","mainEntityOfPage":{"@id":"https:\/\/acninternational.org\/es\/840000-personas-rezaron-por-paz-y-unidad\/"},"wordCount":630,"publisher":{"@id":"https:\/\/acninternational.org\/es\/#organization"},"image":{"@id":"https:\/\/acninternational.org\/es\/840000-personas-rezaron-por-paz-y-unidad\/#primaryimage"},"thumbnailUrl":"https:\/\/media.acninternational.org\/wp-content\/uploads\/2022\/10\/heading-2022-10-20T152900.276-1.png","articleSection":["NOTICIAS","Sin categorizar"],"inLanguage":"es"},{"@type":"WebPage","@id":"https:\/\/acninternational.org\/es\/840000-personas-rezaron-por-paz-y-unidad\/","url":"https:\/\/acninternational.org\/es\/840000-personas-rezaron-por-paz-y-unidad\/","name":"840.000 personas rezaron por paz y unidad | ACN International","isPartOf":{"@id":"https:\/\/acninternational.org\/es\/#website"},"primaryImageOfPage":{"@id":"https:\/\/acninternational.org\/es\/840000-personas-rezaron-por-paz-y-unidad\/#primaryimage"},"image":{"@id":"https:\/\/acninternational.org\/es\/840000-personas-rezaron-por-paz-y-unidad\/#primaryimage"},"thumbnailUrl":"https:\/\/media.acninternational.org\/wp-content\/uploads\/2022\/10\/heading-2022-10-20T152900.276-1.png","datePublished":"2022-10-20T13:29:55+00:00","dateModified":"2022-10-21T08:54:06+00:00","description":"Participantes de todo el mundo rezaron uni\u00e9ndose a la campa\u00f1a de oraci\u00f3n \"Un mill\u00f3n de ni\u00f1os rezando el Rosario\" el 18 de octubre.","breadcrumb":{"@id":"https:\/\/acninternational.org\/es\/840000-personas-rezaron-por-paz-y-unidad\/#breadcrumb"},"inLanguage":"es","potentialAction":[{"@type":"ReadAction","target":["https:\/\/acninternational.org\/es\/840000-personas-rezaron-por-paz-y-unidad\/"]}]},{"@type":"ImageObject","inLanguage":"es","@id":"https:\/\/acninternational.org\/es\/840000-personas-rezaron-por-paz-y-unidad\/#primaryimage","url":"https:\/\/media.acninternational.org\/wp-content\/uploads\/2022\/10\/heading-2022-10-20T152900.276-1.png","contentUrl":"https:\/\/media.acninternational.org\/wp-content\/uploads\/2022\/10\/heading-2022-10-20T152900.276-1.png","width":2000,"height":625,"caption":"1 mill\u00f3n de ni\u00f1os rezando"},{"@type":"BreadcrumbList","@id":"https:\/\/acninternational.org\/es\/840000-personas-rezaron-por-paz-y-unidad\/#breadcrumb","itemListElement":[{"@type":"ListItem","position":1,"name":"Home","item":"https:\/\/acninternational.org\/es\/"},{"@type":"ListItem","position":2,"name":"NOTICIAS","item":"https:\/\/acninternational.org\/es\/category\/news-es\/"},{"@type":"ListItem","position":3,"name":"Presidente ejecutivo de ACN: \u00abAl menos 840.000 participantes de 140 pa\u00edses rezan por la paz y la unidad\u00bb"}]},{"@type":"WebSite","@id":"https:\/\/acninternational.org\/es\/#website","url":"https:\/\/acninternational.org\/es\/","name":"ACN International","description":"","publisher":{"@id":"https:\/\/acninternational.org\/es\/#organization"},"potentialAction":[{"@type":"SearchAction","target":{"@type":"EntryPoint","urlTemplate":"https:\/\/acninternational.org\/es\/?s={search_term_string}"},"query-input":{"@type":"PropertyValueSpecification","valueRequired":true,"valueName":"search_term_string"}}],"inLanguage":"es"},{"@type":"Organization","@id":"https:\/\/acninternational.org\/es\/#organization","name":"Aid to the Church in Need International","url":"https:\/\/acninternational.org\/es\/","logo":{"@type":"ImageObject","inLanguage":"es","@id":"https:\/\/acninternational.org\/es\/#\/schema\/logo\/image\/","url":"https:\/\/media.acninternational.org\/wp-content\/uploads\/2019\/11\/acn_logo_blackvector.svg","contentUrl":"https:\/\/media.acninternational.org\/wp-content\/uploads\/2019\/11\/acn_logo_blackvector.svg","width":232.6,"height":78,"caption":"Aid to the Church in Need International"},"image":{"@id":"https:\/\/acninternational.org\/es\/#\/schema\/logo\/image\/"},"sameAs":["https:\/\/www.facebook.com\/acninternationalorg","https:\/\/x.com\/acn_int","https:\/\/www.youtube.com\/channel\/UCQ-077gS0TnVzkhHmf1opZw","https:\/\/www.instagram.com\/acn_international\/"]},{"@type":"Person","@id":"https:\/\/acninternational.org\/es\/#\/schema\/person\/7f3dafb236b242fb2aa46be1411fd703","name":"ACN Press Team","description":"Lorem ipsum dolor sit amet, consectetur adipiscing elit, sed do eiusmod tempor incididunt ut labore et dolore magna aliqua. Ut enim ad minim veniam, quis nostrud exercitation ullamco laboris nisi ut aliquip ex ea commodo consequat.","url":"https:\/\/acninternational.org\/es\/author\/acn-press-team\/"}]}},"_links":{"self":[{"href":"https:\/\/acninternational.org\/es\/wp-json\/wp\/v2\/posts\/175319","targetHints":{"allow":["GET"]}}],"collection":[{"href":"https:\/\/acninternational.org\/es\/wp-json\/wp\/v2\/posts"}],"about":[{"href":"https:\/\/acninternational.org\/es\/wp-json\/wp\/v2\/types\/post"}],"author":[{"embeddable":true,"href":"https:\/\/acninternational.org\/es\/wp-json\/wp\/v2\/users\/4258341447"}],"replies":[{"embeddable":true,"href":"https:\/\/acninternational.org\/es\/wp-json\/wp\/v2\/comments?post=175319"}],"version-history":[{"count":0,"href":"https:\/\/acninternational.org\/es\/wp-json\/wp\/v2\/posts\/175319\/revisions"}],"wp:featuredmedia":[{"embeddable":true,"href":"https:\/\/acninternational.org\/es\/wp-json\/wp\/v2\/media\/175317"}],"wp:attachment":[{"href":"https:\/\/acninternational.org\/es\/wp-json\/wp\/v2\/media?parent=175319"}],"wp:term":[{"taxonomy":"category","embeddable":true,"href":"https:\/\/acninternational.org\/es\/wp-json\/wp\/v2\/categories?post=175319"},{"taxonomy":"post_tag","embeddable":true,"href":"https:\/\/acninternational.org\/es\/wp-json\/wp\/v2\/tags?post=175319"},{"taxonomy":"country","embeddable":true,"href":"https:\/\/acninternational.org\/es\/wp-json\/wp\/v2\/country?post=175319"}],"curies":[{"name":"wp","href":"https:\/\/api.w.org\/{rel}","templated":true}]}}