{"id":175144,"date":"2022-10-10T16:46:32","date_gmt":"2022-10-10T14:46:32","guid":{"rendered":"https:\/\/acninternational.org\/?p=175144"},"modified":"2022-10-10T16:56:45","modified_gmt":"2022-10-10T14:56:45","slug":"guerra-en-ucrania-afecta-al-trabajo-pastoral","status":"publish","type":"post","link":"https:\/\/acninternational.org\/es\/guerra-en-ucrania-afecta-al-trabajo-pastoral\/","title":{"rendered":"Ucrania: Los sacerdotes no deben tener miedo"},"content":{"rendered":"<p><i>En el octavo mes de la guerra en Ucrania, la fundaci\u00f3n Aid to the Church in Need (ACN) habl\u00f3 con monse\u00f1or Vasylij Tuchapets, obispo greco-cat\u00f3lico de J\u00e1rkov, durante su visita a la sede internacional de la fundaci\u00f3n en Alemania, sobre la importancia de permanecer con la gente, c\u00f3mo la guerra ha afectado el trabajo pastoral y las necesidades en el este de Ucrania a medida que se acerca el invierno.<span class=\"Apple-converted-space\">\u00a0<\/span><\/i><\/p>\n<p>El primer d\u00eda de la invasi\u00f3n, en febrero de este a\u00f1o, monse\u00f1or Tuchapets se levant\u00f3 a las cinco de la ma\u00f1ana con el ruido de las explosiones del bombardeo de los rusos a J\u00e1rkov. De camino a la catedral, vio a la gente en p\u00e1nico. Muchos trataban de llegar a la estaci\u00f3n con su equipaje. El transporte urbano no estaba operando y hab\u00eda largas filas en las estaciones de gasolina.<span class=\"Apple-converted-space\">\u00a0<\/span><\/p>\n<p>Su primera instrucci\u00f3n ese d\u00eda fue que todos los sacerdotes permanecieran en sus parroquias, cerca de los fieles que les hab\u00edan sido confiados. Al mismo tiempo, ten\u00edan que velar por la seguridad de sus familias, puesto que la mayor\u00eda del clero diocesano greco-cat\u00f3lico est\u00e1 casado y tiene hijos.<span class=\"Apple-converted-space\">\u00a0<\/span><\/p>\n<p>Una noche despu\u00e9s de la misa, el obispo sal\u00eda de la catedral cuando se le acerc\u00f3 un grupo de j\u00f3venes de la zona que nunca hab\u00eda visto en la iglesia. \u201cGracias por quedarse con nosotros\u201d le dijeron. La sola presencia de alguien que reza por ellos levanta el \u00e1nimo de la gente; dice el obispo: \u201cNo hay que tener miedo, el Se\u00f1or nos bendecir\u00e1. Si un sacerdote huye, todos pierden.\u201d<\/p>\n<figure id=\"attachment_175131\" aria-describedby=\"caption-attachment-175131\" style=\"width: 670px\" class=\"wp-caption alignnone\"><img loading=\"lazy\" decoding=\"async\" class=\"wp-image-175131 size-full\" src=\"https:\/\/media.acninternational.org\/wp-content\/uploads\/2022\/10\/pequena-4-1.png\" alt=\"Opispo Vasylij Ucrania\" width=\"670\" height=\"400\" srcset=\"https:\/\/media.acninternational.org\/wp-content\/uploads\/2022\/10\/pequena-4-1.png 670w, https:\/\/media.acninternational.org\/wp-content\/uploads\/2022\/10\/pequena-4-1-300x179.png 300w\" sizes=\"auto, (max-width: 670px) 100vw, 670px\" \/><figcaption id=\"caption-attachment-175131\" class=\"wp-caption-text\">La visita del obispo Vasylij Tuchapets a la sede de ACN<\/figcaption><\/figure>\n<h4><b>\u201cNosotros aramos, otros cosechar\u00e1n\u201d<\/b><\/h4>\n<p>El exarcado de J\u00e1rkov, creado apenas en 2014, tiene una extensi\u00f3n de 84000 km<sup>2<\/sup> -aproximadamente el territorio de Austria- e incluye las regiones de J\u00e1rkov, Poltava y Sumy, con una poblaci\u00f3n de m\u00e1s de cinco millones. Esta regi\u00f3n, tradicionalmente ortodoxa, fue fuertemente secularizada durante la \u00e9poca sovi\u00e9tica.<span class=\"Apple-converted-space\">\u00a0<\/span><\/p>\n<p>\u201cComenzamos nuestro trabajo con los fieles de la iglesia greco-cat\u00f3lica, en su mayor\u00eda por antiguos estudiantes que se quedaron en J\u00e1rkov y por antiguos deportados a Siberia \u2014dice el obispo\u2014 pero ahora la mayor\u00eda de los feligreses son personas que viven en la zona que han encontrado su fe a trav\u00e9s del contacto con nuestras parroquias. Creo que nuestra tarea es arar para preparar el terreno, despu\u00e9s de nosotros vendr\u00e1n los que sembrar\u00e1n y las pr\u00f3ximas generaciones ya cosechar\u00e1n, como dijo san Pablo\u201d.<span class=\"Apple-converted-space\">\u00a0<\/span><\/p>\n<p>La pastoral est\u00e1 cambiando con la guerra en Ucrania, se\u00f1ala monse\u00f1or Tuchapets. Muchas personas se han ido, pero han llegado otras en busca de ayuda y refugio. La gente viene a la catedral de J\u00e1rkov todos los d\u00edas, y no solo para recibir ayuda humanitaria. Tienen preguntas y buscan respuestas. \u201cLa mayor parte de las personas que vienen a rezar en estos momentos han empezado a venir durante la guerra. A veces, tras a\u00f1os de convivencia, piden el matrimonio o el bautismo para sus hijos\u201d, explica el obispo.<\/p>\n<p>\u201cLas clases escolares son virtuales por razones de seguridad\u201d afirma monse\u00f1or Tuchapets. Algunos han pasado meses encerrados en sus casas, s\u00f3tanos o refugios. Las religiosas y los animadores organizan juegos, reuniones y catequesis dos veces por semana para los que quieren. \u201cAs\u00ed que seguiremos con nuestros encuentros para ni\u00f1os\u201d, dice el obispo. Para algunos, es su primer contacto con la oraci\u00f3n. El trabajo pastoral con los ni\u00f1os incluye los campamentos de verano, llamados \u201cvacaciones con Dios\u201d, que tienen lugar gracias al apoyo de ACN. Durante la guerra, los campamentos no solo se mantuvieron, sino que su n\u00famero aument\u00f3.<span class=\"Apple-converted-space\">\u00a0<\/span><\/p>\n<p>Las parroquias rezan a diario por el fin de los ataques y por la paz. \u201cComo cristianos, sabemos bien que la fuerza la da el Se\u00f1or y no los n\u00fameros del ej\u00e9rcito\u201d, dice Mons. Tuchapets. En la catedral la liturgia diaria se celebra en la iglesia subterr\u00e1nea, ya que la superior se utiliza como almac\u00e9n de ayuda humanitaria.<\/p>\n<figure id=\"attachment_175137\" aria-describedby=\"caption-attachment-175137\" style=\"width: 670px\" class=\"wp-caption alignnone\"><img loading=\"lazy\" decoding=\"async\" class=\"wp-image-175137 size-full\" src=\"https:\/\/media.acninternational.org\/wp-content\/uploads\/2022\/10\/pequena-3-1.png\" alt=\"Catedral de Kharkiv, guerra en Ucrania\" width=\"670\" height=\"400\" srcset=\"https:\/\/media.acninternational.org\/wp-content\/uploads\/2022\/10\/pequena-3-1.png 670w, https:\/\/media.acninternational.org\/wp-content\/uploads\/2022\/10\/pequena-3-1-300x179.png 300w\" sizes=\"auto, (max-width: 670px) 100vw, 670px\" \/><figcaption id=\"caption-attachment-175137\" class=\"wp-caption-text\">La catedral de Kharkiv fue utilizada como almac\u00e9n debido a la guerra en Ucrania<\/figcaption><\/figure>\n<h4><b>El invierno no ser\u00e1 f\u00e1cil, la ayuda sigue siendo necesaria<\/b><\/h4>\n<p>La ayuda comenz\u00f3 a llegar a J\u00e1rkov poco despu\u00e9s de que comenzara la guerra en Ucrania. Con el tiempo, los sacerdotes y los voluntarios se han convertido en expertos en clasificar los alimentos, la ropa, las medicinas, los productos de higiene, los art\u00edculos para ni\u00f1os, etc., para poder dar as\u00ed r\u00e1pidamente a la gente lo que necesita. Entre 1.500 y 2.000 personas, procedentes de toda la ciudad, siguen acudiendo a la catedral en busca de ayuda porque aqu\u00ed pueden conseguir diversos art\u00edculos en un solo lugar.<\/p>\n<p>Sin embargo, debido a la escasez de productos, pero tambi\u00e9n al racionamiento para almacenar suministros para el oto\u00f1o y el invierno para nuevos refugiados, la distribuci\u00f3n de ayuda se ha reducido de ser tres d\u00edas a la semana a ser s\u00f3lo uno.<span class=\"Apple-converted-space\">\u00a0<\/span><\/p>\n<p>Los bombardeos rusos han da\u00f1ado gravemente las aldeas locales, por lo que la gente busca refugio en la ciudad. \u201cLos da\u00f1os en J\u00e1rkov se reparan r\u00e1pidamente y las infraestructuras funcionan, pero este invierno no ser\u00e1 f\u00e1cil\u201d, advierte el obispo. Muchos edificios tienen las ventanas rotas por los bombardeos, as\u00ed que la primera tarea es garantizar que la gente pueda mantenerse caliente en sus pisos. Se siguen necesitando alimentos, art\u00edculos de abrigo y medicamentos, siendo estos \u00faltimos una prioridad, ya que el fr\u00edo vendr\u00e1 acompa\u00f1ado de enfermedades estacionales. \u00abSeguimos necesitando ayuda para la gente y esta necesidad continuar\u00e1 durante mucho tiempo, porque la gente ahora no tiene trabajo ni ingresos, as\u00ed que debemos proporcionar al menos cosas b\u00e1sicas\u00bb, afirma monse\u00f1or Tuchapets.<\/p>\n<p>ACN fue la primera organizaci\u00f3n ben\u00e9fica que Mons. Tuchapets visit\u00f3 tras ser nombrado obispo de J\u00e1rkov en 2014. A lo largo de los a\u00f1os, la di\u00f3cesis y ACN han puesto en marcha muchos proyectos, como la construcci\u00f3n en curso de la catedral y otras iglesias, centros parroquiales e infraestructuras, apoyo a sacerdotes y hermanas, proyectos de catequesis y trabajo con ni\u00f1os y j\u00f3venes.<\/p>\n<p>Dirigi\u00e9ndose a todos los benefactores de ACN, Mons. Tuchapets dice: \u00ab\u00a1Gracias por su apoyo y cooperaci\u00f3n! As\u00ed es como difundimos la Palabra de Dios en el este de Ucrania, donde estuvo prohibida durante casi 80 a\u00f1os de comunismo. El renacimiento de la fe necesita mucho tiempo y mucho trabajo, empezando por las estructuras b\u00e1sicas que proporcionar\u00e1n un lugar para la oraci\u00f3n y la catequesis y la posibilidad de que los sacerdotes vivan cerca de su pueblo. Cada uno de nuestros sacerdotes celebra la misa al menos una vez al mes por las intenciones de nuestros benefactores. Les agradezco esta colaboraci\u00f3n y espero que contin\u00fae. Que el Se\u00f1or os bendiga por vuestro ministerio, tan importante para la Iglesia\u00bb.<\/p>\n","protected":false},"excerpt":{"rendered":"<p>\u201cNo hay que tener miedo, el Se\u00f1or nos bendecir\u00e1. Si un sacerdote huye, todos pierden.\u201d<\/p>\n","protected":false},"author":4258341447,"featured_media":175130,"comment_status":"closed","ping_status":"closed","sticky":false,"template":"","format":"standard","meta":{"_acf_changed":false,"_acn_coauthor_ids":[],"footnotes":""},"categories":[926],"tags":[],"country":[426],"class_list":["post-175144","post","type-post","status-publish","format-standard","has-post-thumbnail","hentry","category-articulo","country-ucrania"],"acn_coauthors":[],"acf":[],"yoast_head":"<!-- This site is optimized with the Yoast SEO Premium plugin v27.3 (Yoast SEO v27.3) - https:\/\/yoast.com\/product\/yoast-seo-premium-wordpress\/ -->\n<title>Guerra en Ucrania: influencia en la pastoral | ACN International<\/title>\n<meta name=\"description\" content=\"El obispo de Kharkiv explica la importancia de permanecer con la gente y c\u00f3mo la guerra en Ucrania ha afectado al trabajo pastoral.\" \/>\n<meta name=\"robots\" content=\"index, follow, max-snippet:-1, max-image-preview:large, max-video-preview:-1\" \/>\n<link rel=\"canonical\" href=\"https:\/\/acninternational.org\/es\/guerra-en-ucrania-afecta-al-trabajo-pastoral\/\" \/>\n<meta property=\"og:locale\" content=\"es_ES\" \/>\n<meta property=\"og:type\" content=\"article\" \/>\n<meta property=\"og:title\" content=\"Ucrania: Los sacerdotes no deben tener miedo\" \/>\n<meta property=\"og:description\" content=\"\u00bfC\u00f3mo ha afectado la guerra en Ucrania al trabajo pastoral?\" \/>\n<meta property=\"og:url\" content=\"https:\/\/acninternational.org\/es\/guerra-en-ucrania-afecta-al-trabajo-pastoral\/\" \/>\n<meta property=\"og:site_name\" content=\"ACN International\" \/>\n<meta property=\"article:publisher\" content=\"https:\/\/www.facebook.com\/acninternationalorg\" \/>\n<meta property=\"article:published_time\" content=\"2022-10-10T14:46:32+00:00\" \/>\n<meta property=\"article:modified_time\" content=\"2022-10-10T14:56:45+00:00\" \/>\n<meta property=\"og:image\" content=\"https:\/\/media.acninternational.org\/wp-content\/uploads\/2022\/10\/grande-3.png\" \/>\n\t<meta property=\"og:image:width\" content=\"2000\" \/>\n\t<meta property=\"og:image:height\" content=\"625\" \/>\n\t<meta property=\"og:image:type\" content=\"image\/png\" \/>\n<meta name=\"author\" content=\"ACN Press Team\" \/>\n<meta name=\"twitter:card\" content=\"summary_large_image\" \/>\n<meta name=\"twitter:description\" content=\"\u00bfC\u00f3mo ha afectado la guerra en Ucrania al trabajo pastoral?\" \/>\n<meta name=\"twitter:creator\" content=\"@acn_int\" \/>\n<meta name=\"twitter:site\" content=\"@acn_int\" \/>\n<meta name=\"twitter:label1\" content=\"Escrito por\" \/>\n\t<meta name=\"twitter:data1\" content=\"ACN Press Team\" \/>\n\t<meta name=\"twitter:label2\" content=\"Tiempo de lectura\" \/>\n\t<meta name=\"twitter:data2\" content=\"6 minutos\" \/>\n<script type=\"application\/ld+json\" class=\"yoast-schema-graph\">{\"@context\":\"https:\\\/\\\/schema.org\",\"@graph\":[{\"@type\":\"Article\",\"@id\":\"https:\\\/\\\/acninternational.org\\\/es\\\/guerra-en-ucrania-afecta-al-trabajo-pastoral\\\/#article\",\"isPartOf\":{\"@id\":\"https:\\\/\\\/acninternational.org\\\/es\\\/guerra-en-ucrania-afecta-al-trabajo-pastoral\\\/\"},\"author\":{\"name\":\"ACN Press Team\",\"@id\":\"https:\\\/\\\/acninternational.org\\\/es\\\/#\\\/schema\\\/person\\\/7f3dafb236b242fb2aa46be1411fd703\"},\"headline\":\"Ucrania: Los sacerdotes no deben tener miedo\",\"datePublished\":\"2022-10-10T14:46:32+00:00\",\"dateModified\":\"2022-10-10T14:56:45+00:00\",\"mainEntityOfPage\":{\"@id\":\"https:\\\/\\\/acninternational.org\\\/es\\\/guerra-en-ucrania-afecta-al-trabajo-pastoral\\\/\"},\"wordCount\":1214,\"publisher\":{\"@id\":\"https:\\\/\\\/acninternational.org\\\/es\\\/#organization\"},\"image\":{\"@id\":\"https:\\\/\\\/acninternational.org\\\/es\\\/guerra-en-ucrania-afecta-al-trabajo-pastoral\\\/#primaryimage\"},\"thumbnailUrl\":\"https:\\\/\\\/media.acninternational.org\\\/wp-content\\\/uploads\\\/2022\\\/10\\\/grande-3.png\",\"articleSection\":[\"ART\u00cdCULO\"],\"inLanguage\":\"es\"},{\"@type\":\"WebPage\",\"@id\":\"https:\\\/\\\/acninternational.org\\\/es\\\/guerra-en-ucrania-afecta-al-trabajo-pastoral\\\/\",\"url\":\"https:\\\/\\\/acninternational.org\\\/es\\\/guerra-en-ucrania-afecta-al-trabajo-pastoral\\\/\",\"name\":\"Guerra en Ucrania: influencia en la pastoral | ACN International\",\"isPartOf\":{\"@id\":\"https:\\\/\\\/acninternational.org\\\/es\\\/#website\"},\"primaryImageOfPage\":{\"@id\":\"https:\\\/\\\/acninternational.org\\\/es\\\/guerra-en-ucrania-afecta-al-trabajo-pastoral\\\/#primaryimage\"},\"image\":{\"@id\":\"https:\\\/\\\/acninternational.org\\\/es\\\/guerra-en-ucrania-afecta-al-trabajo-pastoral\\\/#primaryimage\"},\"thumbnailUrl\":\"https:\\\/\\\/media.acninternational.org\\\/wp-content\\\/uploads\\\/2022\\\/10\\\/grande-3.png\",\"datePublished\":\"2022-10-10T14:46:32+00:00\",\"dateModified\":\"2022-10-10T14:56:45+00:00\",\"description\":\"El obispo de Kharkiv explica la importancia de permanecer con la gente y c\u00f3mo la guerra en Ucrania ha afectado al trabajo pastoral.\",\"breadcrumb\":{\"@id\":\"https:\\\/\\\/acninternational.org\\\/es\\\/guerra-en-ucrania-afecta-al-trabajo-pastoral\\\/#breadcrumb\"},\"inLanguage\":\"es\",\"potentialAction\":[{\"@type\":\"ReadAction\",\"target\":[\"https:\\\/\\\/acninternational.org\\\/es\\\/guerra-en-ucrania-afecta-al-trabajo-pastoral\\\/\"]}]},{\"@type\":\"ImageObject\",\"inLanguage\":\"es\",\"@id\":\"https:\\\/\\\/acninternational.org\\\/es\\\/guerra-en-ucrania-afecta-al-trabajo-pastoral\\\/#primaryimage\",\"url\":\"https:\\\/\\\/media.acninternational.org\\\/wp-content\\\/uploads\\\/2022\\\/10\\\/grande-3.png\",\"contentUrl\":\"https:\\\/\\\/media.acninternational.org\\\/wp-content\\\/uploads\\\/2022\\\/10\\\/grande-3.png\",\"width\":2000,\"height\":625,\"caption\":\"Personas que reciben ayuda de los voluntarios de C\u00e1ritas\"},{\"@type\":\"BreadcrumbList\",\"@id\":\"https:\\\/\\\/acninternational.org\\\/es\\\/guerra-en-ucrania-afecta-al-trabajo-pastoral\\\/#breadcrumb\",\"itemListElement\":[{\"@type\":\"ListItem\",\"position\":1,\"name\":\"Home\",\"item\":\"https:\\\/\\\/acninternational.org\\\/es\\\/\"},{\"@type\":\"ListItem\",\"position\":2,\"name\":\"DESTACADO\",\"item\":\"https:\\\/\\\/acninternational.org\\\/es\\\/category\\\/destacado\\\/\"},{\"@type\":\"ListItem\",\"position\":3,\"name\":\"Ucrania: Los sacerdotes no deben tener miedo\"}]},{\"@type\":\"WebSite\",\"@id\":\"https:\\\/\\\/acninternational.org\\\/es\\\/#website\",\"url\":\"https:\\\/\\\/acninternational.org\\\/es\\\/\",\"name\":\"ACN International\",\"description\":\"\",\"publisher\":{\"@id\":\"https:\\\/\\\/acninternational.org\\\/es\\\/#organization\"},\"potentialAction\":[{\"@type\":\"SearchAction\",\"target\":{\"@type\":\"EntryPoint\",\"urlTemplate\":\"https:\\\/\\\/acninternational.org\\\/es\\\/?s={search_term_string}\"},\"query-input\":{\"@type\":\"PropertyValueSpecification\",\"valueRequired\":true,\"valueName\":\"search_term_string\"}}],\"inLanguage\":\"es\"},{\"@type\":\"Organization\",\"@id\":\"https:\\\/\\\/acninternational.org\\\/es\\\/#organization\",\"name\":\"Aid to the Church in Need International\",\"url\":\"https:\\\/\\\/acninternational.org\\\/es\\\/\",\"logo\":{\"@type\":\"ImageObject\",\"inLanguage\":\"es\",\"@id\":\"https:\\\/\\\/acninternational.org\\\/es\\\/#\\\/schema\\\/logo\\\/image\\\/\",\"url\":\"https:\\\/\\\/media.acninternational.org\\\/wp-content\\\/uploads\\\/2019\\\/11\\\/acn_logo_blackvector.svg\",\"contentUrl\":\"https:\\\/\\\/media.acninternational.org\\\/wp-content\\\/uploads\\\/2019\\\/11\\\/acn_logo_blackvector.svg\",\"width\":232.6,\"height\":78,\"caption\":\"Aid to the Church in Need International\"},\"image\":{\"@id\":\"https:\\\/\\\/acninternational.org\\\/es\\\/#\\\/schema\\\/logo\\\/image\\\/\"},\"sameAs\":[\"https:\\\/\\\/www.facebook.com\\\/acninternationalorg\",\"https:\\\/\\\/x.com\\\/acn_int\",\"https:\\\/\\\/www.youtube.com\\\/channel\\\/UCQ-077gS0TnVzkhHmf1opZw\",\"https:\\\/\\\/www.instagram.com\\\/acn_international\\\/\"]},{\"@type\":\"Person\",\"@id\":\"https:\\\/\\\/acninternational.org\\\/es\\\/#\\\/schema\\\/person\\\/7f3dafb236b242fb2aa46be1411fd703\",\"name\":\"ACN Press Team\",\"description\":\"Lorem ipsum dolor sit amet, consectetur adipiscing elit, sed do eiusmod tempor incididunt ut labore et dolore magna aliqua. Ut enim ad minim veniam, quis nostrud exercitation ullamco laboris nisi ut aliquip ex ea commodo consequat.\",\"url\":\"https:\\\/\\\/acninternational.org\\\/es\\\/author\\\/acn-press-team\\\/\"}]}<\/script>\n<!-- \/ Yoast SEO Premium plugin. -->","yoast_head_json":{"title":"Guerra en Ucrania: influencia en la pastoral | ACN International","description":"El obispo de Kharkiv explica la importancia de permanecer con la gente y c\u00f3mo la guerra en Ucrania ha afectado al trabajo pastoral.","robots":{"index":"index","follow":"follow","max-snippet":"max-snippet:-1","max-image-preview":"max-image-preview:large","max-video-preview":"max-video-preview:-1"},"canonical":"https:\/\/acninternational.org\/es\/guerra-en-ucrania-afecta-al-trabajo-pastoral\/","og_locale":"es_ES","og_type":"article","og_title":"Ucrania: Los sacerdotes no deben tener miedo","og_description":"\u00bfC\u00f3mo ha afectado la guerra en Ucrania al trabajo pastoral?","og_url":"https:\/\/acninternational.org\/es\/guerra-en-ucrania-afecta-al-trabajo-pastoral\/","og_site_name":"ACN International","article_publisher":"https:\/\/www.facebook.com\/acninternationalorg","article_published_time":"2022-10-10T14:46:32+00:00","article_modified_time":"2022-10-10T14:56:45+00:00","og_image":[{"width":2000,"height":625,"url":"https:\/\/media.acninternational.org\/wp-content\/uploads\/2022\/10\/grande-3.png","type":"image\/png"}],"author":"ACN Press Team","twitter_card":"summary_large_image","twitter_description":"\u00bfC\u00f3mo ha afectado la guerra en Ucrania al trabajo pastoral?","twitter_creator":"@acn_int","twitter_site":"@acn_int","twitter_misc":{"Escrito por":"ACN Press Team","Tiempo de lectura":"6 minutos"},"schema":{"@context":"https:\/\/schema.org","@graph":[{"@type":"Article","@id":"https:\/\/acninternational.org\/es\/guerra-en-ucrania-afecta-al-trabajo-pastoral\/#article","isPartOf":{"@id":"https:\/\/acninternational.org\/es\/guerra-en-ucrania-afecta-al-trabajo-pastoral\/"},"author":{"name":"ACN Press Team","@id":"https:\/\/acninternational.org\/es\/#\/schema\/person\/7f3dafb236b242fb2aa46be1411fd703"},"headline":"Ucrania: Los sacerdotes no deben tener miedo","datePublished":"2022-10-10T14:46:32+00:00","dateModified":"2022-10-10T14:56:45+00:00","mainEntityOfPage":{"@id":"https:\/\/acninternational.org\/es\/guerra-en-ucrania-afecta-al-trabajo-pastoral\/"},"wordCount":1214,"publisher":{"@id":"https:\/\/acninternational.org\/es\/#organization"},"image":{"@id":"https:\/\/acninternational.org\/es\/guerra-en-ucrania-afecta-al-trabajo-pastoral\/#primaryimage"},"thumbnailUrl":"https:\/\/media.acninternational.org\/wp-content\/uploads\/2022\/10\/grande-3.png","articleSection":["ART\u00cdCULO"],"inLanguage":"es"},{"@type":"WebPage","@id":"https:\/\/acninternational.org\/es\/guerra-en-ucrania-afecta-al-trabajo-pastoral\/","url":"https:\/\/acninternational.org\/es\/guerra-en-ucrania-afecta-al-trabajo-pastoral\/","name":"Guerra en Ucrania: influencia en la pastoral | ACN International","isPartOf":{"@id":"https:\/\/acninternational.org\/es\/#website"},"primaryImageOfPage":{"@id":"https:\/\/acninternational.org\/es\/guerra-en-ucrania-afecta-al-trabajo-pastoral\/#primaryimage"},"image":{"@id":"https:\/\/acninternational.org\/es\/guerra-en-ucrania-afecta-al-trabajo-pastoral\/#primaryimage"},"thumbnailUrl":"https:\/\/media.acninternational.org\/wp-content\/uploads\/2022\/10\/grande-3.png","datePublished":"2022-10-10T14:46:32+00:00","dateModified":"2022-10-10T14:56:45+00:00","description":"El obispo de Kharkiv explica la importancia de permanecer con la gente y c\u00f3mo la guerra en Ucrania ha afectado al trabajo pastoral.","breadcrumb":{"@id":"https:\/\/acninternational.org\/es\/guerra-en-ucrania-afecta-al-trabajo-pastoral\/#breadcrumb"},"inLanguage":"es","potentialAction":[{"@type":"ReadAction","target":["https:\/\/acninternational.org\/es\/guerra-en-ucrania-afecta-al-trabajo-pastoral\/"]}]},{"@type":"ImageObject","inLanguage":"es","@id":"https:\/\/acninternational.org\/es\/guerra-en-ucrania-afecta-al-trabajo-pastoral\/#primaryimage","url":"https:\/\/media.acninternational.org\/wp-content\/uploads\/2022\/10\/grande-3.png","contentUrl":"https:\/\/media.acninternational.org\/wp-content\/uploads\/2022\/10\/grande-3.png","width":2000,"height":625,"caption":"Personas que reciben ayuda de los voluntarios de C\u00e1ritas"},{"@type":"BreadcrumbList","@id":"https:\/\/acninternational.org\/es\/guerra-en-ucrania-afecta-al-trabajo-pastoral\/#breadcrumb","itemListElement":[{"@type":"ListItem","position":1,"name":"Home","item":"https:\/\/acninternational.org\/es\/"},{"@type":"ListItem","position":2,"name":"DESTACADO","item":"https:\/\/acninternational.org\/es\/category\/destacado\/"},{"@type":"ListItem","position":3,"name":"Ucrania: Los sacerdotes no deben tener miedo"}]},{"@type":"WebSite","@id":"https:\/\/acninternational.org\/es\/#website","url":"https:\/\/acninternational.org\/es\/","name":"ACN International","description":"","publisher":{"@id":"https:\/\/acninternational.org\/es\/#organization"},"potentialAction":[{"@type":"SearchAction","target":{"@type":"EntryPoint","urlTemplate":"https:\/\/acninternational.org\/es\/?s={search_term_string}"},"query-input":{"@type":"PropertyValueSpecification","valueRequired":true,"valueName":"search_term_string"}}],"inLanguage":"es"},{"@type":"Organization","@id":"https:\/\/acninternational.org\/es\/#organization","name":"Aid to the Church in Need International","url":"https:\/\/acninternational.org\/es\/","logo":{"@type":"ImageObject","inLanguage":"es","@id":"https:\/\/acninternational.org\/es\/#\/schema\/logo\/image\/","url":"https:\/\/media.acninternational.org\/wp-content\/uploads\/2019\/11\/acn_logo_blackvector.svg","contentUrl":"https:\/\/media.acninternational.org\/wp-content\/uploads\/2019\/11\/acn_logo_blackvector.svg","width":232.6,"height":78,"caption":"Aid to the Church in Need International"},"image":{"@id":"https:\/\/acninternational.org\/es\/#\/schema\/logo\/image\/"},"sameAs":["https:\/\/www.facebook.com\/acninternationalorg","https:\/\/x.com\/acn_int","https:\/\/www.youtube.com\/channel\/UCQ-077gS0TnVzkhHmf1opZw","https:\/\/www.instagram.com\/acn_international\/"]},{"@type":"Person","@id":"https:\/\/acninternational.org\/es\/#\/schema\/person\/7f3dafb236b242fb2aa46be1411fd703","name":"ACN Press Team","description":"Lorem ipsum dolor sit amet, consectetur adipiscing elit, sed do eiusmod tempor incididunt ut labore et dolore magna aliqua. Ut enim ad minim veniam, quis nostrud exercitation ullamco laboris nisi ut aliquip ex ea commodo consequat.","url":"https:\/\/acninternational.org\/es\/author\/acn-press-team\/"}]}},"_links":{"self":[{"href":"https:\/\/acninternational.org\/es\/wp-json\/wp\/v2\/posts\/175144","targetHints":{"allow":["GET"]}}],"collection":[{"href":"https:\/\/acninternational.org\/es\/wp-json\/wp\/v2\/posts"}],"about":[{"href":"https:\/\/acninternational.org\/es\/wp-json\/wp\/v2\/types\/post"}],"author":[{"embeddable":true,"href":"https:\/\/acninternational.org\/es\/wp-json\/wp\/v2\/users\/4258341447"}],"replies":[{"embeddable":true,"href":"https:\/\/acninternational.org\/es\/wp-json\/wp\/v2\/comments?post=175144"}],"version-history":[{"count":0,"href":"https:\/\/acninternational.org\/es\/wp-json\/wp\/v2\/posts\/175144\/revisions"}],"wp:featuredmedia":[{"embeddable":true,"href":"https:\/\/acninternational.org\/es\/wp-json\/wp\/v2\/media\/175130"}],"wp:attachment":[{"href":"https:\/\/acninternational.org\/es\/wp-json\/wp\/v2\/media?parent=175144"}],"wp:term":[{"taxonomy":"category","embeddable":true,"href":"https:\/\/acninternational.org\/es\/wp-json\/wp\/v2\/categories?post=175144"},{"taxonomy":"post_tag","embeddable":true,"href":"https:\/\/acninternational.org\/es\/wp-json\/wp\/v2\/tags?post=175144"},{"taxonomy":"country","embeddable":true,"href":"https:\/\/acninternational.org\/es\/wp-json\/wp\/v2\/country?post=175144"}],"curies":[{"name":"wp","href":"https:\/\/api.w.org\/{rel}","templated":true}]}}