{"id":174262,"date":"2022-09-12T11:54:19","date_gmt":"2022-09-12T09:54:19","guid":{"rendered":"https:\/\/acninternational.org\/?p=174262"},"modified":"2024-12-12T10:59:44","modified_gmt":"2024-12-12T09:59:44","slug":"el-papa-en-kazajistan","status":"publish","type":"post","link":"https:\/\/acninternational.org\/es\/el-papa-en-kazajistan\/","title":{"rendered":"Obispo de Almaty: \u201c\u00bfC\u00f3mo continuar con el esp\u00edritu de As\u00eds? \u201d"},"content":{"rendered":"<p><em>El papa Francisco participar\u00e1 en la s\u00e9ptima edici\u00f3n del Congreso de L\u00edderes de Religiones Mundiales y Tradicionales, que tendr\u00e1 lugar del 14 al 15 de septiembre en Nursult\u00e1n, que seg\u00fan <\/em><em>m<\/em><em>onse\u00f1or Jos\u00e9 Luis Mumbiela Sierra, obispo de la di\u00f3cesis de la Sant\u00edsima Trinidad en Almati, tuvo sus or\u00edgenes remotos en el primer encuentro de oraci\u00f3n por la paz en As\u00eds promovido por Juan Pablo II. <\/em><\/p>\n<p><em>En una conferencia de prensa organizada por Aid to the Church in Need (ACN), Mons. Mumbiela, tambi\u00e9n presidente de la Conferencia Episcopal de Asia Central, habl\u00f3 sobre este encuentro y sobre el pa\u00eds que recibir\u00e1 al santo padre. Aqu\u00ed un resumen de las preguntas que surgieron durante la conferencia. <\/em><\/p>\n<h4><strong>\u00bfQu\u00e9 significa la visita del papa Francisco, lider cat\u00f3lico, a un pa\u00eds de mayor\u00eda musulmana (70%), con s\u00f3lo 25% de cristianos, de los cuales apenas un 1% son cat\u00f3licos?<\/strong><\/h4>\n<p>Despu\u00e9s de los tristes acontecimientos de violencia que sufri\u00f3 Kazajist\u00e1n a comienzos de este a\u00f1o, el Papa viene a decirnos que no estamos solos, viene a decirnos que tenemos que seguir adelante. El Santo Padre le dijo al presidente que valora mucho lo que Kazajst\u00e1n hace en ese sentido de buscar la paz y la concordia entre todos, y que viene especialmente a apoyarlo. La visita del Papa Francisco no solo es un apoyo al gobierno, sino al pa\u00eds. Este a\u00f1o estamos celebrando treinta a\u00f1os de independencia y de la constituci\u00f3n. Es un apoyo a una b\u00fasqueda de la identidad del pa\u00eds seg\u00fan unos valores, entre los cuales est\u00e1n la paz y la armon\u00eda religiosa.<\/p>\n<figure id=\"attachment_174249\" aria-describedby=\"caption-attachment-174249\" style=\"width: 670px\" class=\"wp-caption aligncenter\"><img loading=\"lazy\" decoding=\"async\" class=\"wp-image-174254 size-full\" src=\"https:\/\/media.acninternational.org\/wp-content\/uploads\/2022\/09\/pequenya1-51.png\" alt=\"Monse\u00f1or Jos\u00e9 Luis Mumbiela Sierra\" width=\"670\" height=\"400\" srcset=\"https:\/\/media.acninternational.org\/wp-content\/uploads\/2022\/09\/pequenya1-51.png 670w, https:\/\/media.acninternational.org\/wp-content\/uploads\/2022\/09\/pequenya1-51-300x179.png 300w\" sizes=\"auto, (max-width: 670px) 100vw, 670px\" \/><figcaption id=\"caption-attachment-174249\" class=\"wp-caption-text\">Monse\u00f1or Jos\u00e9 Luis Mumbiela Sierra<\/figcaption><\/figure>\n<h4><strong>\u00bfY qu\u00e9 representa la visita para la minor\u00eda cat\u00f3lica del pa\u00eds?<\/strong><\/h4>\n<p>Kazajist\u00e1n en toda su historia ha sido un cruce de caminos para muchas poblaciones y culturas. Y por eso son experiencias muy diferentes, dependiendo de la trayectoria cristiana que tiene cada uno. Pero en general, por supuesto, es una gran fiesta, una fiesta de familia. Para nosotros, el Papa no es solo un jefe de estado, no es solo el jefe de estado del Vaticano, ac\u00e1 sucede otra cosa. Viene alguien que es muy cercano a todos nosotros, viene un padre. En esta tierra se quiere mucho a los Papas, independientemente de qui\u00e9n sea.<\/p>\n<h4><strong>Kazajist\u00e1n ha cambiado mucho desde la hist\u00f3rica visita de Juan Pablo II hace 21 a\u00f1os. \u00bfQu\u00e9 cat\u00f3licos son los que van a recibir al Papa Francisco la semana que viene? <\/strong><\/h4>\n<p>Gran parte de los cat\u00f3licos se encuentra en el norte del pa\u00eds, donde la mayor\u00eda son polacos. En las ciudades grandes, donde hay m\u00e1s mezclas, hay personas de procedencia m\u00e1s variada. Por ejemplo, hay muchos coreanos, deportados en el pasado, que son cat\u00f3licos. Tambi\u00e9n hay gente que no era cristiana que se convierte al catolicismo. Es un r\u00edo que fluye sin cesar, porque se ven atra\u00eddos por el mensaje de la Iglesia. La gente se siente atra\u00edda, no porque hablemos un ruso espectacular, no tenemos una flauta encantadora; se ven atra\u00eddos en su coraz\u00f3n, no porque tengamos grandes virtudes, sino por la gracia de Dios.<\/p>\n<figure id=\"attachment_174255\" aria-describedby=\"caption-attachment-174255\" style=\"width: 670px\" class=\"wp-caption aligncenter\"><img loading=\"lazy\" decoding=\"async\" class=\"wp-image-174260 size-full\" src=\"https:\/\/media.acninternational.org\/wp-content\/uploads\/2022\/09\/pequenya1-52.png\" alt=\"Peregrinaci\u00f3n \" width=\"670\" height=\"400\" srcset=\"https:\/\/media.acninternational.org\/wp-content\/uploads\/2022\/09\/pequenya1-52.png 670w, https:\/\/media.acninternational.org\/wp-content\/uploads\/2022\/09\/pequenya1-52-300x179.png 300w\" sizes=\"auto, (max-width: 670px) 100vw, 670px\" \/><figcaption id=\"caption-attachment-174255\" class=\"wp-caption-text\">Peregrinaci\u00f3n de un grupo en la archidi\u00f3cesis de Astana<\/figcaption><\/figure>\n<h4><strong>Francisco viaja a la s\u00e9ptima edici\u00f3n del Congreso de L\u00edderes de Religiones Mundiales y Tradicionales, una iniciativa que naci\u00f3 del entonces presidente de Kazajist\u00e1n, Nursult\u00e1n Nazarb\u00e1yev, en 2003. \u00bfPor qu\u00e9 es tan importante este encuentro?<\/strong><\/h4>\n<p>Creo que se puede decir que una prehistoria de estos encuentros fue el encuentro de Juan Pablo II en As\u00eds, el primero de los cuales tuvo lugar en 1986. All\u00ed el Papa reuni\u00f3 representantes de diferentes religiones para hacer un encuentro de oraci\u00f3n por la paz. Creo que la idea de Nazarbayev fue como un relevo de esa idea. \u00bfC\u00f3mo continuar con el esp\u00edritu de As\u00eds? \u00bfC\u00f3mo mantener esa llama encendida, ese esp\u00edritu, esa intenci\u00f3n a lo largo del tiempo? Muchos, incluso dentro de la iglesia cat\u00f3lica lo discutieron, que para qu\u00e9 reunir a l\u00edderes religiosos, que era una fuente de relativismo, etc. Pero Juan Pablo II lo hizo con una perspectiva mundial, reuni\u00f3 a todos con un sentido de ser un pastor entre pastores, que buscaba no \u00fanicamente el bien de los cat\u00f3licos, sino de toda la humanidad.<\/p>\n<h4><strong>\u00bfQu\u00e9 se espera del encuentro?<\/strong><\/h4>\n<p>Pienso que la finalidad de este congreso se ha conseguido m\u00e1s o menos a lo largo de los a\u00f1os. El objetivo del congreso es que todas las religiones se comprometan con la paz mundial. Hay que limpiar la cara de la religi\u00f3n, del aut\u00e9ntico sentido religioso. La presencia del Papa Francisco es un aldabonazo, no un golpe de martillo, sino una llamada cari\u00f1osa especial para decir: \u201cdejen abrir una vez m\u00e1s la puerta a esta esperanza\u201d. Vamos a demostrar que la religi\u00f3n es camino de paz.<\/p>\n<h4><strong>\u00bfUsted cree que el congreso facilitar\u00e1 el di\u00e1logo entre la iglesia cat\u00f3lica y la iglesia ortodoxa rusa, tan cuestionado en estos momentos? <\/strong><\/h4>\n<p>El patriarca Kirill no viene, pero env\u00eda una delegaci\u00f3n. El di\u00e1logo con la iglesia ortodoxa en general sigue y el di\u00e1logo con la iglesia ortodoxa rusa no est\u00e1 roto. Yo creo que s\u00ed, que es positivo. Hay una intenci\u00f3n de di\u00e1logo. Si la gente viene significa que hay una actitud de dialogar. Nadie ha roto ese esp\u00edritu. En mi opini\u00f3n, se le da una importancia medi\u00e1tica excesiva al hecho de que no venga el patriarca.<\/p>\n<h4><strong>Kazajist\u00e1n se convirti\u00f3 en el lugar de deportaci\u00f3n por excelencia, desde los tiempos de los zares hasta el estalinismo, con 11 campos de detenci\u00f3n. \u00bfCree usted que el Papa visitar\u00e1 algunos de estos lugares?<\/strong><\/h4>\n<p>Cuando el Vaticano nos permiti\u00f3 a los obispos hacer algunas propuestas para el programa del Papa, una de las propuestas era que fuera a Karaganda o alguno de los lugares de represi\u00f3n sovi\u00e9tica. Pero evidentemente la situaci\u00f3n f\u00edsica del Santo Padre no permite grandes cosas. Est\u00e1 muy limitado. Hab\u00eda propuestas del gobierno y de los obispos. Pero nos han dicho que el Papa deber\u00e1 economizar y minimizar todos sus movimientos y entrevistas. Lo que s\u00ed est\u00e1 previsto son encuentros con algunos l\u00edderes religiosos.<\/p>\n","protected":false},"excerpt":{"rendered":"<p>El papa Francisco participa en la s\u00e9ptima edici\u00f3n del Congreso de L\u00edderes de Religiones Mundiales y Tradicionales en Nursult\u00e1n, Kazajist\u00e1n.<\/p>\n","protected":false},"author":4258341447,"featured_media":174248,"comment_status":"closed","ping_status":"closed","sticky":false,"template":"","format":"standard","meta":{"_acf_changed":false,"_acn_coauthor_ids":[],"_acn_featured_article":false,"footnotes":""},"categories":[237],"tags":[],"country":[518],"class_list":["post-174262","post","type-post","status-publish","format-standard","has-post-thumbnail","hentry","category-sin-categorizar","country-kazajistan"],"acn_coauthors":[],"acf":[],"yoast_head":"<!-- This site is optimized with the Yoast SEO Premium plugin v27.5 (Yoast SEO v27.5) - https:\/\/yoast.com\/product\/yoast-seo-premium-wordpress\/ -->\n<title>El Papa Francisco visita Kazajist\u00e1n | ACN International<\/title>\n<meta name=\"description\" content=\"El papa Francisco participa en la s\u00e9ptima edici\u00f3n del Congreso de L\u00edderes de Religiones Mundiales y Tradicionales en Nursult\u00e1n, Kazajist\u00e1n.\" \/>\n<meta name=\"robots\" content=\"index, follow, max-snippet:-1, max-image-preview:large, max-video-preview:-1\" \/>\n<link rel=\"canonical\" href=\"https:\/\/acninternational.org\/es\/el-papa-en-kazajistan\/\" \/>\n<meta property=\"og:locale\" content=\"es_ES\" \/>\n<meta property=\"og:type\" content=\"article\" \/>\n<meta property=\"og:title\" content=\"El Papa Francisco visita Kazajist\u00e1n\" \/>\n<meta property=\"og:description\" content=\"El Papa participa en la s\u00e9ptima edici\u00f3n del Congreso de L\u00edderes de Religiones Mundiales y Tradicionales, en Nursult\u00e1n, Kazajist\u00e1n.\" \/>\n<meta property=\"og:url\" content=\"https:\/\/acninternational.org\/es\/el-papa-en-kazajistan\/\" \/>\n<meta property=\"og:site_name\" content=\"ACN International\" \/>\n<meta property=\"article:publisher\" content=\"https:\/\/www.facebook.com\/acninternationalorg\" \/>\n<meta property=\"article:published_time\" content=\"2022-09-12T09:54:19+00:00\" \/>\n<meta property=\"article:modified_time\" content=\"2024-12-12T09:59:44+00:00\" \/>\n<meta property=\"og:image\" content=\"https:\/\/media.acninternational.org\/wp-content\/uploads\/2022\/09\/heading-93-1.png\" \/>\n\t<meta property=\"og:image:width\" content=\"2000\" \/>\n\t<meta property=\"og:image:height\" content=\"625\" \/>\n\t<meta property=\"og:image:type\" content=\"image\/png\" \/>\n<meta name=\"author\" content=\"ACN Press Team\" \/>\n<meta name=\"twitter:card\" content=\"summary_large_image\" \/>\n<meta name=\"twitter:title\" content=\"El Papa Francisco visita Kazajist\u00e1n\" \/>\n<meta name=\"twitter:description\" content=\"El Papa participa en la s\u00e9ptima edici\u00f3n del Congreso de L\u00edderes de Religiones Mundiales y Tradicionales, en Nursult\u00e1n, Kazajist\u00e1n.\" \/>\n<meta name=\"twitter:creator\" content=\"@acn_int\" \/>\n<meta name=\"twitter:site\" content=\"@acn_int\" \/>\n<meta name=\"twitter:label1\" content=\"Escrito por\" \/>\n\t<meta name=\"twitter:data1\" content=\"ACN Press Team\" \/>\n\t<meta name=\"twitter:label2\" content=\"Tiempo de lectura\" \/>\n\t<meta name=\"twitter:data2\" content=\"5 minutos\" \/>\n<script type=\"application\/ld+json\" class=\"yoast-schema-graph\">{\"@context\":\"https:\\\/\\\/schema.org\",\"@graph\":[{\"@type\":\"Article\",\"@id\":\"https:\\\/\\\/acninternational.org\\\/es\\\/el-papa-en-kazajistan\\\/#article\",\"isPartOf\":{\"@id\":\"https:\\\/\\\/acninternational.org\\\/es\\\/el-papa-en-kazajistan\\\/\"},\"author\":{\"name\":\"ACN Press Team\",\"@id\":\"https:\\\/\\\/acninternational.org\\\/es\\\/#\\\/schema\\\/person\\\/7f3dafb236b242fb2aa46be1411fd703\"},\"headline\":\"Obispo de Almaty: \u201c\u00bfC\u00f3mo continuar con el esp\u00edritu de As\u00eds? \u201d\",\"datePublished\":\"2022-09-12T09:54:19+00:00\",\"dateModified\":\"2024-12-12T09:59:44+00:00\",\"mainEntityOfPage\":{\"@id\":\"https:\\\/\\\/acninternational.org\\\/es\\\/el-papa-en-kazajistan\\\/\"},\"wordCount\":1109,\"publisher\":{\"@id\":\"https:\\\/\\\/acninternational.org\\\/es\\\/#organization\"},\"image\":{\"@id\":\"https:\\\/\\\/acninternational.org\\\/es\\\/el-papa-en-kazajistan\\\/#primaryimage\"},\"thumbnailUrl\":\"https:\\\/\\\/media.acninternational.org\\\/wp-content\\\/uploads\\\/2022\\\/09\\\/heading-93-1.png\",\"articleSection\":[\"Sin categorizar\"],\"inLanguage\":\"es\"},{\"@type\":\"WebPage\",\"@id\":\"https:\\\/\\\/acninternational.org\\\/es\\\/el-papa-en-kazajistan\\\/\",\"url\":\"https:\\\/\\\/acninternational.org\\\/es\\\/el-papa-en-kazajistan\\\/\",\"name\":\"El Papa Francisco visita Kazajist\u00e1n | ACN International\",\"isPartOf\":{\"@id\":\"https:\\\/\\\/acninternational.org\\\/es\\\/#website\"},\"primaryImageOfPage\":{\"@id\":\"https:\\\/\\\/acninternational.org\\\/es\\\/el-papa-en-kazajistan\\\/#primaryimage\"},\"image\":{\"@id\":\"https:\\\/\\\/acninternational.org\\\/es\\\/el-papa-en-kazajistan\\\/#primaryimage\"},\"thumbnailUrl\":\"https:\\\/\\\/media.acninternational.org\\\/wp-content\\\/uploads\\\/2022\\\/09\\\/heading-93-1.png\",\"datePublished\":\"2022-09-12T09:54:19+00:00\",\"dateModified\":\"2024-12-12T09:59:44+00:00\",\"description\":\"El papa Francisco participa en la s\u00e9ptima edici\u00f3n del Congreso de L\u00edderes de Religiones Mundiales y Tradicionales en Nursult\u00e1n, Kazajist\u00e1n.\",\"breadcrumb\":{\"@id\":\"https:\\\/\\\/acninternational.org\\\/es\\\/el-papa-en-kazajistan\\\/#breadcrumb\"},\"inLanguage\":\"es\",\"potentialAction\":[{\"@type\":\"ReadAction\",\"target\":[\"https:\\\/\\\/acninternational.org\\\/es\\\/el-papa-en-kazajistan\\\/\"]}]},{\"@type\":\"ImageObject\",\"inLanguage\":\"es\",\"@id\":\"https:\\\/\\\/acninternational.org\\\/es\\\/el-papa-en-kazajistan\\\/#primaryimage\",\"url\":\"https:\\\/\\\/media.acninternational.org\\\/wp-content\\\/uploads\\\/2022\\\/09\\\/heading-93-1.png\",\"contentUrl\":\"https:\\\/\\\/media.acninternational.org\\\/wp-content\\\/uploads\\\/2022\\\/09\\\/heading-93-1.png\",\"width\":2000,\"height\":625,\"caption\":\"Finalizaci\u00f3n de la iglesia greco-cat\u00f3lica para la parroquia sv. Yosyfa en Astana\"},{\"@type\":\"BreadcrumbList\",\"@id\":\"https:\\\/\\\/acninternational.org\\\/es\\\/el-papa-en-kazajistan\\\/#breadcrumb\",\"itemListElement\":[{\"@type\":\"ListItem\",\"position\":1,\"name\":\"Home\",\"item\":\"https:\\\/\\\/acninternational.org\\\/es\\\/\"},{\"@type\":\"ListItem\",\"position\":2,\"name\":\"Sin categorizar\",\"item\":\"https:\\\/\\\/acninternational.org\\\/es\\\/category\\\/sin-categorizar\\\/\"},{\"@type\":\"ListItem\",\"position\":3,\"name\":\"Obispo de Almaty: \u201c\u00bfC\u00f3mo continuar con el esp\u00edritu de As\u00eds? \u201d\"}]},{\"@type\":\"WebSite\",\"@id\":\"https:\\\/\\\/acninternational.org\\\/es\\\/#website\",\"url\":\"https:\\\/\\\/acninternational.org\\\/es\\\/\",\"name\":\"ACN International\",\"description\":\"\",\"publisher\":{\"@id\":\"https:\\\/\\\/acninternational.org\\\/es\\\/#organization\"},\"potentialAction\":[{\"@type\":\"SearchAction\",\"target\":{\"@type\":\"EntryPoint\",\"urlTemplate\":\"https:\\\/\\\/acninternational.org\\\/es\\\/?s={search_term_string}\"},\"query-input\":{\"@type\":\"PropertyValueSpecification\",\"valueRequired\":true,\"valueName\":\"search_term_string\"}}],\"inLanguage\":\"es\"},{\"@type\":\"Organization\",\"@id\":\"https:\\\/\\\/acninternational.org\\\/es\\\/#organization\",\"name\":\"Aid to the Church in Need International\",\"url\":\"https:\\\/\\\/acninternational.org\\\/es\\\/\",\"logo\":{\"@type\":\"ImageObject\",\"inLanguage\":\"es\",\"@id\":\"https:\\\/\\\/acninternational.org\\\/es\\\/#\\\/schema\\\/logo\\\/image\\\/\",\"url\":\"https:\\\/\\\/media.acninternational.org\\\/wp-content\\\/uploads\\\/2019\\\/11\\\/acn_logo_blackvector.svg\",\"contentUrl\":\"https:\\\/\\\/media.acninternational.org\\\/wp-content\\\/uploads\\\/2019\\\/11\\\/acn_logo_blackvector.svg\",\"width\":232.6,\"height\":78,\"caption\":\"Aid to the Church in Need International\"},\"image\":{\"@id\":\"https:\\\/\\\/acninternational.org\\\/es\\\/#\\\/schema\\\/logo\\\/image\\\/\"},\"sameAs\":[\"https:\\\/\\\/www.facebook.com\\\/acninternationalorg\",\"https:\\\/\\\/x.com\\\/acn_int\",\"https:\\\/\\\/www.youtube.com\\\/channel\\\/UCQ-077gS0TnVzkhHmf1opZw\",\"https:\\\/\\\/www.instagram.com\\\/acn_international\\\/\"]},{\"@type\":\"Person\",\"@id\":\"https:\\\/\\\/acninternational.org\\\/es\\\/#\\\/schema\\\/person\\\/7f3dafb236b242fb2aa46be1411fd703\",\"name\":\"ACN Press Team\",\"description\":\"Lorem ipsum dolor sit amet, consectetur adipiscing elit, sed do eiusmod tempor incididunt ut labore et dolore magna aliqua. Ut enim ad minim veniam, quis nostrud exercitation ullamco laboris nisi ut aliquip ex ea commodo consequat.\",\"url\":\"https:\\\/\\\/acninternational.org\\\/es\\\/author\\\/acn-press-team\\\/\"}]}<\/script>\n<!-- \/ Yoast SEO Premium plugin. -->","yoast_head_json":{"title":"El Papa Francisco visita Kazajist\u00e1n | ACN International","description":"El papa Francisco participa en la s\u00e9ptima edici\u00f3n del Congreso de L\u00edderes de Religiones Mundiales y Tradicionales en Nursult\u00e1n, Kazajist\u00e1n.","robots":{"index":"index","follow":"follow","max-snippet":"max-snippet:-1","max-image-preview":"max-image-preview:large","max-video-preview":"max-video-preview:-1"},"canonical":"https:\/\/acninternational.org\/es\/el-papa-en-kazajistan\/","og_locale":"es_ES","og_type":"article","og_title":"El Papa Francisco visita Kazajist\u00e1n","og_description":"El Papa participa en la s\u00e9ptima edici\u00f3n del Congreso de L\u00edderes de Religiones Mundiales y Tradicionales, en Nursult\u00e1n, Kazajist\u00e1n.","og_url":"https:\/\/acninternational.org\/es\/el-papa-en-kazajistan\/","og_site_name":"ACN International","article_publisher":"https:\/\/www.facebook.com\/acninternationalorg","article_published_time":"2022-09-12T09:54:19+00:00","article_modified_time":"2024-12-12T09:59:44+00:00","og_image":[{"width":2000,"height":625,"url":"https:\/\/media.acninternational.org\/wp-content\/uploads\/2022\/09\/heading-93-1.png","type":"image\/png"}],"author":"ACN Press Team","twitter_card":"summary_large_image","twitter_title":"El Papa Francisco visita Kazajist\u00e1n","twitter_description":"El Papa participa en la s\u00e9ptima edici\u00f3n del Congreso de L\u00edderes de Religiones Mundiales y Tradicionales, en Nursult\u00e1n, Kazajist\u00e1n.","twitter_creator":"@acn_int","twitter_site":"@acn_int","twitter_misc":{"Escrito por":"ACN Press Team","Tiempo de lectura":"5 minutos"},"schema":{"@context":"https:\/\/schema.org","@graph":[{"@type":"Article","@id":"https:\/\/acninternational.org\/es\/el-papa-en-kazajistan\/#article","isPartOf":{"@id":"https:\/\/acninternational.org\/es\/el-papa-en-kazajistan\/"},"author":{"name":"ACN Press Team","@id":"https:\/\/acninternational.org\/es\/#\/schema\/person\/7f3dafb236b242fb2aa46be1411fd703"},"headline":"Obispo de Almaty: \u201c\u00bfC\u00f3mo continuar con el esp\u00edritu de As\u00eds? \u201d","datePublished":"2022-09-12T09:54:19+00:00","dateModified":"2024-12-12T09:59:44+00:00","mainEntityOfPage":{"@id":"https:\/\/acninternational.org\/es\/el-papa-en-kazajistan\/"},"wordCount":1109,"publisher":{"@id":"https:\/\/acninternational.org\/es\/#organization"},"image":{"@id":"https:\/\/acninternational.org\/es\/el-papa-en-kazajistan\/#primaryimage"},"thumbnailUrl":"https:\/\/media.acninternational.org\/wp-content\/uploads\/2022\/09\/heading-93-1.png","articleSection":["Sin categorizar"],"inLanguage":"es"},{"@type":"WebPage","@id":"https:\/\/acninternational.org\/es\/el-papa-en-kazajistan\/","url":"https:\/\/acninternational.org\/es\/el-papa-en-kazajistan\/","name":"El Papa Francisco visita Kazajist\u00e1n | ACN International","isPartOf":{"@id":"https:\/\/acninternational.org\/es\/#website"},"primaryImageOfPage":{"@id":"https:\/\/acninternational.org\/es\/el-papa-en-kazajistan\/#primaryimage"},"image":{"@id":"https:\/\/acninternational.org\/es\/el-papa-en-kazajistan\/#primaryimage"},"thumbnailUrl":"https:\/\/media.acninternational.org\/wp-content\/uploads\/2022\/09\/heading-93-1.png","datePublished":"2022-09-12T09:54:19+00:00","dateModified":"2024-12-12T09:59:44+00:00","description":"El papa Francisco participa en la s\u00e9ptima edici\u00f3n del Congreso de L\u00edderes de Religiones Mundiales y Tradicionales en Nursult\u00e1n, Kazajist\u00e1n.","breadcrumb":{"@id":"https:\/\/acninternational.org\/es\/el-papa-en-kazajistan\/#breadcrumb"},"inLanguage":"es","potentialAction":[{"@type":"ReadAction","target":["https:\/\/acninternational.org\/es\/el-papa-en-kazajistan\/"]}]},{"@type":"ImageObject","inLanguage":"es","@id":"https:\/\/acninternational.org\/es\/el-papa-en-kazajistan\/#primaryimage","url":"https:\/\/media.acninternational.org\/wp-content\/uploads\/2022\/09\/heading-93-1.png","contentUrl":"https:\/\/media.acninternational.org\/wp-content\/uploads\/2022\/09\/heading-93-1.png","width":2000,"height":625,"caption":"Finalizaci\u00f3n de la iglesia greco-cat\u00f3lica para la parroquia sv. Yosyfa en Astana"},{"@type":"BreadcrumbList","@id":"https:\/\/acninternational.org\/es\/el-papa-en-kazajistan\/#breadcrumb","itemListElement":[{"@type":"ListItem","position":1,"name":"Home","item":"https:\/\/acninternational.org\/es\/"},{"@type":"ListItem","position":2,"name":"Sin categorizar","item":"https:\/\/acninternational.org\/es\/category\/sin-categorizar\/"},{"@type":"ListItem","position":3,"name":"Obispo de Almaty: \u201c\u00bfC\u00f3mo continuar con el esp\u00edritu de As\u00eds? \u201d"}]},{"@type":"WebSite","@id":"https:\/\/acninternational.org\/es\/#website","url":"https:\/\/acninternational.org\/es\/","name":"ACN International","description":"","publisher":{"@id":"https:\/\/acninternational.org\/es\/#organization"},"potentialAction":[{"@type":"SearchAction","target":{"@type":"EntryPoint","urlTemplate":"https:\/\/acninternational.org\/es\/?s={search_term_string}"},"query-input":{"@type":"PropertyValueSpecification","valueRequired":true,"valueName":"search_term_string"}}],"inLanguage":"es"},{"@type":"Organization","@id":"https:\/\/acninternational.org\/es\/#organization","name":"Aid to the Church in Need International","url":"https:\/\/acninternational.org\/es\/","logo":{"@type":"ImageObject","inLanguage":"es","@id":"https:\/\/acninternational.org\/es\/#\/schema\/logo\/image\/","url":"https:\/\/media.acninternational.org\/wp-content\/uploads\/2019\/11\/acn_logo_blackvector.svg","contentUrl":"https:\/\/media.acninternational.org\/wp-content\/uploads\/2019\/11\/acn_logo_blackvector.svg","width":232.6,"height":78,"caption":"Aid to the Church in Need International"},"image":{"@id":"https:\/\/acninternational.org\/es\/#\/schema\/logo\/image\/"},"sameAs":["https:\/\/www.facebook.com\/acninternationalorg","https:\/\/x.com\/acn_int","https:\/\/www.youtube.com\/channel\/UCQ-077gS0TnVzkhHmf1opZw","https:\/\/www.instagram.com\/acn_international\/"]},{"@type":"Person","@id":"https:\/\/acninternational.org\/es\/#\/schema\/person\/7f3dafb236b242fb2aa46be1411fd703","name":"ACN Press Team","description":"Lorem ipsum dolor sit amet, consectetur adipiscing elit, sed do eiusmod tempor incididunt ut labore et dolore magna aliqua. Ut enim ad minim veniam, quis nostrud exercitation ullamco laboris nisi ut aliquip ex ea commodo consequat.","url":"https:\/\/acninternational.org\/es\/author\/acn-press-team\/"}]}},"_links":{"self":[{"href":"https:\/\/acninternational.org\/es\/wp-json\/wp\/v2\/posts\/174262","targetHints":{"allow":["GET"]}}],"collection":[{"href":"https:\/\/acninternational.org\/es\/wp-json\/wp\/v2\/posts"}],"about":[{"href":"https:\/\/acninternational.org\/es\/wp-json\/wp\/v2\/types\/post"}],"author":[{"embeddable":true,"href":"https:\/\/acninternational.org\/es\/wp-json\/wp\/v2\/users\/4258341447"}],"replies":[{"embeddable":true,"href":"https:\/\/acninternational.org\/es\/wp-json\/wp\/v2\/comments?post=174262"}],"version-history":[{"count":0,"href":"https:\/\/acninternational.org\/es\/wp-json\/wp\/v2\/posts\/174262\/revisions"}],"wp:featuredmedia":[{"embeddable":true,"href":"https:\/\/acninternational.org\/es\/wp-json\/wp\/v2\/media\/174248"}],"wp:attachment":[{"href":"https:\/\/acninternational.org\/es\/wp-json\/wp\/v2\/media?parent=174262"}],"wp:term":[{"taxonomy":"category","embeddable":true,"href":"https:\/\/acninternational.org\/es\/wp-json\/wp\/v2\/categories?post=174262"},{"taxonomy":"post_tag","embeddable":true,"href":"https:\/\/acninternational.org\/es\/wp-json\/wp\/v2\/tags?post=174262"},{"taxonomy":"country","embeddable":true,"href":"https:\/\/acninternational.org\/es\/wp-json\/wp\/v2\/country?post=174262"}],"curies":[{"name":"wp","href":"https:\/\/api.w.org\/{rel}","templated":true}]}}