{"id":173711,"date":"2022-08-25T12:00:10","date_gmt":"2022-08-25T10:00:10","guid":{"rendered":"https:\/\/acninternational.org\/?p=173711"},"modified":"2024-08-09T11:58:52","modified_gmt":"2024-08-09T09:58:52","slug":"silenciamiento-de-la-iglesia-catolica-en-nicaragua","status":"publish","type":"post","link":"https:\/\/acninternational.org\/es\/silenciamiento-de-la-iglesia-catolica-en-nicaragua\/","title":{"rendered":"ACN pide oraciones por Nicaragua: \u201cEstamos viviendo un proceso de silenciamiento de la Iglesia en Nicaragua\u201d"},"content":{"rendered":"<p>Ante la situaci\u00f3n que vive la Iglesia en Nicaragua, <em>Aid to the Church in Need<\/em> quiere expresar fraternidad, amistad y comuni\u00f3n ante la triste y dolorosa situaci\u00f3n que est\u00e1n viviendo el clero y toda la Iglesia nicarag\u00fcense.<\/p>\n<p>La fundaci\u00f3n recuerda el mensaje del comunicado de la Conferencia Episcopal Nicarag\u00fcense publicado el 7 de agosto, que citaba el pasaje de la Biblia: \u201csi un miembro sufre, todos sufrimos con \u00e9l (1 Co 12,26)\u201d, e invita adem\u00e1s a orar por la paz y a apoyar solidariamente a los cristianos en ese pa\u00eds.<\/p>\n<p>Tambi\u00e9n el papa Francisco expres\u00f3 su preocupaci\u00f3n y dolor por la dif\u00edcil situaci\u00f3n que est\u00e1 pasando Nicaragua despu\u00e9s del rezo del <a href=\"https:\/\/www.vatican.va\/content\/francesco\/en\/angelus\/2022\/documents\/20220821-angelus.html\" target=\"_blank\" rel=\"noopener\">\u00c1ngelus el domingo 21 de agosto<\/a>.<\/p>\n<p>\u201cNicaragua sigue convulsionada por la crisis que comenz\u00f3 <a href=\"https:\/\/acninternational.org\/nicaraguathe-lies-are-almost-as-dangerous-as-the-bullets-because-they-create-a-psychosis-of-war\/\" target=\"_blank\" rel=\"noopener\">hace m\u00e1s de cuatro a\u00f1os<\/a>. La situaci\u00f3n en el pa\u00eds centroamericano es cr\u00edtica, con una gran polarizaci\u00f3n y mucha confrontaci\u00f3n. Creemos que en estos momentos la oraci\u00f3n es m\u00e1s importante que nunca\u201d, dice Regina Lynch, directora internacional de proyectos de ACN.<\/p>\n<figure id=\"attachment_173697\" aria-describedby=\"caption-attachment-173697\" style=\"width: 670px\" class=\"wp-caption aligncenter\"><img loading=\"lazy\" decoding=\"async\" class=\"wp-image-173702 size-full\" src=\"https:\/\/media.acninternational.org\/wp-content\/uploads\/2022\/08\/pequenya1-34.png\" alt=\"Manifestaciones violentas en Nicaragua\" width=\"670\" height=\"400\" srcset=\"https:\/\/media.acninternational.org\/wp-content\/uploads\/2022\/08\/pequenya1-34.png 670w, https:\/\/media.acninternational.org\/wp-content\/uploads\/2022\/08\/pequenya1-34-300x179.png 300w\" sizes=\"auto, (max-width: 670px) 100vw, 670px\" \/><figcaption id=\"caption-attachment-173697\" class=\"wp-caption-text\">Sacerdotes y seminaristas intentando frenar la violencia durante las manifestaciones de 2018.<\/figcaption><\/figure>\n<h4><strong>Seis sacerdotes y un obispo detenidos<\/strong><\/h4>\n<p>Despu\u00e9s de un <a href=\"https:\/\/acninternational.org\/es\/nicaragua-se-pone-a-la-cabeza-de-la-persecucion-religiosa-en-latinoamerica\/\" target=\"_blank\" rel=\"noopener\">marcado incremento de las hostilidades estatales<\/a> durante los \u00faltimos meses, a las tres de la madrugada del 19 de agosto, la polic\u00eda nacional allan\u00f3 la curia de la di\u00f3cesis de Matagalpa, llev\u00e1ndose a <a href=\"https:\/\/www.ayudaalaiglesianecesitada.org\/noticias\/obispo-de-nicaragua-en-huelga-de-hambre-contra-el-acoso-de-la-policia\/\" target=\"_blank\" rel=\"noopener\">monse\u00f1or Rolando \u00c1lvarez<\/a>\u00a0 junto a los presentes en la curia en ese momento. Su arresto representa el siguiente paso de una presi\u00f3n policial contra su persona que hab\u00eda empezado el 4 de agosto, con el bloqueo a la curia de todos los accesos por agentes policiales. Seg\u00fan el comunicado oficial publicado por la polic\u00eda m\u00e1s tarde, el operativo se realiz\u00f3 \u201ccumpliendo funciones constitucionales de resguardo de la seguridad, la tranquilidad y la paz de las familias nicarag\u00fcenses\u201d.<\/p>\n<p>\u201cLo ocurrido es un escalaf\u00f3n m\u00e1s en una espiral de confrontaci\u00f3n. Estamos viviendo un proceso de silenciamiento de la Iglesia en Nicaragua. Hoy se viven tiempos dif\u00edciles en Nicaragua. Debemos apoyarles como sea posible. Hay que rezar y pedir para que haya una soluci\u00f3n pac\u00edfica y no un incremento de hostilidades\u201d, expresa Lynch.<\/p>\n<p>Monse\u00f1or \u00c1lvarez, que adem\u00e1s de obispo de la di\u00f3cesis de Matagalpa es administrador apost\u00f3lico de la sede vacante en la di\u00f3cesis de Estel\u00ed, se encuentra en estos momentos en su casa familiar cerca de Managua custodiado por la polic\u00eda. Tres sacerdotes, un di\u00e1cono, dos seminaristas y un c\u00e1mara fueron detenidos con \u00e9l \u00a0y siguen presos en la c\u00e1rcel El Chipote, situada en Managua y donde se encuentran los presos pol\u00edticos.<\/p>\n<p>En estos momentos son seis sacerdotes detenidos en el pa\u00eds, adem\u00e1s de los tres mencionados, dos sacerdotes de Granada y un sacerdote misionero de Siuna est\u00e1n encarcelados. El \u00faltimo desde el 14 de agosto, sin cargos conocidos.<\/p>\n<figure id=\"attachment_173691\" aria-describedby=\"caption-attachment-173691\" style=\"width: 670px\" class=\"wp-caption aligncenter\"><img loading=\"lazy\" decoding=\"async\" class=\"wp-image-173696 size-full\" src=\"https:\/\/media.acninternational.org\/wp-content\/uploads\/2022\/08\/pequenya1-33.png\" alt=\"Monse\u00f1or Rolando Jos\u00e9 Alvarez Nicaragua\" width=\"670\" height=\"400\" srcset=\"https:\/\/media.acninternational.org\/wp-content\/uploads\/2022\/08\/pequenya1-33.png 670w, https:\/\/media.acninternational.org\/wp-content\/uploads\/2022\/08\/pequenya1-33-300x179.png 300w\" sizes=\"auto, (max-width: 670px) 100vw, 670px\" \/><figcaption id=\"caption-attachment-173691\" class=\"wp-caption-text\">Monse\u00f1or Rolando Jos\u00e9 Alvarez Lagos, obispo de la di\u00f3cesis de Matagalpa (Nicaragua)<\/figcaption><\/figure>\n<h4><strong>190 ataques en cuatro a\u00f1os<\/strong><\/h4>\n<p>Monse\u00f1or \u00c1lvarez ha sido una de las voces que ha denunciado la crisis social que vive el pa\u00eds en los \u00faltimos a\u00f1os. En menos de cuatro a\u00f1os, la Iglesia cat\u00f3lica ha sufrido m\u00e1s de 190 ataques y profanaciones en el pa\u00eds, como indicaba el \u00faltimo estudio de Martha Patricia Molina Montenegro, <a href=\"https:\/\/www.articulo66.com\/wp-content\/uploads\/2022\/05\/Profanaciones-y-ataque-a-la-iglesia-catolica-1.pdf\" target=\"_blank\" rel=\"noopener\">\u201cNicaragua: \u00bfIglesia perseguida? (2018-2022)\u201d<\/a>.<\/p>\n<p>Adem\u00e1s de represiones concretas contra algunos miembros del clero &#8211; incluyendo la expulsi\u00f3n del nuncio apost\u00f3lico en marzo- hay que citar otras medidas de presi\u00f3n como la prohibici\u00f3n de procesiones en las calles, la interrupci\u00f3n de celebraciones religiosas, la intimidaci\u00f3n de fieles por despliegues policiales alrededor de iglesias y la amenaza a due\u00f1os de transporte de la p\u00e9rdida de su veh\u00edculo si colaboran en la participaci\u00f3n de fieles en una actividad religiosa.<\/p>\n<p>Adem\u00e1s, el gobierno ha cerrado cientos de organizaciones no gubernamentales, algunas religiosas o llevadas por congregaciones religiosas. Entre otras medidas criticadas ampliamente por la opini\u00f3n p\u00fablica est\u00e1 la expulsi\u00f3n de las religiosas de la Madre Teresa de Calcuta que realizaban un trabajo a favor de los m\u00e1s desprotegidos y el cierre del canal de televisi\u00f3n de la conferencia y otras ocho radios cat\u00f3licas.<\/p>\n<h4><strong>Nicaragua necesita oraci\u00f3n y esperanza<\/strong><\/h4>\n<p>En su \u00faltima <strong>visita a la sede internacional de ACN en 2019<\/strong>, monse\u00f1or \u00c1lvarez, que est\u00e1 a cargo de las \u00e1reas de Comunicaci\u00f3n y Atenci\u00f3n a Laicos y es presidente del Departamento de Juventud de la Conferencia Episcopal dijo:<\/p>\n<p>\u201cMe gusta mucho el nombre de la fundaci\u00f3n &#8211; Ayuda a la Iglesia Necesitada &#8211; porque la Iglesia est\u00e1 necesitada. Est\u00e1 necesitada de oraci\u00f3n y de esperanza para seguir profetizando. La Iglesia tiene que seguir haci\u00e9ndose pueblo, abriendo sus puertas para todos, sin diferencias\u201d.<\/p>\n<p>\u201cTodos somos la viuda pobre, tanto el que tiene mucho econ\u00f3micamente como el que tiene muy poco. El secreto es &#8211; como dec\u00eda santa Teresa de Calcuta \u2013 \u2018dar hasta que nos duela\u2019. De tal manera que a los benefactores de ACN les digo: Sigan adelante, sin miedo, como lo han hecho, danto hasta que les duela, dando de lo que tienen para vivir, porque as\u00ed nos dan vida a los dem\u00e1s\u201d, pidi\u00f3 el obispo durante la visita.<\/p>\n","protected":false},"excerpt":{"rendered":"<p>Sacerdotes y un obispo detenidos y ataques de profanaci\u00f3n: un intento de silenciar a la Iglesia Cat\u00f3lica en Nicaragua.<\/p>\n","protected":false},"author":4258341447,"featured_media":173703,"comment_status":"closed","ping_status":"closed","sticky":false,"template":"","format":"standard","meta":{"_acf_changed":false,"_acn_coauthor_ids":[],"_acn_featured_article":false,"footnotes":""},"categories":[746],"tags":[],"country":[419],"class_list":["post-173711","post","type-post","status-publish","format-standard","has-post-thumbnail","hentry","category-noticias","country-nicaragua-es"],"acn_coauthors":[],"acf":[],"yoast_head":"<!-- This site is optimized with the Yoast SEO Premium plugin v27.5 (Yoast SEO v27.5) - https:\/\/yoast.com\/product\/yoast-seo-premium-wordpress\/ -->\n<title>Silenciamiento de la Iglesia Cat\u00f3lica en Nicaragua | ACN International<\/title>\n<meta name=\"description\" content=\"Sacerdotes y un obispo detenidos y ataques de profanaci\u00f3n: un intento de silenciar a la Iglesia Cat\u00f3lica en Nicaragua.\" \/>\n<meta name=\"robots\" content=\"index, follow, max-snippet:-1, max-image-preview:large, max-video-preview:-1\" \/>\n<link rel=\"canonical\" href=\"https:\/\/acninternational.org\/es\/silenciamiento-de-la-iglesia-catolica-en-nicaragua\/\" \/>\n<meta property=\"og:locale\" content=\"es_ES\" \/>\n<meta property=\"og:type\" content=\"article\" \/>\n<meta property=\"og:title\" content=\"Quieren silenciar a la Iglesia en Nicaragua\" \/>\n<meta property=\"og:description\" content=\"Sacerdotes y un obispo detenidos y ataques de profanaci\u00f3n: la Iglesia de Nicaragua perseguida.\" \/>\n<meta property=\"og:url\" content=\"https:\/\/acninternational.org\/es\/silenciamiento-de-la-iglesia-catolica-en-nicaragua\/\" \/>\n<meta property=\"og:site_name\" content=\"ACN International\" \/>\n<meta property=\"article:publisher\" content=\"https:\/\/www.facebook.com\/acninternationalorg\" \/>\n<meta property=\"article:published_time\" content=\"2022-08-25T10:00:10+00:00\" \/>\n<meta property=\"article:modified_time\" content=\"2024-08-09T09:58:52+00:00\" \/>\n<meta property=\"og:image\" content=\"https:\/\/media.acninternational.org\/wp-content\/uploads\/2022\/08\/heading-83-1.png\" \/>\n\t<meta property=\"og:image:width\" content=\"2000\" \/>\n\t<meta property=\"og:image:height\" content=\"625\" \/>\n\t<meta property=\"og:image:type\" content=\"image\/png\" \/>\n<meta name=\"author\" content=\"ACN Press Team\" \/>\n<meta name=\"twitter:card\" content=\"summary_large_image\" \/>\n<meta name=\"twitter:title\" content=\"Quieren silenciar a la Iglesia en Nicaragua\" \/>\n<meta name=\"twitter:description\" content=\"Sacerdotes y un obispo detenidos y ataques de profanaci\u00f3n: la Iglesia Cat\u00f3lica de Nicaragua perseguida.\" \/>\n<meta name=\"twitter:creator\" content=\"@acn_int\" \/>\n<meta name=\"twitter:site\" content=\"@acn_int\" \/>\n<meta name=\"twitter:label1\" content=\"Escrito por\" \/>\n\t<meta name=\"twitter:data1\" content=\"ACN Press Team\" \/>\n\t<meta name=\"twitter:label2\" content=\"Tiempo de lectura\" \/>\n\t<meta name=\"twitter:data2\" content=\"5 minutos\" \/>\n<script type=\"application\/ld+json\" class=\"yoast-schema-graph\">{\"@context\":\"https:\\\/\\\/schema.org\",\"@graph\":[{\"@type\":\"Article\",\"@id\":\"https:\\\/\\\/acninternational.org\\\/es\\\/silenciamiento-de-la-iglesia-catolica-en-nicaragua\\\/#article\",\"isPartOf\":{\"@id\":\"https:\\\/\\\/acninternational.org\\\/es\\\/silenciamiento-de-la-iglesia-catolica-en-nicaragua\\\/\"},\"author\":{\"name\":\"ACN Press Team\",\"@id\":\"https:\\\/\\\/acninternational.org\\\/es\\\/#\\\/schema\\\/person\\\/7f3dafb236b242fb2aa46be1411fd703\"},\"headline\":\"ACN pide oraciones por Nicaragua: \u201cEstamos viviendo un proceso de silenciamiento de la Iglesia en Nicaragua\u201d\",\"datePublished\":\"2022-08-25T10:00:10+00:00\",\"dateModified\":\"2024-08-09T09:58:52+00:00\",\"mainEntityOfPage\":{\"@id\":\"https:\\\/\\\/acninternational.org\\\/es\\\/silenciamiento-de-la-iglesia-catolica-en-nicaragua\\\/\"},\"wordCount\":939,\"publisher\":{\"@id\":\"https:\\\/\\\/acninternational.org\\\/es\\\/#organization\"},\"image\":{\"@id\":\"https:\\\/\\\/acninternational.org\\\/es\\\/silenciamiento-de-la-iglesia-catolica-en-nicaragua\\\/#primaryimage\"},\"thumbnailUrl\":\"https:\\\/\\\/media.acninternational.org\\\/wp-content\\\/uploads\\\/2022\\\/08\\\/heading-83-1.png\",\"articleSection\":[\"NOTICIAS\"],\"inLanguage\":\"es\"},{\"@type\":\"WebPage\",\"@id\":\"https:\\\/\\\/acninternational.org\\\/es\\\/silenciamiento-de-la-iglesia-catolica-en-nicaragua\\\/\",\"url\":\"https:\\\/\\\/acninternational.org\\\/es\\\/silenciamiento-de-la-iglesia-catolica-en-nicaragua\\\/\",\"name\":\"Silenciamiento de la Iglesia Cat\u00f3lica en Nicaragua | ACN International\",\"isPartOf\":{\"@id\":\"https:\\\/\\\/acninternational.org\\\/es\\\/#website\"},\"primaryImageOfPage\":{\"@id\":\"https:\\\/\\\/acninternational.org\\\/es\\\/silenciamiento-de-la-iglesia-catolica-en-nicaragua\\\/#primaryimage\"},\"image\":{\"@id\":\"https:\\\/\\\/acninternational.org\\\/es\\\/silenciamiento-de-la-iglesia-catolica-en-nicaragua\\\/#primaryimage\"},\"thumbnailUrl\":\"https:\\\/\\\/media.acninternational.org\\\/wp-content\\\/uploads\\\/2022\\\/08\\\/heading-83-1.png\",\"datePublished\":\"2022-08-25T10:00:10+00:00\",\"dateModified\":\"2024-08-09T09:58:52+00:00\",\"description\":\"Sacerdotes y un obispo detenidos y ataques de profanaci\u00f3n: un intento de silenciar a la Iglesia Cat\u00f3lica en Nicaragua.\",\"breadcrumb\":{\"@id\":\"https:\\\/\\\/acninternational.org\\\/es\\\/silenciamiento-de-la-iglesia-catolica-en-nicaragua\\\/#breadcrumb\"},\"inLanguage\":\"es\",\"potentialAction\":[{\"@type\":\"ReadAction\",\"target\":[\"https:\\\/\\\/acninternational.org\\\/es\\\/silenciamiento-de-la-iglesia-catolica-en-nicaragua\\\/\"]}]},{\"@type\":\"ImageObject\",\"inLanguage\":\"es\",\"@id\":\"https:\\\/\\\/acninternational.org\\\/es\\\/silenciamiento-de-la-iglesia-catolica-en-nicaragua\\\/#primaryimage\",\"url\":\"https:\\\/\\\/media.acninternational.org\\\/wp-content\\\/uploads\\\/2022\\\/08\\\/heading-83-1.png\",\"contentUrl\":\"https:\\\/\\\/media.acninternational.org\\\/wp-content\\\/uploads\\\/2022\\\/08\\\/heading-83-1.png\",\"width\":2000,\"height\":625,\"caption\":\"Bishop Rolando Jos\u00e9 \u00c1lvarez Lagos\"},{\"@type\":\"BreadcrumbList\",\"@id\":\"https:\\\/\\\/acninternational.org\\\/es\\\/silenciamiento-de-la-iglesia-catolica-en-nicaragua\\\/#breadcrumb\",\"itemListElement\":[{\"@type\":\"ListItem\",\"position\":1,\"name\":\"Home\",\"item\":\"https:\\\/\\\/acninternational.org\\\/es\\\/\"},{\"@type\":\"ListItem\",\"position\":2,\"name\":\"NOTICIAS\",\"item\":\"https:\\\/\\\/acninternational.org\\\/es\\\/category\\\/noticias\\\/\"},{\"@type\":\"ListItem\",\"position\":3,\"name\":\"ACN pide oraciones por Nicaragua: \u201cEstamos viviendo un proceso de silenciamiento de la Iglesia en Nicaragua\u201d\"}]},{\"@type\":\"WebSite\",\"@id\":\"https:\\\/\\\/acninternational.org\\\/es\\\/#website\",\"url\":\"https:\\\/\\\/acninternational.org\\\/es\\\/\",\"name\":\"ACN International\",\"description\":\"\",\"publisher\":{\"@id\":\"https:\\\/\\\/acninternational.org\\\/es\\\/#organization\"},\"potentialAction\":[{\"@type\":\"SearchAction\",\"target\":{\"@type\":\"EntryPoint\",\"urlTemplate\":\"https:\\\/\\\/acninternational.org\\\/es\\\/?s={search_term_string}\"},\"query-input\":{\"@type\":\"PropertyValueSpecification\",\"valueRequired\":true,\"valueName\":\"search_term_string\"}}],\"inLanguage\":\"es\"},{\"@type\":\"Organization\",\"@id\":\"https:\\\/\\\/acninternational.org\\\/es\\\/#organization\",\"name\":\"Aid to the Church in Need International\",\"url\":\"https:\\\/\\\/acninternational.org\\\/es\\\/\",\"logo\":{\"@type\":\"ImageObject\",\"inLanguage\":\"es\",\"@id\":\"https:\\\/\\\/acninternational.org\\\/es\\\/#\\\/schema\\\/logo\\\/image\\\/\",\"url\":\"https:\\\/\\\/media.acninternational.org\\\/wp-content\\\/uploads\\\/2019\\\/11\\\/acn_logo_blackvector.svg\",\"contentUrl\":\"https:\\\/\\\/media.acninternational.org\\\/wp-content\\\/uploads\\\/2019\\\/11\\\/acn_logo_blackvector.svg\",\"width\":232.6,\"height\":78,\"caption\":\"Aid to the Church in Need International\"},\"image\":{\"@id\":\"https:\\\/\\\/acninternational.org\\\/es\\\/#\\\/schema\\\/logo\\\/image\\\/\"},\"sameAs\":[\"https:\\\/\\\/www.facebook.com\\\/acninternationalorg\",\"https:\\\/\\\/x.com\\\/acn_int\",\"https:\\\/\\\/www.youtube.com\\\/channel\\\/UCQ-077gS0TnVzkhHmf1opZw\",\"https:\\\/\\\/www.instagram.com\\\/acn_international\\\/\"]},{\"@type\":\"Person\",\"@id\":\"https:\\\/\\\/acninternational.org\\\/es\\\/#\\\/schema\\\/person\\\/7f3dafb236b242fb2aa46be1411fd703\",\"name\":\"ACN Press Team\",\"description\":\"Lorem ipsum dolor sit amet, consectetur adipiscing elit, sed do eiusmod tempor incididunt ut labore et dolore magna aliqua. Ut enim ad minim veniam, quis nostrud exercitation ullamco laboris nisi ut aliquip ex ea commodo consequat.\",\"url\":\"https:\\\/\\\/acninternational.org\\\/es\\\/author\\\/acn-press-team\\\/\"}]}<\/script>\n<!-- \/ Yoast SEO Premium plugin. -->","yoast_head_json":{"title":"Silenciamiento de la Iglesia Cat\u00f3lica en Nicaragua | ACN International","description":"Sacerdotes y un obispo detenidos y ataques de profanaci\u00f3n: un intento de silenciar a la Iglesia Cat\u00f3lica en Nicaragua.","robots":{"index":"index","follow":"follow","max-snippet":"max-snippet:-1","max-image-preview":"max-image-preview:large","max-video-preview":"max-video-preview:-1"},"canonical":"https:\/\/acninternational.org\/es\/silenciamiento-de-la-iglesia-catolica-en-nicaragua\/","og_locale":"es_ES","og_type":"article","og_title":"Quieren silenciar a la Iglesia en Nicaragua","og_description":"Sacerdotes y un obispo detenidos y ataques de profanaci\u00f3n: la Iglesia de Nicaragua perseguida.","og_url":"https:\/\/acninternational.org\/es\/silenciamiento-de-la-iglesia-catolica-en-nicaragua\/","og_site_name":"ACN International","article_publisher":"https:\/\/www.facebook.com\/acninternationalorg","article_published_time":"2022-08-25T10:00:10+00:00","article_modified_time":"2024-08-09T09:58:52+00:00","og_image":[{"width":2000,"height":625,"url":"https:\/\/media.acninternational.org\/wp-content\/uploads\/2022\/08\/heading-83-1.png","type":"image\/png"}],"author":"ACN Press Team","twitter_card":"summary_large_image","twitter_title":"Quieren silenciar a la Iglesia en Nicaragua","twitter_description":"Sacerdotes y un obispo detenidos y ataques de profanaci\u00f3n: la Iglesia Cat\u00f3lica de Nicaragua perseguida.","twitter_creator":"@acn_int","twitter_site":"@acn_int","twitter_misc":{"Escrito por":"ACN Press Team","Tiempo de lectura":"5 minutos"},"schema":{"@context":"https:\/\/schema.org","@graph":[{"@type":"Article","@id":"https:\/\/acninternational.org\/es\/silenciamiento-de-la-iglesia-catolica-en-nicaragua\/#article","isPartOf":{"@id":"https:\/\/acninternational.org\/es\/silenciamiento-de-la-iglesia-catolica-en-nicaragua\/"},"author":{"name":"ACN Press Team","@id":"https:\/\/acninternational.org\/es\/#\/schema\/person\/7f3dafb236b242fb2aa46be1411fd703"},"headline":"ACN pide oraciones por Nicaragua: \u201cEstamos viviendo un proceso de silenciamiento de la Iglesia en Nicaragua\u201d","datePublished":"2022-08-25T10:00:10+00:00","dateModified":"2024-08-09T09:58:52+00:00","mainEntityOfPage":{"@id":"https:\/\/acninternational.org\/es\/silenciamiento-de-la-iglesia-catolica-en-nicaragua\/"},"wordCount":939,"publisher":{"@id":"https:\/\/acninternational.org\/es\/#organization"},"image":{"@id":"https:\/\/acninternational.org\/es\/silenciamiento-de-la-iglesia-catolica-en-nicaragua\/#primaryimage"},"thumbnailUrl":"https:\/\/media.acninternational.org\/wp-content\/uploads\/2022\/08\/heading-83-1.png","articleSection":["NOTICIAS"],"inLanguage":"es"},{"@type":"WebPage","@id":"https:\/\/acninternational.org\/es\/silenciamiento-de-la-iglesia-catolica-en-nicaragua\/","url":"https:\/\/acninternational.org\/es\/silenciamiento-de-la-iglesia-catolica-en-nicaragua\/","name":"Silenciamiento de la Iglesia Cat\u00f3lica en Nicaragua | ACN International","isPartOf":{"@id":"https:\/\/acninternational.org\/es\/#website"},"primaryImageOfPage":{"@id":"https:\/\/acninternational.org\/es\/silenciamiento-de-la-iglesia-catolica-en-nicaragua\/#primaryimage"},"image":{"@id":"https:\/\/acninternational.org\/es\/silenciamiento-de-la-iglesia-catolica-en-nicaragua\/#primaryimage"},"thumbnailUrl":"https:\/\/media.acninternational.org\/wp-content\/uploads\/2022\/08\/heading-83-1.png","datePublished":"2022-08-25T10:00:10+00:00","dateModified":"2024-08-09T09:58:52+00:00","description":"Sacerdotes y un obispo detenidos y ataques de profanaci\u00f3n: un intento de silenciar a la Iglesia Cat\u00f3lica en Nicaragua.","breadcrumb":{"@id":"https:\/\/acninternational.org\/es\/silenciamiento-de-la-iglesia-catolica-en-nicaragua\/#breadcrumb"},"inLanguage":"es","potentialAction":[{"@type":"ReadAction","target":["https:\/\/acninternational.org\/es\/silenciamiento-de-la-iglesia-catolica-en-nicaragua\/"]}]},{"@type":"ImageObject","inLanguage":"es","@id":"https:\/\/acninternational.org\/es\/silenciamiento-de-la-iglesia-catolica-en-nicaragua\/#primaryimage","url":"https:\/\/media.acninternational.org\/wp-content\/uploads\/2022\/08\/heading-83-1.png","contentUrl":"https:\/\/media.acninternational.org\/wp-content\/uploads\/2022\/08\/heading-83-1.png","width":2000,"height":625,"caption":"Bishop Rolando Jos\u00e9 \u00c1lvarez Lagos"},{"@type":"BreadcrumbList","@id":"https:\/\/acninternational.org\/es\/silenciamiento-de-la-iglesia-catolica-en-nicaragua\/#breadcrumb","itemListElement":[{"@type":"ListItem","position":1,"name":"Home","item":"https:\/\/acninternational.org\/es\/"},{"@type":"ListItem","position":2,"name":"NOTICIAS","item":"https:\/\/acninternational.org\/es\/category\/noticias\/"},{"@type":"ListItem","position":3,"name":"ACN pide oraciones por Nicaragua: \u201cEstamos viviendo un proceso de silenciamiento de la Iglesia en Nicaragua\u201d"}]},{"@type":"WebSite","@id":"https:\/\/acninternational.org\/es\/#website","url":"https:\/\/acninternational.org\/es\/","name":"ACN International","description":"","publisher":{"@id":"https:\/\/acninternational.org\/es\/#organization"},"potentialAction":[{"@type":"SearchAction","target":{"@type":"EntryPoint","urlTemplate":"https:\/\/acninternational.org\/es\/?s={search_term_string}"},"query-input":{"@type":"PropertyValueSpecification","valueRequired":true,"valueName":"search_term_string"}}],"inLanguage":"es"},{"@type":"Organization","@id":"https:\/\/acninternational.org\/es\/#organization","name":"Aid to the Church in Need International","url":"https:\/\/acninternational.org\/es\/","logo":{"@type":"ImageObject","inLanguage":"es","@id":"https:\/\/acninternational.org\/es\/#\/schema\/logo\/image\/","url":"https:\/\/media.acninternational.org\/wp-content\/uploads\/2019\/11\/acn_logo_blackvector.svg","contentUrl":"https:\/\/media.acninternational.org\/wp-content\/uploads\/2019\/11\/acn_logo_blackvector.svg","width":232.6,"height":78,"caption":"Aid to the Church in Need International"},"image":{"@id":"https:\/\/acninternational.org\/es\/#\/schema\/logo\/image\/"},"sameAs":["https:\/\/www.facebook.com\/acninternationalorg","https:\/\/x.com\/acn_int","https:\/\/www.youtube.com\/channel\/UCQ-077gS0TnVzkhHmf1opZw","https:\/\/www.instagram.com\/acn_international\/"]},{"@type":"Person","@id":"https:\/\/acninternational.org\/es\/#\/schema\/person\/7f3dafb236b242fb2aa46be1411fd703","name":"ACN Press Team","description":"Lorem ipsum dolor sit amet, consectetur adipiscing elit, sed do eiusmod tempor incididunt ut labore et dolore magna aliqua. Ut enim ad minim veniam, quis nostrud exercitation ullamco laboris nisi ut aliquip ex ea commodo consequat.","url":"https:\/\/acninternational.org\/es\/author\/acn-press-team\/"}]}},"_links":{"self":[{"href":"https:\/\/acninternational.org\/es\/wp-json\/wp\/v2\/posts\/173711","targetHints":{"allow":["GET"]}}],"collection":[{"href":"https:\/\/acninternational.org\/es\/wp-json\/wp\/v2\/posts"}],"about":[{"href":"https:\/\/acninternational.org\/es\/wp-json\/wp\/v2\/types\/post"}],"author":[{"embeddable":true,"href":"https:\/\/acninternational.org\/es\/wp-json\/wp\/v2\/users\/4258341447"}],"replies":[{"embeddable":true,"href":"https:\/\/acninternational.org\/es\/wp-json\/wp\/v2\/comments?post=173711"}],"version-history":[{"count":0,"href":"https:\/\/acninternational.org\/es\/wp-json\/wp\/v2\/posts\/173711\/revisions"}],"wp:featuredmedia":[{"embeddable":true,"href":"https:\/\/acninternational.org\/es\/wp-json\/wp\/v2\/media\/173703"}],"wp:attachment":[{"href":"https:\/\/acninternational.org\/es\/wp-json\/wp\/v2\/media?parent=173711"}],"wp:term":[{"taxonomy":"category","embeddable":true,"href":"https:\/\/acninternational.org\/es\/wp-json\/wp\/v2\/categories?post=173711"},{"taxonomy":"post_tag","embeddable":true,"href":"https:\/\/acninternational.org\/es\/wp-json\/wp\/v2\/tags?post=173711"},{"taxonomy":"country","embeddable":true,"href":"https:\/\/acninternational.org\/es\/wp-json\/wp\/v2\/country?post=173711"}],"curies":[{"name":"wp","href":"https:\/\/api.w.org\/{rel}","templated":true}]}}