{"id":173271,"date":"2022-08-04T17:45:48","date_gmt":"2022-08-04T15:45:48","guid":{"rendered":"https:\/\/acninternational.org\/?p=173271"},"modified":"2022-08-05T10:19:42","modified_gmt":"2022-08-05T08:19:42","slug":"abuya-atacada-por-terroristas-obispo-denuncia-inseguridad-y-desigualdad","status":"publish","type":"post","link":"https:\/\/acninternational.org\/es\/abuya-atacada-por-terroristas-obispo-denuncia-inseguridad-y-desigualdad\/","title":{"rendered":"Abuya atacada por terroristas: Obispo denuncia inseguridad y desigualdad"},"content":{"rendered":"<p><em>Despu\u00e9s de las acciones violentas que est\u00e1n teniendo lugar actualmente en Abuya y sus alrededores, monse\u00f1or Ignatius Ayau Kaigama eval\u00faa la situaci\u00f3n como muy grave, y acusa a los pol\u00edticos de estar distantes a la gente.<\/em><\/p>\n<p>&nbsp;<\/p>\n<p>Una serie de ataques terroristas en la capital de Nigeria tiene a la poblaci\u00f3n en vilo y ha llevado al pa\u00eds al borde del desastre, as\u00ed lo afirma monse\u00f1or Kaigama, arzobispo de Abuya, quien habl\u00f3 con la fundaci\u00f3n internacional Aid to the Church in Need (ACN).<\/p>\n<p>Recientemente, los terroristas atacaron una prisi\u00f3n ubicada cerca del aeropuerto internacional, liberando a los miembros principales de Boko Haram, as\u00ed como un puesto militar a las afueras de la ciudad, matando a un n\u00famero desconocido de soldados. \u201cMucho m\u00e1s preocupante fue el ataque a las tropas de la Brigada de los Guardias n\u00famero 7, que brinda seguridad a la villa presidencial y al territorio de la capital federal, emboscados mientras patrullaban\u201d, dice Mons. Kaigama.<\/p>\n<figure id=\"attachment_173239\" aria-describedby=\"caption-attachment-173239\" style=\"width: 670px\" class=\"wp-caption alignnone\"><img loading=\"lazy\" decoding=\"async\" class=\"wp-image-173244 size-full\" src=\"https:\/\/media.acninternational.org\/wp-content\/uploads\/2022\/08\/news_Nigeria-1.jpg\" alt=\"Protestas pac\u00edficas en Abuja, Nigeria\" width=\"670\" height=\"400\" srcset=\"https:\/\/media.acninternational.org\/wp-content\/uploads\/2022\/08\/news_Nigeria-1.jpg 670w, https:\/\/media.acninternational.org\/wp-content\/uploads\/2022\/08\/news_Nigeria-1-300x179.jpg 300w\" sizes=\"auto, (max-width: 670px) 100vw, 670px\" \/><figcaption id=\"caption-attachment-173239\" class=\"wp-caption-text\">Protestas pac\u00edficas en Abuja, Nigeria, en marzo de 2020. Obispos y laicos cat\u00f3licos piden m\u00e1s seguridad<\/figcaption><\/figure>\n<p>\u201cAbuya es la capital y deber\u00eda ser el lugar m\u00e1s seguro para vivir. Aqu\u00ed es donde vive el presidente. No pensamos que en Abuya pudieran suceder estas cosas. No estamos seguros de que va a ser lo pr\u00f3ximo que pase, cu\u00e1ndo o de d\u00f3nde pueden venir los atacantes, porque pueden hacer cualquier cosa. La situaci\u00f3n es muy grave\u201d.<\/p>\n<p>\u201cEsto est\u00e1 muy organizado, no es que algo suceda por casualidad. Hace algunos a\u00f1os hubo ataques con bombas; pero nunca hab\u00eda habido una amenaza realmente seria, como las que estamos presenciando ahora\u201d, advierte el arzobispo.<\/p>\n<p>&nbsp;<\/p>\n<p><strong>A los pol\u00edticos no les importa nada<\/strong><\/p>\n<p>\u00abEl a\u00f1o que viene hay elecciones, la gente que quiere el poder est\u00e1 haciendo todo lo posible\u00bb, subraya. El miedo y la frustraci\u00f3n del pueblo est\u00e1n latentes, dice el l\u00edder cat\u00f3lico, y se ven agravados por el hecho de que los pol\u00edticos no parecen dispuestos a hacer nada para remediar la situaci\u00f3n. \u00abUno pensar\u00eda que, como resultado del empeoramiento de la situaci\u00f3n de seguridad, los senadores y los representantes en la Asamblea Nacional estar\u00edan buscando febrilmente soluciones a los problemas, pero en lugar de eso, se dieron seis semanas de descanso. Despu\u00e9s de los atentados se fueron, \u00a1apenas la semana pasada!\u00bb, explica el arzobispo Kaigama.<\/p>\n<figure id=\"attachment_173251\" aria-describedby=\"caption-attachment-173251\" style=\"width: 670px\" class=\"wp-caption alignnone\"><img loading=\"lazy\" decoding=\"async\" class=\"wp-image-173256 size-full\" src=\"https:\/\/media.acninternational.org\/wp-content\/uploads\/2022\/08\/news_Nigeria-3.jpg\" alt=\"Mons. Ignatius Ayau Kaigama, Arzobispo de la di\u00f3cesis de Jos (Nigeria)\" width=\"670\" height=\"400\" srcset=\"https:\/\/media.acninternational.org\/wp-content\/uploads\/2022\/08\/news_Nigeria-3.jpg 670w, https:\/\/media.acninternational.org\/wp-content\/uploads\/2022\/08\/news_Nigeria-3-300x179.jpg 300w\" sizes=\"auto, (max-width: 670px) 100vw, 670px\" \/><figcaption id=\"caption-attachment-173251\" class=\"wp-caption-text\">\u00a0Mons. Ignatius Ayau Kaigama, Arzobispo de la di\u00f3cesis de Jos (Nigeria)<\/figcaption><\/figure>\n<p>Sin embargo, el obispo se queja de que los pol\u00edticos son dificilmente accesibles incluso cuando est\u00e1n presentes. \u00abReciben sus sueldos, sus privilegios, pero no est\u00e1n preocupados por el bienestar general de la gente. Desde que llegu\u00e9 a Abuja como obispo, he estado en casi todos los pueblos y aldeas, pero cuando menciono los nombres, los l\u00edderes pol\u00edticos parecen no conocerlos. Y uno se imagina que vendr\u00edan a preguntar qu\u00e9 has averiguado, d\u00f3nde has ido, qu\u00e9 has visto. Pero no. No est\u00e1n disponibles. Dicen que est\u00e1n ocupados. La gente est\u00e1 sufriendo, pero los l\u00edderes simplemente se preocupan m\u00e1s por su bienestar personal y sus privilegios oficiales Espero que las pr\u00f3ximas elecciones sean libres, transparentes y justas, que produzcan l\u00edderes desinteresados, orientados a las personas, abiertos al di\u00e1logo\u00bb, dice el arzobispo a ACN.<\/p>\n<p>&nbsp;<\/p>\n<p><strong>Persecuci\u00f3n sutil<\/strong><\/p>\n<p>A la pregunta de ACN sobre la situaci\u00f3n de los cristianos en el pa\u00eds y las acusaciones de que la persecuci\u00f3n est\u00e1 aumentando, el arzobispo Kaigama responde con cautela. \u00abNo podemos generalizar simplemente diciendo que los cristianos son perseguidos, porque en el partido gobernante hay cristianos. Pero la persecuci\u00f3n no consiste s\u00f3lo en matar a gente con cuchillos, sino en manipular las cosas a favor de un grupo\u00bb.<\/p>\n<p>\u00abHay una persecuci\u00f3n sutil, que es a\u00fan m\u00e1s peligrosa. Se hace de tal manera que no se puede decir que est\u00e9n matando realmente a los cristianos, no han expulsado a los cristianos; pero por la forma en que el Gobierno act\u00faa, puedes estar seguro de que los cristianos no son favorecidos. No hay equidad. Somos un pa\u00eds que est\u00e1 m\u00e1s o menos al 50%, as\u00ed que deber\u00eda haber una distribuci\u00f3n equitativa de los recursos, de las oportunidades, y la gente deber\u00eda sentirse incluida en posiciones pol\u00edticas, econ\u00f3micas o de defensa\u00bb, precisa.<\/p>\n<figure id=\"attachment_173245\" aria-describedby=\"caption-attachment-173245\" style=\"width: 670px\" class=\"wp-caption alignnone\"><img loading=\"lazy\" decoding=\"async\" class=\"wp-image-173250 size-full\" src=\"https:\/\/media.acninternational.org\/wp-content\/uploads\/2022\/08\/news_Nigeria-2.jpg\" alt=\"\u00a0Protestas pac\u00edficas en Abuja, Nigeria, en marzo de 2020\" width=\"670\" height=\"400\" srcset=\"https:\/\/media.acninternational.org\/wp-content\/uploads\/2022\/08\/news_Nigeria-2.jpg 670w, https:\/\/media.acninternational.org\/wp-content\/uploads\/2022\/08\/news_Nigeria-2-300x179.jpg 300w\" sizes=\"auto, (max-width: 670px) 100vw, 670px\" \/><figcaption id=\"caption-attachment-173245\" class=\"wp-caption-text\">Protestas pac\u00edficas en Abuja, Nigeria, en marzo de 2020. Obispos y laicos cat\u00f3licos piden m\u00e1s seguridad<\/figcaption><\/figure>\n<p>Un ejemplo claro es la reciente decisi\u00f3n del partido gobernante de desafiar las convenciones y elegir una candidatura musulmana-musulmana para las elecciones presidenciales del pr\u00f3ximo a\u00f1o. El arzobispo Kaigama reacciona incr\u00e9dulo: \u00abEn todo el norte, \u00bfno han podido encontrar un cristiano cualificado para ser vicepresidente?\u00bb.<\/p>\n<p>&nbsp;<\/p>\n<p><strong>Esperando unas elecciones justas<\/strong><\/p>\n<p>Aunque el obispo se muestra esc\u00e9ptico sobre la posibilidad de que el partido en el poder permita que las votaciones de 2023 sean justas, la Iglesia est\u00e1 animando a todos a inscribirse y a intentar cambiar el pa\u00eds a trav\u00e9s de las urnas. Lo peor que puede pasar, a\u00f1ade, es que el partido en el poder utilice la violencia y la inestabilidad como excusa para posponer las elecciones indefinidamente.<\/p>\n<p>\u00abEs importante que las elecciones se hagan. Estamos esperando las elecciones y esperamos que sean fiables, porque en el pasado han sido manipuladas, pero nos han asegurado que los votos contar\u00e1n, por eso incluso en las iglesias estamos diciendo a la gente que se registre para votar\u201d, recalca. \u201cYo ya lo he hecho y he pedido a todos que lo hagan, creo que los j\u00f3venes est\u00e1n ansiosos. Est\u00e1n muy enfadados con lo que est\u00e1 pasando y realmente quieren un cambio\u00bb.<\/p>\n<figure id=\"attachment_173257\" aria-describedby=\"caption-attachment-173257\" style=\"width: 670px\" class=\"wp-caption alignnone\"><img loading=\"lazy\" decoding=\"async\" class=\"wp-image-173262 size-full\" src=\"https:\/\/media.acninternational.org\/wp-content\/uploads\/2022\/08\/news_Nigeria-4.jpg\" alt=\"Mgr. Ignatius Kaigama distributed necessities to IDPs in Jos in January 2015. \" width=\"670\" height=\"400\" srcset=\"https:\/\/media.acninternational.org\/wp-content\/uploads\/2022\/08\/news_Nigeria-4.jpg 670w, https:\/\/media.acninternational.org\/wp-content\/uploads\/2022\/08\/news_Nigeria-4-300x179.jpg 300w\" sizes=\"auto, (max-width: 670px) 100vw, 670px\" \/><figcaption id=\"caption-attachment-173257\" class=\"wp-caption-text\">Mons. Ignatius Kaigama distribuy\u00f3 art\u00edculos de primera necesidad a los desplazados internos en Jos en enero de 2015.<\/figcaption><\/figure>\n<p>En una situaci\u00f3n as\u00ed, el optimismo que caracteriza a los nigerianos se pone a prueba, pero no desfallece. \u00abLos nigerianos somos muy optimistas, siempre creemos que ma\u00f1ana ser\u00e1 mejor y que, pase lo que pase, nada va a destrozar la naci\u00f3n. Sufrimos, pero al mismo tiempo sonre\u00edmos. Sufrimos y sonre\u00edmos, de lo contrario la vida ser\u00eda terrible\u00bb, concluye Mons. Kaigama.<\/p>\n","protected":false},"excerpt":{"rendered":"<p>Terrorist attacks in Abuja, Nigeria, have set the population on edge, and brought the country to the brink of disaster, says Mgr. Kaigama<\/p>\n","protected":false},"author":66,"featured_media":173268,"comment_status":"closed","ping_status":"closed","sticky":false,"template":"","format":"standard","meta":{"_acf_changed":false,"_acn_coauthor_ids":[],"footnotes":""},"categories":[746],"tags":[],"country":[408],"class_list":["post-173271","post","type-post","status-publish","format-standard","has-post-thumbnail","hentry","category-noticias","country-nigeria-es"],"acn_coauthors":[],"acf":[],"yoast_head":"<!-- This site is optimized with the Yoast SEO Premium plugin v27.3 (Yoast SEO v27.3) - https:\/\/yoast.com\/product\/yoast-seo-premium-wordpress\/ -->\n<title>Abuya atacada por terroristas: Obispo denuncia inseguridad y desigualdad | ACN International<\/title>\n<meta name=\"description\" content=\"Los atentados terroristas en Abuja (Nigeria) tienen a la poblaci\u00f3n en vilo y han llevado al pa\u00eds al borde del desastre, afirma Mons. Kaigama\" \/>\n<meta name=\"robots\" content=\"index, follow, max-snippet:-1, max-image-preview:large, max-video-preview:-1\" \/>\n<link rel=\"canonical\" href=\"https:\/\/acninternational.org\/es\/abuya-atacada-por-terroristas-obispo-denuncia-inseguridad-y-desigualdad\/\" \/>\n<meta property=\"og:locale\" content=\"es_ES\" \/>\n<meta property=\"og:type\" content=\"article\" \/>\n<meta property=\"og:title\" content=\"Abuya atacada por terroristas: Obispo denuncia inseguridad y desigualdad\" \/>\n<meta property=\"og:description\" content=\"Los atentados terroristas en Abuja (Nigeria) tienen a la poblaci\u00f3n en vilo y han llevado al pa\u00eds al borde del desastre, afirma Mons. Kaigama\" \/>\n<meta property=\"og:url\" content=\"https:\/\/acninternational.org\/es\/abuya-atacada-por-terroristas-obispo-denuncia-inseguridad-y-desigualdad\/\" \/>\n<meta property=\"og:site_name\" content=\"ACN International\" \/>\n<meta property=\"article:publisher\" content=\"https:\/\/www.facebook.com\/acninternationalorg\" \/>\n<meta property=\"article:published_time\" content=\"2022-08-04T15:45:48+00:00\" \/>\n<meta property=\"article:modified_time\" content=\"2022-08-05T08:19:42+00:00\" \/>\n<meta property=\"og:image\" content=\"https:\/\/media.acninternational.org\/wp-content\/uploads\/2022\/08\/news_Nigeria.jpg\" \/>\n\t<meta property=\"og:image:width\" content=\"2000\" \/>\n\t<meta property=\"og:image:height\" content=\"625\" \/>\n\t<meta property=\"og:image:type\" content=\"image\/jpeg\" \/>\n<meta name=\"author\" content=\"Milena\" \/>\n<meta name=\"twitter:card\" content=\"summary_large_image\" \/>\n<meta name=\"twitter:creator\" content=\"@acn_int\" \/>\n<meta name=\"twitter:site\" content=\"@acn_int\" \/>\n<meta name=\"twitter:label1\" content=\"Escrito por\" \/>\n\t<meta name=\"twitter:data1\" content=\"Milena\" \/>\n\t<meta name=\"twitter:label2\" content=\"Tiempo de lectura\" \/>\n\t<meta name=\"twitter:data2\" content=\"6 minutos\" \/>\n<script type=\"application\/ld+json\" class=\"yoast-schema-graph\">{\"@context\":\"https:\\\/\\\/schema.org\",\"@graph\":[{\"@type\":\"Article\",\"@id\":\"https:\\\/\\\/acninternational.org\\\/es\\\/abuya-atacada-por-terroristas-obispo-denuncia-inseguridad-y-desigualdad\\\/#article\",\"isPartOf\":{\"@id\":\"https:\\\/\\\/acninternational.org\\\/es\\\/abuya-atacada-por-terroristas-obispo-denuncia-inseguridad-y-desigualdad\\\/\"},\"author\":{\"name\":\"Milena\",\"@id\":\"https:\\\/\\\/acninternational.org\\\/es\\\/#\\\/schema\\\/person\\\/5a2b2930ad4475e0aa0dade4e51d9474\"},\"headline\":\"Abuya atacada por terroristas: Obispo denuncia inseguridad y desigualdad\",\"datePublished\":\"2022-08-04T15:45:48+00:00\",\"dateModified\":\"2022-08-05T08:19:42+00:00\",\"mainEntityOfPage\":{\"@id\":\"https:\\\/\\\/acninternational.org\\\/es\\\/abuya-atacada-por-terroristas-obispo-denuncia-inseguridad-y-desigualdad\\\/\"},\"wordCount\":1099,\"publisher\":{\"@id\":\"https:\\\/\\\/acninternational.org\\\/es\\\/#organization\"},\"image\":{\"@id\":\"https:\\\/\\\/acninternational.org\\\/es\\\/abuya-atacada-por-terroristas-obispo-denuncia-inseguridad-y-desigualdad\\\/#primaryimage\"},\"thumbnailUrl\":\"https:\\\/\\\/media.acninternational.org\\\/wp-content\\\/uploads\\\/2022\\\/08\\\/news_Nigeria.jpg\",\"articleSection\":[\"NOTICIAS\"],\"inLanguage\":\"es\"},{\"@type\":\"WebPage\",\"@id\":\"https:\\\/\\\/acninternational.org\\\/es\\\/abuya-atacada-por-terroristas-obispo-denuncia-inseguridad-y-desigualdad\\\/\",\"url\":\"https:\\\/\\\/acninternational.org\\\/es\\\/abuya-atacada-por-terroristas-obispo-denuncia-inseguridad-y-desigualdad\\\/\",\"name\":\"Abuya atacada por terroristas: Obispo denuncia inseguridad y desigualdad | ACN International\",\"isPartOf\":{\"@id\":\"https:\\\/\\\/acninternational.org\\\/es\\\/#website\"},\"primaryImageOfPage\":{\"@id\":\"https:\\\/\\\/acninternational.org\\\/es\\\/abuya-atacada-por-terroristas-obispo-denuncia-inseguridad-y-desigualdad\\\/#primaryimage\"},\"image\":{\"@id\":\"https:\\\/\\\/acninternational.org\\\/es\\\/abuya-atacada-por-terroristas-obispo-denuncia-inseguridad-y-desigualdad\\\/#primaryimage\"},\"thumbnailUrl\":\"https:\\\/\\\/media.acninternational.org\\\/wp-content\\\/uploads\\\/2022\\\/08\\\/news_Nigeria.jpg\",\"datePublished\":\"2022-08-04T15:45:48+00:00\",\"dateModified\":\"2022-08-05T08:19:42+00:00\",\"description\":\"Los atentados terroristas en Abuja (Nigeria) tienen a la poblaci\u00f3n en vilo y han llevado al pa\u00eds al borde del desastre, afirma Mons. Kaigama\",\"breadcrumb\":{\"@id\":\"https:\\\/\\\/acninternational.org\\\/es\\\/abuya-atacada-por-terroristas-obispo-denuncia-inseguridad-y-desigualdad\\\/#breadcrumb\"},\"inLanguage\":\"es\",\"potentialAction\":[{\"@type\":\"ReadAction\",\"target\":[\"https:\\\/\\\/acninternational.org\\\/es\\\/abuya-atacada-por-terroristas-obispo-denuncia-inseguridad-y-desigualdad\\\/\"]}]},{\"@type\":\"ImageObject\",\"inLanguage\":\"es\",\"@id\":\"https:\\\/\\\/acninternational.org\\\/es\\\/abuya-atacada-por-terroristas-obispo-denuncia-inseguridad-y-desigualdad\\\/#primaryimage\",\"url\":\"https:\\\/\\\/media.acninternational.org\\\/wp-content\\\/uploads\\\/2022\\\/08\\\/news_Nigeria.jpg\",\"contentUrl\":\"https:\\\/\\\/media.acninternational.org\\\/wp-content\\\/uploads\\\/2022\\\/08\\\/news_Nigeria.jpg\",\"width\":2000,\"height\":625},{\"@type\":\"BreadcrumbList\",\"@id\":\"https:\\\/\\\/acninternational.org\\\/es\\\/abuya-atacada-por-terroristas-obispo-denuncia-inseguridad-y-desigualdad\\\/#breadcrumb\",\"itemListElement\":[{\"@type\":\"ListItem\",\"position\":1,\"name\":\"Home\",\"item\":\"https:\\\/\\\/acninternational.org\\\/es\\\/\"},{\"@type\":\"ListItem\",\"position\":2,\"name\":\"NOTICIAS\",\"item\":\"https:\\\/\\\/acninternational.org\\\/es\\\/category\\\/noticias\\\/\"},{\"@type\":\"ListItem\",\"position\":3,\"name\":\"Abuya atacada por terroristas: Obispo denuncia inseguridad y desigualdad\"}]},{\"@type\":\"WebSite\",\"@id\":\"https:\\\/\\\/acninternational.org\\\/es\\\/#website\",\"url\":\"https:\\\/\\\/acninternational.org\\\/es\\\/\",\"name\":\"ACN International\",\"description\":\"\",\"publisher\":{\"@id\":\"https:\\\/\\\/acninternational.org\\\/es\\\/#organization\"},\"potentialAction\":[{\"@type\":\"SearchAction\",\"target\":{\"@type\":\"EntryPoint\",\"urlTemplate\":\"https:\\\/\\\/acninternational.org\\\/es\\\/?s={search_term_string}\"},\"query-input\":{\"@type\":\"PropertyValueSpecification\",\"valueRequired\":true,\"valueName\":\"search_term_string\"}}],\"inLanguage\":\"es\"},{\"@type\":\"Organization\",\"@id\":\"https:\\\/\\\/acninternational.org\\\/es\\\/#organization\",\"name\":\"Aid to the Church in Need International\",\"url\":\"https:\\\/\\\/acninternational.org\\\/es\\\/\",\"logo\":{\"@type\":\"ImageObject\",\"inLanguage\":\"es\",\"@id\":\"https:\\\/\\\/acninternational.org\\\/es\\\/#\\\/schema\\\/logo\\\/image\\\/\",\"url\":\"https:\\\/\\\/media.acninternational.org\\\/wp-content\\\/uploads\\\/2019\\\/11\\\/acn_logo_blackvector.svg\",\"contentUrl\":\"https:\\\/\\\/media.acninternational.org\\\/wp-content\\\/uploads\\\/2019\\\/11\\\/acn_logo_blackvector.svg\",\"width\":232.6,\"height\":78,\"caption\":\"Aid to the Church in Need International\"},\"image\":{\"@id\":\"https:\\\/\\\/acninternational.org\\\/es\\\/#\\\/schema\\\/logo\\\/image\\\/\"},\"sameAs\":[\"https:\\\/\\\/www.facebook.com\\\/acninternationalorg\",\"https:\\\/\\\/x.com\\\/acn_int\",\"https:\\\/\\\/www.youtube.com\\\/channel\\\/UCQ-077gS0TnVzkhHmf1opZw\",\"https:\\\/\\\/www.instagram.com\\\/acn_international\\\/\"]},{\"@type\":\"Person\",\"@id\":\"https:\\\/\\\/acninternational.org\\\/es\\\/#\\\/schema\\\/person\\\/5a2b2930ad4475e0aa0dade4e51d9474\",\"name\":\"Milena\",\"description\":\"Lorem ipsum dolor sit amet, consectetur adipiscing elit, sed do eiusmod tempor incididunt ut labore et dolore magna aliqua. Ut enim ad minim veniam, quis nostrud exercitation ullamco laboris nisi ut aliquip ex ea commodo consequat.\",\"url\":\"https:\\\/\\\/acninternational.org\\\/es\\\/author\\\/milena\\\/\"}]}<\/script>\n<!-- \/ Yoast SEO Premium plugin. -->","yoast_head_json":{"title":"Abuya atacada por terroristas: Obispo denuncia inseguridad y desigualdad | ACN International","description":"Los atentados terroristas en Abuja (Nigeria) tienen a la poblaci\u00f3n en vilo y han llevado al pa\u00eds al borde del desastre, afirma Mons. Kaigama","robots":{"index":"index","follow":"follow","max-snippet":"max-snippet:-1","max-image-preview":"max-image-preview:large","max-video-preview":"max-video-preview:-1"},"canonical":"https:\/\/acninternational.org\/es\/abuya-atacada-por-terroristas-obispo-denuncia-inseguridad-y-desigualdad\/","og_locale":"es_ES","og_type":"article","og_title":"Abuya atacada por terroristas: Obispo denuncia inseguridad y desigualdad","og_description":"Los atentados terroristas en Abuja (Nigeria) tienen a la poblaci\u00f3n en vilo y han llevado al pa\u00eds al borde del desastre, afirma Mons. Kaigama","og_url":"https:\/\/acninternational.org\/es\/abuya-atacada-por-terroristas-obispo-denuncia-inseguridad-y-desigualdad\/","og_site_name":"ACN International","article_publisher":"https:\/\/www.facebook.com\/acninternationalorg","article_published_time":"2022-08-04T15:45:48+00:00","article_modified_time":"2022-08-05T08:19:42+00:00","og_image":[{"width":2000,"height":625,"url":"https:\/\/media.acninternational.org\/wp-content\/uploads\/2022\/08\/news_Nigeria.jpg","type":"image\/jpeg"}],"author":"Milena","twitter_card":"summary_large_image","twitter_creator":"@acn_int","twitter_site":"@acn_int","twitter_misc":{"Escrito por":"Milena","Tiempo de lectura":"6 minutos"},"schema":{"@context":"https:\/\/schema.org","@graph":[{"@type":"Article","@id":"https:\/\/acninternational.org\/es\/abuya-atacada-por-terroristas-obispo-denuncia-inseguridad-y-desigualdad\/#article","isPartOf":{"@id":"https:\/\/acninternational.org\/es\/abuya-atacada-por-terroristas-obispo-denuncia-inseguridad-y-desigualdad\/"},"author":{"name":"Milena","@id":"https:\/\/acninternational.org\/es\/#\/schema\/person\/5a2b2930ad4475e0aa0dade4e51d9474"},"headline":"Abuya atacada por terroristas: Obispo denuncia inseguridad y desigualdad","datePublished":"2022-08-04T15:45:48+00:00","dateModified":"2022-08-05T08:19:42+00:00","mainEntityOfPage":{"@id":"https:\/\/acninternational.org\/es\/abuya-atacada-por-terroristas-obispo-denuncia-inseguridad-y-desigualdad\/"},"wordCount":1099,"publisher":{"@id":"https:\/\/acninternational.org\/es\/#organization"},"image":{"@id":"https:\/\/acninternational.org\/es\/abuya-atacada-por-terroristas-obispo-denuncia-inseguridad-y-desigualdad\/#primaryimage"},"thumbnailUrl":"https:\/\/media.acninternational.org\/wp-content\/uploads\/2022\/08\/news_Nigeria.jpg","articleSection":["NOTICIAS"],"inLanguage":"es"},{"@type":"WebPage","@id":"https:\/\/acninternational.org\/es\/abuya-atacada-por-terroristas-obispo-denuncia-inseguridad-y-desigualdad\/","url":"https:\/\/acninternational.org\/es\/abuya-atacada-por-terroristas-obispo-denuncia-inseguridad-y-desigualdad\/","name":"Abuya atacada por terroristas: Obispo denuncia inseguridad y desigualdad | ACN International","isPartOf":{"@id":"https:\/\/acninternational.org\/es\/#website"},"primaryImageOfPage":{"@id":"https:\/\/acninternational.org\/es\/abuya-atacada-por-terroristas-obispo-denuncia-inseguridad-y-desigualdad\/#primaryimage"},"image":{"@id":"https:\/\/acninternational.org\/es\/abuya-atacada-por-terroristas-obispo-denuncia-inseguridad-y-desigualdad\/#primaryimage"},"thumbnailUrl":"https:\/\/media.acninternational.org\/wp-content\/uploads\/2022\/08\/news_Nigeria.jpg","datePublished":"2022-08-04T15:45:48+00:00","dateModified":"2022-08-05T08:19:42+00:00","description":"Los atentados terroristas en Abuja (Nigeria) tienen a la poblaci\u00f3n en vilo y han llevado al pa\u00eds al borde del desastre, afirma Mons. Kaigama","breadcrumb":{"@id":"https:\/\/acninternational.org\/es\/abuya-atacada-por-terroristas-obispo-denuncia-inseguridad-y-desigualdad\/#breadcrumb"},"inLanguage":"es","potentialAction":[{"@type":"ReadAction","target":["https:\/\/acninternational.org\/es\/abuya-atacada-por-terroristas-obispo-denuncia-inseguridad-y-desigualdad\/"]}]},{"@type":"ImageObject","inLanguage":"es","@id":"https:\/\/acninternational.org\/es\/abuya-atacada-por-terroristas-obispo-denuncia-inseguridad-y-desigualdad\/#primaryimage","url":"https:\/\/media.acninternational.org\/wp-content\/uploads\/2022\/08\/news_Nigeria.jpg","contentUrl":"https:\/\/media.acninternational.org\/wp-content\/uploads\/2022\/08\/news_Nigeria.jpg","width":2000,"height":625},{"@type":"BreadcrumbList","@id":"https:\/\/acninternational.org\/es\/abuya-atacada-por-terroristas-obispo-denuncia-inseguridad-y-desigualdad\/#breadcrumb","itemListElement":[{"@type":"ListItem","position":1,"name":"Home","item":"https:\/\/acninternational.org\/es\/"},{"@type":"ListItem","position":2,"name":"NOTICIAS","item":"https:\/\/acninternational.org\/es\/category\/noticias\/"},{"@type":"ListItem","position":3,"name":"Abuya atacada por terroristas: Obispo denuncia inseguridad y desigualdad"}]},{"@type":"WebSite","@id":"https:\/\/acninternational.org\/es\/#website","url":"https:\/\/acninternational.org\/es\/","name":"ACN International","description":"","publisher":{"@id":"https:\/\/acninternational.org\/es\/#organization"},"potentialAction":[{"@type":"SearchAction","target":{"@type":"EntryPoint","urlTemplate":"https:\/\/acninternational.org\/es\/?s={search_term_string}"},"query-input":{"@type":"PropertyValueSpecification","valueRequired":true,"valueName":"search_term_string"}}],"inLanguage":"es"},{"@type":"Organization","@id":"https:\/\/acninternational.org\/es\/#organization","name":"Aid to the Church in Need International","url":"https:\/\/acninternational.org\/es\/","logo":{"@type":"ImageObject","inLanguage":"es","@id":"https:\/\/acninternational.org\/es\/#\/schema\/logo\/image\/","url":"https:\/\/media.acninternational.org\/wp-content\/uploads\/2019\/11\/acn_logo_blackvector.svg","contentUrl":"https:\/\/media.acninternational.org\/wp-content\/uploads\/2019\/11\/acn_logo_blackvector.svg","width":232.6,"height":78,"caption":"Aid to the Church in Need International"},"image":{"@id":"https:\/\/acninternational.org\/es\/#\/schema\/logo\/image\/"},"sameAs":["https:\/\/www.facebook.com\/acninternationalorg","https:\/\/x.com\/acn_int","https:\/\/www.youtube.com\/channel\/UCQ-077gS0TnVzkhHmf1opZw","https:\/\/www.instagram.com\/acn_international\/"]},{"@type":"Person","@id":"https:\/\/acninternational.org\/es\/#\/schema\/person\/5a2b2930ad4475e0aa0dade4e51d9474","name":"Milena","description":"Lorem ipsum dolor sit amet, consectetur adipiscing elit, sed do eiusmod tempor incididunt ut labore et dolore magna aliqua. Ut enim ad minim veniam, quis nostrud exercitation ullamco laboris nisi ut aliquip ex ea commodo consequat.","url":"https:\/\/acninternational.org\/es\/author\/milena\/"}]}},"_links":{"self":[{"href":"https:\/\/acninternational.org\/es\/wp-json\/wp\/v2\/posts\/173271","targetHints":{"allow":["GET"]}}],"collection":[{"href":"https:\/\/acninternational.org\/es\/wp-json\/wp\/v2\/posts"}],"about":[{"href":"https:\/\/acninternational.org\/es\/wp-json\/wp\/v2\/types\/post"}],"author":[{"embeddable":true,"href":"https:\/\/acninternational.org\/es\/wp-json\/wp\/v2\/users\/66"}],"replies":[{"embeddable":true,"href":"https:\/\/acninternational.org\/es\/wp-json\/wp\/v2\/comments?post=173271"}],"version-history":[{"count":0,"href":"https:\/\/acninternational.org\/es\/wp-json\/wp\/v2\/posts\/173271\/revisions"}],"wp:featuredmedia":[{"embeddable":true,"href":"https:\/\/acninternational.org\/es\/wp-json\/wp\/v2\/media\/173268"}],"wp:attachment":[{"href":"https:\/\/acninternational.org\/es\/wp-json\/wp\/v2\/media?parent=173271"}],"wp:term":[{"taxonomy":"category","embeddable":true,"href":"https:\/\/acninternational.org\/es\/wp-json\/wp\/v2\/categories?post=173271"},{"taxonomy":"post_tag","embeddable":true,"href":"https:\/\/acninternational.org\/es\/wp-json\/wp\/v2\/tags?post=173271"},{"taxonomy":"country","embeddable":true,"href":"https:\/\/acninternational.org\/es\/wp-json\/wp\/v2\/country?post=173271"}],"curies":[{"name":"wp","href":"https:\/\/api.w.org\/{rel}","templated":true}]}}