{"id":173236,"date":"2022-08-03T16:50:18","date_gmt":"2022-08-03T14:50:18","guid":{"rendered":"https:\/\/acninternational.org\/?p=173236"},"modified":"2022-08-03T16:50:30","modified_gmt":"2022-08-03T14:50:30","slug":"nigeria-nos-sentimos-debiles-cansados-y-asustados-esperamos-que-dios-luche-por-nosotros","status":"publish","type":"post","link":"https:\/\/acninternational.org\/es\/nigeria-nos-sentimos-debiles-cansados-y-asustados-esperamos-que-dios-luche-por-nosotros\/","title":{"rendered":"Nigeria: \u201cNos sentimos d\u00e9biles, cansados y asustados. Esperamos que Dios luche por nosotros\u201d"},"content":{"rendered":"<p><em>La ma\u00f1ana del 19 de junio, docenas de miembros armados de la tribu fulani atacaron dos iglesias en Rubuh, en el \u00e1rea del gobierno local de Kajuru, al sur del estado de Kaduna. Tres feligreses murieron en la iglesia St. Moses y un hombre muri\u00f3 en el ataque a la iglesia bautista de Bege, donde secuestraron a 36 personas. La fundaci\u00f3n internacional Aid to the Church in Need (ACN) habl\u00f3 con Emmauel Joseph, catequista de la iglesia St. Moses, quien se encontraba all\u00ed cuando ocurri\u00f3 el ataque. \u00a0<\/em><\/p>\n<p><em> <img loading=\"lazy\" decoding=\"async\" class=\"aligncenter size-full wp-image-173226\" src=\"https:\/\/media.acninternational.org\/wp-content\/uploads\/2022\/08\/ACN-20220803-131827.jpeg\" alt=\"\" width=\"1000\" height=\"1000\" srcset=\"https:\/\/media.acninternational.org\/wp-content\/uploads\/2022\/08\/ACN-20220803-131827.jpeg 1000w, https:\/\/media.acninternational.org\/wp-content\/uploads\/2022\/08\/ACN-20220803-131827-300x300.jpeg 300w, https:\/\/media.acninternational.org\/wp-content\/uploads\/2022\/08\/ACN-20220803-131827-150x150.jpeg 150w, https:\/\/media.acninternational.org\/wp-content\/uploads\/2022\/08\/ACN-20220803-131827-768x768.jpeg 768w\" sizes=\"auto, (max-width: 1000px) 100vw, 1000px\" \/><\/em><\/p>\n<p><strong>\u00bfCu\u00e1ntos atacantes hab\u00eda y d\u00f3nde estaba usted cuando ocurri\u00f3 el ataque?<\/strong><\/p>\n<p>Calculo que hab\u00eda m\u00e1s de 40 hombres armados. La misa reci\u00e9n hab\u00eda comenzado cuando escuchamos disparos. De repente, un joven de los nuestros vino corriendo hacia la iglesia gritando: \u201c\u00a1Corran, corran! \u00a1Est\u00e1n viniendo!\u201d. Los feligreses comenzaron a correr hacia todos lados, rompiendo sillas y algunos quedaron heridos al intentar escapar. La iglesia estaba llena de gente y no hab\u00eda espacio para correr. Por eso me qued\u00e9 ah\u00ed parado, confundido sin saber qu\u00e9 hacer.<\/p>\n<p>Al entrar en el terreno de la iglesia, los atacantes asesinaron a tiros a tres personas que hab\u00edan salido del templo: un matrimonio que deja siete hijos hu\u00e9rfanos y un joven, que deja viuda y tres hijos.<\/p>\n<p><strong>\u00bfCu\u00e1nto tiempo dur\u00f3 todo esto? \u00bfLleg\u00f3 ayuda? <\/strong><\/p>\n<p>El ataque dur\u00f3 90 minutos. Yo fui la \u00faltima persona que dej\u00f3 la iglesia, despu\u00e9s de asegurarme de que mis feligreses estaban a salvo. Lo que m\u00e1s me choc\u00f3 fue que no hab\u00eda personal de seguridad en el lugar durante ese tiempo, incluso despu\u00e9s del incidente, los agentes seguridad estuvo all\u00ed por menos de media hora.<\/p>\n<p>Asimismo, atacaron la iglesia bautista, all\u00ed secuestraron a 36 miembros, principalmente mujeres, y mataron a un hombre.\u00a0 Esa noche, los secuestradores liberaron a tres de los 36 rehenes. Uno de los liberados fue elegido de enlace entre los secuestradores y la comunidad. Ped\u00edan 100 millones de nairas como rescate (aproximadamente USD$240.000). Desde entonces, no hemos sabido nada sobre el paradero de estos rehenes. Sus vidas est\u00e1n en manos de Dios, pues no ha habido ning\u00fan intento de traerlos de vuelta.<\/p>\n<p>El estado de Kaduna no ha tenido paz desde la introducci\u00f3n de la Shar\u00eda en el 2000. Ha habido una serie de ataques, especialmente a sacerdotes cat\u00f3licos, fieles cat\u00f3licos y cristianos en general, pero el Gobierno no hace nada para ayudar. Debido a los ataques terroristas de los fulani, dormimos con un ojo abierto.<\/p>\n<p><strong>\u00bfHay alg\u00fan indicio concreto, m\u00e1s all\u00e1 de especulaciones, sobre la identidad de los atacantes?<\/strong><\/p>\n<p>Fueron hombres fulani. Las tres personas que fueron liberados nos dijeron que los secuestradores hablaban en fulfulde [la lengua fulani], pero que vest\u00edan como miembros de Boko Haram.<\/p>\n<p><strong>\u00bfEst\u00e1 preocupado de que haya m\u00e1s violencia, quiz\u00e1 movida por venganza?<\/strong><\/p>\n<p>No estoy preocupado por todo lo que est\u00e1 pasando en este estado, incluyendo ataques constantes a los fieles cristianos en la comunidad de Rubuh, pero nos sentimos d\u00e9biles, cansados y estamos comenzando a tener miedo. S\u00f3lo nos centramos en c\u00f3mo seguir vivos, buscando la seguridad en Dios, confiados en que \u00c9l luchar\u00e1 por nosotros.<\/p>\n<p><strong>\u00bfC\u00f3mo van a atender a los feligreses heridos y a los que est\u00e1n en duelo?<\/strong><\/p>\n<p>Ya hemos iniciado ese proceso. Miembros de la comunidad est\u00e1n atendido a los ni\u00f1os que han perdido a sus padres. Visitamos a los heridos y los animamos a no rendirse, tambi\u00e9n rezamos con ellos. Ofrecemos misas por los secuestrados, pidiendo a Dios que haga un milagro y los traiga de vuelta sanos y salvos. Tambi\u00e9n rezamos por los que han muerto, para que descansen en paz.<\/p>\n<p>Nuestra comunidad no ha recibido ning\u00fan tipo de ayuda externa, nos las hemos arreglado por nuestra cuenta y hemos intentado sobrevivir. Los asaltantes fulani tambi\u00e9n dejaron sin trabajo a algunos feligreses porque saquearon sus peque\u00f1os comercios. Los due\u00f1os de estas tiendas est\u00e1n traumatizados y todav\u00eda en shock, ya que con su trabajo alimentaban y se hac\u00edan cargo de sus familias.<\/p>\n<p><img loading=\"lazy\" decoding=\"async\" class=\"aligncenter size-large wp-image-173232\" src=\"https:\/\/media.acninternational.org\/wp-content\/uploads\/2022\/08\/ACN-20220803-131822-848x1024.jpeg\" alt=\"\" width=\"800\" height=\"966\" srcset=\"https:\/\/media.acninternational.org\/wp-content\/uploads\/2022\/08\/ACN-20220803-131822-848x1024.jpeg 848w, https:\/\/media.acninternational.org\/wp-content\/uploads\/2022\/08\/ACN-20220803-131822-248x300.jpeg 248w, https:\/\/media.acninternational.org\/wp-content\/uploads\/2022\/08\/ACN-20220803-131822-768x928.jpeg 768w, https:\/\/media.acninternational.org\/wp-content\/uploads\/2022\/08\/ACN-20220803-131822.jpeg 1000w\" sizes=\"auto, (max-width: 800px) 100vw, 800px\" \/><\/p>\n<p><strong>\u00bfC\u00f3mo van a ayudar a que la gente se sienta segura para volver a la iglesia?<\/strong><\/p>\n<p>Para ser honesto, yo tambi\u00e9n estoy asustado. El miedo se ha llevado lo mejor de nosotros. Pero no dejar\u00e9 de anunciar el Evangelio, no dejar\u00e9 de ganar almas para Cristo porque ese es mi llamado. Seguir\u00e9 motivando a los feligreses a mantener la fe viva, visit\u00e1ndolos en sus casas, compartiendo la palabra de Dios y rezando con ellos. As\u00ed, creo que se sentir\u00e1n motivados.<strong>\u00a0<\/strong><\/p>\n<p><strong>\u00bfQu\u00e9 le dicen los sobrevivientes en relaci\u00f3n con su fe?<\/strong><\/p>\n<p>Este ataque realmente ha debilitado su fe en Dios. Tienen miedo de venir a la iglesia. Cuando los visito y los animo a venir, muchos me dicen: \u201cCatequista, no quiero morir\u201d o \u201cvolver\u00e9 a la iglesia, pero no ahora\u201d. Antes del incidente, los feligreses eran m\u00e1s de 300, pero el domingo siguiente al ataque solo 28 personas asistieron a la misa. Le pido a Dios que continue anim\u00e1ndonos, d\u00e1ndonos la gracia de adorarle en alma y esp\u00edritu. Realmente necesitamos las oraciones de todos ustedes para que no abandonemos nuestra carrera al cielo a mitad de camino.<\/p>\n","protected":false},"excerpt":{"rendered":"<p>La ma\u00f1ana del 19 de junio, docenas de miembros armados de la tribu fulani atacaron dos iglesias en Rubuh, en<\/p>\n","protected":false},"author":4258341447,"featured_media":173220,"comment_status":"closed","ping_status":"closed","sticky":false,"template":"","format":"standard","meta":{"_acf_changed":false,"_acn_coauthor_ids":[],"_acn_featured_article":false,"footnotes":""},"categories":[798],"tags":[],"country":[905],"class_list":["post-173236","post","type-post","status-publish","format-standard","has-post-thumbnail","hentry","category-interviews-es","country-nigeria-2"],"acn_coauthors":[],"acf":[],"yoast_head":"<!-- This site is optimized with the Yoast SEO Premium plugin v27.5 (Yoast SEO v27.5) - https:\/\/yoast.com\/product\/yoast-seo-premium-wordpress\/ -->\n<title>Nigeria: \u201cNos sentimos d\u00e9biles, cansados y asustados. Esperamos que Dios luche por nosotros\u201d | ACN International<\/title>\n<meta name=\"robots\" content=\"index, follow, max-snippet:-1, max-image-preview:large, max-video-preview:-1\" \/>\n<link rel=\"canonical\" href=\"https:\/\/acninternational.org\/es\/nigeria-nos-sentimos-debiles-cansados-y-asustados-esperamos-que-dios-luche-por-nosotros\/\" \/>\n<meta property=\"og:locale\" content=\"es_ES\" \/>\n<meta property=\"og:type\" content=\"article\" \/>\n<meta property=\"og:title\" content=\"Nigeria: \u201cNos sentimos d\u00e9biles, cansados y asustados. Esperamos que Dios luche por nosotros\u201d\" \/>\n<meta property=\"og:description\" content=\"La ma\u00f1ana del 19 de junio, docenas de miembros armados de la tribu fulani atacaron dos iglesias en Rubuh, en\" \/>\n<meta property=\"og:url\" content=\"https:\/\/acninternational.org\/es\/nigeria-nos-sentimos-debiles-cansados-y-asustados-esperamos-que-dios-luche-por-nosotros\/\" \/>\n<meta property=\"og:site_name\" content=\"ACN International\" \/>\n<meta property=\"article:publisher\" content=\"https:\/\/www.facebook.com\/acninternationalorg\" \/>\n<meta property=\"article:published_time\" content=\"2022-08-03T14:50:18+00:00\" \/>\n<meta property=\"article:modified_time\" content=\"2022-08-03T14:50:30+00:00\" \/>\n<meta property=\"og:image\" content=\"https:\/\/media.acninternational.org\/wp-content\/uploads\/2022\/08\/ACN-20220803-131823.jpeg\" \/>\n\t<meta property=\"og:image:width\" content=\"1920\" \/>\n\t<meta property=\"og:image:height\" content=\"700\" \/>\n\t<meta property=\"og:image:type\" content=\"image\/jpeg\" \/>\n<meta name=\"author\" content=\"ACN Press Team\" \/>\n<meta name=\"twitter:card\" content=\"summary_large_image\" \/>\n<meta name=\"twitter:creator\" content=\"@acn_int\" \/>\n<meta name=\"twitter:site\" content=\"@acn_int\" \/>\n<meta name=\"twitter:label1\" content=\"Escrito por\" \/>\n\t<meta name=\"twitter:data1\" content=\"ACN Press Team\" \/>\n\t<meta name=\"twitter:label2\" content=\"Tiempo de lectura\" \/>\n\t<meta name=\"twitter:data2\" content=\"5 minutos\" \/>\n<script type=\"application\/ld+json\" class=\"yoast-schema-graph\">{\"@context\":\"https:\\\/\\\/schema.org\",\"@graph\":[{\"@type\":\"Article\",\"@id\":\"https:\\\/\\\/acninternational.org\\\/es\\\/nigeria-nos-sentimos-debiles-cansados-y-asustados-esperamos-que-dios-luche-por-nosotros\\\/#article\",\"isPartOf\":{\"@id\":\"https:\\\/\\\/acninternational.org\\\/es\\\/nigeria-nos-sentimos-debiles-cansados-y-asustados-esperamos-que-dios-luche-por-nosotros\\\/\"},\"author\":{\"name\":\"ACN Press Team\",\"@id\":\"https:\\\/\\\/acninternational.org\\\/es\\\/#\\\/schema\\\/person\\\/7f3dafb236b242fb2aa46be1411fd703\"},\"headline\":\"Nigeria: \u201cNos sentimos d\u00e9biles, cansados y asustados. Esperamos que Dios luche por nosotros\u201d\",\"datePublished\":\"2022-08-03T14:50:18+00:00\",\"dateModified\":\"2022-08-03T14:50:30+00:00\",\"mainEntityOfPage\":{\"@id\":\"https:\\\/\\\/acninternational.org\\\/es\\\/nigeria-nos-sentimos-debiles-cansados-y-asustados-esperamos-que-dios-luche-por-nosotros\\\/\"},\"wordCount\":897,\"publisher\":{\"@id\":\"https:\\\/\\\/acninternational.org\\\/es\\\/#organization\"},\"image\":{\"@id\":\"https:\\\/\\\/acninternational.org\\\/es\\\/nigeria-nos-sentimos-debiles-cansados-y-asustados-esperamos-que-dios-luche-por-nosotros\\\/#primaryimage\"},\"thumbnailUrl\":\"https:\\\/\\\/media.acninternational.org\\\/wp-content\\\/uploads\\\/2022\\\/08\\\/ACN-20220803-131823.jpeg\",\"articleSection\":[\"INTERVIEWS\"],\"inLanguage\":\"es\"},{\"@type\":\"WebPage\",\"@id\":\"https:\\\/\\\/acninternational.org\\\/es\\\/nigeria-nos-sentimos-debiles-cansados-y-asustados-esperamos-que-dios-luche-por-nosotros\\\/\",\"url\":\"https:\\\/\\\/acninternational.org\\\/es\\\/nigeria-nos-sentimos-debiles-cansados-y-asustados-esperamos-que-dios-luche-por-nosotros\\\/\",\"name\":\"Nigeria: \u201cNos sentimos d\u00e9biles, cansados y asustados. Esperamos que Dios luche por nosotros\u201d | ACN International\",\"isPartOf\":{\"@id\":\"https:\\\/\\\/acninternational.org\\\/es\\\/#website\"},\"primaryImageOfPage\":{\"@id\":\"https:\\\/\\\/acninternational.org\\\/es\\\/nigeria-nos-sentimos-debiles-cansados-y-asustados-esperamos-que-dios-luche-por-nosotros\\\/#primaryimage\"},\"image\":{\"@id\":\"https:\\\/\\\/acninternational.org\\\/es\\\/nigeria-nos-sentimos-debiles-cansados-y-asustados-esperamos-que-dios-luche-por-nosotros\\\/#primaryimage\"},\"thumbnailUrl\":\"https:\\\/\\\/media.acninternational.org\\\/wp-content\\\/uploads\\\/2022\\\/08\\\/ACN-20220803-131823.jpeg\",\"datePublished\":\"2022-08-03T14:50:18+00:00\",\"dateModified\":\"2022-08-03T14:50:30+00:00\",\"breadcrumb\":{\"@id\":\"https:\\\/\\\/acninternational.org\\\/es\\\/nigeria-nos-sentimos-debiles-cansados-y-asustados-esperamos-que-dios-luche-por-nosotros\\\/#breadcrumb\"},\"inLanguage\":\"es\",\"potentialAction\":[{\"@type\":\"ReadAction\",\"target\":[\"https:\\\/\\\/acninternational.org\\\/es\\\/nigeria-nos-sentimos-debiles-cansados-y-asustados-esperamos-que-dios-luche-por-nosotros\\\/\"]}]},{\"@type\":\"ImageObject\",\"inLanguage\":\"es\",\"@id\":\"https:\\\/\\\/acninternational.org\\\/es\\\/nigeria-nos-sentimos-debiles-cansados-y-asustados-esperamos-que-dios-luche-por-nosotros\\\/#primaryimage\",\"url\":\"https:\\\/\\\/media.acninternational.org\\\/wp-content\\\/uploads\\\/2022\\\/08\\\/ACN-20220803-131823.jpeg\",\"contentUrl\":\"https:\\\/\\\/media.acninternational.org\\\/wp-content\\\/uploads\\\/2022\\\/08\\\/ACN-20220803-131823.jpeg\",\"width\":1920,\"height\":700},{\"@type\":\"BreadcrumbList\",\"@id\":\"https:\\\/\\\/acninternational.org\\\/es\\\/nigeria-nos-sentimos-debiles-cansados-y-asustados-esperamos-que-dios-luche-por-nosotros\\\/#breadcrumb\",\"itemListElement\":[{\"@type\":\"ListItem\",\"position\":1,\"name\":\"Home\",\"item\":\"https:\\\/\\\/acninternational.org\\\/es\\\/\"},{\"@type\":\"ListItem\",\"position\":2,\"name\":\"INTERVIEWS\",\"item\":\"https:\\\/\\\/acninternational.org\\\/es\\\/category\\\/interviews-es\\\/\"},{\"@type\":\"ListItem\",\"position\":3,\"name\":\"Nigeria: \u201cNos sentimos d\u00e9biles, cansados y asustados. Esperamos que Dios luche por nosotros\u201d\"}]},{\"@type\":\"WebSite\",\"@id\":\"https:\\\/\\\/acninternational.org\\\/es\\\/#website\",\"url\":\"https:\\\/\\\/acninternational.org\\\/es\\\/\",\"name\":\"ACN International\",\"description\":\"\",\"publisher\":{\"@id\":\"https:\\\/\\\/acninternational.org\\\/es\\\/#organization\"},\"potentialAction\":[{\"@type\":\"SearchAction\",\"target\":{\"@type\":\"EntryPoint\",\"urlTemplate\":\"https:\\\/\\\/acninternational.org\\\/es\\\/?s={search_term_string}\"},\"query-input\":{\"@type\":\"PropertyValueSpecification\",\"valueRequired\":true,\"valueName\":\"search_term_string\"}}],\"inLanguage\":\"es\"},{\"@type\":\"Organization\",\"@id\":\"https:\\\/\\\/acninternational.org\\\/es\\\/#organization\",\"name\":\"Aid to the Church in Need International\",\"url\":\"https:\\\/\\\/acninternational.org\\\/es\\\/\",\"logo\":{\"@type\":\"ImageObject\",\"inLanguage\":\"es\",\"@id\":\"https:\\\/\\\/acninternational.org\\\/es\\\/#\\\/schema\\\/logo\\\/image\\\/\",\"url\":\"https:\\\/\\\/media.acninternational.org\\\/wp-content\\\/uploads\\\/2019\\\/11\\\/acn_logo_blackvector.svg\",\"contentUrl\":\"https:\\\/\\\/media.acninternational.org\\\/wp-content\\\/uploads\\\/2019\\\/11\\\/acn_logo_blackvector.svg\",\"width\":232.6,\"height\":78,\"caption\":\"Aid to the Church in Need International\"},\"image\":{\"@id\":\"https:\\\/\\\/acninternational.org\\\/es\\\/#\\\/schema\\\/logo\\\/image\\\/\"},\"sameAs\":[\"https:\\\/\\\/www.facebook.com\\\/acninternationalorg\",\"https:\\\/\\\/x.com\\\/acn_int\",\"https:\\\/\\\/www.youtube.com\\\/channel\\\/UCQ-077gS0TnVzkhHmf1opZw\",\"https:\\\/\\\/www.instagram.com\\\/acn_international\\\/\"]},{\"@type\":\"Person\",\"@id\":\"https:\\\/\\\/acninternational.org\\\/es\\\/#\\\/schema\\\/person\\\/7f3dafb236b242fb2aa46be1411fd703\",\"name\":\"ACN Press Team\",\"description\":\"Lorem ipsum dolor sit amet, consectetur adipiscing elit, sed do eiusmod tempor incididunt ut labore et dolore magna aliqua. Ut enim ad minim veniam, quis nostrud exercitation ullamco laboris nisi ut aliquip ex ea commodo consequat.\",\"url\":\"https:\\\/\\\/acninternational.org\\\/es\\\/author\\\/acn-press-team\\\/\"}]}<\/script>\n<!-- \/ Yoast SEO Premium plugin. -->","yoast_head_json":{"title":"Nigeria: \u201cNos sentimos d\u00e9biles, cansados y asustados. Esperamos que Dios luche por nosotros\u201d | ACN International","robots":{"index":"index","follow":"follow","max-snippet":"max-snippet:-1","max-image-preview":"max-image-preview:large","max-video-preview":"max-video-preview:-1"},"canonical":"https:\/\/acninternational.org\/es\/nigeria-nos-sentimos-debiles-cansados-y-asustados-esperamos-que-dios-luche-por-nosotros\/","og_locale":"es_ES","og_type":"article","og_title":"Nigeria: \u201cNos sentimos d\u00e9biles, cansados y asustados. Esperamos que Dios luche por nosotros\u201d","og_description":"La ma\u00f1ana del 19 de junio, docenas de miembros armados de la tribu fulani atacaron dos iglesias en Rubuh, en","og_url":"https:\/\/acninternational.org\/es\/nigeria-nos-sentimos-debiles-cansados-y-asustados-esperamos-que-dios-luche-por-nosotros\/","og_site_name":"ACN International","article_publisher":"https:\/\/www.facebook.com\/acninternationalorg","article_published_time":"2022-08-03T14:50:18+00:00","article_modified_time":"2022-08-03T14:50:30+00:00","og_image":[{"width":1920,"height":700,"url":"https:\/\/media.acninternational.org\/wp-content\/uploads\/2022\/08\/ACN-20220803-131823.jpeg","type":"image\/jpeg"}],"author":"ACN Press Team","twitter_card":"summary_large_image","twitter_creator":"@acn_int","twitter_site":"@acn_int","twitter_misc":{"Escrito por":"ACN Press Team","Tiempo de lectura":"5 minutos"},"schema":{"@context":"https:\/\/schema.org","@graph":[{"@type":"Article","@id":"https:\/\/acninternational.org\/es\/nigeria-nos-sentimos-debiles-cansados-y-asustados-esperamos-que-dios-luche-por-nosotros\/#article","isPartOf":{"@id":"https:\/\/acninternational.org\/es\/nigeria-nos-sentimos-debiles-cansados-y-asustados-esperamos-que-dios-luche-por-nosotros\/"},"author":{"name":"ACN Press Team","@id":"https:\/\/acninternational.org\/es\/#\/schema\/person\/7f3dafb236b242fb2aa46be1411fd703"},"headline":"Nigeria: \u201cNos sentimos d\u00e9biles, cansados y asustados. Esperamos que Dios luche por nosotros\u201d","datePublished":"2022-08-03T14:50:18+00:00","dateModified":"2022-08-03T14:50:30+00:00","mainEntityOfPage":{"@id":"https:\/\/acninternational.org\/es\/nigeria-nos-sentimos-debiles-cansados-y-asustados-esperamos-que-dios-luche-por-nosotros\/"},"wordCount":897,"publisher":{"@id":"https:\/\/acninternational.org\/es\/#organization"},"image":{"@id":"https:\/\/acninternational.org\/es\/nigeria-nos-sentimos-debiles-cansados-y-asustados-esperamos-que-dios-luche-por-nosotros\/#primaryimage"},"thumbnailUrl":"https:\/\/media.acninternational.org\/wp-content\/uploads\/2022\/08\/ACN-20220803-131823.jpeg","articleSection":["INTERVIEWS"],"inLanguage":"es"},{"@type":"WebPage","@id":"https:\/\/acninternational.org\/es\/nigeria-nos-sentimos-debiles-cansados-y-asustados-esperamos-que-dios-luche-por-nosotros\/","url":"https:\/\/acninternational.org\/es\/nigeria-nos-sentimos-debiles-cansados-y-asustados-esperamos-que-dios-luche-por-nosotros\/","name":"Nigeria: \u201cNos sentimos d\u00e9biles, cansados y asustados. Esperamos que Dios luche por nosotros\u201d | ACN International","isPartOf":{"@id":"https:\/\/acninternational.org\/es\/#website"},"primaryImageOfPage":{"@id":"https:\/\/acninternational.org\/es\/nigeria-nos-sentimos-debiles-cansados-y-asustados-esperamos-que-dios-luche-por-nosotros\/#primaryimage"},"image":{"@id":"https:\/\/acninternational.org\/es\/nigeria-nos-sentimos-debiles-cansados-y-asustados-esperamos-que-dios-luche-por-nosotros\/#primaryimage"},"thumbnailUrl":"https:\/\/media.acninternational.org\/wp-content\/uploads\/2022\/08\/ACN-20220803-131823.jpeg","datePublished":"2022-08-03T14:50:18+00:00","dateModified":"2022-08-03T14:50:30+00:00","breadcrumb":{"@id":"https:\/\/acninternational.org\/es\/nigeria-nos-sentimos-debiles-cansados-y-asustados-esperamos-que-dios-luche-por-nosotros\/#breadcrumb"},"inLanguage":"es","potentialAction":[{"@type":"ReadAction","target":["https:\/\/acninternational.org\/es\/nigeria-nos-sentimos-debiles-cansados-y-asustados-esperamos-que-dios-luche-por-nosotros\/"]}]},{"@type":"ImageObject","inLanguage":"es","@id":"https:\/\/acninternational.org\/es\/nigeria-nos-sentimos-debiles-cansados-y-asustados-esperamos-que-dios-luche-por-nosotros\/#primaryimage","url":"https:\/\/media.acninternational.org\/wp-content\/uploads\/2022\/08\/ACN-20220803-131823.jpeg","contentUrl":"https:\/\/media.acninternational.org\/wp-content\/uploads\/2022\/08\/ACN-20220803-131823.jpeg","width":1920,"height":700},{"@type":"BreadcrumbList","@id":"https:\/\/acninternational.org\/es\/nigeria-nos-sentimos-debiles-cansados-y-asustados-esperamos-que-dios-luche-por-nosotros\/#breadcrumb","itemListElement":[{"@type":"ListItem","position":1,"name":"Home","item":"https:\/\/acninternational.org\/es\/"},{"@type":"ListItem","position":2,"name":"INTERVIEWS","item":"https:\/\/acninternational.org\/es\/category\/interviews-es\/"},{"@type":"ListItem","position":3,"name":"Nigeria: \u201cNos sentimos d\u00e9biles, cansados y asustados. Esperamos que Dios luche por nosotros\u201d"}]},{"@type":"WebSite","@id":"https:\/\/acninternational.org\/es\/#website","url":"https:\/\/acninternational.org\/es\/","name":"ACN International","description":"","publisher":{"@id":"https:\/\/acninternational.org\/es\/#organization"},"potentialAction":[{"@type":"SearchAction","target":{"@type":"EntryPoint","urlTemplate":"https:\/\/acninternational.org\/es\/?s={search_term_string}"},"query-input":{"@type":"PropertyValueSpecification","valueRequired":true,"valueName":"search_term_string"}}],"inLanguage":"es"},{"@type":"Organization","@id":"https:\/\/acninternational.org\/es\/#organization","name":"Aid to the Church in Need International","url":"https:\/\/acninternational.org\/es\/","logo":{"@type":"ImageObject","inLanguage":"es","@id":"https:\/\/acninternational.org\/es\/#\/schema\/logo\/image\/","url":"https:\/\/media.acninternational.org\/wp-content\/uploads\/2019\/11\/acn_logo_blackvector.svg","contentUrl":"https:\/\/media.acninternational.org\/wp-content\/uploads\/2019\/11\/acn_logo_blackvector.svg","width":232.6,"height":78,"caption":"Aid to the Church in Need International"},"image":{"@id":"https:\/\/acninternational.org\/es\/#\/schema\/logo\/image\/"},"sameAs":["https:\/\/www.facebook.com\/acninternationalorg","https:\/\/x.com\/acn_int","https:\/\/www.youtube.com\/channel\/UCQ-077gS0TnVzkhHmf1opZw","https:\/\/www.instagram.com\/acn_international\/"]},{"@type":"Person","@id":"https:\/\/acninternational.org\/es\/#\/schema\/person\/7f3dafb236b242fb2aa46be1411fd703","name":"ACN Press Team","description":"Lorem ipsum dolor sit amet, consectetur adipiscing elit, sed do eiusmod tempor incididunt ut labore et dolore magna aliqua. Ut enim ad minim veniam, quis nostrud exercitation ullamco laboris nisi ut aliquip ex ea commodo consequat.","url":"https:\/\/acninternational.org\/es\/author\/acn-press-team\/"}]}},"_links":{"self":[{"href":"https:\/\/acninternational.org\/es\/wp-json\/wp\/v2\/posts\/173236","targetHints":{"allow":["GET"]}}],"collection":[{"href":"https:\/\/acninternational.org\/es\/wp-json\/wp\/v2\/posts"}],"about":[{"href":"https:\/\/acninternational.org\/es\/wp-json\/wp\/v2\/types\/post"}],"author":[{"embeddable":true,"href":"https:\/\/acninternational.org\/es\/wp-json\/wp\/v2\/users\/4258341447"}],"replies":[{"embeddable":true,"href":"https:\/\/acninternational.org\/es\/wp-json\/wp\/v2\/comments?post=173236"}],"version-history":[{"count":0,"href":"https:\/\/acninternational.org\/es\/wp-json\/wp\/v2\/posts\/173236\/revisions"}],"wp:featuredmedia":[{"embeddable":true,"href":"https:\/\/acninternational.org\/es\/wp-json\/wp\/v2\/media\/173220"}],"wp:attachment":[{"href":"https:\/\/acninternational.org\/es\/wp-json\/wp\/v2\/media?parent=173236"}],"wp:term":[{"taxonomy":"category","embeddable":true,"href":"https:\/\/acninternational.org\/es\/wp-json\/wp\/v2\/categories?post=173236"},{"taxonomy":"post_tag","embeddable":true,"href":"https:\/\/acninternational.org\/es\/wp-json\/wp\/v2\/tags?post=173236"},{"taxonomy":"country","embeddable":true,"href":"https:\/\/acninternational.org\/es\/wp-json\/wp\/v2\/country?post=173236"}],"curies":[{"name":"wp","href":"https:\/\/api.w.org\/{rel}","templated":true}]}}