{"id":172740,"date":"2022-07-26T15:26:38","date_gmt":"2022-07-26T13:26:38","guid":{"rendered":"https:\/\/acninternational.org\/?p=172740"},"modified":"2022-07-26T15:39:33","modified_gmt":"2022-07-26T13:39:33","slug":"martirio-del-padre-jacques-hamel","status":"publish","type":"post","link":"https:\/\/acninternational.org\/es\/martirio-del-padre-jacques-hamel\/","title":{"rendered":"El padre Jacques Hamel era ejemplo de sencillez y autenticidad"},"content":{"rendered":"<h4><em>6\u00b0 aniversario del asesinato del primer sacerdote m\u00e1rtir por la yihad en Europa<\/em><\/h4>\n<p>\u201cEl martirio del padre Jacques Hamel est\u00e1 probado\u201d, declara a Aid to the Church in Need (ACN) el postulador de la causa de beatificaci\u00f3n, P. Paul Vigouroux. Cuando se cumplen seis a\u00f1os del asesinato del padre Jacques, ACN ha entrevistado a Vigouroux quien afirma: \u201cHay una muerte violenta, con odio a la fe cristiana y de forma premeditada. La polic\u00eda francesa lo ha demostrado y est\u00e1 en el expediente\u201d.<\/p>\n<p>El padre Jacques Hamel fue <a href=\"https:\/\/aed-france.org\/pere-jacques-hamel-laed-appelle-a-prier-pour-les-pretres-assassines-et-leurs-bourreaux\/\">asesinado<\/a> por dos yihadistas en su parroquia en Saint-\u00c9tienne-du-Rouvray en Normand\u00eda, Francia, el 26 de julio de 2016. Sucedi\u00f3 mientras celebraba la santa misa.<\/p>\n<p>Seis a\u00f1os despu\u00e9s del atentado, el Vaticano estudia su causa de beatificaci\u00f3n, mientras la iglesia de San Esteban en Saint-\u00c9tienne-du-Rouvray, cerca de Rouen, se ha convertido en un lugar de peregrinaci\u00f3n. \u201cLos fieles acuden a la iglesia o a la tumba del padre Hamel, solos o en grupo\u201d, explica a ACN el padre Paul Vigouroux, sacerdote franc\u00e9s de la di\u00f3cesis de Rouen. A\u00f1ade que este fervor se debe a que la figura del padre Jacques habla a la gente contempor\u00e1nea de un hombre que vivi\u00f3 en sencillez, amando su vida cotidiana.<\/p>\n<figure id=\"attachment_172732\" aria-describedby=\"caption-attachment-172732\" style=\"width: 670px\" class=\"wp-caption alignnone\"><img loading=\"lazy\" decoding=\"async\" class=\"wp-image-172737 size-full\" src=\"https:\/\/media.acninternational.org\/wp-content\/uploads\/2022\/07\/pequenya1-19-1.png\" alt=\"Tumba del Padre Jacques Hamel\" width=\"670\" height=\"400\" srcset=\"https:\/\/media.acninternational.org\/wp-content\/uploads\/2022\/07\/pequenya1-19-1.png 670w, https:\/\/media.acninternational.org\/wp-content\/uploads\/2022\/07\/pequenya1-19-1-300x179.png 300w\" sizes=\"auto, (max-width: 670px) 100vw, 670px\" \/><figcaption id=\"caption-attachment-172732\" class=\"wp-caption-text\">Tumba del padre Jacques Hamel, convertida en lugar de peregrinaci\u00f3n<\/figcaption><\/figure>\n<p>Durante el proceso para demostrar la santidad del sacerdote franc\u00e9s, se han hecho p\u00fablicos algunos milagros y curaciones. \u201cEst\u00e1 el ejemplo de una persona que afirma haber puesto sus manos paralizadas en la tumba del padre Hamel y se ha curado\u201d, cuenta el postulador de la causa. \u201cTenemos el testimonio de su m\u00e9dico. Sin duda, hay elementos sobrenaturales que nos animan a seguir nuestro trabajo\u201d.<\/p>\n<p>El padre Hamel fue apu\u00f1alado varias veces hasta morir. Tras ese atentado, se inici\u00f3 la investigaci\u00f3n con documentos y testimonios para esclarecer los hechos. Una vez <a href=\"https:\/\/www.fundacao-ais.pt\/pt\/noticias\/noticias1-franca--concluido-processo-diocesano-de-beatificacao-do-padre-jacques-hamel--assassinado-em-plena-igreja-em-2016\">finalizados los trabajos<\/a>, el informe fue enviado a Roma que ha publicado un decreto indicando que el expediente es correcto y que se est\u00e1 estudiando. \u201cLa Iglesia quiere tomarse su tiempo\u201d, dice el padre Vigouroux.<\/p>\n<p>El papa Francisco, durante <a href=\"https:\/\/www.vatican.va\/content\/francesco\/es\/cotidie\/2016\/documents\/papa-francesco-cotidie_20160914_p-jacques-hamel.html\">una misa del sacerdote franc\u00e9s, el 14 de septiembre<\/a> de 2016 dijo: \u201choy en la Iglesia hay m\u00e1s m\u00e1rtires cristianos que en los primeros tiempos. Hoy, hay cristianos asesinados, torturados, encarcelados, degollados porque no reniegan de Jesucristo. En esta historia, llegamos a nuestro \u00abp\u00e8re Jacques\u00bb: \u00e9l forma parte de esta cadena de m\u00e1rtires\u201d.<\/p>\n<p>Jacques Hamel naci\u00f3 el 30 de noviembre de 1930 en Darn\u00e9tal, en la periferia industrial de Rouen, Normand\u00eda. Llevaba 58 a\u00f1os de sacerdocio cuando fue asesinado. Pas\u00f3 su vida sirviendo a los dem\u00e1s: celebrando matrimonios, bautizando, acompa\u00f1ando a los enfermos\u2026 Estaba abierto al di\u00e1logo ecum\u00e9nico e interreligioso con los musulmanes y tambi\u00e9n con la comunidad jud\u00eda, a la que visitaba ocasionalmente.<\/p>\n<p>El postulador de la causa afirma que uno de los mensajes principales del padre Hamel era la sencillez y la autenticidad. \u201cNo buscaba estar en el centro de atenci\u00f3n, no quer\u00eda ser famoso\u201d. Sin embargo, el padre Jacques Hamel es el primer sacerdote m\u00e1rtir asesinado por extremistas isl\u00e1micos en Europa en este siglo XXI.<\/p>\n","protected":false},"excerpt":{"rendered":"<p>El padre Hamel fue apu\u00f1alado varias veces antes de morir. Su martirio ha sido probado<\/p>\n","protected":false},"author":4258341447,"featured_media":172731,"comment_status":"closed","ping_status":"closed","sticky":false,"template":"","format":"standard","meta":{"_acf_changed":false,"_acn_coauthor_ids":[],"footnotes":""},"categories":[237],"tags":[1096,1196,763,728,1074],"country":[425],"class_list":["post-172740","post","type-post","status-publish","format-standard","has-post-thumbnail","hentry","category-sin-categorizar","tag-asesinato","tag-martirio","tag-persecucion-religiosa","tag-terrorismo","tag-yihadistas","country-francia"],"acn_coauthors":[],"acf":[],"yoast_head":"<!-- This site is optimized with the Yoast SEO Premium plugin v27.3 (Yoast SEO v27.3) - https:\/\/yoast.com\/product\/yoast-seo-premium-wordpress\/ -->\n<title>Martirio de un sacerdote franc\u00e9s | ACN International<\/title>\n<meta name=\"description\" content=\"Dos yihadistas asesinaron al padre Jacques Hamel mientras celebraba Misa en su iglesia parroquial en Normand\u00eda, Francia, en 2016.\" \/>\n<meta name=\"robots\" content=\"index, follow, max-snippet:-1, max-image-preview:large, max-video-preview:-1\" \/>\n<link rel=\"canonical\" href=\"https:\/\/acninternational.org\/es\/martirio-del-padre-jacques-hamel\/\" \/>\n<meta property=\"og:locale\" content=\"es_ES\" \/>\n<meta property=\"og:type\" content=\"article\" \/>\n<meta property=\"og:title\" content=\"Martirio de un sacerdote franc\u00e9s\" \/>\n<meta property=\"og:description\" content=\"Dos yihadistas asesinaron al padre Jacques Hamel mientras celebraba Misa en su iglesia parroquial en Normand\u00eda, Francia, en 2016.\" \/>\n<meta property=\"og:url\" content=\"https:\/\/acninternational.org\/es\/martirio-del-padre-jacques-hamel\/\" \/>\n<meta property=\"og:site_name\" content=\"ACN International\" \/>\n<meta property=\"article:publisher\" content=\"https:\/\/www.facebook.com\/acninternationalorg\" \/>\n<meta property=\"article:published_time\" content=\"2022-07-26T13:26:38+00:00\" \/>\n<meta property=\"article:modified_time\" content=\"2022-07-26T13:39:33+00:00\" \/>\n<meta property=\"og:image\" content=\"https:\/\/media.acninternational.org\/wp-content\/uploads\/2022\/07\/heading-74-1.png\" \/>\n\t<meta property=\"og:image:width\" content=\"2000\" \/>\n\t<meta property=\"og:image:height\" content=\"625\" \/>\n\t<meta property=\"og:image:type\" content=\"image\/png\" \/>\n<meta name=\"author\" content=\"ACN Press Team\" \/>\n<meta name=\"twitter:card\" content=\"summary_large_image\" \/>\n<meta name=\"twitter:title\" content=\"El padre Jacques Hamel era ejemplo de sencillez y autenticidad\" \/>\n<meta name=\"twitter:description\" content=\"Dos yihadistas asesinaron al padre Jacques Hamel mientras celebraba Misa en su iglesia parroquial en Normand\u00eda, Francia, en 2016.\" \/>\n<meta name=\"twitter:creator\" content=\"@acn_int\" \/>\n<meta name=\"twitter:site\" content=\"@acn_int\" \/>\n<meta name=\"twitter:label1\" content=\"Escrito por\" \/>\n\t<meta name=\"twitter:data1\" content=\"ACN Press Team\" \/>\n\t<meta name=\"twitter:label2\" content=\"Tiempo de lectura\" \/>\n\t<meta name=\"twitter:data2\" content=\"3 minutos\" \/>\n<script type=\"application\/ld+json\" class=\"yoast-schema-graph\">{\"@context\":\"https:\\\/\\\/schema.org\",\"@graph\":[{\"@type\":\"Article\",\"@id\":\"https:\\\/\\\/acninternational.org\\\/es\\\/martirio-del-padre-jacques-hamel\\\/#article\",\"isPartOf\":{\"@id\":\"https:\\\/\\\/acninternational.org\\\/es\\\/martirio-del-padre-jacques-hamel\\\/\"},\"author\":{\"name\":\"ACN Press Team\",\"@id\":\"https:\\\/\\\/acninternational.org\\\/es\\\/#\\\/schema\\\/person\\\/7f3dafb236b242fb2aa46be1411fd703\"},\"headline\":\"El padre Jacques Hamel era ejemplo de sencillez y autenticidad\",\"datePublished\":\"2022-07-26T13:26:38+00:00\",\"dateModified\":\"2022-07-26T13:39:33+00:00\",\"mainEntityOfPage\":{\"@id\":\"https:\\\/\\\/acninternational.org\\\/es\\\/martirio-del-padre-jacques-hamel\\\/\"},\"wordCount\":558,\"publisher\":{\"@id\":\"https:\\\/\\\/acninternational.org\\\/es\\\/#organization\"},\"image\":{\"@id\":\"https:\\\/\\\/acninternational.org\\\/es\\\/martirio-del-padre-jacques-hamel\\\/#primaryimage\"},\"thumbnailUrl\":\"https:\\\/\\\/media.acninternational.org\\\/wp-content\\\/uploads\\\/2022\\\/07\\\/heading-74-1.png\",\"keywords\":[\"asesinato\",\"martirio\",\"persecuci\u00f3n religiosa\",\"terrorismo\",\"yihadistas\"],\"articleSection\":[\"Sin categorizar\"],\"inLanguage\":\"es\"},{\"@type\":\"WebPage\",\"@id\":\"https:\\\/\\\/acninternational.org\\\/es\\\/martirio-del-padre-jacques-hamel\\\/\",\"url\":\"https:\\\/\\\/acninternational.org\\\/es\\\/martirio-del-padre-jacques-hamel\\\/\",\"name\":\"Martirio de un sacerdote franc\u00e9s | ACN International\",\"isPartOf\":{\"@id\":\"https:\\\/\\\/acninternational.org\\\/es\\\/#website\"},\"primaryImageOfPage\":{\"@id\":\"https:\\\/\\\/acninternational.org\\\/es\\\/martirio-del-padre-jacques-hamel\\\/#primaryimage\"},\"image\":{\"@id\":\"https:\\\/\\\/acninternational.org\\\/es\\\/martirio-del-padre-jacques-hamel\\\/#primaryimage\"},\"thumbnailUrl\":\"https:\\\/\\\/media.acninternational.org\\\/wp-content\\\/uploads\\\/2022\\\/07\\\/heading-74-1.png\",\"datePublished\":\"2022-07-26T13:26:38+00:00\",\"dateModified\":\"2022-07-26T13:39:33+00:00\",\"description\":\"Dos yihadistas asesinaron al padre Jacques Hamel mientras celebraba Misa en su iglesia parroquial en Normand\u00eda, Francia, en 2016.\",\"breadcrumb\":{\"@id\":\"https:\\\/\\\/acninternational.org\\\/es\\\/martirio-del-padre-jacques-hamel\\\/#breadcrumb\"},\"inLanguage\":\"es\",\"potentialAction\":[{\"@type\":\"ReadAction\",\"target\":[\"https:\\\/\\\/acninternational.org\\\/es\\\/martirio-del-padre-jacques-hamel\\\/\"]}]},{\"@type\":\"ImageObject\",\"inLanguage\":\"es\",\"@id\":\"https:\\\/\\\/acninternational.org\\\/es\\\/martirio-del-padre-jacques-hamel\\\/#primaryimage\",\"url\":\"https:\\\/\\\/media.acninternational.org\\\/wp-content\\\/uploads\\\/2022\\\/07\\\/heading-74-1.png\",\"contentUrl\":\"https:\\\/\\\/media.acninternational.org\\\/wp-content\\\/uploads\\\/2022\\\/07\\\/heading-74-1.png\",\"width\":2000,\"height\":625,\"caption\":\"Noche de los testigos 2021 - P. Jacques Hamel\"},{\"@type\":\"BreadcrumbList\",\"@id\":\"https:\\\/\\\/acninternational.org\\\/es\\\/martirio-del-padre-jacques-hamel\\\/#breadcrumb\",\"itemListElement\":[{\"@type\":\"ListItem\",\"position\":1,\"name\":\"Home\",\"item\":\"https:\\\/\\\/acninternational.org\\\/es\\\/\"},{\"@type\":\"ListItem\",\"position\":2,\"name\":\"DESTACADO\",\"item\":\"https:\\\/\\\/acninternational.org\\\/es\\\/category\\\/destacado\\\/\"},{\"@type\":\"ListItem\",\"position\":3,\"name\":\"El padre Jacques Hamel era ejemplo de sencillez y autenticidad\"}]},{\"@type\":\"WebSite\",\"@id\":\"https:\\\/\\\/acninternational.org\\\/es\\\/#website\",\"url\":\"https:\\\/\\\/acninternational.org\\\/es\\\/\",\"name\":\"ACN International\",\"description\":\"\",\"publisher\":{\"@id\":\"https:\\\/\\\/acninternational.org\\\/es\\\/#organization\"},\"potentialAction\":[{\"@type\":\"SearchAction\",\"target\":{\"@type\":\"EntryPoint\",\"urlTemplate\":\"https:\\\/\\\/acninternational.org\\\/es\\\/?s={search_term_string}\"},\"query-input\":{\"@type\":\"PropertyValueSpecification\",\"valueRequired\":true,\"valueName\":\"search_term_string\"}}],\"inLanguage\":\"es\"},{\"@type\":\"Organization\",\"@id\":\"https:\\\/\\\/acninternational.org\\\/es\\\/#organization\",\"name\":\"Aid to the Church in Need International\",\"url\":\"https:\\\/\\\/acninternational.org\\\/es\\\/\",\"logo\":{\"@type\":\"ImageObject\",\"inLanguage\":\"es\",\"@id\":\"https:\\\/\\\/acninternational.org\\\/es\\\/#\\\/schema\\\/logo\\\/image\\\/\",\"url\":\"https:\\\/\\\/media.acninternational.org\\\/wp-content\\\/uploads\\\/2019\\\/11\\\/acn_logo_blackvector.svg\",\"contentUrl\":\"https:\\\/\\\/media.acninternational.org\\\/wp-content\\\/uploads\\\/2019\\\/11\\\/acn_logo_blackvector.svg\",\"width\":232.6,\"height\":78,\"caption\":\"Aid to the Church in Need International\"},\"image\":{\"@id\":\"https:\\\/\\\/acninternational.org\\\/es\\\/#\\\/schema\\\/logo\\\/image\\\/\"},\"sameAs\":[\"https:\\\/\\\/www.facebook.com\\\/acninternationalorg\",\"https:\\\/\\\/x.com\\\/acn_int\",\"https:\\\/\\\/www.youtube.com\\\/channel\\\/UCQ-077gS0TnVzkhHmf1opZw\",\"https:\\\/\\\/www.instagram.com\\\/acn_international\\\/\"]},{\"@type\":\"Person\",\"@id\":\"https:\\\/\\\/acninternational.org\\\/es\\\/#\\\/schema\\\/person\\\/7f3dafb236b242fb2aa46be1411fd703\",\"name\":\"ACN Press Team\",\"description\":\"Lorem ipsum dolor sit amet, consectetur adipiscing elit, sed do eiusmod tempor incididunt ut labore et dolore magna aliqua. Ut enim ad minim veniam, quis nostrud exercitation ullamco laboris nisi ut aliquip ex ea commodo consequat.\",\"url\":\"https:\\\/\\\/acninternational.org\\\/es\\\/author\\\/acn-press-team\\\/\"}]}<\/script>\n<!-- \/ Yoast SEO Premium plugin. -->","yoast_head_json":{"title":"Martirio de un sacerdote franc\u00e9s | ACN International","description":"Dos yihadistas asesinaron al padre Jacques Hamel mientras celebraba Misa en su iglesia parroquial en Normand\u00eda, Francia, en 2016.","robots":{"index":"index","follow":"follow","max-snippet":"max-snippet:-1","max-image-preview":"max-image-preview:large","max-video-preview":"max-video-preview:-1"},"canonical":"https:\/\/acninternational.org\/es\/martirio-del-padre-jacques-hamel\/","og_locale":"es_ES","og_type":"article","og_title":"Martirio de un sacerdote franc\u00e9s","og_description":"Dos yihadistas asesinaron al padre Jacques Hamel mientras celebraba Misa en su iglesia parroquial en Normand\u00eda, Francia, en 2016.","og_url":"https:\/\/acninternational.org\/es\/martirio-del-padre-jacques-hamel\/","og_site_name":"ACN International","article_publisher":"https:\/\/www.facebook.com\/acninternationalorg","article_published_time":"2022-07-26T13:26:38+00:00","article_modified_time":"2022-07-26T13:39:33+00:00","og_image":[{"width":2000,"height":625,"url":"https:\/\/media.acninternational.org\/wp-content\/uploads\/2022\/07\/heading-74-1.png","type":"image\/png"}],"author":"ACN Press Team","twitter_card":"summary_large_image","twitter_title":"El padre Jacques Hamel era ejemplo de sencillez y autenticidad","twitter_description":"Dos yihadistas asesinaron al padre Jacques Hamel mientras celebraba Misa en su iglesia parroquial en Normand\u00eda, Francia, en 2016.","twitter_creator":"@acn_int","twitter_site":"@acn_int","twitter_misc":{"Escrito por":"ACN Press Team","Tiempo de lectura":"3 minutos"},"schema":{"@context":"https:\/\/schema.org","@graph":[{"@type":"Article","@id":"https:\/\/acninternational.org\/es\/martirio-del-padre-jacques-hamel\/#article","isPartOf":{"@id":"https:\/\/acninternational.org\/es\/martirio-del-padre-jacques-hamel\/"},"author":{"name":"ACN Press Team","@id":"https:\/\/acninternational.org\/es\/#\/schema\/person\/7f3dafb236b242fb2aa46be1411fd703"},"headline":"El padre Jacques Hamel era ejemplo de sencillez y autenticidad","datePublished":"2022-07-26T13:26:38+00:00","dateModified":"2022-07-26T13:39:33+00:00","mainEntityOfPage":{"@id":"https:\/\/acninternational.org\/es\/martirio-del-padre-jacques-hamel\/"},"wordCount":558,"publisher":{"@id":"https:\/\/acninternational.org\/es\/#organization"},"image":{"@id":"https:\/\/acninternational.org\/es\/martirio-del-padre-jacques-hamel\/#primaryimage"},"thumbnailUrl":"https:\/\/media.acninternational.org\/wp-content\/uploads\/2022\/07\/heading-74-1.png","keywords":["asesinato","martirio","persecuci\u00f3n religiosa","terrorismo","yihadistas"],"articleSection":["Sin categorizar"],"inLanguage":"es"},{"@type":"WebPage","@id":"https:\/\/acninternational.org\/es\/martirio-del-padre-jacques-hamel\/","url":"https:\/\/acninternational.org\/es\/martirio-del-padre-jacques-hamel\/","name":"Martirio de un sacerdote franc\u00e9s | ACN International","isPartOf":{"@id":"https:\/\/acninternational.org\/es\/#website"},"primaryImageOfPage":{"@id":"https:\/\/acninternational.org\/es\/martirio-del-padre-jacques-hamel\/#primaryimage"},"image":{"@id":"https:\/\/acninternational.org\/es\/martirio-del-padre-jacques-hamel\/#primaryimage"},"thumbnailUrl":"https:\/\/media.acninternational.org\/wp-content\/uploads\/2022\/07\/heading-74-1.png","datePublished":"2022-07-26T13:26:38+00:00","dateModified":"2022-07-26T13:39:33+00:00","description":"Dos yihadistas asesinaron al padre Jacques Hamel mientras celebraba Misa en su iglesia parroquial en Normand\u00eda, Francia, en 2016.","breadcrumb":{"@id":"https:\/\/acninternational.org\/es\/martirio-del-padre-jacques-hamel\/#breadcrumb"},"inLanguage":"es","potentialAction":[{"@type":"ReadAction","target":["https:\/\/acninternational.org\/es\/martirio-del-padre-jacques-hamel\/"]}]},{"@type":"ImageObject","inLanguage":"es","@id":"https:\/\/acninternational.org\/es\/martirio-del-padre-jacques-hamel\/#primaryimage","url":"https:\/\/media.acninternational.org\/wp-content\/uploads\/2022\/07\/heading-74-1.png","contentUrl":"https:\/\/media.acninternational.org\/wp-content\/uploads\/2022\/07\/heading-74-1.png","width":2000,"height":625,"caption":"Noche de los testigos 2021 - P. Jacques Hamel"},{"@type":"BreadcrumbList","@id":"https:\/\/acninternational.org\/es\/martirio-del-padre-jacques-hamel\/#breadcrumb","itemListElement":[{"@type":"ListItem","position":1,"name":"Home","item":"https:\/\/acninternational.org\/es\/"},{"@type":"ListItem","position":2,"name":"DESTACADO","item":"https:\/\/acninternational.org\/es\/category\/destacado\/"},{"@type":"ListItem","position":3,"name":"El padre Jacques Hamel era ejemplo de sencillez y autenticidad"}]},{"@type":"WebSite","@id":"https:\/\/acninternational.org\/es\/#website","url":"https:\/\/acninternational.org\/es\/","name":"ACN International","description":"","publisher":{"@id":"https:\/\/acninternational.org\/es\/#organization"},"potentialAction":[{"@type":"SearchAction","target":{"@type":"EntryPoint","urlTemplate":"https:\/\/acninternational.org\/es\/?s={search_term_string}"},"query-input":{"@type":"PropertyValueSpecification","valueRequired":true,"valueName":"search_term_string"}}],"inLanguage":"es"},{"@type":"Organization","@id":"https:\/\/acninternational.org\/es\/#organization","name":"Aid to the Church in Need International","url":"https:\/\/acninternational.org\/es\/","logo":{"@type":"ImageObject","inLanguage":"es","@id":"https:\/\/acninternational.org\/es\/#\/schema\/logo\/image\/","url":"https:\/\/media.acninternational.org\/wp-content\/uploads\/2019\/11\/acn_logo_blackvector.svg","contentUrl":"https:\/\/media.acninternational.org\/wp-content\/uploads\/2019\/11\/acn_logo_blackvector.svg","width":232.6,"height":78,"caption":"Aid to the Church in Need International"},"image":{"@id":"https:\/\/acninternational.org\/es\/#\/schema\/logo\/image\/"},"sameAs":["https:\/\/www.facebook.com\/acninternationalorg","https:\/\/x.com\/acn_int","https:\/\/www.youtube.com\/channel\/UCQ-077gS0TnVzkhHmf1opZw","https:\/\/www.instagram.com\/acn_international\/"]},{"@type":"Person","@id":"https:\/\/acninternational.org\/es\/#\/schema\/person\/7f3dafb236b242fb2aa46be1411fd703","name":"ACN Press Team","description":"Lorem ipsum dolor sit amet, consectetur adipiscing elit, sed do eiusmod tempor incididunt ut labore et dolore magna aliqua. Ut enim ad minim veniam, quis nostrud exercitation ullamco laboris nisi ut aliquip ex ea commodo consequat.","url":"https:\/\/acninternational.org\/es\/author\/acn-press-team\/"}]}},"_links":{"self":[{"href":"https:\/\/acninternational.org\/es\/wp-json\/wp\/v2\/posts\/172740","targetHints":{"allow":["GET"]}}],"collection":[{"href":"https:\/\/acninternational.org\/es\/wp-json\/wp\/v2\/posts"}],"about":[{"href":"https:\/\/acninternational.org\/es\/wp-json\/wp\/v2\/types\/post"}],"author":[{"embeddable":true,"href":"https:\/\/acninternational.org\/es\/wp-json\/wp\/v2\/users\/4258341447"}],"replies":[{"embeddable":true,"href":"https:\/\/acninternational.org\/es\/wp-json\/wp\/v2\/comments?post=172740"}],"version-history":[{"count":0,"href":"https:\/\/acninternational.org\/es\/wp-json\/wp\/v2\/posts\/172740\/revisions"}],"wp:featuredmedia":[{"embeddable":true,"href":"https:\/\/acninternational.org\/es\/wp-json\/wp\/v2\/media\/172731"}],"wp:attachment":[{"href":"https:\/\/acninternational.org\/es\/wp-json\/wp\/v2\/media?parent=172740"}],"wp:term":[{"taxonomy":"category","embeddable":true,"href":"https:\/\/acninternational.org\/es\/wp-json\/wp\/v2\/categories?post=172740"},{"taxonomy":"post_tag","embeddable":true,"href":"https:\/\/acninternational.org\/es\/wp-json\/wp\/v2\/tags?post=172740"},{"taxonomy":"country","embeddable":true,"href":"https:\/\/acninternational.org\/es\/wp-json\/wp\/v2\/country?post=172740"}],"curies":[{"name":"wp","href":"https:\/\/api.w.org\/{rel}","templated":true}]}}