{"id":172528,"date":"2022-07-25T11:07:33","date_gmt":"2022-07-25T09:07:33","guid":{"rendered":"https:\/\/acninternational.org\/?p=172528"},"modified":"2024-08-09T10:21:03","modified_gmt":"2024-08-09T08:21:03","slug":"escalada-de-la-guerra-en-ucrania","status":"publish","type":"post","link":"https:\/\/acninternational.org\/es\/escalada-de-la-guerra-en-ucrania\/","title":{"rendered":"Ucrania: \u201cEstamos preparados para morir s\u00fabita e inesperadamente\u201d"},"content":{"rendered":"<p><em>Ante la escalada de la guerra en Ucrania, ACN habl\u00f3 con Mons. Pavlo Honcharuk, obispo de la di\u00f3cesis latina de J\u00e1rkov-Zaporiyia. Con sus m\u00e1s de 196 000 km2, es una de las di\u00f3cesis m\u00e1s grandes de Europa, comparable a todo el territorio de Siria o Bielorrusia, y abarca casi todo el territorio de Ucrania al este del r\u00edo Dnipr\u00f3. En la actualidad, los casi mil kil\u00f3metros del frente de guerra recorren casi por completo su di\u00f3cesis, y las ciudades est\u00e1n sometidas a constantes bombardeos. En esta conversaci\u00f3n con ACN, el obispo, de 44 a\u00f1os de edad, describe la vida actual en su di\u00f3cesis. <\/em><\/p>\n<p><em>La entrevista ha sido realizada por el P. Jurij Blazejewski, ACN.<\/em><\/p>\n<h4><strong>\u00bfPodr\u00eda describir la situaci\u00f3n en su di\u00f3cesis, convertida en el principal escenario de esta terrible guerra? <\/strong><\/h4>\n<p>Nuestra Iglesia se mantiene viva y activa. Los sacerdotes y los fieles est\u00e1n en sus puestos, la oraci\u00f3n contin\u00faa, al igual que la celebraci\u00f3n lit\u00fargica diaria en las parroquias; m\u00e1s en unas que en otras, seg\u00fan el lugar, donde hay actividad b\u00e9lica o en territorios ocupados no existe esa posibilidad. No obstante, nuestra Iglesia sigue sirviendo a la gente, a los ancianos y a los ni\u00f1os, adem\u00e1s de ayudar a los soldados que defienden nuestra patria.<\/p>\n<h4><strong>Hace unos meses, usted describi\u00f3 la situaci\u00f3n a ACN como de <em>shock<\/em> y dolor. Al principio, hab\u00eda esperanzas de que la guerra terminara pronto, mientras que ahora est\u00e1 claro que a\u00fan va a durar. \u00bfC\u00f3mo se siente usted en este quinto mes de guerra?<\/strong><\/h4>\n<p>El primer <em>shock<\/em> ha pasado, ahora vivimos bajo una tensi\u00f3n permanente. Estamos constantemente a la expectativa, sobre todo cuando hay bombardeos y todav\u00eda no est\u00e1 claro cu\u00e1ndo y d\u00f3nde van a caer los misiles. Anteayer fue a unos 1 000 o 1 200 metros y anoche las bombas cayeron en un lugar muy cercano a nosotros. S\u00e9 que no tendr\u00e9 tiempo de o\u00edr el misil que me alcance, y por eso, cuando oigo una explosi\u00f3n, s\u00e9 que sigo vivo. Estamos preparados para morir s\u00fabita e inesperadamente, y eso significa que recibimos a menudo los sacramentos, especialmente, el de la confesi\u00f3n. Es una experiencia completamente nueva, una forma de vida diferente: por las ma\u00f1anas me levanto y tomo conciencia de que estoy vivo.<\/p>\n<p>Todo este sufrimiento genera una sensaci\u00f3n de impotencia, porque te abruma. El mal es tan grande y tan c\u00ednico que derriba de sus tronos a los grandes de este mundo. Es muy f\u00e1cil desencadenar guerras estallan f\u00e1cilmente, pero \u00bfc\u00f3mo detenerlas? Por otro lado, tambi\u00e9n hay grandes signos de la presencia de Dios en medio del torbellino de la guerra, en los corazones de las personas que est\u00e1n sirviendo en diversos lugares como soldados, m\u00e9dicos, bomberos, polic\u00edas y dem\u00e1s. Cuando contemplamos los rostros de estas personas, somos testigos del gran poder divino del amor con el que Dios los inspira.<\/p>\n<figure id=\"attachment_172515\" aria-describedby=\"caption-attachment-172515\" style=\"width: 670px\" class=\"wp-caption aligncenter\"><img loading=\"lazy\" decoding=\"async\" class=\"wp-image-172520 size-full\" src=\"https:\/\/media.acninternational.org\/wp-content\/uploads\/2022\/07\/pequenya1-18.png\" alt=\"Obispos ayudando en la guerra de Ucrania\" width=\"670\" height=\"400\" srcset=\"https:\/\/media.acninternational.org\/wp-content\/uploads\/2022\/07\/pequenya1-18.png 670w, https:\/\/media.acninternational.org\/wp-content\/uploads\/2022\/07\/pequenya1-18-300x179.png 300w\" sizes=\"auto, (max-width: 670px) 100vw, 670px\" \/><figcaption id=\"caption-attachment-172515\" class=\"wp-caption-text\">El obispo Pavlo Honcharuk y el obispo Vasyliy Tuchapets ayudando durante la guerra<\/figcaption><\/figure>\n<h4><strong>\u00bfCu\u00e1l es la situaci\u00f3n actual en J\u00e1rkov? \u00bfEst\u00e1 regresando la gente o ha empezado a marcharse de nuevo? <\/strong><\/h4>\n<p>La situaci\u00f3n cambia constantemente. Por ejemplo, alguien puede venir a revisar su vivienda e irse de nuevo inmediatamente; pero, en general, la gente se est\u00e1 yendo por los constantes bombardeos en J\u00e1rkov. Hay bombardeos antes del almuerzo, despu\u00e9s del almuerzo y por la noche. Estamos muy cerca de la l\u00ednea del frente: a veinte kil\u00f3metros. Antes de la guerra, la ciudad de J\u00e1rkov ten\u00eda una poblaci\u00f3n de 1,7 millones de habitantes, y ahora hay unos 700.000, menos de la mitad. Pero tambi\u00e9n otras ciudades de la di\u00f3cesis, como Sl\u00e1viansk, Kramatorsk o Bajmut, son lugares muy peligrosos, est\u00e1n en la zona de guerra actual: de all\u00ed pr\u00e1cticamente todo el mundo ha escapado, queda poca gente en esas ciudades.<\/p>\n<h4><strong>\u00bfC\u00f3mo es la vida cotidiana en una ciudad en la l\u00ednea del fuego?<\/strong><\/h4>\n<p>La situaci\u00f3n de cada familia y de cada persona es diferente. Si la casa no est\u00e1 da\u00f1ada, uno tiene un lugar donde vivir, y si uno tiene un trabajo, tiene ingresos. En cambio, si la casa est\u00e1 destruida, uno no tiene d\u00f3nde vivir, y si su lugar de trabajo ha sido destruido, uno se queda sin ingresos. Y si encima est\u00e1 herido&#8230;<\/p>\n<p>A veces, la gente s\u00f3lo tiene lo que llevaba puesto, porque todo se quem\u00f3 con su casa. Por lo tanto, hay personas que necesitan ropa, otras necesitan zapatos o medicinas o comida, otras un lugar donde quedarse, y otras apoyo moral. Otros necesitan que alguien lleve a su familia a un lugar seguro. Hay muchos problemas y mucho por hacer.<\/p>\n<h4><strong>\u00bfTiene la gente acceso a las cosas que necesita? \u00bfHay trabajo?<\/strong><\/h4>\n<p>Calculamos que alrededor de un 15% de la ciudad est\u00e1 destruido. Son da\u00f1os irreparables. No obstante, la infraestructura de la ciudad funciona y puede soportar la tensi\u00f3n que se vive. Las f\u00e1bricas y empresas que pueden siguen trabajando mientras que otras se han trasladado completamente a otras ciudades ucranianas. Tambi\u00e9n siguen funcionando los hospitales y los servicios municipales, que se encargan de la electricidad, el gas, el agua, el alcantarillado, la recogida de basuras, la limpieza de las calles y el transporte p\u00fablico. Todo funciona. Cuando destruyen algo, pasadas veinticuatro horas ni siquiera se sabe que ha pasado algo; los servicios municipales lo limpian todo y se llevan los escombros. Los bomberos, la polic\u00eda y dem\u00e1s servicios tambi\u00e9n funcionan completamente. La gente intenta vivir una vida normal, aunque la guerra est\u00e1 tan presente en nuestra ciudad. Las escuelas y las universidades funcionan online.<\/p>\n<h4><strong>\u00bfC\u00f3mo est\u00e1 la situaci\u00f3n financiera? \u00bfHay problemas con los bancos? \u00bfEst\u00e1n abiertas las tiendas?<\/strong><\/h4>\n<p>S\u00f3lo algunos bancos tienen sus sucursales abiertas, y s\u00f3lo algunos cajeros autom\u00e1ticos funcionan. En su mayor\u00eda, estos lugares permanecen cerrados por motivos de seguridad. Sin embargo, todo el sector financiero funciona, las tarjetas bancarias funcionan en todas partes. Las tiendas est\u00e1n parcialmente abiertas. Ayer estuve en el mercado: s\u00f3lo se incendi\u00f3 la mitad. Se sigue vendiendo en los puestos y quioscos que no han sido destruidos. Sin embargo, la gente no puede comprar nada porque no tiene dinero. La gente aqu\u00ed no es rica. Los ricos se fueron hace mucho tiempo. Los que se han quedado ya viv\u00edan antes de paga en paga, ellos tienen que contar cada centavo y ahora est\u00e1n en una situaci\u00f3n muy dif\u00edcil. Incluso por la ropa, uno puede ver que esa persona siempre ha llevado una vida digna, pero la guerra los ha vuelto pobres o sin hogar. Muchas personas tambi\u00e9n se han visto afectadas psicol\u00f3gicamente y algunas han empezado a abusar del alcohol.<\/p>\n<h4><strong>En algunas ciudades, lejos del frente, la gente ya ignora las alertas antia\u00e9reas. En J\u00e1rkov, \u00bfla gente busca refugio o ignora las alarmas y simplemente sigue con su vida?<\/strong><\/h4>\n<p>Al principio de la guerra, la gente reaccionaba m\u00e1s cuando hab\u00eda bombardeos y, por lo general, no sal\u00edan de sus s\u00f3tanos y refugios. Muchos no sal\u00edan en absoluto, viv\u00edan all\u00ed permanentemente, y algunos siguen hoy presos del p\u00e1nico. Hay calles en las que la gente apenas se percataba de que hab\u00eda guerra porque estaban completamente tranquilas, pero tambi\u00e9n hay barrios donde todo est\u00e1 destruido. Yo veo que la mayor\u00eda de la gente se ha vuelto m\u00e1s audaces; la psique cansada empieza a reprimir la sensaci\u00f3n de peligro.<\/p>\n<figure id=\"attachment_172521\" aria-describedby=\"caption-attachment-172521\" style=\"width: 670px\" class=\"wp-caption aligncenter\"><img loading=\"lazy\" decoding=\"async\" class=\"wp-image-172526 size-full\" src=\"https:\/\/media.acninternational.org\/wp-content\/uploads\/2022\/07\/pequenya2-7.png\" alt=\"Catedral de Kharkiv utilizada como almac\u00e9n en la guerra de Ucrania\" width=\"670\" height=\"400\" srcset=\"https:\/\/media.acninternational.org\/wp-content\/uploads\/2022\/07\/pequenya2-7.png 670w, https:\/\/media.acninternational.org\/wp-content\/uploads\/2022\/07\/pequenya2-7-300x179.png 300w\" sizes=\"auto, (max-width: 670px) 100vw, 670px\" \/><figcaption id=\"caption-attachment-172521\" class=\"wp-caption-text\">Catedral de Kharkiv utilizada como almac\u00e9n en la guerra de Ucrania.<\/figcaption><\/figure>\n<h4><strong>\u00bfC\u00f3mo es la situaci\u00f3n de seguridad?<\/strong><\/h4>\n<p>La gente en la calle sigue hablando cuando el bombardeo est\u00e1 lejos; cuando los proyectiles se oyen m\u00e1s de cerca, se dispersa. Cuando no pasa nada durante dos o tres minutos, la gente vuelve a salir. Sin embargo, anteayer, un padre conduc\u00eda un coche con su hijo. Hab\u00edan venido a la ciudad para presentar los papeles de la universidad y ya regresaban a casa. De repente, un proyectil impact\u00f3 directamente en el coche. Quedaron algunos restos del coche, pero sus cuerpos quedaron destrozados.<\/p>\n<p>Como ven, la gente sigue conduciendo pese a los bombardeos, algunos sobrevivir\u00e1n; otros, no. Pero no pensemos que la gente es irresponsable. El peligro ha durado tanto ya, que hay que aprender a ignorarlo de alguna manera, pues tambi\u00e9n hay que reflexionar y tomar decisiones. Antes, la gente no se controlaba: hu\u00eda instintivamente y luego se pon\u00eda a pensar. Pero es que resulta agotador tener que huir diez veces en un d\u00eda.<\/p>\n<h4><strong>Su di\u00f3cesis es probablemente \u00fanica, en el sentido de que hay personas que huyen de ella, pero otras que buscan refugio all\u00ed. <\/strong><\/h4>\n<p>Algunas personas de J\u00e1rkov o de otras ciudades del frente se trasladaron a los pueblos m\u00e1s cercanos, a casa de sus familiares o a casas vac\u00edas. Pero cuando vieron que la guerra no se acababa, empezaron a irse m\u00e1s lejos. Tambi\u00e9n dentro del pa\u00eds hay que encontrar un lugar donde vivir y trabajar, y eso implica muchas dificultades. Por otro lado, irse al extranjero significa que s\u00f3lo pueden salir la esposa y los hijos, mientras que los maridos tienen que quedarse en territorio ucraniano debido a la ley marcial. Eso supone un enorme golpe para una familia, para los c\u00f3nyuges, y causa un gran sufrimiento.<\/p>\n<p>La gente se desplaza constantemente. Algunos se instalan en alg\u00fan lugar y consiguen un trabajo, otros fracasan en ello. A veces parece que alguien est\u00e1 finalmente instalado en un nuevo lugar, y de repente le dicen: \u201cLo sentimos, tenemos que pedirle que abandone nuestra casa\u201d. La suerte de cada mudanza es diferente, pero siempre es dif\u00edcil. Algunos regresan porque dicen que es m\u00e1s f\u00e1cil para ellos vivir bajo el fuego y en peligro que vivir como refugiados.<\/p>\n<p>Porque en esa situaci\u00f3n, \u00bfqui\u00e9n eres? No tienes derechos, no puedes planificar, no tienes nada propio. Siempre tienes la sensaci\u00f3n de tener que estar pendiente de alguien y de que los dem\u00e1s te observan. Psicol\u00f3gicamente, es muy dif\u00edcil. Si alguien quiere probar, que deje su hogar durante un mes para vivir de invitado en la casa de otro, y luego en la de otro m\u00e1s, y luego en la de un tercero, en la de un cuarto, siempre como invitado, y mud\u00e1ndose todo el tiempo.<\/p>\n<h4><strong>\u00bfC\u00f3mo trabaja la Iglesia de su di\u00f3cesis con los refugiados y desplazados internos? <\/strong><\/h4>\n<p>Aqu\u00ed, en J\u00e1rkov, tenemos a los Padres Marianos y a C\u00e1ritas, que ayudan a los desplazados, ya que muchas personas que han perdido sus hogares han acudido a la ciudad. Ayer, no muy lejos de la frontera, quedaron destrozadas veinte casas de un pueblo. Las tropas rusas no hacen m\u00e1s que destruir nuestros pueblos ucranianos, y entonces los supervivientes huyen a la ciudad, porque ya no es posible vivir all\u00ed. Los desplazados de los pueblos cercanos tambi\u00e9n vienen a J\u00e1rkov a pesar de que esta ciudad es bombardeada todos los d\u00edas.<\/p>\n<p>Asimismo, trabajamos en otros lugares, ayudamos distribuyendo ayuda humanitaria, cosas para los ni\u00f1os, comida, pa\u00f1ales, o simplemente estamos all\u00ed para hablar con la gente. Tambi\u00e9n ayudamos en Poltava, Sumy, Konotop y Dnipr\u00f3, as\u00ed como en Zaporiyia y Pokrovsk.<\/p>\n<h4><strong>\u00bfQu\u00e9 le gustar\u00eda decirle a los benefactores que hacen posible que ACN env\u00ede ayuda a Ucrania y a su di\u00f3cesis? <\/strong><\/h4>\n<p>Os agradezco esta entrevista y me gustar\u00eda, en nombre de todos los que reciben vuestra ayuda, as\u00ed como en el m\u00edo propio, agradecer sinceramente a todos su coraz\u00f3n abierto y su ayuda. No importa si es mucho o poco, lo importante es que no hab\u00e9is permanecido indiferentes ante nuestra situaci\u00f3n. Por ello, os doy sinceramente las gracias. \u00a1Que Dios os bendiga!<\/p>\n","protected":false},"excerpt":{"rendered":"<p>El obispo Pavlo describe la situaci\u00f3n de la guerra en Ucrania en su di\u00f3cesis: muerte, bombardeos, sufrimiento y pobreza.<\/p>\n","protected":false},"author":4258341447,"featured_media":172514,"comment_status":"closed","ping_status":"closed","sticky":false,"template":"","format":"standard","meta":{"_acf_changed":false,"_acn_coauthor_ids":[],"footnotes":""},"categories":[798],"tags":[1193,1192,1138,742],"country":[426],"class_list":["post-172528","post","type-post","status-publish","format-standard","has-post-thumbnail","hentry","category-interviews-es","tag-bombardeos","tag-guerra","tag-pobreza","tag-ucrania","country-ucrania"],"acn_coauthors":[],"acf":[],"yoast_head":"<!-- This site is optimized with the Yoast SEO Premium plugin v27.3 (Yoast SEO v27.3) - https:\/\/yoast.com\/product\/yoast-seo-premium-wordpress\/ -->\n<title>Guerra en Ucrania: escalada | ACN International<\/title>\n<meta name=\"description\" content=\"El obispo Pavlo describe la situaci\u00f3n de la guerra en Ucrania en su di\u00f3cesis: muerte, bombardeos, sufrimiento y pobreza.\" \/>\n<meta name=\"robots\" content=\"index, follow, max-snippet:-1, max-image-preview:large, max-video-preview:-1\" \/>\n<link rel=\"canonical\" href=\"https:\/\/acninternational.org\/es\/escalada-de-la-guerra-en-ucrania\/\" \/>\n<meta property=\"og:locale\" content=\"es_ES\" \/>\n<meta property=\"og:type\" content=\"article\" \/>\n<meta property=\"og:title\" content=\"\u00bfC\u00f3mo se encuentra Ucrania?\" \/>\n<meta property=\"og:description\" content=\"El obispo Pavlo describe la situaci\u00f3n de la guerra en Ucrania en su di\u00f3cesis: muerte, bombardeos, sufrimiento y pobreza.\" \/>\n<meta property=\"og:url\" content=\"https:\/\/acninternational.org\/es\/escalada-de-la-guerra-en-ucrania\/\" \/>\n<meta property=\"og:site_name\" content=\"ACN International\" \/>\n<meta property=\"article:publisher\" content=\"https:\/\/www.facebook.com\/acninternationalorg\" \/>\n<meta property=\"article:published_time\" content=\"2022-07-25T09:07:33+00:00\" \/>\n<meta property=\"article:modified_time\" content=\"2024-08-09T08:21:03+00:00\" \/>\n<meta property=\"og:image\" content=\"https:\/\/media.acninternational.org\/wp-content\/uploads\/2022\/07\/heading-73-1024x320.png\" \/>\n\t<meta property=\"og:image:width\" content=\"1024\" \/>\n\t<meta property=\"og:image:height\" content=\"320\" \/>\n\t<meta property=\"og:image:type\" content=\"image\/png\" \/>\n<meta name=\"author\" content=\"ACN Press Team\" \/>\n<meta name=\"twitter:card\" content=\"summary_large_image\" \/>\n<meta name=\"twitter:title\" content=\"\u00bfC\u00f3mo se encuentra Ucrania?\" \/>\n<meta name=\"twitter:description\" content=\"El obispo Pavlo describe la situaci\u00f3n de la guerra en Ucrania en su di\u00f3cesis: muerte, bombardeos, sufrimiento y pobreza.\" \/>\n<meta name=\"twitter:creator\" content=\"@acn_int\" \/>\n<meta name=\"twitter:site\" content=\"@acn_int\" \/>\n<meta name=\"twitter:label1\" content=\"Escrito por\" \/>\n\t<meta name=\"twitter:data1\" content=\"ACN Press Team\" \/>\n\t<meta name=\"twitter:label2\" content=\"Tiempo de lectura\" \/>\n\t<meta name=\"twitter:data2\" content=\"9 minutos\" \/>\n<script type=\"application\/ld+json\" class=\"yoast-schema-graph\">{\"@context\":\"https:\\\/\\\/schema.org\",\"@graph\":[{\"@type\":\"Article\",\"@id\":\"https:\\\/\\\/acninternational.org\\\/es\\\/escalada-de-la-guerra-en-ucrania\\\/#article\",\"isPartOf\":{\"@id\":\"https:\\\/\\\/acninternational.org\\\/es\\\/escalada-de-la-guerra-en-ucrania\\\/\"},\"author\":{\"name\":\"ACN Press Team\",\"@id\":\"https:\\\/\\\/acninternational.org\\\/es\\\/#\\\/schema\\\/person\\\/7f3dafb236b242fb2aa46be1411fd703\"},\"headline\":\"Ucrania: \u201cEstamos preparados para morir s\u00fabita e inesperadamente\u201d\",\"datePublished\":\"2022-07-25T09:07:33+00:00\",\"dateModified\":\"2024-08-09T08:21:03+00:00\",\"mainEntityOfPage\":{\"@id\":\"https:\\\/\\\/acninternational.org\\\/es\\\/escalada-de-la-guerra-en-ucrania\\\/\"},\"wordCount\":2052,\"publisher\":{\"@id\":\"https:\\\/\\\/acninternational.org\\\/es\\\/#organization\"},\"image\":{\"@id\":\"https:\\\/\\\/acninternational.org\\\/es\\\/escalada-de-la-guerra-en-ucrania\\\/#primaryimage\"},\"thumbnailUrl\":\"https:\\\/\\\/media.acninternational.org\\\/wp-content\\\/uploads\\\/2022\\\/07\\\/heading-73.png\",\"keywords\":[\"bombardeos\",\"guerra\",\"pobreza\",\"Ucrania\"],\"articleSection\":[\"INTERVIEWS\"],\"inLanguage\":\"es\"},{\"@type\":\"WebPage\",\"@id\":\"https:\\\/\\\/acninternational.org\\\/es\\\/escalada-de-la-guerra-en-ucrania\\\/\",\"url\":\"https:\\\/\\\/acninternational.org\\\/es\\\/escalada-de-la-guerra-en-ucrania\\\/\",\"name\":\"Guerra en Ucrania: escalada | ACN International\",\"isPartOf\":{\"@id\":\"https:\\\/\\\/acninternational.org\\\/es\\\/#website\"},\"primaryImageOfPage\":{\"@id\":\"https:\\\/\\\/acninternational.org\\\/es\\\/escalada-de-la-guerra-en-ucrania\\\/#primaryimage\"},\"image\":{\"@id\":\"https:\\\/\\\/acninternational.org\\\/es\\\/escalada-de-la-guerra-en-ucrania\\\/#primaryimage\"},\"thumbnailUrl\":\"https:\\\/\\\/media.acninternational.org\\\/wp-content\\\/uploads\\\/2022\\\/07\\\/heading-73.png\",\"datePublished\":\"2022-07-25T09:07:33+00:00\",\"dateModified\":\"2024-08-09T08:21:03+00:00\",\"description\":\"El obispo Pavlo describe la situaci\u00f3n de la guerra en Ucrania en su di\u00f3cesis: muerte, bombardeos, sufrimiento y pobreza.\",\"breadcrumb\":{\"@id\":\"https:\\\/\\\/acninternational.org\\\/es\\\/escalada-de-la-guerra-en-ucrania\\\/#breadcrumb\"},\"inLanguage\":\"es\",\"potentialAction\":[{\"@type\":\"ReadAction\",\"target\":[\"https:\\\/\\\/acninternational.org\\\/es\\\/escalada-de-la-guerra-en-ucrania\\\/\"]}]},{\"@type\":\"ImageObject\",\"inLanguage\":\"es\",\"@id\":\"https:\\\/\\\/acninternational.org\\\/es\\\/escalada-de-la-guerra-en-ucrania\\\/#primaryimage\",\"url\":\"https:\\\/\\\/media.acninternational.org\\\/wp-content\\\/uploads\\\/2022\\\/07\\\/heading-73.png\",\"contentUrl\":\"https:\\\/\\\/media.acninternational.org\\\/wp-content\\\/uploads\\\/2022\\\/07\\\/heading-73.png\",\"width\":2000,\"height\":625,\"caption\":\"Destrucci\u00f3n en Bohdanivka, un peque\u00f1o pueblo cerca de Kiev (Ucrania)\"},{\"@type\":\"BreadcrumbList\",\"@id\":\"https:\\\/\\\/acninternational.org\\\/es\\\/escalada-de-la-guerra-en-ucrania\\\/#breadcrumb\",\"itemListElement\":[{\"@type\":\"ListItem\",\"position\":1,\"name\":\"Home\",\"item\":\"https:\\\/\\\/acninternational.org\\\/es\\\/\"},{\"@type\":\"ListItem\",\"position\":2,\"name\":\"INTERVIEWS\",\"item\":\"https:\\\/\\\/acninternational.org\\\/es\\\/category\\\/interviews-es\\\/\"},{\"@type\":\"ListItem\",\"position\":3,\"name\":\"Ucrania: \u201cEstamos preparados para morir s\u00fabita e inesperadamente\u201d\"}]},{\"@type\":\"WebSite\",\"@id\":\"https:\\\/\\\/acninternational.org\\\/es\\\/#website\",\"url\":\"https:\\\/\\\/acninternational.org\\\/es\\\/\",\"name\":\"ACN International\",\"description\":\"\",\"publisher\":{\"@id\":\"https:\\\/\\\/acninternational.org\\\/es\\\/#organization\"},\"potentialAction\":[{\"@type\":\"SearchAction\",\"target\":{\"@type\":\"EntryPoint\",\"urlTemplate\":\"https:\\\/\\\/acninternational.org\\\/es\\\/?s={search_term_string}\"},\"query-input\":{\"@type\":\"PropertyValueSpecification\",\"valueRequired\":true,\"valueName\":\"search_term_string\"}}],\"inLanguage\":\"es\"},{\"@type\":\"Organization\",\"@id\":\"https:\\\/\\\/acninternational.org\\\/es\\\/#organization\",\"name\":\"Aid to the Church in Need International\",\"url\":\"https:\\\/\\\/acninternational.org\\\/es\\\/\",\"logo\":{\"@type\":\"ImageObject\",\"inLanguage\":\"es\",\"@id\":\"https:\\\/\\\/acninternational.org\\\/es\\\/#\\\/schema\\\/logo\\\/image\\\/\",\"url\":\"https:\\\/\\\/media.acninternational.org\\\/wp-content\\\/uploads\\\/2019\\\/11\\\/acn_logo_blackvector.svg\",\"contentUrl\":\"https:\\\/\\\/media.acninternational.org\\\/wp-content\\\/uploads\\\/2019\\\/11\\\/acn_logo_blackvector.svg\",\"width\":232.6,\"height\":78,\"caption\":\"Aid to the Church in Need International\"},\"image\":{\"@id\":\"https:\\\/\\\/acninternational.org\\\/es\\\/#\\\/schema\\\/logo\\\/image\\\/\"},\"sameAs\":[\"https:\\\/\\\/www.facebook.com\\\/acninternationalorg\",\"https:\\\/\\\/x.com\\\/acn_int\",\"https:\\\/\\\/www.youtube.com\\\/channel\\\/UCQ-077gS0TnVzkhHmf1opZw\",\"https:\\\/\\\/www.instagram.com\\\/acn_international\\\/\"]},{\"@type\":\"Person\",\"@id\":\"https:\\\/\\\/acninternational.org\\\/es\\\/#\\\/schema\\\/person\\\/7f3dafb236b242fb2aa46be1411fd703\",\"name\":\"ACN Press Team\",\"description\":\"Lorem ipsum dolor sit amet, consectetur adipiscing elit, sed do eiusmod tempor incididunt ut labore et dolore magna aliqua. Ut enim ad minim veniam, quis nostrud exercitation ullamco laboris nisi ut aliquip ex ea commodo consequat.\",\"url\":\"https:\\\/\\\/acninternational.org\\\/es\\\/author\\\/acn-press-team\\\/\"}]}<\/script>\n<!-- \/ Yoast SEO Premium plugin. -->","yoast_head_json":{"title":"Guerra en Ucrania: escalada | ACN International","description":"El obispo Pavlo describe la situaci\u00f3n de la guerra en Ucrania en su di\u00f3cesis: muerte, bombardeos, sufrimiento y pobreza.","robots":{"index":"index","follow":"follow","max-snippet":"max-snippet:-1","max-image-preview":"max-image-preview:large","max-video-preview":"max-video-preview:-1"},"canonical":"https:\/\/acninternational.org\/es\/escalada-de-la-guerra-en-ucrania\/","og_locale":"es_ES","og_type":"article","og_title":"\u00bfC\u00f3mo se encuentra Ucrania?","og_description":"El obispo Pavlo describe la situaci\u00f3n de la guerra en Ucrania en su di\u00f3cesis: muerte, bombardeos, sufrimiento y pobreza.","og_url":"https:\/\/acninternational.org\/es\/escalada-de-la-guerra-en-ucrania\/","og_site_name":"ACN International","article_publisher":"https:\/\/www.facebook.com\/acninternationalorg","article_published_time":"2022-07-25T09:07:33+00:00","article_modified_time":"2024-08-09T08:21:03+00:00","og_image":[{"width":1024,"height":320,"url":"https:\/\/media.acninternational.org\/wp-content\/uploads\/2022\/07\/heading-73-1024x320.png","type":"image\/png"}],"author":"ACN Press Team","twitter_card":"summary_large_image","twitter_title":"\u00bfC\u00f3mo se encuentra Ucrania?","twitter_description":"El obispo Pavlo describe la situaci\u00f3n de la guerra en Ucrania en su di\u00f3cesis: muerte, bombardeos, sufrimiento y pobreza.","twitter_creator":"@acn_int","twitter_site":"@acn_int","twitter_misc":{"Escrito por":"ACN Press Team","Tiempo de lectura":"9 minutos"},"schema":{"@context":"https:\/\/schema.org","@graph":[{"@type":"Article","@id":"https:\/\/acninternational.org\/es\/escalada-de-la-guerra-en-ucrania\/#article","isPartOf":{"@id":"https:\/\/acninternational.org\/es\/escalada-de-la-guerra-en-ucrania\/"},"author":{"name":"ACN Press Team","@id":"https:\/\/acninternational.org\/es\/#\/schema\/person\/7f3dafb236b242fb2aa46be1411fd703"},"headline":"Ucrania: \u201cEstamos preparados para morir s\u00fabita e inesperadamente\u201d","datePublished":"2022-07-25T09:07:33+00:00","dateModified":"2024-08-09T08:21:03+00:00","mainEntityOfPage":{"@id":"https:\/\/acninternational.org\/es\/escalada-de-la-guerra-en-ucrania\/"},"wordCount":2052,"publisher":{"@id":"https:\/\/acninternational.org\/es\/#organization"},"image":{"@id":"https:\/\/acninternational.org\/es\/escalada-de-la-guerra-en-ucrania\/#primaryimage"},"thumbnailUrl":"https:\/\/media.acninternational.org\/wp-content\/uploads\/2022\/07\/heading-73.png","keywords":["bombardeos","guerra","pobreza","Ucrania"],"articleSection":["INTERVIEWS"],"inLanguage":"es"},{"@type":"WebPage","@id":"https:\/\/acninternational.org\/es\/escalada-de-la-guerra-en-ucrania\/","url":"https:\/\/acninternational.org\/es\/escalada-de-la-guerra-en-ucrania\/","name":"Guerra en Ucrania: escalada | ACN International","isPartOf":{"@id":"https:\/\/acninternational.org\/es\/#website"},"primaryImageOfPage":{"@id":"https:\/\/acninternational.org\/es\/escalada-de-la-guerra-en-ucrania\/#primaryimage"},"image":{"@id":"https:\/\/acninternational.org\/es\/escalada-de-la-guerra-en-ucrania\/#primaryimage"},"thumbnailUrl":"https:\/\/media.acninternational.org\/wp-content\/uploads\/2022\/07\/heading-73.png","datePublished":"2022-07-25T09:07:33+00:00","dateModified":"2024-08-09T08:21:03+00:00","description":"El obispo Pavlo describe la situaci\u00f3n de la guerra en Ucrania en su di\u00f3cesis: muerte, bombardeos, sufrimiento y pobreza.","breadcrumb":{"@id":"https:\/\/acninternational.org\/es\/escalada-de-la-guerra-en-ucrania\/#breadcrumb"},"inLanguage":"es","potentialAction":[{"@type":"ReadAction","target":["https:\/\/acninternational.org\/es\/escalada-de-la-guerra-en-ucrania\/"]}]},{"@type":"ImageObject","inLanguage":"es","@id":"https:\/\/acninternational.org\/es\/escalada-de-la-guerra-en-ucrania\/#primaryimage","url":"https:\/\/media.acninternational.org\/wp-content\/uploads\/2022\/07\/heading-73.png","contentUrl":"https:\/\/media.acninternational.org\/wp-content\/uploads\/2022\/07\/heading-73.png","width":2000,"height":625,"caption":"Destrucci\u00f3n en Bohdanivka, un peque\u00f1o pueblo cerca de Kiev (Ucrania)"},{"@type":"BreadcrumbList","@id":"https:\/\/acninternational.org\/es\/escalada-de-la-guerra-en-ucrania\/#breadcrumb","itemListElement":[{"@type":"ListItem","position":1,"name":"Home","item":"https:\/\/acninternational.org\/es\/"},{"@type":"ListItem","position":2,"name":"INTERVIEWS","item":"https:\/\/acninternational.org\/es\/category\/interviews-es\/"},{"@type":"ListItem","position":3,"name":"Ucrania: \u201cEstamos preparados para morir s\u00fabita e inesperadamente\u201d"}]},{"@type":"WebSite","@id":"https:\/\/acninternational.org\/es\/#website","url":"https:\/\/acninternational.org\/es\/","name":"ACN International","description":"","publisher":{"@id":"https:\/\/acninternational.org\/es\/#organization"},"potentialAction":[{"@type":"SearchAction","target":{"@type":"EntryPoint","urlTemplate":"https:\/\/acninternational.org\/es\/?s={search_term_string}"},"query-input":{"@type":"PropertyValueSpecification","valueRequired":true,"valueName":"search_term_string"}}],"inLanguage":"es"},{"@type":"Organization","@id":"https:\/\/acninternational.org\/es\/#organization","name":"Aid to the Church in Need International","url":"https:\/\/acninternational.org\/es\/","logo":{"@type":"ImageObject","inLanguage":"es","@id":"https:\/\/acninternational.org\/es\/#\/schema\/logo\/image\/","url":"https:\/\/media.acninternational.org\/wp-content\/uploads\/2019\/11\/acn_logo_blackvector.svg","contentUrl":"https:\/\/media.acninternational.org\/wp-content\/uploads\/2019\/11\/acn_logo_blackvector.svg","width":232.6,"height":78,"caption":"Aid to the Church in Need International"},"image":{"@id":"https:\/\/acninternational.org\/es\/#\/schema\/logo\/image\/"},"sameAs":["https:\/\/www.facebook.com\/acninternationalorg","https:\/\/x.com\/acn_int","https:\/\/www.youtube.com\/channel\/UCQ-077gS0TnVzkhHmf1opZw","https:\/\/www.instagram.com\/acn_international\/"]},{"@type":"Person","@id":"https:\/\/acninternational.org\/es\/#\/schema\/person\/7f3dafb236b242fb2aa46be1411fd703","name":"ACN Press Team","description":"Lorem ipsum dolor sit amet, consectetur adipiscing elit, sed do eiusmod tempor incididunt ut labore et dolore magna aliqua. Ut enim ad minim veniam, quis nostrud exercitation ullamco laboris nisi ut aliquip ex ea commodo consequat.","url":"https:\/\/acninternational.org\/es\/author\/acn-press-team\/"}]}},"_links":{"self":[{"href":"https:\/\/acninternational.org\/es\/wp-json\/wp\/v2\/posts\/172528","targetHints":{"allow":["GET"]}}],"collection":[{"href":"https:\/\/acninternational.org\/es\/wp-json\/wp\/v2\/posts"}],"about":[{"href":"https:\/\/acninternational.org\/es\/wp-json\/wp\/v2\/types\/post"}],"author":[{"embeddable":true,"href":"https:\/\/acninternational.org\/es\/wp-json\/wp\/v2\/users\/4258341447"}],"replies":[{"embeddable":true,"href":"https:\/\/acninternational.org\/es\/wp-json\/wp\/v2\/comments?post=172528"}],"version-history":[{"count":0,"href":"https:\/\/acninternational.org\/es\/wp-json\/wp\/v2\/posts\/172528\/revisions"}],"wp:featuredmedia":[{"embeddable":true,"href":"https:\/\/acninternational.org\/es\/wp-json\/wp\/v2\/media\/172514"}],"wp:attachment":[{"href":"https:\/\/acninternational.org\/es\/wp-json\/wp\/v2\/media?parent=172528"}],"wp:term":[{"taxonomy":"category","embeddable":true,"href":"https:\/\/acninternational.org\/es\/wp-json\/wp\/v2\/categories?post=172528"},{"taxonomy":"post_tag","embeddable":true,"href":"https:\/\/acninternational.org\/es\/wp-json\/wp\/v2\/tags?post=172528"},{"taxonomy":"country","embeddable":true,"href":"https:\/\/acninternational.org\/es\/wp-json\/wp\/v2\/country?post=172528"}],"curies":[{"name":"wp","href":"https:\/\/api.w.org\/{rel}","templated":true}]}}