{"id":171404,"date":"2022-06-21T17:09:03","date_gmt":"2022-06-21T15:09:03","guid":{"rendered":"https:\/\/acninternational.org\/?p=171404"},"modified":"2022-06-21T17:15:07","modified_gmt":"2022-06-21T15:15:07","slug":"cancelacion-visita-del-papa","status":"publish","type":"post","link":"https:\/\/acninternational.org\/es\/cancelacion-visita-del-papa\/","title":{"rendered":"Los congole\u00f1os est\u00e1n entristecidos por la cancelaci\u00f3n, pero acompa\u00f1an al Papa en su dolor"},"content":{"rendered":"<p><em>\u201cPospuesta, no cancelada: esa es la palabra clave\u201d, asegura Maxime Fran\u00e7ois-Marsal, jefe de proyectos para la Rep\u00fablica Democr\u00e1tica del Congo (RDC) en ACN International. Este enorme pa\u00eds contaba con que el papa Francisco ayudar\u00eda a curar las heridas de una guerra que parece no tener fin, y que invitar\u00eda a los l\u00edderes pol\u00edticos a detener la corrupci\u00f3n end\u00e9mica que hunde a la naci\u00f3n en la pobreza. <\/em><\/p>\n<p>Los cat\u00f3licos est\u00e1n entristecidos por la cancelaci\u00f3n de la visita del Papa, pero entienden y se identifican con el dolor que siente, asegura el jefe de proyectos para la Rep\u00fablica Democr\u00e1tica del Congo (RDC) de ACN.<\/p>\n<p>Durante una conferencia en l\u00ednea organizada por la fundaci\u00f3n pontificia, Maxime Fran\u00e7ois-Marsal, reci\u00e9n regresado de un viaje a la RDC, ha hablado de la compasi\u00f3n que sienten los congole\u00f1os por el papa Francisco por sus fuertes dolores en una rodilla, problema que le ha llevado a cancelar su viaje a la RDC y a Sud\u00e1n del Sur.<\/p>\n<p>\u201cHa supuesto una gran decepci\u00f3n para la gente, pues anhelaban que el Papa los visitara: la noticia ha sido un shock para ellos. Pero el hecho de que haya dicho que pospone -y no cancela- el viaje les da esperanza\u201d, explica Fran\u00e7ois-Marsal.<\/p>\n<p>\u201cLa gente sabe que tiene problemas con una pierna. Un sacerdote con el que habl\u00e9 me dijo que sienten compasi\u00f3n por el Papa porque saben lo que es el sufrimiento, lo que significa no poder caminar y sufrir tanto. Para ellos, es un signo de humildad que reconozca que no puede viajar y una lecci\u00f3n para los cristianos para que conozcan sus l\u00edmites y conf\u00eden en el Se\u00f1or\u201d.<\/p>\n<figure id=\"attachment_171397\" aria-describedby=\"caption-attachment-171397\" style=\"width: 670px\" class=\"wp-caption alignnone\"><img loading=\"lazy\" decoding=\"async\" class=\"wp-image-171402 size-full\" src=\"https:\/\/media.acninternational.org\/wp-content\/uploads\/2022\/06\/pequenya1-3.png\" alt=\"Monjas del Congo\" width=\"670\" height=\"400\" srcset=\"https:\/\/media.acninternational.org\/wp-content\/uploads\/2022\/06\/pequenya1-3.png 670w, https:\/\/media.acninternational.org\/wp-content\/uploads\/2022\/06\/pequenya1-3-300x179.png 300w\" sizes=\"auto, (max-width: 670px) 100vw, 670px\" \/><figcaption id=\"caption-attachment-171397\" class=\"wp-caption-text\">Maxime Fran\u00e7ois-Marsal con las Hermanas de la Resurrecci\u00f3n: obra de la escuela de Mpanzi<\/figcaption><\/figure>\n<p><strong>\u2018Pospuesta\u2019 es la palabra clave <\/strong><\/p>\n<p>Pese a este contratiempo, todav\u00eda hay esperanza de que Francisco se convierta en el primer Papa que viaja al Este de la RDC, una regi\u00f3n todav\u00eda muy afectada por la violencia. \u201cEsperan que el Papa pueda visitarlos y transmitir un mensaje de reconciliaci\u00f3n y compasi\u00f3n, realmente cuentan con ello. La palabra clave aqu\u00ed es \u2018pospuesto\u2019 y no \u2018cancelado\u2019\u201d.<\/p>\n<p>La mayor\u00eda de la poblaci\u00f3n de la RDC es cat\u00f3lica,\u00a0 eso ha hecho que las expectativas en torno a la visita del Papa fueran a\u00fan mayores. Seg\u00fan se\u00f1ala Maxime Fran\u00e7ois-Marsal, hab\u00eda esperanza de que Francisco ayudara al pa\u00eds a alcanzar por fin la paz de la que carece desde hace d\u00e9cadas.<\/p>\n<p>\u201cEn la RDC cuentan con la Iglesia. Hemos hablado con mucha gente y lo primero que nos dec\u00edan es que esperaban que la visita del Papa promoviera la reconciliaci\u00f3n. Otro deseo era que dirigiera una llamada de atenci\u00f3n a los pol\u00edticos: la ra\u00edz del problema est\u00e1 en la corrupci\u00f3n de las \u00e9lites, por lo que la visita del Papa deber\u00eda servir para recordarles su misi\u00f3n como dirigentes\u201d.<\/p>\n<p>\u201cPara las v\u00edctimas, la visita es una oportunidad de abordar las injusticias: el Papa hab\u00eda invitado a 60 personas, entre ellas v\u00edctimas de violaciones, hu\u00e9rfanos y mutilados, para que pudieran compartir su sufrimiento con alguien a quien le importa\u201d.<\/p>\n<p><strong>Estas son las personas que reconstruir\u00e1n la RDC<\/strong><\/p>\n<p>Mientras el Estado sigue siendo mayormente incapaz de atender a su propio pueblo, la Iglesia gestiona innumerables escuelas, orfanatos, cl\u00ednicas y muchas otras instituciones, adem\u00e1s de su labor central de administrar los sacramentos y educar en la fe. \u201cLa Iglesia ayuda a la gente, pero \u00bfqui\u00e9n ayuda a la Iglesia? Ah\u00ed es donde entra ACN. Llevamos d\u00e9cadas trabajando en este \u00e1mbito y conocemos a la gente personalmente. Muchas ONG van y vienen, pero nosotros nos centramos y estamos presentes a largo plazo\u201d.<\/p>\n<p>\u201cLa Iglesia realmente puede ser un instrumento de desarrollo para este pa\u00eds, pues est\u00e1 cuidando de su gente, creando una nueva conciencia en torno al bien com\u00fan y llamando a la paz, y como tal creo que merece toda nuestra ayuda\u201d, recalca Fran\u00e7ois-Marsal.<\/p>\n<p>Durante su reciente viaje al pa\u00eds, Fran\u00e7ois-Marsal visit\u00f3 un convento presente varias d\u00e9cadas en la RDC. En dos ocasiones, el convento fue invadido por milicias que lo saquearon a fondo. \u201cEstuvieron muy cerca de ser asesinadas; sobrevivieron de milagro. Eran soldados que hab\u00edan violado y torturado a mucha gente. No obstante, all\u00ed estaban ellas, cont\u00e1ndonos sus proyectos desde la confianza de que su misi\u00f3n les ha sido encomendada por Dios\u201d.<\/p>\n<p>\u201cEstas personas han pasado por un infierno y todav\u00eda afrontan retos que no podemos ni imaginar. Merecen nuestra atenci\u00f3n, pues son las personas que reconstruir\u00e1n la RDC\u201d.<\/p>\n<p>ACN es activa desde 1966 en la Rep\u00fablica Democr\u00e1tica del Congo, donde financia varios proyectos, especialmente, en las di\u00f3cesis orientales, que siguen esperando la visita del Pont\u00edfice.<\/p>\n","protected":false},"excerpt":{"rendered":"<p>El Congo contaba con el Papa Francisco para ayudar a curar las heridas de una guerra aparentemente interminable, y para desafiar a los l\u00edderes pol\u00edticos a detener la corrupci\u00f3n<\/p>\n","protected":false},"author":4258341447,"featured_media":171396,"comment_status":"closed","ping_status":"closed","sticky":false,"template":"","format":"standard","meta":{"_acf_changed":false,"_acn_coauthor_ids":[],"footnotes":""},"categories":[746,1254],"tags":[1058,1060,1059],"country":[424],"class_list":["post-171404","post","type-post","status-publish","format-standard","has-post-thumbnail","hentry","category-noticias","category-news-es","tag-cancelacion","tag-congo-es","tag-visita-del-papa","country-republica-democratica-del-congo"],"acn_coauthors":[],"acf":[],"yoast_head":"<!-- This site is optimized with the Yoast SEO Premium plugin v27.3 (Yoast SEO v27.3) - https:\/\/yoast.com\/product\/yoast-seo-premium-wordpress\/ -->\n<title>Congo entiende la cancelaci\u00f3n de la visita del Papa | ACN International<\/title>\n<meta name=\"description\" content=\"Los cat\u00f3licos del este del Congo se entristecieron por la cancelaci\u00f3n de la visita del Papa, pero comprenden y se identifican con su dolor.\" \/>\n<meta name=\"robots\" content=\"index, follow, max-snippet:-1, max-image-preview:large, max-video-preview:-1\" \/>\n<link rel=\"canonical\" href=\"https:\/\/acninternational.org\/es\/cancelacion-visita-del-papa\/\" \/>\n<meta property=\"og:locale\" content=\"es_ES\" \/>\n<meta property=\"og:type\" content=\"article\" \/>\n<meta property=\"og:title\" content=\"Los congole\u00f1os est\u00e1n entristecidos por la cancelaci\u00f3n, pero acompa\u00f1an al Papa en su dolor\" \/>\n<meta property=\"og:description\" content=\"Los cat\u00f3licos del este del Congo se entristecieron por la cancelaci\u00f3n de la visita del Papa, pero comprenden y se identifican con su dolor.\" \/>\n<meta property=\"og:url\" content=\"https:\/\/acninternational.org\/es\/cancelacion-visita-del-papa\/\" \/>\n<meta property=\"og:site_name\" content=\"ACN International\" \/>\n<meta property=\"article:publisher\" content=\"https:\/\/www.facebook.com\/acninternationalorg\" \/>\n<meta property=\"article:published_time\" content=\"2022-06-21T15:09:03+00:00\" \/>\n<meta property=\"article:modified_time\" content=\"2022-06-21T15:15:07+00:00\" \/>\n<meta property=\"og:image\" content=\"https:\/\/media.acninternational.org\/wp-content\/uploads\/2022\/06\/heading-54-1.png\" \/>\n\t<meta property=\"og:image:width\" content=\"2000\" \/>\n\t<meta property=\"og:image:height\" content=\"625\" \/>\n\t<meta property=\"og:image:type\" content=\"image\/png\" \/>\n<meta name=\"author\" content=\"ACN Press Team\" \/>\n<meta name=\"twitter:card\" content=\"summary_large_image\" \/>\n<meta name=\"twitter:creator\" content=\"@acn_int\" \/>\n<meta name=\"twitter:site\" content=\"@acn_int\" \/>\n<meta name=\"twitter:label1\" content=\"Escrito por\" \/>\n\t<meta name=\"twitter:data1\" content=\"ACN Press Team\" \/>\n\t<meta name=\"twitter:label2\" content=\"Tiempo de lectura\" \/>\n\t<meta name=\"twitter:data2\" content=\"4 minutos\" \/>\n<script type=\"application\/ld+json\" class=\"yoast-schema-graph\">{\"@context\":\"https:\\\/\\\/schema.org\",\"@graph\":[{\"@type\":\"Article\",\"@id\":\"https:\\\/\\\/acninternational.org\\\/es\\\/cancelacion-visita-del-papa\\\/#article\",\"isPartOf\":{\"@id\":\"https:\\\/\\\/acninternational.org\\\/es\\\/cancelacion-visita-del-papa\\\/\"},\"author\":{\"name\":\"ACN Press Team\",\"@id\":\"https:\\\/\\\/acninternational.org\\\/es\\\/#\\\/schema\\\/person\\\/7f3dafb236b242fb2aa46be1411fd703\"},\"headline\":\"Los congole\u00f1os est\u00e1n entristecidos por la cancelaci\u00f3n, pero acompa\u00f1an al Papa en su dolor\",\"datePublished\":\"2022-06-21T15:09:03+00:00\",\"dateModified\":\"2022-06-21T15:15:07+00:00\",\"mainEntityOfPage\":{\"@id\":\"https:\\\/\\\/acninternational.org\\\/es\\\/cancelacion-visita-del-papa\\\/\"},\"wordCount\":863,\"publisher\":{\"@id\":\"https:\\\/\\\/acninternational.org\\\/es\\\/#organization\"},\"image\":{\"@id\":\"https:\\\/\\\/acninternational.org\\\/es\\\/cancelacion-visita-del-papa\\\/#primaryimage\"},\"thumbnailUrl\":\"https:\\\/\\\/media.acninternational.org\\\/wp-content\\\/uploads\\\/2022\\\/06\\\/heading-54-1.png\",\"keywords\":[\"cancelaci\u00f3n\",\"Congo\",\"visita del papa\"],\"articleSection\":[\"NOTICIAS\",\"NOTICIAS\"],\"inLanguage\":\"es\"},{\"@type\":\"WebPage\",\"@id\":\"https:\\\/\\\/acninternational.org\\\/es\\\/cancelacion-visita-del-papa\\\/\",\"url\":\"https:\\\/\\\/acninternational.org\\\/es\\\/cancelacion-visita-del-papa\\\/\",\"name\":\"Congo entiende la cancelaci\u00f3n de la visita del Papa | ACN International\",\"isPartOf\":{\"@id\":\"https:\\\/\\\/acninternational.org\\\/es\\\/#website\"},\"primaryImageOfPage\":{\"@id\":\"https:\\\/\\\/acninternational.org\\\/es\\\/cancelacion-visita-del-papa\\\/#primaryimage\"},\"image\":{\"@id\":\"https:\\\/\\\/acninternational.org\\\/es\\\/cancelacion-visita-del-papa\\\/#primaryimage\"},\"thumbnailUrl\":\"https:\\\/\\\/media.acninternational.org\\\/wp-content\\\/uploads\\\/2022\\\/06\\\/heading-54-1.png\",\"datePublished\":\"2022-06-21T15:09:03+00:00\",\"dateModified\":\"2022-06-21T15:15:07+00:00\",\"description\":\"Los cat\u00f3licos del este del Congo se entristecieron por la cancelaci\u00f3n de la visita del Papa, pero comprenden y se identifican con su dolor.\",\"breadcrumb\":{\"@id\":\"https:\\\/\\\/acninternational.org\\\/es\\\/cancelacion-visita-del-papa\\\/#breadcrumb\"},\"inLanguage\":\"es\",\"potentialAction\":[{\"@type\":\"ReadAction\",\"target\":[\"https:\\\/\\\/acninternational.org\\\/es\\\/cancelacion-visita-del-papa\\\/\"]}]},{\"@type\":\"ImageObject\",\"inLanguage\":\"es\",\"@id\":\"https:\\\/\\\/acninternational.org\\\/es\\\/cancelacion-visita-del-papa\\\/#primaryimage\",\"url\":\"https:\\\/\\\/media.acninternational.org\\\/wp-content\\\/uploads\\\/2022\\\/06\\\/heading-54-1.png\",\"contentUrl\":\"https:\\\/\\\/media.acninternational.org\\\/wp-content\\\/uploads\\\/2022\\\/06\\\/heading-54-1.png\",\"width\":2000,\"height\":625,\"caption\":\"Las hermanas trapenses con la delegaci\u00f3n de ACN\"},{\"@type\":\"BreadcrumbList\",\"@id\":\"https:\\\/\\\/acninternational.org\\\/es\\\/cancelacion-visita-del-papa\\\/#breadcrumb\",\"itemListElement\":[{\"@type\":\"ListItem\",\"position\":1,\"name\":\"Home\",\"item\":\"https:\\\/\\\/acninternational.org\\\/es\\\/\"},{\"@type\":\"ListItem\",\"position\":2,\"name\":\"NOTICIAS\",\"item\":\"https:\\\/\\\/acninternational.org\\\/es\\\/category\\\/news-es\\\/\"},{\"@type\":\"ListItem\",\"position\":3,\"name\":\"Los congole\u00f1os est\u00e1n entristecidos por la cancelaci\u00f3n, pero acompa\u00f1an al Papa en su dolor\"}]},{\"@type\":\"WebSite\",\"@id\":\"https:\\\/\\\/acninternational.org\\\/es\\\/#website\",\"url\":\"https:\\\/\\\/acninternational.org\\\/es\\\/\",\"name\":\"ACN International\",\"description\":\"\",\"publisher\":{\"@id\":\"https:\\\/\\\/acninternational.org\\\/es\\\/#organization\"},\"potentialAction\":[{\"@type\":\"SearchAction\",\"target\":{\"@type\":\"EntryPoint\",\"urlTemplate\":\"https:\\\/\\\/acninternational.org\\\/es\\\/?s={search_term_string}\"},\"query-input\":{\"@type\":\"PropertyValueSpecification\",\"valueRequired\":true,\"valueName\":\"search_term_string\"}}],\"inLanguage\":\"es\"},{\"@type\":\"Organization\",\"@id\":\"https:\\\/\\\/acninternational.org\\\/es\\\/#organization\",\"name\":\"Aid to the Church in Need International\",\"url\":\"https:\\\/\\\/acninternational.org\\\/es\\\/\",\"logo\":{\"@type\":\"ImageObject\",\"inLanguage\":\"es\",\"@id\":\"https:\\\/\\\/acninternational.org\\\/es\\\/#\\\/schema\\\/logo\\\/image\\\/\",\"url\":\"https:\\\/\\\/media.acninternational.org\\\/wp-content\\\/uploads\\\/2019\\\/11\\\/acn_logo_blackvector.svg\",\"contentUrl\":\"https:\\\/\\\/media.acninternational.org\\\/wp-content\\\/uploads\\\/2019\\\/11\\\/acn_logo_blackvector.svg\",\"width\":232.6,\"height\":78,\"caption\":\"Aid to the Church in Need International\"},\"image\":{\"@id\":\"https:\\\/\\\/acninternational.org\\\/es\\\/#\\\/schema\\\/logo\\\/image\\\/\"},\"sameAs\":[\"https:\\\/\\\/www.facebook.com\\\/acninternationalorg\",\"https:\\\/\\\/x.com\\\/acn_int\",\"https:\\\/\\\/www.youtube.com\\\/channel\\\/UCQ-077gS0TnVzkhHmf1opZw\",\"https:\\\/\\\/www.instagram.com\\\/acn_international\\\/\"]},{\"@type\":\"Person\",\"@id\":\"https:\\\/\\\/acninternational.org\\\/es\\\/#\\\/schema\\\/person\\\/7f3dafb236b242fb2aa46be1411fd703\",\"name\":\"ACN Press Team\",\"description\":\"Lorem ipsum dolor sit amet, consectetur adipiscing elit, sed do eiusmod tempor incididunt ut labore et dolore magna aliqua. Ut enim ad minim veniam, quis nostrud exercitation ullamco laboris nisi ut aliquip ex ea commodo consequat.\",\"url\":\"https:\\\/\\\/acninternational.org\\\/es\\\/author\\\/acn-press-team\\\/\"}]}<\/script>\n<!-- \/ Yoast SEO Premium plugin. -->","yoast_head_json":{"title":"Congo entiende la cancelaci\u00f3n de la visita del Papa | ACN International","description":"Los cat\u00f3licos del este del Congo se entristecieron por la cancelaci\u00f3n de la visita del Papa, pero comprenden y se identifican con su dolor.","robots":{"index":"index","follow":"follow","max-snippet":"max-snippet:-1","max-image-preview":"max-image-preview:large","max-video-preview":"max-video-preview:-1"},"canonical":"https:\/\/acninternational.org\/es\/cancelacion-visita-del-papa\/","og_locale":"es_ES","og_type":"article","og_title":"Los congole\u00f1os est\u00e1n entristecidos por la cancelaci\u00f3n, pero acompa\u00f1an al Papa en su dolor","og_description":"Los cat\u00f3licos del este del Congo se entristecieron por la cancelaci\u00f3n de la visita del Papa, pero comprenden y se identifican con su dolor.","og_url":"https:\/\/acninternational.org\/es\/cancelacion-visita-del-papa\/","og_site_name":"ACN International","article_publisher":"https:\/\/www.facebook.com\/acninternationalorg","article_published_time":"2022-06-21T15:09:03+00:00","article_modified_time":"2022-06-21T15:15:07+00:00","og_image":[{"width":2000,"height":625,"url":"https:\/\/media.acninternational.org\/wp-content\/uploads\/2022\/06\/heading-54-1.png","type":"image\/png"}],"author":"ACN Press Team","twitter_card":"summary_large_image","twitter_creator":"@acn_int","twitter_site":"@acn_int","twitter_misc":{"Escrito por":"ACN Press Team","Tiempo de lectura":"4 minutos"},"schema":{"@context":"https:\/\/schema.org","@graph":[{"@type":"Article","@id":"https:\/\/acninternational.org\/es\/cancelacion-visita-del-papa\/#article","isPartOf":{"@id":"https:\/\/acninternational.org\/es\/cancelacion-visita-del-papa\/"},"author":{"name":"ACN Press Team","@id":"https:\/\/acninternational.org\/es\/#\/schema\/person\/7f3dafb236b242fb2aa46be1411fd703"},"headline":"Los congole\u00f1os est\u00e1n entristecidos por la cancelaci\u00f3n, pero acompa\u00f1an al Papa en su dolor","datePublished":"2022-06-21T15:09:03+00:00","dateModified":"2022-06-21T15:15:07+00:00","mainEntityOfPage":{"@id":"https:\/\/acninternational.org\/es\/cancelacion-visita-del-papa\/"},"wordCount":863,"publisher":{"@id":"https:\/\/acninternational.org\/es\/#organization"},"image":{"@id":"https:\/\/acninternational.org\/es\/cancelacion-visita-del-papa\/#primaryimage"},"thumbnailUrl":"https:\/\/media.acninternational.org\/wp-content\/uploads\/2022\/06\/heading-54-1.png","keywords":["cancelaci\u00f3n","Congo","visita del papa"],"articleSection":["NOTICIAS","NOTICIAS"],"inLanguage":"es"},{"@type":"WebPage","@id":"https:\/\/acninternational.org\/es\/cancelacion-visita-del-papa\/","url":"https:\/\/acninternational.org\/es\/cancelacion-visita-del-papa\/","name":"Congo entiende la cancelaci\u00f3n de la visita del Papa | ACN International","isPartOf":{"@id":"https:\/\/acninternational.org\/es\/#website"},"primaryImageOfPage":{"@id":"https:\/\/acninternational.org\/es\/cancelacion-visita-del-papa\/#primaryimage"},"image":{"@id":"https:\/\/acninternational.org\/es\/cancelacion-visita-del-papa\/#primaryimage"},"thumbnailUrl":"https:\/\/media.acninternational.org\/wp-content\/uploads\/2022\/06\/heading-54-1.png","datePublished":"2022-06-21T15:09:03+00:00","dateModified":"2022-06-21T15:15:07+00:00","description":"Los cat\u00f3licos del este del Congo se entristecieron por la cancelaci\u00f3n de la visita del Papa, pero comprenden y se identifican con su dolor.","breadcrumb":{"@id":"https:\/\/acninternational.org\/es\/cancelacion-visita-del-papa\/#breadcrumb"},"inLanguage":"es","potentialAction":[{"@type":"ReadAction","target":["https:\/\/acninternational.org\/es\/cancelacion-visita-del-papa\/"]}]},{"@type":"ImageObject","inLanguage":"es","@id":"https:\/\/acninternational.org\/es\/cancelacion-visita-del-papa\/#primaryimage","url":"https:\/\/media.acninternational.org\/wp-content\/uploads\/2022\/06\/heading-54-1.png","contentUrl":"https:\/\/media.acninternational.org\/wp-content\/uploads\/2022\/06\/heading-54-1.png","width":2000,"height":625,"caption":"Las hermanas trapenses con la delegaci\u00f3n de ACN"},{"@type":"BreadcrumbList","@id":"https:\/\/acninternational.org\/es\/cancelacion-visita-del-papa\/#breadcrumb","itemListElement":[{"@type":"ListItem","position":1,"name":"Home","item":"https:\/\/acninternational.org\/es\/"},{"@type":"ListItem","position":2,"name":"NOTICIAS","item":"https:\/\/acninternational.org\/es\/category\/news-es\/"},{"@type":"ListItem","position":3,"name":"Los congole\u00f1os est\u00e1n entristecidos por la cancelaci\u00f3n, pero acompa\u00f1an al Papa en su dolor"}]},{"@type":"WebSite","@id":"https:\/\/acninternational.org\/es\/#website","url":"https:\/\/acninternational.org\/es\/","name":"ACN International","description":"","publisher":{"@id":"https:\/\/acninternational.org\/es\/#organization"},"potentialAction":[{"@type":"SearchAction","target":{"@type":"EntryPoint","urlTemplate":"https:\/\/acninternational.org\/es\/?s={search_term_string}"},"query-input":{"@type":"PropertyValueSpecification","valueRequired":true,"valueName":"search_term_string"}}],"inLanguage":"es"},{"@type":"Organization","@id":"https:\/\/acninternational.org\/es\/#organization","name":"Aid to the Church in Need International","url":"https:\/\/acninternational.org\/es\/","logo":{"@type":"ImageObject","inLanguage":"es","@id":"https:\/\/acninternational.org\/es\/#\/schema\/logo\/image\/","url":"https:\/\/media.acninternational.org\/wp-content\/uploads\/2019\/11\/acn_logo_blackvector.svg","contentUrl":"https:\/\/media.acninternational.org\/wp-content\/uploads\/2019\/11\/acn_logo_blackvector.svg","width":232.6,"height":78,"caption":"Aid to the Church in Need International"},"image":{"@id":"https:\/\/acninternational.org\/es\/#\/schema\/logo\/image\/"},"sameAs":["https:\/\/www.facebook.com\/acninternationalorg","https:\/\/x.com\/acn_int","https:\/\/www.youtube.com\/channel\/UCQ-077gS0TnVzkhHmf1opZw","https:\/\/www.instagram.com\/acn_international\/"]},{"@type":"Person","@id":"https:\/\/acninternational.org\/es\/#\/schema\/person\/7f3dafb236b242fb2aa46be1411fd703","name":"ACN Press Team","description":"Lorem ipsum dolor sit amet, consectetur adipiscing elit, sed do eiusmod tempor incididunt ut labore et dolore magna aliqua. Ut enim ad minim veniam, quis nostrud exercitation ullamco laboris nisi ut aliquip ex ea commodo consequat.","url":"https:\/\/acninternational.org\/es\/author\/acn-press-team\/"}]}},"_links":{"self":[{"href":"https:\/\/acninternational.org\/es\/wp-json\/wp\/v2\/posts\/171404","targetHints":{"allow":["GET"]}}],"collection":[{"href":"https:\/\/acninternational.org\/es\/wp-json\/wp\/v2\/posts"}],"about":[{"href":"https:\/\/acninternational.org\/es\/wp-json\/wp\/v2\/types\/post"}],"author":[{"embeddable":true,"href":"https:\/\/acninternational.org\/es\/wp-json\/wp\/v2\/users\/4258341447"}],"replies":[{"embeddable":true,"href":"https:\/\/acninternational.org\/es\/wp-json\/wp\/v2\/comments?post=171404"}],"version-history":[{"count":0,"href":"https:\/\/acninternational.org\/es\/wp-json\/wp\/v2\/posts\/171404\/revisions"}],"wp:featuredmedia":[{"embeddable":true,"href":"https:\/\/acninternational.org\/es\/wp-json\/wp\/v2\/media\/171396"}],"wp:attachment":[{"href":"https:\/\/acninternational.org\/es\/wp-json\/wp\/v2\/media?parent=171404"}],"wp:term":[{"taxonomy":"category","embeddable":true,"href":"https:\/\/acninternational.org\/es\/wp-json\/wp\/v2\/categories?post=171404"},{"taxonomy":"post_tag","embeddable":true,"href":"https:\/\/acninternational.org\/es\/wp-json\/wp\/v2\/tags?post=171404"},{"taxonomy":"country","embeddable":true,"href":"https:\/\/acninternational.org\/es\/wp-json\/wp\/v2\/country?post=171404"}],"curies":[{"name":"wp","href":"https:\/\/api.w.org\/{rel}","templated":true}]}}