{"id":169128,"date":"2022-04-11T09:43:32","date_gmt":"2022-04-11T07:43:32","guid":{"rendered":"https:\/\/acninternational.org\/?p=169128"},"modified":"2022-04-11T09:51:14","modified_gmt":"2022-04-11T07:51:14","slug":"misioneras-carmelitas-en-burundi","status":"publish","type":"post","link":"https:\/\/acninternational.org\/es\/misioneras-carmelitas-en-burundi\/","title":{"rendered":"Misioneras carmelitas en Burundi: \u201cmadres\u201d de la reconciliaci\u00f3n"},"content":{"rendered":"<p><em>Burundi, uno de los pa\u00edses m\u00e1s peque\u00f1os de \u00c1frica, ha sufrido una crisis social y pol\u00edtica que estall\u00f3 en el 2015. Un pa\u00eds con 94% de poblaci\u00f3n cristiana ha sido atendido en estas dificultades por varias comunidades religiosas. <\/em><em>Aid to the Church in Need (ACN) entrevista a las religiosas misioneras carmelitas en Burundi a quienes la poblaci\u00f3n llama \u201cmadres\u201d por la manera como han acogido a la poblaci\u00f3n y los han ayudado en el proceso de reconciliaci\u00f3n. \u00a0<\/em><\/p>\n<p><strong>\u00bfC\u00f3mo fue la llegada de las primeras hermanas de su comunidad al pa\u00eds?<\/strong><\/p>\n<p>Al principio, en 1973, llegaron cuatro hermanas, todas polacas. La situaci\u00f3n era de mucha pobreza. El \u00fanico dispensario que hab\u00eda era el de las hermanas. Al inicio fue muy dif\u00edcil para ellas porque no hablaban el idioma, el kirundi. Afortunadamente, las hermanas fueron bien recibidas, puesto que fueron aceptadas por la autoridad local. La poblaci\u00f3n tiene mucho respeto por la autoridad. As\u00ed que, si los gobernantes de la zona aceptaban a las hermanas, entonces la poblaci\u00f3n sab\u00eda que la presencia de las misioneras ser\u00eda para su bien. La capilla que ten\u00edamos fue el principal punto de encuentro con los habitantes del lugar. Aunque las hermanas no hablaban bien el kirundi, las personas iban a la capilla a estar con ellas, y as\u00ed se entablaron las primeras relaciones. Actualmente, con la bendici\u00f3n de Dios, la comunidad cuenta con cinco casas en Burundi. Hoy nos damos cuenta de que este pa\u00eds nos necesita, y que ac\u00e1 tenemos que estar, apoyando a tanta gente que sufre y padece necesidades.<\/p>\n<p><strong>\u00bfRecuerda alguna an\u00e9cdota de alguna de las hermanas en esos primeros a\u00f1os en Burundi?<\/strong><\/p>\n<p>Una de las hermanas polacas que estaban al inicio, ayud\u00f3 a dar a luz a una mujer embarazada que estaba en grave estado de salud. El beb\u00e9 naci\u00f3, pero desafortunadamente la madre falleci\u00f3. De manera que la hermana se hizo cargo del reci\u00e9n nacido. El beb\u00e9, de parto prematuro, necesitaba, por tanto, una incubadora. A dos d\u00edas de camino del hospital m\u00e1s cercano y dadas las pobres condiciones econ\u00f3micas de la zona, esto era imposible. No encontrando otra mejor soluci\u00f3n, la hermana que ayud\u00f3 en el parto puso al ni\u00f1o en una caja de cart\u00f3n debidamente cubierto. Y as\u00ed, lo llevaba a dondequiera que iba. Gracias a Dios, semanas despu\u00e9s, el ni\u00f1o pudo tener un desarrollo normal.<\/p>\n<p><strong>\u00bfC\u00f3mo ve la poblaci\u00f3n de Burundi a su comunidad hoy?<\/strong><\/p>\n<p>La presencia de la comunidad fue toda una revoluci\u00f3n. Todav\u00eda hoy lo sigue siendo. Las hermanas trajeron much\u00edsimos cambios. Con la presencia de las hermanas, la poblaci\u00f3n comenz\u00f3 a tener un apoyo que no ten\u00edan antes. La poblaci\u00f3n nos llama \u201cmadres\u201d. Ellos se sienten hijos que reciben consuelo, ayuda en sus necesidades y sienten que los entendemos. La reconciliaci\u00f3n entre las personas ha ido creciendo poco a poco. Con la llegada de la comunidad, se ha fortalecido la educaci\u00f3n de ni\u00f1os y j\u00f3venes. Las familias aprecian mucho la presencia de nuestra comunidad, tambi\u00e9n porque encuentran un espacio de encuentro especialmente los fines de semana. Desde el s\u00e1bado, ni\u00f1os, j\u00f3venes y adultos se congregan para la catequesis, charlas de formaci\u00f3n o preparar la Eucarist\u00eda del domingo. Algunas personas se congregan antes de la celebraci\u00f3n de la santa misa en la ma\u00f1ana del domingo, y muchas otras se quedan despu\u00e9s de la misa para compartir con las hermanas y otras familias. Dada la escasez de actividades deportivas o culturales en la regi\u00f3n, la poblaci\u00f3n encuentra muy valioso este espacio de encuentro.<\/p>\n<figure id=\"attachment_169120\" aria-describedby=\"caption-attachment-169120\" style=\"width: 670px\" class=\"wp-caption alignnone\"><img loading=\"lazy\" decoding=\"async\" class=\"wp-image-169125 size-full\" src=\"https:\/\/media.acninternational.org\/wp-content\/uploads\/2022\/04\/pequenya-5.png\" alt=\"Hermanas de la comunidad de las Carmelitas del Ni\u00f1o Jes\u00fas\" width=\"670\" height=\"400\" srcset=\"https:\/\/media.acninternational.org\/wp-content\/uploads\/2022\/04\/pequenya-5.png 670w, https:\/\/media.acninternational.org\/wp-content\/uploads\/2022\/04\/pequenya-5-300x179.png 300w\" sizes=\"auto, (max-width: 670px) 100vw, 670px\" \/><figcaption id=\"caption-attachment-169120\" class=\"wp-caption-text\">Hermanas de la comunidad de las Carmelitas del Ni\u00f1o Jes\u00fas<\/figcaption><\/figure>\n<p><strong>Su comunidad hace muchas cosas por la poblaci\u00f3n a nivel de la salud, econ\u00f3mico y educativo. Pero su comunidad es <\/strong><strong>de vida activa y contemplativa a la vez. \u00bfC\u00f3mo hacen para llevar esa vida contemplativa? <\/strong><\/p>\n<p>Nosotras estamos convencidas de que la vida contemplativa es una respuesta para la reconciliaci\u00f3n en este pa\u00eds. Sin embargo, ante tantas necesidades a las que nos enfrentamos, definitivamente el gran desaf\u00edo que tenemos es no descuidar nuestra vida de oraci\u00f3n. Durante el d\u00eda tenemos varios momentos fuertes dedicados a la oraci\u00f3n, principalmente en la ma\u00f1ana y en la noche, aunque tambi\u00e9n hacemos una pausa al mediod\u00eda para rezar juntas. La vida contemplativa sigue siendo una respuesta para la Iglesia y para el mundo. La oraci\u00f3n es para nosotras el alimento que nos permite seguir llevando la ayuda material y espiritual que las personas necesitan. Tambi\u00e9n es para nosotras un momento de renovaci\u00f3n f\u00edsica y espiritual.<\/p>\n<p>Por otro lado, somos muy cuidadosas de que todas las hermanas tengan momentos diarios, mensuales y anuales para esta renovaci\u00f3n. Y esto nos permite seguir muy activas de manera continua y esperamos seguir haci\u00e9ndolo en el futuro. Afortunadamente, este tipo de vida sigue siendo atrayente para algunas j\u00f3venes hoy en d\u00eda. En el 2021 entraron cinco nuevas aspirantes que han comenzado un proceso vocacional. De manera que confiamos que el Se\u00f1or siga bendiciendo nuestra comunidad para continuar realizando nuestra misi\u00f3n en este pa\u00eds.<\/p>\n<p><strong>\u00bfCu\u00e1les son las intenciones por las que rezan?<\/strong><\/p>\n<p>Nos mueve principalmente rezar por Burundi. Desde que llegamos, la guerra, los prisioneros, las injusticas, han sido motivo para rezar por este pa\u00eds. Rezamos tambi\u00e9n para que el Se\u00f1or siga bendiciendo nuestras obras en este lugar. En nuestras intenciones est\u00e1 el Santo Padre, los dirigentes de este pa\u00eds y por supuesto, nuestros benefactores. En los periodos m\u00e1s dif\u00edciles por los cuales ha atravesado el pa\u00eds, no hemos bajado los brazos. M\u00e1s bien, nos hemos fortalecido. Hemos seguido trabajando por la reconciliaci\u00f3n. Salimos al encuentro de las necesidades materiales de la poblaci\u00f3n, ayudando a los enfermos, acogiendo refugiados, acompa\u00f1ando en el dolor a todas estas personas. Todas esas actividades nos han motivado a intensificar nuestra oraci\u00f3n pidiendo principalmente por la reconciliaci\u00f3n en este pa\u00eds.<\/p>\n<p>Rezamos tambi\u00e9n para que en el futuro podamos seguir contando con el apoyo econ\u00f3mico que ACN nos ha brindado, pues gracias a esta ayuda hemos sacado adelante diferentes proyectos para brindar atenci\u00f3n a la poblaci\u00f3n. Oramos para que las hermanas que se est\u00e1n formando, puedan terminar sus estudios. Una de ellas estudia para ser m\u00e9dico, otras dos para ser enfermeras, una para ser educadora y esperamos que otra hermana pueda recibir formaci\u00f3n en la espiritualidad carmelitana, que es el fundamento de nuestra oraci\u00f3n.<\/p>\n<p><em>Las religiosas carmelitas del Ni\u00f1o Jes\u00fas reciben apoyo de la fundaci\u00f3n internacional Aid to the Church in Need (ACN) para continuar sus labores apost\u00f3licas con la construcci\u00f3n de una capilla y una casa para las hermanas en Bujumbura.<\/em><\/p>\n","protected":false},"excerpt":{"rendered":"<p>La gente nos llama \u00abmadres\u00bb. Se ven como nuestros hijos, recibiendo buenos consejos y ayuda en sus necesidades, y sienten que les comprendemos.<\/p>\n","protected":false},"author":4258341447,"featured_media":169118,"comment_status":"closed","ping_status":"closed","sticky":false,"template":"","format":"standard","meta":{"_acf_changed":false,"_acn_coauthor_ids":[],"footnotes":""},"categories":[926],"tags":[],"country":[822],"class_list":["post-169128","post","type-post","status-publish","format-standard","has-post-thumbnail","hentry","category-articulo","country-burundi"],"acn_coauthors":[],"acf":[],"yoast_head":"<!-- This site is optimized with the Yoast SEO Premium plugin v27.3 (Yoast SEO v27.3) - https:\/\/yoast.com\/product\/yoast-seo-premium-wordpress\/ -->\n<title>Misioneras carmelitas en Burundi: \u201cmadres\u201d de la reconciliaci\u00f3n | ACN International<\/title>\n<meta name=\"description\" content=\"&quot;Se ven como nuestros hijos, recibiendo buenos consejos y ayuda en sus necesidades, y sienten que les comprendemos.&quot;\" \/>\n<meta name=\"robots\" content=\"index, follow, max-snippet:-1, max-image-preview:large, max-video-preview:-1\" \/>\n<link rel=\"canonical\" href=\"https:\/\/acninternational.org\/es\/misioneras-carmelitas-en-burundi\/\" \/>\n<meta property=\"og:locale\" content=\"es_ES\" \/>\n<meta property=\"og:type\" content=\"article\" \/>\n<meta property=\"og:title\" content=\"Misioneras carmelitas en Burundi: \u201cmadres\u201d de la reconciliaci\u00f3n\" \/>\n<meta property=\"og:description\" content=\"&quot;Se ven como nuestros hijos, recibiendo buenos consejos y ayuda en sus necesidades, y sienten que les comprendemos.&quot;\" \/>\n<meta property=\"og:url\" content=\"https:\/\/acninternational.org\/es\/misioneras-carmelitas-en-burundi\/\" \/>\n<meta property=\"og:site_name\" content=\"ACN International\" \/>\n<meta property=\"article:publisher\" content=\"https:\/\/www.facebook.com\/acninternationalorg\" \/>\n<meta property=\"article:published_time\" content=\"2022-04-11T07:43:32+00:00\" \/>\n<meta property=\"article:modified_time\" content=\"2022-04-11T07:51:14+00:00\" \/>\n<meta property=\"og:image\" content=\"https:\/\/media.acninternational.org\/wp-content\/uploads\/2022\/04\/heading-6.png\" \/>\n\t<meta property=\"og:image:width\" content=\"2000\" \/>\n\t<meta property=\"og:image:height\" content=\"625\" \/>\n\t<meta property=\"og:image:type\" content=\"image\/png\" \/>\n<meta name=\"author\" content=\"ACN Press Team\" \/>\n<meta name=\"twitter:card\" content=\"summary_large_image\" \/>\n<meta name=\"twitter:creator\" content=\"@acn_int\" \/>\n<meta name=\"twitter:site\" content=\"@acn_int\" \/>\n<meta name=\"twitter:label1\" content=\"Escrito por\" \/>\n\t<meta name=\"twitter:data1\" content=\"ACN Press Team\" \/>\n\t<meta name=\"twitter:label2\" content=\"Tiempo de lectura\" \/>\n\t<meta name=\"twitter:data2\" content=\"6 minutos\" \/>\n<script type=\"application\/ld+json\" class=\"yoast-schema-graph\">{\"@context\":\"https:\\\/\\\/schema.org\",\"@graph\":[{\"@type\":\"Article\",\"@id\":\"https:\\\/\\\/acninternational.org\\\/es\\\/misioneras-carmelitas-en-burundi\\\/#article\",\"isPartOf\":{\"@id\":\"https:\\\/\\\/acninternational.org\\\/es\\\/misioneras-carmelitas-en-burundi\\\/\"},\"author\":{\"name\":\"ACN Press Team\",\"@id\":\"https:\\\/\\\/acninternational.org\\\/es\\\/#\\\/schema\\\/person\\\/7f3dafb236b242fb2aa46be1411fd703\"},\"headline\":\"Misioneras carmelitas en Burundi: \u201cmadres\u201d de la reconciliaci\u00f3n\",\"datePublished\":\"2022-04-11T07:43:32+00:00\",\"dateModified\":\"2022-04-11T07:51:14+00:00\",\"mainEntityOfPage\":{\"@id\":\"https:\\\/\\\/acninternational.org\\\/es\\\/misioneras-carmelitas-en-burundi\\\/\"},\"wordCount\":1191,\"publisher\":{\"@id\":\"https:\\\/\\\/acninternational.org\\\/es\\\/#organization\"},\"image\":{\"@id\":\"https:\\\/\\\/acninternational.org\\\/es\\\/misioneras-carmelitas-en-burundi\\\/#primaryimage\"},\"thumbnailUrl\":\"https:\\\/\\\/media.acninternational.org\\\/wp-content\\\/uploads\\\/2022\\\/04\\\/heading-6.png\",\"articleSection\":[\"ART\u00cdCULO\"],\"inLanguage\":\"es\"},{\"@type\":\"WebPage\",\"@id\":\"https:\\\/\\\/acninternational.org\\\/es\\\/misioneras-carmelitas-en-burundi\\\/\",\"url\":\"https:\\\/\\\/acninternational.org\\\/es\\\/misioneras-carmelitas-en-burundi\\\/\",\"name\":\"Misioneras carmelitas en Burundi: \u201cmadres\u201d de la reconciliaci\u00f3n | ACN International\",\"isPartOf\":{\"@id\":\"https:\\\/\\\/acninternational.org\\\/es\\\/#website\"},\"primaryImageOfPage\":{\"@id\":\"https:\\\/\\\/acninternational.org\\\/es\\\/misioneras-carmelitas-en-burundi\\\/#primaryimage\"},\"image\":{\"@id\":\"https:\\\/\\\/acninternational.org\\\/es\\\/misioneras-carmelitas-en-burundi\\\/#primaryimage\"},\"thumbnailUrl\":\"https:\\\/\\\/media.acninternational.org\\\/wp-content\\\/uploads\\\/2022\\\/04\\\/heading-6.png\",\"datePublished\":\"2022-04-11T07:43:32+00:00\",\"dateModified\":\"2022-04-11T07:51:14+00:00\",\"description\":\"\\\"Se ven como nuestros hijos, recibiendo buenos consejos y ayuda en sus necesidades, y sienten que les comprendemos.\\\"\",\"breadcrumb\":{\"@id\":\"https:\\\/\\\/acninternational.org\\\/es\\\/misioneras-carmelitas-en-burundi\\\/#breadcrumb\"},\"inLanguage\":\"es\",\"potentialAction\":[{\"@type\":\"ReadAction\",\"target\":[\"https:\\\/\\\/acninternational.org\\\/es\\\/misioneras-carmelitas-en-burundi\\\/\"]}]},{\"@type\":\"ImageObject\",\"inLanguage\":\"es\",\"@id\":\"https:\\\/\\\/acninternational.org\\\/es\\\/misioneras-carmelitas-en-burundi\\\/#primaryimage\",\"url\":\"https:\\\/\\\/media.acninternational.org\\\/wp-content\\\/uploads\\\/2022\\\/04\\\/heading-6.png\",\"contentUrl\":\"https:\\\/\\\/media.acninternational.org\\\/wp-content\\\/uploads\\\/2022\\\/04\\\/heading-6.png\",\"width\":2000,\"height\":625,\"caption\":\"Ni\u00f1os en el aula de la escuela de las Hermanas Carmelitas del Ni\u00f1o Jes\u00fas\"},{\"@type\":\"BreadcrumbList\",\"@id\":\"https:\\\/\\\/acninternational.org\\\/es\\\/misioneras-carmelitas-en-burundi\\\/#breadcrumb\",\"itemListElement\":[{\"@type\":\"ListItem\",\"position\":1,\"name\":\"Home\",\"item\":\"https:\\\/\\\/acninternational.org\\\/es\\\/\"},{\"@type\":\"ListItem\",\"position\":2,\"name\":\"ART\u00cdCULO\",\"item\":\"https:\\\/\\\/acninternational.org\\\/es\\\/category\\\/articulo\\\/\"},{\"@type\":\"ListItem\",\"position\":3,\"name\":\"Misioneras carmelitas en Burundi: \u201cmadres\u201d de la reconciliaci\u00f3n\"}]},{\"@type\":\"WebSite\",\"@id\":\"https:\\\/\\\/acninternational.org\\\/es\\\/#website\",\"url\":\"https:\\\/\\\/acninternational.org\\\/es\\\/\",\"name\":\"ACN International\",\"description\":\"\",\"publisher\":{\"@id\":\"https:\\\/\\\/acninternational.org\\\/es\\\/#organization\"},\"potentialAction\":[{\"@type\":\"SearchAction\",\"target\":{\"@type\":\"EntryPoint\",\"urlTemplate\":\"https:\\\/\\\/acninternational.org\\\/es\\\/?s={search_term_string}\"},\"query-input\":{\"@type\":\"PropertyValueSpecification\",\"valueRequired\":true,\"valueName\":\"search_term_string\"}}],\"inLanguage\":\"es\"},{\"@type\":\"Organization\",\"@id\":\"https:\\\/\\\/acninternational.org\\\/es\\\/#organization\",\"name\":\"Aid to the Church in Need International\",\"url\":\"https:\\\/\\\/acninternational.org\\\/es\\\/\",\"logo\":{\"@type\":\"ImageObject\",\"inLanguage\":\"es\",\"@id\":\"https:\\\/\\\/acninternational.org\\\/es\\\/#\\\/schema\\\/logo\\\/image\\\/\",\"url\":\"https:\\\/\\\/media.acninternational.org\\\/wp-content\\\/uploads\\\/2019\\\/11\\\/acn_logo_blackvector.svg\",\"contentUrl\":\"https:\\\/\\\/media.acninternational.org\\\/wp-content\\\/uploads\\\/2019\\\/11\\\/acn_logo_blackvector.svg\",\"width\":232.6,\"height\":78,\"caption\":\"Aid to the Church in Need International\"},\"image\":{\"@id\":\"https:\\\/\\\/acninternational.org\\\/es\\\/#\\\/schema\\\/logo\\\/image\\\/\"},\"sameAs\":[\"https:\\\/\\\/www.facebook.com\\\/acninternationalorg\",\"https:\\\/\\\/x.com\\\/acn_int\",\"https:\\\/\\\/www.youtube.com\\\/channel\\\/UCQ-077gS0TnVzkhHmf1opZw\",\"https:\\\/\\\/www.instagram.com\\\/acn_international\\\/\"]},{\"@type\":\"Person\",\"@id\":\"https:\\\/\\\/acninternational.org\\\/es\\\/#\\\/schema\\\/person\\\/7f3dafb236b242fb2aa46be1411fd703\",\"name\":\"ACN Press Team\",\"description\":\"Lorem ipsum dolor sit amet, consectetur adipiscing elit, sed do eiusmod tempor incididunt ut labore et dolore magna aliqua. Ut enim ad minim veniam, quis nostrud exercitation ullamco laboris nisi ut aliquip ex ea commodo consequat.\",\"url\":\"https:\\\/\\\/acninternational.org\\\/es\\\/author\\\/acn-press-team\\\/\"}]}<\/script>\n<!-- \/ Yoast SEO Premium plugin. -->","yoast_head_json":{"title":"Misioneras carmelitas en Burundi: \u201cmadres\u201d de la reconciliaci\u00f3n | ACN International","description":"\"Se ven como nuestros hijos, recibiendo buenos consejos y ayuda en sus necesidades, y sienten que les comprendemos.\"","robots":{"index":"index","follow":"follow","max-snippet":"max-snippet:-1","max-image-preview":"max-image-preview:large","max-video-preview":"max-video-preview:-1"},"canonical":"https:\/\/acninternational.org\/es\/misioneras-carmelitas-en-burundi\/","og_locale":"es_ES","og_type":"article","og_title":"Misioneras carmelitas en Burundi: \u201cmadres\u201d de la reconciliaci\u00f3n","og_description":"\"Se ven como nuestros hijos, recibiendo buenos consejos y ayuda en sus necesidades, y sienten que les comprendemos.\"","og_url":"https:\/\/acninternational.org\/es\/misioneras-carmelitas-en-burundi\/","og_site_name":"ACN International","article_publisher":"https:\/\/www.facebook.com\/acninternationalorg","article_published_time":"2022-04-11T07:43:32+00:00","article_modified_time":"2022-04-11T07:51:14+00:00","og_image":[{"width":2000,"height":625,"url":"https:\/\/media.acninternational.org\/wp-content\/uploads\/2022\/04\/heading-6.png","type":"image\/png"}],"author":"ACN Press Team","twitter_card":"summary_large_image","twitter_creator":"@acn_int","twitter_site":"@acn_int","twitter_misc":{"Escrito por":"ACN Press Team","Tiempo de lectura":"6 minutos"},"schema":{"@context":"https:\/\/schema.org","@graph":[{"@type":"Article","@id":"https:\/\/acninternational.org\/es\/misioneras-carmelitas-en-burundi\/#article","isPartOf":{"@id":"https:\/\/acninternational.org\/es\/misioneras-carmelitas-en-burundi\/"},"author":{"name":"ACN Press Team","@id":"https:\/\/acninternational.org\/es\/#\/schema\/person\/7f3dafb236b242fb2aa46be1411fd703"},"headline":"Misioneras carmelitas en Burundi: \u201cmadres\u201d de la reconciliaci\u00f3n","datePublished":"2022-04-11T07:43:32+00:00","dateModified":"2022-04-11T07:51:14+00:00","mainEntityOfPage":{"@id":"https:\/\/acninternational.org\/es\/misioneras-carmelitas-en-burundi\/"},"wordCount":1191,"publisher":{"@id":"https:\/\/acninternational.org\/es\/#organization"},"image":{"@id":"https:\/\/acninternational.org\/es\/misioneras-carmelitas-en-burundi\/#primaryimage"},"thumbnailUrl":"https:\/\/media.acninternational.org\/wp-content\/uploads\/2022\/04\/heading-6.png","articleSection":["ART\u00cdCULO"],"inLanguage":"es"},{"@type":"WebPage","@id":"https:\/\/acninternational.org\/es\/misioneras-carmelitas-en-burundi\/","url":"https:\/\/acninternational.org\/es\/misioneras-carmelitas-en-burundi\/","name":"Misioneras carmelitas en Burundi: \u201cmadres\u201d de la reconciliaci\u00f3n | ACN International","isPartOf":{"@id":"https:\/\/acninternational.org\/es\/#website"},"primaryImageOfPage":{"@id":"https:\/\/acninternational.org\/es\/misioneras-carmelitas-en-burundi\/#primaryimage"},"image":{"@id":"https:\/\/acninternational.org\/es\/misioneras-carmelitas-en-burundi\/#primaryimage"},"thumbnailUrl":"https:\/\/media.acninternational.org\/wp-content\/uploads\/2022\/04\/heading-6.png","datePublished":"2022-04-11T07:43:32+00:00","dateModified":"2022-04-11T07:51:14+00:00","description":"\"Se ven como nuestros hijos, recibiendo buenos consejos y ayuda en sus necesidades, y sienten que les comprendemos.\"","breadcrumb":{"@id":"https:\/\/acninternational.org\/es\/misioneras-carmelitas-en-burundi\/#breadcrumb"},"inLanguage":"es","potentialAction":[{"@type":"ReadAction","target":["https:\/\/acninternational.org\/es\/misioneras-carmelitas-en-burundi\/"]}]},{"@type":"ImageObject","inLanguage":"es","@id":"https:\/\/acninternational.org\/es\/misioneras-carmelitas-en-burundi\/#primaryimage","url":"https:\/\/media.acninternational.org\/wp-content\/uploads\/2022\/04\/heading-6.png","contentUrl":"https:\/\/media.acninternational.org\/wp-content\/uploads\/2022\/04\/heading-6.png","width":2000,"height":625,"caption":"Ni\u00f1os en el aula de la escuela de las Hermanas Carmelitas del Ni\u00f1o Jes\u00fas"},{"@type":"BreadcrumbList","@id":"https:\/\/acninternational.org\/es\/misioneras-carmelitas-en-burundi\/#breadcrumb","itemListElement":[{"@type":"ListItem","position":1,"name":"Home","item":"https:\/\/acninternational.org\/es\/"},{"@type":"ListItem","position":2,"name":"ART\u00cdCULO","item":"https:\/\/acninternational.org\/es\/category\/articulo\/"},{"@type":"ListItem","position":3,"name":"Misioneras carmelitas en Burundi: \u201cmadres\u201d de la reconciliaci\u00f3n"}]},{"@type":"WebSite","@id":"https:\/\/acninternational.org\/es\/#website","url":"https:\/\/acninternational.org\/es\/","name":"ACN International","description":"","publisher":{"@id":"https:\/\/acninternational.org\/es\/#organization"},"potentialAction":[{"@type":"SearchAction","target":{"@type":"EntryPoint","urlTemplate":"https:\/\/acninternational.org\/es\/?s={search_term_string}"},"query-input":{"@type":"PropertyValueSpecification","valueRequired":true,"valueName":"search_term_string"}}],"inLanguage":"es"},{"@type":"Organization","@id":"https:\/\/acninternational.org\/es\/#organization","name":"Aid to the Church in Need International","url":"https:\/\/acninternational.org\/es\/","logo":{"@type":"ImageObject","inLanguage":"es","@id":"https:\/\/acninternational.org\/es\/#\/schema\/logo\/image\/","url":"https:\/\/media.acninternational.org\/wp-content\/uploads\/2019\/11\/acn_logo_blackvector.svg","contentUrl":"https:\/\/media.acninternational.org\/wp-content\/uploads\/2019\/11\/acn_logo_blackvector.svg","width":232.6,"height":78,"caption":"Aid to the Church in Need International"},"image":{"@id":"https:\/\/acninternational.org\/es\/#\/schema\/logo\/image\/"},"sameAs":["https:\/\/www.facebook.com\/acninternationalorg","https:\/\/x.com\/acn_int","https:\/\/www.youtube.com\/channel\/UCQ-077gS0TnVzkhHmf1opZw","https:\/\/www.instagram.com\/acn_international\/"]},{"@type":"Person","@id":"https:\/\/acninternational.org\/es\/#\/schema\/person\/7f3dafb236b242fb2aa46be1411fd703","name":"ACN Press Team","description":"Lorem ipsum dolor sit amet, consectetur adipiscing elit, sed do eiusmod tempor incididunt ut labore et dolore magna aliqua. Ut enim ad minim veniam, quis nostrud exercitation ullamco laboris nisi ut aliquip ex ea commodo consequat.","url":"https:\/\/acninternational.org\/es\/author\/acn-press-team\/"}]}},"_links":{"self":[{"href":"https:\/\/acninternational.org\/es\/wp-json\/wp\/v2\/posts\/169128","targetHints":{"allow":["GET"]}}],"collection":[{"href":"https:\/\/acninternational.org\/es\/wp-json\/wp\/v2\/posts"}],"about":[{"href":"https:\/\/acninternational.org\/es\/wp-json\/wp\/v2\/types\/post"}],"author":[{"embeddable":true,"href":"https:\/\/acninternational.org\/es\/wp-json\/wp\/v2\/users\/4258341447"}],"replies":[{"embeddable":true,"href":"https:\/\/acninternational.org\/es\/wp-json\/wp\/v2\/comments?post=169128"}],"version-history":[{"count":0,"href":"https:\/\/acninternational.org\/es\/wp-json\/wp\/v2\/posts\/169128\/revisions"}],"wp:featuredmedia":[{"embeddable":true,"href":"https:\/\/acninternational.org\/es\/wp-json\/wp\/v2\/media\/169118"}],"wp:attachment":[{"href":"https:\/\/acninternational.org\/es\/wp-json\/wp\/v2\/media?parent=169128"}],"wp:term":[{"taxonomy":"category","embeddable":true,"href":"https:\/\/acninternational.org\/es\/wp-json\/wp\/v2\/categories?post=169128"},{"taxonomy":"post_tag","embeddable":true,"href":"https:\/\/acninternational.org\/es\/wp-json\/wp\/v2\/tags?post=169128"},{"taxonomy":"country","embeddable":true,"href":"https:\/\/acninternational.org\/es\/wp-json\/wp\/v2\/country?post=169128"}],"curies":[{"name":"wp","href":"https:\/\/api.w.org\/{rel}","templated":true}]}}