{"id":167261,"date":"2022-03-01T15:36:18","date_gmt":"2022-03-01T14:36:18","guid":{"rendered":"https:\/\/acninternational.org\/?p=167261"},"modified":"2022-03-02T11:31:22","modified_gmt":"2022-03-02T10:31:22","slug":"acn-pide-a-religiosos-contemplativos-que-se-unan-a-la-jornada-de-oracion-por-la-paz-en-ucrania","status":"publish","type":"post","link":"https:\/\/acninternational.org\/es\/acn-pide-a-religiosos-contemplativos-que-se-unan-a-la-jornada-de-oracion-por-la-paz-en-ucrania\/","title":{"rendered":"ACN pide a religiosos contemplativos que se unan a la jornada de oraci\u00f3n por la paz en Ucrania"},"content":{"rendered":"<p><em>Congregaciones religiosas de todo el mundo han enviado mensajes de apoyo a ACN, asegurando sus oraciones y su unidad con la petici\u00f3n del Papa Francisco. Los mensajes m\u00e1s emotivos provienen de aquellos han vivido en carne propia los horrores de la guerra. <\/em><\/p>\n<p>&nbsp;<\/p>\n<p><img loading=\"lazy\" decoding=\"async\" class=\"aligncenter size-large wp-image-167314\" src=\"https:\/\/media.acninternational.org\/wp-content\/uploads\/2022\/03\/ACN-20210809-115660-1024x576.jpeg\" alt=\"\" width=\"800\" height=\"450\" srcset=\"https:\/\/media.acninternational.org\/wp-content\/uploads\/2022\/03\/ACN-20210809-115660-1024x576.jpeg 1024w, https:\/\/media.acninternational.org\/wp-content\/uploads\/2022\/03\/ACN-20210809-115660-300x169.jpeg 300w, https:\/\/media.acninternational.org\/wp-content\/uploads\/2022\/03\/ACN-20210809-115660-768x432.jpeg 768w, https:\/\/media.acninternational.org\/wp-content\/uploads\/2022\/03\/ACN-20210809-115660.jpeg 1280w\" sizes=\"auto, (max-width: 800px) 100vw, 800px\" \/><\/p>\n<p>La fundaci\u00f3n pontificia internacional <em>Aid to the Church in Need<\/em> (ACN) ha hecho un llamamiento a las \u00f3rdenes religiosas contemplativas de todo el mundo para que se unan el 2 de marzo, Mi\u00e9rcoles de Ceniza, a la jornada de oraci\u00f3n por la paz en Ucrania.<\/p>\n<p>El Papa Francisco hizo su invitaci\u00f3n a esta jornada especial de oraci\u00f3n durante la audiencia general del 23 de febrero, en Roma, un d\u00eda antes de que las tropas rusas invadieran el territorio ucraniano.<\/p>\n<p>Muchas comunidades religiosas contemplativas han respondido a ACN, asegurando que ya est\u00e1n rezando por Ucrania y expresando su gratitud al Papa Francisco por haber lanzado este llamamiento.<\/p>\n<p>\u201cEstamos pendientes de los tristes acontecimientos con preocupaci\u00f3n y oraci\u00f3n, rogando al Se\u00f1or que tenga misericordia de nuestro pueblo y de todo el mundo. Con la Covid-19, no necesitamos otra guerra\u201d, dice el mensaje de una comunidad de Clarisas de Zambia.<\/p>\n<p>Desde Bangladesh llegan promesas de incrementar el ayuno y el sacrificio para unirse a la petici\u00f3n de paz. \u201cHaremos todo lo que podamos para salvar la vida de la gente. Estamos ayunando dos veces por semana, y a partir del Mi\u00e9rcoles de Ceniza, durante toda la Cuaresma, desayunaremos y cenaremos de pie\u201d, escribe otra comunidad religiosa de las Clarisas Pobres.<\/p>\n<p>Algunos de los mensajes m\u00e1s emotivos proceden de comunidades que ya han experimentado los horrores de la guerra. \u201cSabemos lo que significa sufrir la violencia, tanto aqu\u00ed en Bosnia Herzegovina como en Croacia. La guerra es una experiencia horrible por la que ya hemos pasado\u201d, dicen las Carmelitas de Sarajevo, a\u00f1adiendo: \u201cPor eso estamos especialmente conmocionadas por los acontecimientos en Ucrania y pedimos fervientemente al Se\u00f1or que traiga la paz y la libertad al pueblo ucraniano\u201d.<\/p>\n<p>Un mensaje similar env\u00edan las Dominicas de Benguela, Angola. \u201cSomos angole\u00f1as y conocemos bien los horrores de la guerra, porque hemos vivido esas atrocidades y hemos sentido en carne propia sus consecuencias&#8230; hasta que lleg\u00f3 la paz. Por eso se nos rompe el coraz\u00f3n solo de pensar en el sufrimiento que est\u00e1n padeciendo esos hermanos y hermanas nuestros en estos momentos\u201d.<\/p>\n<p>ACN sigue recibiendo mensajes de apoyo de pa\u00edses como Mozambique, Brasil, India, Per\u00fa y Sri Lanka. El presidente ejecutivo de ACN, Thomas Heine-Geldern, ha expresado su gratitud a todos los que est\u00e1n participando en esta campa\u00f1a. \u201cAnte el horror de esta guerra en Ucrania, el Papa Francisco ha hecho un llamamiento al arma m\u00e1s poderosa de todas: la oraci\u00f3n. Todos estamos invitados a unirnos a este esfuerzo, pero los cat\u00f3licos sabemos que cuando se trata de la oraci\u00f3n, las comunidades contemplativas son nuestras fuerzas de \u00e9lite\u201d.<\/p>\n<p>\u201cEl hecho de que estos mensajes lleguen desde tantos pa\u00edses y continentes diferentes es un claro ejemplo de la visi\u00f3n que tiene la Iglesia de la humanidad como una familia que reza unida y vive acorde a las leyes del amor, y no del poder\u201d, concluye Heine-Geldern.<\/p>\n<p>&nbsp;<\/p>\n<p><img loading=\"lazy\" decoding=\"async\" class=\"aligncenter size-large wp-image-167320\" src=\"https:\/\/media.acninternational.org\/wp-content\/uploads\/2022\/03\/ACN-20170407-53234-1024x682.jpeg\" alt=\"\" width=\"800\" height=\"533\" srcset=\"https:\/\/media.acninternational.org\/wp-content\/uploads\/2022\/03\/ACN-20170407-53234-1024x682.jpeg 1024w, https:\/\/media.acninternational.org\/wp-content\/uploads\/2022\/03\/ACN-20170407-53234-300x200.jpeg 300w, https:\/\/media.acninternational.org\/wp-content\/uploads\/2022\/03\/ACN-20170407-53234-768x512.jpeg 768w, https:\/\/media.acninternational.org\/wp-content\/uploads\/2022\/03\/ACN-20170407-53234.jpeg 1280w\" sizes=\"auto, (max-width: 800px) 100vw, 800px\" \/><\/p>\n<p>ACN mantiene un contacto permanente con sus colaboradores sobre el terreno en Ucrania, que est\u00e1n muy agradecidos por todo el apoyo moral y material que han recibido y env\u00edan a la fundaci\u00f3n mensajes, fotos y videos que reflejan el sufrimiento \u2013 pero tambi\u00e9n la fe &#8211; de su pueblo.<\/p>\n<p>La convocatoria de una jornada de oraci\u00f3n y ayuno para el 2 de marzo es una iniciativa del Papa Francisco para toda la Iglesia Cat\u00f3lica, pero ya ha traspasado las fronteras ecum\u00e9nicas: as\u00ed, los principales Obispos de la Iglesia Anglicana, por ejemplo, ya le han expresado su apoyo.<\/p>\n","protected":false},"excerpt":{"rendered":"<p>Congregaciones religiosas de todo el mundo han enviado mensajes de apoyo a ACN, asegurando sus oraciones y su unidad con<\/p>\n","protected":false},"author":4258341447,"featured_media":167245,"comment_status":"closed","ping_status":"closed","sticky":false,"template":"","format":"standard","meta":{"_acf_changed":false,"_acn_coauthor_ids":[],"footnotes":""},"categories":[746],"tags":[],"country":[797],"class_list":["post-167261","post","type-post","status-publish","format-standard","has-post-thumbnail","hentry","category-noticias","country-ucraina"],"acn_coauthors":[],"acf":[],"yoast_head":"<!-- This site is optimized with the Yoast SEO Premium plugin v27.3 (Yoast SEO v27.3) - https:\/\/yoast.com\/product\/yoast-seo-premium-wordpress\/ -->\n<title>ACN pide a religiosos contemplativos que se unan a la jornada de oraci\u00f3n por la paz en Ucrania | ACN International<\/title>\n<meta name=\"robots\" content=\"index, follow, max-snippet:-1, max-image-preview:large, max-video-preview:-1\" \/>\n<link rel=\"canonical\" href=\"https:\/\/acninternational.org\/es\/acn-pide-a-religiosos-contemplativos-que-se-unan-a-la-jornada-de-oracion-por-la-paz-en-ucrania\/\" \/>\n<meta property=\"og:locale\" content=\"es_ES\" \/>\n<meta property=\"og:type\" content=\"article\" \/>\n<meta property=\"og:title\" content=\"ACN pide a religiosos contemplativos que se unan a la jornada de oraci\u00f3n por la paz en Ucrania\" \/>\n<meta property=\"og:description\" content=\"Congregaciones religiosas de todo el mundo han enviado mensajes de apoyo a ACN, asegurando sus oraciones y su unidad con\" \/>\n<meta property=\"og:url\" content=\"https:\/\/acninternational.org\/es\/acn-pide-a-religiosos-contemplativos-que-se-unan-a-la-jornada-de-oracion-por-la-paz-en-ucrania\/\" \/>\n<meta property=\"og:site_name\" content=\"ACN International\" \/>\n<meta property=\"article:publisher\" content=\"https:\/\/www.facebook.com\/acninternationalorg\" \/>\n<meta property=\"article:published_time\" content=\"2022-03-01T14:36:18+00:00\" \/>\n<meta property=\"article:modified_time\" content=\"2022-03-02T10:31:22+00:00\" \/>\n<meta property=\"og:image\" content=\"https:\/\/media.acninternational.org\/wp-content\/uploads\/2022\/03\/ACN-20190114-82139.jpeg\" \/>\n\t<meta property=\"og:image:width\" content=\"1280\" \/>\n\t<meta property=\"og:image:height\" content=\"700\" \/>\n\t<meta property=\"og:image:type\" content=\"image\/jpeg\" \/>\n<meta name=\"author\" content=\"ACN Press Team\" \/>\n<meta name=\"twitter:card\" content=\"summary_large_image\" \/>\n<meta name=\"twitter:creator\" content=\"@acn_int\" \/>\n<meta name=\"twitter:site\" content=\"@acn_int\" \/>\n<meta name=\"twitter:label1\" content=\"Escrito por\" \/>\n\t<meta name=\"twitter:data1\" content=\"ACN Press Team\" \/>\n\t<meta name=\"twitter:label2\" content=\"Tiempo de lectura\" \/>\n\t<meta name=\"twitter:data2\" content=\"4 minutos\" \/>\n<script type=\"application\/ld+json\" class=\"yoast-schema-graph\">{\"@context\":\"https:\\\/\\\/schema.org\",\"@graph\":[{\"@type\":\"Article\",\"@id\":\"https:\\\/\\\/acninternational.org\\\/es\\\/acn-pide-a-religiosos-contemplativos-que-se-unan-a-la-jornada-de-oracion-por-la-paz-en-ucrania\\\/#article\",\"isPartOf\":{\"@id\":\"https:\\\/\\\/acninternational.org\\\/es\\\/acn-pide-a-religiosos-contemplativos-que-se-unan-a-la-jornada-de-oracion-por-la-paz-en-ucrania\\\/\"},\"author\":{\"name\":\"ACN Press Team\",\"@id\":\"https:\\\/\\\/acninternational.org\\\/es\\\/#\\\/schema\\\/person\\\/7f3dafb236b242fb2aa46be1411fd703\"},\"headline\":\"ACN pide a religiosos contemplativos que se unan a la jornada de oraci\u00f3n por la paz en Ucrania\",\"datePublished\":\"2022-03-01T14:36:18+00:00\",\"dateModified\":\"2022-03-02T10:31:22+00:00\",\"mainEntityOfPage\":{\"@id\":\"https:\\\/\\\/acninternational.org\\\/es\\\/acn-pide-a-religiosos-contemplativos-que-se-unan-a-la-jornada-de-oracion-por-la-paz-en-ucrania\\\/\"},\"wordCount\":670,\"publisher\":{\"@id\":\"https:\\\/\\\/acninternational.org\\\/es\\\/#organization\"},\"image\":{\"@id\":\"https:\\\/\\\/acninternational.org\\\/es\\\/acn-pide-a-religiosos-contemplativos-que-se-unan-a-la-jornada-de-oracion-por-la-paz-en-ucrania\\\/#primaryimage\"},\"thumbnailUrl\":\"https:\\\/\\\/media.acninternational.org\\\/wp-content\\\/uploads\\\/2022\\\/03\\\/ACN-20190114-82139.jpeg\",\"articleSection\":[\"NOTICIAS\"],\"inLanguage\":\"es\"},{\"@type\":\"WebPage\",\"@id\":\"https:\\\/\\\/acninternational.org\\\/es\\\/acn-pide-a-religiosos-contemplativos-que-se-unan-a-la-jornada-de-oracion-por-la-paz-en-ucrania\\\/\",\"url\":\"https:\\\/\\\/acninternational.org\\\/es\\\/acn-pide-a-religiosos-contemplativos-que-se-unan-a-la-jornada-de-oracion-por-la-paz-en-ucrania\\\/\",\"name\":\"ACN pide a religiosos contemplativos que se unan a la jornada de oraci\u00f3n por la paz en Ucrania | ACN International\",\"isPartOf\":{\"@id\":\"https:\\\/\\\/acninternational.org\\\/es\\\/#website\"},\"primaryImageOfPage\":{\"@id\":\"https:\\\/\\\/acninternational.org\\\/es\\\/acn-pide-a-religiosos-contemplativos-que-se-unan-a-la-jornada-de-oracion-por-la-paz-en-ucrania\\\/#primaryimage\"},\"image\":{\"@id\":\"https:\\\/\\\/acninternational.org\\\/es\\\/acn-pide-a-religiosos-contemplativos-que-se-unan-a-la-jornada-de-oracion-por-la-paz-en-ucrania\\\/#primaryimage\"},\"thumbnailUrl\":\"https:\\\/\\\/media.acninternational.org\\\/wp-content\\\/uploads\\\/2022\\\/03\\\/ACN-20190114-82139.jpeg\",\"datePublished\":\"2022-03-01T14:36:18+00:00\",\"dateModified\":\"2022-03-02T10:31:22+00:00\",\"breadcrumb\":{\"@id\":\"https:\\\/\\\/acninternational.org\\\/es\\\/acn-pide-a-religiosos-contemplativos-que-se-unan-a-la-jornada-de-oracion-por-la-paz-en-ucrania\\\/#breadcrumb\"},\"inLanguage\":\"es\",\"potentialAction\":[{\"@type\":\"ReadAction\",\"target\":[\"https:\\\/\\\/acninternational.org\\\/es\\\/acn-pide-a-religiosos-contemplativos-que-se-unan-a-la-jornada-de-oracion-por-la-paz-en-ucrania\\\/\"]}]},{\"@type\":\"ImageObject\",\"inLanguage\":\"es\",\"@id\":\"https:\\\/\\\/acninternational.org\\\/es\\\/acn-pide-a-religiosos-contemplativos-que-se-unan-a-la-jornada-de-oracion-por-la-paz-en-ucrania\\\/#primaryimage\",\"url\":\"https:\\\/\\\/media.acninternational.org\\\/wp-content\\\/uploads\\\/2022\\\/03\\\/ACN-20190114-82139.jpeg\",\"contentUrl\":\"https:\\\/\\\/media.acninternational.org\\\/wp-content\\\/uploads\\\/2022\\\/03\\\/ACN-20190114-82139.jpeg\",\"width\":1280,\"height\":700},{\"@type\":\"BreadcrumbList\",\"@id\":\"https:\\\/\\\/acninternational.org\\\/es\\\/acn-pide-a-religiosos-contemplativos-que-se-unan-a-la-jornada-de-oracion-por-la-paz-en-ucrania\\\/#breadcrumb\",\"itemListElement\":[{\"@type\":\"ListItem\",\"position\":1,\"name\":\"Home\",\"item\":\"https:\\\/\\\/acninternational.org\\\/es\\\/\"},{\"@type\":\"ListItem\",\"position\":2,\"name\":\"NOTICIAS\",\"item\":\"https:\\\/\\\/acninternational.org\\\/es\\\/category\\\/news-es\\\/\"},{\"@type\":\"ListItem\",\"position\":3,\"name\":\"ACN pide a religiosos contemplativos que se unan a la jornada de oraci\u00f3n por la paz en Ucrania\"}]},{\"@type\":\"WebSite\",\"@id\":\"https:\\\/\\\/acninternational.org\\\/es\\\/#website\",\"url\":\"https:\\\/\\\/acninternational.org\\\/es\\\/\",\"name\":\"ACN International\",\"description\":\"\",\"publisher\":{\"@id\":\"https:\\\/\\\/acninternational.org\\\/es\\\/#organization\"},\"potentialAction\":[{\"@type\":\"SearchAction\",\"target\":{\"@type\":\"EntryPoint\",\"urlTemplate\":\"https:\\\/\\\/acninternational.org\\\/es\\\/?s={search_term_string}\"},\"query-input\":{\"@type\":\"PropertyValueSpecification\",\"valueRequired\":true,\"valueName\":\"search_term_string\"}}],\"inLanguage\":\"es\"},{\"@type\":\"Organization\",\"@id\":\"https:\\\/\\\/acninternational.org\\\/es\\\/#organization\",\"name\":\"Aid to the Church in Need International\",\"url\":\"https:\\\/\\\/acninternational.org\\\/es\\\/\",\"logo\":{\"@type\":\"ImageObject\",\"inLanguage\":\"es\",\"@id\":\"https:\\\/\\\/acninternational.org\\\/es\\\/#\\\/schema\\\/logo\\\/image\\\/\",\"url\":\"https:\\\/\\\/media.acninternational.org\\\/wp-content\\\/uploads\\\/2019\\\/11\\\/acn_logo_blackvector.svg\",\"contentUrl\":\"https:\\\/\\\/media.acninternational.org\\\/wp-content\\\/uploads\\\/2019\\\/11\\\/acn_logo_blackvector.svg\",\"width\":232.6,\"height\":78,\"caption\":\"Aid to the Church in Need International\"},\"image\":{\"@id\":\"https:\\\/\\\/acninternational.org\\\/es\\\/#\\\/schema\\\/logo\\\/image\\\/\"},\"sameAs\":[\"https:\\\/\\\/www.facebook.com\\\/acninternationalorg\",\"https:\\\/\\\/x.com\\\/acn_int\",\"https:\\\/\\\/www.youtube.com\\\/channel\\\/UCQ-077gS0TnVzkhHmf1opZw\",\"https:\\\/\\\/www.instagram.com\\\/acn_international\\\/\"]},{\"@type\":\"Person\",\"@id\":\"https:\\\/\\\/acninternational.org\\\/es\\\/#\\\/schema\\\/person\\\/7f3dafb236b242fb2aa46be1411fd703\",\"name\":\"ACN Press Team\",\"description\":\"Lorem ipsum dolor sit amet, consectetur adipiscing elit, sed do eiusmod tempor incididunt ut labore et dolore magna aliqua. Ut enim ad minim veniam, quis nostrud exercitation ullamco laboris nisi ut aliquip ex ea commodo consequat.\",\"url\":\"https:\\\/\\\/acninternational.org\\\/es\\\/author\\\/acn-press-team\\\/\"}]}<\/script>\n<!-- \/ Yoast SEO Premium plugin. -->","yoast_head_json":{"title":"ACN pide a religiosos contemplativos que se unan a la jornada de oraci\u00f3n por la paz en Ucrania | ACN International","robots":{"index":"index","follow":"follow","max-snippet":"max-snippet:-1","max-image-preview":"max-image-preview:large","max-video-preview":"max-video-preview:-1"},"canonical":"https:\/\/acninternational.org\/es\/acn-pide-a-religiosos-contemplativos-que-se-unan-a-la-jornada-de-oracion-por-la-paz-en-ucrania\/","og_locale":"es_ES","og_type":"article","og_title":"ACN pide a religiosos contemplativos que se unan a la jornada de oraci\u00f3n por la paz en Ucrania","og_description":"Congregaciones religiosas de todo el mundo han enviado mensajes de apoyo a ACN, asegurando sus oraciones y su unidad con","og_url":"https:\/\/acninternational.org\/es\/acn-pide-a-religiosos-contemplativos-que-se-unan-a-la-jornada-de-oracion-por-la-paz-en-ucrania\/","og_site_name":"ACN International","article_publisher":"https:\/\/www.facebook.com\/acninternationalorg","article_published_time":"2022-03-01T14:36:18+00:00","article_modified_time":"2022-03-02T10:31:22+00:00","og_image":[{"width":1280,"height":700,"url":"https:\/\/media.acninternational.org\/wp-content\/uploads\/2022\/03\/ACN-20190114-82139.jpeg","type":"image\/jpeg"}],"author":"ACN Press Team","twitter_card":"summary_large_image","twitter_creator":"@acn_int","twitter_site":"@acn_int","twitter_misc":{"Escrito por":"ACN Press Team","Tiempo de lectura":"4 minutos"},"schema":{"@context":"https:\/\/schema.org","@graph":[{"@type":"Article","@id":"https:\/\/acninternational.org\/es\/acn-pide-a-religiosos-contemplativos-que-se-unan-a-la-jornada-de-oracion-por-la-paz-en-ucrania\/#article","isPartOf":{"@id":"https:\/\/acninternational.org\/es\/acn-pide-a-religiosos-contemplativos-que-se-unan-a-la-jornada-de-oracion-por-la-paz-en-ucrania\/"},"author":{"name":"ACN Press Team","@id":"https:\/\/acninternational.org\/es\/#\/schema\/person\/7f3dafb236b242fb2aa46be1411fd703"},"headline":"ACN pide a religiosos contemplativos que se unan a la jornada de oraci\u00f3n por la paz en Ucrania","datePublished":"2022-03-01T14:36:18+00:00","dateModified":"2022-03-02T10:31:22+00:00","mainEntityOfPage":{"@id":"https:\/\/acninternational.org\/es\/acn-pide-a-religiosos-contemplativos-que-se-unan-a-la-jornada-de-oracion-por-la-paz-en-ucrania\/"},"wordCount":670,"publisher":{"@id":"https:\/\/acninternational.org\/es\/#organization"},"image":{"@id":"https:\/\/acninternational.org\/es\/acn-pide-a-religiosos-contemplativos-que-se-unan-a-la-jornada-de-oracion-por-la-paz-en-ucrania\/#primaryimage"},"thumbnailUrl":"https:\/\/media.acninternational.org\/wp-content\/uploads\/2022\/03\/ACN-20190114-82139.jpeg","articleSection":["NOTICIAS"],"inLanguage":"es"},{"@type":"WebPage","@id":"https:\/\/acninternational.org\/es\/acn-pide-a-religiosos-contemplativos-que-se-unan-a-la-jornada-de-oracion-por-la-paz-en-ucrania\/","url":"https:\/\/acninternational.org\/es\/acn-pide-a-religiosos-contemplativos-que-se-unan-a-la-jornada-de-oracion-por-la-paz-en-ucrania\/","name":"ACN pide a religiosos contemplativos que se unan a la jornada de oraci\u00f3n por la paz en Ucrania | ACN International","isPartOf":{"@id":"https:\/\/acninternational.org\/es\/#website"},"primaryImageOfPage":{"@id":"https:\/\/acninternational.org\/es\/acn-pide-a-religiosos-contemplativos-que-se-unan-a-la-jornada-de-oracion-por-la-paz-en-ucrania\/#primaryimage"},"image":{"@id":"https:\/\/acninternational.org\/es\/acn-pide-a-religiosos-contemplativos-que-se-unan-a-la-jornada-de-oracion-por-la-paz-en-ucrania\/#primaryimage"},"thumbnailUrl":"https:\/\/media.acninternational.org\/wp-content\/uploads\/2022\/03\/ACN-20190114-82139.jpeg","datePublished":"2022-03-01T14:36:18+00:00","dateModified":"2022-03-02T10:31:22+00:00","breadcrumb":{"@id":"https:\/\/acninternational.org\/es\/acn-pide-a-religiosos-contemplativos-que-se-unan-a-la-jornada-de-oracion-por-la-paz-en-ucrania\/#breadcrumb"},"inLanguage":"es","potentialAction":[{"@type":"ReadAction","target":["https:\/\/acninternational.org\/es\/acn-pide-a-religiosos-contemplativos-que-se-unan-a-la-jornada-de-oracion-por-la-paz-en-ucrania\/"]}]},{"@type":"ImageObject","inLanguage":"es","@id":"https:\/\/acninternational.org\/es\/acn-pide-a-religiosos-contemplativos-que-se-unan-a-la-jornada-de-oracion-por-la-paz-en-ucrania\/#primaryimage","url":"https:\/\/media.acninternational.org\/wp-content\/uploads\/2022\/03\/ACN-20190114-82139.jpeg","contentUrl":"https:\/\/media.acninternational.org\/wp-content\/uploads\/2022\/03\/ACN-20190114-82139.jpeg","width":1280,"height":700},{"@type":"BreadcrumbList","@id":"https:\/\/acninternational.org\/es\/acn-pide-a-religiosos-contemplativos-que-se-unan-a-la-jornada-de-oracion-por-la-paz-en-ucrania\/#breadcrumb","itemListElement":[{"@type":"ListItem","position":1,"name":"Home","item":"https:\/\/acninternational.org\/es\/"},{"@type":"ListItem","position":2,"name":"NOTICIAS","item":"https:\/\/acninternational.org\/es\/category\/news-es\/"},{"@type":"ListItem","position":3,"name":"ACN pide a religiosos contemplativos que se unan a la jornada de oraci\u00f3n por la paz en Ucrania"}]},{"@type":"WebSite","@id":"https:\/\/acninternational.org\/es\/#website","url":"https:\/\/acninternational.org\/es\/","name":"ACN International","description":"","publisher":{"@id":"https:\/\/acninternational.org\/es\/#organization"},"potentialAction":[{"@type":"SearchAction","target":{"@type":"EntryPoint","urlTemplate":"https:\/\/acninternational.org\/es\/?s={search_term_string}"},"query-input":{"@type":"PropertyValueSpecification","valueRequired":true,"valueName":"search_term_string"}}],"inLanguage":"es"},{"@type":"Organization","@id":"https:\/\/acninternational.org\/es\/#organization","name":"Aid to the Church in Need International","url":"https:\/\/acninternational.org\/es\/","logo":{"@type":"ImageObject","inLanguage":"es","@id":"https:\/\/acninternational.org\/es\/#\/schema\/logo\/image\/","url":"https:\/\/media.acninternational.org\/wp-content\/uploads\/2019\/11\/acn_logo_blackvector.svg","contentUrl":"https:\/\/media.acninternational.org\/wp-content\/uploads\/2019\/11\/acn_logo_blackvector.svg","width":232.6,"height":78,"caption":"Aid to the Church in Need International"},"image":{"@id":"https:\/\/acninternational.org\/es\/#\/schema\/logo\/image\/"},"sameAs":["https:\/\/www.facebook.com\/acninternationalorg","https:\/\/x.com\/acn_int","https:\/\/www.youtube.com\/channel\/UCQ-077gS0TnVzkhHmf1opZw","https:\/\/www.instagram.com\/acn_international\/"]},{"@type":"Person","@id":"https:\/\/acninternational.org\/es\/#\/schema\/person\/7f3dafb236b242fb2aa46be1411fd703","name":"ACN Press Team","description":"Lorem ipsum dolor sit amet, consectetur adipiscing elit, sed do eiusmod tempor incididunt ut labore et dolore magna aliqua. Ut enim ad minim veniam, quis nostrud exercitation ullamco laboris nisi ut aliquip ex ea commodo consequat.","url":"https:\/\/acninternational.org\/es\/author\/acn-press-team\/"}]}},"_links":{"self":[{"href":"https:\/\/acninternational.org\/es\/wp-json\/wp\/v2\/posts\/167261","targetHints":{"allow":["GET"]}}],"collection":[{"href":"https:\/\/acninternational.org\/es\/wp-json\/wp\/v2\/posts"}],"about":[{"href":"https:\/\/acninternational.org\/es\/wp-json\/wp\/v2\/types\/post"}],"author":[{"embeddable":true,"href":"https:\/\/acninternational.org\/es\/wp-json\/wp\/v2\/users\/4258341447"}],"replies":[{"embeddable":true,"href":"https:\/\/acninternational.org\/es\/wp-json\/wp\/v2\/comments?post=167261"}],"version-history":[{"count":0,"href":"https:\/\/acninternational.org\/es\/wp-json\/wp\/v2\/posts\/167261\/revisions"}],"wp:featuredmedia":[{"embeddable":true,"href":"https:\/\/acninternational.org\/es\/wp-json\/wp\/v2\/media\/167245"}],"wp:attachment":[{"href":"https:\/\/acninternational.org\/es\/wp-json\/wp\/v2\/media?parent=167261"}],"wp:term":[{"taxonomy":"category","embeddable":true,"href":"https:\/\/acninternational.org\/es\/wp-json\/wp\/v2\/categories?post=167261"},{"taxonomy":"post_tag","embeddable":true,"href":"https:\/\/acninternational.org\/es\/wp-json\/wp\/v2\/tags?post=167261"},{"taxonomy":"country","embeddable":true,"href":"https:\/\/acninternational.org\/es\/wp-json\/wp\/v2\/country?post=167261"}],"curies":[{"name":"wp","href":"https:\/\/api.w.org\/{rel}","templated":true}]}}