{"id":167222,"date":"2022-02-28T16:17:26","date_gmt":"2022-02-28T15:17:26","guid":{"rendered":"https:\/\/acninternational.org\/?p=167222"},"modified":"2022-02-28T16:17:37","modified_gmt":"2022-02-28T15:17:37","slug":"obispo-de-jarkov-a-acn-dios-os-bendiga-mi-mensaje-es-corto-porque-hay-bombardeos-todo-el-tiempo","status":"publish","type":"post","link":"https:\/\/acninternational.org\/es\/obispo-de-jarkov-a-acn-dios-os-bendiga-mi-mensaje-es-corto-porque-hay-bombardeos-todo-el-tiempo\/","title":{"rendered":"Obispo de Jarkov a ACN: \u201c\u00a1Dios os bendiga! Mi mensaje es corto porque hay bombardeos todo el tiempo.\u201d"},"content":{"rendered":"<p>El fin de semana deja un balance desgarrador en Ucrania. Las cifras oficiales del gobierno ucraniano hablan de miles de muertos, entre ellos 380 civiles, y m\u00e1s de 380.000 personas que buscan refugio en los pa\u00edses vecinos. Los combates se centraron en Kiev y J\u00e1rkov, la segunda ciudad m\u00e1s poblada de Ucrania.<\/p>\n<p><img loading=\"lazy\" decoding=\"async\" class=\"aligncenter size-large wp-image-167206\" src=\"https:\/\/media.acninternational.org\/wp-content\/uploads\/2022\/02\/ACN-20220228-124841-1024x768.jpeg\" alt=\"\" width=\"800\" height=\"600\" srcset=\"https:\/\/media.acninternational.org\/wp-content\/uploads\/2022\/02\/ACN-20220228-124841-1024x768.jpeg 1024w, https:\/\/media.acninternational.org\/wp-content\/uploads\/2022\/02\/ACN-20220228-124841-300x225.jpeg 300w, https:\/\/media.acninternational.org\/wp-content\/uploads\/2022\/02\/ACN-20220228-124841-768x576.jpeg 768w, https:\/\/media.acninternational.org\/wp-content\/uploads\/2022\/02\/ACN-20220228-124841-1536x1152.jpeg 1536w, https:\/\/media.acninternational.org\/wp-content\/uploads\/2022\/02\/ACN-20220228-124841.jpeg 1600w\" sizes=\"auto, (max-width: 800px) 100vw, 800px\" \/><\/p>\n<p>Magda Kaczmarek, responsable de los proyectos para Ucrania de la fundaci\u00f3n internacional Aid to the Church in Need (ACN), en contacto permanente con la Iglesia local, describe los acontecimientos m\u00e1s importantes de los \u00faltimos dos d\u00edas. En la ma\u00f1ana del s\u00e1bado los seminaristas de Vorzel, a las afueras de Kiev, fueron evacuados y trasladados a otra di\u00f3cesis. \u201cHay combates en esa parte de Kiev, hemos recibido im\u00e1genes que muestran los muros del seminario da\u00f1ados por piezas de artiller\u00eda y proyectiles\u201d, cuenta Kaczmarek. \u201cLas comunidades religiosas tambi\u00e9n tuvieron que tomar medidas para protegerse, pasar la noche en el s\u00f3tano, oscurecer las ventanas para no dar ninguna se\u00f1al de vida&#8230;\u201d.<\/p>\n<p>Seg\u00fan Kaczmarek, la situaci\u00f3n en J\u00e1rkov es dram\u00e1tica, donde las calles est\u00e1n vac\u00edas y la gente se esconde en s\u00f3tanos y b\u00fankeres. Mons. Pavlo Honcharuk, obispo latino de J\u00e1rkov-Zaporiyia, resiste desde hace unos d\u00edas en un bunker con varias familias, tambi\u00e9n ha buscado refugio all\u00ed el obispo ortodoxo de la misma regi\u00f3n. En medio de bombardeos incesantes Mons. Honcharuk ha mandado un mensaje de agradecimiento a la fundaci\u00f3n Aid to the Church in Need: \u201cEstamos realmente sorprendidos y muy animados por la movilizaci\u00f3n de tantas personas no solo en todas partes de Ucrania sino tambi\u00e9n en el extranjero\u2026 y quiero agradecer especialmente a los benefactores de ACN que cumplen con su llamado, a trav\u00e9s de ACN, a ser misericordiosos y mostrar su amor. Agradezco sinceramente a todos, a todo el equipo de ACN, a todos los empleados, voluntarios y benefactores\u201d.<\/p>\n<p><img loading=\"lazy\" decoding=\"async\" class=\"aligncenter size-large wp-image-167212\" src=\"https:\/\/media.acninternational.org\/wp-content\/uploads\/2022\/02\/ACN-20220228-124838-1024x768.jpeg\" alt=\"\" width=\"800\" height=\"600\" srcset=\"https:\/\/media.acninternational.org\/wp-content\/uploads\/2022\/02\/ACN-20220228-124838-1024x768.jpeg 1024w, https:\/\/media.acninternational.org\/wp-content\/uploads\/2022\/02\/ACN-20220228-124838-300x225.jpeg 300w, https:\/\/media.acninternational.org\/wp-content\/uploads\/2022\/02\/ACN-20220228-124838-768x576.jpeg 768w, https:\/\/media.acninternational.org\/wp-content\/uploads\/2022\/02\/ACN-20220228-124838-1536x1152.jpeg 1536w, https:\/\/media.acninternational.org\/wp-content\/uploads\/2022\/02\/ACN-20220228-124838.jpeg 1600w\" sizes=\"auto, (max-width: 800px) 100vw, 800px\" \/><\/p>\n<p>Mons. Honcharuk no se deja abatir por la terrible situaci\u00f3n que est\u00e1n viviendo: \u201cDeseo que esta guerra desatada termine lo antes posible. Pero a pesar de que\u00a0 el mal se ha vuelto tan poderoso, muestra cu\u00e1nto bien hay. En cierto modo, el mal que experimentamos exprime el buen jugo de la uva, y ese buen jugo es nuestra compasi\u00f3n, nuestro apoyo mutuo, nuestro amor mutuo. Esto muestra el verdadero rostro de cada uno de nosotros. \u00a1Que Dios los bendiga a todos! \u00a1Muchas gracias!\u201d Y a\u00f1ade: \u201cEl mensaje es corto porque hay bombardeos todo el tiempo y yo tambi\u00e9n estoy un poco nervioso, pero intentamos actuar con normalidad. \u00a1Dios os bendiga!\u201d.<\/p>\n<p>En otros lugares, la situaci\u00f3n se agrava por horas, como en Odessa, el puerto comercial m\u00e1s importante del pa\u00eds y situado en el estrat\u00e9gico Mar Negro. Los bombardeos a\u00e9reos y mar\u00edtimos se han repetido durante el fin de semana y se teme que arrecien las luchas. En los primeros dos d\u00edas de conflicto hab\u00eda largas colas en toda la ciudad y la falta de productos b\u00e1sicos como pan y combustible era terrible. Mons. Stanislav Shyrokoradiuk, obispo latino de Odesa, confirma que ahora est\u00e1 llegando ayuda de los pa\u00edses vecinos, \u201cpero nosotros vivimos el hoy y ahora, la situaci\u00f3n es cr\u00edtica. \u00a1Nos quedamos aqu\u00ed y pedimos oraci\u00f3n!\u201d.<\/p>\n<p>En otras partes del pa\u00eds, como en Lviv, en la frontera con Polonia y fuera de la l\u00ednea de combate, la Iglesia local sigue su labor de apoyo y ayuda a la poblaci\u00f3n ante la llegada de miles de refugiados: \u201cFinalmente, despu\u00e9s de d\u00edas duros, tengo algo de tiempo para escribir algunas palabras.Gracias a la ayuda del mundo, Ucrania resiste y creemos que sobrevivir\u00e1.Aqu\u00ed ayudamos a los refugiados.Equipamos refugios antia\u00e9reos, recibimos personas, sobre todo mujeres y ni\u00f1os, la mayor\u00eda se van al extranjero, pero tienen la oportunidad de descansar con nosotros.Y rezamos juntos.Gracias por todo\u201d, dice la Hna. Natalia, religiosa de la congregaci\u00f3n greco-cat\u00f3lica de la Sagrada Familia en Lviv.<\/p>\n<p>Por su parte Pater Justyn, padre paulino, que tuvo que desplazarse a la ciudad de Kamyanets Podilskij en el oeste de Ucrania, describ\u00eda a ACN la situaci\u00f3n: \u201cRecorrer 150 km me llev\u00f3 ocho horas. Las carreteras estaban llenas, la gente hu\u00eda hacia el oeste&#8230; atascos, colas en el camino en las tiendas, farmacias, en las gasolineras. La gente est\u00e1 asustada porque no sabe lo que va a pasar. Muchos de mis amigos me llaman y me preguntan por qu\u00e9 Ucrania tiene que soportar tanto mal. Algunos quieren confesarse, pero no puedo aceptar su confesi\u00f3n por tel\u00e9fono. Solo puedo decir \u2018reconc\u00edliate con Dios, arrepi\u00e9ntete, pide sinceramente perd\u00f3n y \u00c9l te escuchar\u00e1\u2019. Hay que orar\u00bb.<\/p>\n<p><img loading=\"lazy\" decoding=\"async\" class=\"aligncenter size-large wp-image-167218\" src=\"https:\/\/media.acninternational.org\/wp-content\/uploads\/2022\/02\/ACN-20220228-124850-766x1024.jpeg\" alt=\"\" width=\"766\" height=\"1024\" srcset=\"https:\/\/media.acninternational.org\/wp-content\/uploads\/2022\/02\/ACN-20220228-124850-766x1024.jpeg 766w, https:\/\/media.acninternational.org\/wp-content\/uploads\/2022\/02\/ACN-20220228-124850-225x300.jpeg 225w, https:\/\/media.acninternational.org\/wp-content\/uploads\/2022\/02\/ACN-20220228-124850-768x1026.jpeg 768w, https:\/\/media.acninternational.org\/wp-content\/uploads\/2022\/02\/ACN-20220228-124850.jpeg 958w\" sizes=\"auto, (max-width: 766px) 100vw, 766px\" \/><\/p>\n<p>Sin duda, uno de los m\u00e1s impresionantes testimonios que ha recibido la fundaci\u00f3n, es la foto del bautizo de un joven en la catedral de J\u00e1rkov. La imagen muestra al joven que se hab\u00eda estado preparando para el bautismo durante mucho tiempo y que pidi\u00f3 ser bautizado y recibir la Primera Comuni\u00f3n al ser movilizado para la guerra y llamado a filas.<\/p>\n<p>La movilizaci\u00f3n de hombres entre 18 y 60 a\u00f1os es una de las consecuencias m\u00e1s traum\u00e1ticas para muchas familias de todas las regiones del pa\u00eds. La encargada de proyectos de una de las eparqu\u00edas, que est\u00e1 en contacto con la fundaci\u00f3n para pedir ayuda de emergencia, acababa su email con una frase que habla por s\u00ed sola: \u201cMis dos hijos, ambos padres de familia, y mi marido han sido llamados a filas. Esta es nuestra realidad. Gracias por sus oraciones y su apoyo\u201d.<\/p>\n<p>En respuesta al estallido de la guerra en Ucrania, ACN ha aprobado un paquete de ayuda de emergencia de un mill\u00f3n de euros. Thomas Heine-Geldern, presidente ejecutivo de ACN, ha se\u00f1alado que de este dinero se beneficiar\u00e1n los sacerdotes y religiosos que trabajan en parroquias, orfanatos y residencias de ancianos, y que atienden a los refugiados de todo el pa\u00eds.<\/p>\n","protected":false},"excerpt":{"rendered":"<p>El fin de semana deja un balance desgarrador en Ucrania. Las cifras oficiales del gobierno ucraniano hablan de miles de<\/p>\n","protected":false},"author":4258341447,"featured_media":167200,"comment_status":"closed","ping_status":"closed","sticky":false,"template":"","format":"standard","meta":{"_acf_changed":false,"_acn_coauthor_ids":[],"footnotes":""},"categories":[746],"tags":[],"country":[797],"class_list":["post-167222","post","type-post","status-publish","format-standard","has-post-thumbnail","hentry","category-noticias","country-ucraina"],"acn_coauthors":[],"acf":[],"yoast_head":"<!-- This site is optimized with the Yoast SEO Premium plugin v27.3 (Yoast SEO v27.3) - https:\/\/yoast.com\/product\/yoast-seo-premium-wordpress\/ -->\n<title>Obispo de Jarkov a ACN: \u201c\u00a1Dios os bendiga! Mi mensaje es corto porque hay bombardeos todo el tiempo.\u201d | ACN International<\/title>\n<meta name=\"robots\" content=\"index, follow, max-snippet:-1, max-image-preview:large, max-video-preview:-1\" \/>\n<link rel=\"canonical\" href=\"https:\/\/acninternational.org\/es\/obispo-de-jarkov-a-acn-dios-os-bendiga-mi-mensaje-es-corto-porque-hay-bombardeos-todo-el-tiempo\/\" \/>\n<meta property=\"og:locale\" content=\"es_ES\" \/>\n<meta property=\"og:type\" content=\"article\" \/>\n<meta property=\"og:title\" content=\"Obispo de Jarkov a ACN: \u201c\u00a1Dios os bendiga! Mi mensaje es corto porque hay bombardeos todo el tiempo.\u201d\" \/>\n<meta property=\"og:description\" content=\"El fin de semana deja un balance desgarrador en Ucrania. Las cifras oficiales del gobierno ucraniano hablan de miles de\" \/>\n<meta property=\"og:url\" content=\"https:\/\/acninternational.org\/es\/obispo-de-jarkov-a-acn-dios-os-bendiga-mi-mensaje-es-corto-porque-hay-bombardeos-todo-el-tiempo\/\" \/>\n<meta property=\"og:site_name\" content=\"ACN International\" \/>\n<meta property=\"article:publisher\" content=\"https:\/\/www.facebook.com\/acninternationalorg\" \/>\n<meta property=\"article:published_time\" content=\"2022-02-28T15:17:26+00:00\" \/>\n<meta property=\"article:modified_time\" content=\"2022-02-28T15:17:37+00:00\" \/>\n<meta property=\"og:image\" content=\"https:\/\/media.acninternational.org\/wp-content\/uploads\/2022\/02\/ACN-20220228-124824.jpeg\" \/>\n\t<meta property=\"og:image:width\" content=\"1280\" \/>\n\t<meta property=\"og:image:height\" content=\"700\" \/>\n\t<meta property=\"og:image:type\" content=\"image\/jpeg\" \/>\n<meta name=\"author\" content=\"ACN Press Team\" \/>\n<meta name=\"twitter:card\" content=\"summary_large_image\" \/>\n<meta name=\"twitter:creator\" content=\"@acn_int\" \/>\n<meta name=\"twitter:site\" content=\"@acn_int\" \/>\n<meta name=\"twitter:label1\" content=\"Escrito por\" \/>\n\t<meta name=\"twitter:data1\" content=\"ACN Press Team\" \/>\n\t<meta name=\"twitter:label2\" content=\"Tiempo de lectura\" \/>\n\t<meta name=\"twitter:data2\" content=\"5 minutos\" \/>\n<script type=\"application\/ld+json\" class=\"yoast-schema-graph\">{\"@context\":\"https:\\\/\\\/schema.org\",\"@graph\":[{\"@type\":\"Article\",\"@id\":\"https:\\\/\\\/acninternational.org\\\/es\\\/obispo-de-jarkov-a-acn-dios-os-bendiga-mi-mensaje-es-corto-porque-hay-bombardeos-todo-el-tiempo\\\/#article\",\"isPartOf\":{\"@id\":\"https:\\\/\\\/acninternational.org\\\/es\\\/obispo-de-jarkov-a-acn-dios-os-bendiga-mi-mensaje-es-corto-porque-hay-bombardeos-todo-el-tiempo\\\/\"},\"author\":{\"name\":\"ACN Press Team\",\"@id\":\"https:\\\/\\\/acninternational.org\\\/es\\\/#\\\/schema\\\/person\\\/7f3dafb236b242fb2aa46be1411fd703\"},\"headline\":\"Obispo de Jarkov a ACN: \u201c\u00a1Dios os bendiga! Mi mensaje es corto porque hay bombardeos todo el tiempo.\u201d\",\"datePublished\":\"2022-02-28T15:17:26+00:00\",\"dateModified\":\"2022-02-28T15:17:37+00:00\",\"mainEntityOfPage\":{\"@id\":\"https:\\\/\\\/acninternational.org\\\/es\\\/obispo-de-jarkov-a-acn-dios-os-bendiga-mi-mensaje-es-corto-porque-hay-bombardeos-todo-el-tiempo\\\/\"},\"wordCount\":1047,\"publisher\":{\"@id\":\"https:\\\/\\\/acninternational.org\\\/es\\\/#organization\"},\"image\":{\"@id\":\"https:\\\/\\\/acninternational.org\\\/es\\\/obispo-de-jarkov-a-acn-dios-os-bendiga-mi-mensaje-es-corto-porque-hay-bombardeos-todo-el-tiempo\\\/#primaryimage\"},\"thumbnailUrl\":\"https:\\\/\\\/media.acninternational.org\\\/wp-content\\\/uploads\\\/2022\\\/02\\\/ACN-20220228-124824.jpeg\",\"articleSection\":[\"NOTICIAS\"],\"inLanguage\":\"es\"},{\"@type\":\"WebPage\",\"@id\":\"https:\\\/\\\/acninternational.org\\\/es\\\/obispo-de-jarkov-a-acn-dios-os-bendiga-mi-mensaje-es-corto-porque-hay-bombardeos-todo-el-tiempo\\\/\",\"url\":\"https:\\\/\\\/acninternational.org\\\/es\\\/obispo-de-jarkov-a-acn-dios-os-bendiga-mi-mensaje-es-corto-porque-hay-bombardeos-todo-el-tiempo\\\/\",\"name\":\"Obispo de Jarkov a ACN: \u201c\u00a1Dios os bendiga! Mi mensaje es corto porque hay bombardeos todo el tiempo.\u201d | ACN International\",\"isPartOf\":{\"@id\":\"https:\\\/\\\/acninternational.org\\\/es\\\/#website\"},\"primaryImageOfPage\":{\"@id\":\"https:\\\/\\\/acninternational.org\\\/es\\\/obispo-de-jarkov-a-acn-dios-os-bendiga-mi-mensaje-es-corto-porque-hay-bombardeos-todo-el-tiempo\\\/#primaryimage\"},\"image\":{\"@id\":\"https:\\\/\\\/acninternational.org\\\/es\\\/obispo-de-jarkov-a-acn-dios-os-bendiga-mi-mensaje-es-corto-porque-hay-bombardeos-todo-el-tiempo\\\/#primaryimage\"},\"thumbnailUrl\":\"https:\\\/\\\/media.acninternational.org\\\/wp-content\\\/uploads\\\/2022\\\/02\\\/ACN-20220228-124824.jpeg\",\"datePublished\":\"2022-02-28T15:17:26+00:00\",\"dateModified\":\"2022-02-28T15:17:37+00:00\",\"breadcrumb\":{\"@id\":\"https:\\\/\\\/acninternational.org\\\/es\\\/obispo-de-jarkov-a-acn-dios-os-bendiga-mi-mensaje-es-corto-porque-hay-bombardeos-todo-el-tiempo\\\/#breadcrumb\"},\"inLanguage\":\"es\",\"potentialAction\":[{\"@type\":\"ReadAction\",\"target\":[\"https:\\\/\\\/acninternational.org\\\/es\\\/obispo-de-jarkov-a-acn-dios-os-bendiga-mi-mensaje-es-corto-porque-hay-bombardeos-todo-el-tiempo\\\/\"]}]},{\"@type\":\"ImageObject\",\"inLanguage\":\"es\",\"@id\":\"https:\\\/\\\/acninternational.org\\\/es\\\/obispo-de-jarkov-a-acn-dios-os-bendiga-mi-mensaje-es-corto-porque-hay-bombardeos-todo-el-tiempo\\\/#primaryimage\",\"url\":\"https:\\\/\\\/media.acninternational.org\\\/wp-content\\\/uploads\\\/2022\\\/02\\\/ACN-20220228-124824.jpeg\",\"contentUrl\":\"https:\\\/\\\/media.acninternational.org\\\/wp-content\\\/uploads\\\/2022\\\/02\\\/ACN-20220228-124824.jpeg\",\"width\":1280,\"height\":700},{\"@type\":\"BreadcrumbList\",\"@id\":\"https:\\\/\\\/acninternational.org\\\/es\\\/obispo-de-jarkov-a-acn-dios-os-bendiga-mi-mensaje-es-corto-porque-hay-bombardeos-todo-el-tiempo\\\/#breadcrumb\",\"itemListElement\":[{\"@type\":\"ListItem\",\"position\":1,\"name\":\"Home\",\"item\":\"https:\\\/\\\/acninternational.org\\\/es\\\/\"},{\"@type\":\"ListItem\",\"position\":2,\"name\":\"NOTICIAS\",\"item\":\"https:\\\/\\\/acninternational.org\\\/es\\\/category\\\/news-es\\\/\"},{\"@type\":\"ListItem\",\"position\":3,\"name\":\"Obispo de Jarkov a ACN: \u201c\u00a1Dios os bendiga! Mi mensaje es corto porque hay bombardeos todo el tiempo.\u201d\"}]},{\"@type\":\"WebSite\",\"@id\":\"https:\\\/\\\/acninternational.org\\\/es\\\/#website\",\"url\":\"https:\\\/\\\/acninternational.org\\\/es\\\/\",\"name\":\"ACN International\",\"description\":\"\",\"publisher\":{\"@id\":\"https:\\\/\\\/acninternational.org\\\/es\\\/#organization\"},\"potentialAction\":[{\"@type\":\"SearchAction\",\"target\":{\"@type\":\"EntryPoint\",\"urlTemplate\":\"https:\\\/\\\/acninternational.org\\\/es\\\/?s={search_term_string}\"},\"query-input\":{\"@type\":\"PropertyValueSpecification\",\"valueRequired\":true,\"valueName\":\"search_term_string\"}}],\"inLanguage\":\"es\"},{\"@type\":\"Organization\",\"@id\":\"https:\\\/\\\/acninternational.org\\\/es\\\/#organization\",\"name\":\"Aid to the Church in Need International\",\"url\":\"https:\\\/\\\/acninternational.org\\\/es\\\/\",\"logo\":{\"@type\":\"ImageObject\",\"inLanguage\":\"es\",\"@id\":\"https:\\\/\\\/acninternational.org\\\/es\\\/#\\\/schema\\\/logo\\\/image\\\/\",\"url\":\"https:\\\/\\\/media.acninternational.org\\\/wp-content\\\/uploads\\\/2019\\\/11\\\/acn_logo_blackvector.svg\",\"contentUrl\":\"https:\\\/\\\/media.acninternational.org\\\/wp-content\\\/uploads\\\/2019\\\/11\\\/acn_logo_blackvector.svg\",\"width\":232.6,\"height\":78,\"caption\":\"Aid to the Church in Need International\"},\"image\":{\"@id\":\"https:\\\/\\\/acninternational.org\\\/es\\\/#\\\/schema\\\/logo\\\/image\\\/\"},\"sameAs\":[\"https:\\\/\\\/www.facebook.com\\\/acninternationalorg\",\"https:\\\/\\\/x.com\\\/acn_int\",\"https:\\\/\\\/www.youtube.com\\\/channel\\\/UCQ-077gS0TnVzkhHmf1opZw\",\"https:\\\/\\\/www.instagram.com\\\/acn_international\\\/\"]},{\"@type\":\"Person\",\"@id\":\"https:\\\/\\\/acninternational.org\\\/es\\\/#\\\/schema\\\/person\\\/7f3dafb236b242fb2aa46be1411fd703\",\"name\":\"ACN Press Team\",\"description\":\"Lorem ipsum dolor sit amet, consectetur adipiscing elit, sed do eiusmod tempor incididunt ut labore et dolore magna aliqua. Ut enim ad minim veniam, quis nostrud exercitation ullamco laboris nisi ut aliquip ex ea commodo consequat.\",\"url\":\"https:\\\/\\\/acninternational.org\\\/es\\\/author\\\/acn-press-team\\\/\"}]}<\/script>\n<!-- \/ Yoast SEO Premium plugin. -->","yoast_head_json":{"title":"Obispo de Jarkov a ACN: \u201c\u00a1Dios os bendiga! Mi mensaje es corto porque hay bombardeos todo el tiempo.\u201d | ACN International","robots":{"index":"index","follow":"follow","max-snippet":"max-snippet:-1","max-image-preview":"max-image-preview:large","max-video-preview":"max-video-preview:-1"},"canonical":"https:\/\/acninternational.org\/es\/obispo-de-jarkov-a-acn-dios-os-bendiga-mi-mensaje-es-corto-porque-hay-bombardeos-todo-el-tiempo\/","og_locale":"es_ES","og_type":"article","og_title":"Obispo de Jarkov a ACN: \u201c\u00a1Dios os bendiga! Mi mensaje es corto porque hay bombardeos todo el tiempo.\u201d","og_description":"El fin de semana deja un balance desgarrador en Ucrania. Las cifras oficiales del gobierno ucraniano hablan de miles de","og_url":"https:\/\/acninternational.org\/es\/obispo-de-jarkov-a-acn-dios-os-bendiga-mi-mensaje-es-corto-porque-hay-bombardeos-todo-el-tiempo\/","og_site_name":"ACN International","article_publisher":"https:\/\/www.facebook.com\/acninternationalorg","article_published_time":"2022-02-28T15:17:26+00:00","article_modified_time":"2022-02-28T15:17:37+00:00","og_image":[{"width":1280,"height":700,"url":"https:\/\/media.acninternational.org\/wp-content\/uploads\/2022\/02\/ACN-20220228-124824.jpeg","type":"image\/jpeg"}],"author":"ACN Press Team","twitter_card":"summary_large_image","twitter_creator":"@acn_int","twitter_site":"@acn_int","twitter_misc":{"Escrito por":"ACN Press Team","Tiempo de lectura":"5 minutos"},"schema":{"@context":"https:\/\/schema.org","@graph":[{"@type":"Article","@id":"https:\/\/acninternational.org\/es\/obispo-de-jarkov-a-acn-dios-os-bendiga-mi-mensaje-es-corto-porque-hay-bombardeos-todo-el-tiempo\/#article","isPartOf":{"@id":"https:\/\/acninternational.org\/es\/obispo-de-jarkov-a-acn-dios-os-bendiga-mi-mensaje-es-corto-porque-hay-bombardeos-todo-el-tiempo\/"},"author":{"name":"ACN Press Team","@id":"https:\/\/acninternational.org\/es\/#\/schema\/person\/7f3dafb236b242fb2aa46be1411fd703"},"headline":"Obispo de Jarkov a ACN: \u201c\u00a1Dios os bendiga! Mi mensaje es corto porque hay bombardeos todo el tiempo.\u201d","datePublished":"2022-02-28T15:17:26+00:00","dateModified":"2022-02-28T15:17:37+00:00","mainEntityOfPage":{"@id":"https:\/\/acninternational.org\/es\/obispo-de-jarkov-a-acn-dios-os-bendiga-mi-mensaje-es-corto-porque-hay-bombardeos-todo-el-tiempo\/"},"wordCount":1047,"publisher":{"@id":"https:\/\/acninternational.org\/es\/#organization"},"image":{"@id":"https:\/\/acninternational.org\/es\/obispo-de-jarkov-a-acn-dios-os-bendiga-mi-mensaje-es-corto-porque-hay-bombardeos-todo-el-tiempo\/#primaryimage"},"thumbnailUrl":"https:\/\/media.acninternational.org\/wp-content\/uploads\/2022\/02\/ACN-20220228-124824.jpeg","articleSection":["NOTICIAS"],"inLanguage":"es"},{"@type":"WebPage","@id":"https:\/\/acninternational.org\/es\/obispo-de-jarkov-a-acn-dios-os-bendiga-mi-mensaje-es-corto-porque-hay-bombardeos-todo-el-tiempo\/","url":"https:\/\/acninternational.org\/es\/obispo-de-jarkov-a-acn-dios-os-bendiga-mi-mensaje-es-corto-porque-hay-bombardeos-todo-el-tiempo\/","name":"Obispo de Jarkov a ACN: \u201c\u00a1Dios os bendiga! Mi mensaje es corto porque hay bombardeos todo el tiempo.\u201d | ACN International","isPartOf":{"@id":"https:\/\/acninternational.org\/es\/#website"},"primaryImageOfPage":{"@id":"https:\/\/acninternational.org\/es\/obispo-de-jarkov-a-acn-dios-os-bendiga-mi-mensaje-es-corto-porque-hay-bombardeos-todo-el-tiempo\/#primaryimage"},"image":{"@id":"https:\/\/acninternational.org\/es\/obispo-de-jarkov-a-acn-dios-os-bendiga-mi-mensaje-es-corto-porque-hay-bombardeos-todo-el-tiempo\/#primaryimage"},"thumbnailUrl":"https:\/\/media.acninternational.org\/wp-content\/uploads\/2022\/02\/ACN-20220228-124824.jpeg","datePublished":"2022-02-28T15:17:26+00:00","dateModified":"2022-02-28T15:17:37+00:00","breadcrumb":{"@id":"https:\/\/acninternational.org\/es\/obispo-de-jarkov-a-acn-dios-os-bendiga-mi-mensaje-es-corto-porque-hay-bombardeos-todo-el-tiempo\/#breadcrumb"},"inLanguage":"es","potentialAction":[{"@type":"ReadAction","target":["https:\/\/acninternational.org\/es\/obispo-de-jarkov-a-acn-dios-os-bendiga-mi-mensaje-es-corto-porque-hay-bombardeos-todo-el-tiempo\/"]}]},{"@type":"ImageObject","inLanguage":"es","@id":"https:\/\/acninternational.org\/es\/obispo-de-jarkov-a-acn-dios-os-bendiga-mi-mensaje-es-corto-porque-hay-bombardeos-todo-el-tiempo\/#primaryimage","url":"https:\/\/media.acninternational.org\/wp-content\/uploads\/2022\/02\/ACN-20220228-124824.jpeg","contentUrl":"https:\/\/media.acninternational.org\/wp-content\/uploads\/2022\/02\/ACN-20220228-124824.jpeg","width":1280,"height":700},{"@type":"BreadcrumbList","@id":"https:\/\/acninternational.org\/es\/obispo-de-jarkov-a-acn-dios-os-bendiga-mi-mensaje-es-corto-porque-hay-bombardeos-todo-el-tiempo\/#breadcrumb","itemListElement":[{"@type":"ListItem","position":1,"name":"Home","item":"https:\/\/acninternational.org\/es\/"},{"@type":"ListItem","position":2,"name":"NOTICIAS","item":"https:\/\/acninternational.org\/es\/category\/news-es\/"},{"@type":"ListItem","position":3,"name":"Obispo de Jarkov a ACN: \u201c\u00a1Dios os bendiga! Mi mensaje es corto porque hay bombardeos todo el tiempo.\u201d"}]},{"@type":"WebSite","@id":"https:\/\/acninternational.org\/es\/#website","url":"https:\/\/acninternational.org\/es\/","name":"ACN International","description":"","publisher":{"@id":"https:\/\/acninternational.org\/es\/#organization"},"potentialAction":[{"@type":"SearchAction","target":{"@type":"EntryPoint","urlTemplate":"https:\/\/acninternational.org\/es\/?s={search_term_string}"},"query-input":{"@type":"PropertyValueSpecification","valueRequired":true,"valueName":"search_term_string"}}],"inLanguage":"es"},{"@type":"Organization","@id":"https:\/\/acninternational.org\/es\/#organization","name":"Aid to the Church in Need International","url":"https:\/\/acninternational.org\/es\/","logo":{"@type":"ImageObject","inLanguage":"es","@id":"https:\/\/acninternational.org\/es\/#\/schema\/logo\/image\/","url":"https:\/\/media.acninternational.org\/wp-content\/uploads\/2019\/11\/acn_logo_blackvector.svg","contentUrl":"https:\/\/media.acninternational.org\/wp-content\/uploads\/2019\/11\/acn_logo_blackvector.svg","width":232.6,"height":78,"caption":"Aid to the Church in Need International"},"image":{"@id":"https:\/\/acninternational.org\/es\/#\/schema\/logo\/image\/"},"sameAs":["https:\/\/www.facebook.com\/acninternationalorg","https:\/\/x.com\/acn_int","https:\/\/www.youtube.com\/channel\/UCQ-077gS0TnVzkhHmf1opZw","https:\/\/www.instagram.com\/acn_international\/"]},{"@type":"Person","@id":"https:\/\/acninternational.org\/es\/#\/schema\/person\/7f3dafb236b242fb2aa46be1411fd703","name":"ACN Press Team","description":"Lorem ipsum dolor sit amet, consectetur adipiscing elit, sed do eiusmod tempor incididunt ut labore et dolore magna aliqua. Ut enim ad minim veniam, quis nostrud exercitation ullamco laboris nisi ut aliquip ex ea commodo consequat.","url":"https:\/\/acninternational.org\/es\/author\/acn-press-team\/"}]}},"_links":{"self":[{"href":"https:\/\/acninternational.org\/es\/wp-json\/wp\/v2\/posts\/167222","targetHints":{"allow":["GET"]}}],"collection":[{"href":"https:\/\/acninternational.org\/es\/wp-json\/wp\/v2\/posts"}],"about":[{"href":"https:\/\/acninternational.org\/es\/wp-json\/wp\/v2\/types\/post"}],"author":[{"embeddable":true,"href":"https:\/\/acninternational.org\/es\/wp-json\/wp\/v2\/users\/4258341447"}],"replies":[{"embeddable":true,"href":"https:\/\/acninternational.org\/es\/wp-json\/wp\/v2\/comments?post=167222"}],"version-history":[{"count":0,"href":"https:\/\/acninternational.org\/es\/wp-json\/wp\/v2\/posts\/167222\/revisions"}],"wp:featuredmedia":[{"embeddable":true,"href":"https:\/\/acninternational.org\/es\/wp-json\/wp\/v2\/media\/167200"}],"wp:attachment":[{"href":"https:\/\/acninternational.org\/es\/wp-json\/wp\/v2\/media?parent=167222"}],"wp:term":[{"taxonomy":"category","embeddable":true,"href":"https:\/\/acninternational.org\/es\/wp-json\/wp\/v2\/categories?post=167222"},{"taxonomy":"post_tag","embeddable":true,"href":"https:\/\/acninternational.org\/es\/wp-json\/wp\/v2\/tags?post=167222"},{"taxonomy":"country","embeddable":true,"href":"https:\/\/acninternational.org\/es\/wp-json\/wp\/v2\/country?post=167222"}],"curies":[{"name":"wp","href":"https:\/\/api.w.org\/{rel}","templated":true}]}}