{"id":166683,"date":"2022-02-08T03:00:30","date_gmt":"2022-02-08T02:00:30","guid":{"rendered":"https:\/\/acninternational.org\/?p=166683"},"modified":"2022-02-07T16:18:52","modified_gmt":"2022-02-07T15:18:52","slug":"la-iglesia-ucraniana-ve-a-los-pobres-con-los-ojos-de-dios","status":"publish","type":"post","link":"https:\/\/acninternational.org\/es\/la-iglesia-ucraniana-ve-a-los-pobres-con-los-ojos-de-dios\/","title":{"rendered":"La Iglesia ucraniana ve a los pobres con los ojos de Dios"},"content":{"rendered":"<p>Viktor rompe el suelo de su casa por necesidad. Ahora que \u00e9l y su mujer no tienen trabajo fijo, debido a la guerra en Ucrania, \u00e9l y sus hijos Wasiliej y Kola proceden a serrar los tablones en trozos para la estufa que calienta la casa. El matrimonio espera volver a encontrar trabajo en la agricultura en la primavera. Hasta entonces, simplemente les toca sobrevivir. \u00abS\u00f3lo la Iglesia nos ayuda\u00bb, dice Viktor agradecido por la sopa, el t\u00e9 y el pan que recibi\u00f3 esa ma\u00f1ana de los hermanos albertinos en la ciudad de Zaphorizhya.<\/p>\n<p>El pan que come la familia ha sido horneado por Micha, un joven sacado de la calle por los religiosos. Hasta hace unos a\u00f1os, viv\u00eda en los t\u00faneles del sistema de calefacci\u00f3n de la ciudad, junto con otros cinco muchachos, la mayor\u00eda de los cuales han ca\u00eddo en la drogadicci\u00f3n o est\u00e1n en prisi\u00f3n. Micha est\u00e1 casado y ha sido padre recientemente. \u00abEn mi caso, todo cambi\u00f3 porque conoc\u00ed a los hermanos albertinos. Me mostraron un camino diferente. Todo encaj\u00f3 gracias a la oraci\u00f3n. Ahora ayudo a los hermanos y hago pan para los pobres o los que no tienen techo, que viven como yo \u00a0viv\u00eda antes\u00bb.<\/p>\n<p><img loading=\"lazy\" decoding=\"async\" class=\"aligncenter size-large wp-image-166675\" src=\"https:\/\/media.acninternational.org\/wp-content\/uploads\/2022\/02\/ACN-20220201-123561-1024x768.jpg\" alt=\"\" width=\"800\" height=\"600\" srcset=\"https:\/\/media.acninternational.org\/wp-content\/uploads\/2022\/02\/ACN-20220201-123561-1024x768.jpg 1024w, https:\/\/media.acninternational.org\/wp-content\/uploads\/2022\/02\/ACN-20220201-123561-300x225.jpg 300w, https:\/\/media.acninternational.org\/wp-content\/uploads\/2022\/02\/ACN-20220201-123561-768x576.jpg 768w, https:\/\/media.acninternational.org\/wp-content\/uploads\/2022\/02\/ACN-20220201-123561-1536x1152.jpg 1536w, https:\/\/media.acninternational.org\/wp-content\/uploads\/2022\/02\/ACN-20220201-123561.jpg 1920w\" sizes=\"auto, (max-width: 800px) 100vw, 800px\" \/><\/p>\n<p>La comunidad de los hermanos albertinos no se limita solo a vivir en su monasterio, sino que tambi\u00e9n ofrece refugio a muchas personas sin hogar, brind\u00e1ndoles un techo temporal. Los hermanos aconsejan y apoyan a estas personas en todos los aspectos, ayudando a muchos de ellos a encontrar el camino de vuelta a una vida normal e independiente. Hay espacio para que hasta 26 hombres sin hogar compartan con la comunidad, pero en invierno el n\u00famero suele aumentar y son hasta 40 los que vienen a refugiarse. Al mismo tiempo, los hermanos dirigen un comedor social cerca de la catedral de la ciudad, donde ofrecen todos los d\u00edas comida a los pobres y necesitados. Muchas de estas personas son adultos mayores jubilados que, de otro modo, no podr\u00edan permitirse una comida caliente debido al creciente aumento de los precios en el pa\u00eds.<\/p>\n<p><img loading=\"lazy\" decoding=\"async\" class=\"aligncenter size-large wp-image-166681\" src=\"https:\/\/media.acninternational.org\/wp-content\/uploads\/2022\/02\/ACN-20220201-123562-1024x768.jpeg\" alt=\"\" width=\"800\" height=\"600\" srcset=\"https:\/\/media.acninternational.org\/wp-content\/uploads\/2022\/02\/ACN-20220201-123562-1024x768.jpeg 1024w, https:\/\/media.acninternational.org\/wp-content\/uploads\/2022\/02\/ACN-20220201-123562-300x225.jpeg 300w, https:\/\/media.acninternational.org\/wp-content\/uploads\/2022\/02\/ACN-20220201-123562-768x576.jpeg 768w, https:\/\/media.acninternational.org\/wp-content\/uploads\/2022\/02\/ACN-20220201-123562-1536x1152.jpeg 1536w, https:\/\/media.acninternational.org\/wp-content\/uploads\/2022\/02\/ACN-20220201-123562.jpeg 1920w\" sizes=\"auto, (max-width: 800px) 100vw, 800px\" \/><\/p>\n<p>Los hermanos han construido frente a su casa una peque\u00f1a capilla en honor a Mar\u00eda, con una estatua de Nuestra Se\u00f1ora de F\u00e1tima, que se ilumina de noche. En el barrio en el que se encuentra el monasterio no hay ni una sola iglesia, pero muchos transe\u00fantes se detienen frente a su peque\u00f1a capilla o incluso se arrodillan en el suelo para rezar.<\/p>\n<p>Gracias a la generosidad de los benefactores de la fundaci\u00f3n internacional Aid to the Church in Need (ACN), hace unos a\u00f1os los Albertinos pudieron renovar el sistema de calefacci\u00f3n central, instalar aislamiento t\u00e9rmico, eliminar la condensaci\u00f3n de las paredes y realizar otras reparaciones urgentes. Muchas de las personas sin hogar que se alojan en el monasterio colaboraron activamente en las obras de renovaci\u00f3n. El a\u00f1o pasado, tambi\u00e9n gracias al apoyo de los benefactores de ACN, los hermanos pudieron sustituir el coche de 16 a\u00f1os que utilizaban para distribuir paquetes de comida y brindar atenci\u00f3n pastoral a las familias.<\/p>\n<p>Con la ayuda de Dios, los religiosos, religiosas y las parroquias de toda Ucrania han ayudado a salir adelante a muchas personas. Alrededor de un mill\u00f3n y medio de refugiados tienen que vivir con menos de 70 euros al mes. Es un trabajo duro, pero el hermano Wieslaw y sus compa\u00f1eros lo ven como una oportunidad. \u00abAqu\u00ed hay gente rica, con medios suficientes, pero durante mucho tiempo no hubo una iglesia, un lugar donde expresar el amor y compartir. Por eso Dios debe habernos tra\u00eddo aqu\u00ed. Con nuestra oraci\u00f3n, con el uso del h\u00e1bito, con la cruz y con nuestra capilla, intentamos cambiar el mundo con nuestra actitud hacia los \u00a0otros\u00bb.<\/p>\n<p>Monse\u00f1or Szyrokoradiuk, obispo de Odessa y Simferopol, anterior administrador apost\u00f3lico de J\u00e1rkov, se muestra esperanzado sobre el futuro de la Iglesia en Ucrania, incluso en la situaci\u00f3n actual: \u00abCuando recuperamos nuestra iglesia de los comunistas, en los a\u00f1os 90, s\u00f3lo siete personas acudieron a la primera santa misa. Ahora, la iglesia est\u00e1 llena los domingos en cada una de las siete misas. Incluso los ortodoxos vienen y nos traen art\u00edculos de ayuda, porque la Iglesia cat\u00f3lica realmente ayuda a los refugiados y a los pobres\u00bb.<\/p>\n","protected":false},"excerpt":{"rendered":"<p>Viktor rompe el suelo de su casa por necesidad. Ahora que \u00e9l y su mujer no tienen trabajo fijo, debido<\/p>\n","protected":false},"author":4258341447,"featured_media":166669,"comment_status":"closed","ping_status":"closed","sticky":false,"template":"","format":"standard","meta":{"_acf_changed":false,"_acn_coauthor_ids":[],"footnotes":""},"categories":[746],"tags":[],"country":[797],"class_list":["post-166683","post","type-post","status-publish","format-standard","has-post-thumbnail","hentry","category-noticias","country-ucraina"],"acn_coauthors":[],"acf":[],"yoast_head":"<!-- This site is optimized with the Yoast SEO Premium plugin v27.3 (Yoast SEO v27.3) - https:\/\/yoast.com\/product\/yoast-seo-premium-wordpress\/ -->\n<title>La Iglesia ucraniana ve a los pobres con los ojos de Dios | ACN International<\/title>\n<meta name=\"robots\" content=\"index, follow, max-snippet:-1, max-image-preview:large, max-video-preview:-1\" \/>\n<link rel=\"canonical\" href=\"https:\/\/acninternational.org\/es\/la-iglesia-ucraniana-ve-a-los-pobres-con-los-ojos-de-dios\/\" \/>\n<meta property=\"og:locale\" content=\"es_ES\" \/>\n<meta property=\"og:type\" content=\"article\" \/>\n<meta property=\"og:title\" content=\"La Iglesia ucraniana ve a los pobres con los ojos de Dios\" \/>\n<meta property=\"og:description\" content=\"Viktor rompe el suelo de su casa por necesidad. Ahora que \u00e9l y su mujer no tienen trabajo fijo, debido\" \/>\n<meta property=\"og:url\" content=\"https:\/\/acninternational.org\/es\/la-iglesia-ucraniana-ve-a-los-pobres-con-los-ojos-de-dios\/\" \/>\n<meta property=\"og:site_name\" content=\"ACN International\" \/>\n<meta property=\"article:publisher\" content=\"https:\/\/www.facebook.com\/acninternationalorg\" \/>\n<meta property=\"article:published_time\" content=\"2022-02-08T02:00:30+00:00\" \/>\n<meta property=\"og:image\" content=\"https:\/\/media.acninternational.org\/wp-content\/uploads\/2022\/02\/ACN-20180705-73198.jpeg\" \/>\n\t<meta property=\"og:image:width\" content=\"1280\" \/>\n\t<meta property=\"og:image:height\" content=\"700\" \/>\n\t<meta property=\"og:image:type\" content=\"image\/jpeg\" \/>\n<meta name=\"author\" content=\"ACN Press Team\" \/>\n<meta name=\"twitter:card\" content=\"summary_large_image\" \/>\n<meta name=\"twitter:creator\" content=\"@acn_int\" \/>\n<meta name=\"twitter:site\" content=\"@acn_int\" \/>\n<meta name=\"twitter:label1\" content=\"Escrito por\" \/>\n\t<meta name=\"twitter:data1\" content=\"ACN Press Team\" \/>\n\t<meta name=\"twitter:label2\" content=\"Tiempo de lectura\" \/>\n\t<meta name=\"twitter:data2\" content=\"4 minutos\" \/>\n<script type=\"application\/ld+json\" class=\"yoast-schema-graph\">{\"@context\":\"https:\\\/\\\/schema.org\",\"@graph\":[{\"@type\":\"Article\",\"@id\":\"https:\\\/\\\/acninternational.org\\\/es\\\/la-iglesia-ucraniana-ve-a-los-pobres-con-los-ojos-de-dios\\\/#article\",\"isPartOf\":{\"@id\":\"https:\\\/\\\/acninternational.org\\\/es\\\/la-iglesia-ucraniana-ve-a-los-pobres-con-los-ojos-de-dios\\\/\"},\"author\":{\"name\":\"ACN Press Team\",\"@id\":\"https:\\\/\\\/acninternational.org\\\/es\\\/#\\\/schema\\\/person\\\/7f3dafb236b242fb2aa46be1411fd703\"},\"headline\":\"La Iglesia ucraniana ve a los pobres con los ojos de Dios\",\"datePublished\":\"2022-02-08T02:00:30+00:00\",\"mainEntityOfPage\":{\"@id\":\"https:\\\/\\\/acninternational.org\\\/es\\\/la-iglesia-ucraniana-ve-a-los-pobres-con-los-ojos-de-dios\\\/\"},\"wordCount\":755,\"publisher\":{\"@id\":\"https:\\\/\\\/acninternational.org\\\/es\\\/#organization\"},\"image\":{\"@id\":\"https:\\\/\\\/acninternational.org\\\/es\\\/la-iglesia-ucraniana-ve-a-los-pobres-con-los-ojos-de-dios\\\/#primaryimage\"},\"thumbnailUrl\":\"https:\\\/\\\/media.acninternational.org\\\/wp-content\\\/uploads\\\/2022\\\/02\\\/ACN-20180705-73198.jpeg\",\"articleSection\":[\"NOTICIAS\"],\"inLanguage\":\"es\"},{\"@type\":\"WebPage\",\"@id\":\"https:\\\/\\\/acninternational.org\\\/es\\\/la-iglesia-ucraniana-ve-a-los-pobres-con-los-ojos-de-dios\\\/\",\"url\":\"https:\\\/\\\/acninternational.org\\\/es\\\/la-iglesia-ucraniana-ve-a-los-pobres-con-los-ojos-de-dios\\\/\",\"name\":\"La Iglesia ucraniana ve a los pobres con los ojos de Dios | ACN International\",\"isPartOf\":{\"@id\":\"https:\\\/\\\/acninternational.org\\\/es\\\/#website\"},\"primaryImageOfPage\":{\"@id\":\"https:\\\/\\\/acninternational.org\\\/es\\\/la-iglesia-ucraniana-ve-a-los-pobres-con-los-ojos-de-dios\\\/#primaryimage\"},\"image\":{\"@id\":\"https:\\\/\\\/acninternational.org\\\/es\\\/la-iglesia-ucraniana-ve-a-los-pobres-con-los-ojos-de-dios\\\/#primaryimage\"},\"thumbnailUrl\":\"https:\\\/\\\/media.acninternational.org\\\/wp-content\\\/uploads\\\/2022\\\/02\\\/ACN-20180705-73198.jpeg\",\"datePublished\":\"2022-02-08T02:00:30+00:00\",\"breadcrumb\":{\"@id\":\"https:\\\/\\\/acninternational.org\\\/es\\\/la-iglesia-ucraniana-ve-a-los-pobres-con-los-ojos-de-dios\\\/#breadcrumb\"},\"inLanguage\":\"es\",\"potentialAction\":[{\"@type\":\"ReadAction\",\"target\":[\"https:\\\/\\\/acninternational.org\\\/es\\\/la-iglesia-ucraniana-ve-a-los-pobres-con-los-ojos-de-dios\\\/\"]}]},{\"@type\":\"ImageObject\",\"inLanguage\":\"es\",\"@id\":\"https:\\\/\\\/acninternational.org\\\/es\\\/la-iglesia-ucraniana-ve-a-los-pobres-con-los-ojos-de-dios\\\/#primaryimage\",\"url\":\"https:\\\/\\\/media.acninternational.org\\\/wp-content\\\/uploads\\\/2022\\\/02\\\/ACN-20180705-73198.jpeg\",\"contentUrl\":\"https:\\\/\\\/media.acninternational.org\\\/wp-content\\\/uploads\\\/2022\\\/02\\\/ACN-20180705-73198.jpeg\",\"width\":1280,\"height\":700},{\"@type\":\"BreadcrumbList\",\"@id\":\"https:\\\/\\\/acninternational.org\\\/es\\\/la-iglesia-ucraniana-ve-a-los-pobres-con-los-ojos-de-dios\\\/#breadcrumb\",\"itemListElement\":[{\"@type\":\"ListItem\",\"position\":1,\"name\":\"Home\",\"item\":\"https:\\\/\\\/acninternational.org\\\/es\\\/\"},{\"@type\":\"ListItem\",\"position\":2,\"name\":\"NOTICIAS\",\"item\":\"https:\\\/\\\/acninternational.org\\\/es\\\/category\\\/news-es\\\/\"},{\"@type\":\"ListItem\",\"position\":3,\"name\":\"La Iglesia ucraniana ve a los pobres con los ojos de Dios\"}]},{\"@type\":\"WebSite\",\"@id\":\"https:\\\/\\\/acninternational.org\\\/es\\\/#website\",\"url\":\"https:\\\/\\\/acninternational.org\\\/es\\\/\",\"name\":\"ACN International\",\"description\":\"\",\"publisher\":{\"@id\":\"https:\\\/\\\/acninternational.org\\\/es\\\/#organization\"},\"potentialAction\":[{\"@type\":\"SearchAction\",\"target\":{\"@type\":\"EntryPoint\",\"urlTemplate\":\"https:\\\/\\\/acninternational.org\\\/es\\\/?s={search_term_string}\"},\"query-input\":{\"@type\":\"PropertyValueSpecification\",\"valueRequired\":true,\"valueName\":\"search_term_string\"}}],\"inLanguage\":\"es\"},{\"@type\":\"Organization\",\"@id\":\"https:\\\/\\\/acninternational.org\\\/es\\\/#organization\",\"name\":\"Aid to the Church in Need International\",\"url\":\"https:\\\/\\\/acninternational.org\\\/es\\\/\",\"logo\":{\"@type\":\"ImageObject\",\"inLanguage\":\"es\",\"@id\":\"https:\\\/\\\/acninternational.org\\\/es\\\/#\\\/schema\\\/logo\\\/image\\\/\",\"url\":\"https:\\\/\\\/media.acninternational.org\\\/wp-content\\\/uploads\\\/2019\\\/11\\\/acn_logo_blackvector.svg\",\"contentUrl\":\"https:\\\/\\\/media.acninternational.org\\\/wp-content\\\/uploads\\\/2019\\\/11\\\/acn_logo_blackvector.svg\",\"width\":232.6,\"height\":78,\"caption\":\"Aid to the Church in Need International\"},\"image\":{\"@id\":\"https:\\\/\\\/acninternational.org\\\/es\\\/#\\\/schema\\\/logo\\\/image\\\/\"},\"sameAs\":[\"https:\\\/\\\/www.facebook.com\\\/acninternationalorg\",\"https:\\\/\\\/x.com\\\/acn_int\",\"https:\\\/\\\/www.youtube.com\\\/channel\\\/UCQ-077gS0TnVzkhHmf1opZw\",\"https:\\\/\\\/www.instagram.com\\\/acn_international\\\/\"]},{\"@type\":\"Person\",\"@id\":\"https:\\\/\\\/acninternational.org\\\/es\\\/#\\\/schema\\\/person\\\/7f3dafb236b242fb2aa46be1411fd703\",\"name\":\"ACN Press Team\",\"description\":\"Lorem ipsum dolor sit amet, consectetur adipiscing elit, sed do eiusmod tempor incididunt ut labore et dolore magna aliqua. Ut enim ad minim veniam, quis nostrud exercitation ullamco laboris nisi ut aliquip ex ea commodo consequat.\",\"url\":\"https:\\\/\\\/acninternational.org\\\/es\\\/author\\\/acn-press-team\\\/\"}]}<\/script>\n<!-- \/ Yoast SEO Premium plugin. -->","yoast_head_json":{"title":"La Iglesia ucraniana ve a los pobres con los ojos de Dios | ACN International","robots":{"index":"index","follow":"follow","max-snippet":"max-snippet:-1","max-image-preview":"max-image-preview:large","max-video-preview":"max-video-preview:-1"},"canonical":"https:\/\/acninternational.org\/es\/la-iglesia-ucraniana-ve-a-los-pobres-con-los-ojos-de-dios\/","og_locale":"es_ES","og_type":"article","og_title":"La Iglesia ucraniana ve a los pobres con los ojos de Dios","og_description":"Viktor rompe el suelo de su casa por necesidad. Ahora que \u00e9l y su mujer no tienen trabajo fijo, debido","og_url":"https:\/\/acninternational.org\/es\/la-iglesia-ucraniana-ve-a-los-pobres-con-los-ojos-de-dios\/","og_site_name":"ACN International","article_publisher":"https:\/\/www.facebook.com\/acninternationalorg","article_published_time":"2022-02-08T02:00:30+00:00","og_image":[{"width":1280,"height":700,"url":"https:\/\/media.acninternational.org\/wp-content\/uploads\/2022\/02\/ACN-20180705-73198.jpeg","type":"image\/jpeg"}],"author":"ACN Press Team","twitter_card":"summary_large_image","twitter_creator":"@acn_int","twitter_site":"@acn_int","twitter_misc":{"Escrito por":"ACN Press Team","Tiempo de lectura":"4 minutos"},"schema":{"@context":"https:\/\/schema.org","@graph":[{"@type":"Article","@id":"https:\/\/acninternational.org\/es\/la-iglesia-ucraniana-ve-a-los-pobres-con-los-ojos-de-dios\/#article","isPartOf":{"@id":"https:\/\/acninternational.org\/es\/la-iglesia-ucraniana-ve-a-los-pobres-con-los-ojos-de-dios\/"},"author":{"name":"ACN Press Team","@id":"https:\/\/acninternational.org\/es\/#\/schema\/person\/7f3dafb236b242fb2aa46be1411fd703"},"headline":"La Iglesia ucraniana ve a los pobres con los ojos de Dios","datePublished":"2022-02-08T02:00:30+00:00","mainEntityOfPage":{"@id":"https:\/\/acninternational.org\/es\/la-iglesia-ucraniana-ve-a-los-pobres-con-los-ojos-de-dios\/"},"wordCount":755,"publisher":{"@id":"https:\/\/acninternational.org\/es\/#organization"},"image":{"@id":"https:\/\/acninternational.org\/es\/la-iglesia-ucraniana-ve-a-los-pobres-con-los-ojos-de-dios\/#primaryimage"},"thumbnailUrl":"https:\/\/media.acninternational.org\/wp-content\/uploads\/2022\/02\/ACN-20180705-73198.jpeg","articleSection":["NOTICIAS"],"inLanguage":"es"},{"@type":"WebPage","@id":"https:\/\/acninternational.org\/es\/la-iglesia-ucraniana-ve-a-los-pobres-con-los-ojos-de-dios\/","url":"https:\/\/acninternational.org\/es\/la-iglesia-ucraniana-ve-a-los-pobres-con-los-ojos-de-dios\/","name":"La Iglesia ucraniana ve a los pobres con los ojos de Dios | ACN International","isPartOf":{"@id":"https:\/\/acninternational.org\/es\/#website"},"primaryImageOfPage":{"@id":"https:\/\/acninternational.org\/es\/la-iglesia-ucraniana-ve-a-los-pobres-con-los-ojos-de-dios\/#primaryimage"},"image":{"@id":"https:\/\/acninternational.org\/es\/la-iglesia-ucraniana-ve-a-los-pobres-con-los-ojos-de-dios\/#primaryimage"},"thumbnailUrl":"https:\/\/media.acninternational.org\/wp-content\/uploads\/2022\/02\/ACN-20180705-73198.jpeg","datePublished":"2022-02-08T02:00:30+00:00","breadcrumb":{"@id":"https:\/\/acninternational.org\/es\/la-iglesia-ucraniana-ve-a-los-pobres-con-los-ojos-de-dios\/#breadcrumb"},"inLanguage":"es","potentialAction":[{"@type":"ReadAction","target":["https:\/\/acninternational.org\/es\/la-iglesia-ucraniana-ve-a-los-pobres-con-los-ojos-de-dios\/"]}]},{"@type":"ImageObject","inLanguage":"es","@id":"https:\/\/acninternational.org\/es\/la-iglesia-ucraniana-ve-a-los-pobres-con-los-ojos-de-dios\/#primaryimage","url":"https:\/\/media.acninternational.org\/wp-content\/uploads\/2022\/02\/ACN-20180705-73198.jpeg","contentUrl":"https:\/\/media.acninternational.org\/wp-content\/uploads\/2022\/02\/ACN-20180705-73198.jpeg","width":1280,"height":700},{"@type":"BreadcrumbList","@id":"https:\/\/acninternational.org\/es\/la-iglesia-ucraniana-ve-a-los-pobres-con-los-ojos-de-dios\/#breadcrumb","itemListElement":[{"@type":"ListItem","position":1,"name":"Home","item":"https:\/\/acninternational.org\/es\/"},{"@type":"ListItem","position":2,"name":"NOTICIAS","item":"https:\/\/acninternational.org\/es\/category\/news-es\/"},{"@type":"ListItem","position":3,"name":"La Iglesia ucraniana ve a los pobres con los ojos de Dios"}]},{"@type":"WebSite","@id":"https:\/\/acninternational.org\/es\/#website","url":"https:\/\/acninternational.org\/es\/","name":"ACN International","description":"","publisher":{"@id":"https:\/\/acninternational.org\/es\/#organization"},"potentialAction":[{"@type":"SearchAction","target":{"@type":"EntryPoint","urlTemplate":"https:\/\/acninternational.org\/es\/?s={search_term_string}"},"query-input":{"@type":"PropertyValueSpecification","valueRequired":true,"valueName":"search_term_string"}}],"inLanguage":"es"},{"@type":"Organization","@id":"https:\/\/acninternational.org\/es\/#organization","name":"Aid to the Church in Need International","url":"https:\/\/acninternational.org\/es\/","logo":{"@type":"ImageObject","inLanguage":"es","@id":"https:\/\/acninternational.org\/es\/#\/schema\/logo\/image\/","url":"https:\/\/media.acninternational.org\/wp-content\/uploads\/2019\/11\/acn_logo_blackvector.svg","contentUrl":"https:\/\/media.acninternational.org\/wp-content\/uploads\/2019\/11\/acn_logo_blackvector.svg","width":232.6,"height":78,"caption":"Aid to the Church in Need International"},"image":{"@id":"https:\/\/acninternational.org\/es\/#\/schema\/logo\/image\/"},"sameAs":["https:\/\/www.facebook.com\/acninternationalorg","https:\/\/x.com\/acn_int","https:\/\/www.youtube.com\/channel\/UCQ-077gS0TnVzkhHmf1opZw","https:\/\/www.instagram.com\/acn_international\/"]},{"@type":"Person","@id":"https:\/\/acninternational.org\/es\/#\/schema\/person\/7f3dafb236b242fb2aa46be1411fd703","name":"ACN Press Team","description":"Lorem ipsum dolor sit amet, consectetur adipiscing elit, sed do eiusmod tempor incididunt ut labore et dolore magna aliqua. Ut enim ad minim veniam, quis nostrud exercitation ullamco laboris nisi ut aliquip ex ea commodo consequat.","url":"https:\/\/acninternational.org\/es\/author\/acn-press-team\/"}]}},"_links":{"self":[{"href":"https:\/\/acninternational.org\/es\/wp-json\/wp\/v2\/posts\/166683","targetHints":{"allow":["GET"]}}],"collection":[{"href":"https:\/\/acninternational.org\/es\/wp-json\/wp\/v2\/posts"}],"about":[{"href":"https:\/\/acninternational.org\/es\/wp-json\/wp\/v2\/types\/post"}],"author":[{"embeddable":true,"href":"https:\/\/acninternational.org\/es\/wp-json\/wp\/v2\/users\/4258341447"}],"replies":[{"embeddable":true,"href":"https:\/\/acninternational.org\/es\/wp-json\/wp\/v2\/comments?post=166683"}],"version-history":[{"count":0,"href":"https:\/\/acninternational.org\/es\/wp-json\/wp\/v2\/posts\/166683\/revisions"}],"wp:featuredmedia":[{"embeddable":true,"href":"https:\/\/acninternational.org\/es\/wp-json\/wp\/v2\/media\/166669"}],"wp:attachment":[{"href":"https:\/\/acninternational.org\/es\/wp-json\/wp\/v2\/media?parent=166683"}],"wp:term":[{"taxonomy":"category","embeddable":true,"href":"https:\/\/acninternational.org\/es\/wp-json\/wp\/v2\/categories?post=166683"},{"taxonomy":"post_tag","embeddable":true,"href":"https:\/\/acninternational.org\/es\/wp-json\/wp\/v2\/tags?post=166683"},{"taxonomy":"country","embeddable":true,"href":"https:\/\/acninternational.org\/es\/wp-json\/wp\/v2\/country?post=166683"}],"curies":[{"name":"wp","href":"https:\/\/api.w.org\/{rel}","templated":true}]}}