{"id":165638,"date":"2022-01-04T11:32:46","date_gmt":"2022-01-04T10:32:46","guid":{"rendered":"https:\/\/acninternational.org\/?p=165638"},"modified":"2024-08-08T09:32:03","modified_gmt":"2024-08-08T07:32:03","slug":"dos-de-cada-tres-personas-sufren-persecucion-a-causa-de-su-fe-es-inaceptable-dice-el-papa-francisco","status":"publish","type":"post","link":"https:\/\/acninternational.org\/es\/dos-de-cada-tres-personas-sufren-persecucion-a-causa-de-su-fe-es-inaceptable-dice-el-papa-francisco\/","title":{"rendered":"Dos de cada tres personas sufren persecuci\u00f3n a causa de su fe: \u201c\u00a1Es inaceptable!\u201d dice el papa Francisco"},"content":{"rendered":"<ul>\n<li><em>Se inaugura el s\u00e9ptimo a\u00f1o del <\/em><a href=\"http:\/\/elvideodelpapa.org\" target=\"_blank\" rel=\"noopener\"><em>Video del Papa<\/em><\/a><em>: la iniciativa global que recoge las intenciones de oraci\u00f3n que el Papa Francisco conf\u00eda a toda la Iglesia Cat\u00f3lica a trav\u00e9s de la Red Mundial de Oraci\u00f3n del Papa.<\/em><\/li>\n<li><em>Francisco dedica el primer mensaje de oraci\u00f3n del 2022 contra la discriminaci\u00f3n y la persecuci\u00f3n religiosa. Recuerda que la libertad religiosa no se limita a la libertad de culto, sino que est\u00e1 vinculada a la fraternidad.<\/em><\/li>\n<li><em>Marcando la fraternidad como el camino a seguir, el Papa invita a valorar las diferencias del otro y a reconocer, antes que nada, la dignidad que cada uno tiene como ser humano.<\/em><\/li>\n<\/ul>\n<p>(Ciudad del Vaticano, 4 de enero de 2022) &#8211; El <a href=\"http:\/\/elvideodelpapa.org\" target=\"_blank\" rel=\"noopener\">Video del Papa<\/a> comienza su s\u00e9ptimo a\u00f1o compartiendo la intenci\u00f3n de oraci\u00f3n que <strong>Francisco<\/strong> conf\u00eda a toda la <strong>Iglesia Cat\u00f3lica<\/strong> a trav\u00e9s de la <a href=\"https:\/\/www.popesprayer.va\/es\/\" target=\"_blank\" rel=\"noopener\"><strong>Red Mundial de Oraci\u00f3n del Papa<\/strong><\/a>. Acaba de publicarse la edici\u00f3n de enero con un mensaje potente a favor de la libertad religiosa y de las personas que sufren discriminaci\u00f3n. El <strong>Santo Padre<\/strong> invita a todas las personas a elegir \u201cel camino de la fraternidad. Porque o somos hermanos, o perdemos todos\u201d. Y para ello, es fundamental poner fin a tantas restricciones que mucha gente encuentra al querer profesar su fe.<\/p>\n<p>Con un llamado de atenci\u00f3n a todos los gobiernos del mundo, el <strong>Video del Papa<\/strong>\u00a0 \u2014que este mes recibe el apoyo de <a href=\"https:\/\/acninternational.org\/es\/\">Aid to the Church in Need International<\/a> (ACN), una organizaci\u00f3n caritativa cat\u00f3lica internacional y fundaci\u00f3n pontificia cuya misi\u00f3n es ayudar a los fieles all\u00ed donde est\u00e9n perseguidos, oprimidos o necesitados mediante la informaci\u00f3n, la oraci\u00f3n y la acci\u00f3n\u2014 refuerza la idea de que en las sociedades en las que vivimos y nos desarrollamos ha de florecer el reconocimiento de los derechos y la dignidad que todos tenemos por el hecho de ser personas.<\/p>\n<p><strong><em>Minor\u00edas religiosas y persecuciones<\/em><\/strong><\/p>\n<p>En su primera intenci\u00f3n de oraci\u00f3n del 2022, <strong>Francisco<\/strong> abre con dos preguntas directas, incisivas y que claman respuesta: \u201c\u00bfC\u00f3mo puede ser que actualmente muchas minor\u00edas religiosas sufran discriminaciones? \u00bfC\u00f3mo permitimos que haya personas que sean perseguidas simplemente por profesar p\u00fablicamente su fe?\u201d. En efecto, seg\u00fan revela el\u00a0 <a href=\"https:\/\/acninternational.org\/religiousfreedomreport\/es\/\" target=\"_blank\" rel=\"noopener\">\u201cInforme de Libertad Religiosa en el Mundo\u201d<\/a> publicado por ACN en abril de 2021, la libertad religiosa se vulnera en un tercio de los pa\u00edses del mundo en los cuales viven cerca de 5.200 millones de personas<a href=\"https:\/\/acninternational.org\/religiousfreedomreport\/es\/informe\/mundial\/2021\" target=\"_blank\" rel=\"noopener\" name=\"_ftnref1\"><sup>[1]<\/sup><\/a>. El mismo informe expone que m\u00e1s de 646 millones de cristianos viven en pa\u00edses donde la libertad religiosa no es respetada.<\/p>\n<p>Asimismo, desde 2020 se viene denunciando c\u00f3mo muchas minor\u00edas \u00e9tnicas y religiosas, especialmente las que son de origen musulm\u00e1n, no gozan de plenos derechos de ciudadan\u00eda en los pa\u00edses en los que viven.<a href=\"https:\/\/elpais.com\/elpais\/2020\/01\/31\/opinion\/1580491171_721034.html\" target=\"_blank\" rel=\"noopener\" name=\"_ftnref2\"><sup>[2]<\/sup><\/a><\/p>\n<p><strong><em>La libertad religiosa como base de la paz<\/em><\/strong><\/p>\n<p>Es un tema que merece atenci\u00f3n, como confirma <strong>Thomas Heine-Geldern<\/strong>, presidente ejecutivo de ACN Internacional: \u201cAunque es imposible conocer la cantidad exacta, nuestra investigaci\u00f3n indica que dos tercios de la poblaci\u00f3n mundial vive en pa\u00edses donde se producen violaciones a la libertad religiosa de una u otra forma. \u00bfSorprende? No, esta situaci\u00f3n ha ido creciendo durante siglos a partir de las ra\u00edces de la intolerancia, pasando por la discriminaci\u00f3n, hasta la persecuci\u00f3n. Creemos firmemente que el derecho a ser libre de practicar o no cualquier religi\u00f3n es un derecho humano fundamental que est\u00e1 directamente relacionado con la dignidad de cada persona. Puede parecer obvio, pero incluso cuando los derechos humanos est\u00e1n en boca de todos, la libertad religiosa suele pasar desapercibida. Pero este derecho es el punto de partida de toda nuestra misi\u00f3n. \u00bfC\u00f3mo podr\u00edamos defender los derechos de la comunidad cristiana si no abogamos primero por el derecho universal? La religi\u00f3n se manipula una y otra vez para provocar guerras. En ACN nos enfrentamos a ello todos los d\u00edas. Defender el derecho a la libertad religiosa es clave para exponer la realidad de estos conflictos. Las comunidades religiosas desempe\u00f1an un papel central cuando \u201cnada funciona\u201d pol\u00edtica o diplom\u00e1ticamente en las regiones en guerra y crisis del mundo. El mundo debe ser consciente de que las perspectivas de coexistencia pac\u00edfica ser\u00e1n desalentadoras si no se respeta la libertad de religi\u00f3n o de creencias como un derecho humano fundamental basado en la dignidad humana de cada persona\u201d.<\/p>\n<p><strong><em>Caminos de fraternidad: acoger las diferencias de los dem\u00e1s<\/em><\/strong><\/p>\n<p>El Papa recuerda que la libertad religiosa est\u00e1 ligada al concepto de fraternidad. Y para comenzar a transitar los caminos de <strong>fraternidad<\/strong> que <strong>Francisco<\/strong> tanto insiste desde hace a\u00f1os, es imperativo no solamente respetar al otro, al pr\u00f3jimo, sino genuinamente valorarlo \u201cen su diferencia y reconocer en \u00e9l a un verdadero hermano\u201d. Para el <strong>Santo Padre<\/strong> \u201ccomo seres humanos tenemos tantas cosas en com\u00fan que podemos convivir acogiendo las diferencias con la alegr\u00eda de ser hermanos\u201d. Sin conceder esta premisa, el camino hacia la paz y la convivencia com\u00fan no es posible.<\/p>\n<p>El <strong>P. Fr\u00e9d\u00e9ric Fornos S.J.<\/strong>, Director Internacional de la <a href=\"https:\/\/www.popesprayer.va\/es\/\" target=\"_blank\" rel=\"noopener\"><strong>Red Mundial de Oraci\u00f3n del Papa<\/strong><\/a>, coment\u00f3 a prop\u00f3sito de esta intenci\u00f3n: \u201cFrancisco nos ha dado una br\u00fajula con su enc\u00edclica Fratelli Tutti: la fraternidad humana. Pues como dijo tambi\u00e9n en su mensaje para el <strong>primer D\u00eda Internacional de la Fraternidad Humana<\/strong>, \u2018Hoy la fraternidad es la nueva frontera de la humanidad. O somos hermanos, o nos destruimos mutuamente\u2019. Para ello es importante reconocer lo que duele a la fraternidad, para poder sanarla y evitar que se traduzca en discriminaci\u00f3n y persecuci\u00f3n religiosa, como tantas veces acontece, en particular contra los cristianos. Recemos por esta intenci\u00f3n de oraci\u00f3n con todo nuestro coraz\u00f3n: \u2018para que todas las personas que sufren discriminaci\u00f3n y persecuci\u00f3n religiosa encuentren en las sociedades en las que viven el reconocimiento de sus derechos y la dignidad que proviene de ser hermanos y hermanas\u2019\u201d.<\/p>\n<p>El Video del Papa es posible gracias al aporte desinteresado de muchas personas. En <a href=\"http:\/\/thepopevideo.org\/es\/quiero-involucrarme.html\" target=\"_blank\" rel=\"noopener\">este link<\/a> pueden realizarse donativos.<\/p>\n<p>\u00bfD\u00f3nde se puede ver el video?<\/p>\n<ul>\n<li><a href=\"https:\/\/thepopevideo.org\/?lang=es\" target=\"_blank\" rel=\"noopener\">Sitio web oficial de El Video del Papa<\/a><\/li>\n<li><a href=\"https:\/\/www.youtube.com\/elvideodelpapa\" target=\"_blank\" rel=\"noopener\">Canal de YouTube de El Video del Papa<\/a><\/li>\n<li><a href=\"https:\/\/www.facebook.com\/elvideodelpapa\" target=\"_blank\" rel=\"noopener\">P\u00e1gina de Facebook de El Video del Papa<\/a><\/li>\n<li><a href=\"https:\/\/twitter.com\/elvideodelpapa\" target=\"_blank\" rel=\"noopener\">Twitter de El Video del Papa<\/a><\/li>\n<li><a href=\"https:\/\/instagram.com\/elvideodelpapa\" target=\"_blank\" rel=\"noopener\">Instagram de El Video del Papa<\/a><\/li>\n<li><a href=\"https:\/\/twitter.com\/Pontifex_es\" target=\"_blank\" rel=\"noopener\">Twitter Oficial @Pontifex<\/a><u>_es<\/u><\/li>\n<li><a href=\"https:\/\/www.instagram.com\/Franciscus\/\" target=\"_blank\" rel=\"noopener\">Instagram Oficial @Franciscus<\/a><\/li>\n<\/ul>\n","protected":false},"excerpt":{"rendered":"<p>Se inaugura el s\u00e9ptimo a\u00f1o del Video del Papa: la iniciativa global que recoge las intenciones<\/p>\n","protected":false},"author":4258341447,"featured_media":165747,"comment_status":"closed","ping_status":"closed","sticky":false,"template":"","format":"standard","meta":{"_acf_changed":false,"_acn_coauthor_ids":[],"footnotes":""},"categories":[746,1254],"tags":[],"country":[393],"class_list":["post-165638","post","type-post","status-publish","format-standard","has-post-thumbnail","hentry","category-noticias","category-news-es","country-internacional"],"acn_coauthors":[],"acf":[],"yoast_head":"<!-- This site is optimized with the Yoast SEO Premium plugin v27.3 (Yoast SEO v27.3) - https:\/\/yoast.com\/product\/yoast-seo-premium-wordpress\/ -->\n<title>Dos de cada tres personas sufren persecuci\u00f3n a causa de su fe: \u201c\u00a1Es inaceptable!\u201d dice el papa Francisco | ACN International<\/title>\n<meta name=\"robots\" content=\"index, follow, max-snippet:-1, max-image-preview:large, max-video-preview:-1\" \/>\n<link rel=\"canonical\" href=\"https:\/\/acninternational.org\/es\/dos-de-cada-tres-personas-sufren-persecucion-a-causa-de-su-fe-es-inaceptable-dice-el-papa-francisco\/\" \/>\n<meta property=\"og:locale\" content=\"es_ES\" \/>\n<meta property=\"og:type\" content=\"article\" \/>\n<meta property=\"og:title\" content=\"Dos de cada tres personas sufren persecuci\u00f3n a causa de su fe: \u201c\u00a1Es inaceptable!\u201d dice el papa Francisco\" \/>\n<meta property=\"og:description\" content=\"Se inaugura el s\u00e9ptimo a\u00f1o del Video del Papa: la iniciativa global que recoge las intenciones\" \/>\n<meta property=\"og:url\" content=\"https:\/\/acninternational.org\/es\/dos-de-cada-tres-personas-sufren-persecucion-a-causa-de-su-fe-es-inaceptable-dice-el-papa-francisco\/\" \/>\n<meta property=\"og:site_name\" content=\"ACN International\" \/>\n<meta property=\"article:publisher\" content=\"https:\/\/www.facebook.com\/acninternationalorg\" \/>\n<meta property=\"article:published_time\" content=\"2022-01-04T10:32:46+00:00\" \/>\n<meta property=\"article:modified_time\" content=\"2024-08-08T07:32:03+00:00\" \/>\n<meta property=\"og:image\" content=\"https:\/\/media.acninternational.org\/wp-content\/uploads\/2022\/01\/Official-Image-TPV-1-2022-ES-Discriminacion-y-persecucion-religiosa-889x500-1.jpg\" \/>\n\t<meta property=\"og:image:width\" content=\"1100\" \/>\n\t<meta property=\"og:image:height\" content=\"600\" \/>\n\t<meta property=\"og:image:type\" content=\"image\/jpeg\" \/>\n<meta name=\"author\" content=\"ACN Press Team\" \/>\n<meta name=\"twitter:card\" content=\"summary_large_image\" \/>\n<meta name=\"twitter:creator\" content=\"@acn_int\" \/>\n<meta name=\"twitter:site\" content=\"@acn_int\" \/>\n<meta name=\"twitter:label1\" content=\"Escrito por\" \/>\n\t<meta name=\"twitter:data1\" content=\"ACN Press Team\" \/>\n\t<meta name=\"twitter:label2\" content=\"Tiempo de lectura\" \/>\n\t<meta name=\"twitter:data2\" content=\"5 minutos\" \/>\n<script type=\"application\/ld+json\" class=\"yoast-schema-graph\">{\"@context\":\"https:\\\/\\\/schema.org\",\"@graph\":[{\"@type\":\"Article\",\"@id\":\"https:\\\/\\\/acninternational.org\\\/es\\\/dos-de-cada-tres-personas-sufren-persecucion-a-causa-de-su-fe-es-inaceptable-dice-el-papa-francisco\\\/#article\",\"isPartOf\":{\"@id\":\"https:\\\/\\\/acninternational.org\\\/es\\\/dos-de-cada-tres-personas-sufren-persecucion-a-causa-de-su-fe-es-inaceptable-dice-el-papa-francisco\\\/\"},\"author\":{\"name\":\"ACN Press Team\",\"@id\":\"https:\\\/\\\/acninternational.org\\\/es\\\/#\\\/schema\\\/person\\\/7f3dafb236b242fb2aa46be1411fd703\"},\"headline\":\"Dos de cada tres personas sufren persecuci\u00f3n a causa de su fe: \u201c\u00a1Es inaceptable!\u201d dice el papa Francisco\",\"datePublished\":\"2022-01-04T10:32:46+00:00\",\"dateModified\":\"2024-08-08T07:32:03+00:00\",\"mainEntityOfPage\":{\"@id\":\"https:\\\/\\\/acninternational.org\\\/es\\\/dos-de-cada-tres-personas-sufren-persecucion-a-causa-de-su-fe-es-inaceptable-dice-el-papa-francisco\\\/\"},\"wordCount\":1119,\"publisher\":{\"@id\":\"https:\\\/\\\/acninternational.org\\\/es\\\/#organization\"},\"image\":{\"@id\":\"https:\\\/\\\/acninternational.org\\\/es\\\/dos-de-cada-tres-personas-sufren-persecucion-a-causa-de-su-fe-es-inaceptable-dice-el-papa-francisco\\\/#primaryimage\"},\"thumbnailUrl\":\"https:\\\/\\\/media.acninternational.org\\\/wp-content\\\/uploads\\\/2022\\\/01\\\/Official-Image-TPV-1-2022-ES-Discriminacion-y-persecucion-religiosa-889x500-1.jpg\",\"articleSection\":[\"NOTICIAS\",\"NOTICIAS\"],\"inLanguage\":\"es\"},{\"@type\":\"WebPage\",\"@id\":\"https:\\\/\\\/acninternational.org\\\/es\\\/dos-de-cada-tres-personas-sufren-persecucion-a-causa-de-su-fe-es-inaceptable-dice-el-papa-francisco\\\/\",\"url\":\"https:\\\/\\\/acninternational.org\\\/es\\\/dos-de-cada-tres-personas-sufren-persecucion-a-causa-de-su-fe-es-inaceptable-dice-el-papa-francisco\\\/\",\"name\":\"Dos de cada tres personas sufren persecuci\u00f3n a causa de su fe: \u201c\u00a1Es inaceptable!\u201d dice el papa Francisco | ACN International\",\"isPartOf\":{\"@id\":\"https:\\\/\\\/acninternational.org\\\/es\\\/#website\"},\"primaryImageOfPage\":{\"@id\":\"https:\\\/\\\/acninternational.org\\\/es\\\/dos-de-cada-tres-personas-sufren-persecucion-a-causa-de-su-fe-es-inaceptable-dice-el-papa-francisco\\\/#primaryimage\"},\"image\":{\"@id\":\"https:\\\/\\\/acninternational.org\\\/es\\\/dos-de-cada-tres-personas-sufren-persecucion-a-causa-de-su-fe-es-inaceptable-dice-el-papa-francisco\\\/#primaryimage\"},\"thumbnailUrl\":\"https:\\\/\\\/media.acninternational.org\\\/wp-content\\\/uploads\\\/2022\\\/01\\\/Official-Image-TPV-1-2022-ES-Discriminacion-y-persecucion-religiosa-889x500-1.jpg\",\"datePublished\":\"2022-01-04T10:32:46+00:00\",\"dateModified\":\"2024-08-08T07:32:03+00:00\",\"breadcrumb\":{\"@id\":\"https:\\\/\\\/acninternational.org\\\/es\\\/dos-de-cada-tres-personas-sufren-persecucion-a-causa-de-su-fe-es-inaceptable-dice-el-papa-francisco\\\/#breadcrumb\"},\"inLanguage\":\"es\",\"potentialAction\":[{\"@type\":\"ReadAction\",\"target\":[\"https:\\\/\\\/acninternational.org\\\/es\\\/dos-de-cada-tres-personas-sufren-persecucion-a-causa-de-su-fe-es-inaceptable-dice-el-papa-francisco\\\/\"]}]},{\"@type\":\"ImageObject\",\"inLanguage\":\"es\",\"@id\":\"https:\\\/\\\/acninternational.org\\\/es\\\/dos-de-cada-tres-personas-sufren-persecucion-a-causa-de-su-fe-es-inaceptable-dice-el-papa-francisco\\\/#primaryimage\",\"url\":\"https:\\\/\\\/media.acninternational.org\\\/wp-content\\\/uploads\\\/2022\\\/01\\\/Official-Image-TPV-1-2022-ES-Discriminacion-y-persecucion-religiosa-889x500-1.jpg\",\"contentUrl\":\"https:\\\/\\\/media.acninternational.org\\\/wp-content\\\/uploads\\\/2022\\\/01\\\/Official-Image-TPV-1-2022-ES-Discriminacion-y-persecucion-religiosa-889x500-1.jpg\",\"width\":1100,\"height\":600},{\"@type\":\"BreadcrumbList\",\"@id\":\"https:\\\/\\\/acninternational.org\\\/es\\\/dos-de-cada-tres-personas-sufren-persecucion-a-causa-de-su-fe-es-inaceptable-dice-el-papa-francisco\\\/#breadcrumb\",\"itemListElement\":[{\"@type\":\"ListItem\",\"position\":1,\"name\":\"Home\",\"item\":\"https:\\\/\\\/acninternational.org\\\/es\\\/\"},{\"@type\":\"ListItem\",\"position\":2,\"name\":\"NOTICIAS\",\"item\":\"https:\\\/\\\/acninternational.org\\\/es\\\/category\\\/news-es\\\/\"},{\"@type\":\"ListItem\",\"position\":3,\"name\":\"Dos de cada tres personas sufren persecuci\u00f3n a causa de su fe: \u201c\u00a1Es inaceptable!\u201d dice el papa Francisco\"}]},{\"@type\":\"WebSite\",\"@id\":\"https:\\\/\\\/acninternational.org\\\/es\\\/#website\",\"url\":\"https:\\\/\\\/acninternational.org\\\/es\\\/\",\"name\":\"ACN International\",\"description\":\"\",\"publisher\":{\"@id\":\"https:\\\/\\\/acninternational.org\\\/es\\\/#organization\"},\"potentialAction\":[{\"@type\":\"SearchAction\",\"target\":{\"@type\":\"EntryPoint\",\"urlTemplate\":\"https:\\\/\\\/acninternational.org\\\/es\\\/?s={search_term_string}\"},\"query-input\":{\"@type\":\"PropertyValueSpecification\",\"valueRequired\":true,\"valueName\":\"search_term_string\"}}],\"inLanguage\":\"es\"},{\"@type\":\"Organization\",\"@id\":\"https:\\\/\\\/acninternational.org\\\/es\\\/#organization\",\"name\":\"Aid to the Church in Need International\",\"url\":\"https:\\\/\\\/acninternational.org\\\/es\\\/\",\"logo\":{\"@type\":\"ImageObject\",\"inLanguage\":\"es\",\"@id\":\"https:\\\/\\\/acninternational.org\\\/es\\\/#\\\/schema\\\/logo\\\/image\\\/\",\"url\":\"https:\\\/\\\/media.acninternational.org\\\/wp-content\\\/uploads\\\/2019\\\/11\\\/acn_logo_blackvector.svg\",\"contentUrl\":\"https:\\\/\\\/media.acninternational.org\\\/wp-content\\\/uploads\\\/2019\\\/11\\\/acn_logo_blackvector.svg\",\"width\":232.6,\"height\":78,\"caption\":\"Aid to the Church in Need International\"},\"image\":{\"@id\":\"https:\\\/\\\/acninternational.org\\\/es\\\/#\\\/schema\\\/logo\\\/image\\\/\"},\"sameAs\":[\"https:\\\/\\\/www.facebook.com\\\/acninternationalorg\",\"https:\\\/\\\/x.com\\\/acn_int\",\"https:\\\/\\\/www.youtube.com\\\/channel\\\/UCQ-077gS0TnVzkhHmf1opZw\",\"https:\\\/\\\/www.instagram.com\\\/acn_international\\\/\"]},{\"@type\":\"Person\",\"@id\":\"https:\\\/\\\/acninternational.org\\\/es\\\/#\\\/schema\\\/person\\\/7f3dafb236b242fb2aa46be1411fd703\",\"name\":\"ACN Press Team\",\"description\":\"Lorem ipsum dolor sit amet, consectetur adipiscing elit, sed do eiusmod tempor incididunt ut labore et dolore magna aliqua. Ut enim ad minim veniam, quis nostrud exercitation ullamco laboris nisi ut aliquip ex ea commodo consequat.\",\"url\":\"https:\\\/\\\/acninternational.org\\\/es\\\/author\\\/acn-press-team\\\/\"}]}<\/script>\n<!-- \/ Yoast SEO Premium plugin. -->","yoast_head_json":{"title":"Dos de cada tres personas sufren persecuci\u00f3n a causa de su fe: \u201c\u00a1Es inaceptable!\u201d dice el papa Francisco | ACN International","robots":{"index":"index","follow":"follow","max-snippet":"max-snippet:-1","max-image-preview":"max-image-preview:large","max-video-preview":"max-video-preview:-1"},"canonical":"https:\/\/acninternational.org\/es\/dos-de-cada-tres-personas-sufren-persecucion-a-causa-de-su-fe-es-inaceptable-dice-el-papa-francisco\/","og_locale":"es_ES","og_type":"article","og_title":"Dos de cada tres personas sufren persecuci\u00f3n a causa de su fe: \u201c\u00a1Es inaceptable!\u201d dice el papa Francisco","og_description":"Se inaugura el s\u00e9ptimo a\u00f1o del Video del Papa: la iniciativa global que recoge las intenciones","og_url":"https:\/\/acninternational.org\/es\/dos-de-cada-tres-personas-sufren-persecucion-a-causa-de-su-fe-es-inaceptable-dice-el-papa-francisco\/","og_site_name":"ACN International","article_publisher":"https:\/\/www.facebook.com\/acninternationalorg","article_published_time":"2022-01-04T10:32:46+00:00","article_modified_time":"2024-08-08T07:32:03+00:00","og_image":[{"width":1100,"height":600,"url":"https:\/\/media.acninternational.org\/wp-content\/uploads\/2022\/01\/Official-Image-TPV-1-2022-ES-Discriminacion-y-persecucion-religiosa-889x500-1.jpg","type":"image\/jpeg"}],"author":"ACN Press Team","twitter_card":"summary_large_image","twitter_creator":"@acn_int","twitter_site":"@acn_int","twitter_misc":{"Escrito por":"ACN Press Team","Tiempo de lectura":"5 minutos"},"schema":{"@context":"https:\/\/schema.org","@graph":[{"@type":"Article","@id":"https:\/\/acninternational.org\/es\/dos-de-cada-tres-personas-sufren-persecucion-a-causa-de-su-fe-es-inaceptable-dice-el-papa-francisco\/#article","isPartOf":{"@id":"https:\/\/acninternational.org\/es\/dos-de-cada-tres-personas-sufren-persecucion-a-causa-de-su-fe-es-inaceptable-dice-el-papa-francisco\/"},"author":{"name":"ACN Press Team","@id":"https:\/\/acninternational.org\/es\/#\/schema\/person\/7f3dafb236b242fb2aa46be1411fd703"},"headline":"Dos de cada tres personas sufren persecuci\u00f3n a causa de su fe: \u201c\u00a1Es inaceptable!\u201d dice el papa Francisco","datePublished":"2022-01-04T10:32:46+00:00","dateModified":"2024-08-08T07:32:03+00:00","mainEntityOfPage":{"@id":"https:\/\/acninternational.org\/es\/dos-de-cada-tres-personas-sufren-persecucion-a-causa-de-su-fe-es-inaceptable-dice-el-papa-francisco\/"},"wordCount":1119,"publisher":{"@id":"https:\/\/acninternational.org\/es\/#organization"},"image":{"@id":"https:\/\/acninternational.org\/es\/dos-de-cada-tres-personas-sufren-persecucion-a-causa-de-su-fe-es-inaceptable-dice-el-papa-francisco\/#primaryimage"},"thumbnailUrl":"https:\/\/media.acninternational.org\/wp-content\/uploads\/2022\/01\/Official-Image-TPV-1-2022-ES-Discriminacion-y-persecucion-religiosa-889x500-1.jpg","articleSection":["NOTICIAS","NOTICIAS"],"inLanguage":"es"},{"@type":"WebPage","@id":"https:\/\/acninternational.org\/es\/dos-de-cada-tres-personas-sufren-persecucion-a-causa-de-su-fe-es-inaceptable-dice-el-papa-francisco\/","url":"https:\/\/acninternational.org\/es\/dos-de-cada-tres-personas-sufren-persecucion-a-causa-de-su-fe-es-inaceptable-dice-el-papa-francisco\/","name":"Dos de cada tres personas sufren persecuci\u00f3n a causa de su fe: \u201c\u00a1Es inaceptable!\u201d dice el papa Francisco | ACN International","isPartOf":{"@id":"https:\/\/acninternational.org\/es\/#website"},"primaryImageOfPage":{"@id":"https:\/\/acninternational.org\/es\/dos-de-cada-tres-personas-sufren-persecucion-a-causa-de-su-fe-es-inaceptable-dice-el-papa-francisco\/#primaryimage"},"image":{"@id":"https:\/\/acninternational.org\/es\/dos-de-cada-tres-personas-sufren-persecucion-a-causa-de-su-fe-es-inaceptable-dice-el-papa-francisco\/#primaryimage"},"thumbnailUrl":"https:\/\/media.acninternational.org\/wp-content\/uploads\/2022\/01\/Official-Image-TPV-1-2022-ES-Discriminacion-y-persecucion-religiosa-889x500-1.jpg","datePublished":"2022-01-04T10:32:46+00:00","dateModified":"2024-08-08T07:32:03+00:00","breadcrumb":{"@id":"https:\/\/acninternational.org\/es\/dos-de-cada-tres-personas-sufren-persecucion-a-causa-de-su-fe-es-inaceptable-dice-el-papa-francisco\/#breadcrumb"},"inLanguage":"es","potentialAction":[{"@type":"ReadAction","target":["https:\/\/acninternational.org\/es\/dos-de-cada-tres-personas-sufren-persecucion-a-causa-de-su-fe-es-inaceptable-dice-el-papa-francisco\/"]}]},{"@type":"ImageObject","inLanguage":"es","@id":"https:\/\/acninternational.org\/es\/dos-de-cada-tres-personas-sufren-persecucion-a-causa-de-su-fe-es-inaceptable-dice-el-papa-francisco\/#primaryimage","url":"https:\/\/media.acninternational.org\/wp-content\/uploads\/2022\/01\/Official-Image-TPV-1-2022-ES-Discriminacion-y-persecucion-religiosa-889x500-1.jpg","contentUrl":"https:\/\/media.acninternational.org\/wp-content\/uploads\/2022\/01\/Official-Image-TPV-1-2022-ES-Discriminacion-y-persecucion-religiosa-889x500-1.jpg","width":1100,"height":600},{"@type":"BreadcrumbList","@id":"https:\/\/acninternational.org\/es\/dos-de-cada-tres-personas-sufren-persecucion-a-causa-de-su-fe-es-inaceptable-dice-el-papa-francisco\/#breadcrumb","itemListElement":[{"@type":"ListItem","position":1,"name":"Home","item":"https:\/\/acninternational.org\/es\/"},{"@type":"ListItem","position":2,"name":"NOTICIAS","item":"https:\/\/acninternational.org\/es\/category\/news-es\/"},{"@type":"ListItem","position":3,"name":"Dos de cada tres personas sufren persecuci\u00f3n a causa de su fe: \u201c\u00a1Es inaceptable!\u201d dice el papa Francisco"}]},{"@type":"WebSite","@id":"https:\/\/acninternational.org\/es\/#website","url":"https:\/\/acninternational.org\/es\/","name":"ACN International","description":"","publisher":{"@id":"https:\/\/acninternational.org\/es\/#organization"},"potentialAction":[{"@type":"SearchAction","target":{"@type":"EntryPoint","urlTemplate":"https:\/\/acninternational.org\/es\/?s={search_term_string}"},"query-input":{"@type":"PropertyValueSpecification","valueRequired":true,"valueName":"search_term_string"}}],"inLanguage":"es"},{"@type":"Organization","@id":"https:\/\/acninternational.org\/es\/#organization","name":"Aid to the Church in Need International","url":"https:\/\/acninternational.org\/es\/","logo":{"@type":"ImageObject","inLanguage":"es","@id":"https:\/\/acninternational.org\/es\/#\/schema\/logo\/image\/","url":"https:\/\/media.acninternational.org\/wp-content\/uploads\/2019\/11\/acn_logo_blackvector.svg","contentUrl":"https:\/\/media.acninternational.org\/wp-content\/uploads\/2019\/11\/acn_logo_blackvector.svg","width":232.6,"height":78,"caption":"Aid to the Church in Need International"},"image":{"@id":"https:\/\/acninternational.org\/es\/#\/schema\/logo\/image\/"},"sameAs":["https:\/\/www.facebook.com\/acninternationalorg","https:\/\/x.com\/acn_int","https:\/\/www.youtube.com\/channel\/UCQ-077gS0TnVzkhHmf1opZw","https:\/\/www.instagram.com\/acn_international\/"]},{"@type":"Person","@id":"https:\/\/acninternational.org\/es\/#\/schema\/person\/7f3dafb236b242fb2aa46be1411fd703","name":"ACN Press Team","description":"Lorem ipsum dolor sit amet, consectetur adipiscing elit, sed do eiusmod tempor incididunt ut labore et dolore magna aliqua. Ut enim ad minim veniam, quis nostrud exercitation ullamco laboris nisi ut aliquip ex ea commodo consequat.","url":"https:\/\/acninternational.org\/es\/author\/acn-press-team\/"}]}},"_links":{"self":[{"href":"https:\/\/acninternational.org\/es\/wp-json\/wp\/v2\/posts\/165638","targetHints":{"allow":["GET"]}}],"collection":[{"href":"https:\/\/acninternational.org\/es\/wp-json\/wp\/v2\/posts"}],"about":[{"href":"https:\/\/acninternational.org\/es\/wp-json\/wp\/v2\/types\/post"}],"author":[{"embeddable":true,"href":"https:\/\/acninternational.org\/es\/wp-json\/wp\/v2\/users\/4258341447"}],"replies":[{"embeddable":true,"href":"https:\/\/acninternational.org\/es\/wp-json\/wp\/v2\/comments?post=165638"}],"version-history":[{"count":0,"href":"https:\/\/acninternational.org\/es\/wp-json\/wp\/v2\/posts\/165638\/revisions"}],"wp:featuredmedia":[{"embeddable":true,"href":"https:\/\/acninternational.org\/es\/wp-json\/wp\/v2\/media\/165747"}],"wp:attachment":[{"href":"https:\/\/acninternational.org\/es\/wp-json\/wp\/v2\/media?parent=165638"}],"wp:term":[{"taxonomy":"category","embeddable":true,"href":"https:\/\/acninternational.org\/es\/wp-json\/wp\/v2\/categories?post=165638"},{"taxonomy":"post_tag","embeddable":true,"href":"https:\/\/acninternational.org\/es\/wp-json\/wp\/v2\/tags?post=165638"},{"taxonomy":"country","embeddable":true,"href":"https:\/\/acninternational.org\/es\/wp-json\/wp\/v2\/country?post=165638"}],"curies":[{"name":"wp","href":"https:\/\/api.w.org\/{rel}","templated":true}]}}