{"id":164157,"date":"2021-12-10T10:15:34","date_gmt":"2021-12-10T09:15:34","guid":{"rendered":"https:\/\/acninternational.org\/?p=164157"},"modified":"2021-12-10T10:15:45","modified_gmt":"2021-12-10T09:15:45","slug":"refugiados-en-nigeria-jesucristo-es-mi-salvacion-eso-es-lo-que-yo-celebro-en-navidad","status":"publish","type":"post","link":"https:\/\/acninternational.org\/es\/refugiados-en-nigeria-jesucristo-es-mi-salvacion-eso-es-lo-que-yo-celebro-en-navidad\/","title":{"rendered":"Refugiados en Nigeria: Jesucristo es mi salvaci\u00f3n, eso es lo que yo celebro en Navidad"},"content":{"rendered":"<p><em>Las v\u00edctimas de Boko Haram siguen siendo desplazados en su propia tierra, sufren de traumas y ansiedad. La amenaza no ha pasado, pero la Iglesia les trae consuelo y esperanza. <\/em><\/p>\n<p><img loading=\"lazy\" decoding=\"async\" class=\"alignnone size-large wp-image-164116\" src=\"https:\/\/media.acninternational.org\/wp-content\/uploads\/2021\/12\/ACN-20211101-118844-1024x678.jpeg\" alt=\"\" width=\"800\" height=\"530\" srcset=\"https:\/\/media.acninternational.org\/wp-content\/uploads\/2021\/12\/ACN-20211101-118844-1024x678.jpeg 1024w, https:\/\/media.acninternational.org\/wp-content\/uploads\/2021\/12\/ACN-20211101-118844-300x199.jpeg 300w, https:\/\/media.acninternational.org\/wp-content\/uploads\/2021\/12\/ACN-20211101-118844-768x509.jpeg 768w, https:\/\/media.acninternational.org\/wp-content\/uploads\/2021\/12\/ACN-20211101-118844-1536x1018.jpeg 1536w, https:\/\/media.acninternational.org\/wp-content\/uploads\/2021\/12\/ACN-20211101-118844.jpeg 1920w\" sizes=\"auto, (max-width: 800px) 100vw, 800px\" \/><\/p>\n<p>\u201cNo deber\u00eda haber noche. Querr\u00eda que siempre fuera de d\u00eda. Mis noches est\u00e1n llenas de miedo, angustia y pesadillas\u201d. Naom\u00ed es una joven nigeriana de la comunidad Pulka, asentada en los pueblos fronterizos con Camer\u00fan, a unos 120 kil\u00f3metros de Maiduguri, la capital del Estado de Borno. Como tantos de sus paisanos en el noreste de Nigeria, Noem\u00ed revive el drama una noche tras otra: que la est\u00e1n raptando, que los terroristas llegan a su ciudad, que la obligan a casarse con un terrorista de Boko Haram o que uno de los insurgentes extremistas asesina a alguien de su familia. \u201cMe da miedo que se haga de noche\u201d, confiesa la joven, una de los m\u00e1s de 30.000 desplazados internos de Pulka.<\/p>\n<p>Tambi\u00e9n Charles, un joven padre de familia de 33 a\u00f1os, tambi\u00e9n desplazado, reconoce que tiene pesadillas una y otra vez: \u201cRevivo cuando viv\u00edamos escondidos. Como los terroristas atacaban de noche, cuando oscurec\u00eda sol\u00edamos salir fuera de la aldea, escondi\u00e9ndonos. Sigo so\u00f1ando muchas noches que estoy escondido\u201d, cuenta a la fundaci\u00f3n ACN.<\/p>\n<p>Naom\u00ed y Charles viven en tiendas provisionales al lado del campo de refugiados de Pulka, conocido por Alpha, uno de los veinte campos de refugiados que hay en el Estado de Borno y uno de los seis en el distrito de Gwoza.<\/p>\n<p>Las vidas de Naom\u00ed y Charles &#8211; como las de toda la comunidad Pulka &#8211; se vieron sesgadas por los ataques de Boko Haram,. En el estado de Borno, la mayor\u00eda de la poblaci\u00f3n es musulmana y en Gwoza son casi el 90%, pero Naom\u00ed y Charles son cristianos. Los misioneros llegaron a Borno hace algo m\u00e1s de 50 a\u00f1os, trajeron la fe y con ella las primeras escuelas. Ayudaron a la poblaci\u00f3n, que estaba muy abandonada, a desarrollarse. El grupo extremista Boko Haram ten\u00eda una agenda definida, uno de sus objetivos era acabar con los cristianos y la educaci\u00f3n.<\/p>\n<p>Sin la fe algunos no hubieran soportado tanto sufrimiento, explica el padre Christopher, sacerdote cat\u00f3lico de la di\u00f3cesis de Maiduguri que atiende a los refugiados. \u201cPrimero, les met\u00edan miedo y amenazaban e instigaban para que se convirtieran. Luego, empezaron a ser m\u00e1s violentos. Los sacerdotes tuvieron que esconderse y dormir en las monta\u00f1as, pero los miembros de Boko Haram segu\u00edan persigui\u00e9ndoles e instig\u00e1ndoles. Si se convert\u00edan no les har\u00edan nada&#8230;. dec\u00edan. La situaci\u00f3n se hizo tan dif\u00edcil que entre 2015 y 2016 muchos decidieron tomar sus cosas y dejar el pa\u00eds, cruzar la frontera. Buscaron refugio en Camer\u00fan. De los que no se fueron, algunos fueron asesinados y otros lograron escapar\u201d, cuenta el sacerdote.<\/p>\n<p>Naom\u00ed y Charles, junto con la mayor\u00eda de los habitantes de la zona, dejaron todo y huyeron. \u201cLa huida no fue f\u00e1cil,\u201d cuenta Naom\u00ed que huy\u00f3 con su hermana, \u201cnuestros pies estaban hinchados, era demasiado para nosotras. Mi hermana fue capturada por Boko Haram, ten\u00eda un bebe en sus brazos y la dejaron ir por eso, resulta que ese bebe no era suyo, solo lo llevaba en ese momento, pero le salvo la vida. Muchos otros, como mi madre, fueron asesinados\u201d.<\/p>\n<p><img loading=\"lazy\" decoding=\"async\" class=\"alignnone size-large wp-image-164122\" src=\"https:\/\/media.acninternational.org\/wp-content\/uploads\/2021\/12\/ACN-20211101-118843-678x1024.jpeg\" alt=\"\" width=\"678\" height=\"1024\" srcset=\"https:\/\/media.acninternational.org\/wp-content\/uploads\/2021\/12\/ACN-20211101-118843-678x1024.jpeg 678w, https:\/\/media.acninternational.org\/wp-content\/uploads\/2021\/12\/ACN-20211101-118843-199x300.jpeg 199w, https:\/\/media.acninternational.org\/wp-content\/uploads\/2021\/12\/ACN-20211101-118843-768x1160.jpeg 768w, https:\/\/media.acninternational.org\/wp-content\/uploads\/2021\/12\/ACN-20211101-118843-1017x1536.jpeg 1017w, https:\/\/media.acninternational.org\/wp-content\/uploads\/2021\/12\/ACN-20211101-118843.jpeg 1080w\" sizes=\"auto, (max-width: 678px) 100vw, 678px\" \/><\/p>\n<p>Gran mayor\u00eda de la comunidad Pulka huy\u00f3 a Camer\u00fan, s\u00f3lo en Minawao hab\u00eda m\u00e1s de 60.000 desplazados llegados de Nigeria. All\u00ed estuvieron unos a\u00f1os, hasta que las tropas del ej\u00e9rcito nigeriano retomaron sus aldeas en Gwoza y los animaron a volver.<\/p>\n<p>Pero la situaci\u00f3n sigue siendo precaria: \u201cFuimos refugiados en Camer\u00fan, regresamos y llevamos dos a\u00f1os aqu\u00ed, pero la situaci\u00f3n no es segura. Estamos de nuevo en nuestra tierra, en nuestro territorio, en nuestra amada Pulka, pero vivimos como desplazados. Estamos m\u00e1s cerca de nuestro hogar que cuando viv\u00edamos en Camer\u00fan, pero vivimos de nuevo en peligro\u201d, dice Charles.<\/p>\n<p>\u201cNo pueden salir muy lejos de los campos de desplazados, la seguridad fuera de los campos de refugiados no est\u00e1 garantizada. En la \u00e9poca de lluvias, es todav\u00eda m\u00e1s dif\u00edcil moverse. Salen a cuidar sus cultivos, porque de algo tienen que vivir, pero hay ataques y son asesinados. No es nada f\u00e1cil, tampoco para m\u00ed es sencillo llegar hasta aqu\u00ed. Ir y venir sigue siendo un riesgo, pero todo lo que pueda hacer para ayudar a esta gente es importante para m\u00ed\u201d, explica el padre Christopher. El padre atiende a los desplazados, pero est\u00e1 viviendo en una casa abandona porque Boko Haram destruy\u00f3 la iglesia y la casa parroquial de Pulka en 2014.<\/p>\n<p>\u201cLa vida en Camer\u00fan era tan dif\u00edcil que pensamos que nunca renacer\u00eda la esperanza. El padre Christopher es una fuente de inspiraci\u00f3n para nosotros. Cuando estamos deca\u00eddos nos da \u00e1nimos, es un verdadero padre para todos nosotros, intenta cubrir el hueco que dejaron nuestros padres, porque muchos fueron asesinados. Nos cuida como si fu\u00e9ramos su propia familia.\u00a0 Dios provee y nos ayuda gracias a tanta gente en el mundo que se acuerda de nosotros. Rezamos para que Dios de fuerza a todos esos benefactores y pod\u00e1is seguir haciendo vuestra labor y apoy\u00e1ndonos\u201d, dice Naomi.<\/p>\n<p>Navidad es una \u00e9poca muy dura para la comunidad cat\u00f3lica de Pulka. \u201cAntes de la crisis, las Navidades era un tiempo de gran alegr\u00eda, porque nuestros parientes de muy lejos ven\u00edan a celebrarla con nosotros. Cuando comenzaron los ataques, la Navidad dejo de ser lo que era, no se pod\u00edan cantar villancicos en la comunidad, ni visitar las casas de los dem\u00e1s, no pod\u00edamos salir fuera de nuestras casas por la noche. La situaci\u00f3n era tan peligrosa que la Navidad dejo de ser festiva, no pod\u00edamos celebrarla\u201d, cuenta la joven a la fundaci\u00f3n ACN.<\/p>\n<p><img loading=\"lazy\" decoding=\"async\" class=\"alignnone size-large wp-image-164128\" src=\"https:\/\/media.acninternational.org\/wp-content\/uploads\/2021\/12\/ACN-20211101-118832-1024x576.jpeg\" alt=\"\" width=\"800\" height=\"450\" srcset=\"https:\/\/media.acninternational.org\/wp-content\/uploads\/2021\/12\/ACN-20211101-118832-1024x576.jpeg 1024w, https:\/\/media.acninternational.org\/wp-content\/uploads\/2021\/12\/ACN-20211101-118832-300x169.jpeg 300w, https:\/\/media.acninternational.org\/wp-content\/uploads\/2021\/12\/ACN-20211101-118832-768x432.jpeg 768w, https:\/\/media.acninternational.org\/wp-content\/uploads\/2021\/12\/ACN-20211101-118832-1536x864.jpeg 1536w, https:\/\/media.acninternational.org\/wp-content\/uploads\/2021\/12\/ACN-20211101-118832.jpeg 1920w\" sizes=\"auto, (max-width: 800px) 100vw, 800px\" \/><\/p>\n<p>Tambi\u00e9n Charles, a quien Dios ha \u201cbendecido con 4 hijos\u201d, como le gusta decir, est\u00e1 de acuerdo con que \u201ccelebrar la Navidad es duro en nuestra situaci\u00f3n, la mayor\u00eda de nosotros, que viv\u00edamos en Pulka, lo hemos perdido todo\u201d. Pero a\u00f1ade: \u201cel Evangelio me da fuerzas para aguantar todo este sufrimiento, para soportar todo lo que vemos cada d\u00eda. Jesucristo anunciaba el sufrimiento que vivimos. El sufrimiento es parte del ser cristianos. Nuestra vida est\u00e1 en sus manos. Me llena de esperanza recordar las palabras de Jes\u00fas, \u00e9l nos recompensar\u00e1 al final de nuestras vidas. Jesucristo es mi salvaci\u00f3n, eso es lo que yo celebro en Navidad\u201d.<\/p>\n<p>\u201cEs bello y doloroso al mismo tiempo.\u201d &#8211; dice el padre Christopher &#8211; \u201cEst\u00e1n fuera de sus casas, han perdido a seres queridos, pero viven la virtud de la esperanza y celebran la vida. Ellos conf\u00edan en la Iglesia, porque es la que escucha su llanto y siempre intenta secar sus l\u00e1grimas. Esa labor de los primeros misioneros hace que ellos ahora se sientan fuertes en la fe y fieles a la Iglesia\u201d.<\/p>\n<p>Naomi no tiene que pensar mucho para hacer su lista de deseos para Navidad: \u201cLo m\u00e1s necesario aqu\u00ed es comida, tiendas de campa\u00f1a y ropa&#8230; ahora tenemos incluso casos de c\u00f3lera y no tenemos lugares de atenci\u00f3n m\u00e9dica. Tambi\u00e9n ser\u00eda un regalo tener ayuda para nuestros estudios acad\u00e9micos, algunos de nosotros \u00e9ramos estudiantes antes de los ataques extremistas y tuvimos que dejarlo por no tener recursos para seguir,\u00a0 es una de las cosas que m\u00e1s nos ayudar\u00eda\u201d.<\/p>\n<p>El padre Christopher tambi\u00e9n sabe lo que quiere pedir por Navidad: \u201cMe gustar\u00eda que estas Navidades muchas personas tuvieran el deseo de ayudar a los refugiados de Pulka, en su salud corporal, espiritual y mental. Ellos quieren tener paz en sus vidas, que la paz vuelva a sus hogares. Nuestro deseo es muy sencillo: queremos vivir una vida normal y volver a nuestra vida de antes\u201d.<\/p>\n<p><em>ACN pide apoyo para varios proyectos de atenci\u00f3n a la comunidad Pulka, que incluye a unos 14.000 cat\u00f3licos. Entre ellos, una fuente de agua para los refugiados, la reconstrucci\u00f3n de la casa parroquial de san Pablo, en Pulka, para que el padre Christopher pueda alojarse all\u00ed y ayuda para las familias de 23 catequistas, que llevan a cabo la labor con los refugiados de la comunidad Pulka, en Nigeria y en Camer\u00fan.\u00a0 <\/em><\/p>\n<p>&nbsp;<\/p>\n","protected":false},"excerpt":{"rendered":"<p>Las v\u00edctimas de Boko Haram siguen siendo desplazados en su propia tierra, sufren de traumas y ansiedad. La amenaza no<\/p>\n","protected":false},"author":4258341447,"featured_media":164110,"comment_status":"closed","ping_status":"closed","sticky":false,"template":"","format":"standard","meta":{"_acf_changed":false,"_acn_coauthor_ids":[],"footnotes":""},"categories":[746],"tags":[],"country":[408],"class_list":["post-164157","post","type-post","status-publish","format-standard","has-post-thumbnail","hentry","category-noticias","country-nigeria-es"],"acn_coauthors":[],"acf":[],"yoast_head":"<!-- This site is optimized with the Yoast SEO Premium plugin v27.3 (Yoast SEO v27.3) - https:\/\/yoast.com\/product\/yoast-seo-premium-wordpress\/ -->\n<title>Refugiados en Nigeria: Jesucristo es mi salvaci\u00f3n, eso es lo que yo celebro en Navidad | ACN International<\/title>\n<meta name=\"robots\" content=\"index, follow, max-snippet:-1, max-image-preview:large, max-video-preview:-1\" \/>\n<link rel=\"canonical\" href=\"https:\/\/acninternational.org\/es\/refugiados-en-nigeria-jesucristo-es-mi-salvacion-eso-es-lo-que-yo-celebro-en-navidad\/\" \/>\n<meta property=\"og:locale\" content=\"es_ES\" \/>\n<meta property=\"og:type\" content=\"article\" \/>\n<meta property=\"og:title\" content=\"Refugiados en Nigeria: Jesucristo es mi salvaci\u00f3n, eso es lo que yo celebro en Navidad\" \/>\n<meta property=\"og:description\" content=\"Las v\u00edctimas de Boko Haram siguen siendo desplazados en su propia tierra, sufren de traumas y ansiedad. La amenaza no\" \/>\n<meta property=\"og:url\" content=\"https:\/\/acninternational.org\/es\/refugiados-en-nigeria-jesucristo-es-mi-salvacion-eso-es-lo-que-yo-celebro-en-navidad\/\" \/>\n<meta property=\"og:site_name\" content=\"ACN International\" \/>\n<meta property=\"article:publisher\" content=\"https:\/\/www.facebook.com\/acninternationalorg\" \/>\n<meta property=\"article:published_time\" content=\"2021-12-10T09:15:34+00:00\" \/>\n<meta property=\"article:modified_time\" content=\"2021-12-10T09:15:45+00:00\" \/>\n<meta property=\"og:image\" content=\"https:\/\/media.acninternational.org\/wp-content\/uploads\/2021\/12\/ACN-20211101-118831.jpeg\" \/>\n\t<meta property=\"og:image:width\" content=\"1920\" \/>\n\t<meta property=\"og:image:height\" content=\"1078\" \/>\n\t<meta property=\"og:image:type\" content=\"image\/jpeg\" \/>\n<meta name=\"author\" content=\"ACN Press Team\" \/>\n<meta name=\"twitter:card\" content=\"summary_large_image\" \/>\n<meta name=\"twitter:creator\" content=\"@acn_int\" \/>\n<meta name=\"twitter:site\" content=\"@acn_int\" \/>\n<meta name=\"twitter:label1\" content=\"Escrito por\" \/>\n\t<meta name=\"twitter:data1\" content=\"ACN Press Team\" \/>\n\t<meta name=\"twitter:label2\" content=\"Tiempo de lectura\" \/>\n\t<meta name=\"twitter:data2\" content=\"7 minutos\" \/>\n<script type=\"application\/ld+json\" class=\"yoast-schema-graph\">{\"@context\":\"https:\\\/\\\/schema.org\",\"@graph\":[{\"@type\":\"Article\",\"@id\":\"https:\\\/\\\/acninternational.org\\\/es\\\/refugiados-en-nigeria-jesucristo-es-mi-salvacion-eso-es-lo-que-yo-celebro-en-navidad\\\/#article\",\"isPartOf\":{\"@id\":\"https:\\\/\\\/acninternational.org\\\/es\\\/refugiados-en-nigeria-jesucristo-es-mi-salvacion-eso-es-lo-que-yo-celebro-en-navidad\\\/\"},\"author\":{\"name\":\"ACN Press Team\",\"@id\":\"https:\\\/\\\/acninternational.org\\\/es\\\/#\\\/schema\\\/person\\\/7f3dafb236b242fb2aa46be1411fd703\"},\"headline\":\"Refugiados en Nigeria: Jesucristo es mi salvaci\u00f3n, eso es lo que yo celebro en Navidad\",\"datePublished\":\"2021-12-10T09:15:34+00:00\",\"dateModified\":\"2021-12-10T09:15:45+00:00\",\"mainEntityOfPage\":{\"@id\":\"https:\\\/\\\/acninternational.org\\\/es\\\/refugiados-en-nigeria-jesucristo-es-mi-salvacion-eso-es-lo-que-yo-celebro-en-navidad\\\/\"},\"wordCount\":1444,\"publisher\":{\"@id\":\"https:\\\/\\\/acninternational.org\\\/es\\\/#organization\"},\"image\":{\"@id\":\"https:\\\/\\\/acninternational.org\\\/es\\\/refugiados-en-nigeria-jesucristo-es-mi-salvacion-eso-es-lo-que-yo-celebro-en-navidad\\\/#primaryimage\"},\"thumbnailUrl\":\"https:\\\/\\\/media.acninternational.org\\\/wp-content\\\/uploads\\\/2021\\\/12\\\/ACN-20211101-118831.jpeg\",\"articleSection\":[\"NOTICIAS\"],\"inLanguage\":\"es\"},{\"@type\":\"WebPage\",\"@id\":\"https:\\\/\\\/acninternational.org\\\/es\\\/refugiados-en-nigeria-jesucristo-es-mi-salvacion-eso-es-lo-que-yo-celebro-en-navidad\\\/\",\"url\":\"https:\\\/\\\/acninternational.org\\\/es\\\/refugiados-en-nigeria-jesucristo-es-mi-salvacion-eso-es-lo-que-yo-celebro-en-navidad\\\/\",\"name\":\"Refugiados en Nigeria: Jesucristo es mi salvaci\u00f3n, eso es lo que yo celebro en Navidad | ACN International\",\"isPartOf\":{\"@id\":\"https:\\\/\\\/acninternational.org\\\/es\\\/#website\"},\"primaryImageOfPage\":{\"@id\":\"https:\\\/\\\/acninternational.org\\\/es\\\/refugiados-en-nigeria-jesucristo-es-mi-salvacion-eso-es-lo-que-yo-celebro-en-navidad\\\/#primaryimage\"},\"image\":{\"@id\":\"https:\\\/\\\/acninternational.org\\\/es\\\/refugiados-en-nigeria-jesucristo-es-mi-salvacion-eso-es-lo-que-yo-celebro-en-navidad\\\/#primaryimage\"},\"thumbnailUrl\":\"https:\\\/\\\/media.acninternational.org\\\/wp-content\\\/uploads\\\/2021\\\/12\\\/ACN-20211101-118831.jpeg\",\"datePublished\":\"2021-12-10T09:15:34+00:00\",\"dateModified\":\"2021-12-10T09:15:45+00:00\",\"breadcrumb\":{\"@id\":\"https:\\\/\\\/acninternational.org\\\/es\\\/refugiados-en-nigeria-jesucristo-es-mi-salvacion-eso-es-lo-que-yo-celebro-en-navidad\\\/#breadcrumb\"},\"inLanguage\":\"es\",\"potentialAction\":[{\"@type\":\"ReadAction\",\"target\":[\"https:\\\/\\\/acninternational.org\\\/es\\\/refugiados-en-nigeria-jesucristo-es-mi-salvacion-eso-es-lo-que-yo-celebro-en-navidad\\\/\"]}]},{\"@type\":\"ImageObject\",\"inLanguage\":\"es\",\"@id\":\"https:\\\/\\\/acninternational.org\\\/es\\\/refugiados-en-nigeria-jesucristo-es-mi-salvacion-eso-es-lo-que-yo-celebro-en-navidad\\\/#primaryimage\",\"url\":\"https:\\\/\\\/media.acninternational.org\\\/wp-content\\\/uploads\\\/2021\\\/12\\\/ACN-20211101-118831.jpeg\",\"contentUrl\":\"https:\\\/\\\/media.acninternational.org\\\/wp-content\\\/uploads\\\/2021\\\/12\\\/ACN-20211101-118831.jpeg\",\"width\":1920,\"height\":1078},{\"@type\":\"BreadcrumbList\",\"@id\":\"https:\\\/\\\/acninternational.org\\\/es\\\/refugiados-en-nigeria-jesucristo-es-mi-salvacion-eso-es-lo-que-yo-celebro-en-navidad\\\/#breadcrumb\",\"itemListElement\":[{\"@type\":\"ListItem\",\"position\":1,\"name\":\"Home\",\"item\":\"https:\\\/\\\/acninternational.org\\\/es\\\/\"},{\"@type\":\"ListItem\",\"position\":2,\"name\":\"NOTICIAS\",\"item\":\"https:\\\/\\\/acninternational.org\\\/es\\\/category\\\/news-es\\\/\"},{\"@type\":\"ListItem\",\"position\":3,\"name\":\"Refugiados en Nigeria: Jesucristo es mi salvaci\u00f3n, eso es lo que yo celebro en Navidad\"}]},{\"@type\":\"WebSite\",\"@id\":\"https:\\\/\\\/acninternational.org\\\/es\\\/#website\",\"url\":\"https:\\\/\\\/acninternational.org\\\/es\\\/\",\"name\":\"ACN International\",\"description\":\"\",\"publisher\":{\"@id\":\"https:\\\/\\\/acninternational.org\\\/es\\\/#organization\"},\"potentialAction\":[{\"@type\":\"SearchAction\",\"target\":{\"@type\":\"EntryPoint\",\"urlTemplate\":\"https:\\\/\\\/acninternational.org\\\/es\\\/?s={search_term_string}\"},\"query-input\":{\"@type\":\"PropertyValueSpecification\",\"valueRequired\":true,\"valueName\":\"search_term_string\"}}],\"inLanguage\":\"es\"},{\"@type\":\"Organization\",\"@id\":\"https:\\\/\\\/acninternational.org\\\/es\\\/#organization\",\"name\":\"Aid to the Church in Need International\",\"url\":\"https:\\\/\\\/acninternational.org\\\/es\\\/\",\"logo\":{\"@type\":\"ImageObject\",\"inLanguage\":\"es\",\"@id\":\"https:\\\/\\\/acninternational.org\\\/es\\\/#\\\/schema\\\/logo\\\/image\\\/\",\"url\":\"https:\\\/\\\/media.acninternational.org\\\/wp-content\\\/uploads\\\/2019\\\/11\\\/acn_logo_blackvector.svg\",\"contentUrl\":\"https:\\\/\\\/media.acninternational.org\\\/wp-content\\\/uploads\\\/2019\\\/11\\\/acn_logo_blackvector.svg\",\"width\":232.6,\"height\":78,\"caption\":\"Aid to the Church in Need International\"},\"image\":{\"@id\":\"https:\\\/\\\/acninternational.org\\\/es\\\/#\\\/schema\\\/logo\\\/image\\\/\"},\"sameAs\":[\"https:\\\/\\\/www.facebook.com\\\/acninternationalorg\",\"https:\\\/\\\/x.com\\\/acn_int\",\"https:\\\/\\\/www.youtube.com\\\/channel\\\/UCQ-077gS0TnVzkhHmf1opZw\",\"https:\\\/\\\/www.instagram.com\\\/acn_international\\\/\"]},{\"@type\":\"Person\",\"@id\":\"https:\\\/\\\/acninternational.org\\\/es\\\/#\\\/schema\\\/person\\\/7f3dafb236b242fb2aa46be1411fd703\",\"name\":\"ACN Press Team\",\"description\":\"Lorem ipsum dolor sit amet, consectetur adipiscing elit, sed do eiusmod tempor incididunt ut labore et dolore magna aliqua. Ut enim ad minim veniam, quis nostrud exercitation ullamco laboris nisi ut aliquip ex ea commodo consequat.\",\"url\":\"https:\\\/\\\/acninternational.org\\\/es\\\/author\\\/acn-press-team\\\/\"}]}<\/script>\n<!-- \/ Yoast SEO Premium plugin. -->","yoast_head_json":{"title":"Refugiados en Nigeria: Jesucristo es mi salvaci\u00f3n, eso es lo que yo celebro en Navidad | ACN International","robots":{"index":"index","follow":"follow","max-snippet":"max-snippet:-1","max-image-preview":"max-image-preview:large","max-video-preview":"max-video-preview:-1"},"canonical":"https:\/\/acninternational.org\/es\/refugiados-en-nigeria-jesucristo-es-mi-salvacion-eso-es-lo-que-yo-celebro-en-navidad\/","og_locale":"es_ES","og_type":"article","og_title":"Refugiados en Nigeria: Jesucristo es mi salvaci\u00f3n, eso es lo que yo celebro en Navidad","og_description":"Las v\u00edctimas de Boko Haram siguen siendo desplazados en su propia tierra, sufren de traumas y ansiedad. La amenaza no","og_url":"https:\/\/acninternational.org\/es\/refugiados-en-nigeria-jesucristo-es-mi-salvacion-eso-es-lo-que-yo-celebro-en-navidad\/","og_site_name":"ACN International","article_publisher":"https:\/\/www.facebook.com\/acninternationalorg","article_published_time":"2021-12-10T09:15:34+00:00","article_modified_time":"2021-12-10T09:15:45+00:00","og_image":[{"width":1920,"height":1078,"url":"https:\/\/media.acninternational.org\/wp-content\/uploads\/2021\/12\/ACN-20211101-118831.jpeg","type":"image\/jpeg"}],"author":"ACN Press Team","twitter_card":"summary_large_image","twitter_creator":"@acn_int","twitter_site":"@acn_int","twitter_misc":{"Escrito por":"ACN Press Team","Tiempo de lectura":"7 minutos"},"schema":{"@context":"https:\/\/schema.org","@graph":[{"@type":"Article","@id":"https:\/\/acninternational.org\/es\/refugiados-en-nigeria-jesucristo-es-mi-salvacion-eso-es-lo-que-yo-celebro-en-navidad\/#article","isPartOf":{"@id":"https:\/\/acninternational.org\/es\/refugiados-en-nigeria-jesucristo-es-mi-salvacion-eso-es-lo-que-yo-celebro-en-navidad\/"},"author":{"name":"ACN Press Team","@id":"https:\/\/acninternational.org\/es\/#\/schema\/person\/7f3dafb236b242fb2aa46be1411fd703"},"headline":"Refugiados en Nigeria: Jesucristo es mi salvaci\u00f3n, eso es lo que yo celebro en Navidad","datePublished":"2021-12-10T09:15:34+00:00","dateModified":"2021-12-10T09:15:45+00:00","mainEntityOfPage":{"@id":"https:\/\/acninternational.org\/es\/refugiados-en-nigeria-jesucristo-es-mi-salvacion-eso-es-lo-que-yo-celebro-en-navidad\/"},"wordCount":1444,"publisher":{"@id":"https:\/\/acninternational.org\/es\/#organization"},"image":{"@id":"https:\/\/acninternational.org\/es\/refugiados-en-nigeria-jesucristo-es-mi-salvacion-eso-es-lo-que-yo-celebro-en-navidad\/#primaryimage"},"thumbnailUrl":"https:\/\/media.acninternational.org\/wp-content\/uploads\/2021\/12\/ACN-20211101-118831.jpeg","articleSection":["NOTICIAS"],"inLanguage":"es"},{"@type":"WebPage","@id":"https:\/\/acninternational.org\/es\/refugiados-en-nigeria-jesucristo-es-mi-salvacion-eso-es-lo-que-yo-celebro-en-navidad\/","url":"https:\/\/acninternational.org\/es\/refugiados-en-nigeria-jesucristo-es-mi-salvacion-eso-es-lo-que-yo-celebro-en-navidad\/","name":"Refugiados en Nigeria: Jesucristo es mi salvaci\u00f3n, eso es lo que yo celebro en Navidad | ACN International","isPartOf":{"@id":"https:\/\/acninternational.org\/es\/#website"},"primaryImageOfPage":{"@id":"https:\/\/acninternational.org\/es\/refugiados-en-nigeria-jesucristo-es-mi-salvacion-eso-es-lo-que-yo-celebro-en-navidad\/#primaryimage"},"image":{"@id":"https:\/\/acninternational.org\/es\/refugiados-en-nigeria-jesucristo-es-mi-salvacion-eso-es-lo-que-yo-celebro-en-navidad\/#primaryimage"},"thumbnailUrl":"https:\/\/media.acninternational.org\/wp-content\/uploads\/2021\/12\/ACN-20211101-118831.jpeg","datePublished":"2021-12-10T09:15:34+00:00","dateModified":"2021-12-10T09:15:45+00:00","breadcrumb":{"@id":"https:\/\/acninternational.org\/es\/refugiados-en-nigeria-jesucristo-es-mi-salvacion-eso-es-lo-que-yo-celebro-en-navidad\/#breadcrumb"},"inLanguage":"es","potentialAction":[{"@type":"ReadAction","target":["https:\/\/acninternational.org\/es\/refugiados-en-nigeria-jesucristo-es-mi-salvacion-eso-es-lo-que-yo-celebro-en-navidad\/"]}]},{"@type":"ImageObject","inLanguage":"es","@id":"https:\/\/acninternational.org\/es\/refugiados-en-nigeria-jesucristo-es-mi-salvacion-eso-es-lo-que-yo-celebro-en-navidad\/#primaryimage","url":"https:\/\/media.acninternational.org\/wp-content\/uploads\/2021\/12\/ACN-20211101-118831.jpeg","contentUrl":"https:\/\/media.acninternational.org\/wp-content\/uploads\/2021\/12\/ACN-20211101-118831.jpeg","width":1920,"height":1078},{"@type":"BreadcrumbList","@id":"https:\/\/acninternational.org\/es\/refugiados-en-nigeria-jesucristo-es-mi-salvacion-eso-es-lo-que-yo-celebro-en-navidad\/#breadcrumb","itemListElement":[{"@type":"ListItem","position":1,"name":"Home","item":"https:\/\/acninternational.org\/es\/"},{"@type":"ListItem","position":2,"name":"NOTICIAS","item":"https:\/\/acninternational.org\/es\/category\/news-es\/"},{"@type":"ListItem","position":3,"name":"Refugiados en Nigeria: Jesucristo es mi salvaci\u00f3n, eso es lo que yo celebro en Navidad"}]},{"@type":"WebSite","@id":"https:\/\/acninternational.org\/es\/#website","url":"https:\/\/acninternational.org\/es\/","name":"ACN International","description":"","publisher":{"@id":"https:\/\/acninternational.org\/es\/#organization"},"potentialAction":[{"@type":"SearchAction","target":{"@type":"EntryPoint","urlTemplate":"https:\/\/acninternational.org\/es\/?s={search_term_string}"},"query-input":{"@type":"PropertyValueSpecification","valueRequired":true,"valueName":"search_term_string"}}],"inLanguage":"es"},{"@type":"Organization","@id":"https:\/\/acninternational.org\/es\/#organization","name":"Aid to the Church in Need International","url":"https:\/\/acninternational.org\/es\/","logo":{"@type":"ImageObject","inLanguage":"es","@id":"https:\/\/acninternational.org\/es\/#\/schema\/logo\/image\/","url":"https:\/\/media.acninternational.org\/wp-content\/uploads\/2019\/11\/acn_logo_blackvector.svg","contentUrl":"https:\/\/media.acninternational.org\/wp-content\/uploads\/2019\/11\/acn_logo_blackvector.svg","width":232.6,"height":78,"caption":"Aid to the Church in Need International"},"image":{"@id":"https:\/\/acninternational.org\/es\/#\/schema\/logo\/image\/"},"sameAs":["https:\/\/www.facebook.com\/acninternationalorg","https:\/\/x.com\/acn_int","https:\/\/www.youtube.com\/channel\/UCQ-077gS0TnVzkhHmf1opZw","https:\/\/www.instagram.com\/acn_international\/"]},{"@type":"Person","@id":"https:\/\/acninternational.org\/es\/#\/schema\/person\/7f3dafb236b242fb2aa46be1411fd703","name":"ACN Press Team","description":"Lorem ipsum dolor sit amet, consectetur adipiscing elit, sed do eiusmod tempor incididunt ut labore et dolore magna aliqua. Ut enim ad minim veniam, quis nostrud exercitation ullamco laboris nisi ut aliquip ex ea commodo consequat.","url":"https:\/\/acninternational.org\/es\/author\/acn-press-team\/"}]}},"_links":{"self":[{"href":"https:\/\/acninternational.org\/es\/wp-json\/wp\/v2\/posts\/164157","targetHints":{"allow":["GET"]}}],"collection":[{"href":"https:\/\/acninternational.org\/es\/wp-json\/wp\/v2\/posts"}],"about":[{"href":"https:\/\/acninternational.org\/es\/wp-json\/wp\/v2\/types\/post"}],"author":[{"embeddable":true,"href":"https:\/\/acninternational.org\/es\/wp-json\/wp\/v2\/users\/4258341447"}],"replies":[{"embeddable":true,"href":"https:\/\/acninternational.org\/es\/wp-json\/wp\/v2\/comments?post=164157"}],"version-history":[{"count":0,"href":"https:\/\/acninternational.org\/es\/wp-json\/wp\/v2\/posts\/164157\/revisions"}],"wp:featuredmedia":[{"embeddable":true,"href":"https:\/\/acninternational.org\/es\/wp-json\/wp\/v2\/media\/164110"}],"wp:attachment":[{"href":"https:\/\/acninternational.org\/es\/wp-json\/wp\/v2\/media?parent=164157"}],"wp:term":[{"taxonomy":"category","embeddable":true,"href":"https:\/\/acninternational.org\/es\/wp-json\/wp\/v2\/categories?post=164157"},{"taxonomy":"post_tag","embeddable":true,"href":"https:\/\/acninternational.org\/es\/wp-json\/wp\/v2\/tags?post=164157"},{"taxonomy":"country","embeddable":true,"href":"https:\/\/acninternational.org\/es\/wp-json\/wp\/v2\/country?post=164157"}],"curies":[{"name":"wp","href":"https:\/\/api.w.org\/{rel}","templated":true}]}}