{"id":162649,"date":"2021-11-19T12:35:39","date_gmt":"2021-11-19T11:35:39","guid":{"rendered":"https:\/\/acninternational.org\/?p=162649"},"modified":"2021-11-19T12:38:54","modified_gmt":"2021-11-19T11:38:54","slug":"hinduistas-radicales-acusan-a-dos-religiosas-de-conversiones-ilegales-en-la-india","status":"publish","type":"post","link":"https:\/\/acninternational.org\/es\/hinduistas-radicales-acusan-a-dos-religiosas-de-conversiones-ilegales-en-la-india\/","title":{"rendered":"Hinduistas radicales acusan a dos religiosas de conversiones ilegales en la India"},"content":{"rendered":"<p><em>En el informe \u2019Cristianos atacados en la India\u2019, elaborado por varias ONG cristianas y publicado a finales de octubre de 2021, se registran 300 incidentes anticristianos en lo que va de a\u00f1o. En uno de los casos, dos religiosas cat\u00f3licas fueron llevadas a la fuerza a una comisar\u00eda por una turba que las acusaba de conversiones ilegales. \u2018Ayuda a la Iglesia Necesitada\u2019 ha hablado con las religiosas. <\/em><\/p>\n<p><em>\u00a0<\/em>Las dos religiosas cat\u00f3licas todav\u00eda se est\u00e1n recuperando del susto: una turba hinduista las agarr\u00f3 por la fuerza en una parada de autob\u00fas y las llev\u00f3 a una comisar\u00eda en Bhopal (distrito de Mau), en el estado de Uttar Pradesh, al norte de la India.<\/p>\n<p>La Hna. Monteiro, de la Congregaci\u00f3n de las Ursulinas Franciscanas, hab\u00eda acompa\u00f1ado a la parada del autob\u00fas a su compa\u00f1era, la Hna. Roshi Minj, que iba a visitar a su padre enfermo en el estado de Jharkhand, al este de la India, cuando se produjo el incidente.<\/p>\n<p><img loading=\"lazy\" decoding=\"async\" class=\"alignnone size-full wp-image-162641\" src=\"https:\/\/media.acninternational.org\/wp-content\/uploads\/2021\/11\/acn-news_india_Radical-Hindus-accuse-two-nuns-of-illegal-conversions-in-India-3.jpg\" alt=\"\" width=\"670\" height=\"400\" srcset=\"https:\/\/media.acninternational.org\/wp-content\/uploads\/2021\/11\/acn-news_india_Radical-Hindus-accuse-two-nuns-of-illegal-conversions-in-India-3.jpg 670w, https:\/\/media.acninternational.org\/wp-content\/uploads\/2021\/11\/acn-news_india_Radical-Hindus-accuse-two-nuns-of-illegal-conversions-in-India-3-300x179.jpg 300w\" sizes=\"auto, (max-width: 670px) 100vw, 670px\" \/><\/p>\n<p>\u201cCuando dej\u00e9 a la Hna. Minj en la parada y volv\u00ed a nuestro todoterreno, un grupo de hombres hinduistas empez\u00f3 a insultar al conductor y trat\u00f3 de sacarlo de su asiento\u201d, ha relatado la Hna. Monteiro a <em>Ayuda a la Iglesia Necesitada <\/em>(ACN), a\u00f1adiendo: \u201cTodav\u00eda estoy en shock. Intervine para ayudar al conductor,\u00a0 pregunt\u00e9 a los hombres qu\u00e9 quer\u00edan y por qu\u00e9 nos estaban acosando. Entonces nos respondieron a gritos, acus\u00e1ndonos de haber convertido a un hind\u00fa al cristianismo\u201d.<\/p>\n<p>\u201cEntonces descubrieron a la Hna. Minj, que tambi\u00e9n fue arrastrada a la fuerza de la parada del autob\u00fas, y nos llevaron a la comisar\u00eda de polic\u00eda\u201d. Mientras las llevaban a la comisar\u00eda, la turba coreaba consignas anticristianas.<\/p>\n<p>Las religiosas fueron obligadas a permanecer en la comisar\u00eda durante m\u00e1s de seis horas y no fueron liberadas hasta la noche, tras la intervenci\u00f3n de funcionarios superiores.<\/p>\n<p>Seg\u00fan las hermanas, no fueron maltratadas por los agentes de polic\u00eda. Pero estos las obligaron a esperar, debido a la amenaza de la turba hinduista que permanec\u00eda en el exterior exigiendo que se actuara contra ellas por supuesta conversi\u00f3n ilegal.<\/p>\n<p>Uttar Pradesh, el estado m\u00e1s poblado de la India, prohibi\u00f3 la conversi\u00f3n religiosa mediante un decreto en noviembre de 2020, que fue promulgado como ley por la Asamblea Estatal de Uttar Pradesh en febrero de este a\u00f1o. Esta ley prev\u00e9 hasta diez a\u00f1os de c\u00e1rcel por convertir a alguien mediante la seducci\u00f3n, la fuerza, la coacci\u00f3n o el fraude, entre otros.<\/p>\n<p><img loading=\"lazy\" decoding=\"async\" class=\"alignnone size-full wp-image-162629\" src=\"https:\/\/media.acninternational.org\/wp-content\/uploads\/2021\/11\/acn-news_india_Radical-Hindus-accuse-two-nuns-of-illegal-conversions-in-India-1.jpg\" alt=\"\" width=\"670\" height=\"400\" srcset=\"https:\/\/media.acninternational.org\/wp-content\/uploads\/2021\/11\/acn-news_india_Radical-Hindus-accuse-two-nuns-of-illegal-conversions-in-India-1.jpg 670w, https:\/\/media.acninternational.org\/wp-content\/uploads\/2021\/11\/acn-news_india_Radical-Hindus-accuse-two-nuns-of-illegal-conversions-in-India-1-300x179.jpg 300w\" sizes=\"auto, (max-width: 670px) 100vw, 670px\" \/><\/p>\n<p>Uttar Pradesh es el \u00faltimo de los ocho estados de la India donde se han introducido leyes para regular la conversi\u00f3n religiosa. Los l\u00edderes eclesi\u00e1sticos cuestionan su legalidad, alegando que violan la Constituci\u00f3n india, que permite a los ciudadanos profesar la religi\u00f3n de su elecci\u00f3n y les garantiza la libertad de propagarla.<\/p>\n<p>\u201cNo hemos hecho nada malo ni ilegal pero, a la vista de todo el mundo, nos han llevado a la fuerza a la comisar\u00eda. Es bastante chocante, nunca imaginamos que pudiera pasarnos algo as\u00ed en la vida\u201d, ha se\u00f1alado la Hna. Monteiro, religiosa desde hace 21 a\u00f1os y actualmente directora de una escuela de secundaria gestionada por la Iglesia.<\/p>\n<p>\u201cNadie se espera ser tratado as\u00ed en p\u00fablico. Los hombres nos rodearon como si fu\u00e9ramos seres asociales\u201d, ha dicho la Hna. Minj a ACN.<\/p>\n<p>\u201cCuando me obligaron a acompa\u00f1arlos, primero pens\u00e9 que algo deb\u00eda haberle pasado a la Hna. Monteiro, pero, al llegar junto a ella, me di cuenta de que sus gritos iban dirigidos contra los cristianos y que nos acusaban de haber convertido a alguien\u201d.<\/p>\n<p>\u201cUna cosa es cierta: la vida de los misioneros cristianos, y especialmente de las religiosas que visten sus h\u00e1bitos religiosos, ya no ser\u00e1 la misma en Uttar Pradesh\u201d, ha asegurado la Hna. Minj, que tambi\u00e9n es enfermera.<\/p>\n<p><img loading=\"lazy\" decoding=\"async\" class=\"alignnone size-full wp-image-162635\" src=\"https:\/\/media.acninternational.org\/wp-content\/uploads\/2021\/11\/acn-news_india_Radical-Hindus-accuse-two-nuns-of-illegal-conversions-in-India-2.jpg\" alt=\"\" width=\"670\" height=\"400\" srcset=\"https:\/\/media.acninternational.org\/wp-content\/uploads\/2021\/11\/acn-news_india_Radical-Hindus-accuse-two-nuns-of-illegal-conversions-in-India-2.jpg 670w, https:\/\/media.acninternational.org\/wp-content\/uploads\/2021\/11\/acn-news_india_Radical-Hindus-accuse-two-nuns-of-illegal-conversions-in-India-2-300x179.jpg 300w\" sizes=\"auto, (max-width: 670px) 100vw, 670px\" \/><\/p>\n<p>Uttar Pradesh, actualmente, est\u00e1 gobernado\u00a0 por el monje hind\u00fa Yogi Adityanath, miembro del partido nacionalista hinduista Bharatiya Janata (BJP). Desde que Adityanath asumi\u00f3 el poder, en marzo de 2017, Uttar Pradesh ha registrado 384 ataques contra la minor\u00eda cristiana. Tambi\u00e9n los musulmanes sufren ataques similares por parte de influyentes grupos radicales hinduistas, que cuentan con el apoyo t\u00e1cito de los organismos gubernamentales.<\/p>\n<p>\u201cCuido de mis pacientes cada d\u00eda sin pararme a pensar, pero las cosas han cambiado mucho despu\u00e9s de este incidente\u201d, ha dicho la Hna. Minj, a\u00f1adiendo:\u00a0 \u201ccontinuaremos con nuestra misi\u00f3n a pesar de todos los desaf\u00edos y la persecuci\u00f3n\u201d.<\/p>\n<p>El mismo d\u00eda en que las religiosas fueron atacadas, la polic\u00eda tambi\u00e9n arrest\u00f3 a siete protestantes, entre ellos tres mujeres, calificando un encuentro de oraci\u00f3n como una ceremonia de conversiones religiosas ilegales. Es posible, que la turba hinduista pensara inicialmente que las monjas estaban llevando a personas a dicho encuentro.<\/p>\n<p>Aunque los cristianos solo representan el 0,18%, de los 200 millones de habitantes del estado de Uttar Pradesh, los grupos extremistas hinduistas siguen atacando a los fieles por supuestos casos de conversi\u00f3n religiosa, interrumpiendo a menudo los encuentros de oraci\u00f3n y otras actividades.<\/p>\n","protected":false},"excerpt":{"rendered":"<p>En el informe \u2019Cristianos atacados en la India\u2019 se registran 300 incidentes anticristianos en lo que va de a\u00f1o<\/p>\n","protected":false},"author":66,"featured_media":162647,"comment_status":"closed","ping_status":"closed","sticky":false,"template":"","format":"standard","meta":{"_acf_changed":false,"_acn_coauthor_ids":[],"_acn_featured_article":false,"footnotes":""},"categories":[746,1254],"tags":[],"country":[387],"class_list":["post-162649","post","type-post","status-publish","format-standard","has-post-thumbnail","hentry","category-noticias","category-news-es","country-india-es"],"acn_coauthors":[],"acf":[],"yoast_head":"<!-- This site is optimized with the Yoast SEO Premium plugin v27.5 (Yoast SEO v27.5) - https:\/\/yoast.com\/product\/yoast-seo-premium-wordpress\/ -->\n<title>Hinduistas radicales acusan a dos religiosas de conversiones ilegales en la India | ACN International<\/title>\n<meta name=\"robots\" content=\"index, follow, max-snippet:-1, max-image-preview:large, max-video-preview:-1\" \/>\n<link rel=\"canonical\" href=\"https:\/\/acninternational.org\/es\/hinduistas-radicales-acusan-a-dos-religiosas-de-conversiones-ilegales-en-la-india\/\" \/>\n<meta property=\"og:locale\" content=\"es_ES\" \/>\n<meta property=\"og:type\" content=\"article\" \/>\n<meta property=\"og:title\" content=\"Hinduistas radicales acusan a dos religiosas de conversiones ilegales en la India\" \/>\n<meta property=\"og:description\" content=\"En el informe \u2019Cristianos atacados en la India\u2019 se registran 300 incidentes anticristianos en lo que va de a\u00f1o\" \/>\n<meta property=\"og:url\" content=\"https:\/\/acninternational.org\/es\/hinduistas-radicales-acusan-a-dos-religiosas-de-conversiones-ilegales-en-la-india\/\" \/>\n<meta property=\"og:site_name\" content=\"ACN International\" \/>\n<meta property=\"article:publisher\" content=\"https:\/\/www.facebook.com\/acninternationalorg\" \/>\n<meta property=\"article:published_time\" content=\"2021-11-19T11:35:39+00:00\" \/>\n<meta property=\"article:modified_time\" content=\"2021-11-19T11:38:54+00:00\" \/>\n<meta property=\"og:image\" content=\"https:\/\/media.acninternational.org\/wp-content\/uploads\/2021\/11\/acn-news_india_Radical-Hindus-accuse-two-nuns-of-illegal-conversions-in-India.jpg\" \/>\n\t<meta property=\"og:image:width\" content=\"2000\" \/>\n\t<meta property=\"og:image:height\" content=\"625\" \/>\n\t<meta property=\"og:image:type\" content=\"image\/jpeg\" \/>\n<meta name=\"author\" content=\"Milena\" \/>\n<meta name=\"twitter:card\" content=\"summary_large_image\" \/>\n<meta name=\"twitter:creator\" content=\"@acn_int\" \/>\n<meta name=\"twitter:site\" content=\"@acn_int\" \/>\n<meta name=\"twitter:label1\" content=\"Escrito por\" \/>\n\t<meta name=\"twitter:data1\" content=\"Milena\" \/>\n\t<meta name=\"twitter:label2\" content=\"Tiempo de lectura\" \/>\n\t<meta name=\"twitter:data2\" content=\"5 minutos\" \/>\n<script type=\"application\/ld+json\" class=\"yoast-schema-graph\">{\"@context\":\"https:\\\/\\\/schema.org\",\"@graph\":[{\"@type\":\"Article\",\"@id\":\"https:\\\/\\\/acninternational.org\\\/es\\\/hinduistas-radicales-acusan-a-dos-religiosas-de-conversiones-ilegales-en-la-india\\\/#article\",\"isPartOf\":{\"@id\":\"https:\\\/\\\/acninternational.org\\\/es\\\/hinduistas-radicales-acusan-a-dos-religiosas-de-conversiones-ilegales-en-la-india\\\/\"},\"author\":{\"name\":\"Milena\",\"@id\":\"https:\\\/\\\/acninternational.org\\\/es\\\/#\\\/schema\\\/person\\\/5a2b2930ad4475e0aa0dade4e51d9474\"},\"headline\":\"Hinduistas radicales acusan a dos religiosas de conversiones ilegales en la India\",\"datePublished\":\"2021-11-19T11:35:39+00:00\",\"dateModified\":\"2021-11-19T11:38:54+00:00\",\"mainEntityOfPage\":{\"@id\":\"https:\\\/\\\/acninternational.org\\\/es\\\/hinduistas-radicales-acusan-a-dos-religiosas-de-conversiones-ilegales-en-la-india\\\/\"},\"wordCount\":882,\"publisher\":{\"@id\":\"https:\\\/\\\/acninternational.org\\\/es\\\/#organization\"},\"image\":{\"@id\":\"https:\\\/\\\/acninternational.org\\\/es\\\/hinduistas-radicales-acusan-a-dos-religiosas-de-conversiones-ilegales-en-la-india\\\/#primaryimage\"},\"thumbnailUrl\":\"https:\\\/\\\/media.acninternational.org\\\/wp-content\\\/uploads\\\/2021\\\/11\\\/acn-news_india_Radical-Hindus-accuse-two-nuns-of-illegal-conversions-in-India.jpg\",\"articleSection\":[\"NOTICIAS\",\"NOTICIAS\"],\"inLanguage\":\"es\"},{\"@type\":\"WebPage\",\"@id\":\"https:\\\/\\\/acninternational.org\\\/es\\\/hinduistas-radicales-acusan-a-dos-religiosas-de-conversiones-ilegales-en-la-india\\\/\",\"url\":\"https:\\\/\\\/acninternational.org\\\/es\\\/hinduistas-radicales-acusan-a-dos-religiosas-de-conversiones-ilegales-en-la-india\\\/\",\"name\":\"Hinduistas radicales acusan a dos religiosas de conversiones ilegales en la India | ACN International\",\"isPartOf\":{\"@id\":\"https:\\\/\\\/acninternational.org\\\/es\\\/#website\"},\"primaryImageOfPage\":{\"@id\":\"https:\\\/\\\/acninternational.org\\\/es\\\/hinduistas-radicales-acusan-a-dos-religiosas-de-conversiones-ilegales-en-la-india\\\/#primaryimage\"},\"image\":{\"@id\":\"https:\\\/\\\/acninternational.org\\\/es\\\/hinduistas-radicales-acusan-a-dos-religiosas-de-conversiones-ilegales-en-la-india\\\/#primaryimage\"},\"thumbnailUrl\":\"https:\\\/\\\/media.acninternational.org\\\/wp-content\\\/uploads\\\/2021\\\/11\\\/acn-news_india_Radical-Hindus-accuse-two-nuns-of-illegal-conversions-in-India.jpg\",\"datePublished\":\"2021-11-19T11:35:39+00:00\",\"dateModified\":\"2021-11-19T11:38:54+00:00\",\"breadcrumb\":{\"@id\":\"https:\\\/\\\/acninternational.org\\\/es\\\/hinduistas-radicales-acusan-a-dos-religiosas-de-conversiones-ilegales-en-la-india\\\/#breadcrumb\"},\"inLanguage\":\"es\",\"potentialAction\":[{\"@type\":\"ReadAction\",\"target\":[\"https:\\\/\\\/acninternational.org\\\/es\\\/hinduistas-radicales-acusan-a-dos-religiosas-de-conversiones-ilegales-en-la-india\\\/\"]}]},{\"@type\":\"ImageObject\",\"inLanguage\":\"es\",\"@id\":\"https:\\\/\\\/acninternational.org\\\/es\\\/hinduistas-radicales-acusan-a-dos-religiosas-de-conversiones-ilegales-en-la-india\\\/#primaryimage\",\"url\":\"https:\\\/\\\/media.acninternational.org\\\/wp-content\\\/uploads\\\/2021\\\/11\\\/acn-news_india_Radical-Hindus-accuse-two-nuns-of-illegal-conversions-in-India.jpg\",\"contentUrl\":\"https:\\\/\\\/media.acninternational.org\\\/wp-content\\\/uploads\\\/2021\\\/11\\\/acn-news_india_Radical-Hindus-accuse-two-nuns-of-illegal-conversions-in-India.jpg\",\"width\":2000,\"height\":625},{\"@type\":\"BreadcrumbList\",\"@id\":\"https:\\\/\\\/acninternational.org\\\/es\\\/hinduistas-radicales-acusan-a-dos-religiosas-de-conversiones-ilegales-en-la-india\\\/#breadcrumb\",\"itemListElement\":[{\"@type\":\"ListItem\",\"position\":1,\"name\":\"Home\",\"item\":\"https:\\\/\\\/acninternational.org\\\/es\\\/\"},{\"@type\":\"ListItem\",\"position\":2,\"name\":\"NOTICIAS\",\"item\":\"https:\\\/\\\/acninternational.org\\\/es\\\/category\\\/news-es\\\/\"},{\"@type\":\"ListItem\",\"position\":3,\"name\":\"Hinduistas radicales acusan a dos religiosas de conversiones ilegales en la India\"}]},{\"@type\":\"WebSite\",\"@id\":\"https:\\\/\\\/acninternational.org\\\/es\\\/#website\",\"url\":\"https:\\\/\\\/acninternational.org\\\/es\\\/\",\"name\":\"ACN International\",\"description\":\"\",\"publisher\":{\"@id\":\"https:\\\/\\\/acninternational.org\\\/es\\\/#organization\"},\"potentialAction\":[{\"@type\":\"SearchAction\",\"target\":{\"@type\":\"EntryPoint\",\"urlTemplate\":\"https:\\\/\\\/acninternational.org\\\/es\\\/?s={search_term_string}\"},\"query-input\":{\"@type\":\"PropertyValueSpecification\",\"valueRequired\":true,\"valueName\":\"search_term_string\"}}],\"inLanguage\":\"es\"},{\"@type\":\"Organization\",\"@id\":\"https:\\\/\\\/acninternational.org\\\/es\\\/#organization\",\"name\":\"Aid to the Church in Need International\",\"url\":\"https:\\\/\\\/acninternational.org\\\/es\\\/\",\"logo\":{\"@type\":\"ImageObject\",\"inLanguage\":\"es\",\"@id\":\"https:\\\/\\\/acninternational.org\\\/es\\\/#\\\/schema\\\/logo\\\/image\\\/\",\"url\":\"https:\\\/\\\/media.acninternational.org\\\/wp-content\\\/uploads\\\/2019\\\/11\\\/acn_logo_blackvector.svg\",\"contentUrl\":\"https:\\\/\\\/media.acninternational.org\\\/wp-content\\\/uploads\\\/2019\\\/11\\\/acn_logo_blackvector.svg\",\"width\":232.6,\"height\":78,\"caption\":\"Aid to the Church in Need International\"},\"image\":{\"@id\":\"https:\\\/\\\/acninternational.org\\\/es\\\/#\\\/schema\\\/logo\\\/image\\\/\"},\"sameAs\":[\"https:\\\/\\\/www.facebook.com\\\/acninternationalorg\",\"https:\\\/\\\/x.com\\\/acn_int\",\"https:\\\/\\\/www.youtube.com\\\/channel\\\/UCQ-077gS0TnVzkhHmf1opZw\",\"https:\\\/\\\/www.instagram.com\\\/acn_international\\\/\"]},{\"@type\":\"Person\",\"@id\":\"https:\\\/\\\/acninternational.org\\\/es\\\/#\\\/schema\\\/person\\\/5a2b2930ad4475e0aa0dade4e51d9474\",\"name\":\"Milena\",\"description\":\"Lorem ipsum dolor sit amet, consectetur adipiscing elit, sed do eiusmod tempor incididunt ut labore et dolore magna aliqua. Ut enim ad minim veniam, quis nostrud exercitation ullamco laboris nisi ut aliquip ex ea commodo consequat.\",\"url\":\"https:\\\/\\\/acninternational.org\\\/es\\\/author\\\/milena\\\/\"}]}<\/script>\n<!-- \/ Yoast SEO Premium plugin. -->","yoast_head_json":{"title":"Hinduistas radicales acusan a dos religiosas de conversiones ilegales en la India | ACN International","robots":{"index":"index","follow":"follow","max-snippet":"max-snippet:-1","max-image-preview":"max-image-preview:large","max-video-preview":"max-video-preview:-1"},"canonical":"https:\/\/acninternational.org\/es\/hinduistas-radicales-acusan-a-dos-religiosas-de-conversiones-ilegales-en-la-india\/","og_locale":"es_ES","og_type":"article","og_title":"Hinduistas radicales acusan a dos religiosas de conversiones ilegales en la India","og_description":"En el informe \u2019Cristianos atacados en la India\u2019 se registran 300 incidentes anticristianos en lo que va de a\u00f1o","og_url":"https:\/\/acninternational.org\/es\/hinduistas-radicales-acusan-a-dos-religiosas-de-conversiones-ilegales-en-la-india\/","og_site_name":"ACN International","article_publisher":"https:\/\/www.facebook.com\/acninternationalorg","article_published_time":"2021-11-19T11:35:39+00:00","article_modified_time":"2021-11-19T11:38:54+00:00","og_image":[{"width":2000,"height":625,"url":"https:\/\/media.acninternational.org\/wp-content\/uploads\/2021\/11\/acn-news_india_Radical-Hindus-accuse-two-nuns-of-illegal-conversions-in-India.jpg","type":"image\/jpeg"}],"author":"Milena","twitter_card":"summary_large_image","twitter_creator":"@acn_int","twitter_site":"@acn_int","twitter_misc":{"Escrito por":"Milena","Tiempo de lectura":"5 minutos"},"schema":{"@context":"https:\/\/schema.org","@graph":[{"@type":"Article","@id":"https:\/\/acninternational.org\/es\/hinduistas-radicales-acusan-a-dos-religiosas-de-conversiones-ilegales-en-la-india\/#article","isPartOf":{"@id":"https:\/\/acninternational.org\/es\/hinduistas-radicales-acusan-a-dos-religiosas-de-conversiones-ilegales-en-la-india\/"},"author":{"name":"Milena","@id":"https:\/\/acninternational.org\/es\/#\/schema\/person\/5a2b2930ad4475e0aa0dade4e51d9474"},"headline":"Hinduistas radicales acusan a dos religiosas de conversiones ilegales en la India","datePublished":"2021-11-19T11:35:39+00:00","dateModified":"2021-11-19T11:38:54+00:00","mainEntityOfPage":{"@id":"https:\/\/acninternational.org\/es\/hinduistas-radicales-acusan-a-dos-religiosas-de-conversiones-ilegales-en-la-india\/"},"wordCount":882,"publisher":{"@id":"https:\/\/acninternational.org\/es\/#organization"},"image":{"@id":"https:\/\/acninternational.org\/es\/hinduistas-radicales-acusan-a-dos-religiosas-de-conversiones-ilegales-en-la-india\/#primaryimage"},"thumbnailUrl":"https:\/\/media.acninternational.org\/wp-content\/uploads\/2021\/11\/acn-news_india_Radical-Hindus-accuse-two-nuns-of-illegal-conversions-in-India.jpg","articleSection":["NOTICIAS","NOTICIAS"],"inLanguage":"es"},{"@type":"WebPage","@id":"https:\/\/acninternational.org\/es\/hinduistas-radicales-acusan-a-dos-religiosas-de-conversiones-ilegales-en-la-india\/","url":"https:\/\/acninternational.org\/es\/hinduistas-radicales-acusan-a-dos-religiosas-de-conversiones-ilegales-en-la-india\/","name":"Hinduistas radicales acusan a dos religiosas de conversiones ilegales en la India | ACN International","isPartOf":{"@id":"https:\/\/acninternational.org\/es\/#website"},"primaryImageOfPage":{"@id":"https:\/\/acninternational.org\/es\/hinduistas-radicales-acusan-a-dos-religiosas-de-conversiones-ilegales-en-la-india\/#primaryimage"},"image":{"@id":"https:\/\/acninternational.org\/es\/hinduistas-radicales-acusan-a-dos-religiosas-de-conversiones-ilegales-en-la-india\/#primaryimage"},"thumbnailUrl":"https:\/\/media.acninternational.org\/wp-content\/uploads\/2021\/11\/acn-news_india_Radical-Hindus-accuse-two-nuns-of-illegal-conversions-in-India.jpg","datePublished":"2021-11-19T11:35:39+00:00","dateModified":"2021-11-19T11:38:54+00:00","breadcrumb":{"@id":"https:\/\/acninternational.org\/es\/hinduistas-radicales-acusan-a-dos-religiosas-de-conversiones-ilegales-en-la-india\/#breadcrumb"},"inLanguage":"es","potentialAction":[{"@type":"ReadAction","target":["https:\/\/acninternational.org\/es\/hinduistas-radicales-acusan-a-dos-religiosas-de-conversiones-ilegales-en-la-india\/"]}]},{"@type":"ImageObject","inLanguage":"es","@id":"https:\/\/acninternational.org\/es\/hinduistas-radicales-acusan-a-dos-religiosas-de-conversiones-ilegales-en-la-india\/#primaryimage","url":"https:\/\/media.acninternational.org\/wp-content\/uploads\/2021\/11\/acn-news_india_Radical-Hindus-accuse-two-nuns-of-illegal-conversions-in-India.jpg","contentUrl":"https:\/\/media.acninternational.org\/wp-content\/uploads\/2021\/11\/acn-news_india_Radical-Hindus-accuse-two-nuns-of-illegal-conversions-in-India.jpg","width":2000,"height":625},{"@type":"BreadcrumbList","@id":"https:\/\/acninternational.org\/es\/hinduistas-radicales-acusan-a-dos-religiosas-de-conversiones-ilegales-en-la-india\/#breadcrumb","itemListElement":[{"@type":"ListItem","position":1,"name":"Home","item":"https:\/\/acninternational.org\/es\/"},{"@type":"ListItem","position":2,"name":"NOTICIAS","item":"https:\/\/acninternational.org\/es\/category\/news-es\/"},{"@type":"ListItem","position":3,"name":"Hinduistas radicales acusan a dos religiosas de conversiones ilegales en la India"}]},{"@type":"WebSite","@id":"https:\/\/acninternational.org\/es\/#website","url":"https:\/\/acninternational.org\/es\/","name":"ACN International","description":"","publisher":{"@id":"https:\/\/acninternational.org\/es\/#organization"},"potentialAction":[{"@type":"SearchAction","target":{"@type":"EntryPoint","urlTemplate":"https:\/\/acninternational.org\/es\/?s={search_term_string}"},"query-input":{"@type":"PropertyValueSpecification","valueRequired":true,"valueName":"search_term_string"}}],"inLanguage":"es"},{"@type":"Organization","@id":"https:\/\/acninternational.org\/es\/#organization","name":"Aid to the Church in Need International","url":"https:\/\/acninternational.org\/es\/","logo":{"@type":"ImageObject","inLanguage":"es","@id":"https:\/\/acninternational.org\/es\/#\/schema\/logo\/image\/","url":"https:\/\/media.acninternational.org\/wp-content\/uploads\/2019\/11\/acn_logo_blackvector.svg","contentUrl":"https:\/\/media.acninternational.org\/wp-content\/uploads\/2019\/11\/acn_logo_blackvector.svg","width":232.6,"height":78,"caption":"Aid to the Church in Need International"},"image":{"@id":"https:\/\/acninternational.org\/es\/#\/schema\/logo\/image\/"},"sameAs":["https:\/\/www.facebook.com\/acninternationalorg","https:\/\/x.com\/acn_int","https:\/\/www.youtube.com\/channel\/UCQ-077gS0TnVzkhHmf1opZw","https:\/\/www.instagram.com\/acn_international\/"]},{"@type":"Person","@id":"https:\/\/acninternational.org\/es\/#\/schema\/person\/5a2b2930ad4475e0aa0dade4e51d9474","name":"Milena","description":"Lorem ipsum dolor sit amet, consectetur adipiscing elit, sed do eiusmod tempor incididunt ut labore et dolore magna aliqua. Ut enim ad minim veniam, quis nostrud exercitation ullamco laboris nisi ut aliquip ex ea commodo consequat.","url":"https:\/\/acninternational.org\/es\/author\/milena\/"}]}},"_links":{"self":[{"href":"https:\/\/acninternational.org\/es\/wp-json\/wp\/v2\/posts\/162649","targetHints":{"allow":["GET"]}}],"collection":[{"href":"https:\/\/acninternational.org\/es\/wp-json\/wp\/v2\/posts"}],"about":[{"href":"https:\/\/acninternational.org\/es\/wp-json\/wp\/v2\/types\/post"}],"author":[{"embeddable":true,"href":"https:\/\/acninternational.org\/es\/wp-json\/wp\/v2\/users\/66"}],"replies":[{"embeddable":true,"href":"https:\/\/acninternational.org\/es\/wp-json\/wp\/v2\/comments?post=162649"}],"version-history":[{"count":0,"href":"https:\/\/acninternational.org\/es\/wp-json\/wp\/v2\/posts\/162649\/revisions"}],"wp:featuredmedia":[{"embeddable":true,"href":"https:\/\/acninternational.org\/es\/wp-json\/wp\/v2\/media\/162647"}],"wp:attachment":[{"href":"https:\/\/acninternational.org\/es\/wp-json\/wp\/v2\/media?parent=162649"}],"wp:term":[{"taxonomy":"category","embeddable":true,"href":"https:\/\/acninternational.org\/es\/wp-json\/wp\/v2\/categories?post=162649"},{"taxonomy":"post_tag","embeddable":true,"href":"https:\/\/acninternational.org\/es\/wp-json\/wp\/v2\/tags?post=162649"},{"taxonomy":"country","embeddable":true,"href":"https:\/\/acninternational.org\/es\/wp-json\/wp\/v2\/country?post=162649"}],"curies":[{"name":"wp","href":"https:\/\/api.w.org\/{rel}","templated":true}]}}