{"id":161351,"date":"2021-11-10T10:14:16","date_gmt":"2021-11-10T09:14:16","guid":{"rendered":"https:\/\/acninternational.org\/?p=161351"},"modified":"2021-11-10T10:14:28","modified_gmt":"2021-11-10T09:14:28","slug":"acn-preocupada-por-el-peligro-que-corren-sacerdotes-y-religiosos-en-muchos-lugares-del-mundo","status":"publish","type":"post","link":"https:\/\/acninternational.org\/es\/acn-preocupada-por-el-peligro-que-corren-sacerdotes-y-religiosos-en-muchos-lugares-del-mundo\/","title":{"rendered":"ACN, preocupada por el peligro que corren sacerdotes y religiosos en muchos lugares del mundo"},"content":{"rendered":"<p>La fundaci\u00f3n pontificia Ayuda a la Iglesia Necesitada (ACN) est\u00e1 cada vez m\u00e1s preocupada por el peligro que corren sacerdotes, religiosos y misioneros laicos en muchas partes del mundo. En lo que va de 2021, los medios de comunicaci\u00f3n han informado de que al menos 17 de ellos han sido asesinados y 20 secuestrados.<\/p>\n<p>\u201cSer sacerdote o religioso no te hace inmune a la violencia\u201d, ha se\u00f1alado Thomas Heine-Geldern, presidente ejecutivo de ACN. \u201cAl rev\u00e9s: puede convertirte en objetivo preferente. A veces el motivo es econ\u00f3mico, ya sea un robo o un rescate, y otras veces los agresores quieren silenciar la voz prof\u00e9tica de la Iglesia, que denuncia la injusticia y la violencia. Pero tambi\u00e9n hay una creciente amenaza debido a la persecuci\u00f3n y la falta de libertad religiosa\u201d.<\/p>\n<p><img loading=\"lazy\" decoding=\"async\" class=\"aligncenter size-full wp-image-161339\" src=\"https:\/\/media.acninternational.org\/wp-content\/uploads\/2021\/11\/ACN-20210422-112223.jpeg\" alt=\"\" width=\"1600\" height=\"1200\" srcset=\"https:\/\/media.acninternational.org\/wp-content\/uploads\/2021\/11\/ACN-20210422-112223.jpeg 1600w, https:\/\/media.acninternational.org\/wp-content\/uploads\/2021\/11\/ACN-20210422-112223-300x225.jpeg 300w, https:\/\/media.acninternational.org\/wp-content\/uploads\/2021\/11\/ACN-20210422-112223-1024x768.jpeg 1024w, https:\/\/media.acninternational.org\/wp-content\/uploads\/2021\/11\/ACN-20210422-112223-768x576.jpeg 768w, https:\/\/media.acninternational.org\/wp-content\/uploads\/2021\/11\/ACN-20210422-112223-1536x1152.jpeg 1536w\" sizes=\"auto, (max-width: 1600px) 100vw, 1600px\" \/><\/p>\n<p>No hay lugar ni momento seguro: los sacerdotes y religiosos son atacados de d\u00eda y de noche, en sus casas y en las iglesias, en la calle o saliendo de un banco, caminando o viajando en un veh\u00edculo. Los hay que han sido v\u00edctimas de disparos, apu\u00f1alamientos, machetazos y algunos han sido asesinados a golpes.<\/p>\n<p><img loading=\"lazy\" decoding=\"async\" class=\"aligncenter size-full wp-image-161345\" src=\"https:\/\/media.acninternational.org\/wp-content\/uploads\/2021\/11\/ACN-20180228-68619.jpeg\" alt=\"\" width=\"960\" height=\"720\" srcset=\"https:\/\/media.acninternational.org\/wp-content\/uploads\/2021\/11\/ACN-20180228-68619.jpeg 960w, https:\/\/media.acninternational.org\/wp-content\/uploads\/2021\/11\/ACN-20180228-68619-300x225.jpeg 300w, https:\/\/media.acninternational.org\/wp-content\/uploads\/2021\/11\/ACN-20180228-68619-768x576.jpeg 768w\" sizes=\"auto, (max-width: 960px) 100vw, 960px\" \/><\/p>\n<p>ACN est\u00e1 especialmente alarmada por la situaci\u00f3n en Nigeria, donde se han producido dos de los asesinatos y siete de los secuestros arriba mencionados. Las circunstancias de los ataques var\u00edan mucho, valga como ejemplo el caso del padre Claretiano Izu Marcel Onyeocha, que tuvo lugar la noche del 10 de abril cuando se dirig\u00eda a Owerri, en el sur de Nigeria. Su veh\u00edculo sufri\u00f3 una aver\u00eda y al bajarse para comprobar lo que ocurr\u00eda, un grupo de presuntamente pastores fulani sali\u00f3 de la espesura y lo atac\u00f3 con machetes. A continuaci\u00f3n, fue secuestrado y puesto en libertad a los dos d\u00edas.<\/p>\n<p>M\u00e9xico tambi\u00e9n sufre un alto nivel de violencia, al menos tres sacerdotes y un catequista han sido asesinados en incidentes separados. En junio, el sacerdote franciscano P. Juan Antonio Orozco Alvarado fue asesinado cuando se dirig\u00eda a celebrar la santa misa en el pueblo de Tepehuana de Pajaritos, al quedar atrapado en el fuego cruzado entre bandas rivales.<\/p>\n<p>Estos secuestros y asesinatos se est\u00e1n produciendo en cada vez m\u00e1s pa\u00edses. Entre los que est\u00e1n Venezuela, Per\u00fa, Hait\u00ed, Filipinas, Angola, Burkina Faso, Sud\u00e1n del Sur, Uganda, Camer\u00fan y Mali. Incluso en Francia, considerado un pa\u00eds seguro, el P. Olivier Maire fue asesinado el 9 de agosto por un hombre al que hospedaba en la casa de los misioneros en Saint-Laurent-sur-S\u00e8vre y que estaba en espera de juicio por ser sospechoso del incendio provocado en la catedral de Nantes.<\/p>\n<p>\u201cCuando la seguridad es m\u00ednima y la situaci\u00f3n es fr\u00e1gil, todo el mundo abandona los lugares, pero los sacerdotes, religiosos y misioneros laicos cat\u00f3licos se quedan. Su dedicaci\u00f3n al servicio al pr\u00f3jimo los coloca en la l\u00ednea de fuego. Por ello, necesitan m\u00e1s que nunca nuestras oraciones y nuestro apoyo\u201d, concluye Thomas Heine-Geldern.<\/p>\n<p><img loading=\"lazy\" decoding=\"async\" class=\"aligncenter size-full wp-image-161333\" src=\"https:\/\/media.acninternational.org\/wp-content\/uploads\/2021\/11\/ACN-20211019-118347.jpeg\" alt=\"\" width=\"986\" height=\"704\" srcset=\"https:\/\/media.acninternational.org\/wp-content\/uploads\/2021\/11\/ACN-20211019-118347.jpeg 986w, https:\/\/media.acninternational.org\/wp-content\/uploads\/2021\/11\/ACN-20211019-118347-300x214.jpeg 300w, https:\/\/media.acninternational.org\/wp-content\/uploads\/2021\/11\/ACN-20211019-118347-768x548.jpeg 768w\" sizes=\"auto, (max-width: 986px) 100vw, 986px\" \/><\/p>\n<p><em>Del 17 al 24 de noviembre, ACN organiza la #RedWeek (#SemanaRoja). Durante esos d\u00edas, cientos de catedrales, iglesias, monumentos y edificios p\u00fablicos de todo el mundo estar\u00e1n iluminados de rojo, como parte de una campa\u00f1a internacional dirigida a concienciar acerca de la persecuci\u00f3n de los cristianos y de la necesidad de libertad religiosa.<\/em><\/p>\n","protected":false},"excerpt":{"rendered":"<p>La fundaci\u00f3n pontificia Ayuda a la Iglesia Necesitada (ACN) est\u00e1 cada vez m\u00e1s preocupada por el peligro que corren sacerdotes,<\/p>\n","protected":false},"author":4258341447,"featured_media":161327,"comment_status":"closed","ping_status":"closed","sticky":false,"template":"","format":"standard","meta":{"_acf_changed":false,"_acn_coauthor_ids":[],"footnotes":""},"categories":[746],"tags":[],"country":[],"class_list":["post-161351","post","type-post","status-publish","format-standard","has-post-thumbnail","hentry","category-noticias"],"acn_coauthors":[],"acf":[],"yoast_head":"<!-- This site is optimized with the Yoast SEO Premium plugin v27.3 (Yoast SEO v27.3) - https:\/\/yoast.com\/product\/yoast-seo-premium-wordpress\/ -->\n<title>ACN, preocupada por el peligro que corren sacerdotes y religiosos en muchos lugares del mundo | ACN International<\/title>\n<meta name=\"robots\" content=\"index, follow, max-snippet:-1, max-image-preview:large, max-video-preview:-1\" \/>\n<link rel=\"canonical\" href=\"https:\/\/acninternational.org\/es\/acn-preocupada-por-el-peligro-que-corren-sacerdotes-y-religiosos-en-muchos-lugares-del-mundo\/\" \/>\n<meta property=\"og:locale\" content=\"es_ES\" \/>\n<meta property=\"og:type\" content=\"article\" \/>\n<meta property=\"og:title\" content=\"ACN, preocupada por el peligro que corren sacerdotes y religiosos en muchos lugares del mundo\" \/>\n<meta property=\"og:description\" content=\"La fundaci\u00f3n pontificia Ayuda a la Iglesia Necesitada (ACN) est\u00e1 cada vez m\u00e1s preocupada por el peligro que corren sacerdotes,\" \/>\n<meta property=\"og:url\" content=\"https:\/\/acninternational.org\/es\/acn-preocupada-por-el-peligro-que-corren-sacerdotes-y-religiosos-en-muchos-lugares-del-mundo\/\" \/>\n<meta property=\"og:site_name\" content=\"ACN International\" \/>\n<meta property=\"article:publisher\" content=\"https:\/\/www.facebook.com\/acninternationalorg\" \/>\n<meta property=\"article:published_time\" content=\"2021-11-10T09:14:16+00:00\" \/>\n<meta property=\"article:modified_time\" content=\"2021-11-10T09:14:28+00:00\" \/>\n<meta property=\"og:image\" content=\"https:\/\/media.acninternational.org\/wp-content\/uploads\/2021\/11\/ACN-20190513-87682.jpeg\" \/>\n\t<meta property=\"og:image:width\" content=\"1920\" \/>\n\t<meta property=\"og:image:height\" content=\"1440\" \/>\n\t<meta property=\"og:image:type\" content=\"image\/jpeg\" \/>\n<meta name=\"author\" content=\"ACN Press Team\" \/>\n<meta name=\"twitter:card\" content=\"summary_large_image\" \/>\n<meta name=\"twitter:creator\" content=\"@acn_int\" \/>\n<meta name=\"twitter:site\" content=\"@acn_int\" \/>\n<meta name=\"twitter:label1\" content=\"Escrito por\" \/>\n\t<meta name=\"twitter:data1\" content=\"ACN Press Team\" \/>\n\t<meta name=\"twitter:label2\" content=\"Tiempo de lectura\" \/>\n\t<meta name=\"twitter:data2\" content=\"3 minutos\" \/>\n<script type=\"application\/ld+json\" class=\"yoast-schema-graph\">{\"@context\":\"https:\\\/\\\/schema.org\",\"@graph\":[{\"@type\":\"Article\",\"@id\":\"https:\\\/\\\/acninternational.org\\\/es\\\/acn-preocupada-por-el-peligro-que-corren-sacerdotes-y-religiosos-en-muchos-lugares-del-mundo\\\/#article\",\"isPartOf\":{\"@id\":\"https:\\\/\\\/acninternational.org\\\/es\\\/acn-preocupada-por-el-peligro-que-corren-sacerdotes-y-religiosos-en-muchos-lugares-del-mundo\\\/\"},\"author\":{\"name\":\"ACN Press Team\",\"@id\":\"https:\\\/\\\/acninternational.org\\\/es\\\/#\\\/schema\\\/person\\\/7f3dafb236b242fb2aa46be1411fd703\"},\"headline\":\"ACN, preocupada por el peligro que corren sacerdotes y religiosos en muchos lugares del mundo\",\"datePublished\":\"2021-11-10T09:14:16+00:00\",\"dateModified\":\"2021-11-10T09:14:28+00:00\",\"mainEntityOfPage\":{\"@id\":\"https:\\\/\\\/acninternational.org\\\/es\\\/acn-preocupada-por-el-peligro-que-corren-sacerdotes-y-religiosos-en-muchos-lugares-del-mundo\\\/\"},\"wordCount\":581,\"publisher\":{\"@id\":\"https:\\\/\\\/acninternational.org\\\/es\\\/#organization\"},\"image\":{\"@id\":\"https:\\\/\\\/acninternational.org\\\/es\\\/acn-preocupada-por-el-peligro-que-corren-sacerdotes-y-religiosos-en-muchos-lugares-del-mundo\\\/#primaryimage\"},\"thumbnailUrl\":\"https:\\\/\\\/media.acninternational.org\\\/wp-content\\\/uploads\\\/2021\\\/11\\\/ACN-20190513-87682.jpeg\",\"articleSection\":[\"NOTICIAS\"],\"inLanguage\":\"es\"},{\"@type\":\"WebPage\",\"@id\":\"https:\\\/\\\/acninternational.org\\\/es\\\/acn-preocupada-por-el-peligro-que-corren-sacerdotes-y-religiosos-en-muchos-lugares-del-mundo\\\/\",\"url\":\"https:\\\/\\\/acninternational.org\\\/es\\\/acn-preocupada-por-el-peligro-que-corren-sacerdotes-y-religiosos-en-muchos-lugares-del-mundo\\\/\",\"name\":\"ACN, preocupada por el peligro que corren sacerdotes y religiosos en muchos lugares del mundo | ACN International\",\"isPartOf\":{\"@id\":\"https:\\\/\\\/acninternational.org\\\/es\\\/#website\"},\"primaryImageOfPage\":{\"@id\":\"https:\\\/\\\/acninternational.org\\\/es\\\/acn-preocupada-por-el-peligro-que-corren-sacerdotes-y-religiosos-en-muchos-lugares-del-mundo\\\/#primaryimage\"},\"image\":{\"@id\":\"https:\\\/\\\/acninternational.org\\\/es\\\/acn-preocupada-por-el-peligro-que-corren-sacerdotes-y-religiosos-en-muchos-lugares-del-mundo\\\/#primaryimage\"},\"thumbnailUrl\":\"https:\\\/\\\/media.acninternational.org\\\/wp-content\\\/uploads\\\/2021\\\/11\\\/ACN-20190513-87682.jpeg\",\"datePublished\":\"2021-11-10T09:14:16+00:00\",\"dateModified\":\"2021-11-10T09:14:28+00:00\",\"breadcrumb\":{\"@id\":\"https:\\\/\\\/acninternational.org\\\/es\\\/acn-preocupada-por-el-peligro-que-corren-sacerdotes-y-religiosos-en-muchos-lugares-del-mundo\\\/#breadcrumb\"},\"inLanguage\":\"es\",\"potentialAction\":[{\"@type\":\"ReadAction\",\"target\":[\"https:\\\/\\\/acninternational.org\\\/es\\\/acn-preocupada-por-el-peligro-que-corren-sacerdotes-y-religiosos-en-muchos-lugares-del-mundo\\\/\"]}]},{\"@type\":\"ImageObject\",\"inLanguage\":\"es\",\"@id\":\"https:\\\/\\\/acninternational.org\\\/es\\\/acn-preocupada-por-el-peligro-que-corren-sacerdotes-y-religiosos-en-muchos-lugares-del-mundo\\\/#primaryimage\",\"url\":\"https:\\\/\\\/media.acninternational.org\\\/wp-content\\\/uploads\\\/2021\\\/11\\\/ACN-20190513-87682.jpeg\",\"contentUrl\":\"https:\\\/\\\/media.acninternational.org\\\/wp-content\\\/uploads\\\/2021\\\/11\\\/ACN-20190513-87682.jpeg\",\"width\":1920,\"height\":1440},{\"@type\":\"BreadcrumbList\",\"@id\":\"https:\\\/\\\/acninternational.org\\\/es\\\/acn-preocupada-por-el-peligro-que-corren-sacerdotes-y-religiosos-en-muchos-lugares-del-mundo\\\/#breadcrumb\",\"itemListElement\":[{\"@type\":\"ListItem\",\"position\":1,\"name\":\"Home\",\"item\":\"https:\\\/\\\/acninternational.org\\\/es\\\/\"},{\"@type\":\"ListItem\",\"position\":2,\"name\":\"NOTICIAS\",\"item\":\"https:\\\/\\\/acninternational.org\\\/es\\\/category\\\/noticias\\\/\"},{\"@type\":\"ListItem\",\"position\":3,\"name\":\"ACN, preocupada por el peligro que corren sacerdotes y religiosos en muchos lugares del mundo\"}]},{\"@type\":\"WebSite\",\"@id\":\"https:\\\/\\\/acninternational.org\\\/es\\\/#website\",\"url\":\"https:\\\/\\\/acninternational.org\\\/es\\\/\",\"name\":\"ACN International\",\"description\":\"\",\"publisher\":{\"@id\":\"https:\\\/\\\/acninternational.org\\\/es\\\/#organization\"},\"potentialAction\":[{\"@type\":\"SearchAction\",\"target\":{\"@type\":\"EntryPoint\",\"urlTemplate\":\"https:\\\/\\\/acninternational.org\\\/es\\\/?s={search_term_string}\"},\"query-input\":{\"@type\":\"PropertyValueSpecification\",\"valueRequired\":true,\"valueName\":\"search_term_string\"}}],\"inLanguage\":\"es\"},{\"@type\":\"Organization\",\"@id\":\"https:\\\/\\\/acninternational.org\\\/es\\\/#organization\",\"name\":\"Aid to the Church in Need International\",\"url\":\"https:\\\/\\\/acninternational.org\\\/es\\\/\",\"logo\":{\"@type\":\"ImageObject\",\"inLanguage\":\"es\",\"@id\":\"https:\\\/\\\/acninternational.org\\\/es\\\/#\\\/schema\\\/logo\\\/image\\\/\",\"url\":\"https:\\\/\\\/media.acninternational.org\\\/wp-content\\\/uploads\\\/2019\\\/11\\\/acn_logo_blackvector.svg\",\"contentUrl\":\"https:\\\/\\\/media.acninternational.org\\\/wp-content\\\/uploads\\\/2019\\\/11\\\/acn_logo_blackvector.svg\",\"width\":232.6,\"height\":78,\"caption\":\"Aid to the Church in Need International\"},\"image\":{\"@id\":\"https:\\\/\\\/acninternational.org\\\/es\\\/#\\\/schema\\\/logo\\\/image\\\/\"},\"sameAs\":[\"https:\\\/\\\/www.facebook.com\\\/acninternationalorg\",\"https:\\\/\\\/x.com\\\/acn_int\",\"https:\\\/\\\/www.youtube.com\\\/channel\\\/UCQ-077gS0TnVzkhHmf1opZw\",\"https:\\\/\\\/www.instagram.com\\\/acn_international\\\/\"]},{\"@type\":\"Person\",\"@id\":\"https:\\\/\\\/acninternational.org\\\/es\\\/#\\\/schema\\\/person\\\/7f3dafb236b242fb2aa46be1411fd703\",\"name\":\"ACN Press Team\",\"description\":\"Lorem ipsum dolor sit amet, consectetur adipiscing elit, sed do eiusmod tempor incididunt ut labore et dolore magna aliqua. Ut enim ad minim veniam, quis nostrud exercitation ullamco laboris nisi ut aliquip ex ea commodo consequat.\",\"url\":\"https:\\\/\\\/acninternational.org\\\/es\\\/author\\\/acn-press-team\\\/\"}]}<\/script>\n<!-- \/ Yoast SEO Premium plugin. -->","yoast_head_json":{"title":"ACN, preocupada por el peligro que corren sacerdotes y religiosos en muchos lugares del mundo | ACN International","robots":{"index":"index","follow":"follow","max-snippet":"max-snippet:-1","max-image-preview":"max-image-preview:large","max-video-preview":"max-video-preview:-1"},"canonical":"https:\/\/acninternational.org\/es\/acn-preocupada-por-el-peligro-que-corren-sacerdotes-y-religiosos-en-muchos-lugares-del-mundo\/","og_locale":"es_ES","og_type":"article","og_title":"ACN, preocupada por el peligro que corren sacerdotes y religiosos en muchos lugares del mundo","og_description":"La fundaci\u00f3n pontificia Ayuda a la Iglesia Necesitada (ACN) est\u00e1 cada vez m\u00e1s preocupada por el peligro que corren sacerdotes,","og_url":"https:\/\/acninternational.org\/es\/acn-preocupada-por-el-peligro-que-corren-sacerdotes-y-religiosos-en-muchos-lugares-del-mundo\/","og_site_name":"ACN International","article_publisher":"https:\/\/www.facebook.com\/acninternationalorg","article_published_time":"2021-11-10T09:14:16+00:00","article_modified_time":"2021-11-10T09:14:28+00:00","og_image":[{"width":1920,"height":1440,"url":"https:\/\/media.acninternational.org\/wp-content\/uploads\/2021\/11\/ACN-20190513-87682.jpeg","type":"image\/jpeg"}],"author":"ACN Press Team","twitter_card":"summary_large_image","twitter_creator":"@acn_int","twitter_site":"@acn_int","twitter_misc":{"Escrito por":"ACN Press Team","Tiempo de lectura":"3 minutos"},"schema":{"@context":"https:\/\/schema.org","@graph":[{"@type":"Article","@id":"https:\/\/acninternational.org\/es\/acn-preocupada-por-el-peligro-que-corren-sacerdotes-y-religiosos-en-muchos-lugares-del-mundo\/#article","isPartOf":{"@id":"https:\/\/acninternational.org\/es\/acn-preocupada-por-el-peligro-que-corren-sacerdotes-y-religiosos-en-muchos-lugares-del-mundo\/"},"author":{"name":"ACN Press Team","@id":"https:\/\/acninternational.org\/es\/#\/schema\/person\/7f3dafb236b242fb2aa46be1411fd703"},"headline":"ACN, preocupada por el peligro que corren sacerdotes y religiosos en muchos lugares del mundo","datePublished":"2021-11-10T09:14:16+00:00","dateModified":"2021-11-10T09:14:28+00:00","mainEntityOfPage":{"@id":"https:\/\/acninternational.org\/es\/acn-preocupada-por-el-peligro-que-corren-sacerdotes-y-religiosos-en-muchos-lugares-del-mundo\/"},"wordCount":581,"publisher":{"@id":"https:\/\/acninternational.org\/es\/#organization"},"image":{"@id":"https:\/\/acninternational.org\/es\/acn-preocupada-por-el-peligro-que-corren-sacerdotes-y-religiosos-en-muchos-lugares-del-mundo\/#primaryimage"},"thumbnailUrl":"https:\/\/media.acninternational.org\/wp-content\/uploads\/2021\/11\/ACN-20190513-87682.jpeg","articleSection":["NOTICIAS"],"inLanguage":"es"},{"@type":"WebPage","@id":"https:\/\/acninternational.org\/es\/acn-preocupada-por-el-peligro-que-corren-sacerdotes-y-religiosos-en-muchos-lugares-del-mundo\/","url":"https:\/\/acninternational.org\/es\/acn-preocupada-por-el-peligro-que-corren-sacerdotes-y-religiosos-en-muchos-lugares-del-mundo\/","name":"ACN, preocupada por el peligro que corren sacerdotes y religiosos en muchos lugares del mundo | ACN International","isPartOf":{"@id":"https:\/\/acninternational.org\/es\/#website"},"primaryImageOfPage":{"@id":"https:\/\/acninternational.org\/es\/acn-preocupada-por-el-peligro-que-corren-sacerdotes-y-religiosos-en-muchos-lugares-del-mundo\/#primaryimage"},"image":{"@id":"https:\/\/acninternational.org\/es\/acn-preocupada-por-el-peligro-que-corren-sacerdotes-y-religiosos-en-muchos-lugares-del-mundo\/#primaryimage"},"thumbnailUrl":"https:\/\/media.acninternational.org\/wp-content\/uploads\/2021\/11\/ACN-20190513-87682.jpeg","datePublished":"2021-11-10T09:14:16+00:00","dateModified":"2021-11-10T09:14:28+00:00","breadcrumb":{"@id":"https:\/\/acninternational.org\/es\/acn-preocupada-por-el-peligro-que-corren-sacerdotes-y-religiosos-en-muchos-lugares-del-mundo\/#breadcrumb"},"inLanguage":"es","potentialAction":[{"@type":"ReadAction","target":["https:\/\/acninternational.org\/es\/acn-preocupada-por-el-peligro-que-corren-sacerdotes-y-religiosos-en-muchos-lugares-del-mundo\/"]}]},{"@type":"ImageObject","inLanguage":"es","@id":"https:\/\/acninternational.org\/es\/acn-preocupada-por-el-peligro-que-corren-sacerdotes-y-religiosos-en-muchos-lugares-del-mundo\/#primaryimage","url":"https:\/\/media.acninternational.org\/wp-content\/uploads\/2021\/11\/ACN-20190513-87682.jpeg","contentUrl":"https:\/\/media.acninternational.org\/wp-content\/uploads\/2021\/11\/ACN-20190513-87682.jpeg","width":1920,"height":1440},{"@type":"BreadcrumbList","@id":"https:\/\/acninternational.org\/es\/acn-preocupada-por-el-peligro-que-corren-sacerdotes-y-religiosos-en-muchos-lugares-del-mundo\/#breadcrumb","itemListElement":[{"@type":"ListItem","position":1,"name":"Home","item":"https:\/\/acninternational.org\/es\/"},{"@type":"ListItem","position":2,"name":"NOTICIAS","item":"https:\/\/acninternational.org\/es\/category\/noticias\/"},{"@type":"ListItem","position":3,"name":"ACN, preocupada por el peligro que corren sacerdotes y religiosos en muchos lugares del mundo"}]},{"@type":"WebSite","@id":"https:\/\/acninternational.org\/es\/#website","url":"https:\/\/acninternational.org\/es\/","name":"ACN International","description":"","publisher":{"@id":"https:\/\/acninternational.org\/es\/#organization"},"potentialAction":[{"@type":"SearchAction","target":{"@type":"EntryPoint","urlTemplate":"https:\/\/acninternational.org\/es\/?s={search_term_string}"},"query-input":{"@type":"PropertyValueSpecification","valueRequired":true,"valueName":"search_term_string"}}],"inLanguage":"es"},{"@type":"Organization","@id":"https:\/\/acninternational.org\/es\/#organization","name":"Aid to the Church in Need International","url":"https:\/\/acninternational.org\/es\/","logo":{"@type":"ImageObject","inLanguage":"es","@id":"https:\/\/acninternational.org\/es\/#\/schema\/logo\/image\/","url":"https:\/\/media.acninternational.org\/wp-content\/uploads\/2019\/11\/acn_logo_blackvector.svg","contentUrl":"https:\/\/media.acninternational.org\/wp-content\/uploads\/2019\/11\/acn_logo_blackvector.svg","width":232.6,"height":78,"caption":"Aid to the Church in Need International"},"image":{"@id":"https:\/\/acninternational.org\/es\/#\/schema\/logo\/image\/"},"sameAs":["https:\/\/www.facebook.com\/acninternationalorg","https:\/\/x.com\/acn_int","https:\/\/www.youtube.com\/channel\/UCQ-077gS0TnVzkhHmf1opZw","https:\/\/www.instagram.com\/acn_international\/"]},{"@type":"Person","@id":"https:\/\/acninternational.org\/es\/#\/schema\/person\/7f3dafb236b242fb2aa46be1411fd703","name":"ACN Press Team","description":"Lorem ipsum dolor sit amet, consectetur adipiscing elit, sed do eiusmod tempor incididunt ut labore et dolore magna aliqua. Ut enim ad minim veniam, quis nostrud exercitation ullamco laboris nisi ut aliquip ex ea commodo consequat.","url":"https:\/\/acninternational.org\/es\/author\/acn-press-team\/"}]}},"_links":{"self":[{"href":"https:\/\/acninternational.org\/es\/wp-json\/wp\/v2\/posts\/161351","targetHints":{"allow":["GET"]}}],"collection":[{"href":"https:\/\/acninternational.org\/es\/wp-json\/wp\/v2\/posts"}],"about":[{"href":"https:\/\/acninternational.org\/es\/wp-json\/wp\/v2\/types\/post"}],"author":[{"embeddable":true,"href":"https:\/\/acninternational.org\/es\/wp-json\/wp\/v2\/users\/4258341447"}],"replies":[{"embeddable":true,"href":"https:\/\/acninternational.org\/es\/wp-json\/wp\/v2\/comments?post=161351"}],"version-history":[{"count":0,"href":"https:\/\/acninternational.org\/es\/wp-json\/wp\/v2\/posts\/161351\/revisions"}],"wp:featuredmedia":[{"embeddable":true,"href":"https:\/\/acninternational.org\/es\/wp-json\/wp\/v2\/media\/161327"}],"wp:attachment":[{"href":"https:\/\/acninternational.org\/es\/wp-json\/wp\/v2\/media?parent=161351"}],"wp:term":[{"taxonomy":"category","embeddable":true,"href":"https:\/\/acninternational.org\/es\/wp-json\/wp\/v2\/categories?post=161351"},{"taxonomy":"post_tag","embeddable":true,"href":"https:\/\/acninternational.org\/es\/wp-json\/wp\/v2\/tags?post=161351"},{"taxonomy":"country","embeddable":true,"href":"https:\/\/acninternational.org\/es\/wp-json\/wp\/v2\/country?post=161351"}],"curies":[{"name":"wp","href":"https:\/\/api.w.org\/{rel}","templated":true}]}}