{"id":159877,"date":"2021-10-04T15:12:51","date_gmt":"2021-10-04T13:12:51","guid":{"rendered":"https:\/\/acninternational.org\/?p=159877"},"modified":"2021-10-05T16:35:06","modified_gmt":"2021-10-05T14:35:06","slug":"la-iglesia-denuncia-el-lento-genocidio-de-los-cristianos-en-nigeria","status":"publish","type":"post","link":"https:\/\/acninternational.org\/es\/la-iglesia-denuncia-el-lento-genocidio-de-los-cristianos-en-nigeria\/","title":{"rendered":"La Iglesia denuncia el \u201clento genocidio\u201d de los cristianos en Nigeria"},"content":{"rendered":"<p><em>La Iglesia Cat\u00f3lica nigeriana afirma que los cristianos de su pa\u00eds son v\u00edctimas de un proceso de limpieza \u00e9tnica a manos de los musulmanes fulani con la complicidad del Estado.<\/em><\/p>\n<p>En un seminario en l\u00ednea organizado por Ayuda a la Iglesia Necesitada Internacional (ACN), varios ponentes, entre ellos un obispo y varios sacerdotes nigerianos, confirmaron que la violencia que viene asolando al pa\u00eds desde hace varios a\u00f1os no se debe \u00fanicamente a \u201cenfrentamientos\u201d por las tierras entre pastores musulmanes y agricultores cristianos.<\/p>\n<p>\u201cNo se trata solo de cuestiones de pastoreo. Para m\u00ed, esto es una guerra religiosa\u201d, afirma el Obispo de la Di\u00f3cesis de Makurdi en el estado de Benue, Mons. Wilfred Anagbe.<\/p>\n<p>\u201cTienen una agenda, que es la islamizaci\u00f3n de este pa\u00eds. Y lo est\u00e1n haciendo, eliminando cuidadosamente a todos los cristianos y ocupando sus territorios. Si se trata de pastoreo, \u00bfpor qu\u00e9 matar a la gente? \u00bfY por qu\u00e9 quemar sus casas?\u201d, se pregunta.<\/p>\n<p>Johan Viljoen, director del Denis Hurley Peace Institute de Sud\u00e1frica, organismo que trabaja para promover la paz, la democracia y la justicia y que est\u00e1 estudiando los ataques armados de los fulani en el sureste de Nigeria, habla de una \u201cocupaci\u00f3n concertada y bien planificada. Todo esto est\u00e1 ocurriendo bajo la cobertura de Miyetti Allah, de la que el presidente Buhari es el mecenas\u201d, dice, refiri\u00e9ndose a una organizaci\u00f3n que dice defender los derechos de los pastores fulani.<\/p>\n<p>La implicaci\u00f3n del Estado a alto nivel es una de las razones por las que las fuerzas armadas se han mostrado poco dispuestas a intervenir y controlar la violencia. \u201cNo creo que el Ej\u00e9rcito intente resolver nada. En todo caso, intentan fomentarlo\u201d, afirma Johan Viljoen, recordando una reciente misi\u00f3n de investigaci\u00f3n en Nigeria durante la cual los colaboradores de su instituto eran parados cada cinco kil\u00f3metros por soldados, todos ellos fulani, que actuaban de forma amenazante y apuntaban con sus armas. Tras a\u00f1os de violencia \u201cni un solo fulani ha sido juzgado por la violencia\u201d, a\u00f1ade.<\/p>\n<p><img loading=\"lazy\" decoding=\"async\" class=\"aligncenter wp-image-159807\" src=\"https:\/\/media.acninternational.org\/wp-content\/uploads\/2021\/10\/ACN-20211001-117508.jpeg\" alt=\"\" width=\"832\" height=\"549\" srcset=\"https:\/\/media.acninternational.org\/wp-content\/uploads\/2021\/10\/ACN-20211001-117508.jpeg 412w, https:\/\/media.acninternational.org\/wp-content\/uploads\/2021\/10\/ACN-20211001-117508-300x198.jpeg 300w\" sizes=\"auto, (max-width: 832px) 100vw, 832px\" \/><\/p>\n<p>Mons. Wilfred Anagbe subraya que las fuerzas armadas est\u00e1n bajo el control directo del presidente y, adem\u00e1s, \u201ctodos los jefes militares de la Marina, del Ej\u00e9rcito del Aire y de la Polic\u00eda son musulmanes\u201d.<\/p>\n<p>Seg\u00fan cifras oficiales, hay unos 3.000 muertos por esta ola de violencia de los \u00faltimos a\u00f1os, pero quienes viven sobre el terreno afirman que la cifra podr\u00eda ascender a 36.000, con muchas m\u00e1s personas desplazadas, indigentes y profundamente traumatizadas por sus experiencias. Mientras muchas ONG abandonan las zonas de peligro, la Iglesia cat\u00f3lica y sus instituciones -con las que ACN Internacional colabora estrechamente- son las \u00fanicas alternativas fiables para hacer llegar la ayuda a la gente necesitada.<\/p>\n<p>Los representantes de la Iglesia piden a Occidente que ayude con el suministro de ayuda, pero tambi\u00e9n de otra manera: \u201cHay que cambiar el discurso, no se puede seguir la narrativa del gobierno de Nigeria\u201d, dice el P. Remigius Ihyula, tambi\u00e9n de la di\u00f3cesis de Makurdi. \u201cHan colocado a protegidos en las embajadas de todo el mundo, para que estos difundan la mentira de que no pasa nada\u201d, se queja durante el seminario organizado por ACN.<\/p>\n<p><img loading=\"lazy\" decoding=\"async\" class=\"aligncenter size-large wp-image-159819\" src=\"https:\/\/media.acninternational.org\/wp-content\/uploads\/2021\/10\/ACN-20211001-117503-1024x768.jpeg\" alt=\"\" width=\"800\" height=\"600\" srcset=\"https:\/\/media.acninternational.org\/wp-content\/uploads\/2021\/10\/ACN-20211001-117503-1024x768.jpeg 1024w, https:\/\/media.acninternational.org\/wp-content\/uploads\/2021\/10\/ACN-20211001-117503-300x225.jpeg 300w, https:\/\/media.acninternational.org\/wp-content\/uploads\/2021\/10\/ACN-20211001-117503-768x576.jpeg 768w, https:\/\/media.acninternational.org\/wp-content\/uploads\/2021\/10\/ACN-20211001-117503.jpeg 1493w\" sizes=\"auto, (max-width: 800px) 100vw, 800px\" \/><\/p>\n<p>El P. Joseph Fidelis de la di\u00f3cesis de Maiduguri explic\u00f3 que es irritante o\u00edr hablar de \u201cenfrentamientos\u201d o \u201cconflictos\u201d entre grupos opuestos. \u201cNo es un enfrentamiento, es un lento genocidio. Desplazar a las personas de sus tierras ancestral, privarlas de sus medios de vida y masacrarlas es una forma de genocidio\u201d.<\/p>\n<p><img loading=\"lazy\" decoding=\"async\" class=\"aligncenter size-large wp-image-159813\" src=\"https:\/\/media.acninternational.org\/wp-content\/uploads\/2021\/10\/ACN-20211001-117504-1024x812.jpeg\" alt=\"\" width=\"800\" height=\"634\" srcset=\"https:\/\/media.acninternational.org\/wp-content\/uploads\/2021\/10\/ACN-20211001-117504-1024x812.jpeg 1024w, https:\/\/media.acninternational.org\/wp-content\/uploads\/2021\/10\/ACN-20211001-117504-300x238.jpeg 300w, https:\/\/media.acninternational.org\/wp-content\/uploads\/2021\/10\/ACN-20211001-117504-768x609.jpeg 768w, https:\/\/media.acninternational.org\/wp-content\/uploads\/2021\/10\/ACN-20211001-117504.jpeg 1457w\" sizes=\"auto, (max-width: 800px) 100vw, 800px\" \/><\/p>\n<p>Nigeria es el pa\u00eds m\u00e1s poblado de \u00c1frica. No hay cifras oficiales, pero se estima que en este pa\u00eds hay tantos musulmanes como cristianos: los primeros dominan en el norte y los segundos, en el sur. La violencia se ha extendido por todo el pa\u00eds, amenazando la estabilidad en toda la naci\u00f3n.<\/p>\n","protected":false},"excerpt":{"rendered":"<p>La Iglesia Cat\u00f3lica nigeriana afirma que los cristianos de su pa\u00eds son v\u00edctimas de un proceso de limpieza \u00e9tnica a<\/p>\n","protected":false},"author":4258341447,"featured_media":159801,"comment_status":"closed","ping_status":"closed","sticky":false,"template":"","format":"standard","meta":{"_acf_changed":false,"_acn_coauthor_ids":[],"footnotes":""},"categories":[237],"tags":[],"country":[],"class_list":["post-159877","post","type-post","status-publish","format-standard","has-post-thumbnail","hentry","category-sin-categorizar"],"acn_coauthors":[],"acf":[],"yoast_head":"<!-- This site is optimized with the Yoast SEO Premium plugin v27.3 (Yoast SEO v27.3) - https:\/\/yoast.com\/product\/yoast-seo-premium-wordpress\/ -->\n<title>La Iglesia denuncia el \u201clento genocidio\u201d de los cristianos en Nigeria | ACN International<\/title>\n<meta name=\"robots\" content=\"index, follow, max-snippet:-1, max-image-preview:large, max-video-preview:-1\" \/>\n<link rel=\"canonical\" href=\"https:\/\/acninternational.org\/es\/la-iglesia-denuncia-el-lento-genocidio-de-los-cristianos-en-nigeria\/\" \/>\n<meta property=\"og:locale\" content=\"es_ES\" \/>\n<meta property=\"og:type\" content=\"article\" \/>\n<meta property=\"og:title\" content=\"La Iglesia denuncia el \u201clento genocidio\u201d de los cristianos en Nigeria\" \/>\n<meta property=\"og:description\" content=\"La Iglesia Cat\u00f3lica nigeriana afirma que los cristianos de su pa\u00eds son v\u00edctimas de un proceso de limpieza \u00e9tnica a\" \/>\n<meta property=\"og:url\" content=\"https:\/\/acninternational.org\/es\/la-iglesia-denuncia-el-lento-genocidio-de-los-cristianos-en-nigeria\/\" \/>\n<meta property=\"og:site_name\" content=\"ACN International\" \/>\n<meta property=\"article:publisher\" content=\"https:\/\/www.facebook.com\/acninternationalorg\" \/>\n<meta property=\"article:published_time\" content=\"2021-10-04T13:12:51+00:00\" \/>\n<meta property=\"article:modified_time\" content=\"2021-10-05T14:35:06+00:00\" \/>\n<meta property=\"og:image\" content=\"https:\/\/media.acninternational.org\/wp-content\/uploads\/2021\/10\/ACN-20211001-117505.jpeg\" \/>\n\t<meta property=\"og:image:width\" content=\"780\" \/>\n\t<meta property=\"og:image:height\" content=\"438\" \/>\n\t<meta property=\"og:image:type\" content=\"image\/jpeg\" \/>\n<meta name=\"author\" content=\"ACN Press Team\" \/>\n<meta name=\"twitter:card\" content=\"summary_large_image\" \/>\n<meta name=\"twitter:creator\" content=\"@acn_int\" \/>\n<meta name=\"twitter:site\" content=\"@acn_int\" \/>\n<meta name=\"twitter:label1\" content=\"Escrito por\" \/>\n\t<meta name=\"twitter:data1\" content=\"ACN Press Team\" \/>\n\t<meta name=\"twitter:label2\" content=\"Tiempo de lectura\" \/>\n\t<meta name=\"twitter:data2\" content=\"4 minutos\" \/>\n<script type=\"application\/ld+json\" class=\"yoast-schema-graph\">{\"@context\":\"https:\\\/\\\/schema.org\",\"@graph\":[{\"@type\":\"Article\",\"@id\":\"https:\\\/\\\/acninternational.org\\\/es\\\/la-iglesia-denuncia-el-lento-genocidio-de-los-cristianos-en-nigeria\\\/#article\",\"isPartOf\":{\"@id\":\"https:\\\/\\\/acninternational.org\\\/es\\\/la-iglesia-denuncia-el-lento-genocidio-de-los-cristianos-en-nigeria\\\/\"},\"author\":{\"name\":\"ACN Press Team\",\"@id\":\"https:\\\/\\\/acninternational.org\\\/es\\\/#\\\/schema\\\/person\\\/7f3dafb236b242fb2aa46be1411fd703\"},\"headline\":\"La Iglesia denuncia el \u201clento genocidio\u201d de los cristianos en Nigeria\",\"datePublished\":\"2021-10-04T13:12:51+00:00\",\"dateModified\":\"2021-10-05T14:35:06+00:00\",\"mainEntityOfPage\":{\"@id\":\"https:\\\/\\\/acninternational.org\\\/es\\\/la-iglesia-denuncia-el-lento-genocidio-de-los-cristianos-en-nigeria\\\/\"},\"wordCount\":669,\"publisher\":{\"@id\":\"https:\\\/\\\/acninternational.org\\\/es\\\/#organization\"},\"image\":{\"@id\":\"https:\\\/\\\/acninternational.org\\\/es\\\/la-iglesia-denuncia-el-lento-genocidio-de-los-cristianos-en-nigeria\\\/#primaryimage\"},\"thumbnailUrl\":\"https:\\\/\\\/media.acninternational.org\\\/wp-content\\\/uploads\\\/2021\\\/10\\\/ACN-20211001-117505.jpeg\",\"articleSection\":[\"Sin categorizar\"],\"inLanguage\":\"es\"},{\"@type\":\"WebPage\",\"@id\":\"https:\\\/\\\/acninternational.org\\\/es\\\/la-iglesia-denuncia-el-lento-genocidio-de-los-cristianos-en-nigeria\\\/\",\"url\":\"https:\\\/\\\/acninternational.org\\\/es\\\/la-iglesia-denuncia-el-lento-genocidio-de-los-cristianos-en-nigeria\\\/\",\"name\":\"La Iglesia denuncia el \u201clento genocidio\u201d de los cristianos en Nigeria | ACN International\",\"isPartOf\":{\"@id\":\"https:\\\/\\\/acninternational.org\\\/es\\\/#website\"},\"primaryImageOfPage\":{\"@id\":\"https:\\\/\\\/acninternational.org\\\/es\\\/la-iglesia-denuncia-el-lento-genocidio-de-los-cristianos-en-nigeria\\\/#primaryimage\"},\"image\":{\"@id\":\"https:\\\/\\\/acninternational.org\\\/es\\\/la-iglesia-denuncia-el-lento-genocidio-de-los-cristianos-en-nigeria\\\/#primaryimage\"},\"thumbnailUrl\":\"https:\\\/\\\/media.acninternational.org\\\/wp-content\\\/uploads\\\/2021\\\/10\\\/ACN-20211001-117505.jpeg\",\"datePublished\":\"2021-10-04T13:12:51+00:00\",\"dateModified\":\"2021-10-05T14:35:06+00:00\",\"breadcrumb\":{\"@id\":\"https:\\\/\\\/acninternational.org\\\/es\\\/la-iglesia-denuncia-el-lento-genocidio-de-los-cristianos-en-nigeria\\\/#breadcrumb\"},\"inLanguage\":\"es\",\"potentialAction\":[{\"@type\":\"ReadAction\",\"target\":[\"https:\\\/\\\/acninternational.org\\\/es\\\/la-iglesia-denuncia-el-lento-genocidio-de-los-cristianos-en-nigeria\\\/\"]}]},{\"@type\":\"ImageObject\",\"inLanguage\":\"es\",\"@id\":\"https:\\\/\\\/acninternational.org\\\/es\\\/la-iglesia-denuncia-el-lento-genocidio-de-los-cristianos-en-nigeria\\\/#primaryimage\",\"url\":\"https:\\\/\\\/media.acninternational.org\\\/wp-content\\\/uploads\\\/2021\\\/10\\\/ACN-20211001-117505.jpeg\",\"contentUrl\":\"https:\\\/\\\/media.acninternational.org\\\/wp-content\\\/uploads\\\/2021\\\/10\\\/ACN-20211001-117505.jpeg\",\"width\":780,\"height\":438},{\"@type\":\"BreadcrumbList\",\"@id\":\"https:\\\/\\\/acninternational.org\\\/es\\\/la-iglesia-denuncia-el-lento-genocidio-de-los-cristianos-en-nigeria\\\/#breadcrumb\",\"itemListElement\":[{\"@type\":\"ListItem\",\"position\":1,\"name\":\"Home\",\"item\":\"https:\\\/\\\/acninternational.org\\\/es\\\/\"},{\"@type\":\"ListItem\",\"position\":2,\"name\":\"NOTICIAS\",\"item\":\"https:\\\/\\\/acninternational.org\\\/es\\\/category\\\/news-es\\\/\"},{\"@type\":\"ListItem\",\"position\":3,\"name\":\"La Iglesia denuncia el \u201clento genocidio\u201d de los cristianos en Nigeria\"}]},{\"@type\":\"WebSite\",\"@id\":\"https:\\\/\\\/acninternational.org\\\/es\\\/#website\",\"url\":\"https:\\\/\\\/acninternational.org\\\/es\\\/\",\"name\":\"ACN International\",\"description\":\"\",\"publisher\":{\"@id\":\"https:\\\/\\\/acninternational.org\\\/es\\\/#organization\"},\"potentialAction\":[{\"@type\":\"SearchAction\",\"target\":{\"@type\":\"EntryPoint\",\"urlTemplate\":\"https:\\\/\\\/acninternational.org\\\/es\\\/?s={search_term_string}\"},\"query-input\":{\"@type\":\"PropertyValueSpecification\",\"valueRequired\":true,\"valueName\":\"search_term_string\"}}],\"inLanguage\":\"es\"},{\"@type\":\"Organization\",\"@id\":\"https:\\\/\\\/acninternational.org\\\/es\\\/#organization\",\"name\":\"Aid to the Church in Need International\",\"url\":\"https:\\\/\\\/acninternational.org\\\/es\\\/\",\"logo\":{\"@type\":\"ImageObject\",\"inLanguage\":\"es\",\"@id\":\"https:\\\/\\\/acninternational.org\\\/es\\\/#\\\/schema\\\/logo\\\/image\\\/\",\"url\":\"https:\\\/\\\/media.acninternational.org\\\/wp-content\\\/uploads\\\/2019\\\/11\\\/acn_logo_blackvector.svg\",\"contentUrl\":\"https:\\\/\\\/media.acninternational.org\\\/wp-content\\\/uploads\\\/2019\\\/11\\\/acn_logo_blackvector.svg\",\"width\":232.6,\"height\":78,\"caption\":\"Aid to the Church in Need International\"},\"image\":{\"@id\":\"https:\\\/\\\/acninternational.org\\\/es\\\/#\\\/schema\\\/logo\\\/image\\\/\"},\"sameAs\":[\"https:\\\/\\\/www.facebook.com\\\/acninternationalorg\",\"https:\\\/\\\/x.com\\\/acn_int\",\"https:\\\/\\\/www.youtube.com\\\/channel\\\/UCQ-077gS0TnVzkhHmf1opZw\",\"https:\\\/\\\/www.instagram.com\\\/acn_international\\\/\"]},{\"@type\":\"Person\",\"@id\":\"https:\\\/\\\/acninternational.org\\\/es\\\/#\\\/schema\\\/person\\\/7f3dafb236b242fb2aa46be1411fd703\",\"name\":\"ACN Press Team\",\"description\":\"Lorem ipsum dolor sit amet, consectetur adipiscing elit, sed do eiusmod tempor incididunt ut labore et dolore magna aliqua. Ut enim ad minim veniam, quis nostrud exercitation ullamco laboris nisi ut aliquip ex ea commodo consequat.\",\"url\":\"https:\\\/\\\/acninternational.org\\\/es\\\/author\\\/acn-press-team\\\/\"}]}<\/script>\n<!-- \/ Yoast SEO Premium plugin. -->","yoast_head_json":{"title":"La Iglesia denuncia el \u201clento genocidio\u201d de los cristianos en Nigeria | ACN International","robots":{"index":"index","follow":"follow","max-snippet":"max-snippet:-1","max-image-preview":"max-image-preview:large","max-video-preview":"max-video-preview:-1"},"canonical":"https:\/\/acninternational.org\/es\/la-iglesia-denuncia-el-lento-genocidio-de-los-cristianos-en-nigeria\/","og_locale":"es_ES","og_type":"article","og_title":"La Iglesia denuncia el \u201clento genocidio\u201d de los cristianos en Nigeria","og_description":"La Iglesia Cat\u00f3lica nigeriana afirma que los cristianos de su pa\u00eds son v\u00edctimas de un proceso de limpieza \u00e9tnica a","og_url":"https:\/\/acninternational.org\/es\/la-iglesia-denuncia-el-lento-genocidio-de-los-cristianos-en-nigeria\/","og_site_name":"ACN International","article_publisher":"https:\/\/www.facebook.com\/acninternationalorg","article_published_time":"2021-10-04T13:12:51+00:00","article_modified_time":"2021-10-05T14:35:06+00:00","og_image":[{"width":780,"height":438,"url":"https:\/\/media.acninternational.org\/wp-content\/uploads\/2021\/10\/ACN-20211001-117505.jpeg","type":"image\/jpeg"}],"author":"ACN Press Team","twitter_card":"summary_large_image","twitter_creator":"@acn_int","twitter_site":"@acn_int","twitter_misc":{"Escrito por":"ACN Press Team","Tiempo de lectura":"4 minutos"},"schema":{"@context":"https:\/\/schema.org","@graph":[{"@type":"Article","@id":"https:\/\/acninternational.org\/es\/la-iglesia-denuncia-el-lento-genocidio-de-los-cristianos-en-nigeria\/#article","isPartOf":{"@id":"https:\/\/acninternational.org\/es\/la-iglesia-denuncia-el-lento-genocidio-de-los-cristianos-en-nigeria\/"},"author":{"name":"ACN Press Team","@id":"https:\/\/acninternational.org\/es\/#\/schema\/person\/7f3dafb236b242fb2aa46be1411fd703"},"headline":"La Iglesia denuncia el \u201clento genocidio\u201d de los cristianos en Nigeria","datePublished":"2021-10-04T13:12:51+00:00","dateModified":"2021-10-05T14:35:06+00:00","mainEntityOfPage":{"@id":"https:\/\/acninternational.org\/es\/la-iglesia-denuncia-el-lento-genocidio-de-los-cristianos-en-nigeria\/"},"wordCount":669,"publisher":{"@id":"https:\/\/acninternational.org\/es\/#organization"},"image":{"@id":"https:\/\/acninternational.org\/es\/la-iglesia-denuncia-el-lento-genocidio-de-los-cristianos-en-nigeria\/#primaryimage"},"thumbnailUrl":"https:\/\/media.acninternational.org\/wp-content\/uploads\/2021\/10\/ACN-20211001-117505.jpeg","articleSection":["Sin categorizar"],"inLanguage":"es"},{"@type":"WebPage","@id":"https:\/\/acninternational.org\/es\/la-iglesia-denuncia-el-lento-genocidio-de-los-cristianos-en-nigeria\/","url":"https:\/\/acninternational.org\/es\/la-iglesia-denuncia-el-lento-genocidio-de-los-cristianos-en-nigeria\/","name":"La Iglesia denuncia el \u201clento genocidio\u201d de los cristianos en Nigeria | ACN International","isPartOf":{"@id":"https:\/\/acninternational.org\/es\/#website"},"primaryImageOfPage":{"@id":"https:\/\/acninternational.org\/es\/la-iglesia-denuncia-el-lento-genocidio-de-los-cristianos-en-nigeria\/#primaryimage"},"image":{"@id":"https:\/\/acninternational.org\/es\/la-iglesia-denuncia-el-lento-genocidio-de-los-cristianos-en-nigeria\/#primaryimage"},"thumbnailUrl":"https:\/\/media.acninternational.org\/wp-content\/uploads\/2021\/10\/ACN-20211001-117505.jpeg","datePublished":"2021-10-04T13:12:51+00:00","dateModified":"2021-10-05T14:35:06+00:00","breadcrumb":{"@id":"https:\/\/acninternational.org\/es\/la-iglesia-denuncia-el-lento-genocidio-de-los-cristianos-en-nigeria\/#breadcrumb"},"inLanguage":"es","potentialAction":[{"@type":"ReadAction","target":["https:\/\/acninternational.org\/es\/la-iglesia-denuncia-el-lento-genocidio-de-los-cristianos-en-nigeria\/"]}]},{"@type":"ImageObject","inLanguage":"es","@id":"https:\/\/acninternational.org\/es\/la-iglesia-denuncia-el-lento-genocidio-de-los-cristianos-en-nigeria\/#primaryimage","url":"https:\/\/media.acninternational.org\/wp-content\/uploads\/2021\/10\/ACN-20211001-117505.jpeg","contentUrl":"https:\/\/media.acninternational.org\/wp-content\/uploads\/2021\/10\/ACN-20211001-117505.jpeg","width":780,"height":438},{"@type":"BreadcrumbList","@id":"https:\/\/acninternational.org\/es\/la-iglesia-denuncia-el-lento-genocidio-de-los-cristianos-en-nigeria\/#breadcrumb","itemListElement":[{"@type":"ListItem","position":1,"name":"Home","item":"https:\/\/acninternational.org\/es\/"},{"@type":"ListItem","position":2,"name":"NOTICIAS","item":"https:\/\/acninternational.org\/es\/category\/news-es\/"},{"@type":"ListItem","position":3,"name":"La Iglesia denuncia el \u201clento genocidio\u201d de los cristianos en Nigeria"}]},{"@type":"WebSite","@id":"https:\/\/acninternational.org\/es\/#website","url":"https:\/\/acninternational.org\/es\/","name":"ACN International","description":"","publisher":{"@id":"https:\/\/acninternational.org\/es\/#organization"},"potentialAction":[{"@type":"SearchAction","target":{"@type":"EntryPoint","urlTemplate":"https:\/\/acninternational.org\/es\/?s={search_term_string}"},"query-input":{"@type":"PropertyValueSpecification","valueRequired":true,"valueName":"search_term_string"}}],"inLanguage":"es"},{"@type":"Organization","@id":"https:\/\/acninternational.org\/es\/#organization","name":"Aid to the Church in Need International","url":"https:\/\/acninternational.org\/es\/","logo":{"@type":"ImageObject","inLanguage":"es","@id":"https:\/\/acninternational.org\/es\/#\/schema\/logo\/image\/","url":"https:\/\/media.acninternational.org\/wp-content\/uploads\/2019\/11\/acn_logo_blackvector.svg","contentUrl":"https:\/\/media.acninternational.org\/wp-content\/uploads\/2019\/11\/acn_logo_blackvector.svg","width":232.6,"height":78,"caption":"Aid to the Church in Need International"},"image":{"@id":"https:\/\/acninternational.org\/es\/#\/schema\/logo\/image\/"},"sameAs":["https:\/\/www.facebook.com\/acninternationalorg","https:\/\/x.com\/acn_int","https:\/\/www.youtube.com\/channel\/UCQ-077gS0TnVzkhHmf1opZw","https:\/\/www.instagram.com\/acn_international\/"]},{"@type":"Person","@id":"https:\/\/acninternational.org\/es\/#\/schema\/person\/7f3dafb236b242fb2aa46be1411fd703","name":"ACN Press Team","description":"Lorem ipsum dolor sit amet, consectetur adipiscing elit, sed do eiusmod tempor incididunt ut labore et dolore magna aliqua. Ut enim ad minim veniam, quis nostrud exercitation ullamco laboris nisi ut aliquip ex ea commodo consequat.","url":"https:\/\/acninternational.org\/es\/author\/acn-press-team\/"}]}},"_links":{"self":[{"href":"https:\/\/acninternational.org\/es\/wp-json\/wp\/v2\/posts\/159877","targetHints":{"allow":["GET"]}}],"collection":[{"href":"https:\/\/acninternational.org\/es\/wp-json\/wp\/v2\/posts"}],"about":[{"href":"https:\/\/acninternational.org\/es\/wp-json\/wp\/v2\/types\/post"}],"author":[{"embeddable":true,"href":"https:\/\/acninternational.org\/es\/wp-json\/wp\/v2\/users\/4258341447"}],"replies":[{"embeddable":true,"href":"https:\/\/acninternational.org\/es\/wp-json\/wp\/v2\/comments?post=159877"}],"version-history":[{"count":0,"href":"https:\/\/acninternational.org\/es\/wp-json\/wp\/v2\/posts\/159877\/revisions"}],"wp:featuredmedia":[{"embeddable":true,"href":"https:\/\/acninternational.org\/es\/wp-json\/wp\/v2\/media\/159801"}],"wp:attachment":[{"href":"https:\/\/acninternational.org\/es\/wp-json\/wp\/v2\/media?parent=159877"}],"wp:term":[{"taxonomy":"category","embeddable":true,"href":"https:\/\/acninternational.org\/es\/wp-json\/wp\/v2\/categories?post=159877"},{"taxonomy":"post_tag","embeddable":true,"href":"https:\/\/acninternational.org\/es\/wp-json\/wp\/v2\/tags?post=159877"},{"taxonomy":"country","embeddable":true,"href":"https:\/\/acninternational.org\/es\/wp-json\/wp\/v2\/country?post=159877"}],"curies":[{"name":"wp","href":"https:\/\/api.w.org\/{rel}","templated":true}]}}